{"id":240813,"date":"2023-10-15T07:35:32","date_gmt":"2023-10-15T10:35:32","guid":{"rendered":"https:\/\/diariotextual.com\/inicio\/?p=240813"},"modified":"2023-10-16T10:16:57","modified_gmt":"2023-10-16T13:16:57","slug":"massa-y-la-corrida-seguiran-los-allanamientos-y-tiene-que-haber-carcel","status":"publish","type":"post","link":"https:\/\/diariotextual.com\/inicio\/index.php\/2023\/10\/15\/massa-y-la-corrida-seguiran-los-allanamientos-y-tiene-que-haber-carcel\/","title":{"rendered":"Massa y la corrida: \u201cSeguir\u00e1n los allanamientos y tiene que haber c\u00e1rcel\u201d"},"content":{"rendered":"\n<p>El ministro de Econom\u00eda y candidato a presidente por Uni\u00f3n por la Patria (UxP), Sergio Massa, pidi\u00f3 que en las pr\u00f3ximas elecciones los argentinos \u201cvayan con esperanza a la urna\u201d y \u201cagarren la boleta que tiene la bandera celeste y blanca\u201d y, por otro lado, sostuvo que seguir\u00e1n los allanamientos por la corrida que llev\u00f3 al d\u00f3lar blue a m\u00e1s de 1000 pesos.<\/p>\n\n\n\n<p>\u201cEspero que los argentinos vayan con esperanza a la urna y que no voten con odio o enojo y agarren la boleta que tiene la bandera celeste y blanca. La bandera celeste y blanca por sobre todas las cosas\u201d, dijo Massa en declaraciones al canal C5N cuando se retiraba de grabar el programa \u201cLa noche de Mirtha\u201d, que conduce Mirtha Legrand, que se emitir\u00e1 este domingo por Canal 13.<\/p>\n\n\n\n<p>Acompa\u00f1ado por su esposa y titular de AySA, Malena Galmarini, brome\u00f3 al decir que \u201cconvenci\u00f3\u201d a Legrand de votarlo.<\/p>\n\n\n\n<p>\u201cUn poco yo y otro poco Moria, creo que la convencimos a Mirtha\u201d, sostuvo en alusi\u00f3n a Cas\u00e1n, quien tambi\u00e9n comparti\u00f3 la grabaci\u00f3n del programa. \u201cVamos a poner en marcha un pa\u00eds donde el trabajo, la producci\u00f3n y la educaci\u00f3n sean los valores centrales\u201d, sostuvo.<\/p>\n\n\n\n<p>Por otra parte, se refiri\u00f3 a los allanamientos y detenciones realizadas en los \u00faltimos d\u00edas por compraventa ilegal de divisas. \u201cYa hubo seis detenciones. El lunes y martes de la semana que viene van a seguir los allanamientos y habr\u00e1 prohibiciones para salir del pa\u00eds\u201d, dijo.<\/p>\n\n\n\n<p>\u201cM\u00e1s all\u00e1 de lo que representa la cuesti\u00f3n medi\u00e1tica, lo que tiene que haber es c\u00e1rcel y ejemplificaci\u00f3n sobre la gente que especula contra el ahorro de las y los argentinos\u201d, expres\u00f3.<\/p>\n\n\n\n<p><\/p>\n","protected":false},"excerpt":{"rendered":"<p>El ministro de Econom\u00eda y candidato a presidente por Uni\u00f3n por la Patria (UxP), Sergio Massa, pidi\u00f3 que en las pr\u00f3ximas elecciones los argentinos \u201cvayan con esperanza a la urna\u201d&hellip;<\/p>\n","protected":false},"author":3,"featured_media":240814,"comment_status":"closed","ping_status":"open","sticky":false,"template":"","format":"standard","meta":{"_acf_changed":false,"footnotes":""},"categories":[11,8],"tags":[],"class_list":["post-240813","post","type-post","status-publish","format-standard","has-post-thumbnail","hentry","category-que-pasa","category-politica"],"acf":[],"yoast_head":"<!-- This site is optimized with the Yoast SEO plugin v27.5 - https:\/\/yoast.com\/product\/yoast-seo-wordpress\/ -->\n<title>Massa y la corrida: \u201cSeguir\u00e1n los allanamientos y tiene que haber c\u00e1rcel\u201d - Diario Textual<\/title>\n<meta name=\"robots\" content=\"index, follow, max-snippet:-1, max-image-preview:large, max-video-preview:-1\" \/>\n<link rel=\"canonical\" href=\"https:\/\/diariotextual.com\/inicio\/index.php\/2023\/10\/15\/massa-y-la-corrida-seguiran-los-allanamientos-y-tiene-que-haber-carcel\/\" \/>\n<meta property=\"og:locale\" content=\"es_ES\" \/>\n<meta property=\"og:type\" content=\"article\" \/>\n<meta property=\"og:title\" content=\"Massa y la corrida: \u201cSeguir\u00e1n los allanamientos y tiene que haber c\u00e1rcel\u201d - Diario Textual\" \/>\n<meta property=\"og:description\" content=\"El ministro de Econom\u00eda y candidato a presidente por Uni\u00f3n por la Patria (UxP), Sergio Massa, pidi\u00f3 que en las pr\u00f3ximas elecciones los argentinos \u201cvayan con esperanza a la urna\u201d&hellip;\" \/>\n<meta property=\"og:url\" content=\"https:\/\/diariotextual.com\/inicio\/index.php\/2023\/10\/15\/massa-y-la-corrida-seguiran-los-allanamientos-y-tiene-que-haber-carcel\/\" \/>\n<meta property=\"og:site_name\" content=\"Diario Textual\" \/>\n<meta property=\"article:publisher\" content=\"https:\/\/www.facebook.com\/eltextual\" \/>\n<meta property=\"article:published_time\" content=\"2023-10-15T10:35:32+00:00\" \/>\n<meta property=\"article:modified_time\" content=\"2023-10-16T13:16:57+00:00\" \/>\n<meta property=\"og:image\" content=\"https:\/\/diariotextual.com\/inicio\/wp-content\/uploads\/2023\/10\/massasergio2023-10001.jpg\" \/>\n\t<meta property=\"og:image:width\" content=\"1200\" \/>\n\t<meta property=\"og:image:height\" content=\"675\" \/>\n\t<meta property=\"og:image:type\" content=\"image\/jpeg\" \/>\n<meta name=\"author\" content=\"Diario1 Diario1\" \/>\n<meta name=\"twitter:card\" content=\"summary_large_image\" \/>\n<meta name=\"twitter:creator\" content=\"@eltextual\" \/>\n<meta name=\"twitter:site\" content=\"@eltextual\" \/>\n<meta name=\"twitter:label1\" content=\"Escrito por\" \/>\n\t<meta name=\"twitter:data1\" content=\"Diario1 Diario1\" \/>\n\t<meta name=\"twitter:label2\" content=\"Tiempo de lectura\" \/>\n\t<meta name=\"twitter:data2\" content=\"2 minutos\" \/>\n<script type=\"application\/ld+json\" class=\"yoast-schema-graph\">{\"@context\":\"https:\\\/\\\/schema.org\",\"@graph\":[{\"@type\":\"Article\",\"@id\":\"https:\\\/\\\/diariotextual.com\\\/inicio\\\/index.php\\\/2023\\\/10\\\/15\\\/massa-y-la-corrida-seguiran-los-allanamientos-y-tiene-que-haber-carcel\\\/#article\",\"isPartOf\":{\"@id\":\"https:\\\/\\\/diariotextual.com\\\/inicio\\\/index.php\\\/2023\\\/10\\\/15\\\/massa-y-la-corrida-seguiran-los-allanamientos-y-tiene-que-haber-carcel\\\/\"},\"author\":{\"name\":\"Diario1 Diario1\",\"@id\":\"https:\\\/\\\/diariotextual.com\\\/inicio\\\/#\\\/schema\\\/person\\\/418fc4093c33e86ed41562db3508f958\"},\"headline\":\"Massa y la corrida: \u201cSeguir\u00e1n los allanamientos y tiene que haber c\u00e1rcel\u201d\",\"datePublished\":\"2023-10-15T10:35:32+00:00\",\"dateModified\":\"2023-10-16T13:16:57+00:00\",\"mainEntityOfPage\":{\"@id\":\"https:\\\/\\\/diariotextual.com\\\/inicio\\\/index.php\\\/2023\\\/10\\\/15\\\/massa-y-la-corrida-seguiran-los-allanamientos-y-tiene-que-haber-carcel\\\/\"},\"wordCount\":308,\"publisher\":{\"@id\":\"https:\\\/\\\/diariotextual.com\\\/inicio\\\/#organization\"},\"image\":{\"@id\":\"https:\\\/\\\/diariotextual.com\\\/inicio\\\/index.php\\\/2023\\\/10\\\/15\\\/massa-y-la-corrida-seguiran-los-allanamientos-y-tiene-que-haber-carcel\\\/#primaryimage\"},\"thumbnailUrl\":\"https:\\\/\\\/diariotextual.com\\\/inicio\\\/wp-content\\\/uploads\\\/2023\\\/10\\\/massasergio2023-10001.jpg\",\"articleSection\":[\"A - QUE PASA (al costado)\",\"POLITICA\"],\"inLanguage\":\"es\"},{\"@type\":\"WebPage\",\"@id\":\"https:\\\/\\\/diariotextual.com\\\/inicio\\\/index.php\\\/2023\\\/10\\\/15\\\/massa-y-la-corrida-seguiran-los-allanamientos-y-tiene-que-haber-carcel\\\/\",\"url\":\"https:\\\/\\\/diariotextual.com\\\/inicio\\\/index.php\\\/2023\\\/10\\\/15\\\/massa-y-la-corrida-seguiran-los-allanamientos-y-tiene-que-haber-carcel\\\/\",\"name\":\"Massa y la corrida: \u201cSeguir\u00e1n los allanamientos y tiene que haber c\u00e1rcel\u201d - Diario Textual\",\"isPartOf\":{\"@id\":\"https:\\\/\\\/diariotextual.com\\\/inicio\\\/#website\"},\"primaryImageOfPage\":{\"@id\":\"https:\\\/\\\/diariotextual.com\\\/inicio\\\/index.php\\\/2023\\\/10\\\/15\\\/massa-y-la-corrida-seguiran-los-allanamientos-y-tiene-que-haber-carcel\\\/#primaryimage\"},\"image\":{\"@id\":\"https:\\\/\\\/diariotextual.com\\\/inicio\\\/index.php\\\/2023\\\/10\\\/15\\\/massa-y-la-corrida-seguiran-los-allanamientos-y-tiene-que-haber-carcel\\\/#primaryimage\"},\"thumbnailUrl\":\"https:\\\/\\\/diariotextual.com\\\/inicio\\\/wp-content\\\/uploads\\\/2023\\\/10\\\/massasergio2023-10001.jpg\",\"datePublished\":\"2023-10-15T10:35:32+00:00\",\"dateModified\":\"2023-10-16T13:16:57+00:00\",\"breadcrumb\":{\"@id\":\"https:\\\/\\\/diariotextual.com\\\/inicio\\\/index.php\\\/2023\\\/10\\\/15\\\/massa-y-la-corrida-seguiran-los-allanamientos-y-tiene-que-haber-carcel\\\/#breadcrumb\"},\"inLanguage\":\"es\",\"potentialAction\":[{\"@type\":\"ReadAction\",\"target\":[\"https:\\\/\\\/diariotextual.com\\\/inicio\\\/index.php\\\/2023\\\/10\\\/15\\\/massa-y-la-corrida-seguiran-los-allanamientos-y-tiene-que-haber-carcel\\\/\"]}]},{\"@type\":\"ImageObject\",\"inLanguage\":\"es\",\"@id\":\"https:\\\/\\\/diariotextual.com\\\/inicio\\\/index.php\\\/2023\\\/10\\\/15\\\/massa-y-la-corrida-seguiran-los-allanamientos-y-tiene-que-haber-carcel\\\/#primaryimage\",\"url\":\"https:\\\/\\\/diariotextual.com\\\/inicio\\\/wp-content\\\/uploads\\\/2023\\\/10\\\/massasergio2023-10001.jpg\",\"contentUrl\":\"https:\\\/\\\/diariotextual.com\\\/inicio\\\/wp-content\\\/uploads\\\/2023\\\/10\\\/massasergio2023-10001.jpg\",\"width\":1200,\"height\":675},{\"@type\":\"BreadcrumbList\",\"@id\":\"https:\\\/\\\/diariotextual.com\\\/inicio\\\/index.php\\\/2023\\\/10\\\/15\\\/massa-y-la-corrida-seguiran-los-allanamientos-y-tiene-que-haber-carcel\\\/#breadcrumb\",\"itemListElement\":[{\"@type\":\"ListItem\",\"position\":1,\"name\":\"Portada\",\"item\":\"https:\\\/\\\/diariotextual.com\\\/inicio\\\/\"},{\"@type\":\"ListItem\",\"position\":2,\"name\":\"Massa y la corrida: \u201cSeguir\u00e1n los allanamientos y tiene que haber c\u00e1rcel\u201d\"}]},{\"@type\":\"WebSite\",\"@id\":\"https:\\\/\\\/diariotextual.com\\\/inicio\\\/#website\",\"url\":\"https:\\\/\\\/diariotextual.com\\\/inicio\\\/\",\"name\":\"Diario Textual\",\"description\":\"\",\"publisher\":{\"@id\":\"https:\\\/\\\/diariotextual.com\\\/inicio\\\/#organization\"},\"potentialAction\":[{\"@type\":\"SearchAction\",\"target\":{\"@type\":\"EntryPoint\",\"urlTemplate\":\"https:\\\/\\\/diariotextual.com\\\/inicio\\\/?s={search_term_string}\"},\"query-input\":{\"@type\":\"PropertyValueSpecification\",\"valueRequired\":true,\"valueName\":\"search_term_string\"}}],\"inLanguage\":\"es\"},{\"@type\":\"Organization\",\"@id\":\"https:\\\/\\\/diariotextual.com\\\/inicio\\\/#organization\",\"name\":\"Diario Textual\",\"url\":\"https:\\\/\\\/diariotextual.com\\\/inicio\\\/\",\"logo\":{\"@type\":\"ImageObject\",\"inLanguage\":\"es\",\"@id\":\"https:\\\/\\\/diariotextual.com\\\/inicio\\\/#\\\/schema\\\/logo\\\/image\\\/\",\"url\":\"https:\\\/\\\/diariotextual.com\\\/inicio\\\/wp-content\\\/uploads\\\/2023\\\/05\\\/logotextual1.jpg\",\"contentUrl\":\"https:\\\/\\\/diariotextual.com\\\/inicio\\\/wp-content\\\/uploads\\\/2023\\\/05\\\/logotextual1.jpg\",\"width\":516,\"height\":76,\"caption\":\"Diario Textual\"},\"image\":{\"@id\":\"https:\\\/\\\/diariotextual.com\\\/inicio\\\/#\\\/schema\\\/logo\\\/image\\\/\"},\"sameAs\":[\"https:\\\/\\\/www.facebook.com\\\/eltextual\",\"https:\\\/\\\/x.com\\\/eltextual\",\"http:\\\/\\\/www.instagram.com\\\/eltextual\"]},{\"@type\":\"Person\",\"@id\":\"https:\\\/\\\/diariotextual.com\\\/inicio\\\/#\\\/schema\\\/person\\\/418fc4093c33e86ed41562db3508f958\",\"name\":\"Diario1 Diario1\",\"image\":{\"@type\":\"ImageObject\",\"inLanguage\":\"es\",\"@id\":\"https:\\\/\\\/secure.gravatar.com\\\/avatar\\\/9167d280179c85bc18be67aa7eda765854300033af4896dd779b608640f2ef7a?s=96&d=mm&r=g\",\"url\":\"https:\\\/\\\/secure.gravatar.com\\\/avatar\\\/9167d280179c85bc18be67aa7eda765854300033af4896dd779b608640f2ef7a?s=96&d=mm&r=g\",\"contentUrl\":\"https:\\\/\\\/secure.gravatar.com\\\/avatar\\\/9167d280179c85bc18be67aa7eda765854300033af4896dd779b608640f2ef7a?s=96&d=mm&r=g\",\"caption\":\"Diario1 Diario1\"},\"url\":\"https:\\\/\\\/diariotextual.com\\\/inicio\\\/index.php\\\/author\\\/diario1\\\/\"}]}<\/script>\n<!-- \/ Yoast SEO plugin. -->","yoast_head_json":{"title":"Massa y la corrida: \u201cSeguir\u00e1n los allanamientos y tiene que haber c\u00e1rcel\u201d - Diario Textual","robots":{"index":"index","follow":"follow","max-snippet":"max-snippet:-1","max-image-preview":"max-image-preview:large","max-video-preview":"max-video-preview:-1"},"canonical":"https:\/\/diariotextual.com\/inicio\/index.php\/2023\/10\/15\/massa-y-la-corrida-seguiran-los-allanamientos-y-tiene-que-haber-carcel\/","og_locale":"es_ES","og_type":"article","og_title":"Massa y la corrida: \u201cSeguir\u00e1n los allanamientos y tiene que haber c\u00e1rcel\u201d - Diario Textual","og_description":"El ministro de Econom\u00eda y candidato a presidente por Uni\u00f3n por la Patria (UxP), Sergio Massa, pidi\u00f3 que en las pr\u00f3ximas elecciones los argentinos \u201cvayan con esperanza a la urna\u201d&hellip;","og_url":"https:\/\/diariotextual.com\/inicio\/index.php\/2023\/10\/15\/massa-y-la-corrida-seguiran-los-allanamientos-y-tiene-que-haber-carcel\/","og_site_name":"Diario Textual","article_publisher":"https:\/\/www.facebook.com\/eltextual","article_published_time":"2023-10-15T10:35:32+00:00","article_modified_time":"2023-10-16T13:16:57+00:00","og_image":[{"width":1200,"height":675,"url":"https:\/\/diariotextual.com\/inicio\/wp-content\/uploads\/2023\/10\/massasergio2023-10001.jpg","type":"image\/jpeg"}],"author":"Diario1 Diario1","twitter_card":"summary_large_image","twitter_creator":"@eltextual","twitter_site":"@eltextual","twitter_misc":{"Escrito por":"Diario1 Diario1","Tiempo de lectura":"2 minutos"},"schema":{"@context":"https:\/\/schema.org","@graph":[{"@type":"Article","@id":"https:\/\/diariotextual.com\/inicio\/index.php\/2023\/10\/15\/massa-y-la-corrida-seguiran-los-allanamientos-y-tiene-que-haber-carcel\/#article","isPartOf":{"@id":"https:\/\/diariotextual.com\/inicio\/index.php\/2023\/10\/15\/massa-y-la-corrida-seguiran-los-allanamientos-y-tiene-que-haber-carcel\/"},"author":{"name":"Diario1 Diario1","@id":"https:\/\/diariotextual.com\/inicio\/#\/schema\/person\/418fc4093c33e86ed41562db3508f958"},"headline":"Massa y la corrida: \u201cSeguir\u00e1n los allanamientos y tiene que haber c\u00e1rcel\u201d","datePublished":"2023-10-15T10:35:32+00:00","dateModified":"2023-10-16T13:16:57+00:00","mainEntityOfPage":{"@id":"https:\/\/diariotextual.com\/inicio\/index.php\/2023\/10\/15\/massa-y-la-corrida-seguiran-los-allanamientos-y-tiene-que-haber-carcel\/"},"wordCount":308,"publisher":{"@id":"https:\/\/diariotextual.com\/inicio\/#organization"},"image":{"@id":"https:\/\/diariotextual.com\/inicio\/index.php\/2023\/10\/15\/massa-y-la-corrida-seguiran-los-allanamientos-y-tiene-que-haber-carcel\/#primaryimage"},"thumbnailUrl":"https:\/\/diariotextual.com\/inicio\/wp-content\/uploads\/2023\/10\/massasergio2023-10001.jpg","articleSection":["A - QUE PASA (al costado)","POLITICA"],"inLanguage":"es"},{"@type":"WebPage","@id":"https:\/\/diariotextual.com\/inicio\/index.php\/2023\/10\/15\/massa-y-la-corrida-seguiran-los-allanamientos-y-tiene-que-haber-carcel\/","url":"https:\/\/diariotextual.com\/inicio\/index.php\/2023\/10\/15\/massa-y-la-corrida-seguiran-los-allanamientos-y-tiene-que-haber-carcel\/","name":"Massa y la corrida: \u201cSeguir\u00e1n los allanamientos y tiene que haber c\u00e1rcel\u201d - Diario Textual","isPartOf":{"@id":"https:\/\/diariotextual.com\/inicio\/#website"},"primaryImageOfPage":{"@id":"https:\/\/diariotextual.com\/inicio\/index.php\/2023\/10\/15\/massa-y-la-corrida-seguiran-los-allanamientos-y-tiene-que-haber-carcel\/#primaryimage"},"image":{"@id":"https:\/\/diariotextual.com\/inicio\/index.php\/2023\/10\/15\/massa-y-la-corrida-seguiran-los-allanamientos-y-tiene-que-haber-carcel\/#primaryimage"},"thumbnailUrl":"https:\/\/diariotextual.com\/inicio\/wp-content\/uploads\/2023\/10\/massasergio2023-10001.jpg","datePublished":"2023-10-15T10:35:32+00:00","dateModified":"2023-10-16T13:16:57+00:00","breadcrumb":{"@id":"https:\/\/diariotextual.com\/inicio\/index.php\/2023\/10\/15\/massa-y-la-corrida-seguiran-los-allanamientos-y-tiene-que-haber-carcel\/#breadcrumb"},"inLanguage":"es","potentialAction":[{"@type":"ReadAction","target":["https:\/\/diariotextual.com\/inicio\/index.php\/2023\/10\/15\/massa-y-la-corrida-seguiran-los-allanamientos-y-tiene-que-haber-carcel\/"]}]},{"@type":"ImageObject","inLanguage":"es","@id":"https:\/\/diariotextual.com\/inicio\/index.php\/2023\/10\/15\/massa-y-la-corrida-seguiran-los-allanamientos-y-tiene-que-haber-carcel\/#primaryimage","url":"https:\/\/diariotextual.com\/inicio\/wp-content\/uploads\/2023\/10\/massasergio2023-10001.jpg","contentUrl":"https:\/\/diariotextual.com\/inicio\/wp-content\/uploads\/2023\/10\/massasergio2023-10001.jpg","width":1200,"height":675},{"@type":"BreadcrumbList","@id":"https:\/\/diariotextual.com\/inicio\/index.php\/2023\/10\/15\/massa-y-la-corrida-seguiran-los-allanamientos-y-tiene-que-haber-carcel\/#breadcrumb","itemListElement":[{"@type":"ListItem","position":1,"name":"Portada","item":"https:\/\/diariotextual.com\/inicio\/"},{"@type":"ListItem","position":2,"name":"Massa y la corrida: \u201cSeguir\u00e1n los allanamientos y tiene que haber c\u00e1rcel\u201d"}]},{"@type":"WebSite","@id":"https:\/\/diariotextual.com\/inicio\/#website","url":"https:\/\/diariotextual.com\/inicio\/","name":"Diario Textual","description":"","publisher":{"@id":"https:\/\/diariotextual.com\/inicio\/#organization"},"potentialAction":[{"@type":"SearchAction","target":{"@type":"EntryPoint","urlTemplate":"https:\/\/diariotextual.com\/inicio\/?s={search_term_string}"},"query-input":{"@type":"PropertyValueSpecification","valueRequired":true,"valueName":"search_term_string"}}],"inLanguage":"es"},{"@type":"Organization","@id":"https:\/\/diariotextual.com\/inicio\/#organization","name":"Diario Textual","url":"https:\/\/diariotextual.com\/inicio\/","logo":{"@type":"ImageObject","inLanguage":"es","@id":"https:\/\/diariotextual.com\/inicio\/#\/schema\/logo\/image\/","url":"https:\/\/diariotextual.com\/inicio\/wp-content\/uploads\/2023\/05\/logotextual1.jpg","contentUrl":"https:\/\/diariotextual.com\/inicio\/wp-content\/uploads\/2023\/05\/logotextual1.jpg","width":516,"height":76,"caption":"Diario Textual"},"image":{"@id":"https:\/\/diariotextual.com\/inicio\/#\/schema\/logo\/image\/"},"sameAs":["https:\/\/www.facebook.com\/eltextual","https:\/\/x.com\/eltextual","http:\/\/www.instagram.com\/eltextual"]},{"@type":"Person","@id":"https:\/\/diariotextual.com\/inicio\/#\/schema\/person\/418fc4093c33e86ed41562db3508f958","name":"Diario1 Diario1","image":{"@type":"ImageObject","inLanguage":"es","@id":"https:\/\/secure.gravatar.com\/avatar\/9167d280179c85bc18be67aa7eda765854300033af4896dd779b608640f2ef7a?s=96&d=mm&r=g","url":"https:\/\/secure.gravatar.com\/avatar\/9167d280179c85bc18be67aa7eda765854300033af4896dd779b608640f2ef7a?s=96&d=mm&r=g","contentUrl":"https:\/\/secure.gravatar.com\/avatar\/9167d280179c85bc18be67aa7eda765854300033af4896dd779b608640f2ef7a?s=96&d=mm&r=g","caption":"Diario1 Diario1"},"url":"https:\/\/diariotextual.com\/inicio\/index.php\/author\/diario1\/"}]}},"_links":{"self":[{"href":"https:\/\/diariotextual.com\/inicio\/index.php\/wp-json\/wp\/v2\/posts\/240813","targetHints":{"allow":["GET"]}}],"collection":[{"href":"https:\/\/diariotextual.com\/inicio\/index.php\/wp-json\/wp\/v2\/posts"}],"about":[{"href":"https:\/\/diariotextual.com\/inicio\/index.php\/wp-json\/wp\/v2\/types\/post"}],"author":[{"embeddable":true,"href":"https:\/\/diariotextual.com\/inicio\/index.php\/wp-json\/wp\/v2\/users\/3"}],"replies":[{"embeddable":true,"href":"https:\/\/diariotextual.com\/inicio\/index.php\/wp-json\/wp\/v2\/comments?post=240813"}],"version-history":[{"count":1,"href":"https:\/\/diariotextual.com\/inicio\/index.php\/wp-json\/wp\/v2\/posts\/240813\/revisions"}],"predecessor-version":[{"id":240815,"href":"https:\/\/diariotextual.com\/inicio\/index.php\/wp-json\/wp\/v2\/posts\/240813\/revisions\/240815"}],"wp:featuredmedia":[{"embeddable":true,"href":"https:\/\/diariotextual.com\/inicio\/index.php\/wp-json\/wp\/v2\/media\/240814"}],"wp:attachment":[{"href":"https:\/\/diariotextual.com\/inicio\/index.php\/wp-json\/wp\/v2\/media?parent=240813"}],"wp:term":[{"taxonomy":"category","embeddable":true,"href":"https:\/\/diariotextual.com\/inicio\/index.php\/wp-json\/wp\/v2\/categories?post=240813"},{"taxonomy":"post_tag","embeddable":true,"href":"https:\/\/diariotextual.com\/inicio\/index.php\/wp-json\/wp\/v2\/tags?post=240813"}],"curies":[{"name":"wp","href":"https:\/\/api.w.org\/{rel}","templated":true}]}}