{"id":240876,"date":"2023-10-16T16:51:40","date_gmt":"2023-10-16T19:51:40","guid":{"rendered":"https:\/\/diariotextual.com\/inicio\/?p=240876"},"modified":"2023-10-16T19:33:26","modified_gmt":"2023-10-16T22:33:26","slug":"si-messi-esta-bien-va-a-jugar-contra-peru-adelanto-scaloni","status":"publish","type":"post","link":"https:\/\/diariotextual.com\/inicio\/index.php\/2023\/10\/16\/si-messi-esta-bien-va-a-jugar-contra-peru-adelanto-scaloni\/","title":{"rendered":"\u201cSi Messi est\u00e1 bien, va a jugar contra Per\u00fa\u201d, adelant\u00f3 Scaloni"},"content":{"rendered":"\n<p>El entrenador del seleccionado argentino, Lionel Scaloni, adelant\u00f3 este domingo que, si el capit\u00e1n Lionel Messi est\u00e1 \u201cbien\u201d, ser\u00e1 titular el martes contra Per\u00fa, en Lima, por las Eliminatorias sudamericanas para el Mundial 2026.<\/p>\n\n\n\n<p>\u201cMessi est\u00e1 sumando entrenamientos y si est\u00e1 bien jugar\u00e1\u201d, expres\u00f3 Scaloni en el inicio de la conferencia de prensa que brind\u00f3 este mediod\u00eda en Ezeiza.<\/p>\n\n\n\n<p>El seleccionado argentino, encabezado por el capit\u00e1n Lionel Messi, realizaba en la ma\u00f1ana de este lunes<strong>&nbsp;el \u00faltimo entrenamiento antes de viajar a Lima para enfrentar este martes a Per\u00fa<\/strong>, por la cuarta fecha de las Eliminatorias sudamericanas rumbo al Mundial 2026.<br><br>Unos minutos despu\u00e9s de las 11,&nbsp;<strong>Messi sali\u00f3 a una de las canchas del predio de Ezeiza que lleva su nombre en el \u00faltimo grupo, junto con Rodrigo De Paul, Leandro Paredes, Giovani Lo Celso y Nicol\u00e1s Otamendi<\/strong>, para realizar la \u00faltima pr\u00e1ctica previa al viaje a Lima, programado para esta tarde a las 16.<br><br>Durante los minutos abiertos a la prensa, se observ\u00f3 que el entrenador Lionel Scaloni tuvo dos peque\u00f1as charlas individuales, apartado del resto, con el delantero Lucas Beltr\u00e1n y luego con Guido Rodr\u00edguez.<\/p>\n\n\n\n<p><strong>La pr\u00e1ctica comenz\u00f3 formalmente a las 11.15 con los jugadores de campo en la cancha principal<\/strong>\u00a0a las \u00f3rdenes del preparador f\u00edsico Luis Mart\u00edn.<br><br>En otro sector, los cuatro arqueros trabajaron junto a Martin Tocalli.<br><br><strong>La actividad empez\u00f3 con movimientos de entrada en calor, con Messi y todos los jugadores a la par.<\/strong><br><br>El primer ejercicio fue un \u201ctoco y voy\u201d con intensidad y velocidad y Messi lo complet\u00f3 sin mediar inconvenientes, pero con un ritmo m\u00e1s bajo que el resto del plantel.<br><br>Luego todo el grupo pas\u00f3 al tradicional \u201cloco\u201d en el c\u00edrculo central del campo de juego y Messi pas\u00f3 al medio en tres oportunidades a De Paul y Germ\u00e1n Pezzella, y en otra con Nicol\u00e1s Gonz\u00e1lez y el jugador de Atl\u00e9tico de Madrid.<\/p>\n\n\n\n<p><\/p>\n\n\n\n<p><\/p>\n","protected":false},"excerpt":{"rendered":"<p>El entrenador del seleccionado argentino, Lionel Scaloni, adelant\u00f3 este domingo que, si el capit\u00e1n Lionel Messi est\u00e1 \u201cbien\u201d, ser\u00e1 titular el martes contra Per\u00fa, en Lima, por las Eliminatorias sudamericanas&hellip;<\/p>\n","protected":false},"author":3,"featured_media":240877,"comment_status":"closed","ping_status":"open","sticky":false,"template":"","format":"standard","meta":{"_acf_changed":false,"footnotes":""},"categories":[1,3],"tags":[],"class_list":["post-240876","post","type-post","status-publish","format-standard","has-post-thumbnail","hentry","category-es-noticia","category-deportes"],"acf":[],"yoast_head":"<!-- This site is optimized with the Yoast SEO plugin v27.5 - https:\/\/yoast.com\/product\/yoast-seo-wordpress\/ -->\n<title>\u201cSi Messi est\u00e1 bien, va a jugar contra Per\u00fa\u201d, adelant\u00f3 Scaloni - Diario Textual<\/title>\n<meta name=\"robots\" content=\"index, follow, max-snippet:-1, max-image-preview:large, max-video-preview:-1\" \/>\n<link rel=\"canonical\" href=\"https:\/\/diariotextual.com\/inicio\/index.php\/2023\/10\/16\/si-messi-esta-bien-va-a-jugar-contra-peru-adelanto-scaloni\/\" \/>\n<meta property=\"og:locale\" content=\"es_ES\" \/>\n<meta property=\"og:type\" content=\"article\" \/>\n<meta property=\"og:title\" content=\"\u201cSi Messi est\u00e1 bien, va a jugar contra Per\u00fa\u201d, adelant\u00f3 Scaloni - Diario Textual\" \/>\n<meta property=\"og:description\" content=\"El entrenador del seleccionado argentino, Lionel Scaloni, adelant\u00f3 este domingo que, si el capit\u00e1n Lionel Messi est\u00e1 \u201cbien\u201d, ser\u00e1 titular el martes contra Per\u00fa, en Lima, por las Eliminatorias sudamericanas&hellip;\" \/>\n<meta property=\"og:url\" content=\"https:\/\/diariotextual.com\/inicio\/index.php\/2023\/10\/16\/si-messi-esta-bien-va-a-jugar-contra-peru-adelanto-scaloni\/\" \/>\n<meta property=\"og:site_name\" content=\"Diario Textual\" \/>\n<meta property=\"article:publisher\" content=\"https:\/\/www.facebook.com\/eltextual\" \/>\n<meta property=\"article:published_time\" content=\"2023-10-16T19:51:40+00:00\" \/>\n<meta property=\"article:modified_time\" content=\"2023-10-16T22:33:26+00:00\" \/>\n<meta property=\"og:image\" content=\"https:\/\/diariotextual.com\/inicio\/wp-content\/uploads\/2023\/10\/scalonilionel2023-1.jpg\" \/>\n\t<meta property=\"og:image:width\" content=\"2184\" \/>\n\t<meta property=\"og:image:height\" content=\"1456\" \/>\n\t<meta property=\"og:image:type\" content=\"image\/jpeg\" \/>\n<meta name=\"author\" content=\"Diario1 Diario1\" \/>\n<meta name=\"twitter:card\" content=\"summary_large_image\" \/>\n<meta name=\"twitter:creator\" content=\"@eltextual\" \/>\n<meta name=\"twitter:site\" content=\"@eltextual\" \/>\n<meta name=\"twitter:label1\" content=\"Escrito por\" \/>\n\t<meta name=\"twitter:data1\" content=\"Diario1 Diario1\" \/>\n\t<meta name=\"twitter:label2\" content=\"Tiempo de lectura\" \/>\n\t<meta name=\"twitter:data2\" content=\"2 minutos\" \/>\n<script type=\"application\/ld+json\" class=\"yoast-schema-graph\">{\"@context\":\"https:\\\/\\\/schema.org\",\"@graph\":[{\"@type\":\"Article\",\"@id\":\"https:\\\/\\\/diariotextual.com\\\/inicio\\\/index.php\\\/2023\\\/10\\\/16\\\/si-messi-esta-bien-va-a-jugar-contra-peru-adelanto-scaloni\\\/#article\",\"isPartOf\":{\"@id\":\"https:\\\/\\\/diariotextual.com\\\/inicio\\\/index.php\\\/2023\\\/10\\\/16\\\/si-messi-esta-bien-va-a-jugar-contra-peru-adelanto-scaloni\\\/\"},\"author\":{\"name\":\"Diario1 Diario1\",\"@id\":\"https:\\\/\\\/diariotextual.com\\\/inicio\\\/#\\\/schema\\\/person\\\/418fc4093c33e86ed41562db3508f958\"},\"headline\":\"\u201cSi Messi est\u00e1 bien, va a jugar contra Per\u00fa\u201d, adelant\u00f3 Scaloni\",\"datePublished\":\"2023-10-16T19:51:40+00:00\",\"dateModified\":\"2023-10-16T22:33:26+00:00\",\"mainEntityOfPage\":{\"@id\":\"https:\\\/\\\/diariotextual.com\\\/inicio\\\/index.php\\\/2023\\\/10\\\/16\\\/si-messi-esta-bien-va-a-jugar-contra-peru-adelanto-scaloni\\\/\"},\"wordCount\":341,\"publisher\":{\"@id\":\"https:\\\/\\\/diariotextual.com\\\/inicio\\\/#organization\"},\"image\":{\"@id\":\"https:\\\/\\\/diariotextual.com\\\/inicio\\\/index.php\\\/2023\\\/10\\\/16\\\/si-messi-esta-bien-va-a-jugar-contra-peru-adelanto-scaloni\\\/#primaryimage\"},\"thumbnailUrl\":\"https:\\\/\\\/diariotextual.com\\\/inicio\\\/wp-content\\\/uploads\\\/2023\\\/10\\\/scalonilionel2023-1.jpg\",\"articleSection\":[\"A - ES NOTICIA (van abajo)\",\"DEPORTES\"],\"inLanguage\":\"es\"},{\"@type\":\"WebPage\",\"@id\":\"https:\\\/\\\/diariotextual.com\\\/inicio\\\/index.php\\\/2023\\\/10\\\/16\\\/si-messi-esta-bien-va-a-jugar-contra-peru-adelanto-scaloni\\\/\",\"url\":\"https:\\\/\\\/diariotextual.com\\\/inicio\\\/index.php\\\/2023\\\/10\\\/16\\\/si-messi-esta-bien-va-a-jugar-contra-peru-adelanto-scaloni\\\/\",\"name\":\"\u201cSi Messi est\u00e1 bien, va a jugar contra Per\u00fa\u201d, adelant\u00f3 Scaloni - Diario Textual\",\"isPartOf\":{\"@id\":\"https:\\\/\\\/diariotextual.com\\\/inicio\\\/#website\"},\"primaryImageOfPage\":{\"@id\":\"https:\\\/\\\/diariotextual.com\\\/inicio\\\/index.php\\\/2023\\\/10\\\/16\\\/si-messi-esta-bien-va-a-jugar-contra-peru-adelanto-scaloni\\\/#primaryimage\"},\"image\":{\"@id\":\"https:\\\/\\\/diariotextual.com\\\/inicio\\\/index.php\\\/2023\\\/10\\\/16\\\/si-messi-esta-bien-va-a-jugar-contra-peru-adelanto-scaloni\\\/#primaryimage\"},\"thumbnailUrl\":\"https:\\\/\\\/diariotextual.com\\\/inicio\\\/wp-content\\\/uploads\\\/2023\\\/10\\\/scalonilionel2023-1.jpg\",\"datePublished\":\"2023-10-16T19:51:40+00:00\",\"dateModified\":\"2023-10-16T22:33:26+00:00\",\"breadcrumb\":{\"@id\":\"https:\\\/\\\/diariotextual.com\\\/inicio\\\/index.php\\\/2023\\\/10\\\/16\\\/si-messi-esta-bien-va-a-jugar-contra-peru-adelanto-scaloni\\\/#breadcrumb\"},\"inLanguage\":\"es\",\"potentialAction\":[{\"@type\":\"ReadAction\",\"target\":[\"https:\\\/\\\/diariotextual.com\\\/inicio\\\/index.php\\\/2023\\\/10\\\/16\\\/si-messi-esta-bien-va-a-jugar-contra-peru-adelanto-scaloni\\\/\"]}]},{\"@type\":\"ImageObject\",\"inLanguage\":\"es\",\"@id\":\"https:\\\/\\\/diariotextual.com\\\/inicio\\\/index.php\\\/2023\\\/10\\\/16\\\/si-messi-esta-bien-va-a-jugar-contra-peru-adelanto-scaloni\\\/#primaryimage\",\"url\":\"https:\\\/\\\/diariotextual.com\\\/inicio\\\/wp-content\\\/uploads\\\/2023\\\/10\\\/scalonilionel2023-1.jpg\",\"contentUrl\":\"https:\\\/\\\/diariotextual.com\\\/inicio\\\/wp-content\\\/uploads\\\/2023\\\/10\\\/scalonilionel2023-1.jpg\",\"width\":2184,\"height\":1456},{\"@type\":\"BreadcrumbList\",\"@id\":\"https:\\\/\\\/diariotextual.com\\\/inicio\\\/index.php\\\/2023\\\/10\\\/16\\\/si-messi-esta-bien-va-a-jugar-contra-peru-adelanto-scaloni\\\/#breadcrumb\",\"itemListElement\":[{\"@type\":\"ListItem\",\"position\":1,\"name\":\"Portada\",\"item\":\"https:\\\/\\\/diariotextual.com\\\/inicio\\\/\"},{\"@type\":\"ListItem\",\"position\":2,\"name\":\"\u201cSi Messi est\u00e1 bien, va a jugar contra Per\u00fa\u201d, adelant\u00f3 Scaloni\"}]},{\"@type\":\"WebSite\",\"@id\":\"https:\\\/\\\/diariotextual.com\\\/inicio\\\/#website\",\"url\":\"https:\\\/\\\/diariotextual.com\\\/inicio\\\/\",\"name\":\"Diario Textual\",\"description\":\"\",\"publisher\":{\"@id\":\"https:\\\/\\\/diariotextual.com\\\/inicio\\\/#organization\"},\"potentialAction\":[{\"@type\":\"SearchAction\",\"target\":{\"@type\":\"EntryPoint\",\"urlTemplate\":\"https:\\\/\\\/diariotextual.com\\\/inicio\\\/?s={search_term_string}\"},\"query-input\":{\"@type\":\"PropertyValueSpecification\",\"valueRequired\":true,\"valueName\":\"search_term_string\"}}],\"inLanguage\":\"es\"},{\"@type\":\"Organization\",\"@id\":\"https:\\\/\\\/diariotextual.com\\\/inicio\\\/#organization\",\"name\":\"Diario Textual\",\"url\":\"https:\\\/\\\/diariotextual.com\\\/inicio\\\/\",\"logo\":{\"@type\":\"ImageObject\",\"inLanguage\":\"es\",\"@id\":\"https:\\\/\\\/diariotextual.com\\\/inicio\\\/#\\\/schema\\\/logo\\\/image\\\/\",\"url\":\"https:\\\/\\\/diariotextual.com\\\/inicio\\\/wp-content\\\/uploads\\\/2023\\\/05\\\/logotextual1.jpg\",\"contentUrl\":\"https:\\\/\\\/diariotextual.com\\\/inicio\\\/wp-content\\\/uploads\\\/2023\\\/05\\\/logotextual1.jpg\",\"width\":516,\"height\":76,\"caption\":\"Diario Textual\"},\"image\":{\"@id\":\"https:\\\/\\\/diariotextual.com\\\/inicio\\\/#\\\/schema\\\/logo\\\/image\\\/\"},\"sameAs\":[\"https:\\\/\\\/www.facebook.com\\\/eltextual\",\"https:\\\/\\\/x.com\\\/eltextual\",\"http:\\\/\\\/www.instagram.com\\\/eltextual\"]},{\"@type\":\"Person\",\"@id\":\"https:\\\/\\\/diariotextual.com\\\/inicio\\\/#\\\/schema\\\/person\\\/418fc4093c33e86ed41562db3508f958\",\"name\":\"Diario1 Diario1\",\"image\":{\"@type\":\"ImageObject\",\"inLanguage\":\"es\",\"@id\":\"https:\\\/\\\/secure.gravatar.com\\\/avatar\\\/9167d280179c85bc18be67aa7eda765854300033af4896dd779b608640f2ef7a?s=96&d=mm&r=g\",\"url\":\"https:\\\/\\\/secure.gravatar.com\\\/avatar\\\/9167d280179c85bc18be67aa7eda765854300033af4896dd779b608640f2ef7a?s=96&d=mm&r=g\",\"contentUrl\":\"https:\\\/\\\/secure.gravatar.com\\\/avatar\\\/9167d280179c85bc18be67aa7eda765854300033af4896dd779b608640f2ef7a?s=96&d=mm&r=g\",\"caption\":\"Diario1 Diario1\"},\"url\":\"https:\\\/\\\/diariotextual.com\\\/inicio\\\/index.php\\\/author\\\/diario1\\\/\"}]}<\/script>\n<!-- \/ Yoast SEO plugin. -->","yoast_head_json":{"title":"\u201cSi Messi est\u00e1 bien, va a jugar contra Per\u00fa\u201d, adelant\u00f3 Scaloni - Diario Textual","robots":{"index":"index","follow":"follow","max-snippet":"max-snippet:-1","max-image-preview":"max-image-preview:large","max-video-preview":"max-video-preview:-1"},"canonical":"https:\/\/diariotextual.com\/inicio\/index.php\/2023\/10\/16\/si-messi-esta-bien-va-a-jugar-contra-peru-adelanto-scaloni\/","og_locale":"es_ES","og_type":"article","og_title":"\u201cSi Messi est\u00e1 bien, va a jugar contra Per\u00fa\u201d, adelant\u00f3 Scaloni - Diario Textual","og_description":"El entrenador del seleccionado argentino, Lionel Scaloni, adelant\u00f3 este domingo que, si el capit\u00e1n Lionel Messi est\u00e1 \u201cbien\u201d, ser\u00e1 titular el martes contra Per\u00fa, en Lima, por las Eliminatorias sudamericanas&hellip;","og_url":"https:\/\/diariotextual.com\/inicio\/index.php\/2023\/10\/16\/si-messi-esta-bien-va-a-jugar-contra-peru-adelanto-scaloni\/","og_site_name":"Diario Textual","article_publisher":"https:\/\/www.facebook.com\/eltextual","article_published_time":"2023-10-16T19:51:40+00:00","article_modified_time":"2023-10-16T22:33:26+00:00","og_image":[{"width":2184,"height":1456,"url":"https:\/\/diariotextual.com\/inicio\/wp-content\/uploads\/2023\/10\/scalonilionel2023-1.jpg","type":"image\/jpeg"}],"author":"Diario1 Diario1","twitter_card":"summary_large_image","twitter_creator":"@eltextual","twitter_site":"@eltextual","twitter_misc":{"Escrito por":"Diario1 Diario1","Tiempo de lectura":"2 minutos"},"schema":{"@context":"https:\/\/schema.org","@graph":[{"@type":"Article","@id":"https:\/\/diariotextual.com\/inicio\/index.php\/2023\/10\/16\/si-messi-esta-bien-va-a-jugar-contra-peru-adelanto-scaloni\/#article","isPartOf":{"@id":"https:\/\/diariotextual.com\/inicio\/index.php\/2023\/10\/16\/si-messi-esta-bien-va-a-jugar-contra-peru-adelanto-scaloni\/"},"author":{"name":"Diario1 Diario1","@id":"https:\/\/diariotextual.com\/inicio\/#\/schema\/person\/418fc4093c33e86ed41562db3508f958"},"headline":"\u201cSi Messi est\u00e1 bien, va a jugar contra Per\u00fa\u201d, adelant\u00f3 Scaloni","datePublished":"2023-10-16T19:51:40+00:00","dateModified":"2023-10-16T22:33:26+00:00","mainEntityOfPage":{"@id":"https:\/\/diariotextual.com\/inicio\/index.php\/2023\/10\/16\/si-messi-esta-bien-va-a-jugar-contra-peru-adelanto-scaloni\/"},"wordCount":341,"publisher":{"@id":"https:\/\/diariotextual.com\/inicio\/#organization"},"image":{"@id":"https:\/\/diariotextual.com\/inicio\/index.php\/2023\/10\/16\/si-messi-esta-bien-va-a-jugar-contra-peru-adelanto-scaloni\/#primaryimage"},"thumbnailUrl":"https:\/\/diariotextual.com\/inicio\/wp-content\/uploads\/2023\/10\/scalonilionel2023-1.jpg","articleSection":["A - ES NOTICIA (van abajo)","DEPORTES"],"inLanguage":"es"},{"@type":"WebPage","@id":"https:\/\/diariotextual.com\/inicio\/index.php\/2023\/10\/16\/si-messi-esta-bien-va-a-jugar-contra-peru-adelanto-scaloni\/","url":"https:\/\/diariotextual.com\/inicio\/index.php\/2023\/10\/16\/si-messi-esta-bien-va-a-jugar-contra-peru-adelanto-scaloni\/","name":"\u201cSi Messi est\u00e1 bien, va a jugar contra Per\u00fa\u201d, adelant\u00f3 Scaloni - Diario Textual","isPartOf":{"@id":"https:\/\/diariotextual.com\/inicio\/#website"},"primaryImageOfPage":{"@id":"https:\/\/diariotextual.com\/inicio\/index.php\/2023\/10\/16\/si-messi-esta-bien-va-a-jugar-contra-peru-adelanto-scaloni\/#primaryimage"},"image":{"@id":"https:\/\/diariotextual.com\/inicio\/index.php\/2023\/10\/16\/si-messi-esta-bien-va-a-jugar-contra-peru-adelanto-scaloni\/#primaryimage"},"thumbnailUrl":"https:\/\/diariotextual.com\/inicio\/wp-content\/uploads\/2023\/10\/scalonilionel2023-1.jpg","datePublished":"2023-10-16T19:51:40+00:00","dateModified":"2023-10-16T22:33:26+00:00","breadcrumb":{"@id":"https:\/\/diariotextual.com\/inicio\/index.php\/2023\/10\/16\/si-messi-esta-bien-va-a-jugar-contra-peru-adelanto-scaloni\/#breadcrumb"},"inLanguage":"es","potentialAction":[{"@type":"ReadAction","target":["https:\/\/diariotextual.com\/inicio\/index.php\/2023\/10\/16\/si-messi-esta-bien-va-a-jugar-contra-peru-adelanto-scaloni\/"]}]},{"@type":"ImageObject","inLanguage":"es","@id":"https:\/\/diariotextual.com\/inicio\/index.php\/2023\/10\/16\/si-messi-esta-bien-va-a-jugar-contra-peru-adelanto-scaloni\/#primaryimage","url":"https:\/\/diariotextual.com\/inicio\/wp-content\/uploads\/2023\/10\/scalonilionel2023-1.jpg","contentUrl":"https:\/\/diariotextual.com\/inicio\/wp-content\/uploads\/2023\/10\/scalonilionel2023-1.jpg","width":2184,"height":1456},{"@type":"BreadcrumbList","@id":"https:\/\/diariotextual.com\/inicio\/index.php\/2023\/10\/16\/si-messi-esta-bien-va-a-jugar-contra-peru-adelanto-scaloni\/#breadcrumb","itemListElement":[{"@type":"ListItem","position":1,"name":"Portada","item":"https:\/\/diariotextual.com\/inicio\/"},{"@type":"ListItem","position":2,"name":"\u201cSi Messi est\u00e1 bien, va a jugar contra Per\u00fa\u201d, adelant\u00f3 Scaloni"}]},{"@type":"WebSite","@id":"https:\/\/diariotextual.com\/inicio\/#website","url":"https:\/\/diariotextual.com\/inicio\/","name":"Diario Textual","description":"","publisher":{"@id":"https:\/\/diariotextual.com\/inicio\/#organization"},"potentialAction":[{"@type":"SearchAction","target":{"@type":"EntryPoint","urlTemplate":"https:\/\/diariotextual.com\/inicio\/?s={search_term_string}"},"query-input":{"@type":"PropertyValueSpecification","valueRequired":true,"valueName":"search_term_string"}}],"inLanguage":"es"},{"@type":"Organization","@id":"https:\/\/diariotextual.com\/inicio\/#organization","name":"Diario Textual","url":"https:\/\/diariotextual.com\/inicio\/","logo":{"@type":"ImageObject","inLanguage":"es","@id":"https:\/\/diariotextual.com\/inicio\/#\/schema\/logo\/image\/","url":"https:\/\/diariotextual.com\/inicio\/wp-content\/uploads\/2023\/05\/logotextual1.jpg","contentUrl":"https:\/\/diariotextual.com\/inicio\/wp-content\/uploads\/2023\/05\/logotextual1.jpg","width":516,"height":76,"caption":"Diario Textual"},"image":{"@id":"https:\/\/diariotextual.com\/inicio\/#\/schema\/logo\/image\/"},"sameAs":["https:\/\/www.facebook.com\/eltextual","https:\/\/x.com\/eltextual","http:\/\/www.instagram.com\/eltextual"]},{"@type":"Person","@id":"https:\/\/diariotextual.com\/inicio\/#\/schema\/person\/418fc4093c33e86ed41562db3508f958","name":"Diario1 Diario1","image":{"@type":"ImageObject","inLanguage":"es","@id":"https:\/\/secure.gravatar.com\/avatar\/9167d280179c85bc18be67aa7eda765854300033af4896dd779b608640f2ef7a?s=96&d=mm&r=g","url":"https:\/\/secure.gravatar.com\/avatar\/9167d280179c85bc18be67aa7eda765854300033af4896dd779b608640f2ef7a?s=96&d=mm&r=g","contentUrl":"https:\/\/secure.gravatar.com\/avatar\/9167d280179c85bc18be67aa7eda765854300033af4896dd779b608640f2ef7a?s=96&d=mm&r=g","caption":"Diario1 Diario1"},"url":"https:\/\/diariotextual.com\/inicio\/index.php\/author\/diario1\/"}]}},"_links":{"self":[{"href":"https:\/\/diariotextual.com\/inicio\/index.php\/wp-json\/wp\/v2\/posts\/240876","targetHints":{"allow":["GET"]}}],"collection":[{"href":"https:\/\/diariotextual.com\/inicio\/index.php\/wp-json\/wp\/v2\/posts"}],"about":[{"href":"https:\/\/diariotextual.com\/inicio\/index.php\/wp-json\/wp\/v2\/types\/post"}],"author":[{"embeddable":true,"href":"https:\/\/diariotextual.com\/inicio\/index.php\/wp-json\/wp\/v2\/users\/3"}],"replies":[{"embeddable":true,"href":"https:\/\/diariotextual.com\/inicio\/index.php\/wp-json\/wp\/v2\/comments?post=240876"}],"version-history":[{"count":1,"href":"https:\/\/diariotextual.com\/inicio\/index.php\/wp-json\/wp\/v2\/posts\/240876\/revisions"}],"predecessor-version":[{"id":240878,"href":"https:\/\/diariotextual.com\/inicio\/index.php\/wp-json\/wp\/v2\/posts\/240876\/revisions\/240878"}],"wp:featuredmedia":[{"embeddable":true,"href":"https:\/\/diariotextual.com\/inicio\/index.php\/wp-json\/wp\/v2\/media\/240877"}],"wp:attachment":[{"href":"https:\/\/diariotextual.com\/inicio\/index.php\/wp-json\/wp\/v2\/media?parent=240876"}],"wp:term":[{"taxonomy":"category","embeddable":true,"href":"https:\/\/diariotextual.com\/inicio\/index.php\/wp-json\/wp\/v2\/categories?post=240876"},{"taxonomy":"post_tag","embeddable":true,"href":"https:\/\/diariotextual.com\/inicio\/index.php\/wp-json\/wp\/v2\/tags?post=240876"}],"curies":[{"name":"wp","href":"https:\/\/api.w.org\/{rel}","templated":true}]}}