{"id":240987,"date":"2023-10-17T10:32:20","date_gmt":"2023-10-17T13:32:20","guid":{"rendered":"https:\/\/diariotextual.com\/inicio\/?p=240987"},"modified":"2023-10-18T08:25:22","modified_gmt":"2023-10-18T11:25:22","slug":"ziliotto-y-las-elecciones-hay-mucho-en-juego-para-la-pampa","status":"publish","type":"post","link":"https:\/\/diariotextual.com\/inicio\/index.php\/2023\/10\/17\/ziliotto-y-las-elecciones-hay-mucho-en-juego-para-la-pampa\/","title":{"rendered":"Ziliotto pide votar a conciencia: dependiendo del presidente, La Pampa \u201cva a crecer o resistir\u201d"},"content":{"rendered":"\n<p>El gobernador <strong>Sergio Ziliotto<\/strong> dijo este martes, en una conferencia en el Sal\u00f3n de Acuerdos de Casa de Gobierno, que <strong>\u201chay mucho en juego para La Pampa\u201d<\/strong> en las elecciones de este domingo 22. Dijo que, dependiendo del nuevo presidente, la provincia \u201cva a crecer o resistir\u201d<\/p>\n\n\n\n<p><strong>\u201cComo principal objetivo que nos hemos planteado como coalici\u00f3n es esclarecer lo que est\u00e1 en juego<\/strong>\u201d, dijo. \u201cPara La Pampa no da lo mismo qui\u00e9n ser\u00e1 el presidente\u201d, dijo. \u201c<strong>Est\u00e1 en juego cu\u00e1l es el futuro de La Pampa\u201d<\/strong>, agreg\u00f3.<\/p>\n\n\n\n<p>\u00bfQu\u00e9 pasar\u00e1 en La Pampa si gana Milei? \u201cSe restringir\u00e1 la obra p\u00fablica y el apoyo a los sectores productivos\u201d, dijo.<\/p>\n\n\n\n<p><strong>Reconoci\u00f3 que el ciudadano est\u00e1 \u201cmal\u201d, pero pidi\u00f3 votar con \u201cracionalidad\u201d porque, con Javier Milei o Patricia Bullrich en la Casa Rosada, va a estar \u201cpeor\u201d que ahora.<\/strong><\/p>\n\n\n\n<div style=\"height:100px\" aria-hidden=\"true\" class=\"wp-block-spacer\"><\/div>\n\n\n\n<p><strong>Campa\u00f1a diferente<\/strong><\/p>\n\n\n\n<p>\u201cVemos una campa\u00f1a totalmente distinta a lo que fueron las PASO. Es muy necesario esclarecer qu\u00e9 es lo que est\u00e1 en juego&#8230;. Muchas veces no hay tiempo para arrepentirse&#8230; Entonces creo que el principal objetivo que hemos dise\u00f1ado en esta campa\u00f1a, que est\u00e1n llevando adelante nuestros militantes, es ir a hablar con cada ciudadana y cada ciudadano para explicarles lo que est\u00e1 en juego, que no solo es elegir un presidente y una presidenta, sino tambi\u00e9n entender que hay mucho en juego para la provincia de La Pampa\u201d, dijo.<\/p>\n\n\n\n<p>\u201cHemos dicho m\u00e1s de una vez que <strong>para la provincia de La Pampa no da lo mismo qui\u00e9n va a gobernar la Rep\u00fablica Argentina.<\/strong> Nosotros tenemos un esquema de gesti\u00f3n que necesita de una Argentina que piense m\u00e1s en la producci\u00f3n y el trabajo, y no tanto en la especulaci\u00f3n ni en el mercado. Sabemos que necesitamos un gobierno que mira a la Rep\u00fablica Argentina en forma arm\u00f3nica, que plantee igualdades, igualdad de oportunidades e inclusi\u00f3n en cada territorio, y lo que est\u00e1 en juego en la provincia de La Pampa no es cualquier cosa\u201d, dijo el mandatario. \u201cYo debo decirle al pueblo de la provincia de La Pampa qu\u00e9 es lo que voy a poder hacer con un gobierno y qu\u00e9 voy a poder hacer con otro. La gente vot\u00f3 el 14 de mayo un modelo de provincia. Ese modelo de provincia se abastece de, no solo de una gesti\u00f3n provincial, sino tambi\u00e9n de una mirada nacional, como les dec\u00eda anteriormente, que contenga a todos. No va a ser lo mismo. Y en ese sentido, <strong>cada uno, cuando vote el d\u00eda domingo, sabr\u00e1 que no solo est\u00e1 en juego la elecci\u00f3n de un presidente o presidenta, sino que est\u00e1 en juego el futuro de la provincia de La Pampa<\/strong>\u201d, manifest\u00f3.<\/p>\n\n\n\n<div style=\"height:100px\" aria-hidden=\"true\" class=\"wp-block-spacer\"><\/div>\n\n\n\n<p><strong>Cambio de gabinete<\/strong><\/p>\n\n\n\n<p>La posibilidad de pegar un<strong>&nbsp;\u201cvolantazo<\/strong>\u201d en el Gabinete, desde el 10 de diciembre, a\u00fan est\u00e1 latente en&nbsp;<strong>Sergio Ziliotto.&nbsp;<\/strong>Esta semana comenzaron a llegar las presentaciones de&nbsp;<strong>las renuncias de todos sus funcionario<\/strong>s -como<strong><a href=\"https:\/\/diariotextual.com\/inicio\/index.php\/2023\/10\/12\/una-formalidad-ziliotto-les-pidio-la-renuncia-a-todos-sus-funcionarios\/\" target=\"_blank\" rel=\"noreferrer noopener\">&nbsp;adelant\u00f3 la semana pasada Diario Textual<\/a><\/strong>\u2013 &nbsp;y hoy, en conferencia de prensa,&nbsp;<strong>el mandatario provincial dijo que la \u201cestructura del Gobierno\u201d ser\u00e1 diferente si el nuevo presidente es el peronista Sergio Massa o el libertario Javier Milei.<\/strong><\/p>\n\n\n\n<p>\u201cCuando planteo qu\u00e9 pa\u00eds va a votar la gente, tiene que ver tambi\u00e9n con qu\u00e9 herramientas voy a contar yo en la provincia\u201d, dijo. \u201cTengo que decirle a la sociedad qu\u00e9 podr\u00eda hacer con un presidente y qu\u00e9 podr\u00eda hacer con otro presidente, tengo que mantener la soberan\u00eda pol\u00edtica y apoyar las decisiones en defensa de La Pampa, pero para tener soberan\u00eda pol\u00edtica hay que tener soberan\u00eda econ\u00f3mica\u201d, expres\u00f3.<strong><\/strong><\/p>\n\n\n\n<p><strong>\u201c(Dependiendo del nuevo presidente) Vamos a plantear un presupuesto y un esquema de gesti\u00f3n y estructura de gobierno que nos permita que haya m\u00e1s obra p\u00fablica y trabajo o vamos a plantear un esquema para resistir y defender lo que tenemos\u201d<\/strong>, dijo.<\/p>\n\n\n\n<div style=\"height:100px\" aria-hidden=\"true\" class=\"wp-block-spacer\"><\/div>\n\n\n\n<p><\/p>\n\n\n\n<p><strong>Coparticipaci\u00f3n<\/strong><\/p>\n\n\n\n<p>Ziliotto record\u00f3 que hay candidatos presidenciales, como Javier Milei, que proponen eliminar la coparticipaci\u00f3n para las provincias, recursos que en la actualidad representan el 62 por ciento de los fondos con que cuenta la provincia. \u201cVamos a garantizar prestaciones en virtud de nuestra solvencia financiera, vamos a resistir, pero no sabemos si vamos a poder seguir creciendo\u201d, dijo.<\/p>\n\n\n\n<p>\u201c<strong>Yo no voy a poder hacer la misma gesti\u00f3n que hicimos hasta ahora, pensando de qu\u00e9 manera crecemos, c\u00f3mo llevamos adelante una pol\u00edtica de producci\u00f3n y trabajo con una gran presencia del Estado, si la opci\u00f3n que elige la ciudadan\u00eda es claramente una posici\u00f3n anti-Estado<\/strong>\u201d, dijo. \u201cEntonces creo que mi mayor responsabilidad es decirle a la sociedad qu\u00e9 necesito para gobernar los pr\u00f3ximos 4 a\u00f1os en base a tener la responsabilidad que la misma sociedad me dio el 14 de mayo. Y creo que cuando hablamos de campa\u00f1a de concientizaci\u00f3n, es eso. Yo creo que cada uno debe hacerse responsable que est\u00e1 nada m\u00e1s ni nada menos que en juego cu\u00e1l es el futuro de la provincia de La Pampa y en lo que tiene que ver con este gobierno cu\u00e1l va a ser el eje de la gesti\u00f3n\u201d, sostuvo.<\/p>\n\n\n\n<p><strong>Ziliotto tambi\u00e9n dijo que se retrasar\u00e1 el env\u00edo del proyecto de Presupuesto 2023: reci\u00e9n lo enviar\u00e1 a la Legislatura luego del balotaje, que se har\u00e1 el 19 de noviembre.<\/strong> En rigor, a\u00fan no est\u00e1 definido que haya segunda vuelta, pero en el Gobierno lo descuenta.<\/p>\n\n\n\n<p>\u201cCuando planteo de qu\u00e9 pa\u00eds va a votar la gente el 22 de octubre y seguramente tambi\u00e9n el 19 de noviembre, tendr\u00e1 que ver tambi\u00e9n con qu\u00e9 herramientas me encuentro yo para gobernar los pr\u00f3ximos cuatro a\u00f1os. Y eso tiene que ver con cu\u00e1l va a ser la estructura de un presupuesto provincial y tambi\u00e9n cu\u00e1l va a ser el eje de la gesti\u00f3n\u201d, dijo.<\/p>\n\n\n\n<p>\u201cTengo que ser lo m\u00e1s claro posible a partir de la responsabilidad que tengo para gobernar los pr\u00f3ximos cuatro a\u00f1os y decirle a la sociedad qu\u00e9 podr\u00eda hacer con un presidente y qu\u00e9 podr\u00eda hacer con otro presidente. Tengo la enorme responsabilidad de mantener el principal activo que se construy\u00f3 en la provincia de La Pampa desde la vuelta de la democracia, que es el orden financiero. Tengo que mantener la soberan\u00eda pol\u00edtica que siempre nos distingui\u00f3 a los gobiernos provinciales de siempre tomar decisiones de apoyar o no una medida nacional en el marco de la defensa de La Pampa. Ese activo no lo voy a dilapidar. Yo creo que para tener soberan\u00eda pol\u00edtica es necesario tener independencia econ\u00f3mica. La fortaleza financiera de la provincia de La Pampa no la vamos a entregar bajo ning\u00fan punto de vista\u201d, remarc\u00f3.<\/p>\n\n\n\n<p>\u201c<strong>No es campa\u00f1a del miedo, es la realidad<\/strong>. Nunca van a tener, en mi palabra, que voy a enga\u00f1ar a la sociedad. El 20 de noviembre estaremos mandando un presupuesto a la C\u00e1mara de Diputados en virtud de la provincia de La Pampa para los pr\u00f3ximos cuatro a\u00f1os. \u00bfEn virtud de qu\u00e9? De nuestra fortaleza financiera para garantizar una prestaci\u00f3n de derechos, pero no para seguir creciendo. Y esto lo quiero plantear crudamente. <strong>Vamos a plantear un presupuesto y a su vez un esquema de gesti\u00f3n, contestando a tu pregunta, lo cual va a ser la estructura de gobierno que nos permita hacer una gesti\u00f3n para que cada vez haya m\u00e1s inversi\u00f3n p\u00fablica en producci\u00f3n, en obra p\u00fablica y en trabajo, o vamos a armar un esquema para resistir y cuidar lo conseguido<\/strong>\u201d, dijo.<\/p>\n\n\n\n<div style=\"height:100px\" aria-hidden=\"true\" class=\"wp-block-spacer\"><\/div>\n\n\n\n<p><strong>Cierre de campa\u00f1a<\/strong><\/p>\n\n\n\n<p>Esta noche, el frente&nbsp;<strong>Uni\u00f3n por la Patria&nbsp;<\/strong>(UxP, dominado por el PJ) tendr\u00e1&nbsp;<strong><a href=\"https:\/\/diariotextual.com\/inicio\/index.php\/2023\/10\/17\/uxp-cierra-la-campana-advertencia-de-los-riesgos-de-milei-y-llamado-a-defender-la-pampa\/\" target=\"_blank\" rel=\"noreferrer noopener\">su cierre de campa\u00f1a en La Pampa&nbsp;<\/a><\/strong>en un&nbsp;<strong>acto multitudinario<\/strong>&nbsp;que se desarrollar\u00e1 en el&nbsp;<strong>Club Guardia del Monte de Toay<\/strong>. &nbsp;Estar\u00e1n el candidato a diputado nacional&nbsp;<strong>Ariel Rauschenberger<\/strong>&nbsp;-quien se descuenta que ya tiene un lugar en el Congreso nacional junto al macrista<strong>&nbsp;Mart\u00edn Ardohain<\/strong>-, y el gobernador<strong>&nbsp;Sergio Ziliotto<\/strong>, quien se ha puesto al frente de la campa\u00f1a. Seg\u00fan dijeron desde el partido a&nbsp;<strong>Diario Textual<\/strong>,&nbsp;<strong>participar\u00e1n todas las l\u00edneas del PJ.<\/strong><\/p>\n\n\n\n<p>El encuentro tendr\u00e1 dos objetivos:&nbsp;<strong>cerrar la campa\u00f1a electoral&nbsp;<\/strong>y<strong>&nbsp;conmemorar el 17 de octubre<\/strong>.<\/p>\n\n\n\n<p>El<strong>&nbsp;peronismo puso toda la carne al asador en esta campa\u00f1a electoral.<\/strong>&nbsp;La intenci\u00f3n de Ziliotto y el conjunto del peronismo pampeano es traccionar votos en los comicios de este domingo 22 para el candidato presidencial Sergio Massa: esperan que Massa llegue al balotaje de noviembre.<\/p>\n\n\n\n<p>En La Pampa el ministro de Econom\u00eda sali\u00f3 tercero en las PASO, detr\u00e1s del libertario&nbsp;<strong>Javier Milei<\/strong>&nbsp;(La Libertad Avanza) y de&nbsp;<strong>Patricia Bullrich (Juntos por el Cambio).<\/strong>&nbsp;En ese marco,&nbsp;<strong>desde el PJ activaron todos los mecanismos del aparato provincial para enfrentar, principalmente, a la \u201cola Milei\u201d.<\/strong><\/p>\n\n\n\n<p><\/p>\n\n\n\n<figure class=\"wp-block-embed is-type-wp-embed is-provider-diario-textual wp-block-embed-diario-textual\"><div class=\"wp-block-embed__wrapper\">\n<blockquote class=\"wp-embedded-content\" data-secret=\"4AKYPrr1G8\"><a href=\"https:\/\/diariotextual.com\/inicio\/index.php\/2023\/10\/17\/a-dias-del-22-o-que-se-juega-ziliotto-que-se-juega-la-oposicion\/\">A d\u00edas del 22-O: qu\u00e9 se juega Ziliotto, qu\u00e9 se juega la oposici\u00f3n<\/a><\/blockquote><iframe class=\"wp-embedded-content\" sandbox=\"allow-scripts\" security=\"restricted\" style=\"position: absolute; clip: rect(1px, 1px, 1px, 1px);\" title=\"\u00abA d\u00edas del 22-O: qu\u00e9 se juega Ziliotto, qu\u00e9 se juega la oposici\u00f3n\u00bb \u2014 Diario Textual\" src=\"https:\/\/diariotextual.com\/inicio\/index.php\/2023\/10\/17\/a-dias-del-22-o-que-se-juega-ziliotto-que-se-juega-la-oposicion\/embed\/#?secret=fpwdKbZKTB#?secret=4AKYPrr1G8\" data-secret=\"4AKYPrr1G8\" width=\"600\" height=\"338\" frameborder=\"0\" marginwidth=\"0\" marginheight=\"0\" scrolling=\"no\"><\/iframe>\n<\/div><\/figure>\n\n\n\n<p><\/p>\n\n\n\n<p><\/p>\n\n\n\n<p><\/p>\n\n\n\n<p><\/p>\n","protected":false},"excerpt":{"rendered":"<p>El gobernador Sergio Ziliotto dijo este martes, en una conferencia en el Sal\u00f3n de Acuerdos de Casa de Gobierno, que \u201chay mucho en juego para La Pampa\u201d en las elecciones&hellip;<\/p>\n","protected":false},"author":3,"featured_media":241042,"comment_status":"closed","ping_status":"open","sticky":false,"template":"","format":"standard","meta":{"_acf_changed":false,"footnotes":""},"categories":[11,8],"tags":[],"class_list":["post-240987","post","type-post","status-publish","format-standard","has-post-thumbnail","hentry","category-que-pasa","category-politica"],"acf":[],"yoast_head":"<!-- This site is optimized with the Yoast SEO plugin v27.5 - https:\/\/yoast.com\/product\/yoast-seo-wordpress\/ -->\n<title>Ziliotto pide votar a conciencia: dependiendo del presidente, La Pampa \u201cva a crecer o resistir\u201d - Diario Textual<\/title>\n<meta name=\"robots\" content=\"index, follow, max-snippet:-1, max-image-preview:large, max-video-preview:-1\" \/>\n<link rel=\"canonical\" href=\"https:\/\/diariotextual.com\/inicio\/index.php\/2023\/10\/17\/ziliotto-y-las-elecciones-hay-mucho-en-juego-para-la-pampa\/\" \/>\n<meta property=\"og:locale\" content=\"es_ES\" \/>\n<meta property=\"og:type\" content=\"article\" \/>\n<meta property=\"og:title\" content=\"Ziliotto pide votar a conciencia: dependiendo del presidente, La Pampa \u201cva a crecer o resistir\u201d - Diario Textual\" \/>\n<meta property=\"og:description\" content=\"El gobernador Sergio Ziliotto dijo este martes, en una conferencia en el Sal\u00f3n de Acuerdos de Casa de Gobierno, que \u201chay mucho en juego para La Pampa\u201d en las elecciones&hellip;\" \/>\n<meta property=\"og:url\" content=\"https:\/\/diariotextual.com\/inicio\/index.php\/2023\/10\/17\/ziliotto-y-las-elecciones-hay-mucho-en-juego-para-la-pampa\/\" \/>\n<meta property=\"og:site_name\" content=\"Diario Textual\" \/>\n<meta property=\"article:publisher\" content=\"https:\/\/www.facebook.com\/eltextual\" \/>\n<meta property=\"article:published_time\" content=\"2023-10-17T13:32:20+00:00\" \/>\n<meta property=\"article:modified_time\" content=\"2023-10-18T11:25:22+00:00\" \/>\n<meta property=\"og:image\" content=\"https:\/\/diariotextual.com\/inicio\/wp-content\/uploads\/2023\/10\/ziliottosergio2023-3001.jpg\" \/>\n\t<meta property=\"og:image:width\" content=\"1500\" \/>\n\t<meta property=\"og:image:height\" content=\"1000\" \/>\n\t<meta property=\"og:image:type\" content=\"image\/jpeg\" \/>\n<meta name=\"author\" content=\"Diario1 Diario1\" \/>\n<meta name=\"twitter:card\" content=\"summary_large_image\" \/>\n<meta name=\"twitter:creator\" content=\"@eltextual\" \/>\n<meta name=\"twitter:site\" content=\"@eltextual\" \/>\n<meta name=\"twitter:label1\" content=\"Escrito por\" \/>\n\t<meta name=\"twitter:data1\" content=\"Diario1 Diario1\" \/>\n\t<meta name=\"twitter:label2\" content=\"Tiempo de lectura\" \/>\n\t<meta name=\"twitter:data2\" content=\"7 minutos\" \/>\n<script type=\"application\/ld+json\" class=\"yoast-schema-graph\">{\"@context\":\"https:\\\/\\\/schema.org\",\"@graph\":[{\"@type\":\"Article\",\"@id\":\"https:\\\/\\\/diariotextual.com\\\/inicio\\\/index.php\\\/2023\\\/10\\\/17\\\/ziliotto-y-las-elecciones-hay-mucho-en-juego-para-la-pampa\\\/#article\",\"isPartOf\":{\"@id\":\"https:\\\/\\\/diariotextual.com\\\/inicio\\\/index.php\\\/2023\\\/10\\\/17\\\/ziliotto-y-las-elecciones-hay-mucho-en-juego-para-la-pampa\\\/\"},\"author\":{\"name\":\"Diario1 Diario1\",\"@id\":\"https:\\\/\\\/diariotextual.com\\\/inicio\\\/#\\\/schema\\\/person\\\/418fc4093c33e86ed41562db3508f958\"},\"headline\":\"Ziliotto pide votar a conciencia: dependiendo del presidente, La Pampa \u201cva a crecer o resistir\u201d\",\"datePublished\":\"2023-10-17T13:32:20+00:00\",\"dateModified\":\"2023-10-18T11:25:22+00:00\",\"mainEntityOfPage\":{\"@id\":\"https:\\\/\\\/diariotextual.com\\\/inicio\\\/index.php\\\/2023\\\/10\\\/17\\\/ziliotto-y-las-elecciones-hay-mucho-en-juego-para-la-pampa\\\/\"},\"wordCount\":1557,\"publisher\":{\"@id\":\"https:\\\/\\\/diariotextual.com\\\/inicio\\\/#organization\"},\"image\":{\"@id\":\"https:\\\/\\\/diariotextual.com\\\/inicio\\\/index.php\\\/2023\\\/10\\\/17\\\/ziliotto-y-las-elecciones-hay-mucho-en-juego-para-la-pampa\\\/#primaryimage\"},\"thumbnailUrl\":\"https:\\\/\\\/diariotextual.com\\\/inicio\\\/wp-content\\\/uploads\\\/2023\\\/10\\\/ziliottosergio2023-3001.jpg\",\"articleSection\":[\"A - QUE PASA (al costado)\",\"POLITICA\"],\"inLanguage\":\"es\"},{\"@type\":\"WebPage\",\"@id\":\"https:\\\/\\\/diariotextual.com\\\/inicio\\\/index.php\\\/2023\\\/10\\\/17\\\/ziliotto-y-las-elecciones-hay-mucho-en-juego-para-la-pampa\\\/\",\"url\":\"https:\\\/\\\/diariotextual.com\\\/inicio\\\/index.php\\\/2023\\\/10\\\/17\\\/ziliotto-y-las-elecciones-hay-mucho-en-juego-para-la-pampa\\\/\",\"name\":\"Ziliotto pide votar a conciencia: dependiendo del presidente, La Pampa \u201cva a crecer o resistir\u201d - Diario Textual\",\"isPartOf\":{\"@id\":\"https:\\\/\\\/diariotextual.com\\\/inicio\\\/#website\"},\"primaryImageOfPage\":{\"@id\":\"https:\\\/\\\/diariotextual.com\\\/inicio\\\/index.php\\\/2023\\\/10\\\/17\\\/ziliotto-y-las-elecciones-hay-mucho-en-juego-para-la-pampa\\\/#primaryimage\"},\"image\":{\"@id\":\"https:\\\/\\\/diariotextual.com\\\/inicio\\\/index.php\\\/2023\\\/10\\\/17\\\/ziliotto-y-las-elecciones-hay-mucho-en-juego-para-la-pampa\\\/#primaryimage\"},\"thumbnailUrl\":\"https:\\\/\\\/diariotextual.com\\\/inicio\\\/wp-content\\\/uploads\\\/2023\\\/10\\\/ziliottosergio2023-3001.jpg\",\"datePublished\":\"2023-10-17T13:32:20+00:00\",\"dateModified\":\"2023-10-18T11:25:22+00:00\",\"breadcrumb\":{\"@id\":\"https:\\\/\\\/diariotextual.com\\\/inicio\\\/index.php\\\/2023\\\/10\\\/17\\\/ziliotto-y-las-elecciones-hay-mucho-en-juego-para-la-pampa\\\/#breadcrumb\"},\"inLanguage\":\"es\",\"potentialAction\":[{\"@type\":\"ReadAction\",\"target\":[\"https:\\\/\\\/diariotextual.com\\\/inicio\\\/index.php\\\/2023\\\/10\\\/17\\\/ziliotto-y-las-elecciones-hay-mucho-en-juego-para-la-pampa\\\/\"]}]},{\"@type\":\"ImageObject\",\"inLanguage\":\"es\",\"@id\":\"https:\\\/\\\/diariotextual.com\\\/inicio\\\/index.php\\\/2023\\\/10\\\/17\\\/ziliotto-y-las-elecciones-hay-mucho-en-juego-para-la-pampa\\\/#primaryimage\",\"url\":\"https:\\\/\\\/diariotextual.com\\\/inicio\\\/wp-content\\\/uploads\\\/2023\\\/10\\\/ziliottosergio2023-3001.jpg\",\"contentUrl\":\"https:\\\/\\\/diariotextual.com\\\/inicio\\\/wp-content\\\/uploads\\\/2023\\\/10\\\/ziliottosergio2023-3001.jpg\",\"width\":1500,\"height\":1000},{\"@type\":\"BreadcrumbList\",\"@id\":\"https:\\\/\\\/diariotextual.com\\\/inicio\\\/index.php\\\/2023\\\/10\\\/17\\\/ziliotto-y-las-elecciones-hay-mucho-en-juego-para-la-pampa\\\/#breadcrumb\",\"itemListElement\":[{\"@type\":\"ListItem\",\"position\":1,\"name\":\"Portada\",\"item\":\"https:\\\/\\\/diariotextual.com\\\/inicio\\\/\"},{\"@type\":\"ListItem\",\"position\":2,\"name\":\"Ziliotto pide votar a conciencia: dependiendo del presidente, La Pampa \u201cva a crecer o resistir\u201d\"}]},{\"@type\":\"WebSite\",\"@id\":\"https:\\\/\\\/diariotextual.com\\\/inicio\\\/#website\",\"url\":\"https:\\\/\\\/diariotextual.com\\\/inicio\\\/\",\"name\":\"Diario Textual\",\"description\":\"\",\"publisher\":{\"@id\":\"https:\\\/\\\/diariotextual.com\\\/inicio\\\/#organization\"},\"potentialAction\":[{\"@type\":\"SearchAction\",\"target\":{\"@type\":\"EntryPoint\",\"urlTemplate\":\"https:\\\/\\\/diariotextual.com\\\/inicio\\\/?s={search_term_string}\"},\"query-input\":{\"@type\":\"PropertyValueSpecification\",\"valueRequired\":true,\"valueName\":\"search_term_string\"}}],\"inLanguage\":\"es\"},{\"@type\":\"Organization\",\"@id\":\"https:\\\/\\\/diariotextual.com\\\/inicio\\\/#organization\",\"name\":\"Diario Textual\",\"url\":\"https:\\\/\\\/diariotextual.com\\\/inicio\\\/\",\"logo\":{\"@type\":\"ImageObject\",\"inLanguage\":\"es\",\"@id\":\"https:\\\/\\\/diariotextual.com\\\/inicio\\\/#\\\/schema\\\/logo\\\/image\\\/\",\"url\":\"https:\\\/\\\/diariotextual.com\\\/inicio\\\/wp-content\\\/uploads\\\/2023\\\/05\\\/logotextual1.jpg\",\"contentUrl\":\"https:\\\/\\\/diariotextual.com\\\/inicio\\\/wp-content\\\/uploads\\\/2023\\\/05\\\/logotextual1.jpg\",\"width\":516,\"height\":76,\"caption\":\"Diario Textual\"},\"image\":{\"@id\":\"https:\\\/\\\/diariotextual.com\\\/inicio\\\/#\\\/schema\\\/logo\\\/image\\\/\"},\"sameAs\":[\"https:\\\/\\\/www.facebook.com\\\/eltextual\",\"https:\\\/\\\/x.com\\\/eltextual\",\"http:\\\/\\\/www.instagram.com\\\/eltextual\"]},{\"@type\":\"Person\",\"@id\":\"https:\\\/\\\/diariotextual.com\\\/inicio\\\/#\\\/schema\\\/person\\\/418fc4093c33e86ed41562db3508f958\",\"name\":\"Diario1 Diario1\",\"image\":{\"@type\":\"ImageObject\",\"inLanguage\":\"es\",\"@id\":\"https:\\\/\\\/secure.gravatar.com\\\/avatar\\\/9167d280179c85bc18be67aa7eda765854300033af4896dd779b608640f2ef7a?s=96&d=mm&r=g\",\"url\":\"https:\\\/\\\/secure.gravatar.com\\\/avatar\\\/9167d280179c85bc18be67aa7eda765854300033af4896dd779b608640f2ef7a?s=96&d=mm&r=g\",\"contentUrl\":\"https:\\\/\\\/secure.gravatar.com\\\/avatar\\\/9167d280179c85bc18be67aa7eda765854300033af4896dd779b608640f2ef7a?s=96&d=mm&r=g\",\"caption\":\"Diario1 Diario1\"},\"url\":\"https:\\\/\\\/diariotextual.com\\\/inicio\\\/index.php\\\/author\\\/diario1\\\/\"}]}<\/script>\n<!-- \/ Yoast SEO plugin. -->","yoast_head_json":{"title":"Ziliotto pide votar a conciencia: dependiendo del presidente, La Pampa \u201cva a crecer o resistir\u201d - Diario Textual","robots":{"index":"index","follow":"follow","max-snippet":"max-snippet:-1","max-image-preview":"max-image-preview:large","max-video-preview":"max-video-preview:-1"},"canonical":"https:\/\/diariotextual.com\/inicio\/index.php\/2023\/10\/17\/ziliotto-y-las-elecciones-hay-mucho-en-juego-para-la-pampa\/","og_locale":"es_ES","og_type":"article","og_title":"Ziliotto pide votar a conciencia: dependiendo del presidente, La Pampa \u201cva a crecer o resistir\u201d - Diario Textual","og_description":"El gobernador Sergio Ziliotto dijo este martes, en una conferencia en el Sal\u00f3n de Acuerdos de Casa de Gobierno, que \u201chay mucho en juego para La Pampa\u201d en las elecciones&hellip;","og_url":"https:\/\/diariotextual.com\/inicio\/index.php\/2023\/10\/17\/ziliotto-y-las-elecciones-hay-mucho-en-juego-para-la-pampa\/","og_site_name":"Diario Textual","article_publisher":"https:\/\/www.facebook.com\/eltextual","article_published_time":"2023-10-17T13:32:20+00:00","article_modified_time":"2023-10-18T11:25:22+00:00","og_image":[{"width":1500,"height":1000,"url":"https:\/\/diariotextual.com\/inicio\/wp-content\/uploads\/2023\/10\/ziliottosergio2023-3001.jpg","type":"image\/jpeg"}],"author":"Diario1 Diario1","twitter_card":"summary_large_image","twitter_creator":"@eltextual","twitter_site":"@eltextual","twitter_misc":{"Escrito por":"Diario1 Diario1","Tiempo de lectura":"7 minutos"},"schema":{"@context":"https:\/\/schema.org","@graph":[{"@type":"Article","@id":"https:\/\/diariotextual.com\/inicio\/index.php\/2023\/10\/17\/ziliotto-y-las-elecciones-hay-mucho-en-juego-para-la-pampa\/#article","isPartOf":{"@id":"https:\/\/diariotextual.com\/inicio\/index.php\/2023\/10\/17\/ziliotto-y-las-elecciones-hay-mucho-en-juego-para-la-pampa\/"},"author":{"name":"Diario1 Diario1","@id":"https:\/\/diariotextual.com\/inicio\/#\/schema\/person\/418fc4093c33e86ed41562db3508f958"},"headline":"Ziliotto pide votar a conciencia: dependiendo del presidente, La Pampa \u201cva a crecer o resistir\u201d","datePublished":"2023-10-17T13:32:20+00:00","dateModified":"2023-10-18T11:25:22+00:00","mainEntityOfPage":{"@id":"https:\/\/diariotextual.com\/inicio\/index.php\/2023\/10\/17\/ziliotto-y-las-elecciones-hay-mucho-en-juego-para-la-pampa\/"},"wordCount":1557,"publisher":{"@id":"https:\/\/diariotextual.com\/inicio\/#organization"},"image":{"@id":"https:\/\/diariotextual.com\/inicio\/index.php\/2023\/10\/17\/ziliotto-y-las-elecciones-hay-mucho-en-juego-para-la-pampa\/#primaryimage"},"thumbnailUrl":"https:\/\/diariotextual.com\/inicio\/wp-content\/uploads\/2023\/10\/ziliottosergio2023-3001.jpg","articleSection":["A - QUE PASA (al costado)","POLITICA"],"inLanguage":"es"},{"@type":"WebPage","@id":"https:\/\/diariotextual.com\/inicio\/index.php\/2023\/10\/17\/ziliotto-y-las-elecciones-hay-mucho-en-juego-para-la-pampa\/","url":"https:\/\/diariotextual.com\/inicio\/index.php\/2023\/10\/17\/ziliotto-y-las-elecciones-hay-mucho-en-juego-para-la-pampa\/","name":"Ziliotto pide votar a conciencia: dependiendo del presidente, La Pampa \u201cva a crecer o resistir\u201d - Diario Textual","isPartOf":{"@id":"https:\/\/diariotextual.com\/inicio\/#website"},"primaryImageOfPage":{"@id":"https:\/\/diariotextual.com\/inicio\/index.php\/2023\/10\/17\/ziliotto-y-las-elecciones-hay-mucho-en-juego-para-la-pampa\/#primaryimage"},"image":{"@id":"https:\/\/diariotextual.com\/inicio\/index.php\/2023\/10\/17\/ziliotto-y-las-elecciones-hay-mucho-en-juego-para-la-pampa\/#primaryimage"},"thumbnailUrl":"https:\/\/diariotextual.com\/inicio\/wp-content\/uploads\/2023\/10\/ziliottosergio2023-3001.jpg","datePublished":"2023-10-17T13:32:20+00:00","dateModified":"2023-10-18T11:25:22+00:00","breadcrumb":{"@id":"https:\/\/diariotextual.com\/inicio\/index.php\/2023\/10\/17\/ziliotto-y-las-elecciones-hay-mucho-en-juego-para-la-pampa\/#breadcrumb"},"inLanguage":"es","potentialAction":[{"@type":"ReadAction","target":["https:\/\/diariotextual.com\/inicio\/index.php\/2023\/10\/17\/ziliotto-y-las-elecciones-hay-mucho-en-juego-para-la-pampa\/"]}]},{"@type":"ImageObject","inLanguage":"es","@id":"https:\/\/diariotextual.com\/inicio\/index.php\/2023\/10\/17\/ziliotto-y-las-elecciones-hay-mucho-en-juego-para-la-pampa\/#primaryimage","url":"https:\/\/diariotextual.com\/inicio\/wp-content\/uploads\/2023\/10\/ziliottosergio2023-3001.jpg","contentUrl":"https:\/\/diariotextual.com\/inicio\/wp-content\/uploads\/2023\/10\/ziliottosergio2023-3001.jpg","width":1500,"height":1000},{"@type":"BreadcrumbList","@id":"https:\/\/diariotextual.com\/inicio\/index.php\/2023\/10\/17\/ziliotto-y-las-elecciones-hay-mucho-en-juego-para-la-pampa\/#breadcrumb","itemListElement":[{"@type":"ListItem","position":1,"name":"Portada","item":"https:\/\/diariotextual.com\/inicio\/"},{"@type":"ListItem","position":2,"name":"Ziliotto pide votar a conciencia: dependiendo del presidente, La Pampa \u201cva a crecer o resistir\u201d"}]},{"@type":"WebSite","@id":"https:\/\/diariotextual.com\/inicio\/#website","url":"https:\/\/diariotextual.com\/inicio\/","name":"Diario Textual","description":"","publisher":{"@id":"https:\/\/diariotextual.com\/inicio\/#organization"},"potentialAction":[{"@type":"SearchAction","target":{"@type":"EntryPoint","urlTemplate":"https:\/\/diariotextual.com\/inicio\/?s={search_term_string}"},"query-input":{"@type":"PropertyValueSpecification","valueRequired":true,"valueName":"search_term_string"}}],"inLanguage":"es"},{"@type":"Organization","@id":"https:\/\/diariotextual.com\/inicio\/#organization","name":"Diario Textual","url":"https:\/\/diariotextual.com\/inicio\/","logo":{"@type":"ImageObject","inLanguage":"es","@id":"https:\/\/diariotextual.com\/inicio\/#\/schema\/logo\/image\/","url":"https:\/\/diariotextual.com\/inicio\/wp-content\/uploads\/2023\/05\/logotextual1.jpg","contentUrl":"https:\/\/diariotextual.com\/inicio\/wp-content\/uploads\/2023\/05\/logotextual1.jpg","width":516,"height":76,"caption":"Diario Textual"},"image":{"@id":"https:\/\/diariotextual.com\/inicio\/#\/schema\/logo\/image\/"},"sameAs":["https:\/\/www.facebook.com\/eltextual","https:\/\/x.com\/eltextual","http:\/\/www.instagram.com\/eltextual"]},{"@type":"Person","@id":"https:\/\/diariotextual.com\/inicio\/#\/schema\/person\/418fc4093c33e86ed41562db3508f958","name":"Diario1 Diario1","image":{"@type":"ImageObject","inLanguage":"es","@id":"https:\/\/secure.gravatar.com\/avatar\/9167d280179c85bc18be67aa7eda765854300033af4896dd779b608640f2ef7a?s=96&d=mm&r=g","url":"https:\/\/secure.gravatar.com\/avatar\/9167d280179c85bc18be67aa7eda765854300033af4896dd779b608640f2ef7a?s=96&d=mm&r=g","contentUrl":"https:\/\/secure.gravatar.com\/avatar\/9167d280179c85bc18be67aa7eda765854300033af4896dd779b608640f2ef7a?s=96&d=mm&r=g","caption":"Diario1 Diario1"},"url":"https:\/\/diariotextual.com\/inicio\/index.php\/author\/diario1\/"}]}},"_links":{"self":[{"href":"https:\/\/diariotextual.com\/inicio\/index.php\/wp-json\/wp\/v2\/posts\/240987","targetHints":{"allow":["GET"]}}],"collection":[{"href":"https:\/\/diariotextual.com\/inicio\/index.php\/wp-json\/wp\/v2\/posts"}],"about":[{"href":"https:\/\/diariotextual.com\/inicio\/index.php\/wp-json\/wp\/v2\/types\/post"}],"author":[{"embeddable":true,"href":"https:\/\/diariotextual.com\/inicio\/index.php\/wp-json\/wp\/v2\/users\/3"}],"replies":[{"embeddable":true,"href":"https:\/\/diariotextual.com\/inicio\/index.php\/wp-json\/wp\/v2\/comments?post=240987"}],"version-history":[{"count":18,"href":"https:\/\/diariotextual.com\/inicio\/index.php\/wp-json\/wp\/v2\/posts\/240987\/revisions"}],"predecessor-version":[{"id":241043,"href":"https:\/\/diariotextual.com\/inicio\/index.php\/wp-json\/wp\/v2\/posts\/240987\/revisions\/241043"}],"wp:featuredmedia":[{"embeddable":true,"href":"https:\/\/diariotextual.com\/inicio\/index.php\/wp-json\/wp\/v2\/media\/241042"}],"wp:attachment":[{"href":"https:\/\/diariotextual.com\/inicio\/index.php\/wp-json\/wp\/v2\/media?parent=240987"}],"wp:term":[{"taxonomy":"category","embeddable":true,"href":"https:\/\/diariotextual.com\/inicio\/index.php\/wp-json\/wp\/v2\/categories?post=240987"},{"taxonomy":"post_tag","embeddable":true,"href":"https:\/\/diariotextual.com\/inicio\/index.php\/wp-json\/wp\/v2\/tags?post=240987"}],"curies":[{"name":"wp","href":"https:\/\/api.w.org\/{rel}","templated":true}]}}