{"id":241000,"date":"2023-10-17T10:46:44","date_gmt":"2023-10-17T13:46:44","guid":{"rendered":"https:\/\/diariotextual.com\/inicio\/?p=241000"},"modified":"2023-10-17T20:33:25","modified_gmt":"2023-10-17T23:33:25","slug":"el-gobernador-anuncio-que-presentara-el-presupuesto-2024-despues-del-balotaje","status":"publish","type":"post","link":"https:\/\/diariotextual.com\/inicio\/index.php\/2023\/10\/17\/el-gobernador-anuncio-que-presentara-el-presupuesto-2024-despues-del-balotaje\/","title":{"rendered":"El gobernador anunci\u00f3 que presentar\u00e1 el Presupuesto 2024 despu\u00e9s del balotaje"},"content":{"rendered":"\n<p>El gobernador <strong>Sergio Ziliotto<\/strong> dijo este martes, en conferencia de prensa, que se retrasar\u00e1 el env\u00edo del proyecto de ley de <strong>Presupuesto 2024<\/strong>: reci\u00e9n<strong> lo remitir\u00e1 a la Legislatura luego del balotaje,<\/strong> que tiene fecha para el 19 de noviembre. En rigor, a\u00fan no est\u00e1 definido que haya segunda vuelta, pero en el Gobierno lo descuentan. <\/p>\n\n\n\n<p>Hist\u00f3ricamente el proyecto de presupuesto se presenta en octubre o a m\u00e1s tardar a principios de noviembre. Pero en esta ocasi\u00f3n se retrasar\u00e1 el env\u00edo por las elecciones presidenciales. Es que no ser\u00e1 el mismo presupuesto si gana Massa que si triunfa otra opci\u00f3n pol\u00edtica. <\/p>\n\n\n\n<p><strong>\u201cVamos a definir si ser\u00e1 un esquema que nos permita hacer una gesti\u00f3n con m\u00e1s inversi\u00f3n en obras p\u00fablicas y trabajo o un esquema para resistir\u201d<\/strong>, dijo, en conferencia de prensa.<\/p>\n\n\n\n<p><strong>Ziliotto record\u00f3 que hay candidatos presidenciales, como Javier Milei, que proponen eliminar la coparticipaci\u00f3n para las provincias, recursos que en la actualidad representan el 62 por ciento de los fondos con que cuenta la provincia. \u201cVamos a garantizar prestaciones en virtud de nuestra solvencia financiera, vamos a resistir, pero no sabemos si vamos a poder seguir creciendo\u201d, dijo.<\/strong><\/p>\n\n\n\n<p>\u201cCuando planteo de qu\u00e9 pa\u00eds va a votar la gente el 22 de octubre y seguramente tambi\u00e9n el 19 de noviembre, tendr\u00e1 que ver tambi\u00e9n con qu\u00e9 herramientas me encuentro yo para gobernar los pr\u00f3ximos cuatro a\u00f1os. Y eso tiene que ver con cu\u00e1l va a ser la estructura de un presupuesto provincial y tambi\u00e9n cu\u00e1l va a ser el eje de la gesti\u00f3n\u201d, dijo. <\/p>\n\n\n\n<p>\u201cTengo que ser lo m\u00e1s claro posible a partir de la responsabilidad que tengo para gobernar los pr\u00f3ximos cuatro a\u00f1os y decirle a la sociedad qu\u00e9 podr\u00eda hacer con un presidente y qu\u00e9 podr\u00eda hacer con otro presidente. Tengo la enorme responsabilidad de mantener el principal activo que se construy\u00f3 en la provincia de La Pampa desde la vuelta de la democracia, que es el orden financiero. T<strong>engo que mantener la soberan\u00eda pol\u00edtica que siempre nos distingui\u00f3 a los gobiernos provinciales de siempre tomar decisiones de apoyar o no una medida nacional en el marco de la defensa de La Pampa. Ese activo no lo voy a dilapidar.<\/strong> Yo creo que para tener soberan\u00eda pol\u00edtica es necesario tener independencia econ\u00f3mica. La fortaleza financiera de la provincia de La Pampa no la vamos a entregar bajo ning\u00fan punto de vista\u201d, remarc\u00f3 el mandatario.<\/p>\n\n\n\n<p>\u201cHasta el 20 de noviembre no vamos a mandar el presupuesto a la C\u00e1mara de Diputados. Seguramente tendremos que extender las sesiones ordinarias. Pero<strong> quiero mandarle a la C\u00e1mara de Diputados un presupuesto cre\u00edble en base al tratamiento que vamos a tener como provincia de La Pampa y yo como gobernador para gobernar los pr\u00f3ximos cuatro a\u00f1os<\/strong>\u201d, agreg\u00f3. <\/p>\n\n\n\n<p><\/p>\n\n\n\n<figure class=\"wp-block-embed is-type-wp-embed is-provider-diario-textual wp-block-embed-diario-textual\"><div class=\"wp-block-embed__wrapper\">\n<blockquote class=\"wp-embedded-content\" data-secret=\"cziekOKsVL\"><a href=\"https:\/\/diariotextual.com\/inicio\/index.php\/2023\/10\/17\/a-dias-del-22-o-que-se-juega-ziliotto-que-se-juega-la-oposicion\/\">A d\u00edas del 22-O: qu\u00e9 se juega Ziliotto, qu\u00e9 se juega la oposici\u00f3n<\/a><\/blockquote><iframe class=\"wp-embedded-content\" sandbox=\"allow-scripts\" security=\"restricted\" style=\"position: absolute; clip: rect(1px, 1px, 1px, 1px);\" title=\"\u00abA d\u00edas del 22-O: qu\u00e9 se juega Ziliotto, qu\u00e9 se juega la oposici\u00f3n\u00bb \u2014 Diario Textual\" src=\"https:\/\/diariotextual.com\/inicio\/index.php\/2023\/10\/17\/a-dias-del-22-o-que-se-juega-ziliotto-que-se-juega-la-oposicion\/embed\/#?secret=56AsZLISRt#?secret=cziekOKsVL\" data-secret=\"cziekOKsVL\" width=\"600\" height=\"338\" frameborder=\"0\" marginwidth=\"0\" marginheight=\"0\" scrolling=\"no\"><\/iframe>\n<\/div><\/figure>\n\n\n\n<p><\/p>\n\n\n\n<p>\u201c<strong>No es campa\u00f1a del miedo, es la realidad. <\/strong>Nunca van a tener, en mi palabra, que voy a enga\u00f1ar a la sociedad. El 20 de noviembre estaremos mandando un presupuesto a la C\u00e1mara de Diputados en virtud de la provincia de La Pampa para los pr\u00f3ximos cuatro a\u00f1os. \u00bfEn virtud de qu\u00e9? De nuestra fortaleza financiera para garantizar una prestaci\u00f3n de derechos, pero no para seguir creciendo. Y esto lo quiero plantear crudamente. Vamos a plantear un presupuesto y a su vez un esquema de gesti\u00f3n, contestando a tu pregunta, lo cual va a ser la estructura de gobierno que nos permita hacer una gesti\u00f3n para que cada vez haya m\u00e1s inversi\u00f3n p\u00fablica en producci\u00f3n, en obra p\u00fablica y en trabajo, o vamos a armar un esquema para resistir y cuidar lo conseguido\u201d, dijo.<\/p>\n\n\n\n<p>Ziliotto dijo que \u201chay mucho en juego para La Pampa\u201d en las elecciones de este domingo 22. \u201cComo principal objetivo que nos hemos planteado como coalici\u00f3n es esclarecer lo que est\u00e1 en juego\u201d, dijo. \u201cPara La Pampa no da lo mismo qui\u00e9n ser\u00e1 el presidente\u201d, dijo. \u201cEst\u00e1 en juego cu\u00e1l es el futuro de La Pampa\u201d, agreg\u00f3.<\/p>\n\n\n\n<figure class=\"wp-block-embed is-type-wp-embed is-provider-diario-textual wp-block-embed-diario-textual\"><div class=\"wp-block-embed__wrapper\">\n<blockquote class=\"wp-embedded-content\" data-secret=\"tdPhpixntu\"><a href=\"https:\/\/diariotextual.com\/inicio\/index.php\/2023\/10\/17\/ziliotto-y-las-elecciones-hay-mucho-en-juego-para-la-pampa\/\">Ziliotto pide votar a conciencia: \u201cEst\u00e1 en juego el futuro de La Pampa\u201d<\/a><\/blockquote><iframe class=\"wp-embedded-content\" sandbox=\"allow-scripts\" security=\"restricted\" style=\"position: absolute; clip: rect(1px, 1px, 1px, 1px);\" title=\"\u00abZiliotto pide votar a conciencia: \u201cEst\u00e1 en juego el futuro de La Pampa\u201d\u00bb \u2014 Diario Textual\" src=\"https:\/\/diariotextual.com\/inicio\/index.php\/2023\/10\/17\/ziliotto-y-las-elecciones-hay-mucho-en-juego-para-la-pampa\/embed\/#?secret=PTQCukBI1l#?secret=tdPhpixntu\" data-secret=\"tdPhpixntu\" width=\"600\" height=\"338\" frameborder=\"0\" marginwidth=\"0\" marginheight=\"0\" scrolling=\"no\"><\/iframe>\n<\/div><\/figure>\n\n\n\n<p><\/p>\n","protected":false},"excerpt":{"rendered":"<p>El gobernador Sergio Ziliotto dijo este martes, en conferencia de prensa, que se retrasar\u00e1 el env\u00edo del proyecto de ley de Presupuesto 2024: reci\u00e9n lo remitir\u00e1 a la Legislatura luego&hellip;<\/p>\n","protected":false},"author":7,"featured_media":202503,"comment_status":"closed","ping_status":"open","sticky":false,"template":"","format":"standard","meta":{"_acf_changed":false,"footnotes":""},"categories":[1,11,8],"tags":[],"class_list":["post-241000","post","type-post","status-publish","format-standard","has-post-thumbnail","hentry","category-es-noticia","category-que-pasa","category-politica"],"acf":[],"yoast_head":"<!-- This site is optimized with the Yoast SEO plugin v27.5 - https:\/\/yoast.com\/product\/yoast-seo-wordpress\/ -->\n<title>El gobernador anunci\u00f3 que presentar\u00e1 el Presupuesto 2024 despu\u00e9s del balotaje - Diario Textual<\/title>\n<meta name=\"robots\" content=\"index, follow, max-snippet:-1, max-image-preview:large, max-video-preview:-1\" \/>\n<link rel=\"canonical\" href=\"https:\/\/diariotextual.com\/inicio\/index.php\/2023\/10\/17\/el-gobernador-anuncio-que-presentara-el-presupuesto-2024-despues-del-balotaje\/\" \/>\n<meta property=\"og:locale\" content=\"es_ES\" \/>\n<meta property=\"og:type\" content=\"article\" \/>\n<meta property=\"og:title\" content=\"El gobernador anunci\u00f3 que presentar\u00e1 el Presupuesto 2024 despu\u00e9s del balotaje - Diario Textual\" \/>\n<meta property=\"og:description\" content=\"El gobernador Sergio Ziliotto dijo este martes, en conferencia de prensa, que se retrasar\u00e1 el env\u00edo del proyecto de ley de Presupuesto 2024: reci\u00e9n lo remitir\u00e1 a la Legislatura luego&hellip;\" \/>\n<meta property=\"og:url\" content=\"https:\/\/diariotextual.com\/inicio\/index.php\/2023\/10\/17\/el-gobernador-anuncio-que-presentara-el-presupuesto-2024-despues-del-balotaje\/\" \/>\n<meta property=\"og:site_name\" content=\"Diario Textual\" \/>\n<meta property=\"article:publisher\" content=\"https:\/\/www.facebook.com\/eltextual\" \/>\n<meta property=\"article:published_time\" content=\"2023-10-17T13:46:44+00:00\" \/>\n<meta property=\"article:modified_time\" content=\"2023-10-17T23:33:25+00:00\" \/>\n<meta property=\"og:image\" content=\"https:\/\/diariotextual.com\/inicio\/wp-content\/uploads\/2022\/10\/legislaturacamaradiputadospampa2022-101.jpg\" \/>\n\t<meta property=\"og:image:width\" content=\"1500\" \/>\n\t<meta property=\"og:image:height\" content=\"1126\" \/>\n\t<meta property=\"og:image:type\" content=\"image\/jpeg\" \/>\n<meta name=\"author\" content=\"diario5\" \/>\n<meta name=\"twitter:card\" content=\"summary_large_image\" \/>\n<meta name=\"twitter:creator\" content=\"@eltextual\" \/>\n<meta name=\"twitter:site\" content=\"@eltextual\" \/>\n<meta name=\"twitter:label1\" content=\"Escrito por\" \/>\n\t<meta name=\"twitter:data1\" content=\"diario5\" \/>\n\t<meta name=\"twitter:label2\" content=\"Tiempo de lectura\" \/>\n\t<meta name=\"twitter:data2\" content=\"3 minutos\" \/>\n<script type=\"application\/ld+json\" class=\"yoast-schema-graph\">{\"@context\":\"https:\\\/\\\/schema.org\",\"@graph\":[{\"@type\":\"Article\",\"@id\":\"https:\\\/\\\/diariotextual.com\\\/inicio\\\/index.php\\\/2023\\\/10\\\/17\\\/el-gobernador-anuncio-que-presentara-el-presupuesto-2024-despues-del-balotaje\\\/#article\",\"isPartOf\":{\"@id\":\"https:\\\/\\\/diariotextual.com\\\/inicio\\\/index.php\\\/2023\\\/10\\\/17\\\/el-gobernador-anuncio-que-presentara-el-presupuesto-2024-despues-del-balotaje\\\/\"},\"author\":{\"name\":\"diario5\",\"@id\":\"https:\\\/\\\/diariotextual.com\\\/inicio\\\/#\\\/schema\\\/person\\\/c7834961ad8b29b1d9cdbf4571299067\"},\"headline\":\"El gobernador anunci\u00f3 que presentar\u00e1 el Presupuesto 2024 despu\u00e9s del balotaje\",\"datePublished\":\"2023-10-17T13:46:44+00:00\",\"dateModified\":\"2023-10-17T23:33:25+00:00\",\"mainEntityOfPage\":{\"@id\":\"https:\\\/\\\/diariotextual.com\\\/inicio\\\/index.php\\\/2023\\\/10\\\/17\\\/el-gobernador-anuncio-que-presentara-el-presupuesto-2024-despues-del-balotaje\\\/\"},\"wordCount\":719,\"publisher\":{\"@id\":\"https:\\\/\\\/diariotextual.com\\\/inicio\\\/#organization\"},\"image\":{\"@id\":\"https:\\\/\\\/diariotextual.com\\\/inicio\\\/index.php\\\/2023\\\/10\\\/17\\\/el-gobernador-anuncio-que-presentara-el-presupuesto-2024-despues-del-balotaje\\\/#primaryimage\"},\"thumbnailUrl\":\"https:\\\/\\\/diariotextual.com\\\/inicio\\\/wp-content\\\/uploads\\\/2022\\\/10\\\/legislaturacamaradiputadospampa2022-101.jpg\",\"articleSection\":[\"A - ES NOTICIA (van abajo)\",\"A - QUE PASA (al costado)\",\"POLITICA\"],\"inLanguage\":\"es\"},{\"@type\":\"WebPage\",\"@id\":\"https:\\\/\\\/diariotextual.com\\\/inicio\\\/index.php\\\/2023\\\/10\\\/17\\\/el-gobernador-anuncio-que-presentara-el-presupuesto-2024-despues-del-balotaje\\\/\",\"url\":\"https:\\\/\\\/diariotextual.com\\\/inicio\\\/index.php\\\/2023\\\/10\\\/17\\\/el-gobernador-anuncio-que-presentara-el-presupuesto-2024-despues-del-balotaje\\\/\",\"name\":\"El gobernador anunci\u00f3 que presentar\u00e1 el Presupuesto 2024 despu\u00e9s del balotaje - Diario Textual\",\"isPartOf\":{\"@id\":\"https:\\\/\\\/diariotextual.com\\\/inicio\\\/#website\"},\"primaryImageOfPage\":{\"@id\":\"https:\\\/\\\/diariotextual.com\\\/inicio\\\/index.php\\\/2023\\\/10\\\/17\\\/el-gobernador-anuncio-que-presentara-el-presupuesto-2024-despues-del-balotaje\\\/#primaryimage\"},\"image\":{\"@id\":\"https:\\\/\\\/diariotextual.com\\\/inicio\\\/index.php\\\/2023\\\/10\\\/17\\\/el-gobernador-anuncio-que-presentara-el-presupuesto-2024-despues-del-balotaje\\\/#primaryimage\"},\"thumbnailUrl\":\"https:\\\/\\\/diariotextual.com\\\/inicio\\\/wp-content\\\/uploads\\\/2022\\\/10\\\/legislaturacamaradiputadospampa2022-101.jpg\",\"datePublished\":\"2023-10-17T13:46:44+00:00\",\"dateModified\":\"2023-10-17T23:33:25+00:00\",\"breadcrumb\":{\"@id\":\"https:\\\/\\\/diariotextual.com\\\/inicio\\\/index.php\\\/2023\\\/10\\\/17\\\/el-gobernador-anuncio-que-presentara-el-presupuesto-2024-despues-del-balotaje\\\/#breadcrumb\"},\"inLanguage\":\"es\",\"potentialAction\":[{\"@type\":\"ReadAction\",\"target\":[\"https:\\\/\\\/diariotextual.com\\\/inicio\\\/index.php\\\/2023\\\/10\\\/17\\\/el-gobernador-anuncio-que-presentara-el-presupuesto-2024-despues-del-balotaje\\\/\"]}]},{\"@type\":\"ImageObject\",\"inLanguage\":\"es\",\"@id\":\"https:\\\/\\\/diariotextual.com\\\/inicio\\\/index.php\\\/2023\\\/10\\\/17\\\/el-gobernador-anuncio-que-presentara-el-presupuesto-2024-despues-del-balotaje\\\/#primaryimage\",\"url\":\"https:\\\/\\\/diariotextual.com\\\/inicio\\\/wp-content\\\/uploads\\\/2022\\\/10\\\/legislaturacamaradiputadospampa2022-101.jpg\",\"contentUrl\":\"https:\\\/\\\/diariotextual.com\\\/inicio\\\/wp-content\\\/uploads\\\/2022\\\/10\\\/legislaturacamaradiputadospampa2022-101.jpg\",\"width\":1500,\"height\":1126},{\"@type\":\"BreadcrumbList\",\"@id\":\"https:\\\/\\\/diariotextual.com\\\/inicio\\\/index.php\\\/2023\\\/10\\\/17\\\/el-gobernador-anuncio-que-presentara-el-presupuesto-2024-despues-del-balotaje\\\/#breadcrumb\",\"itemListElement\":[{\"@type\":\"ListItem\",\"position\":1,\"name\":\"Portada\",\"item\":\"https:\\\/\\\/diariotextual.com\\\/inicio\\\/\"},{\"@type\":\"ListItem\",\"position\":2,\"name\":\"El gobernador anunci\u00f3 que presentar\u00e1 el Presupuesto 2024 despu\u00e9s del balotaje\"}]},{\"@type\":\"WebSite\",\"@id\":\"https:\\\/\\\/diariotextual.com\\\/inicio\\\/#website\",\"url\":\"https:\\\/\\\/diariotextual.com\\\/inicio\\\/\",\"name\":\"Diario Textual\",\"description\":\"\",\"publisher\":{\"@id\":\"https:\\\/\\\/diariotextual.com\\\/inicio\\\/#organization\"},\"potentialAction\":[{\"@type\":\"SearchAction\",\"target\":{\"@type\":\"EntryPoint\",\"urlTemplate\":\"https:\\\/\\\/diariotextual.com\\\/inicio\\\/?s={search_term_string}\"},\"query-input\":{\"@type\":\"PropertyValueSpecification\",\"valueRequired\":true,\"valueName\":\"search_term_string\"}}],\"inLanguage\":\"es\"},{\"@type\":\"Organization\",\"@id\":\"https:\\\/\\\/diariotextual.com\\\/inicio\\\/#organization\",\"name\":\"Diario Textual\",\"url\":\"https:\\\/\\\/diariotextual.com\\\/inicio\\\/\",\"logo\":{\"@type\":\"ImageObject\",\"inLanguage\":\"es\",\"@id\":\"https:\\\/\\\/diariotextual.com\\\/inicio\\\/#\\\/schema\\\/logo\\\/image\\\/\",\"url\":\"https:\\\/\\\/diariotextual.com\\\/inicio\\\/wp-content\\\/uploads\\\/2023\\\/05\\\/logotextual1.jpg\",\"contentUrl\":\"https:\\\/\\\/diariotextual.com\\\/inicio\\\/wp-content\\\/uploads\\\/2023\\\/05\\\/logotextual1.jpg\",\"width\":516,\"height\":76,\"caption\":\"Diario Textual\"},\"image\":{\"@id\":\"https:\\\/\\\/diariotextual.com\\\/inicio\\\/#\\\/schema\\\/logo\\\/image\\\/\"},\"sameAs\":[\"https:\\\/\\\/www.facebook.com\\\/eltextual\",\"https:\\\/\\\/x.com\\\/eltextual\",\"http:\\\/\\\/www.instagram.com\\\/eltextual\"]},{\"@type\":\"Person\",\"@id\":\"https:\\\/\\\/diariotextual.com\\\/inicio\\\/#\\\/schema\\\/person\\\/c7834961ad8b29b1d9cdbf4571299067\",\"name\":\"diario5\",\"image\":{\"@type\":\"ImageObject\",\"inLanguage\":\"es\",\"@id\":\"https:\\\/\\\/secure.gravatar.com\\\/avatar\\\/948c893b847ca6df68216ead81b63f363408ec9b0f600fefc0641ce78613b111?s=96&d=mm&r=g\",\"url\":\"https:\\\/\\\/secure.gravatar.com\\\/avatar\\\/948c893b847ca6df68216ead81b63f363408ec9b0f600fefc0641ce78613b111?s=96&d=mm&r=g\",\"contentUrl\":\"https:\\\/\\\/secure.gravatar.com\\\/avatar\\\/948c893b847ca6df68216ead81b63f363408ec9b0f600fefc0641ce78613b111?s=96&d=mm&r=g\",\"caption\":\"diario5\"},\"url\":\"https:\\\/\\\/diariotextual.com\\\/inicio\\\/index.php\\\/author\\\/diario5\\\/\"}]}<\/script>\n<!-- \/ Yoast SEO plugin. -->","yoast_head_json":{"title":"El gobernador anunci\u00f3 que presentar\u00e1 el Presupuesto 2024 despu\u00e9s del balotaje - Diario Textual","robots":{"index":"index","follow":"follow","max-snippet":"max-snippet:-1","max-image-preview":"max-image-preview:large","max-video-preview":"max-video-preview:-1"},"canonical":"https:\/\/diariotextual.com\/inicio\/index.php\/2023\/10\/17\/el-gobernador-anuncio-que-presentara-el-presupuesto-2024-despues-del-balotaje\/","og_locale":"es_ES","og_type":"article","og_title":"El gobernador anunci\u00f3 que presentar\u00e1 el Presupuesto 2024 despu\u00e9s del balotaje - Diario Textual","og_description":"El gobernador Sergio Ziliotto dijo este martes, en conferencia de prensa, que se retrasar\u00e1 el env\u00edo del proyecto de ley de Presupuesto 2024: reci\u00e9n lo remitir\u00e1 a la Legislatura luego&hellip;","og_url":"https:\/\/diariotextual.com\/inicio\/index.php\/2023\/10\/17\/el-gobernador-anuncio-que-presentara-el-presupuesto-2024-despues-del-balotaje\/","og_site_name":"Diario Textual","article_publisher":"https:\/\/www.facebook.com\/eltextual","article_published_time":"2023-10-17T13:46:44+00:00","article_modified_time":"2023-10-17T23:33:25+00:00","og_image":[{"width":1500,"height":1126,"url":"https:\/\/diariotextual.com\/inicio\/wp-content\/uploads\/2022\/10\/legislaturacamaradiputadospampa2022-101.jpg","type":"image\/jpeg"}],"author":"diario5","twitter_card":"summary_large_image","twitter_creator":"@eltextual","twitter_site":"@eltextual","twitter_misc":{"Escrito por":"diario5","Tiempo de lectura":"3 minutos"},"schema":{"@context":"https:\/\/schema.org","@graph":[{"@type":"Article","@id":"https:\/\/diariotextual.com\/inicio\/index.php\/2023\/10\/17\/el-gobernador-anuncio-que-presentara-el-presupuesto-2024-despues-del-balotaje\/#article","isPartOf":{"@id":"https:\/\/diariotextual.com\/inicio\/index.php\/2023\/10\/17\/el-gobernador-anuncio-que-presentara-el-presupuesto-2024-despues-del-balotaje\/"},"author":{"name":"diario5","@id":"https:\/\/diariotextual.com\/inicio\/#\/schema\/person\/c7834961ad8b29b1d9cdbf4571299067"},"headline":"El gobernador anunci\u00f3 que presentar\u00e1 el Presupuesto 2024 despu\u00e9s del balotaje","datePublished":"2023-10-17T13:46:44+00:00","dateModified":"2023-10-17T23:33:25+00:00","mainEntityOfPage":{"@id":"https:\/\/diariotextual.com\/inicio\/index.php\/2023\/10\/17\/el-gobernador-anuncio-que-presentara-el-presupuesto-2024-despues-del-balotaje\/"},"wordCount":719,"publisher":{"@id":"https:\/\/diariotextual.com\/inicio\/#organization"},"image":{"@id":"https:\/\/diariotextual.com\/inicio\/index.php\/2023\/10\/17\/el-gobernador-anuncio-que-presentara-el-presupuesto-2024-despues-del-balotaje\/#primaryimage"},"thumbnailUrl":"https:\/\/diariotextual.com\/inicio\/wp-content\/uploads\/2022\/10\/legislaturacamaradiputadospampa2022-101.jpg","articleSection":["A - ES NOTICIA (van abajo)","A - QUE PASA (al costado)","POLITICA"],"inLanguage":"es"},{"@type":"WebPage","@id":"https:\/\/diariotextual.com\/inicio\/index.php\/2023\/10\/17\/el-gobernador-anuncio-que-presentara-el-presupuesto-2024-despues-del-balotaje\/","url":"https:\/\/diariotextual.com\/inicio\/index.php\/2023\/10\/17\/el-gobernador-anuncio-que-presentara-el-presupuesto-2024-despues-del-balotaje\/","name":"El gobernador anunci\u00f3 que presentar\u00e1 el Presupuesto 2024 despu\u00e9s del balotaje - Diario Textual","isPartOf":{"@id":"https:\/\/diariotextual.com\/inicio\/#website"},"primaryImageOfPage":{"@id":"https:\/\/diariotextual.com\/inicio\/index.php\/2023\/10\/17\/el-gobernador-anuncio-que-presentara-el-presupuesto-2024-despues-del-balotaje\/#primaryimage"},"image":{"@id":"https:\/\/diariotextual.com\/inicio\/index.php\/2023\/10\/17\/el-gobernador-anuncio-que-presentara-el-presupuesto-2024-despues-del-balotaje\/#primaryimage"},"thumbnailUrl":"https:\/\/diariotextual.com\/inicio\/wp-content\/uploads\/2022\/10\/legislaturacamaradiputadospampa2022-101.jpg","datePublished":"2023-10-17T13:46:44+00:00","dateModified":"2023-10-17T23:33:25+00:00","breadcrumb":{"@id":"https:\/\/diariotextual.com\/inicio\/index.php\/2023\/10\/17\/el-gobernador-anuncio-que-presentara-el-presupuesto-2024-despues-del-balotaje\/#breadcrumb"},"inLanguage":"es","potentialAction":[{"@type":"ReadAction","target":["https:\/\/diariotextual.com\/inicio\/index.php\/2023\/10\/17\/el-gobernador-anuncio-que-presentara-el-presupuesto-2024-despues-del-balotaje\/"]}]},{"@type":"ImageObject","inLanguage":"es","@id":"https:\/\/diariotextual.com\/inicio\/index.php\/2023\/10\/17\/el-gobernador-anuncio-que-presentara-el-presupuesto-2024-despues-del-balotaje\/#primaryimage","url":"https:\/\/diariotextual.com\/inicio\/wp-content\/uploads\/2022\/10\/legislaturacamaradiputadospampa2022-101.jpg","contentUrl":"https:\/\/diariotextual.com\/inicio\/wp-content\/uploads\/2022\/10\/legislaturacamaradiputadospampa2022-101.jpg","width":1500,"height":1126},{"@type":"BreadcrumbList","@id":"https:\/\/diariotextual.com\/inicio\/index.php\/2023\/10\/17\/el-gobernador-anuncio-que-presentara-el-presupuesto-2024-despues-del-balotaje\/#breadcrumb","itemListElement":[{"@type":"ListItem","position":1,"name":"Portada","item":"https:\/\/diariotextual.com\/inicio\/"},{"@type":"ListItem","position":2,"name":"El gobernador anunci\u00f3 que presentar\u00e1 el Presupuesto 2024 despu\u00e9s del balotaje"}]},{"@type":"WebSite","@id":"https:\/\/diariotextual.com\/inicio\/#website","url":"https:\/\/diariotextual.com\/inicio\/","name":"Diario Textual","description":"","publisher":{"@id":"https:\/\/diariotextual.com\/inicio\/#organization"},"potentialAction":[{"@type":"SearchAction","target":{"@type":"EntryPoint","urlTemplate":"https:\/\/diariotextual.com\/inicio\/?s={search_term_string}"},"query-input":{"@type":"PropertyValueSpecification","valueRequired":true,"valueName":"search_term_string"}}],"inLanguage":"es"},{"@type":"Organization","@id":"https:\/\/diariotextual.com\/inicio\/#organization","name":"Diario Textual","url":"https:\/\/diariotextual.com\/inicio\/","logo":{"@type":"ImageObject","inLanguage":"es","@id":"https:\/\/diariotextual.com\/inicio\/#\/schema\/logo\/image\/","url":"https:\/\/diariotextual.com\/inicio\/wp-content\/uploads\/2023\/05\/logotextual1.jpg","contentUrl":"https:\/\/diariotextual.com\/inicio\/wp-content\/uploads\/2023\/05\/logotextual1.jpg","width":516,"height":76,"caption":"Diario Textual"},"image":{"@id":"https:\/\/diariotextual.com\/inicio\/#\/schema\/logo\/image\/"},"sameAs":["https:\/\/www.facebook.com\/eltextual","https:\/\/x.com\/eltextual","http:\/\/www.instagram.com\/eltextual"]},{"@type":"Person","@id":"https:\/\/diariotextual.com\/inicio\/#\/schema\/person\/c7834961ad8b29b1d9cdbf4571299067","name":"diario5","image":{"@type":"ImageObject","inLanguage":"es","@id":"https:\/\/secure.gravatar.com\/avatar\/948c893b847ca6df68216ead81b63f363408ec9b0f600fefc0641ce78613b111?s=96&d=mm&r=g","url":"https:\/\/secure.gravatar.com\/avatar\/948c893b847ca6df68216ead81b63f363408ec9b0f600fefc0641ce78613b111?s=96&d=mm&r=g","contentUrl":"https:\/\/secure.gravatar.com\/avatar\/948c893b847ca6df68216ead81b63f363408ec9b0f600fefc0641ce78613b111?s=96&d=mm&r=g","caption":"diario5"},"url":"https:\/\/diariotextual.com\/inicio\/index.php\/author\/diario5\/"}]}},"_links":{"self":[{"href":"https:\/\/diariotextual.com\/inicio\/index.php\/wp-json\/wp\/v2\/posts\/241000","targetHints":{"allow":["GET"]}}],"collection":[{"href":"https:\/\/diariotextual.com\/inicio\/index.php\/wp-json\/wp\/v2\/posts"}],"about":[{"href":"https:\/\/diariotextual.com\/inicio\/index.php\/wp-json\/wp\/v2\/types\/post"}],"author":[{"embeddable":true,"href":"https:\/\/diariotextual.com\/inicio\/index.php\/wp-json\/wp\/v2\/users\/7"}],"replies":[{"embeddable":true,"href":"https:\/\/diariotextual.com\/inicio\/index.php\/wp-json\/wp\/v2\/comments?post=241000"}],"version-history":[{"count":12,"href":"https:\/\/diariotextual.com\/inicio\/index.php\/wp-json\/wp\/v2\/posts\/241000\/revisions"}],"predecessor-version":[{"id":241031,"href":"https:\/\/diariotextual.com\/inicio\/index.php\/wp-json\/wp\/v2\/posts\/241000\/revisions\/241031"}],"wp:featuredmedia":[{"embeddable":true,"href":"https:\/\/diariotextual.com\/inicio\/index.php\/wp-json\/wp\/v2\/media\/202503"}],"wp:attachment":[{"href":"https:\/\/diariotextual.com\/inicio\/index.php\/wp-json\/wp\/v2\/media?parent=241000"}],"wp:term":[{"taxonomy":"category","embeddable":true,"href":"https:\/\/diariotextual.com\/inicio\/index.php\/wp-json\/wp\/v2\/categories?post=241000"},{"taxonomy":"post_tag","embeddable":true,"href":"https:\/\/diariotextual.com\/inicio\/index.php\/wp-json\/wp\/v2\/tags?post=241000"}],"curies":[{"name":"wp","href":"https:\/\/api.w.org\/{rel}","templated":true}]}}