{"id":241056,"date":"2023-10-17T17:43:53","date_gmt":"2023-10-17T20:43:53","guid":{"rendered":"https:\/\/diariotextual.com\/inicio\/?p=241056"},"modified":"2023-10-17T17:43:56","modified_gmt":"2023-10-17T20:43:56","slug":"angel-di-maria-confirmo-su-retiro-de-la-seleccion-argentina-cuando-sera","status":"publish","type":"post","link":"https:\/\/diariotextual.com\/inicio\/index.php\/2023\/10\/17\/angel-di-maria-confirmo-su-retiro-de-la-seleccion-argentina-cuando-sera\/","title":{"rendered":"\u00c1ngel Di Mar\u00eda confirm\u00f3 su retiro de la Selecci\u00f3n argentina: \u00bfcu\u00e1ndo ser\u00e1?"},"content":{"rendered":"\n<p>El mediocampista de la Selecci\u00f3n argentina <strong>\u00c1ngel Di Mar\u00eda <\/strong>confirm\u00f3 que dejar\u00e1 de vestir la camiseta \u201calbiceleste\u201d tras la Copa Am\u00e9rica 2024 que se disputar\u00e1 en Estados Unidos.<\/p>\n\n\n\n<p>El rosarino, que no fue convocado para esta doble fecha de Eliminatorias Sudamericanas, anunci\u00f3 que se retirar\u00e1 de la Selecci\u00f3n argentina. \u201cEs la Copa Am\u00e9rica y se termina. Es lo \u00faltimo. Vine a Benfica, me dan la posibilidad de seguir estando en la Selecci\u00f3n y me gustar\u00eda, estoy haciendo todo para poder estar\u201d, dijo.<\/p>\n\n\n\n<p>\u201cCumpl\u00ed todo con Leo (Messi). Lo \u00fanico que me faltaba era jugar en un club con \u00e9l. No es lo mismo estar en la Selecci\u00f3n, verte 3-4-5 d\u00edas e irte que estar un a\u00f1o entero y verlo en los entrenamientos. Eso para m\u00ed era lo m\u00e1ximo y lo pude vivir\u201d, agreg\u00f3 el jugador del Benfica portugu\u00e9s que marc\u00f3 en la final de la Copa Am\u00e9rica 2021, en la Finalissima 2022 y en el Mundial de Qatar.<\/p>\n\n\n\n<p>Por otra parte, \u00c1ngel Di Mar\u00eda no le escap\u00f3 a los rumores de una posible vuelta a Rosario Central. \u201cEn mi cabeza siempre estuvo, como siempre estuvo volver al Benfica, est\u00e1 volver a Rosario Central. No me gusta hablar mucho del tema porque despu\u00e9s empiezan con que siempre hablo y no termina pasando\u201d, dijo.<\/p>\n\n\n\n<p>\u201cEl f\u00fatbol es as\u00ed, te va llevando, siempre dije que quer\u00eda volver cuando me sintiera bien. Estoy en plenitud todav\u00eda y esa es la opci\u00f3n que est\u00e1, tengo muy buena relaci\u00f3n con Gonzalo (Belloso), el presidente de Central\u201d, culmin\u00f3 el mediocampista que en febrero cumplir\u00e1 36 a\u00f1os.<\/p>\n","protected":false},"excerpt":{"rendered":"<p>El mediocampista de la Selecci\u00f3n argentina \u00c1ngel Di Mar\u00eda confirm\u00f3 que dejar\u00e1 de vestir la camiseta \u201calbiceleste\u201d tras la Copa Am\u00e9rica 2024 que se disputar\u00e1 en Estados Unidos. El rosarino,&hellip;<\/p>\n","protected":false},"author":3,"featured_media":190229,"comment_status":"closed","ping_status":"open","sticky":false,"template":"","format":"standard","meta":{"_acf_changed":false,"footnotes":""},"categories":[1,3],"tags":[],"class_list":["post-241056","post","type-post","status-publish","format-standard","has-post-thumbnail","hentry","category-es-noticia","category-deportes"],"acf":[],"yoast_head":"<!-- This site is optimized with the Yoast SEO plugin v27.5 - https:\/\/yoast.com\/product\/yoast-seo-wordpress\/ -->\n<title>\u00c1ngel Di Mar\u00eda confirm\u00f3 su retiro de la Selecci\u00f3n argentina: \u00bfcu\u00e1ndo ser\u00e1? - Diario Textual<\/title>\n<meta name=\"robots\" content=\"index, follow, max-snippet:-1, max-image-preview:large, max-video-preview:-1\" \/>\n<link rel=\"canonical\" href=\"https:\/\/diariotextual.com\/inicio\/index.php\/2023\/10\/17\/angel-di-maria-confirmo-su-retiro-de-la-seleccion-argentina-cuando-sera\/\" \/>\n<meta property=\"og:locale\" content=\"es_ES\" \/>\n<meta property=\"og:type\" content=\"article\" \/>\n<meta property=\"og:title\" content=\"\u00c1ngel Di Mar\u00eda confirm\u00f3 su retiro de la Selecci\u00f3n argentina: \u00bfcu\u00e1ndo ser\u00e1? - Diario Textual\" \/>\n<meta property=\"og:description\" content=\"El mediocampista de la Selecci\u00f3n argentina \u00c1ngel Di Mar\u00eda confirm\u00f3 que dejar\u00e1 de vestir la camiseta \u201calbiceleste\u201d tras la Copa Am\u00e9rica 2024 que se disputar\u00e1 en Estados Unidos. El rosarino,&hellip;\" \/>\n<meta property=\"og:url\" content=\"https:\/\/diariotextual.com\/inicio\/index.php\/2023\/10\/17\/angel-di-maria-confirmo-su-retiro-de-la-seleccion-argentina-cuando-sera\/\" \/>\n<meta property=\"og:site_name\" content=\"Diario Textual\" \/>\n<meta property=\"article:publisher\" content=\"https:\/\/www.facebook.com\/eltextual\" \/>\n<meta property=\"article:published_time\" content=\"2023-10-17T20:43:53+00:00\" \/>\n<meta property=\"article:modified_time\" content=\"2023-10-17T20:43:56+00:00\" \/>\n<meta property=\"og:image\" content=\"https:\/\/diariotextual.com\/inicio\/wp-content\/uploads\/2022\/06\/dimariaangel2022-1-scaled.jpg\" \/>\n\t<meta property=\"og:image:width\" content=\"2560\" \/>\n\t<meta property=\"og:image:height\" content=\"1707\" \/>\n\t<meta property=\"og:image:type\" content=\"image\/jpeg\" \/>\n<meta name=\"author\" content=\"Diario1 Diario1\" \/>\n<meta name=\"twitter:card\" content=\"summary_large_image\" \/>\n<meta name=\"twitter:creator\" content=\"@eltextual\" \/>\n<meta name=\"twitter:site\" content=\"@eltextual\" \/>\n<meta name=\"twitter:label1\" content=\"Escrito por\" \/>\n\t<meta name=\"twitter:data1\" content=\"Diario1 Diario1\" \/>\n\t<meta name=\"twitter:label2\" content=\"Tiempo de lectura\" \/>\n\t<meta name=\"twitter:data2\" content=\"2 minutos\" \/>\n<script type=\"application\/ld+json\" class=\"yoast-schema-graph\">{\"@context\":\"https:\\\/\\\/schema.org\",\"@graph\":[{\"@type\":\"Article\",\"@id\":\"https:\\\/\\\/diariotextual.com\\\/inicio\\\/index.php\\\/2023\\\/10\\\/17\\\/angel-di-maria-confirmo-su-retiro-de-la-seleccion-argentina-cuando-sera\\\/#article\",\"isPartOf\":{\"@id\":\"https:\\\/\\\/diariotextual.com\\\/inicio\\\/index.php\\\/2023\\\/10\\\/17\\\/angel-di-maria-confirmo-su-retiro-de-la-seleccion-argentina-cuando-sera\\\/\"},\"author\":{\"name\":\"Diario1 Diario1\",\"@id\":\"https:\\\/\\\/diariotextual.com\\\/inicio\\\/#\\\/schema\\\/person\\\/418fc4093c33e86ed41562db3508f958\"},\"headline\":\"\u00c1ngel Di Mar\u00eda confirm\u00f3 su retiro de la Selecci\u00f3n argentina: \u00bfcu\u00e1ndo ser\u00e1?\",\"datePublished\":\"2023-10-17T20:43:53+00:00\",\"dateModified\":\"2023-10-17T20:43:56+00:00\",\"mainEntityOfPage\":{\"@id\":\"https:\\\/\\\/diariotextual.com\\\/inicio\\\/index.php\\\/2023\\\/10\\\/17\\\/angel-di-maria-confirmo-su-retiro-de-la-seleccion-argentina-cuando-sera\\\/\"},\"wordCount\":292,\"publisher\":{\"@id\":\"https:\\\/\\\/diariotextual.com\\\/inicio\\\/#organization\"},\"image\":{\"@id\":\"https:\\\/\\\/diariotextual.com\\\/inicio\\\/index.php\\\/2023\\\/10\\\/17\\\/angel-di-maria-confirmo-su-retiro-de-la-seleccion-argentina-cuando-sera\\\/#primaryimage\"},\"thumbnailUrl\":\"https:\\\/\\\/diariotextual.com\\\/inicio\\\/wp-content\\\/uploads\\\/2022\\\/06\\\/dimariaangel2022-1-scaled.jpg\",\"articleSection\":[\"A - ES NOTICIA (van abajo)\",\"DEPORTES\"],\"inLanguage\":\"es\"},{\"@type\":\"WebPage\",\"@id\":\"https:\\\/\\\/diariotextual.com\\\/inicio\\\/index.php\\\/2023\\\/10\\\/17\\\/angel-di-maria-confirmo-su-retiro-de-la-seleccion-argentina-cuando-sera\\\/\",\"url\":\"https:\\\/\\\/diariotextual.com\\\/inicio\\\/index.php\\\/2023\\\/10\\\/17\\\/angel-di-maria-confirmo-su-retiro-de-la-seleccion-argentina-cuando-sera\\\/\",\"name\":\"\u00c1ngel Di Mar\u00eda confirm\u00f3 su retiro de la Selecci\u00f3n argentina: \u00bfcu\u00e1ndo ser\u00e1? - Diario Textual\",\"isPartOf\":{\"@id\":\"https:\\\/\\\/diariotextual.com\\\/inicio\\\/#website\"},\"primaryImageOfPage\":{\"@id\":\"https:\\\/\\\/diariotextual.com\\\/inicio\\\/index.php\\\/2023\\\/10\\\/17\\\/angel-di-maria-confirmo-su-retiro-de-la-seleccion-argentina-cuando-sera\\\/#primaryimage\"},\"image\":{\"@id\":\"https:\\\/\\\/diariotextual.com\\\/inicio\\\/index.php\\\/2023\\\/10\\\/17\\\/angel-di-maria-confirmo-su-retiro-de-la-seleccion-argentina-cuando-sera\\\/#primaryimage\"},\"thumbnailUrl\":\"https:\\\/\\\/diariotextual.com\\\/inicio\\\/wp-content\\\/uploads\\\/2022\\\/06\\\/dimariaangel2022-1-scaled.jpg\",\"datePublished\":\"2023-10-17T20:43:53+00:00\",\"dateModified\":\"2023-10-17T20:43:56+00:00\",\"breadcrumb\":{\"@id\":\"https:\\\/\\\/diariotextual.com\\\/inicio\\\/index.php\\\/2023\\\/10\\\/17\\\/angel-di-maria-confirmo-su-retiro-de-la-seleccion-argentina-cuando-sera\\\/#breadcrumb\"},\"inLanguage\":\"es\",\"potentialAction\":[{\"@type\":\"ReadAction\",\"target\":[\"https:\\\/\\\/diariotextual.com\\\/inicio\\\/index.php\\\/2023\\\/10\\\/17\\\/angel-di-maria-confirmo-su-retiro-de-la-seleccion-argentina-cuando-sera\\\/\"]}]},{\"@type\":\"ImageObject\",\"inLanguage\":\"es\",\"@id\":\"https:\\\/\\\/diariotextual.com\\\/inicio\\\/index.php\\\/2023\\\/10\\\/17\\\/angel-di-maria-confirmo-su-retiro-de-la-seleccion-argentina-cuando-sera\\\/#primaryimage\",\"url\":\"https:\\\/\\\/diariotextual.com\\\/inicio\\\/wp-content\\\/uploads\\\/2022\\\/06\\\/dimariaangel2022-1-scaled.jpg\",\"contentUrl\":\"https:\\\/\\\/diariotextual.com\\\/inicio\\\/wp-content\\\/uploads\\\/2022\\\/06\\\/dimariaangel2022-1-scaled.jpg\",\"width\":2560,\"height\":1707},{\"@type\":\"BreadcrumbList\",\"@id\":\"https:\\\/\\\/diariotextual.com\\\/inicio\\\/index.php\\\/2023\\\/10\\\/17\\\/angel-di-maria-confirmo-su-retiro-de-la-seleccion-argentina-cuando-sera\\\/#breadcrumb\",\"itemListElement\":[{\"@type\":\"ListItem\",\"position\":1,\"name\":\"Portada\",\"item\":\"https:\\\/\\\/diariotextual.com\\\/inicio\\\/\"},{\"@type\":\"ListItem\",\"position\":2,\"name\":\"\u00c1ngel Di Mar\u00eda confirm\u00f3 su retiro de la Selecci\u00f3n argentina: \u00bfcu\u00e1ndo ser\u00e1?\"}]},{\"@type\":\"WebSite\",\"@id\":\"https:\\\/\\\/diariotextual.com\\\/inicio\\\/#website\",\"url\":\"https:\\\/\\\/diariotextual.com\\\/inicio\\\/\",\"name\":\"Diario Textual\",\"description\":\"\",\"publisher\":{\"@id\":\"https:\\\/\\\/diariotextual.com\\\/inicio\\\/#organization\"},\"potentialAction\":[{\"@type\":\"SearchAction\",\"target\":{\"@type\":\"EntryPoint\",\"urlTemplate\":\"https:\\\/\\\/diariotextual.com\\\/inicio\\\/?s={search_term_string}\"},\"query-input\":{\"@type\":\"PropertyValueSpecification\",\"valueRequired\":true,\"valueName\":\"search_term_string\"}}],\"inLanguage\":\"es\"},{\"@type\":\"Organization\",\"@id\":\"https:\\\/\\\/diariotextual.com\\\/inicio\\\/#organization\",\"name\":\"Diario Textual\",\"url\":\"https:\\\/\\\/diariotextual.com\\\/inicio\\\/\",\"logo\":{\"@type\":\"ImageObject\",\"inLanguage\":\"es\",\"@id\":\"https:\\\/\\\/diariotextual.com\\\/inicio\\\/#\\\/schema\\\/logo\\\/image\\\/\",\"url\":\"https:\\\/\\\/diariotextual.com\\\/inicio\\\/wp-content\\\/uploads\\\/2023\\\/05\\\/logotextual1.jpg\",\"contentUrl\":\"https:\\\/\\\/diariotextual.com\\\/inicio\\\/wp-content\\\/uploads\\\/2023\\\/05\\\/logotextual1.jpg\",\"width\":516,\"height\":76,\"caption\":\"Diario Textual\"},\"image\":{\"@id\":\"https:\\\/\\\/diariotextual.com\\\/inicio\\\/#\\\/schema\\\/logo\\\/image\\\/\"},\"sameAs\":[\"https:\\\/\\\/www.facebook.com\\\/eltextual\",\"https:\\\/\\\/x.com\\\/eltextual\",\"http:\\\/\\\/www.instagram.com\\\/eltextual\"]},{\"@type\":\"Person\",\"@id\":\"https:\\\/\\\/diariotextual.com\\\/inicio\\\/#\\\/schema\\\/person\\\/418fc4093c33e86ed41562db3508f958\",\"name\":\"Diario1 Diario1\",\"image\":{\"@type\":\"ImageObject\",\"inLanguage\":\"es\",\"@id\":\"https:\\\/\\\/secure.gravatar.com\\\/avatar\\\/9167d280179c85bc18be67aa7eda765854300033af4896dd779b608640f2ef7a?s=96&d=mm&r=g\",\"url\":\"https:\\\/\\\/secure.gravatar.com\\\/avatar\\\/9167d280179c85bc18be67aa7eda765854300033af4896dd779b608640f2ef7a?s=96&d=mm&r=g\",\"contentUrl\":\"https:\\\/\\\/secure.gravatar.com\\\/avatar\\\/9167d280179c85bc18be67aa7eda765854300033af4896dd779b608640f2ef7a?s=96&d=mm&r=g\",\"caption\":\"Diario1 Diario1\"},\"url\":\"https:\\\/\\\/diariotextual.com\\\/inicio\\\/index.php\\\/author\\\/diario1\\\/\"}]}<\/script>\n<!-- \/ Yoast SEO plugin. -->","yoast_head_json":{"title":"\u00c1ngel Di Mar\u00eda confirm\u00f3 su retiro de la Selecci\u00f3n argentina: \u00bfcu\u00e1ndo ser\u00e1? - Diario Textual","robots":{"index":"index","follow":"follow","max-snippet":"max-snippet:-1","max-image-preview":"max-image-preview:large","max-video-preview":"max-video-preview:-1"},"canonical":"https:\/\/diariotextual.com\/inicio\/index.php\/2023\/10\/17\/angel-di-maria-confirmo-su-retiro-de-la-seleccion-argentina-cuando-sera\/","og_locale":"es_ES","og_type":"article","og_title":"\u00c1ngel Di Mar\u00eda confirm\u00f3 su retiro de la Selecci\u00f3n argentina: \u00bfcu\u00e1ndo ser\u00e1? - Diario Textual","og_description":"El mediocampista de la Selecci\u00f3n argentina \u00c1ngel Di Mar\u00eda confirm\u00f3 que dejar\u00e1 de vestir la camiseta \u201calbiceleste\u201d tras la Copa Am\u00e9rica 2024 que se disputar\u00e1 en Estados Unidos. El rosarino,&hellip;","og_url":"https:\/\/diariotextual.com\/inicio\/index.php\/2023\/10\/17\/angel-di-maria-confirmo-su-retiro-de-la-seleccion-argentina-cuando-sera\/","og_site_name":"Diario Textual","article_publisher":"https:\/\/www.facebook.com\/eltextual","article_published_time":"2023-10-17T20:43:53+00:00","article_modified_time":"2023-10-17T20:43:56+00:00","og_image":[{"width":2560,"height":1707,"url":"https:\/\/diariotextual.com\/inicio\/wp-content\/uploads\/2022\/06\/dimariaangel2022-1-scaled.jpg","type":"image\/jpeg"}],"author":"Diario1 Diario1","twitter_card":"summary_large_image","twitter_creator":"@eltextual","twitter_site":"@eltextual","twitter_misc":{"Escrito por":"Diario1 Diario1","Tiempo de lectura":"2 minutos"},"schema":{"@context":"https:\/\/schema.org","@graph":[{"@type":"Article","@id":"https:\/\/diariotextual.com\/inicio\/index.php\/2023\/10\/17\/angel-di-maria-confirmo-su-retiro-de-la-seleccion-argentina-cuando-sera\/#article","isPartOf":{"@id":"https:\/\/diariotextual.com\/inicio\/index.php\/2023\/10\/17\/angel-di-maria-confirmo-su-retiro-de-la-seleccion-argentina-cuando-sera\/"},"author":{"name":"Diario1 Diario1","@id":"https:\/\/diariotextual.com\/inicio\/#\/schema\/person\/418fc4093c33e86ed41562db3508f958"},"headline":"\u00c1ngel Di Mar\u00eda confirm\u00f3 su retiro de la Selecci\u00f3n argentina: \u00bfcu\u00e1ndo ser\u00e1?","datePublished":"2023-10-17T20:43:53+00:00","dateModified":"2023-10-17T20:43:56+00:00","mainEntityOfPage":{"@id":"https:\/\/diariotextual.com\/inicio\/index.php\/2023\/10\/17\/angel-di-maria-confirmo-su-retiro-de-la-seleccion-argentina-cuando-sera\/"},"wordCount":292,"publisher":{"@id":"https:\/\/diariotextual.com\/inicio\/#organization"},"image":{"@id":"https:\/\/diariotextual.com\/inicio\/index.php\/2023\/10\/17\/angel-di-maria-confirmo-su-retiro-de-la-seleccion-argentina-cuando-sera\/#primaryimage"},"thumbnailUrl":"https:\/\/diariotextual.com\/inicio\/wp-content\/uploads\/2022\/06\/dimariaangel2022-1-scaled.jpg","articleSection":["A - ES NOTICIA (van abajo)","DEPORTES"],"inLanguage":"es"},{"@type":"WebPage","@id":"https:\/\/diariotextual.com\/inicio\/index.php\/2023\/10\/17\/angel-di-maria-confirmo-su-retiro-de-la-seleccion-argentina-cuando-sera\/","url":"https:\/\/diariotextual.com\/inicio\/index.php\/2023\/10\/17\/angel-di-maria-confirmo-su-retiro-de-la-seleccion-argentina-cuando-sera\/","name":"\u00c1ngel Di Mar\u00eda confirm\u00f3 su retiro de la Selecci\u00f3n argentina: \u00bfcu\u00e1ndo ser\u00e1? - Diario Textual","isPartOf":{"@id":"https:\/\/diariotextual.com\/inicio\/#website"},"primaryImageOfPage":{"@id":"https:\/\/diariotextual.com\/inicio\/index.php\/2023\/10\/17\/angel-di-maria-confirmo-su-retiro-de-la-seleccion-argentina-cuando-sera\/#primaryimage"},"image":{"@id":"https:\/\/diariotextual.com\/inicio\/index.php\/2023\/10\/17\/angel-di-maria-confirmo-su-retiro-de-la-seleccion-argentina-cuando-sera\/#primaryimage"},"thumbnailUrl":"https:\/\/diariotextual.com\/inicio\/wp-content\/uploads\/2022\/06\/dimariaangel2022-1-scaled.jpg","datePublished":"2023-10-17T20:43:53+00:00","dateModified":"2023-10-17T20:43:56+00:00","breadcrumb":{"@id":"https:\/\/diariotextual.com\/inicio\/index.php\/2023\/10\/17\/angel-di-maria-confirmo-su-retiro-de-la-seleccion-argentina-cuando-sera\/#breadcrumb"},"inLanguage":"es","potentialAction":[{"@type":"ReadAction","target":["https:\/\/diariotextual.com\/inicio\/index.php\/2023\/10\/17\/angel-di-maria-confirmo-su-retiro-de-la-seleccion-argentina-cuando-sera\/"]}]},{"@type":"ImageObject","inLanguage":"es","@id":"https:\/\/diariotextual.com\/inicio\/index.php\/2023\/10\/17\/angel-di-maria-confirmo-su-retiro-de-la-seleccion-argentina-cuando-sera\/#primaryimage","url":"https:\/\/diariotextual.com\/inicio\/wp-content\/uploads\/2022\/06\/dimariaangel2022-1-scaled.jpg","contentUrl":"https:\/\/diariotextual.com\/inicio\/wp-content\/uploads\/2022\/06\/dimariaangel2022-1-scaled.jpg","width":2560,"height":1707},{"@type":"BreadcrumbList","@id":"https:\/\/diariotextual.com\/inicio\/index.php\/2023\/10\/17\/angel-di-maria-confirmo-su-retiro-de-la-seleccion-argentina-cuando-sera\/#breadcrumb","itemListElement":[{"@type":"ListItem","position":1,"name":"Portada","item":"https:\/\/diariotextual.com\/inicio\/"},{"@type":"ListItem","position":2,"name":"\u00c1ngel Di Mar\u00eda confirm\u00f3 su retiro de la Selecci\u00f3n argentina: \u00bfcu\u00e1ndo ser\u00e1?"}]},{"@type":"WebSite","@id":"https:\/\/diariotextual.com\/inicio\/#website","url":"https:\/\/diariotextual.com\/inicio\/","name":"Diario Textual","description":"","publisher":{"@id":"https:\/\/diariotextual.com\/inicio\/#organization"},"potentialAction":[{"@type":"SearchAction","target":{"@type":"EntryPoint","urlTemplate":"https:\/\/diariotextual.com\/inicio\/?s={search_term_string}"},"query-input":{"@type":"PropertyValueSpecification","valueRequired":true,"valueName":"search_term_string"}}],"inLanguage":"es"},{"@type":"Organization","@id":"https:\/\/diariotextual.com\/inicio\/#organization","name":"Diario Textual","url":"https:\/\/diariotextual.com\/inicio\/","logo":{"@type":"ImageObject","inLanguage":"es","@id":"https:\/\/diariotextual.com\/inicio\/#\/schema\/logo\/image\/","url":"https:\/\/diariotextual.com\/inicio\/wp-content\/uploads\/2023\/05\/logotextual1.jpg","contentUrl":"https:\/\/diariotextual.com\/inicio\/wp-content\/uploads\/2023\/05\/logotextual1.jpg","width":516,"height":76,"caption":"Diario Textual"},"image":{"@id":"https:\/\/diariotextual.com\/inicio\/#\/schema\/logo\/image\/"},"sameAs":["https:\/\/www.facebook.com\/eltextual","https:\/\/x.com\/eltextual","http:\/\/www.instagram.com\/eltextual"]},{"@type":"Person","@id":"https:\/\/diariotextual.com\/inicio\/#\/schema\/person\/418fc4093c33e86ed41562db3508f958","name":"Diario1 Diario1","image":{"@type":"ImageObject","inLanguage":"es","@id":"https:\/\/secure.gravatar.com\/avatar\/9167d280179c85bc18be67aa7eda765854300033af4896dd779b608640f2ef7a?s=96&d=mm&r=g","url":"https:\/\/secure.gravatar.com\/avatar\/9167d280179c85bc18be67aa7eda765854300033af4896dd779b608640f2ef7a?s=96&d=mm&r=g","contentUrl":"https:\/\/secure.gravatar.com\/avatar\/9167d280179c85bc18be67aa7eda765854300033af4896dd779b608640f2ef7a?s=96&d=mm&r=g","caption":"Diario1 Diario1"},"url":"https:\/\/diariotextual.com\/inicio\/index.php\/author\/diario1\/"}]}},"_links":{"self":[{"href":"https:\/\/diariotextual.com\/inicio\/index.php\/wp-json\/wp\/v2\/posts\/241056","targetHints":{"allow":["GET"]}}],"collection":[{"href":"https:\/\/diariotextual.com\/inicio\/index.php\/wp-json\/wp\/v2\/posts"}],"about":[{"href":"https:\/\/diariotextual.com\/inicio\/index.php\/wp-json\/wp\/v2\/types\/post"}],"author":[{"embeddable":true,"href":"https:\/\/diariotextual.com\/inicio\/index.php\/wp-json\/wp\/v2\/users\/3"}],"replies":[{"embeddable":true,"href":"https:\/\/diariotextual.com\/inicio\/index.php\/wp-json\/wp\/v2\/comments?post=241056"}],"version-history":[{"count":2,"href":"https:\/\/diariotextual.com\/inicio\/index.php\/wp-json\/wp\/v2\/posts\/241056\/revisions"}],"predecessor-version":[{"id":241058,"href":"https:\/\/diariotextual.com\/inicio\/index.php\/wp-json\/wp\/v2\/posts\/241056\/revisions\/241058"}],"wp:featuredmedia":[{"embeddable":true,"href":"https:\/\/diariotextual.com\/inicio\/index.php\/wp-json\/wp\/v2\/media\/190229"}],"wp:attachment":[{"href":"https:\/\/diariotextual.com\/inicio\/index.php\/wp-json\/wp\/v2\/media?parent=241056"}],"wp:term":[{"taxonomy":"category","embeddable":true,"href":"https:\/\/diariotextual.com\/inicio\/index.php\/wp-json\/wp\/v2\/categories?post=241056"},{"taxonomy":"post_tag","embeddable":true,"href":"https:\/\/diariotextual.com\/inicio\/index.php\/wp-json\/wp\/v2\/tags?post=241056"}],"curies":[{"name":"wp","href":"https:\/\/api.w.org\/{rel}","templated":true}]}}