{"id":241075,"date":"2023-10-17T20:32:57","date_gmt":"2023-10-17T23:32:57","guid":{"rendered":"https:\/\/diariotextual.com\/inicio\/?p=241075"},"modified":"2023-10-18T17:38:45","modified_gmt":"2023-10-18T20:38:45","slug":"uxp-cerro-la-campana-acto-masivo-liturgia-peronista-y-pedido-de-voto-racional","status":"publish","type":"post","link":"https:\/\/diariotextual.com\/inicio\/index.php\/2023\/10\/17\/uxp-cerro-la-campana-acto-masivo-liturgia-peronista-y-pedido-de-voto-racional\/","title":{"rendered":"UxP cerr\u00f3 la campa\u00f1a: acto masivo, liturgia peronista y pedido de \u201cvoto racional\u201d"},"content":{"rendered":"\n<p>El frente<strong> Uni\u00f3n por la Patria <\/strong>(UxP, el frente dominado por el PJ) tuvo en la noche de este martes su cierre de campa\u00f1a en La Pampa en un<strong> acto multitudinario<\/strong> que se desarroll\u00f3 en el <strong>Club Guardia del Monte de Toay<\/strong>, con m\u00fasica, banderas de sindicatos y de las l\u00edneas internas del PJ, Marcha Peronista, discursos encendidos y toda la liturgia peronista. <\/p>\n\n\n\n<p>Seg\u00fan dijeron los organizadores, hubo unas 5 mil personas. El lugar qued\u00f3 chico: decenas de personas siguieron el acto desde afuera del club.<\/p>\n\n\n\n<p>El acto fue encabezado por el gobernador<strong> Sergio Ziliotto<\/strong>, quien pese a no ser candidato se puso al frente de la campa\u00f1a. Estuvieron los candidatos a diputados nacionales Ariel Rauschenberger, Gabriela Labourie y Pascual Fern\u00e1ndez; intendentes de la mayor\u00eda de las localidades que comanda el PJ; funcionarios del Gobierno provincial; y centenares de militantes. <\/p>\n\n\n\n<p><\/p>\n\n\n\n<figure class=\"wp-block-image size-large\"><img fetchpriority=\"high\" decoding=\"async\" width=\"1024\" height=\"987\" src=\"https:\/\/diariotextual.com\/inicio\/wp-content\/uploads\/2023\/10\/ziliottosergiocierrecampanauxp17octubre2023-1-1024x987.jpeg\" alt=\"\" class=\"wp-image-241099\" srcset=\"https:\/\/diariotextual.com\/inicio\/wp-content\/uploads\/2023\/10\/ziliottosergiocierrecampanauxp17octubre2023-1-1024x987.jpeg 1024w, https:\/\/diariotextual.com\/inicio\/wp-content\/uploads\/2023\/10\/ziliottosergiocierrecampanauxp17octubre2023-1-300x289.jpeg 300w, https:\/\/diariotextual.com\/inicio\/wp-content\/uploads\/2023\/10\/ziliottosergiocierrecampanauxp17octubre2023-1-768x740.jpeg 768w, https:\/\/diariotextual.com\/inicio\/wp-content\/uploads\/2023\/10\/ziliottosergiocierrecampanauxp17octubre2023-1-1170x1128.jpeg 1170w, https:\/\/diariotextual.com\/inicio\/wp-content\/uploads\/2023\/10\/ziliottosergiocierrecampanauxp17octubre2023-1-585x564.jpeg 585w, https:\/\/diariotextual.com\/inicio\/wp-content\/uploads\/2023\/10\/ziliottosergiocierrecampanauxp17octubre2023-1.jpeg 1200w\" sizes=\"(max-width: 1024px) 100vw, 1024px\" \/><\/figure>\n\n\n\n<p>El encuentro, ante un sal\u00f3n repleto y bajo la organizaci\u00f3n del diputado provincial e intendente electo <strong>Ariel Rojas<\/strong>, tuvo dos objetivos: cerrar la campa\u00f1a electoral y conmemorar el 17 de octubre, el D\u00eda de la Lealtad Peronismo. <\/p>\n\n\n\n<p>Entre otros, estuvieron la vicegobernadora electa <strong>Alicia Mayoral<\/strong>; los exgobernadores <strong>Rub\u00e9n Mar\u00edn <\/strong>y<strong> Oscar Jorge<\/strong>; los intendentes <strong>Luciano di N\u00e1poli <\/strong>(Santa Rosa) y <strong>Fernanda Alonso<\/strong> (General Pico); el diputado nacional <strong>Hern\u00e1n P\u00e9rez Araujo<\/strong>; la secretaria administrativa del Senado y diputada provincial electa <strong>Mar\u00eda Luz Alonso<\/strong>; los diputados provinciales<strong> Julio Gonz\u00e1lez<\/strong> y <strong>Roberto Robledo<\/strong>; &nbsp;y la secretaria de la Mujer, <strong>Liliana Robledo<\/strong>.<\/p>\n\n\n\n<figure class=\"wp-block-image size-large\"><img decoding=\"async\" width=\"1024\" height=\"683\" src=\"https:\/\/diariotextual.com\/inicio\/wp-content\/uploads\/2023\/10\/dinapolilucianoalonsofernandadiadelalealtad2023-1-1024x683.jpg\" alt=\"\" class=\"wp-image-241118\" srcset=\"https:\/\/diariotextual.com\/inicio\/wp-content\/uploads\/2023\/10\/dinapolilucianoalonsofernandadiadelalealtad2023-1-1024x683.jpg 1024w, https:\/\/diariotextual.com\/inicio\/wp-content\/uploads\/2023\/10\/dinapolilucianoalonsofernandadiadelalealtad2023-1-300x200.jpg 300w, https:\/\/diariotextual.com\/inicio\/wp-content\/uploads\/2023\/10\/dinapolilucianoalonsofernandadiadelalealtad2023-1-768x512.jpg 768w, https:\/\/diariotextual.com\/inicio\/wp-content\/uploads\/2023\/10\/dinapolilucianoalonsofernandadiadelalealtad2023-1-585x390.jpg 585w, https:\/\/diariotextual.com\/inicio\/wp-content\/uploads\/2023\/10\/dinapolilucianoalonsofernandadiadelalealtad2023-1-263x175.jpg 263w, https:\/\/diariotextual.com\/inicio\/wp-content\/uploads\/2023\/10\/dinapolilucianoalonsofernandadiadelalealtad2023-1.jpg 1067w\" sizes=\"(max-width: 1024px) 100vw, 1024px\" \/><\/figure>\n\n\n\n<p>El primer orador fue Rojas. Le siguieron Labourie, Rauschenberger y Ziliotto.<\/p>\n\n\n\n<p>Rojas agradeci\u00f3 la elecci\u00f3n de su ciudad para el acto al presidente del partido y gobernador, y puso en valor la calidad humana, de militancia y como dirigentes de quienes llevan adelante las candidaturas a la Legislatura Nacional para la elecci\u00f3n del domingo pr\u00f3ximo. Destac\u00f3 la unidad conseguida en el frente Uni\u00f3n por la Patria y lo puso en valor como camino para solucionar los problemas de argentinas y argentinos, mostr\u00e1ndose esperanzado con el resultado electoral en La Pampa.<\/p>\n\n\n\n<figure class=\"wp-block-gallery has-nested-images columns-default is-cropped wp-block-gallery-1 is-layout-flex wp-block-gallery-is-layout-flex\">\n<figure class=\"wp-block-image size-large\"><img decoding=\"async\" width=\"1024\" height=\"768\" data-id=\"241083\" src=\"https:\/\/diariotextual.com\/inicio\/wp-content\/uploads\/2023\/10\/rauschenbergercierrecampanadinapoliunionporlapatriauxptoay2023-1-1024x768.jpg\" alt=\"\" class=\"wp-image-241083\" srcset=\"https:\/\/diariotextual.com\/inicio\/wp-content\/uploads\/2023\/10\/rauschenbergercierrecampanadinapoliunionporlapatriauxptoay2023-1-1024x768.jpg 1024w, https:\/\/diariotextual.com\/inicio\/wp-content\/uploads\/2023\/10\/rauschenbergercierrecampanadinapoliunionporlapatriauxptoay2023-1-300x225.jpg 300w, https:\/\/diariotextual.com\/inicio\/wp-content\/uploads\/2023\/10\/rauschenbergercierrecampanadinapoliunionporlapatriauxptoay2023-1-768x576.jpg 768w, https:\/\/diariotextual.com\/inicio\/wp-content\/uploads\/2023\/10\/rauschenbergercierrecampanadinapoliunionporlapatriauxptoay2023-1-1536x1152.jpg 1536w, https:\/\/diariotextual.com\/inicio\/wp-content\/uploads\/2023\/10\/rauschenbergercierrecampanadinapoliunionporlapatriauxptoay2023-1-1170x878.jpg 1170w, https:\/\/diariotextual.com\/inicio\/wp-content\/uploads\/2023\/10\/rauschenbergercierrecampanadinapoliunionporlapatriauxptoay2023-1-585x439.jpg 585w, https:\/\/diariotextual.com\/inicio\/wp-content\/uploads\/2023\/10\/rauschenbergercierrecampanadinapoliunionporlapatriauxptoay2023-1.jpg 1600w\" sizes=\"(max-width: 1024px) 100vw, 1024px\" \/><\/figure>\n\n\n\n<figure class=\"wp-block-image size-large\"><img loading=\"lazy\" decoding=\"async\" width=\"1024\" height=\"768\" data-id=\"241082\" src=\"https:\/\/diariotextual.com\/inicio\/wp-content\/uploads\/2023\/10\/rauschenbergerlabouriepascualcierrecampanadinapoliunionporlapatriauxptoay2023-2-1024x768.jpg\" alt=\"\" class=\"wp-image-241082\" srcset=\"https:\/\/diariotextual.com\/inicio\/wp-content\/uploads\/2023\/10\/rauschenbergerlabouriepascualcierrecampanadinapoliunionporlapatriauxptoay2023-2-1024x768.jpg 1024w, https:\/\/diariotextual.com\/inicio\/wp-content\/uploads\/2023\/10\/rauschenbergerlabouriepascualcierrecampanadinapoliunionporlapatriauxptoay2023-2-300x225.jpg 300w, https:\/\/diariotextual.com\/inicio\/wp-content\/uploads\/2023\/10\/rauschenbergerlabouriepascualcierrecampanadinapoliunionporlapatriauxptoay2023-2-768x576.jpg 768w, https:\/\/diariotextual.com\/inicio\/wp-content\/uploads\/2023\/10\/rauschenbergerlabouriepascualcierrecampanadinapoliunionporlapatriauxptoay2023-2-1536x1152.jpg 1536w, https:\/\/diariotextual.com\/inicio\/wp-content\/uploads\/2023\/10\/rauschenbergerlabouriepascualcierrecampanadinapoliunionporlapatriauxptoay2023-2-1170x878.jpg 1170w, https:\/\/diariotextual.com\/inicio\/wp-content\/uploads\/2023\/10\/rauschenbergerlabouriepascualcierrecampanadinapoliunionporlapatriauxptoay2023-2-585x439.jpg 585w, https:\/\/diariotextual.com\/inicio\/wp-content\/uploads\/2023\/10\/rauschenbergerlabouriepascualcierrecampanadinapoliunionporlapatriauxptoay2023-2.jpg 1600w\" sizes=\"(max-width: 1024px) 100vw, 1024px\" \/><\/figure>\n<\/figure>\n\n\n\n<p><\/p>\n\n\n\n<p>En segundo t\u00e9rmino, tom\u00f3 la palabra Gabriela Labourie. Su discurso fue contundente en expresiones claras de lo que representa el valor de su compa\u00f1ero de f\u00f3rmula, Ariel Rauschenberger, y la defensa de la Provincia con un \u201cvoto comprometido y consciente\u201d, que no permita perder los derechos ganados.<\/p>\n\n\n\n<p>Luego habl\u00f3 Rauschenberger. Contrapuso lo que representan las pol\u00edticas de Estado y las conquistas de derechos populares con el perfil pol\u00edtico de las candidaturas de la oposici\u00f3n. Hablando de lealtad, expres\u00f3 lo que representa su compromiso con el pueblo de La Pampa en esta nueva elecci\u00f3n y el alcance del trabajo legislativo para sostener el desarrollo de la Provincia.<\/p>\n\n\n\n<figure class=\"wp-block-image size-large\"><img loading=\"lazy\" decoding=\"async\" width=\"1024\" height=\"683\" src=\"https:\/\/diariotextual.com\/inicio\/wp-content\/uploads\/2023\/10\/marinrubenjorgeoscardiadelaleltadperonista2023-1-1024x683.jpg\" alt=\"\" class=\"wp-image-241120\" srcset=\"https:\/\/diariotextual.com\/inicio\/wp-content\/uploads\/2023\/10\/marinrubenjorgeoscardiadelaleltadperonista2023-1-1024x683.jpg 1024w, https:\/\/diariotextual.com\/inicio\/wp-content\/uploads\/2023\/10\/marinrubenjorgeoscardiadelaleltadperonista2023-1-300x200.jpg 300w, https:\/\/diariotextual.com\/inicio\/wp-content\/uploads\/2023\/10\/marinrubenjorgeoscardiadelaleltadperonista2023-1-768x512.jpg 768w, https:\/\/diariotextual.com\/inicio\/wp-content\/uploads\/2023\/10\/marinrubenjorgeoscardiadelaleltadperonista2023-1-585x390.jpg 585w, https:\/\/diariotextual.com\/inicio\/wp-content\/uploads\/2023\/10\/marinrubenjorgeoscardiadelaleltadperonista2023-1-263x175.jpg 263w, https:\/\/diariotextual.com\/inicio\/wp-content\/uploads\/2023\/10\/marinrubenjorgeoscardiadelaleltadperonista2023-1.jpg 1067w\" sizes=\"(max-width: 1024px) 100vw, 1024px\" \/><\/figure>\n\n\n\n<p><\/p>\n\n\n\n<p>La intenci\u00f3n de Ziliotto y el conjunto del peronismo pampeano es<strong> traccionar votos en los comicios de este domingo 22 para el candidato presidencial Sergio Massa: esperan que el ministro llegue al balotaje del 19 de noviembre, ante el libertario Javier Milei.<\/strong><\/p>\n\n\n\n<p><\/p>\n\n\n\n<figure class=\"wp-block-image size-large\"><img loading=\"lazy\" decoding=\"async\" width=\"1024\" height=\"768\" src=\"https:\/\/diariotextual.com\/inicio\/wp-content\/uploads\/2023\/10\/rojasarielcierrecampanauxpperonismo17octubre2023-1-1024x768.jpg\" alt=\"\" class=\"wp-image-241091\" srcset=\"https:\/\/diariotextual.com\/inicio\/wp-content\/uploads\/2023\/10\/rojasarielcierrecampanauxpperonismo17octubre2023-1-1024x768.jpg 1024w, https:\/\/diariotextual.com\/inicio\/wp-content\/uploads\/2023\/10\/rojasarielcierrecampanauxpperonismo17octubre2023-1-300x225.jpg 300w, https:\/\/diariotextual.com\/inicio\/wp-content\/uploads\/2023\/10\/rojasarielcierrecampanauxpperonismo17octubre2023-1-768x576.jpg 768w, https:\/\/diariotextual.com\/inicio\/wp-content\/uploads\/2023\/10\/rojasarielcierrecampanauxpperonismo17octubre2023-1-1536x1152.jpg 1536w, https:\/\/diariotextual.com\/inicio\/wp-content\/uploads\/2023\/10\/rojasarielcierrecampanauxpperonismo17octubre2023-1-1170x878.jpg 1170w, https:\/\/diariotextual.com\/inicio\/wp-content\/uploads\/2023\/10\/rojasarielcierrecampanauxpperonismo17octubre2023-1-585x439.jpg 585w, https:\/\/diariotextual.com\/inicio\/wp-content\/uploads\/2023\/10\/rojasarielcierrecampanauxpperonismo17octubre2023-1.jpg 1600w\" sizes=\"(max-width: 1024px) 100vw, 1024px\" \/><\/figure>\n\n\n\n<p>Ziliotto fue el principal orador. Como dijo m\u00e1s temprano en conferencia de prensa, sostuvo que <strong>\u201chay mucho en juego para La Pampa\u201d<\/strong>&nbsp;en las elecciones de este domingo. Sostuvo que, dependiendo del nuevo presidente, la provincia \u201cva a crecer\u201d o tener que \u201cresistir\u201d en los pr\u00f3ximos cuatro a\u00f1os.<\/p>\n\n\n\n<p>El gobernador contrast\u00f3 los modelos de gesti\u00f3n entre los avances del bienestar que representa un modelo de Estado presente y otro que gobierna desde el mercado, olvid\u00e1ndose de las necesidades, derechos y prioridades de la gente. <\/p>\n\n\n\n<p>Ziliotto habl\u00f3 de seguir trabajando, reconociendo los errores de algunas expectativas que puede no haber cubierto el Gobierno Nacional, sabiendo que el peronismo sigue siendo la \u00fanica opci\u00f3n de desarrollo para La Pampa y para la Argentina. \u201cLa esperanza que representa la lealtad nos hace posible renovar acuerdos con el pueblo, sabiendo que somos capaces de ofrecer las mejores opciones de la pol\u00edtica en cada momento del pa\u00eds\u201d, dijo.<\/p>\n\n\n\n<figure class=\"wp-block-gallery has-nested-images columns-default is-cropped wp-block-gallery-2 is-layout-flex wp-block-gallery-is-layout-flex\">\n<figure class=\"wp-block-image size-large\"><img loading=\"lazy\" decoding=\"async\" width=\"1024\" height=\"576\" data-id=\"241096\" src=\"https:\/\/diariotextual.com\/inicio\/wp-content\/uploads\/2023\/10\/cierrecampanauxprauschenberger2023-002-1024x576.jpg\" alt=\"\" class=\"wp-image-241096\" srcset=\"https:\/\/diariotextual.com\/inicio\/wp-content\/uploads\/2023\/10\/cierrecampanauxprauschenberger2023-002-1024x576.jpg 1024w, https:\/\/diariotextual.com\/inicio\/wp-content\/uploads\/2023\/10\/cierrecampanauxprauschenberger2023-002-300x169.jpg 300w, https:\/\/diariotextual.com\/inicio\/wp-content\/uploads\/2023\/10\/cierrecampanauxprauschenberger2023-002-768x432.jpg 768w, https:\/\/diariotextual.com\/inicio\/wp-content\/uploads\/2023\/10\/cierrecampanauxprauschenberger2023-002-1170x658.jpg 1170w, https:\/\/diariotextual.com\/inicio\/wp-content\/uploads\/2023\/10\/cierrecampanauxprauschenberger2023-002-585x329.jpg 585w, https:\/\/diariotextual.com\/inicio\/wp-content\/uploads\/2023\/10\/cierrecampanauxprauschenberger2023-002.jpg 1500w\" sizes=\"(max-width: 1024px) 100vw, 1024px\" \/><\/figure>\n\n\n\n<figure class=\"wp-block-image size-large\"><img loading=\"lazy\" decoding=\"async\" width=\"1024\" height=\"576\" data-id=\"241097\" src=\"https:\/\/diariotextual.com\/inicio\/wp-content\/uploads\/2023\/10\/cierrecampanauxprauschenberger2023-001-1024x576.jpg\" alt=\"\" class=\"wp-image-241097\" srcset=\"https:\/\/diariotextual.com\/inicio\/wp-content\/uploads\/2023\/10\/cierrecampanauxprauschenberger2023-001-1024x576.jpg 1024w, https:\/\/diariotextual.com\/inicio\/wp-content\/uploads\/2023\/10\/cierrecampanauxprauschenberger2023-001-300x169.jpg 300w, https:\/\/diariotextual.com\/inicio\/wp-content\/uploads\/2023\/10\/cierrecampanauxprauschenberger2023-001-768x432.jpg 768w, https:\/\/diariotextual.com\/inicio\/wp-content\/uploads\/2023\/10\/cierrecampanauxprauschenberger2023-001-1170x658.jpg 1170w, https:\/\/diariotextual.com\/inicio\/wp-content\/uploads\/2023\/10\/cierrecampanauxprauschenberger2023-001-585x329.jpg 585w, https:\/\/diariotextual.com\/inicio\/wp-content\/uploads\/2023\/10\/cierrecampanauxprauschenberger2023-001.jpg 1500w\" sizes=\"(max-width: 1024px) 100vw, 1024px\" \/><\/figure>\n<\/figure>\n\n\n\n<p><\/p>\n\n\n\n<p><strong>\u201cComo principal objetivo que nos hemos planteado como coalici\u00f3n es esclarecer lo que est\u00e1 en juego<\/strong>\u201d, dijo. \u201cPara La Pampa no da lo mismo qui\u00e9n ser\u00e1 el presidente\u201d, manifest\u00f3.<\/p>\n\n\n\n<p><\/p>\n\n\n\n<figure class=\"wp-block-image size-large\"><img loading=\"lazy\" decoding=\"async\" width=\"1024\" height=\"768\" src=\"https:\/\/diariotextual.com\/inicio\/wp-content\/uploads\/2023\/10\/rauschenbergerlabouriepascualcierrecampanadinapoliunionporlapatriauxptoay2023-3-1024x768.jpg\" alt=\"\" class=\"wp-image-241085\" srcset=\"https:\/\/diariotextual.com\/inicio\/wp-content\/uploads\/2023\/10\/rauschenbergerlabouriepascualcierrecampanadinapoliunionporlapatriauxptoay2023-3-1024x768.jpg 1024w, https:\/\/diariotextual.com\/inicio\/wp-content\/uploads\/2023\/10\/rauschenbergerlabouriepascualcierrecampanadinapoliunionporlapatriauxptoay2023-3-300x225.jpg 300w, https:\/\/diariotextual.com\/inicio\/wp-content\/uploads\/2023\/10\/rauschenbergerlabouriepascualcierrecampanadinapoliunionporlapatriauxptoay2023-3-768x576.jpg 768w, https:\/\/diariotextual.com\/inicio\/wp-content\/uploads\/2023\/10\/rauschenbergerlabouriepascualcierrecampanadinapoliunionporlapatriauxptoay2023-3-1536x1152.jpg 1536w, https:\/\/diariotextual.com\/inicio\/wp-content\/uploads\/2023\/10\/rauschenbergerlabouriepascualcierrecampanadinapoliunionporlapatriauxptoay2023-3-1170x878.jpg 1170w, https:\/\/diariotextual.com\/inicio\/wp-content\/uploads\/2023\/10\/rauschenbergerlabouriepascualcierrecampanadinapoliunionporlapatriauxptoay2023-3-585x439.jpg 585w, https:\/\/diariotextual.com\/inicio\/wp-content\/uploads\/2023\/10\/rauschenbergerlabouriepascualcierrecampanadinapoliunionporlapatriauxptoay2023-3.jpg 1600w\" sizes=\"(max-width: 1024px) 100vw, 1024px\" \/><\/figure>\n\n\n\n<p><\/p>\n\n\n\n<p>\u00bfQu\u00e9 pasar\u00e1 en La Pampa si gana Javier Milei? \u201cSe restringir\u00e1 la obra p\u00fablica y el apoyo a los sectores productivos\u201d, dijo m\u00e1s temprano, en conferencia de prensa.<\/p>\n\n\n\n<p>Reconoci\u00f3 que el ciudadano est\u00e1 \u201cmal\u201d, pero pidi\u00f3 votar con \u201cracionalidad\u201d porque, con Javier Milei o Patricia Bullrich en la Casa Rosada, va a estar \u201cpeor\u201d que ahora.<\/p>\n\n\n\n<p><\/p>\n\n\n\n<figure class=\"wp-block-embed is-type-wp-embed is-provider-diario-textual wp-block-embed-diario-textual\"><div class=\"wp-block-embed__wrapper\">\n<blockquote class=\"wp-embedded-content\" data-secret=\"1RkWQubKQV\"><a href=\"https:\/\/diariotextual.com\/inicio\/index.php\/2023\/10\/17\/ziliotto-y-las-elecciones-hay-mucho-en-juego-para-la-pampa\/\">Ziliotto pide votar a conciencia: dependiendo del presidente, La Pampa \u201cva a crecer o resistir\u201d<\/a><\/blockquote><iframe class=\"wp-embedded-content\" sandbox=\"allow-scripts\" security=\"restricted\" style=\"position: absolute; clip: rect(1px, 1px, 1px, 1px);\" title=\"\u00abZiliotto pide votar a conciencia: dependiendo del presidente, La Pampa \u201cva a crecer o resistir\u201d\u00bb \u2014 Diario Textual\" src=\"https:\/\/diariotextual.com\/inicio\/index.php\/2023\/10\/17\/ziliotto-y-las-elecciones-hay-mucho-en-juego-para-la-pampa\/embed\/#?secret=pq45XuKSsG#?secret=1RkWQubKQV\" data-secret=\"1RkWQubKQV\" width=\"600\" height=\"338\" frameborder=\"0\" marginwidth=\"0\" marginheight=\"0\" scrolling=\"no\"><\/iframe>\n<\/div><\/figure>\n\n\n\n<p><\/p>\n\n\n\n<p><\/p>\n\n\n\n<p><\/p>\n\n\n\n<p><\/p>\n","protected":false},"excerpt":{"rendered":"<p>El frente Uni\u00f3n por la Patria (UxP, el frente dominado por el PJ) tuvo en la noche de este martes su cierre de campa\u00f1a en La Pampa en un acto&hellip;<\/p>\n","protected":false},"author":3,"featured_media":241119,"comment_status":"closed","ping_status":"open","sticky":false,"template":"","format":"standard","meta":{"_acf_changed":false,"footnotes":""},"categories":[1,11,8],"tags":[],"class_list":["post-241075","post","type-post","status-publish","format-standard","has-post-thumbnail","hentry","category-es-noticia","category-que-pasa","category-politica"],"acf":[],"yoast_head":"<!-- This site is optimized with the Yoast SEO plugin v27.5 - https:\/\/yoast.com\/product\/yoast-seo-wordpress\/ -->\n<title>UxP cerr\u00f3 la campa\u00f1a: acto masivo, liturgia peronista y pedido de \u201cvoto racional\u201d - Diario Textual<\/title>\n<meta name=\"robots\" content=\"index, follow, max-snippet:-1, max-image-preview:large, max-video-preview:-1\" \/>\n<link rel=\"canonical\" href=\"https:\/\/diariotextual.com\/inicio\/index.php\/2023\/10\/17\/uxp-cerro-la-campana-acto-masivo-liturgia-peronista-y-pedido-de-voto-racional\/\" \/>\n<meta property=\"og:locale\" content=\"es_ES\" \/>\n<meta property=\"og:type\" content=\"article\" \/>\n<meta property=\"og:title\" content=\"UxP cerr\u00f3 la campa\u00f1a: acto masivo, liturgia peronista y pedido de \u201cvoto racional\u201d - Diario Textual\" \/>\n<meta property=\"og:description\" content=\"El frente Uni\u00f3n por la Patria (UxP, el frente dominado por el PJ) tuvo en la noche de este martes su cierre de campa\u00f1a en La Pampa en un acto&hellip;\" \/>\n<meta property=\"og:url\" content=\"https:\/\/diariotextual.com\/inicio\/index.php\/2023\/10\/17\/uxp-cerro-la-campana-acto-masivo-liturgia-peronista-y-pedido-de-voto-racional\/\" \/>\n<meta property=\"og:site_name\" content=\"Diario Textual\" \/>\n<meta property=\"article:publisher\" content=\"https:\/\/www.facebook.com\/eltextual\" \/>\n<meta property=\"article:published_time\" content=\"2023-10-17T23:32:57+00:00\" \/>\n<meta property=\"article:modified_time\" content=\"2023-10-18T20:38:45+00:00\" \/>\n<meta property=\"og:image\" content=\"https:\/\/diariotextual.com\/inicio\/wp-content\/uploads\/2023\/10\/ziliottosergiocierrecampanauxp17octubre2023-3.jpg\" \/>\n\t<meta property=\"og:image:width\" content=\"1067\" \/>\n\t<meta property=\"og:image:height\" content=\"711\" \/>\n\t<meta property=\"og:image:type\" content=\"image\/jpeg\" \/>\n<meta name=\"author\" content=\"Diario1 Diario1\" \/>\n<meta name=\"twitter:card\" content=\"summary_large_image\" \/>\n<meta name=\"twitter:creator\" content=\"@eltextual\" \/>\n<meta name=\"twitter:site\" content=\"@eltextual\" \/>\n<meta name=\"twitter:label1\" content=\"Escrito por\" \/>\n\t<meta name=\"twitter:data1\" content=\"Diario1 Diario1\" \/>\n\t<meta name=\"twitter:label2\" content=\"Tiempo de lectura\" \/>\n\t<meta name=\"twitter:data2\" content=\"6 minutos\" \/>\n<script type=\"application\/ld+json\" class=\"yoast-schema-graph\">{\"@context\":\"https:\\\/\\\/schema.org\",\"@graph\":[{\"@type\":\"Article\",\"@id\":\"https:\\\/\\\/diariotextual.com\\\/inicio\\\/index.php\\\/2023\\\/10\\\/17\\\/uxp-cerro-la-campana-acto-masivo-liturgia-peronista-y-pedido-de-voto-racional\\\/#article\",\"isPartOf\":{\"@id\":\"https:\\\/\\\/diariotextual.com\\\/inicio\\\/index.php\\\/2023\\\/10\\\/17\\\/uxp-cerro-la-campana-acto-masivo-liturgia-peronista-y-pedido-de-voto-racional\\\/\"},\"author\":{\"name\":\"Diario1 Diario1\",\"@id\":\"https:\\\/\\\/diariotextual.com\\\/inicio\\\/#\\\/schema\\\/person\\\/418fc4093c33e86ed41562db3508f958\"},\"headline\":\"UxP cerr\u00f3 la campa\u00f1a: acto masivo, liturgia peronista y pedido de \u201cvoto racional\u201d\",\"datePublished\":\"2023-10-17T23:32:57+00:00\",\"dateModified\":\"2023-10-18T20:38:45+00:00\",\"mainEntityOfPage\":{\"@id\":\"https:\\\/\\\/diariotextual.com\\\/inicio\\\/index.php\\\/2023\\\/10\\\/17\\\/uxp-cerro-la-campana-acto-masivo-liturgia-peronista-y-pedido-de-voto-racional\\\/\"},\"wordCount\":777,\"publisher\":{\"@id\":\"https:\\\/\\\/diariotextual.com\\\/inicio\\\/#organization\"},\"image\":{\"@id\":\"https:\\\/\\\/diariotextual.com\\\/inicio\\\/index.php\\\/2023\\\/10\\\/17\\\/uxp-cerro-la-campana-acto-masivo-liturgia-peronista-y-pedido-de-voto-racional\\\/#primaryimage\"},\"thumbnailUrl\":\"https:\\\/\\\/diariotextual.com\\\/inicio\\\/wp-content\\\/uploads\\\/2023\\\/10\\\/ziliottosergiocierrecampanauxp17octubre2023-3.jpg\",\"articleSection\":[\"A - ES NOTICIA (van abajo)\",\"A - QUE PASA (al costado)\",\"POLITICA\"],\"inLanguage\":\"es\"},{\"@type\":\"WebPage\",\"@id\":\"https:\\\/\\\/diariotextual.com\\\/inicio\\\/index.php\\\/2023\\\/10\\\/17\\\/uxp-cerro-la-campana-acto-masivo-liturgia-peronista-y-pedido-de-voto-racional\\\/\",\"url\":\"https:\\\/\\\/diariotextual.com\\\/inicio\\\/index.php\\\/2023\\\/10\\\/17\\\/uxp-cerro-la-campana-acto-masivo-liturgia-peronista-y-pedido-de-voto-racional\\\/\",\"name\":\"UxP cerr\u00f3 la campa\u00f1a: acto masivo, liturgia peronista y pedido de \u201cvoto racional\u201d - Diario Textual\",\"isPartOf\":{\"@id\":\"https:\\\/\\\/diariotextual.com\\\/inicio\\\/#website\"},\"primaryImageOfPage\":{\"@id\":\"https:\\\/\\\/diariotextual.com\\\/inicio\\\/index.php\\\/2023\\\/10\\\/17\\\/uxp-cerro-la-campana-acto-masivo-liturgia-peronista-y-pedido-de-voto-racional\\\/#primaryimage\"},\"image\":{\"@id\":\"https:\\\/\\\/diariotextual.com\\\/inicio\\\/index.php\\\/2023\\\/10\\\/17\\\/uxp-cerro-la-campana-acto-masivo-liturgia-peronista-y-pedido-de-voto-racional\\\/#primaryimage\"},\"thumbnailUrl\":\"https:\\\/\\\/diariotextual.com\\\/inicio\\\/wp-content\\\/uploads\\\/2023\\\/10\\\/ziliottosergiocierrecampanauxp17octubre2023-3.jpg\",\"datePublished\":\"2023-10-17T23:32:57+00:00\",\"dateModified\":\"2023-10-18T20:38:45+00:00\",\"breadcrumb\":{\"@id\":\"https:\\\/\\\/diariotextual.com\\\/inicio\\\/index.php\\\/2023\\\/10\\\/17\\\/uxp-cerro-la-campana-acto-masivo-liturgia-peronista-y-pedido-de-voto-racional\\\/#breadcrumb\"},\"inLanguage\":\"es\",\"potentialAction\":[{\"@type\":\"ReadAction\",\"target\":[\"https:\\\/\\\/diariotextual.com\\\/inicio\\\/index.php\\\/2023\\\/10\\\/17\\\/uxp-cerro-la-campana-acto-masivo-liturgia-peronista-y-pedido-de-voto-racional\\\/\"]}]},{\"@type\":\"ImageObject\",\"inLanguage\":\"es\",\"@id\":\"https:\\\/\\\/diariotextual.com\\\/inicio\\\/index.php\\\/2023\\\/10\\\/17\\\/uxp-cerro-la-campana-acto-masivo-liturgia-peronista-y-pedido-de-voto-racional\\\/#primaryimage\",\"url\":\"https:\\\/\\\/diariotextual.com\\\/inicio\\\/wp-content\\\/uploads\\\/2023\\\/10\\\/ziliottosergiocierrecampanauxp17octubre2023-3.jpg\",\"contentUrl\":\"https:\\\/\\\/diariotextual.com\\\/inicio\\\/wp-content\\\/uploads\\\/2023\\\/10\\\/ziliottosergiocierrecampanauxp17octubre2023-3.jpg\",\"width\":1067,\"height\":711},{\"@type\":\"BreadcrumbList\",\"@id\":\"https:\\\/\\\/diariotextual.com\\\/inicio\\\/index.php\\\/2023\\\/10\\\/17\\\/uxp-cerro-la-campana-acto-masivo-liturgia-peronista-y-pedido-de-voto-racional\\\/#breadcrumb\",\"itemListElement\":[{\"@type\":\"ListItem\",\"position\":1,\"name\":\"Portada\",\"item\":\"https:\\\/\\\/diariotextual.com\\\/inicio\\\/\"},{\"@type\":\"ListItem\",\"position\":2,\"name\":\"UxP cerr\u00f3 la campa\u00f1a: acto masivo, liturgia peronista y pedido de \u201cvoto racional\u201d\"}]},{\"@type\":\"WebSite\",\"@id\":\"https:\\\/\\\/diariotextual.com\\\/inicio\\\/#website\",\"url\":\"https:\\\/\\\/diariotextual.com\\\/inicio\\\/\",\"name\":\"Diario Textual\",\"description\":\"\",\"publisher\":{\"@id\":\"https:\\\/\\\/diariotextual.com\\\/inicio\\\/#organization\"},\"potentialAction\":[{\"@type\":\"SearchAction\",\"target\":{\"@type\":\"EntryPoint\",\"urlTemplate\":\"https:\\\/\\\/diariotextual.com\\\/inicio\\\/?s={search_term_string}\"},\"query-input\":{\"@type\":\"PropertyValueSpecification\",\"valueRequired\":true,\"valueName\":\"search_term_string\"}}],\"inLanguage\":\"es\"},{\"@type\":\"Organization\",\"@id\":\"https:\\\/\\\/diariotextual.com\\\/inicio\\\/#organization\",\"name\":\"Diario Textual\",\"url\":\"https:\\\/\\\/diariotextual.com\\\/inicio\\\/\",\"logo\":{\"@type\":\"ImageObject\",\"inLanguage\":\"es\",\"@id\":\"https:\\\/\\\/diariotextual.com\\\/inicio\\\/#\\\/schema\\\/logo\\\/image\\\/\",\"url\":\"https:\\\/\\\/diariotextual.com\\\/inicio\\\/wp-content\\\/uploads\\\/2023\\\/05\\\/logotextual1.jpg\",\"contentUrl\":\"https:\\\/\\\/diariotextual.com\\\/inicio\\\/wp-content\\\/uploads\\\/2023\\\/05\\\/logotextual1.jpg\",\"width\":516,\"height\":76,\"caption\":\"Diario Textual\"},\"image\":{\"@id\":\"https:\\\/\\\/diariotextual.com\\\/inicio\\\/#\\\/schema\\\/logo\\\/image\\\/\"},\"sameAs\":[\"https:\\\/\\\/www.facebook.com\\\/eltextual\",\"https:\\\/\\\/x.com\\\/eltextual\",\"http:\\\/\\\/www.instagram.com\\\/eltextual\"]},{\"@type\":\"Person\",\"@id\":\"https:\\\/\\\/diariotextual.com\\\/inicio\\\/#\\\/schema\\\/person\\\/418fc4093c33e86ed41562db3508f958\",\"name\":\"Diario1 Diario1\",\"image\":{\"@type\":\"ImageObject\",\"inLanguage\":\"es\",\"@id\":\"https:\\\/\\\/secure.gravatar.com\\\/avatar\\\/9167d280179c85bc18be67aa7eda765854300033af4896dd779b608640f2ef7a?s=96&d=mm&r=g\",\"url\":\"https:\\\/\\\/secure.gravatar.com\\\/avatar\\\/9167d280179c85bc18be67aa7eda765854300033af4896dd779b608640f2ef7a?s=96&d=mm&r=g\",\"contentUrl\":\"https:\\\/\\\/secure.gravatar.com\\\/avatar\\\/9167d280179c85bc18be67aa7eda765854300033af4896dd779b608640f2ef7a?s=96&d=mm&r=g\",\"caption\":\"Diario1 Diario1\"},\"url\":\"https:\\\/\\\/diariotextual.com\\\/inicio\\\/index.php\\\/author\\\/diario1\\\/\"}]}<\/script>\n<!-- \/ Yoast SEO plugin. -->","yoast_head_json":{"title":"UxP cerr\u00f3 la campa\u00f1a: acto masivo, liturgia peronista y pedido de \u201cvoto racional\u201d - Diario Textual","robots":{"index":"index","follow":"follow","max-snippet":"max-snippet:-1","max-image-preview":"max-image-preview:large","max-video-preview":"max-video-preview:-1"},"canonical":"https:\/\/diariotextual.com\/inicio\/index.php\/2023\/10\/17\/uxp-cerro-la-campana-acto-masivo-liturgia-peronista-y-pedido-de-voto-racional\/","og_locale":"es_ES","og_type":"article","og_title":"UxP cerr\u00f3 la campa\u00f1a: acto masivo, liturgia peronista y pedido de \u201cvoto racional\u201d - Diario Textual","og_description":"El frente Uni\u00f3n por la Patria (UxP, el frente dominado por el PJ) tuvo en la noche de este martes su cierre de campa\u00f1a en La Pampa en un acto&hellip;","og_url":"https:\/\/diariotextual.com\/inicio\/index.php\/2023\/10\/17\/uxp-cerro-la-campana-acto-masivo-liturgia-peronista-y-pedido-de-voto-racional\/","og_site_name":"Diario Textual","article_publisher":"https:\/\/www.facebook.com\/eltextual","article_published_time":"2023-10-17T23:32:57+00:00","article_modified_time":"2023-10-18T20:38:45+00:00","og_image":[{"width":1067,"height":711,"url":"https:\/\/diariotextual.com\/inicio\/wp-content\/uploads\/2023\/10\/ziliottosergiocierrecampanauxp17octubre2023-3.jpg","type":"image\/jpeg"}],"author":"Diario1 Diario1","twitter_card":"summary_large_image","twitter_creator":"@eltextual","twitter_site":"@eltextual","twitter_misc":{"Escrito por":"Diario1 Diario1","Tiempo de lectura":"6 minutos"},"schema":{"@context":"https:\/\/schema.org","@graph":[{"@type":"Article","@id":"https:\/\/diariotextual.com\/inicio\/index.php\/2023\/10\/17\/uxp-cerro-la-campana-acto-masivo-liturgia-peronista-y-pedido-de-voto-racional\/#article","isPartOf":{"@id":"https:\/\/diariotextual.com\/inicio\/index.php\/2023\/10\/17\/uxp-cerro-la-campana-acto-masivo-liturgia-peronista-y-pedido-de-voto-racional\/"},"author":{"name":"Diario1 Diario1","@id":"https:\/\/diariotextual.com\/inicio\/#\/schema\/person\/418fc4093c33e86ed41562db3508f958"},"headline":"UxP cerr\u00f3 la campa\u00f1a: acto masivo, liturgia peronista y pedido de \u201cvoto racional\u201d","datePublished":"2023-10-17T23:32:57+00:00","dateModified":"2023-10-18T20:38:45+00:00","mainEntityOfPage":{"@id":"https:\/\/diariotextual.com\/inicio\/index.php\/2023\/10\/17\/uxp-cerro-la-campana-acto-masivo-liturgia-peronista-y-pedido-de-voto-racional\/"},"wordCount":777,"publisher":{"@id":"https:\/\/diariotextual.com\/inicio\/#organization"},"image":{"@id":"https:\/\/diariotextual.com\/inicio\/index.php\/2023\/10\/17\/uxp-cerro-la-campana-acto-masivo-liturgia-peronista-y-pedido-de-voto-racional\/#primaryimage"},"thumbnailUrl":"https:\/\/diariotextual.com\/inicio\/wp-content\/uploads\/2023\/10\/ziliottosergiocierrecampanauxp17octubre2023-3.jpg","articleSection":["A - ES NOTICIA (van abajo)","A - QUE PASA (al costado)","POLITICA"],"inLanguage":"es"},{"@type":"WebPage","@id":"https:\/\/diariotextual.com\/inicio\/index.php\/2023\/10\/17\/uxp-cerro-la-campana-acto-masivo-liturgia-peronista-y-pedido-de-voto-racional\/","url":"https:\/\/diariotextual.com\/inicio\/index.php\/2023\/10\/17\/uxp-cerro-la-campana-acto-masivo-liturgia-peronista-y-pedido-de-voto-racional\/","name":"UxP cerr\u00f3 la campa\u00f1a: acto masivo, liturgia peronista y pedido de \u201cvoto racional\u201d - Diario Textual","isPartOf":{"@id":"https:\/\/diariotextual.com\/inicio\/#website"},"primaryImageOfPage":{"@id":"https:\/\/diariotextual.com\/inicio\/index.php\/2023\/10\/17\/uxp-cerro-la-campana-acto-masivo-liturgia-peronista-y-pedido-de-voto-racional\/#primaryimage"},"image":{"@id":"https:\/\/diariotextual.com\/inicio\/index.php\/2023\/10\/17\/uxp-cerro-la-campana-acto-masivo-liturgia-peronista-y-pedido-de-voto-racional\/#primaryimage"},"thumbnailUrl":"https:\/\/diariotextual.com\/inicio\/wp-content\/uploads\/2023\/10\/ziliottosergiocierrecampanauxp17octubre2023-3.jpg","datePublished":"2023-10-17T23:32:57+00:00","dateModified":"2023-10-18T20:38:45+00:00","breadcrumb":{"@id":"https:\/\/diariotextual.com\/inicio\/index.php\/2023\/10\/17\/uxp-cerro-la-campana-acto-masivo-liturgia-peronista-y-pedido-de-voto-racional\/#breadcrumb"},"inLanguage":"es","potentialAction":[{"@type":"ReadAction","target":["https:\/\/diariotextual.com\/inicio\/index.php\/2023\/10\/17\/uxp-cerro-la-campana-acto-masivo-liturgia-peronista-y-pedido-de-voto-racional\/"]}]},{"@type":"ImageObject","inLanguage":"es","@id":"https:\/\/diariotextual.com\/inicio\/index.php\/2023\/10\/17\/uxp-cerro-la-campana-acto-masivo-liturgia-peronista-y-pedido-de-voto-racional\/#primaryimage","url":"https:\/\/diariotextual.com\/inicio\/wp-content\/uploads\/2023\/10\/ziliottosergiocierrecampanauxp17octubre2023-3.jpg","contentUrl":"https:\/\/diariotextual.com\/inicio\/wp-content\/uploads\/2023\/10\/ziliottosergiocierrecampanauxp17octubre2023-3.jpg","width":1067,"height":711},{"@type":"BreadcrumbList","@id":"https:\/\/diariotextual.com\/inicio\/index.php\/2023\/10\/17\/uxp-cerro-la-campana-acto-masivo-liturgia-peronista-y-pedido-de-voto-racional\/#breadcrumb","itemListElement":[{"@type":"ListItem","position":1,"name":"Portada","item":"https:\/\/diariotextual.com\/inicio\/"},{"@type":"ListItem","position":2,"name":"UxP cerr\u00f3 la campa\u00f1a: acto masivo, liturgia peronista y pedido de \u201cvoto racional\u201d"}]},{"@type":"WebSite","@id":"https:\/\/diariotextual.com\/inicio\/#website","url":"https:\/\/diariotextual.com\/inicio\/","name":"Diario Textual","description":"","publisher":{"@id":"https:\/\/diariotextual.com\/inicio\/#organization"},"potentialAction":[{"@type":"SearchAction","target":{"@type":"EntryPoint","urlTemplate":"https:\/\/diariotextual.com\/inicio\/?s={search_term_string}"},"query-input":{"@type":"PropertyValueSpecification","valueRequired":true,"valueName":"search_term_string"}}],"inLanguage":"es"},{"@type":"Organization","@id":"https:\/\/diariotextual.com\/inicio\/#organization","name":"Diario Textual","url":"https:\/\/diariotextual.com\/inicio\/","logo":{"@type":"ImageObject","inLanguage":"es","@id":"https:\/\/diariotextual.com\/inicio\/#\/schema\/logo\/image\/","url":"https:\/\/diariotextual.com\/inicio\/wp-content\/uploads\/2023\/05\/logotextual1.jpg","contentUrl":"https:\/\/diariotextual.com\/inicio\/wp-content\/uploads\/2023\/05\/logotextual1.jpg","width":516,"height":76,"caption":"Diario Textual"},"image":{"@id":"https:\/\/diariotextual.com\/inicio\/#\/schema\/logo\/image\/"},"sameAs":["https:\/\/www.facebook.com\/eltextual","https:\/\/x.com\/eltextual","http:\/\/www.instagram.com\/eltextual"]},{"@type":"Person","@id":"https:\/\/diariotextual.com\/inicio\/#\/schema\/person\/418fc4093c33e86ed41562db3508f958","name":"Diario1 Diario1","image":{"@type":"ImageObject","inLanguage":"es","@id":"https:\/\/secure.gravatar.com\/avatar\/9167d280179c85bc18be67aa7eda765854300033af4896dd779b608640f2ef7a?s=96&d=mm&r=g","url":"https:\/\/secure.gravatar.com\/avatar\/9167d280179c85bc18be67aa7eda765854300033af4896dd779b608640f2ef7a?s=96&d=mm&r=g","contentUrl":"https:\/\/secure.gravatar.com\/avatar\/9167d280179c85bc18be67aa7eda765854300033af4896dd779b608640f2ef7a?s=96&d=mm&r=g","caption":"Diario1 Diario1"},"url":"https:\/\/diariotextual.com\/inicio\/index.php\/author\/diario1\/"}]}},"_links":{"self":[{"href":"https:\/\/diariotextual.com\/inicio\/index.php\/wp-json\/wp\/v2\/posts\/241075","targetHints":{"allow":["GET"]}}],"collection":[{"href":"https:\/\/diariotextual.com\/inicio\/index.php\/wp-json\/wp\/v2\/posts"}],"about":[{"href":"https:\/\/diariotextual.com\/inicio\/index.php\/wp-json\/wp\/v2\/types\/post"}],"author":[{"embeddable":true,"href":"https:\/\/diariotextual.com\/inicio\/index.php\/wp-json\/wp\/v2\/users\/3"}],"replies":[{"embeddable":true,"href":"https:\/\/diariotextual.com\/inicio\/index.php\/wp-json\/wp\/v2\/comments?post=241075"}],"version-history":[{"count":21,"href":"https:\/\/diariotextual.com\/inicio\/index.php\/wp-json\/wp\/v2\/posts\/241075\/revisions"}],"predecessor-version":[{"id":241122,"href":"https:\/\/diariotextual.com\/inicio\/index.php\/wp-json\/wp\/v2\/posts\/241075\/revisions\/241122"}],"wp:featuredmedia":[{"embeddable":true,"href":"https:\/\/diariotextual.com\/inicio\/index.php\/wp-json\/wp\/v2\/media\/241119"}],"wp:attachment":[{"href":"https:\/\/diariotextual.com\/inicio\/index.php\/wp-json\/wp\/v2\/media?parent=241075"}],"wp:term":[{"taxonomy":"category","embeddable":true,"href":"https:\/\/diariotextual.com\/inicio\/index.php\/wp-json\/wp\/v2\/categories?post=241075"},{"taxonomy":"post_tag","embeddable":true,"href":"https:\/\/diariotextual.com\/inicio\/index.php\/wp-json\/wp\/v2\/tags?post=241075"}],"curies":[{"name":"wp","href":"https:\/\/api.w.org\/{rel}","templated":true}]}}