{"id":241331,"date":"2023-10-19T11:18:22","date_gmt":"2023-10-19T14:18:22","guid":{"rendered":"https:\/\/diariotextual.com\/inicio\/?p=241331"},"modified":"2023-10-19T20:25:40","modified_gmt":"2023-10-19T23:25:40","slug":"pascual-fernandez-el-domingo-se-trata-de-defender-la-pampa","status":"publish","type":"post","link":"https:\/\/diariotextual.com\/inicio\/index.php\/2023\/10\/19\/pascual-fernandez-el-domingo-se-trata-de-defender-la-pampa\/","title":{"rendered":"Pascual Fern\u00e1ndez: \u201cEl domingo se trata de defender La Pampa\u201d"},"content":{"rendered":"\n<p>El intendente de Uriburu, <strong>Pascual Fern\u00e1ndez<\/strong>, es candidato a diputado nacional suplente de Uni\u00f3n por la Patria, acompa\u00f1ando a Sergio Massa para presidente y a Ariel Rauschenberger para el Congreso. \u201cEl voto a Massa es defender La Pampa\u201d, dijo. \u201cSe trata de defender un proyecto de provincia que a lo largo de todos estos a\u00f1os el peronismo lo ha sabido llevar adelante y que hoy conduce Sergio Ziliotto\u201d, dijo.<\/p>\n\n\n\n<p>\u00abAc\u00e1 se ven tres modelos de gobiernos: uno que nos lleva al abismo, que es Milei; otro que nos quiere llevar al pasado, que es Bullrich y sabemos que representa al gobierno de Mauricio Macri; y por otro lado el gobierno de Massa, que busca defender los derechos\u00bb, calific\u00f3.<\/p>\n\n\n\n<p>Fern\u00e1ndez dijo que el peronismo est\u00e1 haciendo una fuerte campa\u00f1a. \u201cVenimos trabajando a full, recorriendo cada lugar de la provincia. Entendemos que hay que visitar cada lugar, hablar con cada vecino y vecina sobre lo que est\u00e1 en juego, que es una elecci\u00f3n bisagra que nos plantean, por un lado, la ausencia del Estado y, por otro lado, nuestro proyecto de Uni\u00f3n por la Patria que es un Estado el cual incluye a todos y todas\u201d, dijo.<\/p>\n\n\n\n<p>\u201cEs importante cada voto, as\u00ed que hablamos con cada vecino. Notamos que hay mayor toma de conciencia que en la PASO, creemos que la gente est\u00e1 entendiendo el momento hist\u00f3rico que estamos viviendo, porque ac\u00e1 se trata de defender cada municipio, defender la provincia y defender el Gobierno Nacional porque no somos una isla, esto es un contexto nacional donde se juega los derechos que a lo largo de los a\u00f1os hemos ido conquistando\u201d, dijo.<\/p>\n\n\n\n<p>\u201cSin lugar a dudas Sergio Massa muestra su experiencia, su formaci\u00f3n y hay un abismo entre \u00e9l y el resto\u201d, afirm\u00f3.<\/p>\n","protected":false},"excerpt":{"rendered":"<p>El intendente de Uriburu, Pascual Fern\u00e1ndez, es candidato a diputado nacional suplente de Uni\u00f3n por la Patria, acompa\u00f1ando a Sergio Massa para presidente y a Ariel Rauschenberger para el Congreso.&hellip;<\/p>\n","protected":false},"author":3,"featured_media":241334,"comment_status":"closed","ping_status":"open","sticky":false,"template":"","format":"standard","meta":{"_acf_changed":false,"footnotes":""},"categories":[1,11,8],"tags":[],"class_list":["post-241331","post","type-post","status-publish","format-standard","has-post-thumbnail","hentry","category-es-noticia","category-que-pasa","category-politica"],"acf":[],"yoast_head":"<!-- This site is optimized with the Yoast SEO plugin v27.5 - https:\/\/yoast.com\/product\/yoast-seo-wordpress\/ -->\n<title>Pascual Fern\u00e1ndez: \u201cEl domingo se trata de defender La Pampa\u201d - Diario Textual<\/title>\n<meta name=\"robots\" content=\"index, follow, max-snippet:-1, max-image-preview:large, max-video-preview:-1\" \/>\n<link rel=\"canonical\" href=\"https:\/\/diariotextual.com\/inicio\/index.php\/2023\/10\/19\/pascual-fernandez-el-domingo-se-trata-de-defender-la-pampa\/\" \/>\n<meta property=\"og:locale\" content=\"es_ES\" \/>\n<meta property=\"og:type\" content=\"article\" \/>\n<meta property=\"og:title\" content=\"Pascual Fern\u00e1ndez: \u201cEl domingo se trata de defender La Pampa\u201d - Diario Textual\" \/>\n<meta property=\"og:description\" content=\"El intendente de Uriburu, Pascual Fern\u00e1ndez, es candidato a diputado nacional suplente de Uni\u00f3n por la Patria, acompa\u00f1ando a Sergio Massa para presidente y a Ariel Rauschenberger para el Congreso.&hellip;\" \/>\n<meta property=\"og:url\" content=\"https:\/\/diariotextual.com\/inicio\/index.php\/2023\/10\/19\/pascual-fernandez-el-domingo-se-trata-de-defender-la-pampa\/\" \/>\n<meta property=\"og:site_name\" content=\"Diario Textual\" \/>\n<meta property=\"article:publisher\" content=\"https:\/\/www.facebook.com\/eltextual\" \/>\n<meta property=\"article:published_time\" content=\"2023-10-19T14:18:22+00:00\" \/>\n<meta property=\"article:modified_time\" content=\"2023-10-19T23:25:40+00:00\" \/>\n<meta property=\"og:image\" content=\"https:\/\/diariotextual.com\/inicio\/wp-content\/uploads\/2023\/10\/fernandezpascual2023-11.jpg\" \/>\n\t<meta property=\"og:image:width\" content=\"900\" \/>\n\t<meta property=\"og:image:height\" content=\"601\" \/>\n\t<meta property=\"og:image:type\" content=\"image\/jpeg\" \/>\n<meta name=\"author\" content=\"Diario1 Diario1\" \/>\n<meta name=\"twitter:card\" content=\"summary_large_image\" \/>\n<meta name=\"twitter:creator\" content=\"@eltextual\" \/>\n<meta name=\"twitter:site\" content=\"@eltextual\" \/>\n<meta name=\"twitter:label1\" content=\"Escrito por\" \/>\n\t<meta name=\"twitter:data1\" content=\"Diario1 Diario1\" \/>\n\t<meta name=\"twitter:label2\" content=\"Tiempo de lectura\" \/>\n\t<meta name=\"twitter:data2\" content=\"2 minutos\" \/>\n<script type=\"application\/ld+json\" class=\"yoast-schema-graph\">{\"@context\":\"https:\\\/\\\/schema.org\",\"@graph\":[{\"@type\":\"Article\",\"@id\":\"https:\\\/\\\/diariotextual.com\\\/inicio\\\/index.php\\\/2023\\\/10\\\/19\\\/pascual-fernandez-el-domingo-se-trata-de-defender-la-pampa\\\/#article\",\"isPartOf\":{\"@id\":\"https:\\\/\\\/diariotextual.com\\\/inicio\\\/index.php\\\/2023\\\/10\\\/19\\\/pascual-fernandez-el-domingo-se-trata-de-defender-la-pampa\\\/\"},\"author\":{\"name\":\"Diario1 Diario1\",\"@id\":\"https:\\\/\\\/diariotextual.com\\\/inicio\\\/#\\\/schema\\\/person\\\/418fc4093c33e86ed41562db3508f958\"},\"headline\":\"Pascual Fern\u00e1ndez: \u201cEl domingo se trata de defender La Pampa\u201d\",\"datePublished\":\"2023-10-19T14:18:22+00:00\",\"dateModified\":\"2023-10-19T23:25:40+00:00\",\"mainEntityOfPage\":{\"@id\":\"https:\\\/\\\/diariotextual.com\\\/inicio\\\/index.php\\\/2023\\\/10\\\/19\\\/pascual-fernandez-el-domingo-se-trata-de-defender-la-pampa\\\/\"},\"wordCount\":313,\"publisher\":{\"@id\":\"https:\\\/\\\/diariotextual.com\\\/inicio\\\/#organization\"},\"image\":{\"@id\":\"https:\\\/\\\/diariotextual.com\\\/inicio\\\/index.php\\\/2023\\\/10\\\/19\\\/pascual-fernandez-el-domingo-se-trata-de-defender-la-pampa\\\/#primaryimage\"},\"thumbnailUrl\":\"https:\\\/\\\/diariotextual.com\\\/inicio\\\/wp-content\\\/uploads\\\/2023\\\/10\\\/fernandezpascual2023-11.jpg\",\"articleSection\":[\"A - ES NOTICIA (van abajo)\",\"A - QUE PASA (al costado)\",\"POLITICA\"],\"inLanguage\":\"es\"},{\"@type\":\"WebPage\",\"@id\":\"https:\\\/\\\/diariotextual.com\\\/inicio\\\/index.php\\\/2023\\\/10\\\/19\\\/pascual-fernandez-el-domingo-se-trata-de-defender-la-pampa\\\/\",\"url\":\"https:\\\/\\\/diariotextual.com\\\/inicio\\\/index.php\\\/2023\\\/10\\\/19\\\/pascual-fernandez-el-domingo-se-trata-de-defender-la-pampa\\\/\",\"name\":\"Pascual Fern\u00e1ndez: \u201cEl domingo se trata de defender La Pampa\u201d - Diario Textual\",\"isPartOf\":{\"@id\":\"https:\\\/\\\/diariotextual.com\\\/inicio\\\/#website\"},\"primaryImageOfPage\":{\"@id\":\"https:\\\/\\\/diariotextual.com\\\/inicio\\\/index.php\\\/2023\\\/10\\\/19\\\/pascual-fernandez-el-domingo-se-trata-de-defender-la-pampa\\\/#primaryimage\"},\"image\":{\"@id\":\"https:\\\/\\\/diariotextual.com\\\/inicio\\\/index.php\\\/2023\\\/10\\\/19\\\/pascual-fernandez-el-domingo-se-trata-de-defender-la-pampa\\\/#primaryimage\"},\"thumbnailUrl\":\"https:\\\/\\\/diariotextual.com\\\/inicio\\\/wp-content\\\/uploads\\\/2023\\\/10\\\/fernandezpascual2023-11.jpg\",\"datePublished\":\"2023-10-19T14:18:22+00:00\",\"dateModified\":\"2023-10-19T23:25:40+00:00\",\"breadcrumb\":{\"@id\":\"https:\\\/\\\/diariotextual.com\\\/inicio\\\/index.php\\\/2023\\\/10\\\/19\\\/pascual-fernandez-el-domingo-se-trata-de-defender-la-pampa\\\/#breadcrumb\"},\"inLanguage\":\"es\",\"potentialAction\":[{\"@type\":\"ReadAction\",\"target\":[\"https:\\\/\\\/diariotextual.com\\\/inicio\\\/index.php\\\/2023\\\/10\\\/19\\\/pascual-fernandez-el-domingo-se-trata-de-defender-la-pampa\\\/\"]}]},{\"@type\":\"ImageObject\",\"inLanguage\":\"es\",\"@id\":\"https:\\\/\\\/diariotextual.com\\\/inicio\\\/index.php\\\/2023\\\/10\\\/19\\\/pascual-fernandez-el-domingo-se-trata-de-defender-la-pampa\\\/#primaryimage\",\"url\":\"https:\\\/\\\/diariotextual.com\\\/inicio\\\/wp-content\\\/uploads\\\/2023\\\/10\\\/fernandezpascual2023-11.jpg\",\"contentUrl\":\"https:\\\/\\\/diariotextual.com\\\/inicio\\\/wp-content\\\/uploads\\\/2023\\\/10\\\/fernandezpascual2023-11.jpg\",\"width\":900,\"height\":601},{\"@type\":\"BreadcrumbList\",\"@id\":\"https:\\\/\\\/diariotextual.com\\\/inicio\\\/index.php\\\/2023\\\/10\\\/19\\\/pascual-fernandez-el-domingo-se-trata-de-defender-la-pampa\\\/#breadcrumb\",\"itemListElement\":[{\"@type\":\"ListItem\",\"position\":1,\"name\":\"Portada\",\"item\":\"https:\\\/\\\/diariotextual.com\\\/inicio\\\/\"},{\"@type\":\"ListItem\",\"position\":2,\"name\":\"Pascual Fern\u00e1ndez: \u201cEl domingo se trata de defender La Pampa\u201d\"}]},{\"@type\":\"WebSite\",\"@id\":\"https:\\\/\\\/diariotextual.com\\\/inicio\\\/#website\",\"url\":\"https:\\\/\\\/diariotextual.com\\\/inicio\\\/\",\"name\":\"Diario Textual\",\"description\":\"\",\"publisher\":{\"@id\":\"https:\\\/\\\/diariotextual.com\\\/inicio\\\/#organization\"},\"potentialAction\":[{\"@type\":\"SearchAction\",\"target\":{\"@type\":\"EntryPoint\",\"urlTemplate\":\"https:\\\/\\\/diariotextual.com\\\/inicio\\\/?s={search_term_string}\"},\"query-input\":{\"@type\":\"PropertyValueSpecification\",\"valueRequired\":true,\"valueName\":\"search_term_string\"}}],\"inLanguage\":\"es\"},{\"@type\":\"Organization\",\"@id\":\"https:\\\/\\\/diariotextual.com\\\/inicio\\\/#organization\",\"name\":\"Diario Textual\",\"url\":\"https:\\\/\\\/diariotextual.com\\\/inicio\\\/\",\"logo\":{\"@type\":\"ImageObject\",\"inLanguage\":\"es\",\"@id\":\"https:\\\/\\\/diariotextual.com\\\/inicio\\\/#\\\/schema\\\/logo\\\/image\\\/\",\"url\":\"https:\\\/\\\/diariotextual.com\\\/inicio\\\/wp-content\\\/uploads\\\/2023\\\/05\\\/logotextual1.jpg\",\"contentUrl\":\"https:\\\/\\\/diariotextual.com\\\/inicio\\\/wp-content\\\/uploads\\\/2023\\\/05\\\/logotextual1.jpg\",\"width\":516,\"height\":76,\"caption\":\"Diario Textual\"},\"image\":{\"@id\":\"https:\\\/\\\/diariotextual.com\\\/inicio\\\/#\\\/schema\\\/logo\\\/image\\\/\"},\"sameAs\":[\"https:\\\/\\\/www.facebook.com\\\/eltextual\",\"https:\\\/\\\/x.com\\\/eltextual\",\"http:\\\/\\\/www.instagram.com\\\/eltextual\"]},{\"@type\":\"Person\",\"@id\":\"https:\\\/\\\/diariotextual.com\\\/inicio\\\/#\\\/schema\\\/person\\\/418fc4093c33e86ed41562db3508f958\",\"name\":\"Diario1 Diario1\",\"image\":{\"@type\":\"ImageObject\",\"inLanguage\":\"es\",\"@id\":\"https:\\\/\\\/secure.gravatar.com\\\/avatar\\\/9167d280179c85bc18be67aa7eda765854300033af4896dd779b608640f2ef7a?s=96&d=mm&r=g\",\"url\":\"https:\\\/\\\/secure.gravatar.com\\\/avatar\\\/9167d280179c85bc18be67aa7eda765854300033af4896dd779b608640f2ef7a?s=96&d=mm&r=g\",\"contentUrl\":\"https:\\\/\\\/secure.gravatar.com\\\/avatar\\\/9167d280179c85bc18be67aa7eda765854300033af4896dd779b608640f2ef7a?s=96&d=mm&r=g\",\"caption\":\"Diario1 Diario1\"},\"url\":\"https:\\\/\\\/diariotextual.com\\\/inicio\\\/index.php\\\/author\\\/diario1\\\/\"}]}<\/script>\n<!-- \/ Yoast SEO plugin. -->","yoast_head_json":{"title":"Pascual Fern\u00e1ndez: \u201cEl domingo se trata de defender La Pampa\u201d - Diario Textual","robots":{"index":"index","follow":"follow","max-snippet":"max-snippet:-1","max-image-preview":"max-image-preview:large","max-video-preview":"max-video-preview:-1"},"canonical":"https:\/\/diariotextual.com\/inicio\/index.php\/2023\/10\/19\/pascual-fernandez-el-domingo-se-trata-de-defender-la-pampa\/","og_locale":"es_ES","og_type":"article","og_title":"Pascual Fern\u00e1ndez: \u201cEl domingo se trata de defender La Pampa\u201d - Diario Textual","og_description":"El intendente de Uriburu, Pascual Fern\u00e1ndez, es candidato a diputado nacional suplente de Uni\u00f3n por la Patria, acompa\u00f1ando a Sergio Massa para presidente y a Ariel Rauschenberger para el Congreso.&hellip;","og_url":"https:\/\/diariotextual.com\/inicio\/index.php\/2023\/10\/19\/pascual-fernandez-el-domingo-se-trata-de-defender-la-pampa\/","og_site_name":"Diario Textual","article_publisher":"https:\/\/www.facebook.com\/eltextual","article_published_time":"2023-10-19T14:18:22+00:00","article_modified_time":"2023-10-19T23:25:40+00:00","og_image":[{"width":900,"height":601,"url":"https:\/\/diariotextual.com\/inicio\/wp-content\/uploads\/2023\/10\/fernandezpascual2023-11.jpg","type":"image\/jpeg"}],"author":"Diario1 Diario1","twitter_card":"summary_large_image","twitter_creator":"@eltextual","twitter_site":"@eltextual","twitter_misc":{"Escrito por":"Diario1 Diario1","Tiempo de lectura":"2 minutos"},"schema":{"@context":"https:\/\/schema.org","@graph":[{"@type":"Article","@id":"https:\/\/diariotextual.com\/inicio\/index.php\/2023\/10\/19\/pascual-fernandez-el-domingo-se-trata-de-defender-la-pampa\/#article","isPartOf":{"@id":"https:\/\/diariotextual.com\/inicio\/index.php\/2023\/10\/19\/pascual-fernandez-el-domingo-se-trata-de-defender-la-pampa\/"},"author":{"name":"Diario1 Diario1","@id":"https:\/\/diariotextual.com\/inicio\/#\/schema\/person\/418fc4093c33e86ed41562db3508f958"},"headline":"Pascual Fern\u00e1ndez: \u201cEl domingo se trata de defender La Pampa\u201d","datePublished":"2023-10-19T14:18:22+00:00","dateModified":"2023-10-19T23:25:40+00:00","mainEntityOfPage":{"@id":"https:\/\/diariotextual.com\/inicio\/index.php\/2023\/10\/19\/pascual-fernandez-el-domingo-se-trata-de-defender-la-pampa\/"},"wordCount":313,"publisher":{"@id":"https:\/\/diariotextual.com\/inicio\/#organization"},"image":{"@id":"https:\/\/diariotextual.com\/inicio\/index.php\/2023\/10\/19\/pascual-fernandez-el-domingo-se-trata-de-defender-la-pampa\/#primaryimage"},"thumbnailUrl":"https:\/\/diariotextual.com\/inicio\/wp-content\/uploads\/2023\/10\/fernandezpascual2023-11.jpg","articleSection":["A - ES NOTICIA (van abajo)","A - QUE PASA (al costado)","POLITICA"],"inLanguage":"es"},{"@type":"WebPage","@id":"https:\/\/diariotextual.com\/inicio\/index.php\/2023\/10\/19\/pascual-fernandez-el-domingo-se-trata-de-defender-la-pampa\/","url":"https:\/\/diariotextual.com\/inicio\/index.php\/2023\/10\/19\/pascual-fernandez-el-domingo-se-trata-de-defender-la-pampa\/","name":"Pascual Fern\u00e1ndez: \u201cEl domingo se trata de defender La Pampa\u201d - Diario Textual","isPartOf":{"@id":"https:\/\/diariotextual.com\/inicio\/#website"},"primaryImageOfPage":{"@id":"https:\/\/diariotextual.com\/inicio\/index.php\/2023\/10\/19\/pascual-fernandez-el-domingo-se-trata-de-defender-la-pampa\/#primaryimage"},"image":{"@id":"https:\/\/diariotextual.com\/inicio\/index.php\/2023\/10\/19\/pascual-fernandez-el-domingo-se-trata-de-defender-la-pampa\/#primaryimage"},"thumbnailUrl":"https:\/\/diariotextual.com\/inicio\/wp-content\/uploads\/2023\/10\/fernandezpascual2023-11.jpg","datePublished":"2023-10-19T14:18:22+00:00","dateModified":"2023-10-19T23:25:40+00:00","breadcrumb":{"@id":"https:\/\/diariotextual.com\/inicio\/index.php\/2023\/10\/19\/pascual-fernandez-el-domingo-se-trata-de-defender-la-pampa\/#breadcrumb"},"inLanguage":"es","potentialAction":[{"@type":"ReadAction","target":["https:\/\/diariotextual.com\/inicio\/index.php\/2023\/10\/19\/pascual-fernandez-el-domingo-se-trata-de-defender-la-pampa\/"]}]},{"@type":"ImageObject","inLanguage":"es","@id":"https:\/\/diariotextual.com\/inicio\/index.php\/2023\/10\/19\/pascual-fernandez-el-domingo-se-trata-de-defender-la-pampa\/#primaryimage","url":"https:\/\/diariotextual.com\/inicio\/wp-content\/uploads\/2023\/10\/fernandezpascual2023-11.jpg","contentUrl":"https:\/\/diariotextual.com\/inicio\/wp-content\/uploads\/2023\/10\/fernandezpascual2023-11.jpg","width":900,"height":601},{"@type":"BreadcrumbList","@id":"https:\/\/diariotextual.com\/inicio\/index.php\/2023\/10\/19\/pascual-fernandez-el-domingo-se-trata-de-defender-la-pampa\/#breadcrumb","itemListElement":[{"@type":"ListItem","position":1,"name":"Portada","item":"https:\/\/diariotextual.com\/inicio\/"},{"@type":"ListItem","position":2,"name":"Pascual Fern\u00e1ndez: \u201cEl domingo se trata de defender La Pampa\u201d"}]},{"@type":"WebSite","@id":"https:\/\/diariotextual.com\/inicio\/#website","url":"https:\/\/diariotextual.com\/inicio\/","name":"Diario Textual","description":"","publisher":{"@id":"https:\/\/diariotextual.com\/inicio\/#organization"},"potentialAction":[{"@type":"SearchAction","target":{"@type":"EntryPoint","urlTemplate":"https:\/\/diariotextual.com\/inicio\/?s={search_term_string}"},"query-input":{"@type":"PropertyValueSpecification","valueRequired":true,"valueName":"search_term_string"}}],"inLanguage":"es"},{"@type":"Organization","@id":"https:\/\/diariotextual.com\/inicio\/#organization","name":"Diario Textual","url":"https:\/\/diariotextual.com\/inicio\/","logo":{"@type":"ImageObject","inLanguage":"es","@id":"https:\/\/diariotextual.com\/inicio\/#\/schema\/logo\/image\/","url":"https:\/\/diariotextual.com\/inicio\/wp-content\/uploads\/2023\/05\/logotextual1.jpg","contentUrl":"https:\/\/diariotextual.com\/inicio\/wp-content\/uploads\/2023\/05\/logotextual1.jpg","width":516,"height":76,"caption":"Diario Textual"},"image":{"@id":"https:\/\/diariotextual.com\/inicio\/#\/schema\/logo\/image\/"},"sameAs":["https:\/\/www.facebook.com\/eltextual","https:\/\/x.com\/eltextual","http:\/\/www.instagram.com\/eltextual"]},{"@type":"Person","@id":"https:\/\/diariotextual.com\/inicio\/#\/schema\/person\/418fc4093c33e86ed41562db3508f958","name":"Diario1 Diario1","image":{"@type":"ImageObject","inLanguage":"es","@id":"https:\/\/secure.gravatar.com\/avatar\/9167d280179c85bc18be67aa7eda765854300033af4896dd779b608640f2ef7a?s=96&d=mm&r=g","url":"https:\/\/secure.gravatar.com\/avatar\/9167d280179c85bc18be67aa7eda765854300033af4896dd779b608640f2ef7a?s=96&d=mm&r=g","contentUrl":"https:\/\/secure.gravatar.com\/avatar\/9167d280179c85bc18be67aa7eda765854300033af4896dd779b608640f2ef7a?s=96&d=mm&r=g","caption":"Diario1 Diario1"},"url":"https:\/\/diariotextual.com\/inicio\/index.php\/author\/diario1\/"}]}},"_links":{"self":[{"href":"https:\/\/diariotextual.com\/inicio\/index.php\/wp-json\/wp\/v2\/posts\/241331","targetHints":{"allow":["GET"]}}],"collection":[{"href":"https:\/\/diariotextual.com\/inicio\/index.php\/wp-json\/wp\/v2\/posts"}],"about":[{"href":"https:\/\/diariotextual.com\/inicio\/index.php\/wp-json\/wp\/v2\/types\/post"}],"author":[{"embeddable":true,"href":"https:\/\/diariotextual.com\/inicio\/index.php\/wp-json\/wp\/v2\/users\/3"}],"replies":[{"embeddable":true,"href":"https:\/\/diariotextual.com\/inicio\/index.php\/wp-json\/wp\/v2\/comments?post=241331"}],"version-history":[{"count":2,"href":"https:\/\/diariotextual.com\/inicio\/index.php\/wp-json\/wp\/v2\/posts\/241331\/revisions"}],"predecessor-version":[{"id":241333,"href":"https:\/\/diariotextual.com\/inicio\/index.php\/wp-json\/wp\/v2\/posts\/241331\/revisions\/241333"}],"wp:featuredmedia":[{"embeddable":true,"href":"https:\/\/diariotextual.com\/inicio\/index.php\/wp-json\/wp\/v2\/media\/241334"}],"wp:attachment":[{"href":"https:\/\/diariotextual.com\/inicio\/index.php\/wp-json\/wp\/v2\/media?parent=241331"}],"wp:term":[{"taxonomy":"category","embeddable":true,"href":"https:\/\/diariotextual.com\/inicio\/index.php\/wp-json\/wp\/v2\/categories?post=241331"},{"taxonomy":"post_tag","embeddable":true,"href":"https:\/\/diariotextual.com\/inicio\/index.php\/wp-json\/wp\/v2\/tags?post=241331"}],"curies":[{"name":"wp","href":"https:\/\/api.w.org\/{rel}","templated":true}]}}