{"id":241425,"date":"2023-10-20T08:57:55","date_gmt":"2023-10-20T11:57:55","guid":{"rendered":"https:\/\/diariotextual.com\/inicio\/?p=241425"},"modified":"2023-10-21T07:54:15","modified_gmt":"2023-10-21T10:54:15","slug":"el-papu-gomez-dio-positivo-en-un-control-antidoping-y-seria-suspendido-por-dos-anos","status":"publish","type":"post","link":"https:\/\/diariotextual.com\/inicio\/index.php\/2023\/10\/20\/el-papu-gomez-dio-positivo-en-un-control-antidoping-y-seria-suspendido-por-dos-anos\/","title":{"rendered":"El Papu G\u00f3mez dio positivo en un control antidoping y ser\u00eda suspendido por dos a\u00f1os"},"content":{"rendered":"\n<p><strong>Alejandro G\u00f3mez<\/strong>, que fue fichado por el Monza de Italia hace apenas algunas semanas tras rescindir su contrato con el Sevilla de Espa\u00f1a,\u00a0<strong>podr\u00eda ser suspendido por dos a\u00f1os despu\u00e9s de que se filtrara que dio positivo en un control antidopaje<\/strong>\u00a0que se realiz\u00f3 en noviembre de 2022 antes del Mundial de Qatar que gan\u00f3 con la selecci\u00f3n argentina. As\u00ed lo inform\u00f3 el medio espa\u00f1ol\u00a0<em>Relevo<\/em>, que brind\u00f3 algunas precisiones sobre el caso.<\/p>\n\n\n\n<p>\u201cTodo sucedi\u00f3 en un entrenamiento del Sevilla cuando los doctores acudieron por sorpresa para realizar un control antidopaje. Seg\u00fan la versi\u00f3n del futbolista, d\u00edas antes hab\u00eda pasado una mala noche lo que lo llev\u00f3 a tomar un jarabe de uno de sus hijos sin una consulta previa a los m\u00e9dicos del club\u201d, mencion\u00f3 el portal que sacudi\u00f3 al mundo del f\u00fatbol con la noticia. En ese momento, el\u00a0<em>Papu\u00a0<\/em>hizo todo lo posible para sortear el escollo y presenciar la Copa del Mundo, pero ahora su futuro profesional a los 35 a\u00f1os qued\u00f3 complicado.<\/p>\n\n\n\n<p>Antes de romper el v\u00ednculo que lo un\u00eda con los sevillanos hasta mediados de 2024 sobre el cierre del mercado de pases, se hab\u00eda rumoreado fuerte la idea de que el volante ofensivo argentino pod\u00eda llegar a\u00a0<strong>retirarse<\/strong>, aunque nunca se hab\u00eda mencionado esta falta. Luego de la racha de lesiones que lo acos\u00f3 a partir de la conquista con la selecci\u00f3n argentina en el Mundial, firm\u00f3 en Monza en busca de recuperar su mejor versi\u00f3n y asegur\u00f3 que rechaz\u00f3 ofertas de\u00a0<strong>Arabia Saudita y Qatar<\/strong>.<\/p>\n","protected":false},"excerpt":{"rendered":"<p>Alejandro G\u00f3mez, que fue fichado por el Monza de Italia hace apenas algunas semanas tras rescindir su contrato con el Sevilla de Espa\u00f1a,\u00a0podr\u00eda ser suspendido por dos a\u00f1os despu\u00e9s de&hellip;<\/p>\n","protected":false},"author":3,"featured_media":241428,"comment_status":"closed","ping_status":"open","sticky":false,"template":"","format":"standard","meta":{"_acf_changed":false,"footnotes":""},"categories":[1,3],"tags":[],"class_list":["post-241425","post","type-post","status-publish","format-standard","has-post-thumbnail","hentry","category-es-noticia","category-deportes"],"acf":[],"yoast_head":"<!-- This site is optimized with the Yoast SEO plugin v27.5 - https:\/\/yoast.com\/product\/yoast-seo-wordpress\/ -->\n<title>El Papu G\u00f3mez dio positivo en un control antidoping y ser\u00eda suspendido por dos a\u00f1os - Diario Textual<\/title>\n<meta name=\"robots\" content=\"index, follow, max-snippet:-1, max-image-preview:large, max-video-preview:-1\" \/>\n<link rel=\"canonical\" href=\"https:\/\/diariotextual.com\/inicio\/index.php\/2023\/10\/20\/el-papu-gomez-dio-positivo-en-un-control-antidoping-y-seria-suspendido-por-dos-anos\/\" \/>\n<meta property=\"og:locale\" content=\"es_ES\" \/>\n<meta property=\"og:type\" content=\"article\" \/>\n<meta property=\"og:title\" content=\"El Papu G\u00f3mez dio positivo en un control antidoping y ser\u00eda suspendido por dos a\u00f1os - Diario Textual\" \/>\n<meta property=\"og:description\" content=\"Alejandro G\u00f3mez, que fue fichado por el Monza de Italia hace apenas algunas semanas tras rescindir su contrato con el Sevilla de Espa\u00f1a,\u00a0podr\u00eda ser suspendido por dos a\u00f1os despu\u00e9s de&hellip;\" \/>\n<meta property=\"og:url\" content=\"https:\/\/diariotextual.com\/inicio\/index.php\/2023\/10\/20\/el-papu-gomez-dio-positivo-en-un-control-antidoping-y-seria-suspendido-por-dos-anos\/\" \/>\n<meta property=\"og:site_name\" content=\"Diario Textual\" \/>\n<meta property=\"article:publisher\" content=\"https:\/\/www.facebook.com\/eltextual\" \/>\n<meta property=\"article:published_time\" content=\"2023-10-20T11:57:55+00:00\" \/>\n<meta property=\"article:modified_time\" content=\"2023-10-21T10:54:15+00:00\" \/>\n<meta property=\"og:image\" content=\"https:\/\/diariotextual.com\/inicio\/wp-content\/uploads\/2023\/10\/papugomez2022-1.jpg\" \/>\n\t<meta property=\"og:image:width\" content=\"1126\" \/>\n\t<meta property=\"og:image:height\" content=\"636\" \/>\n\t<meta property=\"og:image:type\" content=\"image\/jpeg\" \/>\n<meta name=\"author\" content=\"Diario1 Diario1\" \/>\n<meta name=\"twitter:card\" content=\"summary_large_image\" \/>\n<meta name=\"twitter:creator\" content=\"@eltextual\" \/>\n<meta name=\"twitter:site\" content=\"@eltextual\" \/>\n<meta name=\"twitter:label1\" content=\"Escrito por\" \/>\n\t<meta name=\"twitter:data1\" content=\"Diario1 Diario1\" \/>\n\t<meta name=\"twitter:label2\" content=\"Tiempo de lectura\" \/>\n\t<meta name=\"twitter:data2\" content=\"2 minutos\" \/>\n<script type=\"application\/ld+json\" class=\"yoast-schema-graph\">{\"@context\":\"https:\\\/\\\/schema.org\",\"@graph\":[{\"@type\":\"Article\",\"@id\":\"https:\\\/\\\/diariotextual.com\\\/inicio\\\/index.php\\\/2023\\\/10\\\/20\\\/el-papu-gomez-dio-positivo-en-un-control-antidoping-y-seria-suspendido-por-dos-anos\\\/#article\",\"isPartOf\":{\"@id\":\"https:\\\/\\\/diariotextual.com\\\/inicio\\\/index.php\\\/2023\\\/10\\\/20\\\/el-papu-gomez-dio-positivo-en-un-control-antidoping-y-seria-suspendido-por-dos-anos\\\/\"},\"author\":{\"name\":\"Diario1 Diario1\",\"@id\":\"https:\\\/\\\/diariotextual.com\\\/inicio\\\/#\\\/schema\\\/person\\\/418fc4093c33e86ed41562db3508f958\"},\"headline\":\"El Papu G\u00f3mez dio positivo en un control antidoping y ser\u00eda suspendido por dos a\u00f1os\",\"datePublished\":\"2023-10-20T11:57:55+00:00\",\"dateModified\":\"2023-10-21T10:54:15+00:00\",\"mainEntityOfPage\":{\"@id\":\"https:\\\/\\\/diariotextual.com\\\/inicio\\\/index.php\\\/2023\\\/10\\\/20\\\/el-papu-gomez-dio-positivo-en-un-control-antidoping-y-seria-suspendido-por-dos-anos\\\/\"},\"wordCount\":289,\"publisher\":{\"@id\":\"https:\\\/\\\/diariotextual.com\\\/inicio\\\/#organization\"},\"image\":{\"@id\":\"https:\\\/\\\/diariotextual.com\\\/inicio\\\/index.php\\\/2023\\\/10\\\/20\\\/el-papu-gomez-dio-positivo-en-un-control-antidoping-y-seria-suspendido-por-dos-anos\\\/#primaryimage\"},\"thumbnailUrl\":\"https:\\\/\\\/diariotextual.com\\\/inicio\\\/wp-content\\\/uploads\\\/2023\\\/10\\\/papugomez2022-1.jpg\",\"articleSection\":[\"A - ES NOTICIA (van abajo)\",\"DEPORTES\"],\"inLanguage\":\"es\"},{\"@type\":\"WebPage\",\"@id\":\"https:\\\/\\\/diariotextual.com\\\/inicio\\\/index.php\\\/2023\\\/10\\\/20\\\/el-papu-gomez-dio-positivo-en-un-control-antidoping-y-seria-suspendido-por-dos-anos\\\/\",\"url\":\"https:\\\/\\\/diariotextual.com\\\/inicio\\\/index.php\\\/2023\\\/10\\\/20\\\/el-papu-gomez-dio-positivo-en-un-control-antidoping-y-seria-suspendido-por-dos-anos\\\/\",\"name\":\"El Papu G\u00f3mez dio positivo en un control antidoping y ser\u00eda suspendido por dos a\u00f1os - Diario Textual\",\"isPartOf\":{\"@id\":\"https:\\\/\\\/diariotextual.com\\\/inicio\\\/#website\"},\"primaryImageOfPage\":{\"@id\":\"https:\\\/\\\/diariotextual.com\\\/inicio\\\/index.php\\\/2023\\\/10\\\/20\\\/el-papu-gomez-dio-positivo-en-un-control-antidoping-y-seria-suspendido-por-dos-anos\\\/#primaryimage\"},\"image\":{\"@id\":\"https:\\\/\\\/diariotextual.com\\\/inicio\\\/index.php\\\/2023\\\/10\\\/20\\\/el-papu-gomez-dio-positivo-en-un-control-antidoping-y-seria-suspendido-por-dos-anos\\\/#primaryimage\"},\"thumbnailUrl\":\"https:\\\/\\\/diariotextual.com\\\/inicio\\\/wp-content\\\/uploads\\\/2023\\\/10\\\/papugomez2022-1.jpg\",\"datePublished\":\"2023-10-20T11:57:55+00:00\",\"dateModified\":\"2023-10-21T10:54:15+00:00\",\"breadcrumb\":{\"@id\":\"https:\\\/\\\/diariotextual.com\\\/inicio\\\/index.php\\\/2023\\\/10\\\/20\\\/el-papu-gomez-dio-positivo-en-un-control-antidoping-y-seria-suspendido-por-dos-anos\\\/#breadcrumb\"},\"inLanguage\":\"es\",\"potentialAction\":[{\"@type\":\"ReadAction\",\"target\":[\"https:\\\/\\\/diariotextual.com\\\/inicio\\\/index.php\\\/2023\\\/10\\\/20\\\/el-papu-gomez-dio-positivo-en-un-control-antidoping-y-seria-suspendido-por-dos-anos\\\/\"]}]},{\"@type\":\"ImageObject\",\"inLanguage\":\"es\",\"@id\":\"https:\\\/\\\/diariotextual.com\\\/inicio\\\/index.php\\\/2023\\\/10\\\/20\\\/el-papu-gomez-dio-positivo-en-un-control-antidoping-y-seria-suspendido-por-dos-anos\\\/#primaryimage\",\"url\":\"https:\\\/\\\/diariotextual.com\\\/inicio\\\/wp-content\\\/uploads\\\/2023\\\/10\\\/papugomez2022-1.jpg\",\"contentUrl\":\"https:\\\/\\\/diariotextual.com\\\/inicio\\\/wp-content\\\/uploads\\\/2023\\\/10\\\/papugomez2022-1.jpg\",\"width\":1126,\"height\":636},{\"@type\":\"BreadcrumbList\",\"@id\":\"https:\\\/\\\/diariotextual.com\\\/inicio\\\/index.php\\\/2023\\\/10\\\/20\\\/el-papu-gomez-dio-positivo-en-un-control-antidoping-y-seria-suspendido-por-dos-anos\\\/#breadcrumb\",\"itemListElement\":[{\"@type\":\"ListItem\",\"position\":1,\"name\":\"Portada\",\"item\":\"https:\\\/\\\/diariotextual.com\\\/inicio\\\/\"},{\"@type\":\"ListItem\",\"position\":2,\"name\":\"El Papu G\u00f3mez dio positivo en un control antidoping y ser\u00eda suspendido por dos a\u00f1os\"}]},{\"@type\":\"WebSite\",\"@id\":\"https:\\\/\\\/diariotextual.com\\\/inicio\\\/#website\",\"url\":\"https:\\\/\\\/diariotextual.com\\\/inicio\\\/\",\"name\":\"Diario Textual\",\"description\":\"\",\"publisher\":{\"@id\":\"https:\\\/\\\/diariotextual.com\\\/inicio\\\/#organization\"},\"potentialAction\":[{\"@type\":\"SearchAction\",\"target\":{\"@type\":\"EntryPoint\",\"urlTemplate\":\"https:\\\/\\\/diariotextual.com\\\/inicio\\\/?s={search_term_string}\"},\"query-input\":{\"@type\":\"PropertyValueSpecification\",\"valueRequired\":true,\"valueName\":\"search_term_string\"}}],\"inLanguage\":\"es\"},{\"@type\":\"Organization\",\"@id\":\"https:\\\/\\\/diariotextual.com\\\/inicio\\\/#organization\",\"name\":\"Diario Textual\",\"url\":\"https:\\\/\\\/diariotextual.com\\\/inicio\\\/\",\"logo\":{\"@type\":\"ImageObject\",\"inLanguage\":\"es\",\"@id\":\"https:\\\/\\\/diariotextual.com\\\/inicio\\\/#\\\/schema\\\/logo\\\/image\\\/\",\"url\":\"https:\\\/\\\/diariotextual.com\\\/inicio\\\/wp-content\\\/uploads\\\/2023\\\/05\\\/logotextual1.jpg\",\"contentUrl\":\"https:\\\/\\\/diariotextual.com\\\/inicio\\\/wp-content\\\/uploads\\\/2023\\\/05\\\/logotextual1.jpg\",\"width\":516,\"height\":76,\"caption\":\"Diario Textual\"},\"image\":{\"@id\":\"https:\\\/\\\/diariotextual.com\\\/inicio\\\/#\\\/schema\\\/logo\\\/image\\\/\"},\"sameAs\":[\"https:\\\/\\\/www.facebook.com\\\/eltextual\",\"https:\\\/\\\/x.com\\\/eltextual\",\"http:\\\/\\\/www.instagram.com\\\/eltextual\"]},{\"@type\":\"Person\",\"@id\":\"https:\\\/\\\/diariotextual.com\\\/inicio\\\/#\\\/schema\\\/person\\\/418fc4093c33e86ed41562db3508f958\",\"name\":\"Diario1 Diario1\",\"image\":{\"@type\":\"ImageObject\",\"inLanguage\":\"es\",\"@id\":\"https:\\\/\\\/secure.gravatar.com\\\/avatar\\\/9167d280179c85bc18be67aa7eda765854300033af4896dd779b608640f2ef7a?s=96&d=mm&r=g\",\"url\":\"https:\\\/\\\/secure.gravatar.com\\\/avatar\\\/9167d280179c85bc18be67aa7eda765854300033af4896dd779b608640f2ef7a?s=96&d=mm&r=g\",\"contentUrl\":\"https:\\\/\\\/secure.gravatar.com\\\/avatar\\\/9167d280179c85bc18be67aa7eda765854300033af4896dd779b608640f2ef7a?s=96&d=mm&r=g\",\"caption\":\"Diario1 Diario1\"},\"url\":\"https:\\\/\\\/diariotextual.com\\\/inicio\\\/index.php\\\/author\\\/diario1\\\/\"}]}<\/script>\n<!-- \/ Yoast SEO plugin. -->","yoast_head_json":{"title":"El Papu G\u00f3mez dio positivo en un control antidoping y ser\u00eda suspendido por dos a\u00f1os - Diario Textual","robots":{"index":"index","follow":"follow","max-snippet":"max-snippet:-1","max-image-preview":"max-image-preview:large","max-video-preview":"max-video-preview:-1"},"canonical":"https:\/\/diariotextual.com\/inicio\/index.php\/2023\/10\/20\/el-papu-gomez-dio-positivo-en-un-control-antidoping-y-seria-suspendido-por-dos-anos\/","og_locale":"es_ES","og_type":"article","og_title":"El Papu G\u00f3mez dio positivo en un control antidoping y ser\u00eda suspendido por dos a\u00f1os - Diario Textual","og_description":"Alejandro G\u00f3mez, que fue fichado por el Monza de Italia hace apenas algunas semanas tras rescindir su contrato con el Sevilla de Espa\u00f1a,\u00a0podr\u00eda ser suspendido por dos a\u00f1os despu\u00e9s de&hellip;","og_url":"https:\/\/diariotextual.com\/inicio\/index.php\/2023\/10\/20\/el-papu-gomez-dio-positivo-en-un-control-antidoping-y-seria-suspendido-por-dos-anos\/","og_site_name":"Diario Textual","article_publisher":"https:\/\/www.facebook.com\/eltextual","article_published_time":"2023-10-20T11:57:55+00:00","article_modified_time":"2023-10-21T10:54:15+00:00","og_image":[{"width":1126,"height":636,"url":"https:\/\/diariotextual.com\/inicio\/wp-content\/uploads\/2023\/10\/papugomez2022-1.jpg","type":"image\/jpeg"}],"author":"Diario1 Diario1","twitter_card":"summary_large_image","twitter_creator":"@eltextual","twitter_site":"@eltextual","twitter_misc":{"Escrito por":"Diario1 Diario1","Tiempo de lectura":"2 minutos"},"schema":{"@context":"https:\/\/schema.org","@graph":[{"@type":"Article","@id":"https:\/\/diariotextual.com\/inicio\/index.php\/2023\/10\/20\/el-papu-gomez-dio-positivo-en-un-control-antidoping-y-seria-suspendido-por-dos-anos\/#article","isPartOf":{"@id":"https:\/\/diariotextual.com\/inicio\/index.php\/2023\/10\/20\/el-papu-gomez-dio-positivo-en-un-control-antidoping-y-seria-suspendido-por-dos-anos\/"},"author":{"name":"Diario1 Diario1","@id":"https:\/\/diariotextual.com\/inicio\/#\/schema\/person\/418fc4093c33e86ed41562db3508f958"},"headline":"El Papu G\u00f3mez dio positivo en un control antidoping y ser\u00eda suspendido por dos a\u00f1os","datePublished":"2023-10-20T11:57:55+00:00","dateModified":"2023-10-21T10:54:15+00:00","mainEntityOfPage":{"@id":"https:\/\/diariotextual.com\/inicio\/index.php\/2023\/10\/20\/el-papu-gomez-dio-positivo-en-un-control-antidoping-y-seria-suspendido-por-dos-anos\/"},"wordCount":289,"publisher":{"@id":"https:\/\/diariotextual.com\/inicio\/#organization"},"image":{"@id":"https:\/\/diariotextual.com\/inicio\/index.php\/2023\/10\/20\/el-papu-gomez-dio-positivo-en-un-control-antidoping-y-seria-suspendido-por-dos-anos\/#primaryimage"},"thumbnailUrl":"https:\/\/diariotextual.com\/inicio\/wp-content\/uploads\/2023\/10\/papugomez2022-1.jpg","articleSection":["A - ES NOTICIA (van abajo)","DEPORTES"],"inLanguage":"es"},{"@type":"WebPage","@id":"https:\/\/diariotextual.com\/inicio\/index.php\/2023\/10\/20\/el-papu-gomez-dio-positivo-en-un-control-antidoping-y-seria-suspendido-por-dos-anos\/","url":"https:\/\/diariotextual.com\/inicio\/index.php\/2023\/10\/20\/el-papu-gomez-dio-positivo-en-un-control-antidoping-y-seria-suspendido-por-dos-anos\/","name":"El Papu G\u00f3mez dio positivo en un control antidoping y ser\u00eda suspendido por dos a\u00f1os - Diario Textual","isPartOf":{"@id":"https:\/\/diariotextual.com\/inicio\/#website"},"primaryImageOfPage":{"@id":"https:\/\/diariotextual.com\/inicio\/index.php\/2023\/10\/20\/el-papu-gomez-dio-positivo-en-un-control-antidoping-y-seria-suspendido-por-dos-anos\/#primaryimage"},"image":{"@id":"https:\/\/diariotextual.com\/inicio\/index.php\/2023\/10\/20\/el-papu-gomez-dio-positivo-en-un-control-antidoping-y-seria-suspendido-por-dos-anos\/#primaryimage"},"thumbnailUrl":"https:\/\/diariotextual.com\/inicio\/wp-content\/uploads\/2023\/10\/papugomez2022-1.jpg","datePublished":"2023-10-20T11:57:55+00:00","dateModified":"2023-10-21T10:54:15+00:00","breadcrumb":{"@id":"https:\/\/diariotextual.com\/inicio\/index.php\/2023\/10\/20\/el-papu-gomez-dio-positivo-en-un-control-antidoping-y-seria-suspendido-por-dos-anos\/#breadcrumb"},"inLanguage":"es","potentialAction":[{"@type":"ReadAction","target":["https:\/\/diariotextual.com\/inicio\/index.php\/2023\/10\/20\/el-papu-gomez-dio-positivo-en-un-control-antidoping-y-seria-suspendido-por-dos-anos\/"]}]},{"@type":"ImageObject","inLanguage":"es","@id":"https:\/\/diariotextual.com\/inicio\/index.php\/2023\/10\/20\/el-papu-gomez-dio-positivo-en-un-control-antidoping-y-seria-suspendido-por-dos-anos\/#primaryimage","url":"https:\/\/diariotextual.com\/inicio\/wp-content\/uploads\/2023\/10\/papugomez2022-1.jpg","contentUrl":"https:\/\/diariotextual.com\/inicio\/wp-content\/uploads\/2023\/10\/papugomez2022-1.jpg","width":1126,"height":636},{"@type":"BreadcrumbList","@id":"https:\/\/diariotextual.com\/inicio\/index.php\/2023\/10\/20\/el-papu-gomez-dio-positivo-en-un-control-antidoping-y-seria-suspendido-por-dos-anos\/#breadcrumb","itemListElement":[{"@type":"ListItem","position":1,"name":"Portada","item":"https:\/\/diariotextual.com\/inicio\/"},{"@type":"ListItem","position":2,"name":"El Papu G\u00f3mez dio positivo en un control antidoping y ser\u00eda suspendido por dos a\u00f1os"}]},{"@type":"WebSite","@id":"https:\/\/diariotextual.com\/inicio\/#website","url":"https:\/\/diariotextual.com\/inicio\/","name":"Diario Textual","description":"","publisher":{"@id":"https:\/\/diariotextual.com\/inicio\/#organization"},"potentialAction":[{"@type":"SearchAction","target":{"@type":"EntryPoint","urlTemplate":"https:\/\/diariotextual.com\/inicio\/?s={search_term_string}"},"query-input":{"@type":"PropertyValueSpecification","valueRequired":true,"valueName":"search_term_string"}}],"inLanguage":"es"},{"@type":"Organization","@id":"https:\/\/diariotextual.com\/inicio\/#organization","name":"Diario Textual","url":"https:\/\/diariotextual.com\/inicio\/","logo":{"@type":"ImageObject","inLanguage":"es","@id":"https:\/\/diariotextual.com\/inicio\/#\/schema\/logo\/image\/","url":"https:\/\/diariotextual.com\/inicio\/wp-content\/uploads\/2023\/05\/logotextual1.jpg","contentUrl":"https:\/\/diariotextual.com\/inicio\/wp-content\/uploads\/2023\/05\/logotextual1.jpg","width":516,"height":76,"caption":"Diario Textual"},"image":{"@id":"https:\/\/diariotextual.com\/inicio\/#\/schema\/logo\/image\/"},"sameAs":["https:\/\/www.facebook.com\/eltextual","https:\/\/x.com\/eltextual","http:\/\/www.instagram.com\/eltextual"]},{"@type":"Person","@id":"https:\/\/diariotextual.com\/inicio\/#\/schema\/person\/418fc4093c33e86ed41562db3508f958","name":"Diario1 Diario1","image":{"@type":"ImageObject","inLanguage":"es","@id":"https:\/\/secure.gravatar.com\/avatar\/9167d280179c85bc18be67aa7eda765854300033af4896dd779b608640f2ef7a?s=96&d=mm&r=g","url":"https:\/\/secure.gravatar.com\/avatar\/9167d280179c85bc18be67aa7eda765854300033af4896dd779b608640f2ef7a?s=96&d=mm&r=g","contentUrl":"https:\/\/secure.gravatar.com\/avatar\/9167d280179c85bc18be67aa7eda765854300033af4896dd779b608640f2ef7a?s=96&d=mm&r=g","caption":"Diario1 Diario1"},"url":"https:\/\/diariotextual.com\/inicio\/index.php\/author\/diario1\/"}]}},"_links":{"self":[{"href":"https:\/\/diariotextual.com\/inicio\/index.php\/wp-json\/wp\/v2\/posts\/241425","targetHints":{"allow":["GET"]}}],"collection":[{"href":"https:\/\/diariotextual.com\/inicio\/index.php\/wp-json\/wp\/v2\/posts"}],"about":[{"href":"https:\/\/diariotextual.com\/inicio\/index.php\/wp-json\/wp\/v2\/types\/post"}],"author":[{"embeddable":true,"href":"https:\/\/diariotextual.com\/inicio\/index.php\/wp-json\/wp\/v2\/users\/3"}],"replies":[{"embeddable":true,"href":"https:\/\/diariotextual.com\/inicio\/index.php\/wp-json\/wp\/v2\/comments?post=241425"}],"version-history":[{"count":2,"href":"https:\/\/diariotextual.com\/inicio\/index.php\/wp-json\/wp\/v2\/posts\/241425\/revisions"}],"predecessor-version":[{"id":241427,"href":"https:\/\/diariotextual.com\/inicio\/index.php\/wp-json\/wp\/v2\/posts\/241425\/revisions\/241427"}],"wp:featuredmedia":[{"embeddable":true,"href":"https:\/\/diariotextual.com\/inicio\/index.php\/wp-json\/wp\/v2\/media\/241428"}],"wp:attachment":[{"href":"https:\/\/diariotextual.com\/inicio\/index.php\/wp-json\/wp\/v2\/media?parent=241425"}],"wp:term":[{"taxonomy":"category","embeddable":true,"href":"https:\/\/diariotextual.com\/inicio\/index.php\/wp-json\/wp\/v2\/categories?post=241425"},{"taxonomy":"post_tag","embeddable":true,"href":"https:\/\/diariotextual.com\/inicio\/index.php\/wp-json\/wp\/v2\/tags?post=241425"}],"curies":[{"name":"wp","href":"https:\/\/api.w.org\/{rel}","templated":true}]}}