{"id":241433,"date":"2023-10-21T08:02:22","date_gmt":"2023-10-21T11:02:22","guid":{"rendered":"https:\/\/diariotextual.com\/inicio\/?p=241433"},"modified":"2023-10-21T08:02:24","modified_gmt":"2023-10-21T11:02:24","slug":"con-la-cabeza-en-la-libertadores-boca-buscara-reacomodarse-ante-union","status":"publish","type":"post","link":"https:\/\/diariotextual.com\/inicio\/index.php\/2023\/10\/21\/con-la-cabeza-en-la-libertadores-boca-buscara-reacomodarse-ante-union\/","title":{"rendered":"Boca volvi\u00f3 al triunfo al derrotar a Uni\u00f3n de Santa Fe"},"content":{"rendered":"\n<p>Boca Juniors regres\u00f3\u00a0el viernes\u00a0a la victoria, luego de tres partidos,\u00a0al derrotar a Uni\u00f3n de Santa Fe por 2-1, en partido v\u00e1lido por la novena fecha de la Copa de la Liga Profesional (LPF).<\/p>\n\n\n\n<p>En la Bombonera, el equipo dirigido por el t\u00e9cnico Jorge Almir\u00f3n cort\u00f3 una racha adversa de dos derrotas consecutivas (0-2 con River Plate y 3-4 con Belgrano de C\u00f3rdoba) para no quedar tan retrasado en la clasificaci\u00f3n de la zona B del certamen.<\/p>\n\n\n\n<p>El capit\u00e1n Marcos Rojo (Pt. 7m.) y el delantero Miguel Angel Merentiel (St. 26m.) marcaron los goles del elenco ganador, en donde el entrenador Almir\u00f3n prefiri\u00f3 otorgarle rodaje a los futbolistas, que se presume, estar\u00e1n disponibles en forma mayoritaria para jugar la final de la Copa Libertadores ante Fluminense, pautada para el s\u00e1bado 4 de noviembre, en R\u00edo de Janeiro.<\/p>\n\n\n\n<p>El mediapunta Mauro Luna Diale (Pt. 42m.), hombre surgido de la cantera boquense, estableci\u00f3 la igualdad parcial para el conjunto \u00abtatengue\u00bb, que termin\u00f3 con diez, por la expulsi\u00f3n del defensor Franco Calder\u00f3n (Pt. 27m.).<\/p>\n\n\n\n<p>Los conducidos por Cristian \u00abKily\u00bb Gonz\u00e1lez contin\u00faan en zona de riesgo por el descenso por tabla anual. Uni\u00f3n acumula 41 puntos al cabo de la temporada y est\u00e1 por encima de Tigre (40), Col\u00f3n de Santa Fe (39) y Hurac\u00e1n (38), que hoy descender\u00eda a la Primera B Nacional. Ya retrocedi\u00f3 a la m\u00e1xima categor\u00eda del ascenso argentino el equipo de Arsenal de Sarand\u00ed (0,956).<\/p>\n\n\n\n<p><\/p>\n\n\n\n<p> <\/p>\n","protected":false},"excerpt":{"rendered":"<p>Boca Juniors regres\u00f3\u00a0el viernes\u00a0a la victoria, luego de tres partidos,\u00a0al derrotar a Uni\u00f3n de Santa Fe por 2-1, en partido v\u00e1lido por la novena fecha de la Copa de la&hellip;<\/p>\n","protected":false},"author":7,"featured_media":241488,"comment_status":"closed","ping_status":"open","sticky":false,"template":"","format":"standard","meta":{"_acf_changed":false,"footnotes":""},"categories":[1,3],"tags":[],"class_list":["post-241433","post","type-post","status-publish","format-standard","has-post-thumbnail","hentry","category-es-noticia","category-deportes"],"acf":[],"yoast_head":"<!-- This site is optimized with the Yoast SEO plugin v27.5 - https:\/\/yoast.com\/product\/yoast-seo-wordpress\/ -->\n<title>Boca volvi\u00f3 al triunfo al derrotar a Uni\u00f3n de Santa Fe - Diario Textual<\/title>\n<meta name=\"robots\" content=\"index, follow, max-snippet:-1, max-image-preview:large, max-video-preview:-1\" \/>\n<link rel=\"canonical\" href=\"https:\/\/diariotextual.com\/inicio\/index.php\/2023\/10\/21\/con-la-cabeza-en-la-libertadores-boca-buscara-reacomodarse-ante-union\/\" \/>\n<meta property=\"og:locale\" content=\"es_ES\" \/>\n<meta property=\"og:type\" content=\"article\" \/>\n<meta property=\"og:title\" content=\"Boca volvi\u00f3 al triunfo al derrotar a Uni\u00f3n de Santa Fe - Diario Textual\" \/>\n<meta property=\"og:description\" content=\"Boca Juniors regres\u00f3\u00a0el viernes\u00a0a la victoria, luego de tres partidos,\u00a0al derrotar a Uni\u00f3n de Santa Fe por 2-1, en partido v\u00e1lido por la novena fecha de la Copa de la&hellip;\" \/>\n<meta property=\"og:url\" content=\"https:\/\/diariotextual.com\/inicio\/index.php\/2023\/10\/21\/con-la-cabeza-en-la-libertadores-boca-buscara-reacomodarse-ante-union\/\" \/>\n<meta property=\"og:site_name\" content=\"Diario Textual\" \/>\n<meta property=\"article:publisher\" content=\"https:\/\/www.facebook.com\/eltextual\" \/>\n<meta property=\"article:published_time\" content=\"2023-10-21T11:02:22+00:00\" \/>\n<meta property=\"article:modified_time\" content=\"2023-10-21T11:02:24+00:00\" \/>\n<meta property=\"og:image\" content=\"https:\/\/diariotextual.com\/inicio\/wp-content\/uploads\/2023\/10\/bocaunion2023-1.jpg\" \/>\n\t<meta property=\"og:image:width\" content=\"1200\" \/>\n\t<meta property=\"og:image:height\" content=\"675\" \/>\n\t<meta property=\"og:image:type\" content=\"image\/jpeg\" \/>\n<meta name=\"author\" content=\"diario5\" \/>\n<meta name=\"twitter:card\" content=\"summary_large_image\" \/>\n<meta name=\"twitter:creator\" content=\"@eltextual\" \/>\n<meta name=\"twitter:site\" content=\"@eltextual\" \/>\n<meta name=\"twitter:label1\" content=\"Escrito por\" \/>\n\t<meta name=\"twitter:data1\" content=\"diario5\" \/>\n\t<meta name=\"twitter:label2\" content=\"Tiempo de lectura\" \/>\n\t<meta name=\"twitter:data2\" content=\"2 minutos\" \/>\n<script type=\"application\/ld+json\" class=\"yoast-schema-graph\">{\"@context\":\"https:\\\/\\\/schema.org\",\"@graph\":[{\"@type\":\"Article\",\"@id\":\"https:\\\/\\\/diariotextual.com\\\/inicio\\\/index.php\\\/2023\\\/10\\\/21\\\/con-la-cabeza-en-la-libertadores-boca-buscara-reacomodarse-ante-union\\\/#article\",\"isPartOf\":{\"@id\":\"https:\\\/\\\/diariotextual.com\\\/inicio\\\/index.php\\\/2023\\\/10\\\/21\\\/con-la-cabeza-en-la-libertadores-boca-buscara-reacomodarse-ante-union\\\/\"},\"author\":{\"name\":\"diario5\",\"@id\":\"https:\\\/\\\/diariotextual.com\\\/inicio\\\/#\\\/schema\\\/person\\\/c7834961ad8b29b1d9cdbf4571299067\"},\"headline\":\"Boca volvi\u00f3 al triunfo al derrotar a Uni\u00f3n de Santa Fe\",\"datePublished\":\"2023-10-21T11:02:22+00:00\",\"dateModified\":\"2023-10-21T11:02:24+00:00\",\"mainEntityOfPage\":{\"@id\":\"https:\\\/\\\/diariotextual.com\\\/inicio\\\/index.php\\\/2023\\\/10\\\/21\\\/con-la-cabeza-en-la-libertadores-boca-buscara-reacomodarse-ante-union\\\/\"},\"wordCount\":265,\"publisher\":{\"@id\":\"https:\\\/\\\/diariotextual.com\\\/inicio\\\/#organization\"},\"image\":{\"@id\":\"https:\\\/\\\/diariotextual.com\\\/inicio\\\/index.php\\\/2023\\\/10\\\/21\\\/con-la-cabeza-en-la-libertadores-boca-buscara-reacomodarse-ante-union\\\/#primaryimage\"},\"thumbnailUrl\":\"https:\\\/\\\/diariotextual.com\\\/inicio\\\/wp-content\\\/uploads\\\/2023\\\/10\\\/bocaunion2023-1.jpg\",\"articleSection\":[\"A - ES NOTICIA (van abajo)\",\"DEPORTES\"],\"inLanguage\":\"es\"},{\"@type\":\"WebPage\",\"@id\":\"https:\\\/\\\/diariotextual.com\\\/inicio\\\/index.php\\\/2023\\\/10\\\/21\\\/con-la-cabeza-en-la-libertadores-boca-buscara-reacomodarse-ante-union\\\/\",\"url\":\"https:\\\/\\\/diariotextual.com\\\/inicio\\\/index.php\\\/2023\\\/10\\\/21\\\/con-la-cabeza-en-la-libertadores-boca-buscara-reacomodarse-ante-union\\\/\",\"name\":\"Boca volvi\u00f3 al triunfo al derrotar a Uni\u00f3n de Santa Fe - Diario Textual\",\"isPartOf\":{\"@id\":\"https:\\\/\\\/diariotextual.com\\\/inicio\\\/#website\"},\"primaryImageOfPage\":{\"@id\":\"https:\\\/\\\/diariotextual.com\\\/inicio\\\/index.php\\\/2023\\\/10\\\/21\\\/con-la-cabeza-en-la-libertadores-boca-buscara-reacomodarse-ante-union\\\/#primaryimage\"},\"image\":{\"@id\":\"https:\\\/\\\/diariotextual.com\\\/inicio\\\/index.php\\\/2023\\\/10\\\/21\\\/con-la-cabeza-en-la-libertadores-boca-buscara-reacomodarse-ante-union\\\/#primaryimage\"},\"thumbnailUrl\":\"https:\\\/\\\/diariotextual.com\\\/inicio\\\/wp-content\\\/uploads\\\/2023\\\/10\\\/bocaunion2023-1.jpg\",\"datePublished\":\"2023-10-21T11:02:22+00:00\",\"dateModified\":\"2023-10-21T11:02:24+00:00\",\"breadcrumb\":{\"@id\":\"https:\\\/\\\/diariotextual.com\\\/inicio\\\/index.php\\\/2023\\\/10\\\/21\\\/con-la-cabeza-en-la-libertadores-boca-buscara-reacomodarse-ante-union\\\/#breadcrumb\"},\"inLanguage\":\"es\",\"potentialAction\":[{\"@type\":\"ReadAction\",\"target\":[\"https:\\\/\\\/diariotextual.com\\\/inicio\\\/index.php\\\/2023\\\/10\\\/21\\\/con-la-cabeza-en-la-libertadores-boca-buscara-reacomodarse-ante-union\\\/\"]}]},{\"@type\":\"ImageObject\",\"inLanguage\":\"es\",\"@id\":\"https:\\\/\\\/diariotextual.com\\\/inicio\\\/index.php\\\/2023\\\/10\\\/21\\\/con-la-cabeza-en-la-libertadores-boca-buscara-reacomodarse-ante-union\\\/#primaryimage\",\"url\":\"https:\\\/\\\/diariotextual.com\\\/inicio\\\/wp-content\\\/uploads\\\/2023\\\/10\\\/bocaunion2023-1.jpg\",\"contentUrl\":\"https:\\\/\\\/diariotextual.com\\\/inicio\\\/wp-content\\\/uploads\\\/2023\\\/10\\\/bocaunion2023-1.jpg\",\"width\":1200,\"height\":675},{\"@type\":\"BreadcrumbList\",\"@id\":\"https:\\\/\\\/diariotextual.com\\\/inicio\\\/index.php\\\/2023\\\/10\\\/21\\\/con-la-cabeza-en-la-libertadores-boca-buscara-reacomodarse-ante-union\\\/#breadcrumb\",\"itemListElement\":[{\"@type\":\"ListItem\",\"position\":1,\"name\":\"Portada\",\"item\":\"https:\\\/\\\/diariotextual.com\\\/inicio\\\/\"},{\"@type\":\"ListItem\",\"position\":2,\"name\":\"Boca volvi\u00f3 al triunfo al derrotar a Uni\u00f3n de Santa Fe\"}]},{\"@type\":\"WebSite\",\"@id\":\"https:\\\/\\\/diariotextual.com\\\/inicio\\\/#website\",\"url\":\"https:\\\/\\\/diariotextual.com\\\/inicio\\\/\",\"name\":\"Diario Textual\",\"description\":\"\",\"publisher\":{\"@id\":\"https:\\\/\\\/diariotextual.com\\\/inicio\\\/#organization\"},\"potentialAction\":[{\"@type\":\"SearchAction\",\"target\":{\"@type\":\"EntryPoint\",\"urlTemplate\":\"https:\\\/\\\/diariotextual.com\\\/inicio\\\/?s={search_term_string}\"},\"query-input\":{\"@type\":\"PropertyValueSpecification\",\"valueRequired\":true,\"valueName\":\"search_term_string\"}}],\"inLanguage\":\"es\"},{\"@type\":\"Organization\",\"@id\":\"https:\\\/\\\/diariotextual.com\\\/inicio\\\/#organization\",\"name\":\"Diario Textual\",\"url\":\"https:\\\/\\\/diariotextual.com\\\/inicio\\\/\",\"logo\":{\"@type\":\"ImageObject\",\"inLanguage\":\"es\",\"@id\":\"https:\\\/\\\/diariotextual.com\\\/inicio\\\/#\\\/schema\\\/logo\\\/image\\\/\",\"url\":\"https:\\\/\\\/diariotextual.com\\\/inicio\\\/wp-content\\\/uploads\\\/2023\\\/05\\\/logotextual1.jpg\",\"contentUrl\":\"https:\\\/\\\/diariotextual.com\\\/inicio\\\/wp-content\\\/uploads\\\/2023\\\/05\\\/logotextual1.jpg\",\"width\":516,\"height\":76,\"caption\":\"Diario Textual\"},\"image\":{\"@id\":\"https:\\\/\\\/diariotextual.com\\\/inicio\\\/#\\\/schema\\\/logo\\\/image\\\/\"},\"sameAs\":[\"https:\\\/\\\/www.facebook.com\\\/eltextual\",\"https:\\\/\\\/x.com\\\/eltextual\",\"http:\\\/\\\/www.instagram.com\\\/eltextual\"]},{\"@type\":\"Person\",\"@id\":\"https:\\\/\\\/diariotextual.com\\\/inicio\\\/#\\\/schema\\\/person\\\/c7834961ad8b29b1d9cdbf4571299067\",\"name\":\"diario5\",\"image\":{\"@type\":\"ImageObject\",\"inLanguage\":\"es\",\"@id\":\"https:\\\/\\\/secure.gravatar.com\\\/avatar\\\/948c893b847ca6df68216ead81b63f363408ec9b0f600fefc0641ce78613b111?s=96&d=mm&r=g\",\"url\":\"https:\\\/\\\/secure.gravatar.com\\\/avatar\\\/948c893b847ca6df68216ead81b63f363408ec9b0f600fefc0641ce78613b111?s=96&d=mm&r=g\",\"contentUrl\":\"https:\\\/\\\/secure.gravatar.com\\\/avatar\\\/948c893b847ca6df68216ead81b63f363408ec9b0f600fefc0641ce78613b111?s=96&d=mm&r=g\",\"caption\":\"diario5\"},\"url\":\"https:\\\/\\\/diariotextual.com\\\/inicio\\\/index.php\\\/author\\\/diario5\\\/\"}]}<\/script>\n<!-- \/ Yoast SEO plugin. -->","yoast_head_json":{"title":"Boca volvi\u00f3 al triunfo al derrotar a Uni\u00f3n de Santa Fe - Diario Textual","robots":{"index":"index","follow":"follow","max-snippet":"max-snippet:-1","max-image-preview":"max-image-preview:large","max-video-preview":"max-video-preview:-1"},"canonical":"https:\/\/diariotextual.com\/inicio\/index.php\/2023\/10\/21\/con-la-cabeza-en-la-libertadores-boca-buscara-reacomodarse-ante-union\/","og_locale":"es_ES","og_type":"article","og_title":"Boca volvi\u00f3 al triunfo al derrotar a Uni\u00f3n de Santa Fe - Diario Textual","og_description":"Boca Juniors regres\u00f3\u00a0el viernes\u00a0a la victoria, luego de tres partidos,\u00a0al derrotar a Uni\u00f3n de Santa Fe por 2-1, en partido v\u00e1lido por la novena fecha de la Copa de la&hellip;","og_url":"https:\/\/diariotextual.com\/inicio\/index.php\/2023\/10\/21\/con-la-cabeza-en-la-libertadores-boca-buscara-reacomodarse-ante-union\/","og_site_name":"Diario Textual","article_publisher":"https:\/\/www.facebook.com\/eltextual","article_published_time":"2023-10-21T11:02:22+00:00","article_modified_time":"2023-10-21T11:02:24+00:00","og_image":[{"width":1200,"height":675,"url":"https:\/\/diariotextual.com\/inicio\/wp-content\/uploads\/2023\/10\/bocaunion2023-1.jpg","type":"image\/jpeg"}],"author":"diario5","twitter_card":"summary_large_image","twitter_creator":"@eltextual","twitter_site":"@eltextual","twitter_misc":{"Escrito por":"diario5","Tiempo de lectura":"2 minutos"},"schema":{"@context":"https:\/\/schema.org","@graph":[{"@type":"Article","@id":"https:\/\/diariotextual.com\/inicio\/index.php\/2023\/10\/21\/con-la-cabeza-en-la-libertadores-boca-buscara-reacomodarse-ante-union\/#article","isPartOf":{"@id":"https:\/\/diariotextual.com\/inicio\/index.php\/2023\/10\/21\/con-la-cabeza-en-la-libertadores-boca-buscara-reacomodarse-ante-union\/"},"author":{"name":"diario5","@id":"https:\/\/diariotextual.com\/inicio\/#\/schema\/person\/c7834961ad8b29b1d9cdbf4571299067"},"headline":"Boca volvi\u00f3 al triunfo al derrotar a Uni\u00f3n de Santa Fe","datePublished":"2023-10-21T11:02:22+00:00","dateModified":"2023-10-21T11:02:24+00:00","mainEntityOfPage":{"@id":"https:\/\/diariotextual.com\/inicio\/index.php\/2023\/10\/21\/con-la-cabeza-en-la-libertadores-boca-buscara-reacomodarse-ante-union\/"},"wordCount":265,"publisher":{"@id":"https:\/\/diariotextual.com\/inicio\/#organization"},"image":{"@id":"https:\/\/diariotextual.com\/inicio\/index.php\/2023\/10\/21\/con-la-cabeza-en-la-libertadores-boca-buscara-reacomodarse-ante-union\/#primaryimage"},"thumbnailUrl":"https:\/\/diariotextual.com\/inicio\/wp-content\/uploads\/2023\/10\/bocaunion2023-1.jpg","articleSection":["A - ES NOTICIA (van abajo)","DEPORTES"],"inLanguage":"es"},{"@type":"WebPage","@id":"https:\/\/diariotextual.com\/inicio\/index.php\/2023\/10\/21\/con-la-cabeza-en-la-libertadores-boca-buscara-reacomodarse-ante-union\/","url":"https:\/\/diariotextual.com\/inicio\/index.php\/2023\/10\/21\/con-la-cabeza-en-la-libertadores-boca-buscara-reacomodarse-ante-union\/","name":"Boca volvi\u00f3 al triunfo al derrotar a Uni\u00f3n de Santa Fe - Diario Textual","isPartOf":{"@id":"https:\/\/diariotextual.com\/inicio\/#website"},"primaryImageOfPage":{"@id":"https:\/\/diariotextual.com\/inicio\/index.php\/2023\/10\/21\/con-la-cabeza-en-la-libertadores-boca-buscara-reacomodarse-ante-union\/#primaryimage"},"image":{"@id":"https:\/\/diariotextual.com\/inicio\/index.php\/2023\/10\/21\/con-la-cabeza-en-la-libertadores-boca-buscara-reacomodarse-ante-union\/#primaryimage"},"thumbnailUrl":"https:\/\/diariotextual.com\/inicio\/wp-content\/uploads\/2023\/10\/bocaunion2023-1.jpg","datePublished":"2023-10-21T11:02:22+00:00","dateModified":"2023-10-21T11:02:24+00:00","breadcrumb":{"@id":"https:\/\/diariotextual.com\/inicio\/index.php\/2023\/10\/21\/con-la-cabeza-en-la-libertadores-boca-buscara-reacomodarse-ante-union\/#breadcrumb"},"inLanguage":"es","potentialAction":[{"@type":"ReadAction","target":["https:\/\/diariotextual.com\/inicio\/index.php\/2023\/10\/21\/con-la-cabeza-en-la-libertadores-boca-buscara-reacomodarse-ante-union\/"]}]},{"@type":"ImageObject","inLanguage":"es","@id":"https:\/\/diariotextual.com\/inicio\/index.php\/2023\/10\/21\/con-la-cabeza-en-la-libertadores-boca-buscara-reacomodarse-ante-union\/#primaryimage","url":"https:\/\/diariotextual.com\/inicio\/wp-content\/uploads\/2023\/10\/bocaunion2023-1.jpg","contentUrl":"https:\/\/diariotextual.com\/inicio\/wp-content\/uploads\/2023\/10\/bocaunion2023-1.jpg","width":1200,"height":675},{"@type":"BreadcrumbList","@id":"https:\/\/diariotextual.com\/inicio\/index.php\/2023\/10\/21\/con-la-cabeza-en-la-libertadores-boca-buscara-reacomodarse-ante-union\/#breadcrumb","itemListElement":[{"@type":"ListItem","position":1,"name":"Portada","item":"https:\/\/diariotextual.com\/inicio\/"},{"@type":"ListItem","position":2,"name":"Boca volvi\u00f3 al triunfo al derrotar a Uni\u00f3n de Santa Fe"}]},{"@type":"WebSite","@id":"https:\/\/diariotextual.com\/inicio\/#website","url":"https:\/\/diariotextual.com\/inicio\/","name":"Diario Textual","description":"","publisher":{"@id":"https:\/\/diariotextual.com\/inicio\/#organization"},"potentialAction":[{"@type":"SearchAction","target":{"@type":"EntryPoint","urlTemplate":"https:\/\/diariotextual.com\/inicio\/?s={search_term_string}"},"query-input":{"@type":"PropertyValueSpecification","valueRequired":true,"valueName":"search_term_string"}}],"inLanguage":"es"},{"@type":"Organization","@id":"https:\/\/diariotextual.com\/inicio\/#organization","name":"Diario Textual","url":"https:\/\/diariotextual.com\/inicio\/","logo":{"@type":"ImageObject","inLanguage":"es","@id":"https:\/\/diariotextual.com\/inicio\/#\/schema\/logo\/image\/","url":"https:\/\/diariotextual.com\/inicio\/wp-content\/uploads\/2023\/05\/logotextual1.jpg","contentUrl":"https:\/\/diariotextual.com\/inicio\/wp-content\/uploads\/2023\/05\/logotextual1.jpg","width":516,"height":76,"caption":"Diario Textual"},"image":{"@id":"https:\/\/diariotextual.com\/inicio\/#\/schema\/logo\/image\/"},"sameAs":["https:\/\/www.facebook.com\/eltextual","https:\/\/x.com\/eltextual","http:\/\/www.instagram.com\/eltextual"]},{"@type":"Person","@id":"https:\/\/diariotextual.com\/inicio\/#\/schema\/person\/c7834961ad8b29b1d9cdbf4571299067","name":"diario5","image":{"@type":"ImageObject","inLanguage":"es","@id":"https:\/\/secure.gravatar.com\/avatar\/948c893b847ca6df68216ead81b63f363408ec9b0f600fefc0641ce78613b111?s=96&d=mm&r=g","url":"https:\/\/secure.gravatar.com\/avatar\/948c893b847ca6df68216ead81b63f363408ec9b0f600fefc0641ce78613b111?s=96&d=mm&r=g","contentUrl":"https:\/\/secure.gravatar.com\/avatar\/948c893b847ca6df68216ead81b63f363408ec9b0f600fefc0641ce78613b111?s=96&d=mm&r=g","caption":"diario5"},"url":"https:\/\/diariotextual.com\/inicio\/index.php\/author\/diario5\/"}]}},"_links":{"self":[{"href":"https:\/\/diariotextual.com\/inicio\/index.php\/wp-json\/wp\/v2\/posts\/241433","targetHints":{"allow":["GET"]}}],"collection":[{"href":"https:\/\/diariotextual.com\/inicio\/index.php\/wp-json\/wp\/v2\/posts"}],"about":[{"href":"https:\/\/diariotextual.com\/inicio\/index.php\/wp-json\/wp\/v2\/types\/post"}],"author":[{"embeddable":true,"href":"https:\/\/diariotextual.com\/inicio\/index.php\/wp-json\/wp\/v2\/users\/7"}],"replies":[{"embeddable":true,"href":"https:\/\/diariotextual.com\/inicio\/index.php\/wp-json\/wp\/v2\/comments?post=241433"}],"version-history":[{"count":2,"href":"https:\/\/diariotextual.com\/inicio\/index.php\/wp-json\/wp\/v2\/posts\/241433\/revisions"}],"predecessor-version":[{"id":241489,"href":"https:\/\/diariotextual.com\/inicio\/index.php\/wp-json\/wp\/v2\/posts\/241433\/revisions\/241489"}],"wp:featuredmedia":[{"embeddable":true,"href":"https:\/\/diariotextual.com\/inicio\/index.php\/wp-json\/wp\/v2\/media\/241488"}],"wp:attachment":[{"href":"https:\/\/diariotextual.com\/inicio\/index.php\/wp-json\/wp\/v2\/media?parent=241433"}],"wp:term":[{"taxonomy":"category","embeddable":true,"href":"https:\/\/diariotextual.com\/inicio\/index.php\/wp-json\/wp\/v2\/categories?post=241433"},{"taxonomy":"post_tag","embeddable":true,"href":"https:\/\/diariotextual.com\/inicio\/index.php\/wp-json\/wp\/v2\/tags?post=241433"}],"curies":[{"name":"wp","href":"https:\/\/api.w.org\/{rel}","templated":true}]}}