{"id":24191,"date":"2018-10-19T05:21:15","date_gmt":"2018-10-19T08:21:15","guid":{"rendered":"http:\/\/diariotextual.com\/inicio\/?p=24191"},"modified":"2018-10-19T05:21:15","modified_gmt":"2018-10-19T08:21:15","slug":"se-ensenara-matematica-las-escuelas","status":"publish","type":"post","link":"https:\/\/diariotextual.com\/inicio\/index.php\/2018\/10\/19\/se-ensenara-matematica-las-escuelas\/","title":{"rendered":"C\u00f3mo se ense\u00f1ar\u00e1 matem\u00e1tica en las escuelas"},"content":{"rendered":"<p>El pa\u00eds cambiar\u00e1 su\u00a0<strong>m\u00e9todo de ense\u00f1anza en matem\u00e1ticas. Lo anunciaron el presidente Mauricio Macri y el ministro de Educaci\u00f3n, Alejandro Finocchiaro.<\/strong><\/p>\n<p>\u00abCuando termin\u00e1s la secundaria, lo que sab\u00e9s de matem\u00e1tica te tiene que servir para ir a la universidad, para llevar a cabo alg\u00fan oficio o para la vida misma, como resolver problemas cotidianos en tu casa. Debe ser una matem\u00e1tica vivencial, que te toque el coraz\u00f3n, que permita la resoluci\u00f3n de inconvenientes concretos. Nosotros vamos a implementar un m\u00e9todo que denominamos &#8216;Matem\u00e1tica para la vida'\u00bb, dijo el ministro.<\/p>\n<p>En el plan de Naci\u00f3n, un total de 650 formadores estar\u00e1n encargados de dictar una serie de talleres a 75 mil docentes de m\u00e1s de 10 mil escuelas de todo el pa\u00eds.<\/p>\n<p>Los siguientes ser\u00e1n los cambios m\u00e1s importantes:<\/p>\n<p><em>-El docente no indicar\u00e1 ejercicios sino que plantear\u00e1 problemas.<\/em><\/p>\n<p><em>-Los alumnos, divididos en grupos, pensar\u00e1n formas de solucionarlo y las argumentar\u00e1n ante sus compa\u00f1eros, para elegir finalmente la resoluci\u00f3n m\u00e1s adecuada.<\/em><\/p>\n<p><em>-El docente recapitular\u00e1 lo realizado, acompa\u00f1ar\u00e1 a los estudiantes a dejar registro de lo aprendido, aportar\u00e1 nueva informaci\u00f3n y establecer\u00e1 relaciones con otros contenidos.<\/em><\/p>\n<p><em>-La evaluaci\u00f3n se realizar\u00e1 a medida que los estudiantes resuelvan lo expuesto, encontrando qui\u00e9nes necesitan apoyo extra del maestro\/profesor o de sus propios compa\u00f1eros para comprender el contenido.<\/em><\/p>\n<p>Para lograr el objetivo, durante el 2019, los docentes recibir\u00e1n un taller que dar\u00e1n los formadores y ser\u00e1 dispuesto en seis clases, todas durante la jornada laboral.<\/p>\n<p>Los formadores ser\u00e1n parte de algunas clases para ver c\u00f3mo se inculcan los conceptos en los alumnos. Adem\u00e1s, tambi\u00e9n se pondr\u00e1 \u00e9nfasis en la aplicaci\u00f3n pr\u00e1ctica, en la vida cotidiana de los estudiantes, que en su mayor\u00eda dec\u00edan que no le encontraban sentido a la materia.<\/p>\n<p>Seg\u00fan dijeron, se van a enfocar en la formaci\u00f3n de docentes para implementar estrategias metodol\u00f3gicas que les permitan trabajar de otra manera con los alumnos en algunas tem\u00e1ticas que suelen ser dif\u00edciles para ellos, como divisiones, fracciones, proporciones y ecuaciones. \u00bfDe qu\u00e9 se trata? Se realizar\u00e1 una capacitaci\u00f3n docente que ofrezca nuevas estrategias para la pr\u00e1ctica de la ense\u00f1anza en nueve contenidos espec\u00edficos, cuatro para primaria y cinco de secundaria, que resultaron ser los menos comprendidos por los alumnos.<\/p>\n<p>A nivel primario, son la representaci\u00f3n de informaci\u00f3n en gr\u00e1ficos, fracciones (repensar, ordenar, sumar), \u00e1reas y per\u00edmetros de figuras planas y divisi\u00f3n con an\u00e1lisis del resto. Y a nivel secundario, funciones (representaci\u00f3n algebraica y gr\u00e1fica); resoluci\u00f3n de ecuaciones, probabilidad y permutaci\u00f3n, y proporcionalidad en geometr\u00eda.<\/p>\n<p>El plan empezar\u00e1 en diez mil escuelas de todo el pa\u00eds, mitad primarias y la otra mitad secundarias. Y a cargo de su implementaci\u00f3n habr\u00e1 650 formadores: 350 para nivel primario y 300 para secundario. La idea es que cada uno de ellos, a su vez, forme a cuatro grupos de 35 docentes, alcanzando un total de 75 mil maestros.<\/p>\n<p>El objetivo es\u00a0<strong>dejar de lado los ejercicios autom\u00e1ticos.<\/strong>\u00a0Y se van a plantear problemas reales, los cuales tendr\u00e1n que ver con la\u00a0<strong>econom\u00eda cotidiana<\/strong>\u00a0de los chicos. Tambi\u00e9n, los alumnos formar\u00e1n grupos para encontrar soluciones, ya que el objetivo es que aprendan \u00abhaciendo, equivoc\u00e1ndose y experimentando\u00bb.<\/p>\n<p>Otra estrategia va ser dividir el contenido pedag\u00f3gico, entre saberes necesarios y complementarios. Esto se hace porque mayormente los docente no llegan a dar toda la materia en un a\u00f1o escolar, y muchas veces se apuran y la dan mal, \u00abcon lo cual los chicos no aprenden\u00bb, resalt\u00f3 Alejandro Finocchiaro, ministro de Educaci\u00f3n.<\/p>\n<p>&nbsp;<\/p>\n<p>&nbsp;<\/p>\n<p>&nbsp;<\/p>\n<p>&nbsp;<\/p>\n<p>&nbsp;<\/p>\n<p>&nbsp;<\/p>\n<p>&nbsp;<\/p>\n","protected":false},"excerpt":{"rendered":"<p>El pa\u00eds cambiar\u00e1 su\u00a0m\u00e9todo de ense\u00f1anza en matem\u00e1ticas. Lo anunciaron el presidente Mauricio Macri y el ministro de Educaci\u00f3n, Alejandro Finocchiaro. \u00abCuando termin\u00e1s la secundaria, lo que sab\u00e9s de matem\u00e1tica&hellip;<\/p>\n","protected":false},"author":3,"featured_media":501,"comment_status":"closed","ping_status":"open","sticky":false,"template":"","format":"standard","meta":{"_acf_changed":false,"footnotes":""},"categories":[4,1,12],"tags":[],"class_list":["post-24191","post","type-post","status-publish","format-standard","has-post-thumbnail","hentry","category-destacadas","category-es-noticia","category-sociedad"],"acf":[],"yoast_head":"<!-- This site is optimized with the Yoast SEO plugin v27.5 - https:\/\/yoast.com\/product\/yoast-seo-wordpress\/ -->\n<title>C\u00f3mo se ense\u00f1ar\u00e1 matem\u00e1tica en las escuelas - Diario Textual<\/title>\n<meta name=\"robots\" content=\"index, follow, max-snippet:-1, max-image-preview:large, max-video-preview:-1\" \/>\n<link rel=\"canonical\" href=\"https:\/\/diariotextual.com\/inicio\/index.php\/2018\/10\/19\/se-ensenara-matematica-las-escuelas\/\" \/>\n<meta property=\"og:locale\" content=\"es_ES\" \/>\n<meta property=\"og:type\" content=\"article\" \/>\n<meta property=\"og:title\" content=\"C\u00f3mo se ense\u00f1ar\u00e1 matem\u00e1tica en las escuelas - Diario Textual\" \/>\n<meta property=\"og:description\" content=\"El pa\u00eds cambiar\u00e1 su\u00a0m\u00e9todo de ense\u00f1anza en matem\u00e1ticas. Lo anunciaron el presidente Mauricio Macri y el ministro de Educaci\u00f3n, Alejandro Finocchiaro. \u00abCuando termin\u00e1s la secundaria, lo que sab\u00e9s de matem\u00e1tica&hellip;\" \/>\n<meta property=\"og:url\" content=\"https:\/\/diariotextual.com\/inicio\/index.php\/2018\/10\/19\/se-ensenara-matematica-las-escuelas\/\" \/>\n<meta property=\"og:site_name\" content=\"Diario Textual\" \/>\n<meta property=\"article:publisher\" content=\"https:\/\/www.facebook.com\/eltextual\" \/>\n<meta property=\"article:published_time\" content=\"2018-10-19T08:21:15+00:00\" \/>\n<meta property=\"og:image\" content=\"https:\/\/diariotextual.com\/inicio\/wp-content\/uploads\/2018\/03\/aulasescuelastelam72.jpg\" \/>\n\t<meta property=\"og:image:width\" content=\"699\" \/>\n\t<meta property=\"og:image:height\" content=\"428\" \/>\n\t<meta property=\"og:image:type\" content=\"image\/jpeg\" \/>\n<meta name=\"author\" content=\"Diario1 Diario1\" \/>\n<meta name=\"twitter:card\" content=\"summary_large_image\" \/>\n<meta name=\"twitter:creator\" content=\"@eltextual\" \/>\n<meta name=\"twitter:site\" content=\"@eltextual\" \/>\n<meta name=\"twitter:label1\" content=\"Escrito por\" \/>\n\t<meta name=\"twitter:data1\" content=\"Diario1 Diario1\" \/>\n\t<meta name=\"twitter:label2\" content=\"Tiempo de lectura\" \/>\n\t<meta name=\"twitter:data2\" content=\"3 minutos\" \/>\n<script type=\"application\/ld+json\" class=\"yoast-schema-graph\">{\"@context\":\"https:\\\/\\\/schema.org\",\"@graph\":[{\"@type\":\"Article\",\"@id\":\"https:\\\/\\\/diariotextual.com\\\/inicio\\\/index.php\\\/2018\\\/10\\\/19\\\/se-ensenara-matematica-las-escuelas\\\/#article\",\"isPartOf\":{\"@id\":\"https:\\\/\\\/diariotextual.com\\\/inicio\\\/index.php\\\/2018\\\/10\\\/19\\\/se-ensenara-matematica-las-escuelas\\\/\"},\"author\":{\"name\":\"Diario1 Diario1\",\"@id\":\"https:\\\/\\\/diariotextual.com\\\/inicio\\\/#\\\/schema\\\/person\\\/418fc4093c33e86ed41562db3508f958\"},\"headline\":\"C\u00f3mo se ense\u00f1ar\u00e1 matem\u00e1tica en las escuelas\",\"datePublished\":\"2018-10-19T08:21:15+00:00\",\"mainEntityOfPage\":{\"@id\":\"https:\\\/\\\/diariotextual.com\\\/inicio\\\/index.php\\\/2018\\\/10\\\/19\\\/se-ensenara-matematica-las-escuelas\\\/\"},\"wordCount\":649,\"publisher\":{\"@id\":\"https:\\\/\\\/diariotextual.com\\\/inicio\\\/#organization\"},\"image\":{\"@id\":\"https:\\\/\\\/diariotextual.com\\\/inicio\\\/index.php\\\/2018\\\/10\\\/19\\\/se-ensenara-matematica-las-escuelas\\\/#primaryimage\"},\"thumbnailUrl\":\"https:\\\/\\\/diariotextual.com\\\/inicio\\\/wp-content\\\/uploads\\\/2018\\\/03\\\/aulasescuelastelam72.jpg\",\"articleSection\":[\"A - DESTACADAS (mod 16)\",\"A - ES NOTICIA (van abajo)\",\"SOCIEDAD\"],\"inLanguage\":\"es\"},{\"@type\":\"WebPage\",\"@id\":\"https:\\\/\\\/diariotextual.com\\\/inicio\\\/index.php\\\/2018\\\/10\\\/19\\\/se-ensenara-matematica-las-escuelas\\\/\",\"url\":\"https:\\\/\\\/diariotextual.com\\\/inicio\\\/index.php\\\/2018\\\/10\\\/19\\\/se-ensenara-matematica-las-escuelas\\\/\",\"name\":\"C\u00f3mo se ense\u00f1ar\u00e1 matem\u00e1tica en las escuelas - Diario Textual\",\"isPartOf\":{\"@id\":\"https:\\\/\\\/diariotextual.com\\\/inicio\\\/#website\"},\"primaryImageOfPage\":{\"@id\":\"https:\\\/\\\/diariotextual.com\\\/inicio\\\/index.php\\\/2018\\\/10\\\/19\\\/se-ensenara-matematica-las-escuelas\\\/#primaryimage\"},\"image\":{\"@id\":\"https:\\\/\\\/diariotextual.com\\\/inicio\\\/index.php\\\/2018\\\/10\\\/19\\\/se-ensenara-matematica-las-escuelas\\\/#primaryimage\"},\"thumbnailUrl\":\"https:\\\/\\\/diariotextual.com\\\/inicio\\\/wp-content\\\/uploads\\\/2018\\\/03\\\/aulasescuelastelam72.jpg\",\"datePublished\":\"2018-10-19T08:21:15+00:00\",\"breadcrumb\":{\"@id\":\"https:\\\/\\\/diariotextual.com\\\/inicio\\\/index.php\\\/2018\\\/10\\\/19\\\/se-ensenara-matematica-las-escuelas\\\/#breadcrumb\"},\"inLanguage\":\"es\",\"potentialAction\":[{\"@type\":\"ReadAction\",\"target\":[\"https:\\\/\\\/diariotextual.com\\\/inicio\\\/index.php\\\/2018\\\/10\\\/19\\\/se-ensenara-matematica-las-escuelas\\\/\"]}]},{\"@type\":\"ImageObject\",\"inLanguage\":\"es\",\"@id\":\"https:\\\/\\\/diariotextual.com\\\/inicio\\\/index.php\\\/2018\\\/10\\\/19\\\/se-ensenara-matematica-las-escuelas\\\/#primaryimage\",\"url\":\"https:\\\/\\\/diariotextual.com\\\/inicio\\\/wp-content\\\/uploads\\\/2018\\\/03\\\/aulasescuelastelam72.jpg\",\"contentUrl\":\"https:\\\/\\\/diariotextual.com\\\/inicio\\\/wp-content\\\/uploads\\\/2018\\\/03\\\/aulasescuelastelam72.jpg\",\"width\":699,\"height\":428},{\"@type\":\"BreadcrumbList\",\"@id\":\"https:\\\/\\\/diariotextual.com\\\/inicio\\\/index.php\\\/2018\\\/10\\\/19\\\/se-ensenara-matematica-las-escuelas\\\/#breadcrumb\",\"itemListElement\":[{\"@type\":\"ListItem\",\"position\":1,\"name\":\"Portada\",\"item\":\"https:\\\/\\\/diariotextual.com\\\/inicio\\\/\"},{\"@type\":\"ListItem\",\"position\":2,\"name\":\"C\u00f3mo se ense\u00f1ar\u00e1 matem\u00e1tica en las escuelas\"}]},{\"@type\":\"WebSite\",\"@id\":\"https:\\\/\\\/diariotextual.com\\\/inicio\\\/#website\",\"url\":\"https:\\\/\\\/diariotextual.com\\\/inicio\\\/\",\"name\":\"Diario Textual\",\"description\":\"\",\"publisher\":{\"@id\":\"https:\\\/\\\/diariotextual.com\\\/inicio\\\/#organization\"},\"potentialAction\":[{\"@type\":\"SearchAction\",\"target\":{\"@type\":\"EntryPoint\",\"urlTemplate\":\"https:\\\/\\\/diariotextual.com\\\/inicio\\\/?s={search_term_string}\"},\"query-input\":{\"@type\":\"PropertyValueSpecification\",\"valueRequired\":true,\"valueName\":\"search_term_string\"}}],\"inLanguage\":\"es\"},{\"@type\":\"Organization\",\"@id\":\"https:\\\/\\\/diariotextual.com\\\/inicio\\\/#organization\",\"name\":\"Diario Textual\",\"url\":\"https:\\\/\\\/diariotextual.com\\\/inicio\\\/\",\"logo\":{\"@type\":\"ImageObject\",\"inLanguage\":\"es\",\"@id\":\"https:\\\/\\\/diariotextual.com\\\/inicio\\\/#\\\/schema\\\/logo\\\/image\\\/\",\"url\":\"https:\\\/\\\/diariotextual.com\\\/inicio\\\/wp-content\\\/uploads\\\/2023\\\/05\\\/logotextual1.jpg\",\"contentUrl\":\"https:\\\/\\\/diariotextual.com\\\/inicio\\\/wp-content\\\/uploads\\\/2023\\\/05\\\/logotextual1.jpg\",\"width\":516,\"height\":76,\"caption\":\"Diario Textual\"},\"image\":{\"@id\":\"https:\\\/\\\/diariotextual.com\\\/inicio\\\/#\\\/schema\\\/logo\\\/image\\\/\"},\"sameAs\":[\"https:\\\/\\\/www.facebook.com\\\/eltextual\",\"https:\\\/\\\/x.com\\\/eltextual\",\"http:\\\/\\\/www.instagram.com\\\/eltextual\"]},{\"@type\":\"Person\",\"@id\":\"https:\\\/\\\/diariotextual.com\\\/inicio\\\/#\\\/schema\\\/person\\\/418fc4093c33e86ed41562db3508f958\",\"name\":\"Diario1 Diario1\",\"image\":{\"@type\":\"ImageObject\",\"inLanguage\":\"es\",\"@id\":\"https:\\\/\\\/secure.gravatar.com\\\/avatar\\\/9167d280179c85bc18be67aa7eda765854300033af4896dd779b608640f2ef7a?s=96&d=mm&r=g\",\"url\":\"https:\\\/\\\/secure.gravatar.com\\\/avatar\\\/9167d280179c85bc18be67aa7eda765854300033af4896dd779b608640f2ef7a?s=96&d=mm&r=g\",\"contentUrl\":\"https:\\\/\\\/secure.gravatar.com\\\/avatar\\\/9167d280179c85bc18be67aa7eda765854300033af4896dd779b608640f2ef7a?s=96&d=mm&r=g\",\"caption\":\"Diario1 Diario1\"},\"url\":\"https:\\\/\\\/diariotextual.com\\\/inicio\\\/index.php\\\/author\\\/diario1\\\/\"}]}<\/script>\n<!-- \/ Yoast SEO plugin. -->","yoast_head_json":{"title":"C\u00f3mo se ense\u00f1ar\u00e1 matem\u00e1tica en las escuelas - Diario Textual","robots":{"index":"index","follow":"follow","max-snippet":"max-snippet:-1","max-image-preview":"max-image-preview:large","max-video-preview":"max-video-preview:-1"},"canonical":"https:\/\/diariotextual.com\/inicio\/index.php\/2018\/10\/19\/se-ensenara-matematica-las-escuelas\/","og_locale":"es_ES","og_type":"article","og_title":"C\u00f3mo se ense\u00f1ar\u00e1 matem\u00e1tica en las escuelas - Diario Textual","og_description":"El pa\u00eds cambiar\u00e1 su\u00a0m\u00e9todo de ense\u00f1anza en matem\u00e1ticas. Lo anunciaron el presidente Mauricio Macri y el ministro de Educaci\u00f3n, Alejandro Finocchiaro. \u00abCuando termin\u00e1s la secundaria, lo que sab\u00e9s de matem\u00e1tica&hellip;","og_url":"https:\/\/diariotextual.com\/inicio\/index.php\/2018\/10\/19\/se-ensenara-matematica-las-escuelas\/","og_site_name":"Diario Textual","article_publisher":"https:\/\/www.facebook.com\/eltextual","article_published_time":"2018-10-19T08:21:15+00:00","og_image":[{"width":699,"height":428,"url":"https:\/\/diariotextual.com\/inicio\/wp-content\/uploads\/2018\/03\/aulasescuelastelam72.jpg","type":"image\/jpeg"}],"author":"Diario1 Diario1","twitter_card":"summary_large_image","twitter_creator":"@eltextual","twitter_site":"@eltextual","twitter_misc":{"Escrito por":"Diario1 Diario1","Tiempo de lectura":"3 minutos"},"schema":{"@context":"https:\/\/schema.org","@graph":[{"@type":"Article","@id":"https:\/\/diariotextual.com\/inicio\/index.php\/2018\/10\/19\/se-ensenara-matematica-las-escuelas\/#article","isPartOf":{"@id":"https:\/\/diariotextual.com\/inicio\/index.php\/2018\/10\/19\/se-ensenara-matematica-las-escuelas\/"},"author":{"name":"Diario1 Diario1","@id":"https:\/\/diariotextual.com\/inicio\/#\/schema\/person\/418fc4093c33e86ed41562db3508f958"},"headline":"C\u00f3mo se ense\u00f1ar\u00e1 matem\u00e1tica en las escuelas","datePublished":"2018-10-19T08:21:15+00:00","mainEntityOfPage":{"@id":"https:\/\/diariotextual.com\/inicio\/index.php\/2018\/10\/19\/se-ensenara-matematica-las-escuelas\/"},"wordCount":649,"publisher":{"@id":"https:\/\/diariotextual.com\/inicio\/#organization"},"image":{"@id":"https:\/\/diariotextual.com\/inicio\/index.php\/2018\/10\/19\/se-ensenara-matematica-las-escuelas\/#primaryimage"},"thumbnailUrl":"https:\/\/diariotextual.com\/inicio\/wp-content\/uploads\/2018\/03\/aulasescuelastelam72.jpg","articleSection":["A - DESTACADAS (mod 16)","A - ES NOTICIA (van abajo)","SOCIEDAD"],"inLanguage":"es"},{"@type":"WebPage","@id":"https:\/\/diariotextual.com\/inicio\/index.php\/2018\/10\/19\/se-ensenara-matematica-las-escuelas\/","url":"https:\/\/diariotextual.com\/inicio\/index.php\/2018\/10\/19\/se-ensenara-matematica-las-escuelas\/","name":"C\u00f3mo se ense\u00f1ar\u00e1 matem\u00e1tica en las escuelas - Diario Textual","isPartOf":{"@id":"https:\/\/diariotextual.com\/inicio\/#website"},"primaryImageOfPage":{"@id":"https:\/\/diariotextual.com\/inicio\/index.php\/2018\/10\/19\/se-ensenara-matematica-las-escuelas\/#primaryimage"},"image":{"@id":"https:\/\/diariotextual.com\/inicio\/index.php\/2018\/10\/19\/se-ensenara-matematica-las-escuelas\/#primaryimage"},"thumbnailUrl":"https:\/\/diariotextual.com\/inicio\/wp-content\/uploads\/2018\/03\/aulasescuelastelam72.jpg","datePublished":"2018-10-19T08:21:15+00:00","breadcrumb":{"@id":"https:\/\/diariotextual.com\/inicio\/index.php\/2018\/10\/19\/se-ensenara-matematica-las-escuelas\/#breadcrumb"},"inLanguage":"es","potentialAction":[{"@type":"ReadAction","target":["https:\/\/diariotextual.com\/inicio\/index.php\/2018\/10\/19\/se-ensenara-matematica-las-escuelas\/"]}]},{"@type":"ImageObject","inLanguage":"es","@id":"https:\/\/diariotextual.com\/inicio\/index.php\/2018\/10\/19\/se-ensenara-matematica-las-escuelas\/#primaryimage","url":"https:\/\/diariotextual.com\/inicio\/wp-content\/uploads\/2018\/03\/aulasescuelastelam72.jpg","contentUrl":"https:\/\/diariotextual.com\/inicio\/wp-content\/uploads\/2018\/03\/aulasescuelastelam72.jpg","width":699,"height":428},{"@type":"BreadcrumbList","@id":"https:\/\/diariotextual.com\/inicio\/index.php\/2018\/10\/19\/se-ensenara-matematica-las-escuelas\/#breadcrumb","itemListElement":[{"@type":"ListItem","position":1,"name":"Portada","item":"https:\/\/diariotextual.com\/inicio\/"},{"@type":"ListItem","position":2,"name":"C\u00f3mo se ense\u00f1ar\u00e1 matem\u00e1tica en las escuelas"}]},{"@type":"WebSite","@id":"https:\/\/diariotextual.com\/inicio\/#website","url":"https:\/\/diariotextual.com\/inicio\/","name":"Diario Textual","description":"","publisher":{"@id":"https:\/\/diariotextual.com\/inicio\/#organization"},"potentialAction":[{"@type":"SearchAction","target":{"@type":"EntryPoint","urlTemplate":"https:\/\/diariotextual.com\/inicio\/?s={search_term_string}"},"query-input":{"@type":"PropertyValueSpecification","valueRequired":true,"valueName":"search_term_string"}}],"inLanguage":"es"},{"@type":"Organization","@id":"https:\/\/diariotextual.com\/inicio\/#organization","name":"Diario Textual","url":"https:\/\/diariotextual.com\/inicio\/","logo":{"@type":"ImageObject","inLanguage":"es","@id":"https:\/\/diariotextual.com\/inicio\/#\/schema\/logo\/image\/","url":"https:\/\/diariotextual.com\/inicio\/wp-content\/uploads\/2023\/05\/logotextual1.jpg","contentUrl":"https:\/\/diariotextual.com\/inicio\/wp-content\/uploads\/2023\/05\/logotextual1.jpg","width":516,"height":76,"caption":"Diario Textual"},"image":{"@id":"https:\/\/diariotextual.com\/inicio\/#\/schema\/logo\/image\/"},"sameAs":["https:\/\/www.facebook.com\/eltextual","https:\/\/x.com\/eltextual","http:\/\/www.instagram.com\/eltextual"]},{"@type":"Person","@id":"https:\/\/diariotextual.com\/inicio\/#\/schema\/person\/418fc4093c33e86ed41562db3508f958","name":"Diario1 Diario1","image":{"@type":"ImageObject","inLanguage":"es","@id":"https:\/\/secure.gravatar.com\/avatar\/9167d280179c85bc18be67aa7eda765854300033af4896dd779b608640f2ef7a?s=96&d=mm&r=g","url":"https:\/\/secure.gravatar.com\/avatar\/9167d280179c85bc18be67aa7eda765854300033af4896dd779b608640f2ef7a?s=96&d=mm&r=g","contentUrl":"https:\/\/secure.gravatar.com\/avatar\/9167d280179c85bc18be67aa7eda765854300033af4896dd779b608640f2ef7a?s=96&d=mm&r=g","caption":"Diario1 Diario1"},"url":"https:\/\/diariotextual.com\/inicio\/index.php\/author\/diario1\/"}]}},"_links":{"self":[{"href":"https:\/\/diariotextual.com\/inicio\/index.php\/wp-json\/wp\/v2\/posts\/24191","targetHints":{"allow":["GET"]}}],"collection":[{"href":"https:\/\/diariotextual.com\/inicio\/index.php\/wp-json\/wp\/v2\/posts"}],"about":[{"href":"https:\/\/diariotextual.com\/inicio\/index.php\/wp-json\/wp\/v2\/types\/post"}],"author":[{"embeddable":true,"href":"https:\/\/diariotextual.com\/inicio\/index.php\/wp-json\/wp\/v2\/users\/3"}],"replies":[{"embeddable":true,"href":"https:\/\/diariotextual.com\/inicio\/index.php\/wp-json\/wp\/v2\/comments?post=24191"}],"version-history":[{"count":5,"href":"https:\/\/diariotextual.com\/inicio\/index.php\/wp-json\/wp\/v2\/posts\/24191\/revisions"}],"predecessor-version":[{"id":24196,"href":"https:\/\/diariotextual.com\/inicio\/index.php\/wp-json\/wp\/v2\/posts\/24191\/revisions\/24196"}],"wp:featuredmedia":[{"embeddable":true,"href":"https:\/\/diariotextual.com\/inicio\/index.php\/wp-json\/wp\/v2\/media\/501"}],"wp:attachment":[{"href":"https:\/\/diariotextual.com\/inicio\/index.php\/wp-json\/wp\/v2\/media?parent=24191"}],"wp:term":[{"taxonomy":"category","embeddable":true,"href":"https:\/\/diariotextual.com\/inicio\/index.php\/wp-json\/wp\/v2\/categories?post=24191"},{"taxonomy":"post_tag","embeddable":true,"href":"https:\/\/diariotextual.com\/inicio\/index.php\/wp-json\/wp\/v2\/tags?post=24191"}],"curies":[{"name":"wp","href":"https:\/\/api.w.org\/{rel}","templated":true}]}}