{"id":242117,"date":"2023-10-24T21:55:21","date_gmt":"2023-10-25T00:55:21","guid":{"rendered":"https:\/\/diariotextual.com\/inicio\/?p=242117"},"modified":"2023-10-25T18:50:44","modified_gmt":"2023-10-25T21:50:44","slug":"manuel-simpson-suena-como-el-reemplazante-de-carrascal-en-la-cpe","status":"publish","type":"post","link":"https:\/\/diariotextual.com\/inicio\/index.php\/2023\/10\/24\/manuel-simpson-suena-como-el-reemplazante-de-carrascal-en-la-cpe\/","title":{"rendered":"Manuel Simpson suena como el reemplazante de Carrascal en la CPE"},"content":{"rendered":"\n<p>Manuel Simpson va a ser elegido presidente de la Cooperativa Popular de Electricidad el pr\u00f3ximo s\u00e1bado, en una asamblea. Esa, pudo saber Diario Textual, es al menos la intenci\u00f3n de la conducci\u00f3n de la cooperativa que desde hace 30 a\u00f1os est\u00e1 al mando de la hist\u00f3rica Lista Celeste y que recientemente volvi\u00f3 a ganar las elecciones. De esa manera, Alfredo Carrascal dejar\u00e1 su lugar.<\/p>\n\n\n\n<p>El Consejo de Administraci\u00f3n de la CPE convoc\u00f3 a los y las delegadas electas en las Asambleas Electorales de Distritos a desarrollar la Asamblea Ordinaria del cuerpo el s\u00e1bado 28 de este mes, a las 18 horas, en la sala \u201cDon Enrique Tub\u00e1n\u201d del edificio Los Pioneros, en Alsina y Pellegrini.<\/p>\n\n\n\n<p>El orden del d\u00eda incluye la consideraci\u00f3n de la memoria, los estados contables y los informes del s\u00edndico de la CPE y de la auditora externa, correspondientes al 91\u00ba Ejercicio Econ\u00f3mico y Social, comprendido entre el 1 de julio de 2022 y el \u00faltimo 30 de junio.<\/p>\n\n\n\n<p>Las y los delegados tambi\u00e9n proceder\u00e1n a la renovaci\u00f3n parcial del Consejo de Administraci\u00f3n para lo cual deber\u00e1n elegir cuatro consejeros\/as titulares por un per\u00edodo de tres a\u00f1os. Finalmente las y los delegados elegir\u00e1n un\/a s\u00edndico titular y un\/a suplente por un per\u00edodo de un a\u00f1o en reemplazo de Carlos Pedro Guti\u00e9rrez y J\u00e9sica Soria por finalizaci\u00f3n de sus mandatos.<\/p>\n\n\n\n<p><\/p>\n","protected":false},"excerpt":{"rendered":"<p>Manuel Simpson va a ser elegido presidente de la Cooperativa Popular de Electricidad el pr\u00f3ximo s\u00e1bado, en una asamblea. Esa, pudo saber Diario Textual, es al menos la intenci\u00f3n de&hellip;<\/p>\n","protected":false},"author":3,"featured_media":238416,"comment_status":"closed","ping_status":"open","sticky":false,"template":"","format":"standard","meta":{"_acf_changed":false,"footnotes":""},"categories":[11,8],"tags":[],"class_list":["post-242117","post","type-post","status-publish","format-standard","has-post-thumbnail","hentry","category-que-pasa","category-politica"],"acf":[],"yoast_head":"<!-- This site is optimized with the Yoast SEO plugin v27.5 - https:\/\/yoast.com\/product\/yoast-seo-wordpress\/ -->\n<title>Manuel Simpson suena como el reemplazante de Carrascal en la CPE - Diario Textual<\/title>\n<meta name=\"robots\" content=\"index, follow, max-snippet:-1, max-image-preview:large, max-video-preview:-1\" \/>\n<link rel=\"canonical\" href=\"https:\/\/diariotextual.com\/inicio\/index.php\/2023\/10\/24\/manuel-simpson-suena-como-el-reemplazante-de-carrascal-en-la-cpe\/\" \/>\n<meta property=\"og:locale\" content=\"es_ES\" \/>\n<meta property=\"og:type\" content=\"article\" \/>\n<meta property=\"og:title\" content=\"Manuel Simpson suena como el reemplazante de Carrascal en la CPE - Diario Textual\" \/>\n<meta property=\"og:description\" content=\"Manuel Simpson va a ser elegido presidente de la Cooperativa Popular de Electricidad el pr\u00f3ximo s\u00e1bado, en una asamblea. Esa, pudo saber Diario Textual, es al menos la intenci\u00f3n de&hellip;\" \/>\n<meta property=\"og:url\" content=\"https:\/\/diariotextual.com\/inicio\/index.php\/2023\/10\/24\/manuel-simpson-suena-como-el-reemplazante-de-carrascal-en-la-cpe\/\" \/>\n<meta property=\"og:site_name\" content=\"Diario Textual\" \/>\n<meta property=\"article:publisher\" content=\"https:\/\/www.facebook.com\/eltextual\" \/>\n<meta property=\"article:published_time\" content=\"2023-10-25T00:55:21+00:00\" \/>\n<meta property=\"article:modified_time\" content=\"2023-10-25T21:50:44+00:00\" \/>\n<meta property=\"og:image\" content=\"https:\/\/diariotextual.com\/inicio\/wp-content\/uploads\/2023\/09\/eleccionescpe2023-4.jpg\" \/>\n\t<meta property=\"og:image:width\" content=\"1600\" \/>\n\t<meta property=\"og:image:height\" content=\"900\" \/>\n\t<meta property=\"og:image:type\" content=\"image\/jpeg\" \/>\n<meta name=\"author\" content=\"Diario1 Diario1\" \/>\n<meta name=\"twitter:card\" content=\"summary_large_image\" \/>\n<meta name=\"twitter:creator\" content=\"@eltextual\" \/>\n<meta name=\"twitter:site\" content=\"@eltextual\" \/>\n<meta name=\"twitter:label1\" content=\"Escrito por\" \/>\n\t<meta name=\"twitter:data1\" content=\"Diario1 Diario1\" \/>\n\t<meta name=\"twitter:label2\" content=\"Tiempo de lectura\" \/>\n\t<meta name=\"twitter:data2\" content=\"2 minutos\" \/>\n<script type=\"application\/ld+json\" class=\"yoast-schema-graph\">{\"@context\":\"https:\\\/\\\/schema.org\",\"@graph\":[{\"@type\":\"Article\",\"@id\":\"https:\\\/\\\/diariotextual.com\\\/inicio\\\/index.php\\\/2023\\\/10\\\/24\\\/manuel-simpson-suena-como-el-reemplazante-de-carrascal-en-la-cpe\\\/#article\",\"isPartOf\":{\"@id\":\"https:\\\/\\\/diariotextual.com\\\/inicio\\\/index.php\\\/2023\\\/10\\\/24\\\/manuel-simpson-suena-como-el-reemplazante-de-carrascal-en-la-cpe\\\/\"},\"author\":{\"name\":\"Diario1 Diario1\",\"@id\":\"https:\\\/\\\/diariotextual.com\\\/inicio\\\/#\\\/schema\\\/person\\\/418fc4093c33e86ed41562db3508f958\"},\"headline\":\"Manuel Simpson suena como el reemplazante de Carrascal en la CPE\",\"datePublished\":\"2023-10-25T00:55:21+00:00\",\"dateModified\":\"2023-10-25T21:50:44+00:00\",\"mainEntityOfPage\":{\"@id\":\"https:\\\/\\\/diariotextual.com\\\/inicio\\\/index.php\\\/2023\\\/10\\\/24\\\/manuel-simpson-suena-como-el-reemplazante-de-carrascal-en-la-cpe\\\/\"},\"wordCount\":256,\"publisher\":{\"@id\":\"https:\\\/\\\/diariotextual.com\\\/inicio\\\/#organization\"},\"image\":{\"@id\":\"https:\\\/\\\/diariotextual.com\\\/inicio\\\/index.php\\\/2023\\\/10\\\/24\\\/manuel-simpson-suena-como-el-reemplazante-de-carrascal-en-la-cpe\\\/#primaryimage\"},\"thumbnailUrl\":\"https:\\\/\\\/diariotextual.com\\\/inicio\\\/wp-content\\\/uploads\\\/2023\\\/09\\\/eleccionescpe2023-4.jpg\",\"articleSection\":[\"A - QUE PASA (al costado)\",\"POLITICA\"],\"inLanguage\":\"es\"},{\"@type\":\"WebPage\",\"@id\":\"https:\\\/\\\/diariotextual.com\\\/inicio\\\/index.php\\\/2023\\\/10\\\/24\\\/manuel-simpson-suena-como-el-reemplazante-de-carrascal-en-la-cpe\\\/\",\"url\":\"https:\\\/\\\/diariotextual.com\\\/inicio\\\/index.php\\\/2023\\\/10\\\/24\\\/manuel-simpson-suena-como-el-reemplazante-de-carrascal-en-la-cpe\\\/\",\"name\":\"Manuel Simpson suena como el reemplazante de Carrascal en la CPE - Diario Textual\",\"isPartOf\":{\"@id\":\"https:\\\/\\\/diariotextual.com\\\/inicio\\\/#website\"},\"primaryImageOfPage\":{\"@id\":\"https:\\\/\\\/diariotextual.com\\\/inicio\\\/index.php\\\/2023\\\/10\\\/24\\\/manuel-simpson-suena-como-el-reemplazante-de-carrascal-en-la-cpe\\\/#primaryimage\"},\"image\":{\"@id\":\"https:\\\/\\\/diariotextual.com\\\/inicio\\\/index.php\\\/2023\\\/10\\\/24\\\/manuel-simpson-suena-como-el-reemplazante-de-carrascal-en-la-cpe\\\/#primaryimage\"},\"thumbnailUrl\":\"https:\\\/\\\/diariotextual.com\\\/inicio\\\/wp-content\\\/uploads\\\/2023\\\/09\\\/eleccionescpe2023-4.jpg\",\"datePublished\":\"2023-10-25T00:55:21+00:00\",\"dateModified\":\"2023-10-25T21:50:44+00:00\",\"breadcrumb\":{\"@id\":\"https:\\\/\\\/diariotextual.com\\\/inicio\\\/index.php\\\/2023\\\/10\\\/24\\\/manuel-simpson-suena-como-el-reemplazante-de-carrascal-en-la-cpe\\\/#breadcrumb\"},\"inLanguage\":\"es\",\"potentialAction\":[{\"@type\":\"ReadAction\",\"target\":[\"https:\\\/\\\/diariotextual.com\\\/inicio\\\/index.php\\\/2023\\\/10\\\/24\\\/manuel-simpson-suena-como-el-reemplazante-de-carrascal-en-la-cpe\\\/\"]}]},{\"@type\":\"ImageObject\",\"inLanguage\":\"es\",\"@id\":\"https:\\\/\\\/diariotextual.com\\\/inicio\\\/index.php\\\/2023\\\/10\\\/24\\\/manuel-simpson-suena-como-el-reemplazante-de-carrascal-en-la-cpe\\\/#primaryimage\",\"url\":\"https:\\\/\\\/diariotextual.com\\\/inicio\\\/wp-content\\\/uploads\\\/2023\\\/09\\\/eleccionescpe2023-4.jpg\",\"contentUrl\":\"https:\\\/\\\/diariotextual.com\\\/inicio\\\/wp-content\\\/uploads\\\/2023\\\/09\\\/eleccionescpe2023-4.jpg\",\"width\":1600,\"height\":900},{\"@type\":\"BreadcrumbList\",\"@id\":\"https:\\\/\\\/diariotextual.com\\\/inicio\\\/index.php\\\/2023\\\/10\\\/24\\\/manuel-simpson-suena-como-el-reemplazante-de-carrascal-en-la-cpe\\\/#breadcrumb\",\"itemListElement\":[{\"@type\":\"ListItem\",\"position\":1,\"name\":\"Portada\",\"item\":\"https:\\\/\\\/diariotextual.com\\\/inicio\\\/\"},{\"@type\":\"ListItem\",\"position\":2,\"name\":\"Manuel Simpson suena como el reemplazante de Carrascal en la CPE\"}]},{\"@type\":\"WebSite\",\"@id\":\"https:\\\/\\\/diariotextual.com\\\/inicio\\\/#website\",\"url\":\"https:\\\/\\\/diariotextual.com\\\/inicio\\\/\",\"name\":\"Diario Textual\",\"description\":\"\",\"publisher\":{\"@id\":\"https:\\\/\\\/diariotextual.com\\\/inicio\\\/#organization\"},\"potentialAction\":[{\"@type\":\"SearchAction\",\"target\":{\"@type\":\"EntryPoint\",\"urlTemplate\":\"https:\\\/\\\/diariotextual.com\\\/inicio\\\/?s={search_term_string}\"},\"query-input\":{\"@type\":\"PropertyValueSpecification\",\"valueRequired\":true,\"valueName\":\"search_term_string\"}}],\"inLanguage\":\"es\"},{\"@type\":\"Organization\",\"@id\":\"https:\\\/\\\/diariotextual.com\\\/inicio\\\/#organization\",\"name\":\"Diario Textual\",\"url\":\"https:\\\/\\\/diariotextual.com\\\/inicio\\\/\",\"logo\":{\"@type\":\"ImageObject\",\"inLanguage\":\"es\",\"@id\":\"https:\\\/\\\/diariotextual.com\\\/inicio\\\/#\\\/schema\\\/logo\\\/image\\\/\",\"url\":\"https:\\\/\\\/diariotextual.com\\\/inicio\\\/wp-content\\\/uploads\\\/2023\\\/05\\\/logotextual1.jpg\",\"contentUrl\":\"https:\\\/\\\/diariotextual.com\\\/inicio\\\/wp-content\\\/uploads\\\/2023\\\/05\\\/logotextual1.jpg\",\"width\":516,\"height\":76,\"caption\":\"Diario Textual\"},\"image\":{\"@id\":\"https:\\\/\\\/diariotextual.com\\\/inicio\\\/#\\\/schema\\\/logo\\\/image\\\/\"},\"sameAs\":[\"https:\\\/\\\/www.facebook.com\\\/eltextual\",\"https:\\\/\\\/x.com\\\/eltextual\",\"http:\\\/\\\/www.instagram.com\\\/eltextual\"]},{\"@type\":\"Person\",\"@id\":\"https:\\\/\\\/diariotextual.com\\\/inicio\\\/#\\\/schema\\\/person\\\/418fc4093c33e86ed41562db3508f958\",\"name\":\"Diario1 Diario1\",\"image\":{\"@type\":\"ImageObject\",\"inLanguage\":\"es\",\"@id\":\"https:\\\/\\\/secure.gravatar.com\\\/avatar\\\/9167d280179c85bc18be67aa7eda765854300033af4896dd779b608640f2ef7a?s=96&d=mm&r=g\",\"url\":\"https:\\\/\\\/secure.gravatar.com\\\/avatar\\\/9167d280179c85bc18be67aa7eda765854300033af4896dd779b608640f2ef7a?s=96&d=mm&r=g\",\"contentUrl\":\"https:\\\/\\\/secure.gravatar.com\\\/avatar\\\/9167d280179c85bc18be67aa7eda765854300033af4896dd779b608640f2ef7a?s=96&d=mm&r=g\",\"caption\":\"Diario1 Diario1\"},\"url\":\"https:\\\/\\\/diariotextual.com\\\/inicio\\\/index.php\\\/author\\\/diario1\\\/\"}]}<\/script>\n<!-- \/ Yoast SEO plugin. -->","yoast_head_json":{"title":"Manuel Simpson suena como el reemplazante de Carrascal en la CPE - Diario Textual","robots":{"index":"index","follow":"follow","max-snippet":"max-snippet:-1","max-image-preview":"max-image-preview:large","max-video-preview":"max-video-preview:-1"},"canonical":"https:\/\/diariotextual.com\/inicio\/index.php\/2023\/10\/24\/manuel-simpson-suena-como-el-reemplazante-de-carrascal-en-la-cpe\/","og_locale":"es_ES","og_type":"article","og_title":"Manuel Simpson suena como el reemplazante de Carrascal en la CPE - Diario Textual","og_description":"Manuel Simpson va a ser elegido presidente de la Cooperativa Popular de Electricidad el pr\u00f3ximo s\u00e1bado, en una asamblea. Esa, pudo saber Diario Textual, es al menos la intenci\u00f3n de&hellip;","og_url":"https:\/\/diariotextual.com\/inicio\/index.php\/2023\/10\/24\/manuel-simpson-suena-como-el-reemplazante-de-carrascal-en-la-cpe\/","og_site_name":"Diario Textual","article_publisher":"https:\/\/www.facebook.com\/eltextual","article_published_time":"2023-10-25T00:55:21+00:00","article_modified_time":"2023-10-25T21:50:44+00:00","og_image":[{"width":1600,"height":900,"url":"https:\/\/diariotextual.com\/inicio\/wp-content\/uploads\/2023\/09\/eleccionescpe2023-4.jpg","type":"image\/jpeg"}],"author":"Diario1 Diario1","twitter_card":"summary_large_image","twitter_creator":"@eltextual","twitter_site":"@eltextual","twitter_misc":{"Escrito por":"Diario1 Diario1","Tiempo de lectura":"2 minutos"},"schema":{"@context":"https:\/\/schema.org","@graph":[{"@type":"Article","@id":"https:\/\/diariotextual.com\/inicio\/index.php\/2023\/10\/24\/manuel-simpson-suena-como-el-reemplazante-de-carrascal-en-la-cpe\/#article","isPartOf":{"@id":"https:\/\/diariotextual.com\/inicio\/index.php\/2023\/10\/24\/manuel-simpson-suena-como-el-reemplazante-de-carrascal-en-la-cpe\/"},"author":{"name":"Diario1 Diario1","@id":"https:\/\/diariotextual.com\/inicio\/#\/schema\/person\/418fc4093c33e86ed41562db3508f958"},"headline":"Manuel Simpson suena como el reemplazante de Carrascal en la CPE","datePublished":"2023-10-25T00:55:21+00:00","dateModified":"2023-10-25T21:50:44+00:00","mainEntityOfPage":{"@id":"https:\/\/diariotextual.com\/inicio\/index.php\/2023\/10\/24\/manuel-simpson-suena-como-el-reemplazante-de-carrascal-en-la-cpe\/"},"wordCount":256,"publisher":{"@id":"https:\/\/diariotextual.com\/inicio\/#organization"},"image":{"@id":"https:\/\/diariotextual.com\/inicio\/index.php\/2023\/10\/24\/manuel-simpson-suena-como-el-reemplazante-de-carrascal-en-la-cpe\/#primaryimage"},"thumbnailUrl":"https:\/\/diariotextual.com\/inicio\/wp-content\/uploads\/2023\/09\/eleccionescpe2023-4.jpg","articleSection":["A - QUE PASA (al costado)","POLITICA"],"inLanguage":"es"},{"@type":"WebPage","@id":"https:\/\/diariotextual.com\/inicio\/index.php\/2023\/10\/24\/manuel-simpson-suena-como-el-reemplazante-de-carrascal-en-la-cpe\/","url":"https:\/\/diariotextual.com\/inicio\/index.php\/2023\/10\/24\/manuel-simpson-suena-como-el-reemplazante-de-carrascal-en-la-cpe\/","name":"Manuel Simpson suena como el reemplazante de Carrascal en la CPE - Diario Textual","isPartOf":{"@id":"https:\/\/diariotextual.com\/inicio\/#website"},"primaryImageOfPage":{"@id":"https:\/\/diariotextual.com\/inicio\/index.php\/2023\/10\/24\/manuel-simpson-suena-como-el-reemplazante-de-carrascal-en-la-cpe\/#primaryimage"},"image":{"@id":"https:\/\/diariotextual.com\/inicio\/index.php\/2023\/10\/24\/manuel-simpson-suena-como-el-reemplazante-de-carrascal-en-la-cpe\/#primaryimage"},"thumbnailUrl":"https:\/\/diariotextual.com\/inicio\/wp-content\/uploads\/2023\/09\/eleccionescpe2023-4.jpg","datePublished":"2023-10-25T00:55:21+00:00","dateModified":"2023-10-25T21:50:44+00:00","breadcrumb":{"@id":"https:\/\/diariotextual.com\/inicio\/index.php\/2023\/10\/24\/manuel-simpson-suena-como-el-reemplazante-de-carrascal-en-la-cpe\/#breadcrumb"},"inLanguage":"es","potentialAction":[{"@type":"ReadAction","target":["https:\/\/diariotextual.com\/inicio\/index.php\/2023\/10\/24\/manuel-simpson-suena-como-el-reemplazante-de-carrascal-en-la-cpe\/"]}]},{"@type":"ImageObject","inLanguage":"es","@id":"https:\/\/diariotextual.com\/inicio\/index.php\/2023\/10\/24\/manuel-simpson-suena-como-el-reemplazante-de-carrascal-en-la-cpe\/#primaryimage","url":"https:\/\/diariotextual.com\/inicio\/wp-content\/uploads\/2023\/09\/eleccionescpe2023-4.jpg","contentUrl":"https:\/\/diariotextual.com\/inicio\/wp-content\/uploads\/2023\/09\/eleccionescpe2023-4.jpg","width":1600,"height":900},{"@type":"BreadcrumbList","@id":"https:\/\/diariotextual.com\/inicio\/index.php\/2023\/10\/24\/manuel-simpson-suena-como-el-reemplazante-de-carrascal-en-la-cpe\/#breadcrumb","itemListElement":[{"@type":"ListItem","position":1,"name":"Portada","item":"https:\/\/diariotextual.com\/inicio\/"},{"@type":"ListItem","position":2,"name":"Manuel Simpson suena como el reemplazante de Carrascal en la CPE"}]},{"@type":"WebSite","@id":"https:\/\/diariotextual.com\/inicio\/#website","url":"https:\/\/diariotextual.com\/inicio\/","name":"Diario Textual","description":"","publisher":{"@id":"https:\/\/diariotextual.com\/inicio\/#organization"},"potentialAction":[{"@type":"SearchAction","target":{"@type":"EntryPoint","urlTemplate":"https:\/\/diariotextual.com\/inicio\/?s={search_term_string}"},"query-input":{"@type":"PropertyValueSpecification","valueRequired":true,"valueName":"search_term_string"}}],"inLanguage":"es"},{"@type":"Organization","@id":"https:\/\/diariotextual.com\/inicio\/#organization","name":"Diario Textual","url":"https:\/\/diariotextual.com\/inicio\/","logo":{"@type":"ImageObject","inLanguage":"es","@id":"https:\/\/diariotextual.com\/inicio\/#\/schema\/logo\/image\/","url":"https:\/\/diariotextual.com\/inicio\/wp-content\/uploads\/2023\/05\/logotextual1.jpg","contentUrl":"https:\/\/diariotextual.com\/inicio\/wp-content\/uploads\/2023\/05\/logotextual1.jpg","width":516,"height":76,"caption":"Diario Textual"},"image":{"@id":"https:\/\/diariotextual.com\/inicio\/#\/schema\/logo\/image\/"},"sameAs":["https:\/\/www.facebook.com\/eltextual","https:\/\/x.com\/eltextual","http:\/\/www.instagram.com\/eltextual"]},{"@type":"Person","@id":"https:\/\/diariotextual.com\/inicio\/#\/schema\/person\/418fc4093c33e86ed41562db3508f958","name":"Diario1 Diario1","image":{"@type":"ImageObject","inLanguage":"es","@id":"https:\/\/secure.gravatar.com\/avatar\/9167d280179c85bc18be67aa7eda765854300033af4896dd779b608640f2ef7a?s=96&d=mm&r=g","url":"https:\/\/secure.gravatar.com\/avatar\/9167d280179c85bc18be67aa7eda765854300033af4896dd779b608640f2ef7a?s=96&d=mm&r=g","contentUrl":"https:\/\/secure.gravatar.com\/avatar\/9167d280179c85bc18be67aa7eda765854300033af4896dd779b608640f2ef7a?s=96&d=mm&r=g","caption":"Diario1 Diario1"},"url":"https:\/\/diariotextual.com\/inicio\/index.php\/author\/diario1\/"}]}},"_links":{"self":[{"href":"https:\/\/diariotextual.com\/inicio\/index.php\/wp-json\/wp\/v2\/posts\/242117","targetHints":{"allow":["GET"]}}],"collection":[{"href":"https:\/\/diariotextual.com\/inicio\/index.php\/wp-json\/wp\/v2\/posts"}],"about":[{"href":"https:\/\/diariotextual.com\/inicio\/index.php\/wp-json\/wp\/v2\/types\/post"}],"author":[{"embeddable":true,"href":"https:\/\/diariotextual.com\/inicio\/index.php\/wp-json\/wp\/v2\/users\/3"}],"replies":[{"embeddable":true,"href":"https:\/\/diariotextual.com\/inicio\/index.php\/wp-json\/wp\/v2\/comments?post=242117"}],"version-history":[{"count":1,"href":"https:\/\/diariotextual.com\/inicio\/index.php\/wp-json\/wp\/v2\/posts\/242117\/revisions"}],"predecessor-version":[{"id":242118,"href":"https:\/\/diariotextual.com\/inicio\/index.php\/wp-json\/wp\/v2\/posts\/242117\/revisions\/242118"}],"wp:featuredmedia":[{"embeddable":true,"href":"https:\/\/diariotextual.com\/inicio\/index.php\/wp-json\/wp\/v2\/media\/238416"}],"wp:attachment":[{"href":"https:\/\/diariotextual.com\/inicio\/index.php\/wp-json\/wp\/v2\/media?parent=242117"}],"wp:term":[{"taxonomy":"category","embeddable":true,"href":"https:\/\/diariotextual.com\/inicio\/index.php\/wp-json\/wp\/v2\/categories?post=242117"},{"taxonomy":"post_tag","embeddable":true,"href":"https:\/\/diariotextual.com\/inicio\/index.php\/wp-json\/wp\/v2\/tags?post=242117"}],"curies":[{"name":"wp","href":"https:\/\/api.w.org\/{rel}","templated":true}]}}