{"id":242181,"date":"2023-10-25T10:21:52","date_gmt":"2023-10-25T13:21:52","guid":{"rendered":"https:\/\/diariotextual.com\/inicio\/?p=242181"},"modified":"2023-10-26T07:08:17","modified_gmt":"2023-10-26T10:08:17","slug":"gaggioli-intendente-radical-de-alta-italia-todos-sabemos-que-es-lo-mejor-para-la-pampa","status":"publish","type":"post","link":"https:\/\/diariotextual.com\/inicio\/index.php\/2023\/10\/25\/gaggioli-intendente-radical-de-alta-italia-todos-sabemos-que-es-lo-mejor-para-la-pampa\/","title":{"rendered":"Gaggioli, intendente radical de Alta Italia: \u201cTodos sabemos qu\u00e9 es lo mejor para La Pampa\u201d"},"content":{"rendered":"\n<p>El intendente de Alta Italia, <strong>Hern\u00e1n Gaggioli (UCR)<\/strong>, no dijo a qui\u00e9n votar\u00e1 en el balotaje del 19 de noviembre, pero dio indicios claros. <strong>\u201cTodos sabemos qu\u00e9 es lo mejor para La Pampa\u201d<\/strong>, manifest\u00f3. <strong>\u201cNeutral en esta no se puede ser, eso est\u00e1 clar\u00edsimo\u201d<\/strong>, agreg\u00f3.<\/p>\n\n\n\n<p>Gaggioli se excus\u00f3 de dar su opini\u00f3n de cara a la segunda vuelta porque, dijo, primero tiene que reunirse con los dirigentes locales para comunicarles su posici\u00f3n. Pero dio se\u00f1ales claras de hacia d\u00f3nde ir\u00e1 su apoyo en el balotaje.<\/p>\n\n\n\n<p>\u201cA nivel local no nos hemos reunido y primero tengo que hablar con los dirigentes locales. Todos sabemos qu\u00e9 es lo mejor para La Pampa\u201d, dijo. <\/p>\n\n\n\n<p><strong>-\u00bfQu\u00e9 opini\u00f3n tiene de Milei?<\/strong>&#8211; le consult\u00f3 Diario Textual.<\/p>\n\n\n\n<p>-Es incierto este chico&#8230; Lo otro (Massa) tambi\u00e9n tiene sus cuestiones, pero el gobierno provincial est\u00e1 del lado de ellos y eso nos da tranquilidad.<\/p>\n\n\n\n<p><strong>-\u00bfSe puede ser neutral en esta elecci\u00f3n?<\/strong><\/p>\n\n\n\n<p>-No, eso es clar\u00edsimo.<\/p>\n\n\n\n<p>Hasta el momento un intendente radical, <strong><a href=\"https:\/\/diariotextual.com\/inicio\/index.php\/2023\/10\/24\/kenny-apoyara-a-massa-la-propuesta-de-milei-no-esta-del-lado-de-la-gente\/\" target=\"_blank\" rel=\"noreferrer noopener\">Hugo Kenny, ya adelant\u00f3 su respaldo a Sergio Massa<\/a><\/strong>. Otros, en off de r\u00e9cord, reconocieron a Diario Textual que con el libertario van a sufrir cortes de obras p\u00fablicas.<\/p>\n\n\n\n<p>El martes \u00faltimo la conducci\u00f3n de la&nbsp;Uni\u00f3n C\u00edvica Radical (UCR)&nbsp;de La Pampa, tal como hab\u00eda adelantado&nbsp;Diario Textual,&nbsp;vot\u00f3 por dar&nbsp;<strong><a href=\"https:\/\/diariotextual.com\/inicio\/index.php\/2023\/10\/24\/sin-massa-y-sin-milei-la-ucr-pampeana-dio-libertad-de-accion\/\" target=\"_blank\" rel=\"noreferrer noopener\">\u201clibertad de acci\u00f3n\u201d<\/a><\/strong>&nbsp;a sus afiliados y simpatizantes para el balotaje del 19 de noviembre.<\/p>\n\n\n\n<p>En tanto, hoy <strong><a href=\"https:\/\/diariotextual.com\/inicio\/index.php\/2023\/10\/25\/el-pro-la-pampa-mas-cerca-de-milei-y-contra-el-kirchnerismo\/\" target=\"_blank\" rel=\"noreferrer noopener\">el diputado nacional electo del&nbsp;PRO La Pampa, Mart\u00edn Ardohain, dio su respaldo a Javier Milei <\/a><\/strong>en la segunda vuelta. \u201cEl lunes dije que iba a tomar un decisi\u00f3n, y no me iba a esconder. En noviembre voy a acompa\u00f1ar a&nbsp;Milei&nbsp;porque mi prioridad es y ser\u00e1 siempre, que el kirchnerismo deje de gobernar nuestro pa\u00eds\u201d, escribi\u00f3 Ardohain en X.<\/p>\n","protected":false},"excerpt":{"rendered":"<p>El intendente de Alta Italia, Hern\u00e1n Gaggioli (UCR), no dijo a qui\u00e9n votar\u00e1 en el balotaje del 19 de noviembre, pero dio indicios claros. \u201cTodos sabemos qu\u00e9 es lo mejor&hellip;<\/p>\n","protected":false},"author":7,"featured_media":242183,"comment_status":"closed","ping_status":"open","sticky":false,"template":"","format":"standard","meta":{"_acf_changed":false,"footnotes":""},"categories":[1,11,8],"tags":[],"class_list":["post-242181","post","type-post","status-publish","format-standard","has-post-thumbnail","hentry","category-es-noticia","category-que-pasa","category-politica"],"acf":[],"yoast_head":"<!-- This site is optimized with the Yoast SEO plugin v27.5 - https:\/\/yoast.com\/product\/yoast-seo-wordpress\/ -->\n<title>Gaggioli, intendente radical de Alta Italia: \u201cTodos sabemos qu\u00e9 es lo mejor para La Pampa\u201d - Diario Textual<\/title>\n<meta name=\"robots\" content=\"index, follow, max-snippet:-1, max-image-preview:large, max-video-preview:-1\" \/>\n<link rel=\"canonical\" href=\"https:\/\/diariotextual.com\/inicio\/index.php\/2023\/10\/25\/gaggioli-intendente-radical-de-alta-italia-todos-sabemos-que-es-lo-mejor-para-la-pampa\/\" \/>\n<meta property=\"og:locale\" content=\"es_ES\" \/>\n<meta property=\"og:type\" content=\"article\" \/>\n<meta property=\"og:title\" content=\"Gaggioli, intendente radical de Alta Italia: \u201cTodos sabemos qu\u00e9 es lo mejor para La Pampa\u201d - Diario Textual\" \/>\n<meta property=\"og:description\" content=\"El intendente de Alta Italia, Hern\u00e1n Gaggioli (UCR), no dijo a qui\u00e9n votar\u00e1 en el balotaje del 19 de noviembre, pero dio indicios claros. \u201cTodos sabemos qu\u00e9 es lo mejor&hellip;\" \/>\n<meta property=\"og:url\" content=\"https:\/\/diariotextual.com\/inicio\/index.php\/2023\/10\/25\/gaggioli-intendente-radical-de-alta-italia-todos-sabemos-que-es-lo-mejor-para-la-pampa\/\" \/>\n<meta property=\"og:site_name\" content=\"Diario Textual\" \/>\n<meta property=\"article:publisher\" content=\"https:\/\/www.facebook.com\/eltextual\" \/>\n<meta property=\"article:published_time\" content=\"2023-10-25T13:21:52+00:00\" \/>\n<meta property=\"article:modified_time\" content=\"2023-10-26T10:08:17+00:00\" \/>\n<meta property=\"og:image\" content=\"https:\/\/diariotextual.com\/inicio\/wp-content\/uploads\/2023\/10\/gaggiolihernan202344444.jpg\" \/>\n\t<meta property=\"og:image:width\" content=\"2048\" \/>\n\t<meta property=\"og:image:height\" content=\"1367\" \/>\n\t<meta property=\"og:image:type\" content=\"image\/jpeg\" \/>\n<meta name=\"author\" content=\"diario5\" \/>\n<meta name=\"twitter:card\" content=\"summary_large_image\" \/>\n<meta name=\"twitter:creator\" content=\"@eltextual\" \/>\n<meta name=\"twitter:site\" content=\"@eltextual\" \/>\n<meta name=\"twitter:label1\" content=\"Escrito por\" \/>\n\t<meta name=\"twitter:data1\" content=\"diario5\" \/>\n\t<meta name=\"twitter:label2\" content=\"Tiempo de lectura\" \/>\n\t<meta name=\"twitter:data2\" content=\"2 minutos\" \/>\n<script type=\"application\/ld+json\" class=\"yoast-schema-graph\">{\"@context\":\"https:\\\/\\\/schema.org\",\"@graph\":[{\"@type\":\"Article\",\"@id\":\"https:\\\/\\\/diariotextual.com\\\/inicio\\\/index.php\\\/2023\\\/10\\\/25\\\/gaggioli-intendente-radical-de-alta-italia-todos-sabemos-que-es-lo-mejor-para-la-pampa\\\/#article\",\"isPartOf\":{\"@id\":\"https:\\\/\\\/diariotextual.com\\\/inicio\\\/index.php\\\/2023\\\/10\\\/25\\\/gaggioli-intendente-radical-de-alta-italia-todos-sabemos-que-es-lo-mejor-para-la-pampa\\\/\"},\"author\":{\"name\":\"diario5\",\"@id\":\"https:\\\/\\\/diariotextual.com\\\/inicio\\\/#\\\/schema\\\/person\\\/c7834961ad8b29b1d9cdbf4571299067\"},\"headline\":\"Gaggioli, intendente radical de Alta Italia: \u201cTodos sabemos qu\u00e9 es lo mejor para La Pampa\u201d\",\"datePublished\":\"2023-10-25T13:21:52+00:00\",\"dateModified\":\"2023-10-26T10:08:17+00:00\",\"mainEntityOfPage\":{\"@id\":\"https:\\\/\\\/diariotextual.com\\\/inicio\\\/index.php\\\/2023\\\/10\\\/25\\\/gaggioli-intendente-radical-de-alta-italia-todos-sabemos-que-es-lo-mejor-para-la-pampa\\\/\"},\"wordCount\":340,\"publisher\":{\"@id\":\"https:\\\/\\\/diariotextual.com\\\/inicio\\\/#organization\"},\"image\":{\"@id\":\"https:\\\/\\\/diariotextual.com\\\/inicio\\\/index.php\\\/2023\\\/10\\\/25\\\/gaggioli-intendente-radical-de-alta-italia-todos-sabemos-que-es-lo-mejor-para-la-pampa\\\/#primaryimage\"},\"thumbnailUrl\":\"https:\\\/\\\/diariotextual.com\\\/inicio\\\/wp-content\\\/uploads\\\/2023\\\/10\\\/gaggiolihernan202344444.jpg\",\"articleSection\":[\"A - ES NOTICIA (van abajo)\",\"A - QUE PASA (al costado)\",\"POLITICA\"],\"inLanguage\":\"es\"},{\"@type\":\"WebPage\",\"@id\":\"https:\\\/\\\/diariotextual.com\\\/inicio\\\/index.php\\\/2023\\\/10\\\/25\\\/gaggioli-intendente-radical-de-alta-italia-todos-sabemos-que-es-lo-mejor-para-la-pampa\\\/\",\"url\":\"https:\\\/\\\/diariotextual.com\\\/inicio\\\/index.php\\\/2023\\\/10\\\/25\\\/gaggioli-intendente-radical-de-alta-italia-todos-sabemos-que-es-lo-mejor-para-la-pampa\\\/\",\"name\":\"Gaggioli, intendente radical de Alta Italia: \u201cTodos sabemos qu\u00e9 es lo mejor para La Pampa\u201d - Diario Textual\",\"isPartOf\":{\"@id\":\"https:\\\/\\\/diariotextual.com\\\/inicio\\\/#website\"},\"primaryImageOfPage\":{\"@id\":\"https:\\\/\\\/diariotextual.com\\\/inicio\\\/index.php\\\/2023\\\/10\\\/25\\\/gaggioli-intendente-radical-de-alta-italia-todos-sabemos-que-es-lo-mejor-para-la-pampa\\\/#primaryimage\"},\"image\":{\"@id\":\"https:\\\/\\\/diariotextual.com\\\/inicio\\\/index.php\\\/2023\\\/10\\\/25\\\/gaggioli-intendente-radical-de-alta-italia-todos-sabemos-que-es-lo-mejor-para-la-pampa\\\/#primaryimage\"},\"thumbnailUrl\":\"https:\\\/\\\/diariotextual.com\\\/inicio\\\/wp-content\\\/uploads\\\/2023\\\/10\\\/gaggiolihernan202344444.jpg\",\"datePublished\":\"2023-10-25T13:21:52+00:00\",\"dateModified\":\"2023-10-26T10:08:17+00:00\",\"breadcrumb\":{\"@id\":\"https:\\\/\\\/diariotextual.com\\\/inicio\\\/index.php\\\/2023\\\/10\\\/25\\\/gaggioli-intendente-radical-de-alta-italia-todos-sabemos-que-es-lo-mejor-para-la-pampa\\\/#breadcrumb\"},\"inLanguage\":\"es\",\"potentialAction\":[{\"@type\":\"ReadAction\",\"target\":[\"https:\\\/\\\/diariotextual.com\\\/inicio\\\/index.php\\\/2023\\\/10\\\/25\\\/gaggioli-intendente-radical-de-alta-italia-todos-sabemos-que-es-lo-mejor-para-la-pampa\\\/\"]}]},{\"@type\":\"ImageObject\",\"inLanguage\":\"es\",\"@id\":\"https:\\\/\\\/diariotextual.com\\\/inicio\\\/index.php\\\/2023\\\/10\\\/25\\\/gaggioli-intendente-radical-de-alta-italia-todos-sabemos-que-es-lo-mejor-para-la-pampa\\\/#primaryimage\",\"url\":\"https:\\\/\\\/diariotextual.com\\\/inicio\\\/wp-content\\\/uploads\\\/2023\\\/10\\\/gaggiolihernan202344444.jpg\",\"contentUrl\":\"https:\\\/\\\/diariotextual.com\\\/inicio\\\/wp-content\\\/uploads\\\/2023\\\/10\\\/gaggiolihernan202344444.jpg\",\"width\":2048,\"height\":1367},{\"@type\":\"BreadcrumbList\",\"@id\":\"https:\\\/\\\/diariotextual.com\\\/inicio\\\/index.php\\\/2023\\\/10\\\/25\\\/gaggioli-intendente-radical-de-alta-italia-todos-sabemos-que-es-lo-mejor-para-la-pampa\\\/#breadcrumb\",\"itemListElement\":[{\"@type\":\"ListItem\",\"position\":1,\"name\":\"Portada\",\"item\":\"https:\\\/\\\/diariotextual.com\\\/inicio\\\/\"},{\"@type\":\"ListItem\",\"position\":2,\"name\":\"Gaggioli, intendente radical de Alta Italia: \u201cTodos sabemos qu\u00e9 es lo mejor para La Pampa\u201d\"}]},{\"@type\":\"WebSite\",\"@id\":\"https:\\\/\\\/diariotextual.com\\\/inicio\\\/#website\",\"url\":\"https:\\\/\\\/diariotextual.com\\\/inicio\\\/\",\"name\":\"Diario Textual\",\"description\":\"\",\"publisher\":{\"@id\":\"https:\\\/\\\/diariotextual.com\\\/inicio\\\/#organization\"},\"potentialAction\":[{\"@type\":\"SearchAction\",\"target\":{\"@type\":\"EntryPoint\",\"urlTemplate\":\"https:\\\/\\\/diariotextual.com\\\/inicio\\\/?s={search_term_string}\"},\"query-input\":{\"@type\":\"PropertyValueSpecification\",\"valueRequired\":true,\"valueName\":\"search_term_string\"}}],\"inLanguage\":\"es\"},{\"@type\":\"Organization\",\"@id\":\"https:\\\/\\\/diariotextual.com\\\/inicio\\\/#organization\",\"name\":\"Diario Textual\",\"url\":\"https:\\\/\\\/diariotextual.com\\\/inicio\\\/\",\"logo\":{\"@type\":\"ImageObject\",\"inLanguage\":\"es\",\"@id\":\"https:\\\/\\\/diariotextual.com\\\/inicio\\\/#\\\/schema\\\/logo\\\/image\\\/\",\"url\":\"https:\\\/\\\/diariotextual.com\\\/inicio\\\/wp-content\\\/uploads\\\/2023\\\/05\\\/logotextual1.jpg\",\"contentUrl\":\"https:\\\/\\\/diariotextual.com\\\/inicio\\\/wp-content\\\/uploads\\\/2023\\\/05\\\/logotextual1.jpg\",\"width\":516,\"height\":76,\"caption\":\"Diario Textual\"},\"image\":{\"@id\":\"https:\\\/\\\/diariotextual.com\\\/inicio\\\/#\\\/schema\\\/logo\\\/image\\\/\"},\"sameAs\":[\"https:\\\/\\\/www.facebook.com\\\/eltextual\",\"https:\\\/\\\/x.com\\\/eltextual\",\"http:\\\/\\\/www.instagram.com\\\/eltextual\"]},{\"@type\":\"Person\",\"@id\":\"https:\\\/\\\/diariotextual.com\\\/inicio\\\/#\\\/schema\\\/person\\\/c7834961ad8b29b1d9cdbf4571299067\",\"name\":\"diario5\",\"image\":{\"@type\":\"ImageObject\",\"inLanguage\":\"es\",\"@id\":\"https:\\\/\\\/secure.gravatar.com\\\/avatar\\\/948c893b847ca6df68216ead81b63f363408ec9b0f600fefc0641ce78613b111?s=96&d=mm&r=g\",\"url\":\"https:\\\/\\\/secure.gravatar.com\\\/avatar\\\/948c893b847ca6df68216ead81b63f363408ec9b0f600fefc0641ce78613b111?s=96&d=mm&r=g\",\"contentUrl\":\"https:\\\/\\\/secure.gravatar.com\\\/avatar\\\/948c893b847ca6df68216ead81b63f363408ec9b0f600fefc0641ce78613b111?s=96&d=mm&r=g\",\"caption\":\"diario5\"},\"url\":\"https:\\\/\\\/diariotextual.com\\\/inicio\\\/index.php\\\/author\\\/diario5\\\/\"}]}<\/script>\n<!-- \/ Yoast SEO plugin. -->","yoast_head_json":{"title":"Gaggioli, intendente radical de Alta Italia: \u201cTodos sabemos qu\u00e9 es lo mejor para La Pampa\u201d - Diario Textual","robots":{"index":"index","follow":"follow","max-snippet":"max-snippet:-1","max-image-preview":"max-image-preview:large","max-video-preview":"max-video-preview:-1"},"canonical":"https:\/\/diariotextual.com\/inicio\/index.php\/2023\/10\/25\/gaggioli-intendente-radical-de-alta-italia-todos-sabemos-que-es-lo-mejor-para-la-pampa\/","og_locale":"es_ES","og_type":"article","og_title":"Gaggioli, intendente radical de Alta Italia: \u201cTodos sabemos qu\u00e9 es lo mejor para La Pampa\u201d - Diario Textual","og_description":"El intendente de Alta Italia, Hern\u00e1n Gaggioli (UCR), no dijo a qui\u00e9n votar\u00e1 en el balotaje del 19 de noviembre, pero dio indicios claros. \u201cTodos sabemos qu\u00e9 es lo mejor&hellip;","og_url":"https:\/\/diariotextual.com\/inicio\/index.php\/2023\/10\/25\/gaggioli-intendente-radical-de-alta-italia-todos-sabemos-que-es-lo-mejor-para-la-pampa\/","og_site_name":"Diario Textual","article_publisher":"https:\/\/www.facebook.com\/eltextual","article_published_time":"2023-10-25T13:21:52+00:00","article_modified_time":"2023-10-26T10:08:17+00:00","og_image":[{"width":2048,"height":1367,"url":"https:\/\/diariotextual.com\/inicio\/wp-content\/uploads\/2023\/10\/gaggiolihernan202344444.jpg","type":"image\/jpeg"}],"author":"diario5","twitter_card":"summary_large_image","twitter_creator":"@eltextual","twitter_site":"@eltextual","twitter_misc":{"Escrito por":"diario5","Tiempo de lectura":"2 minutos"},"schema":{"@context":"https:\/\/schema.org","@graph":[{"@type":"Article","@id":"https:\/\/diariotextual.com\/inicio\/index.php\/2023\/10\/25\/gaggioli-intendente-radical-de-alta-italia-todos-sabemos-que-es-lo-mejor-para-la-pampa\/#article","isPartOf":{"@id":"https:\/\/diariotextual.com\/inicio\/index.php\/2023\/10\/25\/gaggioli-intendente-radical-de-alta-italia-todos-sabemos-que-es-lo-mejor-para-la-pampa\/"},"author":{"name":"diario5","@id":"https:\/\/diariotextual.com\/inicio\/#\/schema\/person\/c7834961ad8b29b1d9cdbf4571299067"},"headline":"Gaggioli, intendente radical de Alta Italia: \u201cTodos sabemos qu\u00e9 es lo mejor para La Pampa\u201d","datePublished":"2023-10-25T13:21:52+00:00","dateModified":"2023-10-26T10:08:17+00:00","mainEntityOfPage":{"@id":"https:\/\/diariotextual.com\/inicio\/index.php\/2023\/10\/25\/gaggioli-intendente-radical-de-alta-italia-todos-sabemos-que-es-lo-mejor-para-la-pampa\/"},"wordCount":340,"publisher":{"@id":"https:\/\/diariotextual.com\/inicio\/#organization"},"image":{"@id":"https:\/\/diariotextual.com\/inicio\/index.php\/2023\/10\/25\/gaggioli-intendente-radical-de-alta-italia-todos-sabemos-que-es-lo-mejor-para-la-pampa\/#primaryimage"},"thumbnailUrl":"https:\/\/diariotextual.com\/inicio\/wp-content\/uploads\/2023\/10\/gaggiolihernan202344444.jpg","articleSection":["A - ES NOTICIA (van abajo)","A - QUE PASA (al costado)","POLITICA"],"inLanguage":"es"},{"@type":"WebPage","@id":"https:\/\/diariotextual.com\/inicio\/index.php\/2023\/10\/25\/gaggioli-intendente-radical-de-alta-italia-todos-sabemos-que-es-lo-mejor-para-la-pampa\/","url":"https:\/\/diariotextual.com\/inicio\/index.php\/2023\/10\/25\/gaggioli-intendente-radical-de-alta-italia-todos-sabemos-que-es-lo-mejor-para-la-pampa\/","name":"Gaggioli, intendente radical de Alta Italia: \u201cTodos sabemos qu\u00e9 es lo mejor para La Pampa\u201d - Diario Textual","isPartOf":{"@id":"https:\/\/diariotextual.com\/inicio\/#website"},"primaryImageOfPage":{"@id":"https:\/\/diariotextual.com\/inicio\/index.php\/2023\/10\/25\/gaggioli-intendente-radical-de-alta-italia-todos-sabemos-que-es-lo-mejor-para-la-pampa\/#primaryimage"},"image":{"@id":"https:\/\/diariotextual.com\/inicio\/index.php\/2023\/10\/25\/gaggioli-intendente-radical-de-alta-italia-todos-sabemos-que-es-lo-mejor-para-la-pampa\/#primaryimage"},"thumbnailUrl":"https:\/\/diariotextual.com\/inicio\/wp-content\/uploads\/2023\/10\/gaggiolihernan202344444.jpg","datePublished":"2023-10-25T13:21:52+00:00","dateModified":"2023-10-26T10:08:17+00:00","breadcrumb":{"@id":"https:\/\/diariotextual.com\/inicio\/index.php\/2023\/10\/25\/gaggioli-intendente-radical-de-alta-italia-todos-sabemos-que-es-lo-mejor-para-la-pampa\/#breadcrumb"},"inLanguage":"es","potentialAction":[{"@type":"ReadAction","target":["https:\/\/diariotextual.com\/inicio\/index.php\/2023\/10\/25\/gaggioli-intendente-radical-de-alta-italia-todos-sabemos-que-es-lo-mejor-para-la-pampa\/"]}]},{"@type":"ImageObject","inLanguage":"es","@id":"https:\/\/diariotextual.com\/inicio\/index.php\/2023\/10\/25\/gaggioli-intendente-radical-de-alta-italia-todos-sabemos-que-es-lo-mejor-para-la-pampa\/#primaryimage","url":"https:\/\/diariotextual.com\/inicio\/wp-content\/uploads\/2023\/10\/gaggiolihernan202344444.jpg","contentUrl":"https:\/\/diariotextual.com\/inicio\/wp-content\/uploads\/2023\/10\/gaggiolihernan202344444.jpg","width":2048,"height":1367},{"@type":"BreadcrumbList","@id":"https:\/\/diariotextual.com\/inicio\/index.php\/2023\/10\/25\/gaggioli-intendente-radical-de-alta-italia-todos-sabemos-que-es-lo-mejor-para-la-pampa\/#breadcrumb","itemListElement":[{"@type":"ListItem","position":1,"name":"Portada","item":"https:\/\/diariotextual.com\/inicio\/"},{"@type":"ListItem","position":2,"name":"Gaggioli, intendente radical de Alta Italia: \u201cTodos sabemos qu\u00e9 es lo mejor para La Pampa\u201d"}]},{"@type":"WebSite","@id":"https:\/\/diariotextual.com\/inicio\/#website","url":"https:\/\/diariotextual.com\/inicio\/","name":"Diario Textual","description":"","publisher":{"@id":"https:\/\/diariotextual.com\/inicio\/#organization"},"potentialAction":[{"@type":"SearchAction","target":{"@type":"EntryPoint","urlTemplate":"https:\/\/diariotextual.com\/inicio\/?s={search_term_string}"},"query-input":{"@type":"PropertyValueSpecification","valueRequired":true,"valueName":"search_term_string"}}],"inLanguage":"es"},{"@type":"Organization","@id":"https:\/\/diariotextual.com\/inicio\/#organization","name":"Diario Textual","url":"https:\/\/diariotextual.com\/inicio\/","logo":{"@type":"ImageObject","inLanguage":"es","@id":"https:\/\/diariotextual.com\/inicio\/#\/schema\/logo\/image\/","url":"https:\/\/diariotextual.com\/inicio\/wp-content\/uploads\/2023\/05\/logotextual1.jpg","contentUrl":"https:\/\/diariotextual.com\/inicio\/wp-content\/uploads\/2023\/05\/logotextual1.jpg","width":516,"height":76,"caption":"Diario Textual"},"image":{"@id":"https:\/\/diariotextual.com\/inicio\/#\/schema\/logo\/image\/"},"sameAs":["https:\/\/www.facebook.com\/eltextual","https:\/\/x.com\/eltextual","http:\/\/www.instagram.com\/eltextual"]},{"@type":"Person","@id":"https:\/\/diariotextual.com\/inicio\/#\/schema\/person\/c7834961ad8b29b1d9cdbf4571299067","name":"diario5","image":{"@type":"ImageObject","inLanguage":"es","@id":"https:\/\/secure.gravatar.com\/avatar\/948c893b847ca6df68216ead81b63f363408ec9b0f600fefc0641ce78613b111?s=96&d=mm&r=g","url":"https:\/\/secure.gravatar.com\/avatar\/948c893b847ca6df68216ead81b63f363408ec9b0f600fefc0641ce78613b111?s=96&d=mm&r=g","contentUrl":"https:\/\/secure.gravatar.com\/avatar\/948c893b847ca6df68216ead81b63f363408ec9b0f600fefc0641ce78613b111?s=96&d=mm&r=g","caption":"diario5"},"url":"https:\/\/diariotextual.com\/inicio\/index.php\/author\/diario5\/"}]}},"_links":{"self":[{"href":"https:\/\/diariotextual.com\/inicio\/index.php\/wp-json\/wp\/v2\/posts\/242181","targetHints":{"allow":["GET"]}}],"collection":[{"href":"https:\/\/diariotextual.com\/inicio\/index.php\/wp-json\/wp\/v2\/posts"}],"about":[{"href":"https:\/\/diariotextual.com\/inicio\/index.php\/wp-json\/wp\/v2\/types\/post"}],"author":[{"embeddable":true,"href":"https:\/\/diariotextual.com\/inicio\/index.php\/wp-json\/wp\/v2\/users\/7"}],"replies":[{"embeddable":true,"href":"https:\/\/diariotextual.com\/inicio\/index.php\/wp-json\/wp\/v2\/comments?post=242181"}],"version-history":[{"count":4,"href":"https:\/\/diariotextual.com\/inicio\/index.php\/wp-json\/wp\/v2\/posts\/242181\/revisions"}],"predecessor-version":[{"id":242188,"href":"https:\/\/diariotextual.com\/inicio\/index.php\/wp-json\/wp\/v2\/posts\/242181\/revisions\/242188"}],"wp:featuredmedia":[{"embeddable":true,"href":"https:\/\/diariotextual.com\/inicio\/index.php\/wp-json\/wp\/v2\/media\/242183"}],"wp:attachment":[{"href":"https:\/\/diariotextual.com\/inicio\/index.php\/wp-json\/wp\/v2\/media?parent=242181"}],"wp:term":[{"taxonomy":"category","embeddable":true,"href":"https:\/\/diariotextual.com\/inicio\/index.php\/wp-json\/wp\/v2\/categories?post=242181"},{"taxonomy":"post_tag","embeddable":true,"href":"https:\/\/diariotextual.com\/inicio\/index.php\/wp-json\/wp\/v2\/tags?post=242181"}],"curies":[{"name":"wp","href":"https:\/\/api.w.org\/{rel}","templated":true}]}}