{"id":242189,"date":"2023-10-25T10:44:38","date_gmt":"2023-10-25T13:44:38","guid":{"rendered":"https:\/\/diariotextual.com\/inicio\/?p=242189"},"modified":"2023-10-26T09:11:47","modified_gmt":"2023-10-26T12:11:47","slug":"ziliotto-luego-de-la-remontada-se-reune-con-massa-para-delinear-la-hoja-de-ruta-del-balotaje","status":"publish","type":"post","link":"https:\/\/diariotextual.com\/inicio\/index.php\/2023\/10\/25\/ziliotto-luego-de-la-remontada-se-reune-con-massa-para-delinear-la-hoja-de-ruta-del-balotaje\/","title":{"rendered":"Ziliotto, luego de la remontada, se re\u00fane con Massa para delinear la hoja de ruta del balotaje"},"content":{"rendered":"\n<p>En el marco del armado de la estrategia electoral de cara al balotaje, el candidato a presidente de Uni\u00f3n por la Patria, <strong>Sergio Massa<\/strong>, se reunir\u00e1 el jueves con el gobernador <strong>Sergio Ziliotto<\/strong> y otros mandatarios peronistas.<\/p>\n\n\n\n<p>Desde Casa de Gobierno confirmaron a<strong> Diario Textual <\/strong>que el gobernador pampeano, luego de las elecciones generales del domingo, donde el peronismo pampeano logr\u00f3 una<strong> remontada<\/strong>, estar\u00e1 presente en el encuentro que se desarrollar\u00e1 en el Consejo Federal de Inversiones (CFI), en la ciudad de Buenos Aires.<\/p>\n\n\n\n<figure class=\"wp-block-embed is-type-wp-embed is-provider-diario-textual wp-block-embed-diario-textual\"><div class=\"wp-block-embed__wrapper\">\n<blockquote class=\"wp-embedded-content\" data-secret=\"LuJrnBqwcA\"><a href=\"https:\/\/diariotextual.com\/inicio\/index.php\/2023\/10\/23\/cuando-ziliotto-aposto-por-massa-y-gano\/\">Cuando Ziliotto apost\u00f3 por Massa, y gan\u00f3<\/a><\/blockquote><iframe class=\"wp-embedded-content\" sandbox=\"allow-scripts\" security=\"restricted\" style=\"position: absolute; clip: rect(1px, 1px, 1px, 1px);\" title=\"\u00abCuando Ziliotto apost\u00f3 por Massa, y gan\u00f3\u00bb \u2014 Diario Textual\" src=\"https:\/\/diariotextual.com\/inicio\/index.php\/2023\/10\/23\/cuando-ziliotto-aposto-por-massa-y-gano\/embed\/#?secret=ZL3yc1Wt7L#?secret=LuJrnBqwcA\" data-secret=\"LuJrnBqwcA\" width=\"600\" height=\"338\" frameborder=\"0\" marginwidth=\"0\" marginheight=\"0\" scrolling=\"no\"><\/iframe>\n<\/div><\/figure>\n\n\n\n<p>La intenci\u00f3n es delinear la hoja de ruta para el balotaje, que se desarrollar\u00e1 el 19 de noviembre, contra el libertario Javier Milei.<\/p>\n\n\n\n<p>Se estima que all\u00ed los mandatarios provinciales rindan cuentas del trabajo en el territorio, al tiempo que se decida d\u00f3nde es necesario reforzar la campa\u00f1a y qu\u00e9 l\u00edneas discursivas bajar.<\/p>\n\n\n\n<p>Por lo pronto, como public\u00f3 Diario Textual luego de los comicios,<strong> Ziliotto se jug\u00f3 mucho en la elecci\u00f3n <\/strong>presidencial. De hecho, <strong>tambi\u00e9n su capital pol\u00edtico y electoral<\/strong>, como \u00e9l lo dijo el domingo a la noche, de cara a su segundo mandato al frente de la Provincia. Y<strong> el resultado lo termin\u00f3 dando como ganador<\/strong>. No solo porque meti\u00f3 a Sergio Massa en la segunda vuelta con una buena diferencia para afrontar la votaci\u00f3n del 19 de noviembre frente al libertario Javier Milei.<\/p>\n\n\n\n<p><br><strong>El mandatario pampeano fue uno de los contados gobernadores e intendentes del Conurbano que cuando se cerraron las listas de precandidatos presidenciales el 24 de junio pasado se plant\u00f3 para que no fuera encabezada por el kirchnerista Wado de Pedro y para que el designado fuera Massa.<\/strong><\/p>\n\n\n\n<p><br>A pesar de la debacle econ\u00f3mica y pol\u00edtica, para ese pu\u00f1ado de dirigentes en el que estaba Ziliotto, Massa era el postulante que le pod\u00eda dar una oportunidad al peronismo corri\u00e9ndose del kirchnerismo. Se comunic\u00f3 con el presidente Alberto Fern\u00e1ndez para cambiar la f\u00f3rmula y despu\u00e9s firm\u00f3 un comunicado con algunos de sus pares en favor de Massa.<\/p>\n\n\n\n<p>La designaci\u00f3n de Ariel Rauschenberger como el candidato a diputado nacional de la unidad acompa\u00f1ado en la boleta de intendentes peronistas fue otro paso en ese sentido.<\/p>\n\n\n\n<p><br>Hubo dirigentes de otros espacios que no estuvieron muy de acuerdo con ambas decisiones, ni con Massa en lo nacional, ni con Rauschenberger en lo provincial.<\/p>\n\n\n\n<p><br>Cuatro meses despu\u00e9s, el c\u00e1lculo no le fall\u00f3, a pesar del traspi\u00e9 de las PASO, a Ziliotto.<\/p>\n\n\n\n<p><\/p>\n\n\n\n<p>Ahora se viene el \u00faltimo partido, el definitorio. En palabras de Ziliotto, el que definir\u00e1 los pr\u00f3ximos cuatro a\u00f1os de La Pampa.<\/p>\n\n\n\n<p><\/p>\n\n\n\n<figure class=\"wp-block-embed is-type-wp-embed is-provider-diario-textual wp-block-embed-diario-textual\"><div class=\"wp-block-embed__wrapper\">\n<blockquote class=\"wp-embedded-content\" data-secret=\"PejduSWlGo\"><a href=\"https:\/\/diariotextual.com\/inicio\/index.php\/2023\/10\/23\/ziliotto-y-el-balotaje-ahora-viene-la-final\/\">Ziliotto llam\u00f3 a la UCR a votar a Massa: \u201cHay que defender La Pampa, no solo desde el peronismo\u201d<\/a><\/blockquote><iframe class=\"wp-embedded-content\" sandbox=\"allow-scripts\" security=\"restricted\" style=\"position: absolute; clip: rect(1px, 1px, 1px, 1px);\" title=\"\u00abZiliotto llam\u00f3 a la UCR a votar a Massa: \u201cHay que defender La Pampa, no solo desde el peronismo\u201d\u00bb \u2014 Diario Textual\" src=\"https:\/\/diariotextual.com\/inicio\/index.php\/2023\/10\/23\/ziliotto-y-el-balotaje-ahora-viene-la-final\/embed\/#?secret=qK6fe22coG#?secret=PejduSWlGo\" data-secret=\"PejduSWlGo\" width=\"600\" height=\"338\" frameborder=\"0\" marginwidth=\"0\" marginheight=\"0\" scrolling=\"no\"><\/iframe>\n<\/div><\/figure>\n\n\n\n<p><\/p>\n\n\n\n<p><\/p>\n","protected":false},"excerpt":{"rendered":"<p>En el marco del armado de la estrategia electoral de cara al balotaje, el candidato a presidente de Uni\u00f3n por la Patria, Sergio Massa, se reunir\u00e1 el jueves con el&hellip;<\/p>\n","protected":false},"author":3,"featured_media":197048,"comment_status":"closed","ping_status":"open","sticky":false,"template":"","format":"standard","meta":{"_acf_changed":false,"footnotes":""},"categories":[11,8],"tags":[],"class_list":["post-242189","post","type-post","status-publish","format-standard","has-post-thumbnail","hentry","category-que-pasa","category-politica"],"acf":[],"yoast_head":"<!-- This site is optimized with the Yoast SEO plugin v27.5 - https:\/\/yoast.com\/product\/yoast-seo-wordpress\/ -->\n<title>Ziliotto, luego de la remontada, se re\u00fane con Massa para delinear la hoja de ruta del balotaje - Diario Textual<\/title>\n<meta name=\"robots\" content=\"index, follow, max-snippet:-1, max-image-preview:large, max-video-preview:-1\" \/>\n<link rel=\"canonical\" href=\"https:\/\/diariotextual.com\/inicio\/index.php\/2023\/10\/25\/ziliotto-luego-de-la-remontada-se-reune-con-massa-para-delinear-la-hoja-de-ruta-del-balotaje\/\" \/>\n<meta property=\"og:locale\" content=\"es_ES\" \/>\n<meta property=\"og:type\" content=\"article\" \/>\n<meta property=\"og:title\" content=\"Ziliotto, luego de la remontada, se re\u00fane con Massa para delinear la hoja de ruta del balotaje - Diario Textual\" \/>\n<meta property=\"og:description\" content=\"En el marco del armado de la estrategia electoral de cara al balotaje, el candidato a presidente de Uni\u00f3n por la Patria, Sergio Massa, se reunir\u00e1 el jueves con el&hellip;\" \/>\n<meta property=\"og:url\" content=\"https:\/\/diariotextual.com\/inicio\/index.php\/2023\/10\/25\/ziliotto-luego-de-la-remontada-se-reune-con-massa-para-delinear-la-hoja-de-ruta-del-balotaje\/\" \/>\n<meta property=\"og:site_name\" content=\"Diario Textual\" \/>\n<meta property=\"article:publisher\" content=\"https:\/\/www.facebook.com\/eltextual\" \/>\n<meta property=\"article:published_time\" content=\"2023-10-25T13:44:38+00:00\" \/>\n<meta property=\"article:modified_time\" content=\"2023-10-26T12:11:47+00:00\" \/>\n<meta property=\"og:image\" content=\"https:\/\/diariotextual.com\/inicio\/wp-content\/uploads\/2022\/08\/ziliottosergiomassasergio2022-1.jpeg\" \/>\n\t<meta property=\"og:image:width\" content=\"1280\" \/>\n\t<meta property=\"og:image:height\" content=\"854\" \/>\n\t<meta property=\"og:image:type\" content=\"image\/jpeg\" \/>\n<meta name=\"author\" content=\"Diario1 Diario1\" \/>\n<meta name=\"twitter:card\" content=\"summary_large_image\" \/>\n<meta name=\"twitter:creator\" content=\"@eltextual\" \/>\n<meta name=\"twitter:site\" content=\"@eltextual\" \/>\n<meta name=\"twitter:label1\" content=\"Escrito por\" \/>\n\t<meta name=\"twitter:data1\" content=\"Diario1 Diario1\" \/>\n\t<meta name=\"twitter:label2\" content=\"Tiempo de lectura\" \/>\n\t<meta name=\"twitter:data2\" content=\"2 minutos\" \/>\n<script type=\"application\/ld+json\" class=\"yoast-schema-graph\">{\"@context\":\"https:\\\/\\\/schema.org\",\"@graph\":[{\"@type\":\"Article\",\"@id\":\"https:\\\/\\\/diariotextual.com\\\/inicio\\\/index.php\\\/2023\\\/10\\\/25\\\/ziliotto-luego-de-la-remontada-se-reune-con-massa-para-delinear-la-hoja-de-ruta-del-balotaje\\\/#article\",\"isPartOf\":{\"@id\":\"https:\\\/\\\/diariotextual.com\\\/inicio\\\/index.php\\\/2023\\\/10\\\/25\\\/ziliotto-luego-de-la-remontada-se-reune-con-massa-para-delinear-la-hoja-de-ruta-del-balotaje\\\/\"},\"author\":{\"name\":\"Diario1 Diario1\",\"@id\":\"https:\\\/\\\/diariotextual.com\\\/inicio\\\/#\\\/schema\\\/person\\\/418fc4093c33e86ed41562db3508f958\"},\"headline\":\"Ziliotto, luego de la remontada, se re\u00fane con Massa para delinear la hoja de ruta del balotaje\",\"datePublished\":\"2023-10-25T13:44:38+00:00\",\"dateModified\":\"2023-10-26T12:11:47+00:00\",\"mainEntityOfPage\":{\"@id\":\"https:\\\/\\\/diariotextual.com\\\/inicio\\\/index.php\\\/2023\\\/10\\\/25\\\/ziliotto-luego-de-la-remontada-se-reune-con-massa-para-delinear-la-hoja-de-ruta-del-balotaje\\\/\"},\"wordCount\":469,\"publisher\":{\"@id\":\"https:\\\/\\\/diariotextual.com\\\/inicio\\\/#organization\"},\"image\":{\"@id\":\"https:\\\/\\\/diariotextual.com\\\/inicio\\\/index.php\\\/2023\\\/10\\\/25\\\/ziliotto-luego-de-la-remontada-se-reune-con-massa-para-delinear-la-hoja-de-ruta-del-balotaje\\\/#primaryimage\"},\"thumbnailUrl\":\"https:\\\/\\\/diariotextual.com\\\/inicio\\\/wp-content\\\/uploads\\\/2022\\\/08\\\/ziliottosergiomassasergio2022-1.jpeg\",\"articleSection\":[\"A - QUE PASA (al costado)\",\"POLITICA\"],\"inLanguage\":\"es\"},{\"@type\":\"WebPage\",\"@id\":\"https:\\\/\\\/diariotextual.com\\\/inicio\\\/index.php\\\/2023\\\/10\\\/25\\\/ziliotto-luego-de-la-remontada-se-reune-con-massa-para-delinear-la-hoja-de-ruta-del-balotaje\\\/\",\"url\":\"https:\\\/\\\/diariotextual.com\\\/inicio\\\/index.php\\\/2023\\\/10\\\/25\\\/ziliotto-luego-de-la-remontada-se-reune-con-massa-para-delinear-la-hoja-de-ruta-del-balotaje\\\/\",\"name\":\"Ziliotto, luego de la remontada, se re\u00fane con Massa para delinear la hoja de ruta del balotaje - Diario Textual\",\"isPartOf\":{\"@id\":\"https:\\\/\\\/diariotextual.com\\\/inicio\\\/#website\"},\"primaryImageOfPage\":{\"@id\":\"https:\\\/\\\/diariotextual.com\\\/inicio\\\/index.php\\\/2023\\\/10\\\/25\\\/ziliotto-luego-de-la-remontada-se-reune-con-massa-para-delinear-la-hoja-de-ruta-del-balotaje\\\/#primaryimage\"},\"image\":{\"@id\":\"https:\\\/\\\/diariotextual.com\\\/inicio\\\/index.php\\\/2023\\\/10\\\/25\\\/ziliotto-luego-de-la-remontada-se-reune-con-massa-para-delinear-la-hoja-de-ruta-del-balotaje\\\/#primaryimage\"},\"thumbnailUrl\":\"https:\\\/\\\/diariotextual.com\\\/inicio\\\/wp-content\\\/uploads\\\/2022\\\/08\\\/ziliottosergiomassasergio2022-1.jpeg\",\"datePublished\":\"2023-10-25T13:44:38+00:00\",\"dateModified\":\"2023-10-26T12:11:47+00:00\",\"breadcrumb\":{\"@id\":\"https:\\\/\\\/diariotextual.com\\\/inicio\\\/index.php\\\/2023\\\/10\\\/25\\\/ziliotto-luego-de-la-remontada-se-reune-con-massa-para-delinear-la-hoja-de-ruta-del-balotaje\\\/#breadcrumb\"},\"inLanguage\":\"es\",\"potentialAction\":[{\"@type\":\"ReadAction\",\"target\":[\"https:\\\/\\\/diariotextual.com\\\/inicio\\\/index.php\\\/2023\\\/10\\\/25\\\/ziliotto-luego-de-la-remontada-se-reune-con-massa-para-delinear-la-hoja-de-ruta-del-balotaje\\\/\"]}]},{\"@type\":\"ImageObject\",\"inLanguage\":\"es\",\"@id\":\"https:\\\/\\\/diariotextual.com\\\/inicio\\\/index.php\\\/2023\\\/10\\\/25\\\/ziliotto-luego-de-la-remontada-se-reune-con-massa-para-delinear-la-hoja-de-ruta-del-balotaje\\\/#primaryimage\",\"url\":\"https:\\\/\\\/diariotextual.com\\\/inicio\\\/wp-content\\\/uploads\\\/2022\\\/08\\\/ziliottosergiomassasergio2022-1.jpeg\",\"contentUrl\":\"https:\\\/\\\/diariotextual.com\\\/inicio\\\/wp-content\\\/uploads\\\/2022\\\/08\\\/ziliottosergiomassasergio2022-1.jpeg\",\"width\":1280,\"height\":854},{\"@type\":\"BreadcrumbList\",\"@id\":\"https:\\\/\\\/diariotextual.com\\\/inicio\\\/index.php\\\/2023\\\/10\\\/25\\\/ziliotto-luego-de-la-remontada-se-reune-con-massa-para-delinear-la-hoja-de-ruta-del-balotaje\\\/#breadcrumb\",\"itemListElement\":[{\"@type\":\"ListItem\",\"position\":1,\"name\":\"Portada\",\"item\":\"https:\\\/\\\/diariotextual.com\\\/inicio\\\/\"},{\"@type\":\"ListItem\",\"position\":2,\"name\":\"Ziliotto, luego de la remontada, se re\u00fane con Massa para delinear la hoja de ruta del balotaje\"}]},{\"@type\":\"WebSite\",\"@id\":\"https:\\\/\\\/diariotextual.com\\\/inicio\\\/#website\",\"url\":\"https:\\\/\\\/diariotextual.com\\\/inicio\\\/\",\"name\":\"Diario Textual\",\"description\":\"\",\"publisher\":{\"@id\":\"https:\\\/\\\/diariotextual.com\\\/inicio\\\/#organization\"},\"potentialAction\":[{\"@type\":\"SearchAction\",\"target\":{\"@type\":\"EntryPoint\",\"urlTemplate\":\"https:\\\/\\\/diariotextual.com\\\/inicio\\\/?s={search_term_string}\"},\"query-input\":{\"@type\":\"PropertyValueSpecification\",\"valueRequired\":true,\"valueName\":\"search_term_string\"}}],\"inLanguage\":\"es\"},{\"@type\":\"Organization\",\"@id\":\"https:\\\/\\\/diariotextual.com\\\/inicio\\\/#organization\",\"name\":\"Diario Textual\",\"url\":\"https:\\\/\\\/diariotextual.com\\\/inicio\\\/\",\"logo\":{\"@type\":\"ImageObject\",\"inLanguage\":\"es\",\"@id\":\"https:\\\/\\\/diariotextual.com\\\/inicio\\\/#\\\/schema\\\/logo\\\/image\\\/\",\"url\":\"https:\\\/\\\/diariotextual.com\\\/inicio\\\/wp-content\\\/uploads\\\/2023\\\/05\\\/logotextual1.jpg\",\"contentUrl\":\"https:\\\/\\\/diariotextual.com\\\/inicio\\\/wp-content\\\/uploads\\\/2023\\\/05\\\/logotextual1.jpg\",\"width\":516,\"height\":76,\"caption\":\"Diario Textual\"},\"image\":{\"@id\":\"https:\\\/\\\/diariotextual.com\\\/inicio\\\/#\\\/schema\\\/logo\\\/image\\\/\"},\"sameAs\":[\"https:\\\/\\\/www.facebook.com\\\/eltextual\",\"https:\\\/\\\/x.com\\\/eltextual\",\"http:\\\/\\\/www.instagram.com\\\/eltextual\"]},{\"@type\":\"Person\",\"@id\":\"https:\\\/\\\/diariotextual.com\\\/inicio\\\/#\\\/schema\\\/person\\\/418fc4093c33e86ed41562db3508f958\",\"name\":\"Diario1 Diario1\",\"image\":{\"@type\":\"ImageObject\",\"inLanguage\":\"es\",\"@id\":\"https:\\\/\\\/secure.gravatar.com\\\/avatar\\\/9167d280179c85bc18be67aa7eda765854300033af4896dd779b608640f2ef7a?s=96&d=mm&r=g\",\"url\":\"https:\\\/\\\/secure.gravatar.com\\\/avatar\\\/9167d280179c85bc18be67aa7eda765854300033af4896dd779b608640f2ef7a?s=96&d=mm&r=g\",\"contentUrl\":\"https:\\\/\\\/secure.gravatar.com\\\/avatar\\\/9167d280179c85bc18be67aa7eda765854300033af4896dd779b608640f2ef7a?s=96&d=mm&r=g\",\"caption\":\"Diario1 Diario1\"},\"url\":\"https:\\\/\\\/diariotextual.com\\\/inicio\\\/index.php\\\/author\\\/diario1\\\/\"}]}<\/script>\n<!-- \/ Yoast SEO plugin. -->","yoast_head_json":{"title":"Ziliotto, luego de la remontada, se re\u00fane con Massa para delinear la hoja de ruta del balotaje - Diario Textual","robots":{"index":"index","follow":"follow","max-snippet":"max-snippet:-1","max-image-preview":"max-image-preview:large","max-video-preview":"max-video-preview:-1"},"canonical":"https:\/\/diariotextual.com\/inicio\/index.php\/2023\/10\/25\/ziliotto-luego-de-la-remontada-se-reune-con-massa-para-delinear-la-hoja-de-ruta-del-balotaje\/","og_locale":"es_ES","og_type":"article","og_title":"Ziliotto, luego de la remontada, se re\u00fane con Massa para delinear la hoja de ruta del balotaje - Diario Textual","og_description":"En el marco del armado de la estrategia electoral de cara al balotaje, el candidato a presidente de Uni\u00f3n por la Patria, Sergio Massa, se reunir\u00e1 el jueves con el&hellip;","og_url":"https:\/\/diariotextual.com\/inicio\/index.php\/2023\/10\/25\/ziliotto-luego-de-la-remontada-se-reune-con-massa-para-delinear-la-hoja-de-ruta-del-balotaje\/","og_site_name":"Diario Textual","article_publisher":"https:\/\/www.facebook.com\/eltextual","article_published_time":"2023-10-25T13:44:38+00:00","article_modified_time":"2023-10-26T12:11:47+00:00","og_image":[{"width":1280,"height":854,"url":"https:\/\/diariotextual.com\/inicio\/wp-content\/uploads\/2022\/08\/ziliottosergiomassasergio2022-1.jpeg","type":"image\/jpeg"}],"author":"Diario1 Diario1","twitter_card":"summary_large_image","twitter_creator":"@eltextual","twitter_site":"@eltextual","twitter_misc":{"Escrito por":"Diario1 Diario1","Tiempo de lectura":"2 minutos"},"schema":{"@context":"https:\/\/schema.org","@graph":[{"@type":"Article","@id":"https:\/\/diariotextual.com\/inicio\/index.php\/2023\/10\/25\/ziliotto-luego-de-la-remontada-se-reune-con-massa-para-delinear-la-hoja-de-ruta-del-balotaje\/#article","isPartOf":{"@id":"https:\/\/diariotextual.com\/inicio\/index.php\/2023\/10\/25\/ziliotto-luego-de-la-remontada-se-reune-con-massa-para-delinear-la-hoja-de-ruta-del-balotaje\/"},"author":{"name":"Diario1 Diario1","@id":"https:\/\/diariotextual.com\/inicio\/#\/schema\/person\/418fc4093c33e86ed41562db3508f958"},"headline":"Ziliotto, luego de la remontada, se re\u00fane con Massa para delinear la hoja de ruta del balotaje","datePublished":"2023-10-25T13:44:38+00:00","dateModified":"2023-10-26T12:11:47+00:00","mainEntityOfPage":{"@id":"https:\/\/diariotextual.com\/inicio\/index.php\/2023\/10\/25\/ziliotto-luego-de-la-remontada-se-reune-con-massa-para-delinear-la-hoja-de-ruta-del-balotaje\/"},"wordCount":469,"publisher":{"@id":"https:\/\/diariotextual.com\/inicio\/#organization"},"image":{"@id":"https:\/\/diariotextual.com\/inicio\/index.php\/2023\/10\/25\/ziliotto-luego-de-la-remontada-se-reune-con-massa-para-delinear-la-hoja-de-ruta-del-balotaje\/#primaryimage"},"thumbnailUrl":"https:\/\/diariotextual.com\/inicio\/wp-content\/uploads\/2022\/08\/ziliottosergiomassasergio2022-1.jpeg","articleSection":["A - QUE PASA (al costado)","POLITICA"],"inLanguage":"es"},{"@type":"WebPage","@id":"https:\/\/diariotextual.com\/inicio\/index.php\/2023\/10\/25\/ziliotto-luego-de-la-remontada-se-reune-con-massa-para-delinear-la-hoja-de-ruta-del-balotaje\/","url":"https:\/\/diariotextual.com\/inicio\/index.php\/2023\/10\/25\/ziliotto-luego-de-la-remontada-se-reune-con-massa-para-delinear-la-hoja-de-ruta-del-balotaje\/","name":"Ziliotto, luego de la remontada, se re\u00fane con Massa para delinear la hoja de ruta del balotaje - Diario Textual","isPartOf":{"@id":"https:\/\/diariotextual.com\/inicio\/#website"},"primaryImageOfPage":{"@id":"https:\/\/diariotextual.com\/inicio\/index.php\/2023\/10\/25\/ziliotto-luego-de-la-remontada-se-reune-con-massa-para-delinear-la-hoja-de-ruta-del-balotaje\/#primaryimage"},"image":{"@id":"https:\/\/diariotextual.com\/inicio\/index.php\/2023\/10\/25\/ziliotto-luego-de-la-remontada-se-reune-con-massa-para-delinear-la-hoja-de-ruta-del-balotaje\/#primaryimage"},"thumbnailUrl":"https:\/\/diariotextual.com\/inicio\/wp-content\/uploads\/2022\/08\/ziliottosergiomassasergio2022-1.jpeg","datePublished":"2023-10-25T13:44:38+00:00","dateModified":"2023-10-26T12:11:47+00:00","breadcrumb":{"@id":"https:\/\/diariotextual.com\/inicio\/index.php\/2023\/10\/25\/ziliotto-luego-de-la-remontada-se-reune-con-massa-para-delinear-la-hoja-de-ruta-del-balotaje\/#breadcrumb"},"inLanguage":"es","potentialAction":[{"@type":"ReadAction","target":["https:\/\/diariotextual.com\/inicio\/index.php\/2023\/10\/25\/ziliotto-luego-de-la-remontada-se-reune-con-massa-para-delinear-la-hoja-de-ruta-del-balotaje\/"]}]},{"@type":"ImageObject","inLanguage":"es","@id":"https:\/\/diariotextual.com\/inicio\/index.php\/2023\/10\/25\/ziliotto-luego-de-la-remontada-se-reune-con-massa-para-delinear-la-hoja-de-ruta-del-balotaje\/#primaryimage","url":"https:\/\/diariotextual.com\/inicio\/wp-content\/uploads\/2022\/08\/ziliottosergiomassasergio2022-1.jpeg","contentUrl":"https:\/\/diariotextual.com\/inicio\/wp-content\/uploads\/2022\/08\/ziliottosergiomassasergio2022-1.jpeg","width":1280,"height":854},{"@type":"BreadcrumbList","@id":"https:\/\/diariotextual.com\/inicio\/index.php\/2023\/10\/25\/ziliotto-luego-de-la-remontada-se-reune-con-massa-para-delinear-la-hoja-de-ruta-del-balotaje\/#breadcrumb","itemListElement":[{"@type":"ListItem","position":1,"name":"Portada","item":"https:\/\/diariotextual.com\/inicio\/"},{"@type":"ListItem","position":2,"name":"Ziliotto, luego de la remontada, se re\u00fane con Massa para delinear la hoja de ruta del balotaje"}]},{"@type":"WebSite","@id":"https:\/\/diariotextual.com\/inicio\/#website","url":"https:\/\/diariotextual.com\/inicio\/","name":"Diario Textual","description":"","publisher":{"@id":"https:\/\/diariotextual.com\/inicio\/#organization"},"potentialAction":[{"@type":"SearchAction","target":{"@type":"EntryPoint","urlTemplate":"https:\/\/diariotextual.com\/inicio\/?s={search_term_string}"},"query-input":{"@type":"PropertyValueSpecification","valueRequired":true,"valueName":"search_term_string"}}],"inLanguage":"es"},{"@type":"Organization","@id":"https:\/\/diariotextual.com\/inicio\/#organization","name":"Diario Textual","url":"https:\/\/diariotextual.com\/inicio\/","logo":{"@type":"ImageObject","inLanguage":"es","@id":"https:\/\/diariotextual.com\/inicio\/#\/schema\/logo\/image\/","url":"https:\/\/diariotextual.com\/inicio\/wp-content\/uploads\/2023\/05\/logotextual1.jpg","contentUrl":"https:\/\/diariotextual.com\/inicio\/wp-content\/uploads\/2023\/05\/logotextual1.jpg","width":516,"height":76,"caption":"Diario Textual"},"image":{"@id":"https:\/\/diariotextual.com\/inicio\/#\/schema\/logo\/image\/"},"sameAs":["https:\/\/www.facebook.com\/eltextual","https:\/\/x.com\/eltextual","http:\/\/www.instagram.com\/eltextual"]},{"@type":"Person","@id":"https:\/\/diariotextual.com\/inicio\/#\/schema\/person\/418fc4093c33e86ed41562db3508f958","name":"Diario1 Diario1","image":{"@type":"ImageObject","inLanguage":"es","@id":"https:\/\/secure.gravatar.com\/avatar\/9167d280179c85bc18be67aa7eda765854300033af4896dd779b608640f2ef7a?s=96&d=mm&r=g","url":"https:\/\/secure.gravatar.com\/avatar\/9167d280179c85bc18be67aa7eda765854300033af4896dd779b608640f2ef7a?s=96&d=mm&r=g","contentUrl":"https:\/\/secure.gravatar.com\/avatar\/9167d280179c85bc18be67aa7eda765854300033af4896dd779b608640f2ef7a?s=96&d=mm&r=g","caption":"Diario1 Diario1"},"url":"https:\/\/diariotextual.com\/inicio\/index.php\/author\/diario1\/"}]}},"_links":{"self":[{"href":"https:\/\/diariotextual.com\/inicio\/index.php\/wp-json\/wp\/v2\/posts\/242189","targetHints":{"allow":["GET"]}}],"collection":[{"href":"https:\/\/diariotextual.com\/inicio\/index.php\/wp-json\/wp\/v2\/posts"}],"about":[{"href":"https:\/\/diariotextual.com\/inicio\/index.php\/wp-json\/wp\/v2\/types\/post"}],"author":[{"embeddable":true,"href":"https:\/\/diariotextual.com\/inicio\/index.php\/wp-json\/wp\/v2\/users\/3"}],"replies":[{"embeddable":true,"href":"https:\/\/diariotextual.com\/inicio\/index.php\/wp-json\/wp\/v2\/comments?post=242189"}],"version-history":[{"count":4,"href":"https:\/\/diariotextual.com\/inicio\/index.php\/wp-json\/wp\/v2\/posts\/242189\/revisions"}],"predecessor-version":[{"id":242193,"href":"https:\/\/diariotextual.com\/inicio\/index.php\/wp-json\/wp\/v2\/posts\/242189\/revisions\/242193"}],"wp:featuredmedia":[{"embeddable":true,"href":"https:\/\/diariotextual.com\/inicio\/index.php\/wp-json\/wp\/v2\/media\/197048"}],"wp:attachment":[{"href":"https:\/\/diariotextual.com\/inicio\/index.php\/wp-json\/wp\/v2\/media?parent=242189"}],"wp:term":[{"taxonomy":"category","embeddable":true,"href":"https:\/\/diariotextual.com\/inicio\/index.php\/wp-json\/wp\/v2\/categories?post=242189"},{"taxonomy":"post_tag","embeddable":true,"href":"https:\/\/diariotextual.com\/inicio\/index.php\/wp-json\/wp\/v2\/tags?post=242189"}],"curies":[{"name":"wp","href":"https:\/\/api.w.org\/{rel}","templated":true}]}}