{"id":242315,"date":"2023-10-26T15:57:51","date_gmt":"2023-10-26T18:57:51","guid":{"rendered":"https:\/\/diariotextual.com\/inicio\/?p=242315"},"modified":"2023-10-27T15:55:07","modified_gmt":"2023-10-27T18:55:07","slug":"balotaje-massa-se-reunio-con-ziliotto-y-otros-gobernadores-para-disenar-su-estrategia-de-campana","status":"publish","type":"post","link":"https:\/\/diariotextual.com\/inicio\/index.php\/2023\/10\/26\/balotaje-massa-se-reunio-con-ziliotto-y-otros-gobernadores-para-disenar-su-estrategia-de-campana\/","title":{"rendered":"Balotaje: Ziliotto, vocero de la reuni\u00f3n de Massa con los gobernadores"},"content":{"rendered":"\n<p><strong>Sergio Massa<\/strong> se reuni\u00f3 pasado el mediod\u00eda de este mi\u00e9rcoles con gobernadores oficialistas, entre ellos <strong>Sergio Ziliotto<\/strong>, claves en la remontada del ministro-candidato entre las primarias de agosto pasado y las generales del este domingo. <\/p>\n\n\n\n<p>El encuentro se desarroll\u00f3 en la sede del Consejo Federal de Inversiones (CFI), en el centro porte\u00f1o. Sergio Ziliotto fue uno de los voceros junto a Alberto Weretilneck (R\u00edo Negro), la vice Alejandra Rodenas (Santa Fe) y Ricardo Quintela (La Rioja). <strong>\u201cEl llamado de unidad est\u00e1 para absolutamente todos y todas los argentinos que piensan y comparten la Rep\u00fablica Argentina que proponemos y so\u00f1amos\u201d<\/strong>, sostuvo Ziliotto.<\/p>\n\n\n\n<figure class=\"wp-block-image size-large\"><img fetchpriority=\"high\" decoding=\"async\" width=\"1024\" height=\"576\" src=\"https:\/\/diariotextual.com\/inicio\/wp-content\/uploads\/2023\/10\/ziliottosergiogobernadorescfi2023-0987-1024x576.jpg\" alt=\"\" class=\"wp-image-242323\" srcset=\"https:\/\/diariotextual.com\/inicio\/wp-content\/uploads\/2023\/10\/ziliottosergiogobernadorescfi2023-0987-1024x576.jpg 1024w, https:\/\/diariotextual.com\/inicio\/wp-content\/uploads\/2023\/10\/ziliottosergiogobernadorescfi2023-0987-300x169.jpg 300w, https:\/\/diariotextual.com\/inicio\/wp-content\/uploads\/2023\/10\/ziliottosergiogobernadorescfi2023-0987-768x432.jpg 768w, https:\/\/diariotextual.com\/inicio\/wp-content\/uploads\/2023\/10\/ziliottosergiogobernadorescfi2023-0987-1170x658.jpg 1170w, https:\/\/diariotextual.com\/inicio\/wp-content\/uploads\/2023\/10\/ziliottosergiogobernadorescfi2023-0987-585x329.jpg 585w, https:\/\/diariotextual.com\/inicio\/wp-content\/uploads\/2023\/10\/ziliottosergiogobernadorescfi2023-0987.jpg 1200w\" sizes=\"(max-width: 1024px) 100vw, 1024px\" \/><\/figure>\n\n\n\n<p><\/p>\n\n\n\n<p><\/p>\n\n\n\n<p>\u201cSomos representantes de 18 provincias que coincidimos en que el proyecto pol\u00edtico que encarnan Sergio Massa y Agust\u00edn Rossi. Nosotros creemos conveniente para transformar definitivamente la Rep\u00fablica Argentina que esa sea la f\u00f3rmula ganadora en el balotaje\u201d, dijo. \u201cEstamos muy convencidos que el proyecto pol\u00edtico que encarnamos con Sergio Massa a la cabeza es el que definitivamente nos va a permitir no solo consolidar una Argentina con los argentinos\/as est\u00e9n dentro, sino tambi\u00e9n en ese marco podamos integrarnos al mundo en una posici\u00f3n muy favorable a partir de este nuevo escenario geopol\u00edtico internacional\u201d, agreg\u00f3 Ziliotto.<\/p>\n\n\n\n<p>El encuentro fue pensado como una se\u00f1al de respaldo a Massa y con el eje puesto en la unidad y orden de la campa\u00f1a para la nueva etapa rumbo al balotaje en el que el tigrense enfrentar\u00e1 al libertario Javier Milei.<\/p>\n\n\n\n<p>En su victoria de este domingo, Massa creci\u00f3 a nivel general, pero espec\u00edficamente logr\u00f3 dar vuelta lo sucedido en las PASO en ocho provincias: Tierra del Fuego, Santa Cruz, R\u00edo Negro, La Pampa, La Rioja, Tucum\u00e1n, Entre R\u00edos y Corrientes, en lo que se le asigna un gran m\u00e9rito de los mandatarios provinciales. Adem\u00e1s, obviamente, de la provincia de Buenos Aires.<\/p>\n\n\n\n<p><\/p>\n","protected":false},"excerpt":{"rendered":"<p>Sergio Massa se reuni\u00f3 pasado el mediod\u00eda de este mi\u00e9rcoles con gobernadores oficialistas, entre ellos Sergio Ziliotto, claves en la remontada del ministro-candidato entre las primarias de agosto pasado y&hellip;<\/p>\n","protected":false},"author":3,"featured_media":242318,"comment_status":"closed","ping_status":"open","sticky":false,"template":"","format":"standard","meta":{"_acf_changed":false,"footnotes":""},"categories":[11,8],"tags":[],"class_list":["post-242315","post","type-post","status-publish","format-standard","has-post-thumbnail","hentry","category-que-pasa","category-politica"],"acf":[],"yoast_head":"<!-- This site is optimized with the Yoast SEO plugin v27.5 - https:\/\/yoast.com\/product\/yoast-seo-wordpress\/ -->\n<title>Balotaje: Ziliotto, vocero de la reuni\u00f3n de Massa con los gobernadores - Diario Textual<\/title>\n<meta name=\"robots\" content=\"index, follow, max-snippet:-1, max-image-preview:large, max-video-preview:-1\" \/>\n<link rel=\"canonical\" href=\"https:\/\/diariotextual.com\/inicio\/index.php\/2023\/10\/26\/balotaje-massa-se-reunio-con-ziliotto-y-otros-gobernadores-para-disenar-su-estrategia-de-campana\/\" \/>\n<meta property=\"og:locale\" content=\"es_ES\" \/>\n<meta property=\"og:type\" content=\"article\" \/>\n<meta property=\"og:title\" content=\"Balotaje: Ziliotto, vocero de la reuni\u00f3n de Massa con los gobernadores - Diario Textual\" \/>\n<meta property=\"og:description\" content=\"Sergio Massa se reuni\u00f3 pasado el mediod\u00eda de este mi\u00e9rcoles con gobernadores oficialistas, entre ellos Sergio Ziliotto, claves en la remontada del ministro-candidato entre las primarias de agosto pasado y&hellip;\" \/>\n<meta property=\"og:url\" content=\"https:\/\/diariotextual.com\/inicio\/index.php\/2023\/10\/26\/balotaje-massa-se-reunio-con-ziliotto-y-otros-gobernadores-para-disenar-su-estrategia-de-campana\/\" \/>\n<meta property=\"og:site_name\" content=\"Diario Textual\" \/>\n<meta property=\"article:publisher\" content=\"https:\/\/www.facebook.com\/eltextual\" \/>\n<meta property=\"article:published_time\" content=\"2023-10-26T18:57:51+00:00\" \/>\n<meta property=\"article:modified_time\" content=\"2023-10-27T18:55:07+00:00\" \/>\n<meta property=\"og:image\" content=\"https:\/\/diariotextual.com\/inicio\/wp-content\/uploads\/2023\/10\/massasergiogobernadoresziliotto2023-10.jpg\" \/>\n\t<meta property=\"og:image:width\" content=\"1600\" \/>\n\t<meta property=\"og:image:height\" content=\"712\" \/>\n\t<meta property=\"og:image:type\" content=\"image\/jpeg\" \/>\n<meta name=\"author\" content=\"Diario1 Diario1\" \/>\n<meta name=\"twitter:card\" content=\"summary_large_image\" \/>\n<meta name=\"twitter:creator\" content=\"@eltextual\" \/>\n<meta name=\"twitter:site\" content=\"@eltextual\" \/>\n<meta name=\"twitter:label1\" content=\"Escrito por\" \/>\n\t<meta name=\"twitter:data1\" content=\"Diario1 Diario1\" \/>\n\t<meta name=\"twitter:label2\" content=\"Tiempo de lectura\" \/>\n\t<meta name=\"twitter:data2\" content=\"2 minutos\" \/>\n<script type=\"application\/ld+json\" class=\"yoast-schema-graph\">{\"@context\":\"https:\\\/\\\/schema.org\",\"@graph\":[{\"@type\":\"Article\",\"@id\":\"https:\\\/\\\/diariotextual.com\\\/inicio\\\/index.php\\\/2023\\\/10\\\/26\\\/balotaje-massa-se-reunio-con-ziliotto-y-otros-gobernadores-para-disenar-su-estrategia-de-campana\\\/#article\",\"isPartOf\":{\"@id\":\"https:\\\/\\\/diariotextual.com\\\/inicio\\\/index.php\\\/2023\\\/10\\\/26\\\/balotaje-massa-se-reunio-con-ziliotto-y-otros-gobernadores-para-disenar-su-estrategia-de-campana\\\/\"},\"author\":{\"name\":\"Diario1 Diario1\",\"@id\":\"https:\\\/\\\/diariotextual.com\\\/inicio\\\/#\\\/schema\\\/person\\\/418fc4093c33e86ed41562db3508f958\"},\"headline\":\"Balotaje: Ziliotto, vocero de la reuni\u00f3n de Massa con los gobernadores\",\"datePublished\":\"2023-10-26T18:57:51+00:00\",\"dateModified\":\"2023-10-27T18:55:07+00:00\",\"mainEntityOfPage\":{\"@id\":\"https:\\\/\\\/diariotextual.com\\\/inicio\\\/index.php\\\/2023\\\/10\\\/26\\\/balotaje-massa-se-reunio-con-ziliotto-y-otros-gobernadores-para-disenar-su-estrategia-de-campana\\\/\"},\"wordCount\":333,\"publisher\":{\"@id\":\"https:\\\/\\\/diariotextual.com\\\/inicio\\\/#organization\"},\"image\":{\"@id\":\"https:\\\/\\\/diariotextual.com\\\/inicio\\\/index.php\\\/2023\\\/10\\\/26\\\/balotaje-massa-se-reunio-con-ziliotto-y-otros-gobernadores-para-disenar-su-estrategia-de-campana\\\/#primaryimage\"},\"thumbnailUrl\":\"https:\\\/\\\/diariotextual.com\\\/inicio\\\/wp-content\\\/uploads\\\/2023\\\/10\\\/massasergiogobernadoresziliotto2023-10.jpg\",\"articleSection\":[\"A - QUE PASA (al costado)\",\"POLITICA\"],\"inLanguage\":\"es\"},{\"@type\":\"WebPage\",\"@id\":\"https:\\\/\\\/diariotextual.com\\\/inicio\\\/index.php\\\/2023\\\/10\\\/26\\\/balotaje-massa-se-reunio-con-ziliotto-y-otros-gobernadores-para-disenar-su-estrategia-de-campana\\\/\",\"url\":\"https:\\\/\\\/diariotextual.com\\\/inicio\\\/index.php\\\/2023\\\/10\\\/26\\\/balotaje-massa-se-reunio-con-ziliotto-y-otros-gobernadores-para-disenar-su-estrategia-de-campana\\\/\",\"name\":\"Balotaje: Ziliotto, vocero de la reuni\u00f3n de Massa con los gobernadores - Diario Textual\",\"isPartOf\":{\"@id\":\"https:\\\/\\\/diariotextual.com\\\/inicio\\\/#website\"},\"primaryImageOfPage\":{\"@id\":\"https:\\\/\\\/diariotextual.com\\\/inicio\\\/index.php\\\/2023\\\/10\\\/26\\\/balotaje-massa-se-reunio-con-ziliotto-y-otros-gobernadores-para-disenar-su-estrategia-de-campana\\\/#primaryimage\"},\"image\":{\"@id\":\"https:\\\/\\\/diariotextual.com\\\/inicio\\\/index.php\\\/2023\\\/10\\\/26\\\/balotaje-massa-se-reunio-con-ziliotto-y-otros-gobernadores-para-disenar-su-estrategia-de-campana\\\/#primaryimage\"},\"thumbnailUrl\":\"https:\\\/\\\/diariotextual.com\\\/inicio\\\/wp-content\\\/uploads\\\/2023\\\/10\\\/massasergiogobernadoresziliotto2023-10.jpg\",\"datePublished\":\"2023-10-26T18:57:51+00:00\",\"dateModified\":\"2023-10-27T18:55:07+00:00\",\"breadcrumb\":{\"@id\":\"https:\\\/\\\/diariotextual.com\\\/inicio\\\/index.php\\\/2023\\\/10\\\/26\\\/balotaje-massa-se-reunio-con-ziliotto-y-otros-gobernadores-para-disenar-su-estrategia-de-campana\\\/#breadcrumb\"},\"inLanguage\":\"es\",\"potentialAction\":[{\"@type\":\"ReadAction\",\"target\":[\"https:\\\/\\\/diariotextual.com\\\/inicio\\\/index.php\\\/2023\\\/10\\\/26\\\/balotaje-massa-se-reunio-con-ziliotto-y-otros-gobernadores-para-disenar-su-estrategia-de-campana\\\/\"]}]},{\"@type\":\"ImageObject\",\"inLanguage\":\"es\",\"@id\":\"https:\\\/\\\/diariotextual.com\\\/inicio\\\/index.php\\\/2023\\\/10\\\/26\\\/balotaje-massa-se-reunio-con-ziliotto-y-otros-gobernadores-para-disenar-su-estrategia-de-campana\\\/#primaryimage\",\"url\":\"https:\\\/\\\/diariotextual.com\\\/inicio\\\/wp-content\\\/uploads\\\/2023\\\/10\\\/massasergiogobernadoresziliotto2023-10.jpg\",\"contentUrl\":\"https:\\\/\\\/diariotextual.com\\\/inicio\\\/wp-content\\\/uploads\\\/2023\\\/10\\\/massasergiogobernadoresziliotto2023-10.jpg\",\"width\":1600,\"height\":712},{\"@type\":\"BreadcrumbList\",\"@id\":\"https:\\\/\\\/diariotextual.com\\\/inicio\\\/index.php\\\/2023\\\/10\\\/26\\\/balotaje-massa-se-reunio-con-ziliotto-y-otros-gobernadores-para-disenar-su-estrategia-de-campana\\\/#breadcrumb\",\"itemListElement\":[{\"@type\":\"ListItem\",\"position\":1,\"name\":\"Portada\",\"item\":\"https:\\\/\\\/diariotextual.com\\\/inicio\\\/\"},{\"@type\":\"ListItem\",\"position\":2,\"name\":\"Balotaje: Ziliotto, vocero de la reuni\u00f3n de Massa con los gobernadores\"}]},{\"@type\":\"WebSite\",\"@id\":\"https:\\\/\\\/diariotextual.com\\\/inicio\\\/#website\",\"url\":\"https:\\\/\\\/diariotextual.com\\\/inicio\\\/\",\"name\":\"Diario Textual\",\"description\":\"\",\"publisher\":{\"@id\":\"https:\\\/\\\/diariotextual.com\\\/inicio\\\/#organization\"},\"potentialAction\":[{\"@type\":\"SearchAction\",\"target\":{\"@type\":\"EntryPoint\",\"urlTemplate\":\"https:\\\/\\\/diariotextual.com\\\/inicio\\\/?s={search_term_string}\"},\"query-input\":{\"@type\":\"PropertyValueSpecification\",\"valueRequired\":true,\"valueName\":\"search_term_string\"}}],\"inLanguage\":\"es\"},{\"@type\":\"Organization\",\"@id\":\"https:\\\/\\\/diariotextual.com\\\/inicio\\\/#organization\",\"name\":\"Diario Textual\",\"url\":\"https:\\\/\\\/diariotextual.com\\\/inicio\\\/\",\"logo\":{\"@type\":\"ImageObject\",\"inLanguage\":\"es\",\"@id\":\"https:\\\/\\\/diariotextual.com\\\/inicio\\\/#\\\/schema\\\/logo\\\/image\\\/\",\"url\":\"https:\\\/\\\/diariotextual.com\\\/inicio\\\/wp-content\\\/uploads\\\/2023\\\/05\\\/logotextual1.jpg\",\"contentUrl\":\"https:\\\/\\\/diariotextual.com\\\/inicio\\\/wp-content\\\/uploads\\\/2023\\\/05\\\/logotextual1.jpg\",\"width\":516,\"height\":76,\"caption\":\"Diario Textual\"},\"image\":{\"@id\":\"https:\\\/\\\/diariotextual.com\\\/inicio\\\/#\\\/schema\\\/logo\\\/image\\\/\"},\"sameAs\":[\"https:\\\/\\\/www.facebook.com\\\/eltextual\",\"https:\\\/\\\/x.com\\\/eltextual\",\"http:\\\/\\\/www.instagram.com\\\/eltextual\"]},{\"@type\":\"Person\",\"@id\":\"https:\\\/\\\/diariotextual.com\\\/inicio\\\/#\\\/schema\\\/person\\\/418fc4093c33e86ed41562db3508f958\",\"name\":\"Diario1 Diario1\",\"image\":{\"@type\":\"ImageObject\",\"inLanguage\":\"es\",\"@id\":\"https:\\\/\\\/secure.gravatar.com\\\/avatar\\\/9167d280179c85bc18be67aa7eda765854300033af4896dd779b608640f2ef7a?s=96&d=mm&r=g\",\"url\":\"https:\\\/\\\/secure.gravatar.com\\\/avatar\\\/9167d280179c85bc18be67aa7eda765854300033af4896dd779b608640f2ef7a?s=96&d=mm&r=g\",\"contentUrl\":\"https:\\\/\\\/secure.gravatar.com\\\/avatar\\\/9167d280179c85bc18be67aa7eda765854300033af4896dd779b608640f2ef7a?s=96&d=mm&r=g\",\"caption\":\"Diario1 Diario1\"},\"url\":\"https:\\\/\\\/diariotextual.com\\\/inicio\\\/index.php\\\/author\\\/diario1\\\/\"}]}<\/script>\n<!-- \/ Yoast SEO plugin. -->","yoast_head_json":{"title":"Balotaje: Ziliotto, vocero de la reuni\u00f3n de Massa con los gobernadores - Diario Textual","robots":{"index":"index","follow":"follow","max-snippet":"max-snippet:-1","max-image-preview":"max-image-preview:large","max-video-preview":"max-video-preview:-1"},"canonical":"https:\/\/diariotextual.com\/inicio\/index.php\/2023\/10\/26\/balotaje-massa-se-reunio-con-ziliotto-y-otros-gobernadores-para-disenar-su-estrategia-de-campana\/","og_locale":"es_ES","og_type":"article","og_title":"Balotaje: Ziliotto, vocero de la reuni\u00f3n de Massa con los gobernadores - Diario Textual","og_description":"Sergio Massa se reuni\u00f3 pasado el mediod\u00eda de este mi\u00e9rcoles con gobernadores oficialistas, entre ellos Sergio Ziliotto, claves en la remontada del ministro-candidato entre las primarias de agosto pasado y&hellip;","og_url":"https:\/\/diariotextual.com\/inicio\/index.php\/2023\/10\/26\/balotaje-massa-se-reunio-con-ziliotto-y-otros-gobernadores-para-disenar-su-estrategia-de-campana\/","og_site_name":"Diario Textual","article_publisher":"https:\/\/www.facebook.com\/eltextual","article_published_time":"2023-10-26T18:57:51+00:00","article_modified_time":"2023-10-27T18:55:07+00:00","og_image":[{"width":1600,"height":712,"url":"https:\/\/diariotextual.com\/inicio\/wp-content\/uploads\/2023\/10\/massasergiogobernadoresziliotto2023-10.jpg","type":"image\/jpeg"}],"author":"Diario1 Diario1","twitter_card":"summary_large_image","twitter_creator":"@eltextual","twitter_site":"@eltextual","twitter_misc":{"Escrito por":"Diario1 Diario1","Tiempo de lectura":"2 minutos"},"schema":{"@context":"https:\/\/schema.org","@graph":[{"@type":"Article","@id":"https:\/\/diariotextual.com\/inicio\/index.php\/2023\/10\/26\/balotaje-massa-se-reunio-con-ziliotto-y-otros-gobernadores-para-disenar-su-estrategia-de-campana\/#article","isPartOf":{"@id":"https:\/\/diariotextual.com\/inicio\/index.php\/2023\/10\/26\/balotaje-massa-se-reunio-con-ziliotto-y-otros-gobernadores-para-disenar-su-estrategia-de-campana\/"},"author":{"name":"Diario1 Diario1","@id":"https:\/\/diariotextual.com\/inicio\/#\/schema\/person\/418fc4093c33e86ed41562db3508f958"},"headline":"Balotaje: Ziliotto, vocero de la reuni\u00f3n de Massa con los gobernadores","datePublished":"2023-10-26T18:57:51+00:00","dateModified":"2023-10-27T18:55:07+00:00","mainEntityOfPage":{"@id":"https:\/\/diariotextual.com\/inicio\/index.php\/2023\/10\/26\/balotaje-massa-se-reunio-con-ziliotto-y-otros-gobernadores-para-disenar-su-estrategia-de-campana\/"},"wordCount":333,"publisher":{"@id":"https:\/\/diariotextual.com\/inicio\/#organization"},"image":{"@id":"https:\/\/diariotextual.com\/inicio\/index.php\/2023\/10\/26\/balotaje-massa-se-reunio-con-ziliotto-y-otros-gobernadores-para-disenar-su-estrategia-de-campana\/#primaryimage"},"thumbnailUrl":"https:\/\/diariotextual.com\/inicio\/wp-content\/uploads\/2023\/10\/massasergiogobernadoresziliotto2023-10.jpg","articleSection":["A - QUE PASA (al costado)","POLITICA"],"inLanguage":"es"},{"@type":"WebPage","@id":"https:\/\/diariotextual.com\/inicio\/index.php\/2023\/10\/26\/balotaje-massa-se-reunio-con-ziliotto-y-otros-gobernadores-para-disenar-su-estrategia-de-campana\/","url":"https:\/\/diariotextual.com\/inicio\/index.php\/2023\/10\/26\/balotaje-massa-se-reunio-con-ziliotto-y-otros-gobernadores-para-disenar-su-estrategia-de-campana\/","name":"Balotaje: Ziliotto, vocero de la reuni\u00f3n de Massa con los gobernadores - Diario Textual","isPartOf":{"@id":"https:\/\/diariotextual.com\/inicio\/#website"},"primaryImageOfPage":{"@id":"https:\/\/diariotextual.com\/inicio\/index.php\/2023\/10\/26\/balotaje-massa-se-reunio-con-ziliotto-y-otros-gobernadores-para-disenar-su-estrategia-de-campana\/#primaryimage"},"image":{"@id":"https:\/\/diariotextual.com\/inicio\/index.php\/2023\/10\/26\/balotaje-massa-se-reunio-con-ziliotto-y-otros-gobernadores-para-disenar-su-estrategia-de-campana\/#primaryimage"},"thumbnailUrl":"https:\/\/diariotextual.com\/inicio\/wp-content\/uploads\/2023\/10\/massasergiogobernadoresziliotto2023-10.jpg","datePublished":"2023-10-26T18:57:51+00:00","dateModified":"2023-10-27T18:55:07+00:00","breadcrumb":{"@id":"https:\/\/diariotextual.com\/inicio\/index.php\/2023\/10\/26\/balotaje-massa-se-reunio-con-ziliotto-y-otros-gobernadores-para-disenar-su-estrategia-de-campana\/#breadcrumb"},"inLanguage":"es","potentialAction":[{"@type":"ReadAction","target":["https:\/\/diariotextual.com\/inicio\/index.php\/2023\/10\/26\/balotaje-massa-se-reunio-con-ziliotto-y-otros-gobernadores-para-disenar-su-estrategia-de-campana\/"]}]},{"@type":"ImageObject","inLanguage":"es","@id":"https:\/\/diariotextual.com\/inicio\/index.php\/2023\/10\/26\/balotaje-massa-se-reunio-con-ziliotto-y-otros-gobernadores-para-disenar-su-estrategia-de-campana\/#primaryimage","url":"https:\/\/diariotextual.com\/inicio\/wp-content\/uploads\/2023\/10\/massasergiogobernadoresziliotto2023-10.jpg","contentUrl":"https:\/\/diariotextual.com\/inicio\/wp-content\/uploads\/2023\/10\/massasergiogobernadoresziliotto2023-10.jpg","width":1600,"height":712},{"@type":"BreadcrumbList","@id":"https:\/\/diariotextual.com\/inicio\/index.php\/2023\/10\/26\/balotaje-massa-se-reunio-con-ziliotto-y-otros-gobernadores-para-disenar-su-estrategia-de-campana\/#breadcrumb","itemListElement":[{"@type":"ListItem","position":1,"name":"Portada","item":"https:\/\/diariotextual.com\/inicio\/"},{"@type":"ListItem","position":2,"name":"Balotaje: Ziliotto, vocero de la reuni\u00f3n de Massa con los gobernadores"}]},{"@type":"WebSite","@id":"https:\/\/diariotextual.com\/inicio\/#website","url":"https:\/\/diariotextual.com\/inicio\/","name":"Diario Textual","description":"","publisher":{"@id":"https:\/\/diariotextual.com\/inicio\/#organization"},"potentialAction":[{"@type":"SearchAction","target":{"@type":"EntryPoint","urlTemplate":"https:\/\/diariotextual.com\/inicio\/?s={search_term_string}"},"query-input":{"@type":"PropertyValueSpecification","valueRequired":true,"valueName":"search_term_string"}}],"inLanguage":"es"},{"@type":"Organization","@id":"https:\/\/diariotextual.com\/inicio\/#organization","name":"Diario Textual","url":"https:\/\/diariotextual.com\/inicio\/","logo":{"@type":"ImageObject","inLanguage":"es","@id":"https:\/\/diariotextual.com\/inicio\/#\/schema\/logo\/image\/","url":"https:\/\/diariotextual.com\/inicio\/wp-content\/uploads\/2023\/05\/logotextual1.jpg","contentUrl":"https:\/\/diariotextual.com\/inicio\/wp-content\/uploads\/2023\/05\/logotextual1.jpg","width":516,"height":76,"caption":"Diario Textual"},"image":{"@id":"https:\/\/diariotextual.com\/inicio\/#\/schema\/logo\/image\/"},"sameAs":["https:\/\/www.facebook.com\/eltextual","https:\/\/x.com\/eltextual","http:\/\/www.instagram.com\/eltextual"]},{"@type":"Person","@id":"https:\/\/diariotextual.com\/inicio\/#\/schema\/person\/418fc4093c33e86ed41562db3508f958","name":"Diario1 Diario1","image":{"@type":"ImageObject","inLanguage":"es","@id":"https:\/\/secure.gravatar.com\/avatar\/9167d280179c85bc18be67aa7eda765854300033af4896dd779b608640f2ef7a?s=96&d=mm&r=g","url":"https:\/\/secure.gravatar.com\/avatar\/9167d280179c85bc18be67aa7eda765854300033af4896dd779b608640f2ef7a?s=96&d=mm&r=g","contentUrl":"https:\/\/secure.gravatar.com\/avatar\/9167d280179c85bc18be67aa7eda765854300033af4896dd779b608640f2ef7a?s=96&d=mm&r=g","caption":"Diario1 Diario1"},"url":"https:\/\/diariotextual.com\/inicio\/index.php\/author\/diario1\/"}]}},"_links":{"self":[{"href":"https:\/\/diariotextual.com\/inicio\/index.php\/wp-json\/wp\/v2\/posts\/242315","targetHints":{"allow":["GET"]}}],"collection":[{"href":"https:\/\/diariotextual.com\/inicio\/index.php\/wp-json\/wp\/v2\/posts"}],"about":[{"href":"https:\/\/diariotextual.com\/inicio\/index.php\/wp-json\/wp\/v2\/types\/post"}],"author":[{"embeddable":true,"href":"https:\/\/diariotextual.com\/inicio\/index.php\/wp-json\/wp\/v2\/users\/3"}],"replies":[{"embeddable":true,"href":"https:\/\/diariotextual.com\/inicio\/index.php\/wp-json\/wp\/v2\/comments?post=242315"}],"version-history":[{"count":5,"href":"https:\/\/diariotextual.com\/inicio\/index.php\/wp-json\/wp\/v2\/posts\/242315\/revisions"}],"predecessor-version":[{"id":242324,"href":"https:\/\/diariotextual.com\/inicio\/index.php\/wp-json\/wp\/v2\/posts\/242315\/revisions\/242324"}],"wp:featuredmedia":[{"embeddable":true,"href":"https:\/\/diariotextual.com\/inicio\/index.php\/wp-json\/wp\/v2\/media\/242318"}],"wp:attachment":[{"href":"https:\/\/diariotextual.com\/inicio\/index.php\/wp-json\/wp\/v2\/media?parent=242315"}],"wp:term":[{"taxonomy":"category","embeddable":true,"href":"https:\/\/diariotextual.com\/inicio\/index.php\/wp-json\/wp\/v2\/categories?post=242315"},{"taxonomy":"post_tag","embeddable":true,"href":"https:\/\/diariotextual.com\/inicio\/index.php\/wp-json\/wp\/v2\/tags?post=242315"}],"curies":[{"name":"wp","href":"https:\/\/api.w.org\/{rel}","templated":true}]}}