{"id":242536,"date":"2023-10-28T17:37:11","date_gmt":"2023-10-28T20:37:11","guid":{"rendered":"https:\/\/diariotextual.com\/inicio\/?p=242536"},"modified":"2023-10-28T21:12:07","modified_gmt":"2023-10-29T00:12:07","slug":"que-cargos-en-el-gabinete-le-pidio-macri-a-milei","status":"publish","type":"post","link":"https:\/\/diariotextual.com\/inicio\/index.php\/2023\/10\/28\/que-cargos-en-el-gabinete-le-pidio-macri-a-milei\/","title":{"rendered":"Qu\u00e9 cargos en el gabinete le pidi\u00f3 Macri a Milei"},"content":{"rendered":"\n<p>Un pu\u00f1ado de dirigentes de Juntos se sorprendi\u00f3 con el whatsapp de <strong>Mauricio Macri <\/strong>el martes por la noche, con el que los convocaba a una reuni\u00f3n en su casa de Acassuso sin abundar en detalles.<\/p>\n\n\n\n<p>Cristian Ritondo, Diego Santilli y N\u00e9stor Grindetti intercambiaron mensajes antes de emprender el viaje a San Isidro. \u00ab\u00bfVamos?\u00bb, \u00ab&#8216;\u00bfvos sab\u00e9s algo?\u00bb, y otros interrogantes recorrieron los chats, como si se tratara de un cumplea\u00f1os sorpresa.<\/p>\n\n\n\n<p><strong>Al entrar al living de Macri, los invitados quedaron aturdidos. Sentados frente al expresidente y Patricia Bullrich estaban Javier Milei y su hermana Karina. <\/strong>Luis Petri entr\u00f3 despu\u00e9s de los dirigentes del PRO y qued\u00f3 p\u00e1lido porque tampoco esperaba la presencia del candidato libertario y de su \u00fanica persona de confianza.<\/p>\n\n\n\n<p>Macri ya hab\u00eda acordado apoyar a Milei y le estaba armando el gabinete, public\u00f3 <strong><a href=\"https:\/\/www.lapoliticaonline.com\/politica\/exclusivo-el-golpe-de-acassuso-con-el-que-macri-capturo-a-milei\/\" target=\"_blank\" rel=\"noreferrer noopener\">La Pol\u00edtica Online<\/a><\/strong>. El libertario se entreg\u00f3 pero puso pa\u00f1os fr\u00edos para los modos: pidi\u00f3 que el apoyo no se reflejara en fotos porque eso le detonar\u00eda a\u00fan m\u00e1s el discurso \u00abanti casta\u00bb. Adem\u00e1s pidi\u00f3 que lo ayudaran a ganar primero y reci\u00e9n despu\u00e9s se hable del acuerdo de gobernabilidad. Es decir, que no se ventilara el reparto de ministerios hasta despu\u00e9s del ballotage porque eso le traer\u00eda problemas en su propia tropa.<\/p>\n\n\n\n<p>Macri acept\u00f3, aunque le enumer\u00f3 una serie de exigencias para el gabinete, que luego se filtraron. La Pol\u00edtica Online anticip\u00f3 en exclusiva que pidi\u00f3 a Germ\u00e1n Garavano para Justicia, en lugar de Mariano C\u00faneo Libarona como pensaba Milei, preocupado especialmente por el avance de sus causas. Tambi\u00e9n pidi\u00f3 Seguridad para Bullrich, YPF para Javier Iguacel, la presidencia de la C\u00e1mara de Diputados para Ritondo y el manejo del transporte para Guillermo Dietrich.<\/p>\n\n\n\n<p>La lista no termin\u00f3 ah\u00ed: Macri tambi\u00e9n pidi\u00f3 incluir en el equipo econ\u00f3mico a Luis \u00abToto\u00bb Caputo, Guido Sandleris y Federico Sturzenegger, los tres hombres que durante su mandato manejaron el Banco Central que Milei prometi\u00f3 incendiar. Este pedido pudo en crisis la dolarizaci\u00f3n y el equipo econ\u00f3mico del libertario, como anticip\u00f3 este medio.<\/p>\n\n\n\n<p>Adem\u00e1s pidi\u00f3 un lugar para Andr\u00e9s Ibarra y el control de Salud, un \u00e1rea que estar\u00e1 bajo la \u00f3rbita del ministerio de Capital Humano a cargo de Sandra Petovello, que ya inici\u00f3 la coordinaci\u00f3n de la reforma del gabinete con Juan Pablo Arenaza, jefe de campa\u00f1a de Bullrich.<\/p>\n\n\n\n<p>A lo \u00fanico que se neg\u00f3 Milei fue a entregar Arsat y el \u00e1rea de comunicaciones, ya que como revel\u00f3 LPO, el libertario tiene un acuerdo con el mexicano Carlos Slim, el magnate de las comunicaciones en Am\u00e9rica Latina que quiere mejorar sus negocios en el pa\u00eds. Se trata de un tema no menor si se tiene en cuenta la hist\u00f3rica relaci\u00f3n de Macri con el Grupo Clar\u00edn, por lo que se anticipa un choque fuerte si Milei llega a la presidencia.<\/p>\n\n\n\n<p>A cambio del<strong><em> take over<\/em><\/strong> de su gobierno, <strong>Macri le ofreci\u00f3 15 millones de d\u00f3lares para lo que queda de la campa\u00f1a y la fiscalizaci\u00f3n,<\/strong> luego del fallido aporte de Luis Barrionuevo. Con el corrimiento de Carlos Kikuchi de la organizaci\u00f3n de la campa\u00f1a, de los fiscales se encargar\u00e1n Sebasti\u00e1n Garc\u00eda de Luca, que coordin\u00f3 la campa\u00f1a bonaerense de Bullrich, y Dietrich.<\/p>\n\n\n\n<p>Milei entreg\u00f3 su eventual gobierno a cambio de este apoyo y se expone a una fractura en su propio frente libertario. No s\u00f3lo entreg\u00f3 el \u00e1rea de Seguridad que iba a controlar su vice Victoria Villaruel, sino que se arriesga al portazo de Emilio Ocampo, quien iba a manejar el Banco Central. Ocampo ya hizo saber que se ir\u00e1 si Milei baja las banderas de la dolarizaci\u00f3n, una propuesta que ya fue rechazada por personajes como Sandleris.<\/p>\n\n\n\n<p>El libertario quiere que no haya dirigentes del PRO visibles en su campa\u00f1a, que para lo que queda hasta al ballotage consistir\u00e1 en visitas sorpresa a comercios como la que hizo a la f\u00e1brica de FelFort, caravanas multitudinarias en pueblos y apariciones en los medios.<\/p>\n\n\n\n<p>Milei no quiere que hablen en su nombre sus nuevos aliados del PRO, y sus voceros ser\u00e1n solo Diana Mondino, Guillermo Francos y Villaruel, ente otros.<\/p>\n\n\n\n<p>En el PRO, en tanto, creen que Macri se manej\u00f3 de manera brutal y que conducir\u00e1 a Milei a la derrota si sigue apareciendo como hizo este viernes en la pol\u00e9mica entrevista con Feinmann. Si Macri se queda guardado, creen que tienen chances pese a que ven la elecci\u00f3n muy dif\u00edcil.<\/p>\n\n\n\n<p><\/p>\n","protected":false},"excerpt":{"rendered":"<p>Un pu\u00f1ado de dirigentes de Juntos se sorprendi\u00f3 con el whatsapp de Mauricio Macri el martes por la noche, con el que los convocaba a una reuni\u00f3n en su casa&hellip;<\/p>\n","protected":false},"author":3,"featured_media":240232,"comment_status":"closed","ping_status":"open","sticky":false,"template":"","format":"standard","meta":{"_acf_changed":false,"footnotes":""},"categories":[1,11,8],"tags":[],"class_list":["post-242536","post","type-post","status-publish","format-standard","has-post-thumbnail","hentry","category-es-noticia","category-que-pasa","category-politica"],"acf":[],"yoast_head":"<!-- This site is optimized with the Yoast SEO plugin v27.5 - https:\/\/yoast.com\/product\/yoast-seo-wordpress\/ -->\n<title>Qu\u00e9 cargos en el gabinete le pidi\u00f3 Macri a Milei - Diario Textual<\/title>\n<meta name=\"robots\" content=\"index, follow, max-snippet:-1, max-image-preview:large, max-video-preview:-1\" \/>\n<link rel=\"canonical\" href=\"https:\/\/diariotextual.com\/inicio\/index.php\/2023\/10\/28\/que-cargos-en-el-gabinete-le-pidio-macri-a-milei\/\" \/>\n<meta property=\"og:locale\" content=\"es_ES\" \/>\n<meta property=\"og:type\" content=\"article\" \/>\n<meta property=\"og:title\" content=\"Qu\u00e9 cargos en el gabinete le pidi\u00f3 Macri a Milei - Diario Textual\" \/>\n<meta property=\"og:description\" content=\"Un pu\u00f1ado de dirigentes de Juntos se sorprendi\u00f3 con el whatsapp de Mauricio Macri el martes por la noche, con el que los convocaba a una reuni\u00f3n en su casa&hellip;\" \/>\n<meta property=\"og:url\" content=\"https:\/\/diariotextual.com\/inicio\/index.php\/2023\/10\/28\/que-cargos-en-el-gabinete-le-pidio-macri-a-milei\/\" \/>\n<meta property=\"og:site_name\" content=\"Diario Textual\" \/>\n<meta property=\"article:publisher\" content=\"https:\/\/www.facebook.com\/eltextual\" \/>\n<meta property=\"article:published_time\" content=\"2023-10-28T20:37:11+00:00\" \/>\n<meta property=\"article:modified_time\" content=\"2023-10-29T00:12:07+00:00\" \/>\n<meta property=\"og:image\" content=\"https:\/\/diariotextual.com\/inicio\/wp-content\/uploads\/2023\/10\/mileijavierdebatepresidencial2023-2.jpg\" \/>\n\t<meta property=\"og:image:width\" content=\"1200\" \/>\n\t<meta property=\"og:image:height\" content=\"675\" \/>\n\t<meta property=\"og:image:type\" content=\"image\/jpeg\" \/>\n<meta name=\"author\" content=\"Diario1 Diario1\" \/>\n<meta name=\"twitter:card\" content=\"summary_large_image\" \/>\n<meta name=\"twitter:creator\" content=\"@eltextual\" \/>\n<meta name=\"twitter:site\" content=\"@eltextual\" \/>\n<meta name=\"twitter:label1\" content=\"Escrito por\" \/>\n\t<meta name=\"twitter:data1\" content=\"Diario1 Diario1\" \/>\n\t<meta name=\"twitter:label2\" content=\"Tiempo de lectura\" \/>\n\t<meta name=\"twitter:data2\" content=\"4 minutos\" \/>\n<script type=\"application\/ld+json\" class=\"yoast-schema-graph\">{\"@context\":\"https:\\\/\\\/schema.org\",\"@graph\":[{\"@type\":\"Article\",\"@id\":\"https:\\\/\\\/diariotextual.com\\\/inicio\\\/index.php\\\/2023\\\/10\\\/28\\\/que-cargos-en-el-gabinete-le-pidio-macri-a-milei\\\/#article\",\"isPartOf\":{\"@id\":\"https:\\\/\\\/diariotextual.com\\\/inicio\\\/index.php\\\/2023\\\/10\\\/28\\\/que-cargos-en-el-gabinete-le-pidio-macri-a-milei\\\/\"},\"author\":{\"name\":\"Diario1 Diario1\",\"@id\":\"https:\\\/\\\/diariotextual.com\\\/inicio\\\/#\\\/schema\\\/person\\\/418fc4093c33e86ed41562db3508f958\"},\"headline\":\"Qu\u00e9 cargos en el gabinete le pidi\u00f3 Macri a Milei\",\"datePublished\":\"2023-10-28T20:37:11+00:00\",\"dateModified\":\"2023-10-29T00:12:07+00:00\",\"mainEntityOfPage\":{\"@id\":\"https:\\\/\\\/diariotextual.com\\\/inicio\\\/index.php\\\/2023\\\/10\\\/28\\\/que-cargos-en-el-gabinete-le-pidio-macri-a-milei\\\/\"},\"wordCount\":790,\"publisher\":{\"@id\":\"https:\\\/\\\/diariotextual.com\\\/inicio\\\/#organization\"},\"image\":{\"@id\":\"https:\\\/\\\/diariotextual.com\\\/inicio\\\/index.php\\\/2023\\\/10\\\/28\\\/que-cargos-en-el-gabinete-le-pidio-macri-a-milei\\\/#primaryimage\"},\"thumbnailUrl\":\"https:\\\/\\\/diariotextual.com\\\/inicio\\\/wp-content\\\/uploads\\\/2023\\\/10\\\/mileijavierdebatepresidencial2023-2.jpg\",\"articleSection\":[\"A - ES NOTICIA (van abajo)\",\"A - QUE PASA (al costado)\",\"POLITICA\"],\"inLanguage\":\"es\"},{\"@type\":\"WebPage\",\"@id\":\"https:\\\/\\\/diariotextual.com\\\/inicio\\\/index.php\\\/2023\\\/10\\\/28\\\/que-cargos-en-el-gabinete-le-pidio-macri-a-milei\\\/\",\"url\":\"https:\\\/\\\/diariotextual.com\\\/inicio\\\/index.php\\\/2023\\\/10\\\/28\\\/que-cargos-en-el-gabinete-le-pidio-macri-a-milei\\\/\",\"name\":\"Qu\u00e9 cargos en el gabinete le pidi\u00f3 Macri a Milei - Diario Textual\",\"isPartOf\":{\"@id\":\"https:\\\/\\\/diariotextual.com\\\/inicio\\\/#website\"},\"primaryImageOfPage\":{\"@id\":\"https:\\\/\\\/diariotextual.com\\\/inicio\\\/index.php\\\/2023\\\/10\\\/28\\\/que-cargos-en-el-gabinete-le-pidio-macri-a-milei\\\/#primaryimage\"},\"image\":{\"@id\":\"https:\\\/\\\/diariotextual.com\\\/inicio\\\/index.php\\\/2023\\\/10\\\/28\\\/que-cargos-en-el-gabinete-le-pidio-macri-a-milei\\\/#primaryimage\"},\"thumbnailUrl\":\"https:\\\/\\\/diariotextual.com\\\/inicio\\\/wp-content\\\/uploads\\\/2023\\\/10\\\/mileijavierdebatepresidencial2023-2.jpg\",\"datePublished\":\"2023-10-28T20:37:11+00:00\",\"dateModified\":\"2023-10-29T00:12:07+00:00\",\"breadcrumb\":{\"@id\":\"https:\\\/\\\/diariotextual.com\\\/inicio\\\/index.php\\\/2023\\\/10\\\/28\\\/que-cargos-en-el-gabinete-le-pidio-macri-a-milei\\\/#breadcrumb\"},\"inLanguage\":\"es\",\"potentialAction\":[{\"@type\":\"ReadAction\",\"target\":[\"https:\\\/\\\/diariotextual.com\\\/inicio\\\/index.php\\\/2023\\\/10\\\/28\\\/que-cargos-en-el-gabinete-le-pidio-macri-a-milei\\\/\"]}]},{\"@type\":\"ImageObject\",\"inLanguage\":\"es\",\"@id\":\"https:\\\/\\\/diariotextual.com\\\/inicio\\\/index.php\\\/2023\\\/10\\\/28\\\/que-cargos-en-el-gabinete-le-pidio-macri-a-milei\\\/#primaryimage\",\"url\":\"https:\\\/\\\/diariotextual.com\\\/inicio\\\/wp-content\\\/uploads\\\/2023\\\/10\\\/mileijavierdebatepresidencial2023-2.jpg\",\"contentUrl\":\"https:\\\/\\\/diariotextual.com\\\/inicio\\\/wp-content\\\/uploads\\\/2023\\\/10\\\/mileijavierdebatepresidencial2023-2.jpg\",\"width\":1200,\"height\":675},{\"@type\":\"BreadcrumbList\",\"@id\":\"https:\\\/\\\/diariotextual.com\\\/inicio\\\/index.php\\\/2023\\\/10\\\/28\\\/que-cargos-en-el-gabinete-le-pidio-macri-a-milei\\\/#breadcrumb\",\"itemListElement\":[{\"@type\":\"ListItem\",\"position\":1,\"name\":\"Portada\",\"item\":\"https:\\\/\\\/diariotextual.com\\\/inicio\\\/\"},{\"@type\":\"ListItem\",\"position\":2,\"name\":\"Qu\u00e9 cargos en el gabinete le pidi\u00f3 Macri a Milei\"}]},{\"@type\":\"WebSite\",\"@id\":\"https:\\\/\\\/diariotextual.com\\\/inicio\\\/#website\",\"url\":\"https:\\\/\\\/diariotextual.com\\\/inicio\\\/\",\"name\":\"Diario Textual\",\"description\":\"\",\"publisher\":{\"@id\":\"https:\\\/\\\/diariotextual.com\\\/inicio\\\/#organization\"},\"potentialAction\":[{\"@type\":\"SearchAction\",\"target\":{\"@type\":\"EntryPoint\",\"urlTemplate\":\"https:\\\/\\\/diariotextual.com\\\/inicio\\\/?s={search_term_string}\"},\"query-input\":{\"@type\":\"PropertyValueSpecification\",\"valueRequired\":true,\"valueName\":\"search_term_string\"}}],\"inLanguage\":\"es\"},{\"@type\":\"Organization\",\"@id\":\"https:\\\/\\\/diariotextual.com\\\/inicio\\\/#organization\",\"name\":\"Diario Textual\",\"url\":\"https:\\\/\\\/diariotextual.com\\\/inicio\\\/\",\"logo\":{\"@type\":\"ImageObject\",\"inLanguage\":\"es\",\"@id\":\"https:\\\/\\\/diariotextual.com\\\/inicio\\\/#\\\/schema\\\/logo\\\/image\\\/\",\"url\":\"https:\\\/\\\/diariotextual.com\\\/inicio\\\/wp-content\\\/uploads\\\/2023\\\/05\\\/logotextual1.jpg\",\"contentUrl\":\"https:\\\/\\\/diariotextual.com\\\/inicio\\\/wp-content\\\/uploads\\\/2023\\\/05\\\/logotextual1.jpg\",\"width\":516,\"height\":76,\"caption\":\"Diario Textual\"},\"image\":{\"@id\":\"https:\\\/\\\/diariotextual.com\\\/inicio\\\/#\\\/schema\\\/logo\\\/image\\\/\"},\"sameAs\":[\"https:\\\/\\\/www.facebook.com\\\/eltextual\",\"https:\\\/\\\/x.com\\\/eltextual\",\"http:\\\/\\\/www.instagram.com\\\/eltextual\"]},{\"@type\":\"Person\",\"@id\":\"https:\\\/\\\/diariotextual.com\\\/inicio\\\/#\\\/schema\\\/person\\\/418fc4093c33e86ed41562db3508f958\",\"name\":\"Diario1 Diario1\",\"image\":{\"@type\":\"ImageObject\",\"inLanguage\":\"es\",\"@id\":\"https:\\\/\\\/secure.gravatar.com\\\/avatar\\\/9167d280179c85bc18be67aa7eda765854300033af4896dd779b608640f2ef7a?s=96&d=mm&r=g\",\"url\":\"https:\\\/\\\/secure.gravatar.com\\\/avatar\\\/9167d280179c85bc18be67aa7eda765854300033af4896dd779b608640f2ef7a?s=96&d=mm&r=g\",\"contentUrl\":\"https:\\\/\\\/secure.gravatar.com\\\/avatar\\\/9167d280179c85bc18be67aa7eda765854300033af4896dd779b608640f2ef7a?s=96&d=mm&r=g\",\"caption\":\"Diario1 Diario1\"},\"url\":\"https:\\\/\\\/diariotextual.com\\\/inicio\\\/index.php\\\/author\\\/diario1\\\/\"}]}<\/script>\n<!-- \/ Yoast SEO plugin. -->","yoast_head_json":{"title":"Qu\u00e9 cargos en el gabinete le pidi\u00f3 Macri a Milei - Diario Textual","robots":{"index":"index","follow":"follow","max-snippet":"max-snippet:-1","max-image-preview":"max-image-preview:large","max-video-preview":"max-video-preview:-1"},"canonical":"https:\/\/diariotextual.com\/inicio\/index.php\/2023\/10\/28\/que-cargos-en-el-gabinete-le-pidio-macri-a-milei\/","og_locale":"es_ES","og_type":"article","og_title":"Qu\u00e9 cargos en el gabinete le pidi\u00f3 Macri a Milei - Diario Textual","og_description":"Un pu\u00f1ado de dirigentes de Juntos se sorprendi\u00f3 con el whatsapp de Mauricio Macri el martes por la noche, con el que los convocaba a una reuni\u00f3n en su casa&hellip;","og_url":"https:\/\/diariotextual.com\/inicio\/index.php\/2023\/10\/28\/que-cargos-en-el-gabinete-le-pidio-macri-a-milei\/","og_site_name":"Diario Textual","article_publisher":"https:\/\/www.facebook.com\/eltextual","article_published_time":"2023-10-28T20:37:11+00:00","article_modified_time":"2023-10-29T00:12:07+00:00","og_image":[{"width":1200,"height":675,"url":"https:\/\/diariotextual.com\/inicio\/wp-content\/uploads\/2023\/10\/mileijavierdebatepresidencial2023-2.jpg","type":"image\/jpeg"}],"author":"Diario1 Diario1","twitter_card":"summary_large_image","twitter_creator":"@eltextual","twitter_site":"@eltextual","twitter_misc":{"Escrito por":"Diario1 Diario1","Tiempo de lectura":"4 minutos"},"schema":{"@context":"https:\/\/schema.org","@graph":[{"@type":"Article","@id":"https:\/\/diariotextual.com\/inicio\/index.php\/2023\/10\/28\/que-cargos-en-el-gabinete-le-pidio-macri-a-milei\/#article","isPartOf":{"@id":"https:\/\/diariotextual.com\/inicio\/index.php\/2023\/10\/28\/que-cargos-en-el-gabinete-le-pidio-macri-a-milei\/"},"author":{"name":"Diario1 Diario1","@id":"https:\/\/diariotextual.com\/inicio\/#\/schema\/person\/418fc4093c33e86ed41562db3508f958"},"headline":"Qu\u00e9 cargos en el gabinete le pidi\u00f3 Macri a Milei","datePublished":"2023-10-28T20:37:11+00:00","dateModified":"2023-10-29T00:12:07+00:00","mainEntityOfPage":{"@id":"https:\/\/diariotextual.com\/inicio\/index.php\/2023\/10\/28\/que-cargos-en-el-gabinete-le-pidio-macri-a-milei\/"},"wordCount":790,"publisher":{"@id":"https:\/\/diariotextual.com\/inicio\/#organization"},"image":{"@id":"https:\/\/diariotextual.com\/inicio\/index.php\/2023\/10\/28\/que-cargos-en-el-gabinete-le-pidio-macri-a-milei\/#primaryimage"},"thumbnailUrl":"https:\/\/diariotextual.com\/inicio\/wp-content\/uploads\/2023\/10\/mileijavierdebatepresidencial2023-2.jpg","articleSection":["A - ES NOTICIA (van abajo)","A - QUE PASA (al costado)","POLITICA"],"inLanguage":"es"},{"@type":"WebPage","@id":"https:\/\/diariotextual.com\/inicio\/index.php\/2023\/10\/28\/que-cargos-en-el-gabinete-le-pidio-macri-a-milei\/","url":"https:\/\/diariotextual.com\/inicio\/index.php\/2023\/10\/28\/que-cargos-en-el-gabinete-le-pidio-macri-a-milei\/","name":"Qu\u00e9 cargos en el gabinete le pidi\u00f3 Macri a Milei - Diario Textual","isPartOf":{"@id":"https:\/\/diariotextual.com\/inicio\/#website"},"primaryImageOfPage":{"@id":"https:\/\/diariotextual.com\/inicio\/index.php\/2023\/10\/28\/que-cargos-en-el-gabinete-le-pidio-macri-a-milei\/#primaryimage"},"image":{"@id":"https:\/\/diariotextual.com\/inicio\/index.php\/2023\/10\/28\/que-cargos-en-el-gabinete-le-pidio-macri-a-milei\/#primaryimage"},"thumbnailUrl":"https:\/\/diariotextual.com\/inicio\/wp-content\/uploads\/2023\/10\/mileijavierdebatepresidencial2023-2.jpg","datePublished":"2023-10-28T20:37:11+00:00","dateModified":"2023-10-29T00:12:07+00:00","breadcrumb":{"@id":"https:\/\/diariotextual.com\/inicio\/index.php\/2023\/10\/28\/que-cargos-en-el-gabinete-le-pidio-macri-a-milei\/#breadcrumb"},"inLanguage":"es","potentialAction":[{"@type":"ReadAction","target":["https:\/\/diariotextual.com\/inicio\/index.php\/2023\/10\/28\/que-cargos-en-el-gabinete-le-pidio-macri-a-milei\/"]}]},{"@type":"ImageObject","inLanguage":"es","@id":"https:\/\/diariotextual.com\/inicio\/index.php\/2023\/10\/28\/que-cargos-en-el-gabinete-le-pidio-macri-a-milei\/#primaryimage","url":"https:\/\/diariotextual.com\/inicio\/wp-content\/uploads\/2023\/10\/mileijavierdebatepresidencial2023-2.jpg","contentUrl":"https:\/\/diariotextual.com\/inicio\/wp-content\/uploads\/2023\/10\/mileijavierdebatepresidencial2023-2.jpg","width":1200,"height":675},{"@type":"BreadcrumbList","@id":"https:\/\/diariotextual.com\/inicio\/index.php\/2023\/10\/28\/que-cargos-en-el-gabinete-le-pidio-macri-a-milei\/#breadcrumb","itemListElement":[{"@type":"ListItem","position":1,"name":"Portada","item":"https:\/\/diariotextual.com\/inicio\/"},{"@type":"ListItem","position":2,"name":"Qu\u00e9 cargos en el gabinete le pidi\u00f3 Macri a Milei"}]},{"@type":"WebSite","@id":"https:\/\/diariotextual.com\/inicio\/#website","url":"https:\/\/diariotextual.com\/inicio\/","name":"Diario Textual","description":"","publisher":{"@id":"https:\/\/diariotextual.com\/inicio\/#organization"},"potentialAction":[{"@type":"SearchAction","target":{"@type":"EntryPoint","urlTemplate":"https:\/\/diariotextual.com\/inicio\/?s={search_term_string}"},"query-input":{"@type":"PropertyValueSpecification","valueRequired":true,"valueName":"search_term_string"}}],"inLanguage":"es"},{"@type":"Organization","@id":"https:\/\/diariotextual.com\/inicio\/#organization","name":"Diario Textual","url":"https:\/\/diariotextual.com\/inicio\/","logo":{"@type":"ImageObject","inLanguage":"es","@id":"https:\/\/diariotextual.com\/inicio\/#\/schema\/logo\/image\/","url":"https:\/\/diariotextual.com\/inicio\/wp-content\/uploads\/2023\/05\/logotextual1.jpg","contentUrl":"https:\/\/diariotextual.com\/inicio\/wp-content\/uploads\/2023\/05\/logotextual1.jpg","width":516,"height":76,"caption":"Diario Textual"},"image":{"@id":"https:\/\/diariotextual.com\/inicio\/#\/schema\/logo\/image\/"},"sameAs":["https:\/\/www.facebook.com\/eltextual","https:\/\/x.com\/eltextual","http:\/\/www.instagram.com\/eltextual"]},{"@type":"Person","@id":"https:\/\/diariotextual.com\/inicio\/#\/schema\/person\/418fc4093c33e86ed41562db3508f958","name":"Diario1 Diario1","image":{"@type":"ImageObject","inLanguage":"es","@id":"https:\/\/secure.gravatar.com\/avatar\/9167d280179c85bc18be67aa7eda765854300033af4896dd779b608640f2ef7a?s=96&d=mm&r=g","url":"https:\/\/secure.gravatar.com\/avatar\/9167d280179c85bc18be67aa7eda765854300033af4896dd779b608640f2ef7a?s=96&d=mm&r=g","contentUrl":"https:\/\/secure.gravatar.com\/avatar\/9167d280179c85bc18be67aa7eda765854300033af4896dd779b608640f2ef7a?s=96&d=mm&r=g","caption":"Diario1 Diario1"},"url":"https:\/\/diariotextual.com\/inicio\/index.php\/author\/diario1\/"}]}},"_links":{"self":[{"href":"https:\/\/diariotextual.com\/inicio\/index.php\/wp-json\/wp\/v2\/posts\/242536","targetHints":{"allow":["GET"]}}],"collection":[{"href":"https:\/\/diariotextual.com\/inicio\/index.php\/wp-json\/wp\/v2\/posts"}],"about":[{"href":"https:\/\/diariotextual.com\/inicio\/index.php\/wp-json\/wp\/v2\/types\/post"}],"author":[{"embeddable":true,"href":"https:\/\/diariotextual.com\/inicio\/index.php\/wp-json\/wp\/v2\/users\/3"}],"replies":[{"embeddable":true,"href":"https:\/\/diariotextual.com\/inicio\/index.php\/wp-json\/wp\/v2\/comments?post=242536"}],"version-history":[{"count":3,"href":"https:\/\/diariotextual.com\/inicio\/index.php\/wp-json\/wp\/v2\/posts\/242536\/revisions"}],"predecessor-version":[{"id":242539,"href":"https:\/\/diariotextual.com\/inicio\/index.php\/wp-json\/wp\/v2\/posts\/242536\/revisions\/242539"}],"wp:featuredmedia":[{"embeddable":true,"href":"https:\/\/diariotextual.com\/inicio\/index.php\/wp-json\/wp\/v2\/media\/240232"}],"wp:attachment":[{"href":"https:\/\/diariotextual.com\/inicio\/index.php\/wp-json\/wp\/v2\/media?parent=242536"}],"wp:term":[{"taxonomy":"category","embeddable":true,"href":"https:\/\/diariotextual.com\/inicio\/index.php\/wp-json\/wp\/v2\/categories?post=242536"},{"taxonomy":"post_tag","embeddable":true,"href":"https:\/\/diariotextual.com\/inicio\/index.php\/wp-json\/wp\/v2\/tags?post=242536"}],"curies":[{"name":"wp","href":"https:\/\/api.w.org\/{rel}","templated":true}]}}