{"id":242553,"date":"2023-10-28T20:51:00","date_gmt":"2023-10-28T23:51:00","guid":{"rendered":"https:\/\/diariotextual.com\/inicio\/?p=242553"},"modified":"2023-10-30T00:05:06","modified_gmt":"2023-10-30T03:05:06","slug":"el-pro-la-pampa-contra-massa-pero-con-algunos-chisporroteos-sobre-dar-su-apoyo-a-milei","status":"publish","type":"post","link":"https:\/\/diariotextual.com\/inicio\/index.php\/2023\/10\/28\/el-pro-la-pampa-contra-massa-pero-con-algunos-chisporroteos-sobre-dar-su-apoyo-a-milei\/","title":{"rendered":"Guerra de comunicados en el PRO La Pampa: piden (no sin chisporroteos) por el voto a Milei"},"content":{"rendered":"\n<p>El <strong>PRO La Pampa<\/strong> vivi\u00f3 este s\u00e1bado una jornada convulsionada, signada por una <strong>guerra de comunicados<\/strong>, para tratar de definir su posici\u00f3n institucional ante el balotaje del 19 de noviembre entre el libertario <strong>Javier Milei<\/strong> y el peronista<strong> Sergio Massa<\/strong>. Tuvieron un par de reuniones del partido y decenas de mensajes y llamadas telef\u00f3nicas para tratar de acordar una posici\u00f3n com\u00fan. <strong>Desde el primer momento hab\u00eda coincidencias en rechazar el voto a Massa, pero la duda estaba en el libertario: si darle todo el apoyo o no mencionarlo.<\/strong><\/p>\n\n\n\n<p>Finalmente,<strong> los \u201chalcones\u201d referenciados en Mart\u00edn Ardohain, Carlos Mac Allister y Enrique Juan ganaron la pulseada sobre la posici\u00f3n m\u00e1s \u201cneutral\u201d que propon\u00edan Mart\u00edn Maquieyra y Victoria Huala.<\/strong> \u201cLa sociedad eligi\u00f3 a Javier Milei, para que lidere el proceso de cambio, y si bien existen diferencias respecto a las propuestas que llev\u00f3 adelante JXC, es la \u00fanica opci\u00f3n que se presenta para enfrentar la continuidad mafiosa y terminar con la decadencia de este presente desgarrador\u201d, dijeron en un comunicado de prensa. \u201cNo negociamos el cambio que la Argentina necesita. Hemos ganado la representaci\u00f3n y la confianza de una porci\u00f3n importante de los argentinos, conducidos por la Dra. Patricia Bullrich. Por esto, es sumamente necesario ir a votar el 19 de noviembre, y elegir el modelo que nos har\u00e1 cambiar el rumbo como pa\u00eds\u201d.<\/p>\n\n\n\n<p>De esa manera<strong> se diferenciaron a sus socios de la UCR, que dieron expresamente libertad de acci\u00f3n.<\/strong><\/p>\n\n\n\n<p>De todas maneras, antes, se filtr\u00f3 otro comunicado de prensa a<strong> Diario Textual<\/strong> que gener\u00f3 especulaciones de todo tipo.<strong> Se trat\u00f3 de un escrito que se hab\u00eda acordado en una primera reuni\u00f3n de la conducci\u00f3n del partido <\/strong>-antes del mediod\u00eda- y que, luego, se pretend\u00eda poner en discusi\u00f3n en un encuentro ampliado de unas 70 dirigentes y referentes de toda la provincia -que se hab\u00eda pautado para las 15 horas-.<\/p>\n\n\n\n<p>El documento, con ambig\u00fcedades y confuso, estaba titulado <strong><em>\u201cEl PRO La Pampa no acompa\u00f1a populismos\u201d.<\/em><\/strong> En el escrito no se atrev\u00edan a mencionar ni a Massa ni a Milei. <strong>Suger\u00edan una libertad de acci\u00f3n.<\/strong><\/p>\n\n\n\n<p>El PRO, en esa nota, sosten\u00eda que \u201cno acompa\u00f1a populismos\u201d, por lo que -si se segu\u00edan las categorizaciones pol\u00edticas que ven\u00edan haciendo desde ese partido- se infer\u00eda que hab\u00edan tomado una posici\u00f3n de neutralidad frente al libertario Milei y el peronista Massa. Sin embargo, poco despu\u00e9s, voceros del partido tuvieron que salir a aclarar que el \u201cpopulismo es Massa\u201d.<\/p>\n\n\n\n<p>\u00bfQu\u00e9 dec\u00eda ese escrito? \u201cEl PRO agradece a los miles de pampeanos que nos acompa\u00f1aron el pasado domingo 22 de octubre, donde la ciudadan\u00eda se expres\u00f3 libremente. En esta circunstancia, el PRO La Pampa entiende la responsabilidad que la sociedad le ha encomendando a Juntos por el Cambio de defender los valores de la Rep\u00fablica, nuestra Constituci\u00f3n Nacional y enfrentar siempre a los populismos\u201d, sosten\u00eda. \u201cPor eso, se alienta a la participaci\u00f3n ciudadana en las pr\u00f3ximas elecciones del 19 de noviembre, entendiendo la plena libertad de conciencia para ejercer el derecho al voto de sus afiliados y adherentes. Los argentinos son los \u00fanicos due\u00f1os de los votos. Es sumamente necesario votar y elegir el modelo de pa\u00eds que deseamos\u201d, manifestaba. \u201cSeguiremos trabajando en la uni\u00f3n de JxC en La Pampa, teniendo la misma convicci\u00f3n y responsabilidad de sacar a nuestra provincia adelante desde el lugar que los pampeanos nos han asignado\u201d, finalizaba.<\/p>\n\n\n\n<p><strong>Ni bien lo public\u00f3 Diario Textual, se gener\u00f3 un tembladeral en las entra\u00f1as del PRO. Hubo acusaciones cruzadas:<\/strong> entre otros puntos,<strong> unos se quejaron porque no se ped\u00eda abiertamente el voto a Milei, otros porque se deslizaba que se dejaba en libertad de acci\u00f3n.<\/strong><\/p>\n\n\n\n<p><strong>Enrique Juan<\/strong>, presidente del PRO La Pampa, luego dialog\u00f3 con <strong>Diario Textual<\/strong> y dijo que<strong> la \u201cgran mayor\u00eda\u201d de los dirigentes del partido coincidi\u00f3 en que no se debe votar a Massa y que se debe respaldar a Milei.<\/strong><\/p>\n\n\n\n<p>\u201cLa postura de todos los que participamos claramente est\u00e1 en contra el kirchnerismo, contra la continuidad de un gobierno que nos ha dejado en una situaci\u00f3n desastrosa. Personalmente entiendo que el voto en blanco en este momento lo \u00fanico que hace es cederle o facilitarle a Massa la elecci\u00f3n\u201d, sostuvo.<\/p>\n\n\n\n<p><strong>-\u00bfQu\u00e9 pas\u00f3 con ese documento que se dio a conocer?<\/strong><\/p>\n\n\n\n<p>-Tuvimos ah\u00ed unas diferencias respecto a la institucionalidad y la organicidad. El consejo estaba establecido para hablar sobre la situaci\u00f3n de pol\u00edtica actual. Despu\u00e9s estuvimos discutiendo las posturas y la forma de expresarnos y, en esas idas y venidas, alguno filtr\u00f3 ese comunicado\u2026 Pero no sali\u00f3 de las cuentas oficiales\u2026 Luego se realiz\u00f3 un encuentro con referentes de toda la provincia.<\/p>\n\n\n\n<p><strong>-\u00bfEn esa reuni\u00f3n la gran mayor\u00eda pidi\u00f3 votar a Milei?<\/strong><\/p>\n\n\n\n<p>&#8211; Exactamente. Te dir\u00eda que el que el 99,9% se expresa de la misma manera. El tema es que alguno no quiere mencionar la palabra Milei. Pero s\u00ed la coincidencia de no apoyar a Massa y al kirchnerismo. La gente sabe que la forma de neutralizar a Massa es votar la otra opci\u00f3n. No hay alternativa: son dos opciones y la sociedad eligi\u00f3 que el cambio lo encabece Milei.<\/p>\n\n\n\n<p><strong>-\u00bfEsperan en los pr\u00f3ximos d\u00edas contactos institucionales con la gente de la Libertad Avanza para, eventualmente, aportarles fiscales (en el balotaje)?<\/strong><\/p>\n\n\n\n<p>&#8211; Puede ser. Hay gente que quiere fiscalizar para cuidar los votos, porque entiende que es la forma de pretender tambi\u00e9n su voluntad de cambio. Pero no institucionalmente o desde el partido porque no hay una alianza entre partidos, sino que son acuerdos voluntarios.<\/p>\n\n\n\n<p><\/p>\n\n\n\n<p><\/p>\n","protected":false},"excerpt":{"rendered":"<p>El PRO La Pampa vivi\u00f3 este s\u00e1bado una jornada convulsionada, signada por una guerra de comunicados, para tratar de definir su posici\u00f3n institucional ante el balotaje del 19 de noviembre&hellip;<\/p>\n","protected":false},"author":3,"featured_media":233924,"comment_status":"closed","ping_status":"open","sticky":false,"template":"","format":"standard","meta":{"_acf_changed":false,"footnotes":""},"categories":[1,11,8],"tags":[],"class_list":["post-242553","post","type-post","status-publish","format-standard","has-post-thumbnail","hentry","category-es-noticia","category-que-pasa","category-politica"],"acf":[],"yoast_head":"<!-- This site is optimized with the Yoast SEO plugin v27.5 - https:\/\/yoast.com\/product\/yoast-seo-wordpress\/ -->\n<title>Guerra de comunicados en el PRO La Pampa: piden (no sin chisporroteos) por el voto a Milei - Diario Textual<\/title>\n<meta name=\"robots\" content=\"index, follow, max-snippet:-1, max-image-preview:large, max-video-preview:-1\" \/>\n<link rel=\"canonical\" href=\"https:\/\/diariotextual.com\/inicio\/index.php\/2023\/10\/28\/el-pro-la-pampa-contra-massa-pero-con-algunos-chisporroteos-sobre-dar-su-apoyo-a-milei\/\" \/>\n<meta property=\"og:locale\" content=\"es_ES\" \/>\n<meta property=\"og:type\" content=\"article\" \/>\n<meta property=\"og:title\" content=\"Guerra de comunicados en el PRO La Pampa: piden (no sin chisporroteos) por el voto a Milei - Diario Textual\" \/>\n<meta property=\"og:description\" content=\"El PRO La Pampa vivi\u00f3 este s\u00e1bado una jornada convulsionada, signada por una guerra de comunicados, para tratar de definir su posici\u00f3n institucional ante el balotaje del 19 de noviembre&hellip;\" \/>\n<meta property=\"og:url\" content=\"https:\/\/diariotextual.com\/inicio\/index.php\/2023\/10\/28\/el-pro-la-pampa-contra-massa-pero-con-algunos-chisporroteos-sobre-dar-su-apoyo-a-milei\/\" \/>\n<meta property=\"og:site_name\" content=\"Diario Textual\" \/>\n<meta property=\"article:publisher\" content=\"https:\/\/www.facebook.com\/eltextual\" \/>\n<meta property=\"article:published_time\" content=\"2023-10-28T23:51:00+00:00\" \/>\n<meta property=\"article:modified_time\" content=\"2023-10-30T03:05:06+00:00\" \/>\n<meta property=\"og:image\" content=\"https:\/\/diariotextual.com\/inicio\/wp-content\/uploads\/2023\/08\/juntosporelcambiolapampa2023-99.jpeg\" \/>\n\t<meta property=\"og:image:width\" content=\"1483\" \/>\n\t<meta property=\"og:image:height\" content=\"1023\" \/>\n\t<meta property=\"og:image:type\" content=\"image\/jpeg\" \/>\n<meta name=\"author\" content=\"Diario1 Diario1\" \/>\n<meta name=\"twitter:card\" content=\"summary_large_image\" \/>\n<meta name=\"twitter:creator\" content=\"@eltextual\" \/>\n<meta name=\"twitter:site\" content=\"@eltextual\" \/>\n<meta name=\"twitter:label1\" content=\"Escrito por\" \/>\n\t<meta name=\"twitter:data1\" content=\"Diario1 Diario1\" \/>\n<script type=\"application\/ld+json\" class=\"yoast-schema-graph\">{\"@context\":\"https:\\\/\\\/schema.org\",\"@graph\":[{\"@type\":\"Article\",\"@id\":\"https:\\\/\\\/diariotextual.com\\\/inicio\\\/index.php\\\/2023\\\/10\\\/28\\\/el-pro-la-pampa-contra-massa-pero-con-algunos-chisporroteos-sobre-dar-su-apoyo-a-milei\\\/#article\",\"isPartOf\":{\"@id\":\"https:\\\/\\\/diariotextual.com\\\/inicio\\\/index.php\\\/2023\\\/10\\\/28\\\/el-pro-la-pampa-contra-massa-pero-con-algunos-chisporroteos-sobre-dar-su-apoyo-a-milei\\\/\"},\"author\":{\"name\":\"Diario1 Diario1\",\"@id\":\"https:\\\/\\\/diariotextual.com\\\/inicio\\\/#\\\/schema\\\/person\\\/418fc4093c33e86ed41562db3508f958\"},\"headline\":\"Guerra de comunicados en el PRO La Pampa: piden (no sin chisporroteos) por el voto a Milei\",\"datePublished\":\"2023-10-28T23:51:00+00:00\",\"dateModified\":\"2023-10-30T03:05:06+00:00\",\"mainEntityOfPage\":{\"@id\":\"https:\\\/\\\/diariotextual.com\\\/inicio\\\/index.php\\\/2023\\\/10\\\/28\\\/el-pro-la-pampa-contra-massa-pero-con-algunos-chisporroteos-sobre-dar-su-apoyo-a-milei\\\/\"},\"wordCount\":979,\"publisher\":{\"@id\":\"https:\\\/\\\/diariotextual.com\\\/inicio\\\/#organization\"},\"image\":{\"@id\":\"https:\\\/\\\/diariotextual.com\\\/inicio\\\/index.php\\\/2023\\\/10\\\/28\\\/el-pro-la-pampa-contra-massa-pero-con-algunos-chisporroteos-sobre-dar-su-apoyo-a-milei\\\/#primaryimage\"},\"thumbnailUrl\":\"https:\\\/\\\/diariotextual.com\\\/inicio\\\/wp-content\\\/uploads\\\/2023\\\/08\\\/juntosporelcambiolapampa2023-99.jpeg\",\"articleSection\":[\"A - ES NOTICIA (van abajo)\",\"A - QUE PASA (al costado)\",\"POLITICA\"],\"inLanguage\":\"es\"},{\"@type\":\"WebPage\",\"@id\":\"https:\\\/\\\/diariotextual.com\\\/inicio\\\/index.php\\\/2023\\\/10\\\/28\\\/el-pro-la-pampa-contra-massa-pero-con-algunos-chisporroteos-sobre-dar-su-apoyo-a-milei\\\/\",\"url\":\"https:\\\/\\\/diariotextual.com\\\/inicio\\\/index.php\\\/2023\\\/10\\\/28\\\/el-pro-la-pampa-contra-massa-pero-con-algunos-chisporroteos-sobre-dar-su-apoyo-a-milei\\\/\",\"name\":\"Guerra de comunicados en el PRO La Pampa: piden (no sin chisporroteos) por el voto a Milei - Diario Textual\",\"isPartOf\":{\"@id\":\"https:\\\/\\\/diariotextual.com\\\/inicio\\\/#website\"},\"primaryImageOfPage\":{\"@id\":\"https:\\\/\\\/diariotextual.com\\\/inicio\\\/index.php\\\/2023\\\/10\\\/28\\\/el-pro-la-pampa-contra-massa-pero-con-algunos-chisporroteos-sobre-dar-su-apoyo-a-milei\\\/#primaryimage\"},\"image\":{\"@id\":\"https:\\\/\\\/diariotextual.com\\\/inicio\\\/index.php\\\/2023\\\/10\\\/28\\\/el-pro-la-pampa-contra-massa-pero-con-algunos-chisporroteos-sobre-dar-su-apoyo-a-milei\\\/#primaryimage\"},\"thumbnailUrl\":\"https:\\\/\\\/diariotextual.com\\\/inicio\\\/wp-content\\\/uploads\\\/2023\\\/08\\\/juntosporelcambiolapampa2023-99.jpeg\",\"datePublished\":\"2023-10-28T23:51:00+00:00\",\"dateModified\":\"2023-10-30T03:05:06+00:00\",\"breadcrumb\":{\"@id\":\"https:\\\/\\\/diariotextual.com\\\/inicio\\\/index.php\\\/2023\\\/10\\\/28\\\/el-pro-la-pampa-contra-massa-pero-con-algunos-chisporroteos-sobre-dar-su-apoyo-a-milei\\\/#breadcrumb\"},\"inLanguage\":\"es\",\"potentialAction\":[{\"@type\":\"ReadAction\",\"target\":[\"https:\\\/\\\/diariotextual.com\\\/inicio\\\/index.php\\\/2023\\\/10\\\/28\\\/el-pro-la-pampa-contra-massa-pero-con-algunos-chisporroteos-sobre-dar-su-apoyo-a-milei\\\/\"]}]},{\"@type\":\"ImageObject\",\"inLanguage\":\"es\",\"@id\":\"https:\\\/\\\/diariotextual.com\\\/inicio\\\/index.php\\\/2023\\\/10\\\/28\\\/el-pro-la-pampa-contra-massa-pero-con-algunos-chisporroteos-sobre-dar-su-apoyo-a-milei\\\/#primaryimage\",\"url\":\"https:\\\/\\\/diariotextual.com\\\/inicio\\\/wp-content\\\/uploads\\\/2023\\\/08\\\/juntosporelcambiolapampa2023-99.jpeg\",\"contentUrl\":\"https:\\\/\\\/diariotextual.com\\\/inicio\\\/wp-content\\\/uploads\\\/2023\\\/08\\\/juntosporelcambiolapampa2023-99.jpeg\",\"width\":1483,\"height\":1023},{\"@type\":\"BreadcrumbList\",\"@id\":\"https:\\\/\\\/diariotextual.com\\\/inicio\\\/index.php\\\/2023\\\/10\\\/28\\\/el-pro-la-pampa-contra-massa-pero-con-algunos-chisporroteos-sobre-dar-su-apoyo-a-milei\\\/#breadcrumb\",\"itemListElement\":[{\"@type\":\"ListItem\",\"position\":1,\"name\":\"Portada\",\"item\":\"https:\\\/\\\/diariotextual.com\\\/inicio\\\/\"},{\"@type\":\"ListItem\",\"position\":2,\"name\":\"Guerra de comunicados en el PRO La Pampa: piden (no sin chisporroteos) por el voto a Milei\"}]},{\"@type\":\"WebSite\",\"@id\":\"https:\\\/\\\/diariotextual.com\\\/inicio\\\/#website\",\"url\":\"https:\\\/\\\/diariotextual.com\\\/inicio\\\/\",\"name\":\"Diario Textual\",\"description\":\"\",\"publisher\":{\"@id\":\"https:\\\/\\\/diariotextual.com\\\/inicio\\\/#organization\"},\"potentialAction\":[{\"@type\":\"SearchAction\",\"target\":{\"@type\":\"EntryPoint\",\"urlTemplate\":\"https:\\\/\\\/diariotextual.com\\\/inicio\\\/?s={search_term_string}\"},\"query-input\":{\"@type\":\"PropertyValueSpecification\",\"valueRequired\":true,\"valueName\":\"search_term_string\"}}],\"inLanguage\":\"es\"},{\"@type\":\"Organization\",\"@id\":\"https:\\\/\\\/diariotextual.com\\\/inicio\\\/#organization\",\"name\":\"Diario Textual\",\"url\":\"https:\\\/\\\/diariotextual.com\\\/inicio\\\/\",\"logo\":{\"@type\":\"ImageObject\",\"inLanguage\":\"es\",\"@id\":\"https:\\\/\\\/diariotextual.com\\\/inicio\\\/#\\\/schema\\\/logo\\\/image\\\/\",\"url\":\"https:\\\/\\\/diariotextual.com\\\/inicio\\\/wp-content\\\/uploads\\\/2023\\\/05\\\/logotextual1.jpg\",\"contentUrl\":\"https:\\\/\\\/diariotextual.com\\\/inicio\\\/wp-content\\\/uploads\\\/2023\\\/05\\\/logotextual1.jpg\",\"width\":516,\"height\":76,\"caption\":\"Diario Textual\"},\"image\":{\"@id\":\"https:\\\/\\\/diariotextual.com\\\/inicio\\\/#\\\/schema\\\/logo\\\/image\\\/\"},\"sameAs\":[\"https:\\\/\\\/www.facebook.com\\\/eltextual\",\"https:\\\/\\\/x.com\\\/eltextual\",\"http:\\\/\\\/www.instagram.com\\\/eltextual\"]},{\"@type\":\"Person\",\"@id\":\"https:\\\/\\\/diariotextual.com\\\/inicio\\\/#\\\/schema\\\/person\\\/418fc4093c33e86ed41562db3508f958\",\"name\":\"Diario1 Diario1\",\"image\":{\"@type\":\"ImageObject\",\"inLanguage\":\"es\",\"@id\":\"https:\\\/\\\/secure.gravatar.com\\\/avatar\\\/9167d280179c85bc18be67aa7eda765854300033af4896dd779b608640f2ef7a?s=96&d=mm&r=g\",\"url\":\"https:\\\/\\\/secure.gravatar.com\\\/avatar\\\/9167d280179c85bc18be67aa7eda765854300033af4896dd779b608640f2ef7a?s=96&d=mm&r=g\",\"contentUrl\":\"https:\\\/\\\/secure.gravatar.com\\\/avatar\\\/9167d280179c85bc18be67aa7eda765854300033af4896dd779b608640f2ef7a?s=96&d=mm&r=g\",\"caption\":\"Diario1 Diario1\"},\"url\":\"https:\\\/\\\/diariotextual.com\\\/inicio\\\/index.php\\\/author\\\/diario1\\\/\"}]}<\/script>\n<!-- \/ Yoast SEO plugin. -->","yoast_head_json":{"title":"Guerra de comunicados en el PRO La Pampa: piden (no sin chisporroteos) por el voto a Milei - Diario Textual","robots":{"index":"index","follow":"follow","max-snippet":"max-snippet:-1","max-image-preview":"max-image-preview:large","max-video-preview":"max-video-preview:-1"},"canonical":"https:\/\/diariotextual.com\/inicio\/index.php\/2023\/10\/28\/el-pro-la-pampa-contra-massa-pero-con-algunos-chisporroteos-sobre-dar-su-apoyo-a-milei\/","og_locale":"es_ES","og_type":"article","og_title":"Guerra de comunicados en el PRO La Pampa: piden (no sin chisporroteos) por el voto a Milei - Diario Textual","og_description":"El PRO La Pampa vivi\u00f3 este s\u00e1bado una jornada convulsionada, signada por una guerra de comunicados, para tratar de definir su posici\u00f3n institucional ante el balotaje del 19 de noviembre&hellip;","og_url":"https:\/\/diariotextual.com\/inicio\/index.php\/2023\/10\/28\/el-pro-la-pampa-contra-massa-pero-con-algunos-chisporroteos-sobre-dar-su-apoyo-a-milei\/","og_site_name":"Diario Textual","article_publisher":"https:\/\/www.facebook.com\/eltextual","article_published_time":"2023-10-28T23:51:00+00:00","article_modified_time":"2023-10-30T03:05:06+00:00","og_image":[{"width":1483,"height":1023,"url":"https:\/\/diariotextual.com\/inicio\/wp-content\/uploads\/2023\/08\/juntosporelcambiolapampa2023-99.jpeg","type":"image\/jpeg"}],"author":"Diario1 Diario1","twitter_card":"summary_large_image","twitter_creator":"@eltextual","twitter_site":"@eltextual","twitter_misc":{"Escrito por":"Diario1 Diario1"},"schema":{"@context":"https:\/\/schema.org","@graph":[{"@type":"Article","@id":"https:\/\/diariotextual.com\/inicio\/index.php\/2023\/10\/28\/el-pro-la-pampa-contra-massa-pero-con-algunos-chisporroteos-sobre-dar-su-apoyo-a-milei\/#article","isPartOf":{"@id":"https:\/\/diariotextual.com\/inicio\/index.php\/2023\/10\/28\/el-pro-la-pampa-contra-massa-pero-con-algunos-chisporroteos-sobre-dar-su-apoyo-a-milei\/"},"author":{"name":"Diario1 Diario1","@id":"https:\/\/diariotextual.com\/inicio\/#\/schema\/person\/418fc4093c33e86ed41562db3508f958"},"headline":"Guerra de comunicados en el PRO La Pampa: piden (no sin chisporroteos) por el voto a Milei","datePublished":"2023-10-28T23:51:00+00:00","dateModified":"2023-10-30T03:05:06+00:00","mainEntityOfPage":{"@id":"https:\/\/diariotextual.com\/inicio\/index.php\/2023\/10\/28\/el-pro-la-pampa-contra-massa-pero-con-algunos-chisporroteos-sobre-dar-su-apoyo-a-milei\/"},"wordCount":979,"publisher":{"@id":"https:\/\/diariotextual.com\/inicio\/#organization"},"image":{"@id":"https:\/\/diariotextual.com\/inicio\/index.php\/2023\/10\/28\/el-pro-la-pampa-contra-massa-pero-con-algunos-chisporroteos-sobre-dar-su-apoyo-a-milei\/#primaryimage"},"thumbnailUrl":"https:\/\/diariotextual.com\/inicio\/wp-content\/uploads\/2023\/08\/juntosporelcambiolapampa2023-99.jpeg","articleSection":["A - ES NOTICIA (van abajo)","A - QUE PASA (al costado)","POLITICA"],"inLanguage":"es"},{"@type":"WebPage","@id":"https:\/\/diariotextual.com\/inicio\/index.php\/2023\/10\/28\/el-pro-la-pampa-contra-massa-pero-con-algunos-chisporroteos-sobre-dar-su-apoyo-a-milei\/","url":"https:\/\/diariotextual.com\/inicio\/index.php\/2023\/10\/28\/el-pro-la-pampa-contra-massa-pero-con-algunos-chisporroteos-sobre-dar-su-apoyo-a-milei\/","name":"Guerra de comunicados en el PRO La Pampa: piden (no sin chisporroteos) por el voto a Milei - Diario Textual","isPartOf":{"@id":"https:\/\/diariotextual.com\/inicio\/#website"},"primaryImageOfPage":{"@id":"https:\/\/diariotextual.com\/inicio\/index.php\/2023\/10\/28\/el-pro-la-pampa-contra-massa-pero-con-algunos-chisporroteos-sobre-dar-su-apoyo-a-milei\/#primaryimage"},"image":{"@id":"https:\/\/diariotextual.com\/inicio\/index.php\/2023\/10\/28\/el-pro-la-pampa-contra-massa-pero-con-algunos-chisporroteos-sobre-dar-su-apoyo-a-milei\/#primaryimage"},"thumbnailUrl":"https:\/\/diariotextual.com\/inicio\/wp-content\/uploads\/2023\/08\/juntosporelcambiolapampa2023-99.jpeg","datePublished":"2023-10-28T23:51:00+00:00","dateModified":"2023-10-30T03:05:06+00:00","breadcrumb":{"@id":"https:\/\/diariotextual.com\/inicio\/index.php\/2023\/10\/28\/el-pro-la-pampa-contra-massa-pero-con-algunos-chisporroteos-sobre-dar-su-apoyo-a-milei\/#breadcrumb"},"inLanguage":"es","potentialAction":[{"@type":"ReadAction","target":["https:\/\/diariotextual.com\/inicio\/index.php\/2023\/10\/28\/el-pro-la-pampa-contra-massa-pero-con-algunos-chisporroteos-sobre-dar-su-apoyo-a-milei\/"]}]},{"@type":"ImageObject","inLanguage":"es","@id":"https:\/\/diariotextual.com\/inicio\/index.php\/2023\/10\/28\/el-pro-la-pampa-contra-massa-pero-con-algunos-chisporroteos-sobre-dar-su-apoyo-a-milei\/#primaryimage","url":"https:\/\/diariotextual.com\/inicio\/wp-content\/uploads\/2023\/08\/juntosporelcambiolapampa2023-99.jpeg","contentUrl":"https:\/\/diariotextual.com\/inicio\/wp-content\/uploads\/2023\/08\/juntosporelcambiolapampa2023-99.jpeg","width":1483,"height":1023},{"@type":"BreadcrumbList","@id":"https:\/\/diariotextual.com\/inicio\/index.php\/2023\/10\/28\/el-pro-la-pampa-contra-massa-pero-con-algunos-chisporroteos-sobre-dar-su-apoyo-a-milei\/#breadcrumb","itemListElement":[{"@type":"ListItem","position":1,"name":"Portada","item":"https:\/\/diariotextual.com\/inicio\/"},{"@type":"ListItem","position":2,"name":"Guerra de comunicados en el PRO La Pampa: piden (no sin chisporroteos) por el voto a Milei"}]},{"@type":"WebSite","@id":"https:\/\/diariotextual.com\/inicio\/#website","url":"https:\/\/diariotextual.com\/inicio\/","name":"Diario Textual","description":"","publisher":{"@id":"https:\/\/diariotextual.com\/inicio\/#organization"},"potentialAction":[{"@type":"SearchAction","target":{"@type":"EntryPoint","urlTemplate":"https:\/\/diariotextual.com\/inicio\/?s={search_term_string}"},"query-input":{"@type":"PropertyValueSpecification","valueRequired":true,"valueName":"search_term_string"}}],"inLanguage":"es"},{"@type":"Organization","@id":"https:\/\/diariotextual.com\/inicio\/#organization","name":"Diario Textual","url":"https:\/\/diariotextual.com\/inicio\/","logo":{"@type":"ImageObject","inLanguage":"es","@id":"https:\/\/diariotextual.com\/inicio\/#\/schema\/logo\/image\/","url":"https:\/\/diariotextual.com\/inicio\/wp-content\/uploads\/2023\/05\/logotextual1.jpg","contentUrl":"https:\/\/diariotextual.com\/inicio\/wp-content\/uploads\/2023\/05\/logotextual1.jpg","width":516,"height":76,"caption":"Diario Textual"},"image":{"@id":"https:\/\/diariotextual.com\/inicio\/#\/schema\/logo\/image\/"},"sameAs":["https:\/\/www.facebook.com\/eltextual","https:\/\/x.com\/eltextual","http:\/\/www.instagram.com\/eltextual"]},{"@type":"Person","@id":"https:\/\/diariotextual.com\/inicio\/#\/schema\/person\/418fc4093c33e86ed41562db3508f958","name":"Diario1 Diario1","image":{"@type":"ImageObject","inLanguage":"es","@id":"https:\/\/secure.gravatar.com\/avatar\/9167d280179c85bc18be67aa7eda765854300033af4896dd779b608640f2ef7a?s=96&d=mm&r=g","url":"https:\/\/secure.gravatar.com\/avatar\/9167d280179c85bc18be67aa7eda765854300033af4896dd779b608640f2ef7a?s=96&d=mm&r=g","contentUrl":"https:\/\/secure.gravatar.com\/avatar\/9167d280179c85bc18be67aa7eda765854300033af4896dd779b608640f2ef7a?s=96&d=mm&r=g","caption":"Diario1 Diario1"},"url":"https:\/\/diariotextual.com\/inicio\/index.php\/author\/diario1\/"}]}},"_links":{"self":[{"href":"https:\/\/diariotextual.com\/inicio\/index.php\/wp-json\/wp\/v2\/posts\/242553","targetHints":{"allow":["GET"]}}],"collection":[{"href":"https:\/\/diariotextual.com\/inicio\/index.php\/wp-json\/wp\/v2\/posts"}],"about":[{"href":"https:\/\/diariotextual.com\/inicio\/index.php\/wp-json\/wp\/v2\/types\/post"}],"author":[{"embeddable":true,"href":"https:\/\/diariotextual.com\/inicio\/index.php\/wp-json\/wp\/v2\/users\/3"}],"replies":[{"embeddable":true,"href":"https:\/\/diariotextual.com\/inicio\/index.php\/wp-json\/wp\/v2\/comments?post=242553"}],"version-history":[{"count":7,"href":"https:\/\/diariotextual.com\/inicio\/index.php\/wp-json\/wp\/v2\/posts\/242553\/revisions"}],"predecessor-version":[{"id":242594,"href":"https:\/\/diariotextual.com\/inicio\/index.php\/wp-json\/wp\/v2\/posts\/242553\/revisions\/242594"}],"wp:featuredmedia":[{"embeddable":true,"href":"https:\/\/diariotextual.com\/inicio\/index.php\/wp-json\/wp\/v2\/media\/233924"}],"wp:attachment":[{"href":"https:\/\/diariotextual.com\/inicio\/index.php\/wp-json\/wp\/v2\/media?parent=242553"}],"wp:term":[{"taxonomy":"category","embeddable":true,"href":"https:\/\/diariotextual.com\/inicio\/index.php\/wp-json\/wp\/v2\/categories?post=242553"},{"taxonomy":"post_tag","embeddable":true,"href":"https:\/\/diariotextual.com\/inicio\/index.php\/wp-json\/wp\/v2\/tags?post=242553"}],"curies":[{"name":"wp","href":"https:\/\/api.w.org\/{rel}","templated":true}]}}