{"id":242564,"date":"2023-10-28T20:29:38","date_gmt":"2023-10-28T23:29:38","guid":{"rendered":"https:\/\/diariotextual.com\/inicio\/?p=242564"},"modified":"2023-10-30T07:02:13","modified_gmt":"2023-10-30T10:02:13","slug":"confirmado-manuel-simpson-va-a-ser-el-nuevo-presidente-de-la-cpe","status":"publish","type":"post","link":"https:\/\/diariotextual.com\/inicio\/index.php\/2023\/10\/28\/confirmado-manuel-simpson-va-a-ser-el-nuevo-presidente-de-la-cpe\/","title":{"rendered":"Confirmado: Manuel Simpson va a ser el nuevo presidente de la CPE"},"content":{"rendered":"\n<p><strong>Manuel Simpson <\/strong>va a ser<strong> el nuevo presidente de la Cooperativa Popular de Electricidad<\/strong>. <strong>Alfredo Carrascal<\/strong>, el actual presidente, adelant\u00f3 este s\u00e1bado a los consejeros, en la asamblea ordinaria, que hay <strong>consenso pol\u00edtico<\/strong> para que <strong>Simpson sea elegido al frente de la entidad solidaria.<\/strong> Ese recambio se votar\u00e1 el pr\u00f3ximo martes 31, cuando se distribuyan los cargos del consejo de administraci\u00f3n.<\/p>\n\n\n\n<figure class=\"wp-block-image size-large\"><img fetchpriority=\"high\" decoding=\"async\" width=\"1024\" height=\"766\" src=\"https:\/\/diariotextual.com\/inicio\/wp-content\/uploads\/2023\/10\/cpeasamblea2023-2-1024x766.jpg\" alt=\"\" class=\"wp-image-242589\" srcset=\"https:\/\/diariotextual.com\/inicio\/wp-content\/uploads\/2023\/10\/cpeasamblea2023-2-1024x766.jpg 1024w, https:\/\/diariotextual.com\/inicio\/wp-content\/uploads\/2023\/10\/cpeasamblea2023-2-300x224.jpg 300w, https:\/\/diariotextual.com\/inicio\/wp-content\/uploads\/2023\/10\/cpeasamblea2023-2-768x574.jpg 768w, https:\/\/diariotextual.com\/inicio\/wp-content\/uploads\/2023\/10\/cpeasamblea2023-2-1170x875.jpg 1170w, https:\/\/diariotextual.com\/inicio\/wp-content\/uploads\/2023\/10\/cpeasamblea2023-2-585x438.jpg 585w, https:\/\/diariotextual.com\/inicio\/wp-content\/uploads\/2023\/10\/cpeasamblea2023-2.jpg 1527w\" sizes=\"(max-width: 1024px) 100vw, 1024px\" \/><\/figure>\n\n\n\n<p>Hoy, entre las 18 y las 20, se desarroll\u00f3 la asamblea ordinaria del cuerpo en la sala \u201cDon Enrique Tub\u00e1n\u201d del edificio Los Pioneros, en Alsina y Pellegrini.<\/p>\n\n\n\n<p>La novedad institucional la adelant\u00f3&nbsp; Carrascal&nbsp;al Cuerpo de Delegados\/as. Se\u00f1al\u00f3 que, si bien continuar\u00e1 con su labor como consejero, dejar\u00e1 el cargo de presidente en manos del actual prosecretario, Manuel Simpson. <\/p>\n\n\n\n<p>La posibilidad de que Simpson se hiciera cargo de la cooperativa <strong><a href=\"https:\/\/diariotextual.com\/inicio\/index.php\/2023\/10\/24\/manuel-simpson-suena-como-el-reemplazante-de-carrascal-en-la-cpe\/\" target=\"_blank\" rel=\"noreferrer noopener\">hab\u00eda sido adelantada, en exclusiva, por Diario Textual hace cuatro d\u00edas<\/a><\/strong>.<\/p>\n\n\n\n<p>En rigor, la decisi\u00f3n de \u201crenovaci\u00f3n\u201d no pas\u00f3 por manos de Carrascal: fue decidida por otros dirigentes que, a partir de la presentaci\u00f3n de una lista opositora en las \u00faltimas elecciones, leyeron que hay una necesidad de \u201crecambio\u201d y de \u201ctransici\u00f3n\u201d en la cooperativa. De hecho, Carrascal se mostr\u00f3 sorprendido cuando Diario Textual lo consult\u00f3 acerca de la versi\u00f3n de que iba a dejar la presidencia.<\/p>\n\n\n\n<div style=\"height:100px\" aria-hidden=\"true\" class=\"wp-block-spacer\"><\/div>\n\n\n\n<p><strong>Ejercicio y renovaci\u00f3n<\/strong><\/p>\n\n\n\n<p>Las y los delegados electos en las Asambleas Electorales del pasado 23 de septiembre aprobaron por unanimidad el Ejercicio Econ\u00f3mico y Social n\u00ba 91, que se desarroll\u00f3 entre el 1 de julio 2022 y el 30 de junio pasado. <\/p>\n\n\n\n<figure class=\"wp-block-image size-large\"><img decoding=\"async\" width=\"1024\" height=\"766\" src=\"https:\/\/diariotextual.com\/inicio\/wp-content\/uploads\/2023\/10\/cpeasamblea2023-1-1024x766.jpg\" alt=\"\" class=\"wp-image-242586\" srcset=\"https:\/\/diariotextual.com\/inicio\/wp-content\/uploads\/2023\/10\/cpeasamblea2023-1-1024x766.jpg 1024w, https:\/\/diariotextual.com\/inicio\/wp-content\/uploads\/2023\/10\/cpeasamblea2023-1-300x224.jpg 300w, https:\/\/diariotextual.com\/inicio\/wp-content\/uploads\/2023\/10\/cpeasamblea2023-1-768x574.jpg 768w, https:\/\/diariotextual.com\/inicio\/wp-content\/uploads\/2023\/10\/cpeasamblea2023-1-1170x875.jpg 1170w, https:\/\/diariotextual.com\/inicio\/wp-content\/uploads\/2023\/10\/cpeasamblea2023-1-585x438.jpg 585w, https:\/\/diariotextual.com\/inicio\/wp-content\/uploads\/2023\/10\/cpeasamblea2023-1.jpg 1500w\" sizes=\"(max-width: 1024px) 100vw, 1024px\" \/><\/figure>\n\n\n\n<p><\/p>\n\n\n\n<p>En el tradicional informe de presidencia, Carrascal dio trazos generales de la situaci\u00f3n econ\u00f3mica y financiera de la CPE, destacando la defensa del patrimonio (que registr\u00f3 un leve crecimiento del 1,29%), las inversiones que se pudieron materializar (cercanas a los mil millones de pesos), y la recuperaci\u00f3n de algunos niveles del consumo el\u00e9ctrico. Rescat\u00f3 la capacidad para hacer frente a la demanda de servicios, en particular los de Energ\u00eda y Telecomunicaciones, pese a que en ambos las tarifas reguladas se mantuvieron por debajo de los \u00edndices inflacionarios: \u201cEl atraso tarifario es el tal\u00f3n de Aquiles de nuestras entidades\u201d.<\/p>\n\n\n\n<p>Durante su informe se refiri\u00f3 al colapso de parte del techo del \u00e1rea de atenci\u00f3n al p\u00fablico, sobre Ra\u00fal B. D\u00edaz, lo que oblig\u00f3 al traslado urgente de la atenci\u00f3n al sal\u00f3n de la Usina. Destac\u00f3 la celeridad y el esfuerzo de los distintos sectores para garantizar la atenci\u00f3n y la definici\u00f3n pol\u00edtica e institucional del Consejo para proyectar y construir un nuevo edificio: \u201cla concreci\u00f3n del proyecto ser\u00e1 prioritaria\u201d, precis\u00f3.<\/p>\n\n\n\n<p>El dirigente, que estuvo al frente de la presidencia durante los \u00faltimos seis periodos, valoriz\u00f3 como \u201cde suma relevancia\u201d, la participaci\u00f3n de m\u00e1s de 4 mil votantes en las recientes Asambleas de Distrito. La lista Celeste obtuvo una holgada mayor\u00eda que ahora se fortalece con esta renovaci\u00f3n de autoridades. \u201cEsto nos invita a redoblar el compromiso para seguir trabajando, sin perder de vista que la CPE es una empresa solidaria y popular, sensible al estado de situaci\u00f3n de nuestra sociedad\u201d. En su alocuci\u00f3n exalt\u00f3 los 40 a\u00f1os de democracia continua, la reinvindicaci\u00f3n de la soberan\u00eda sobre Malvinas,&nbsp;la defensa de los derechos humanos,&nbsp;y repudi\u00f3 \u00abla negaci\u00f3n de nuestra propia historia, de la dictadura y sus consecuencias; para esta conducci\u00f3n fueron 30.000\u00bb, destac\u00f3 Carrascal ante el aplauso generalizado.&nbsp;<\/p>\n\n\n\n<div style=\"height:100px\" aria-hidden=\"true\" class=\"wp-block-spacer\"><\/div>\n\n\n\n<p><strong>Auditor\u00eda Externa<\/strong><br>Lla contadora M\u00f3nica Toundaian, auditora externa de la CPE, previamente a las palabras de Carrascal, realiz\u00f3 un pormenorizado informe del Ejercicio. Se mantuvo la solidez patrimonial, hubo recuperaci\u00f3n de algunos resultados seccionales y precis\u00f3 sobre las inversiones realizadas en bienes de uso, aunque el balance general volvi\u00f3 a registrar quebranto. Una de las particularidades positivas fue la mejora de los resultados particulares del \u00e1rea de Energ\u00eda, a partir de un crecimiento del consumo y la mejora de los valores agregados de distribuci\u00f3n. Tambi\u00e9n figura en el balance el monto extraordinario de casi 40 millones de pesos que demand\u00f3 reorganizar y adaptar el sal\u00f3n de la Usina, tras el colapso de la losa ocurrido el 1 de enero.<\/p>\n\n\n\n<div style=\"height:100px\" aria-hidden=\"true\" class=\"wp-block-spacer\"><\/div>\n\n\n\n<p><strong>Inversiones<\/strong><\/p>\n\n\n\n<p>Durante el periodo 2022-2023 la CPE realiz\u00f3 inversiones por casi mil millones de pesos. Los sectores con mayor inversi\u00f3n fueron el Servicio El\u00e9ctrico, incluido Alumbrado P\u00fablico, (457 millones) y la sumatoria de los tres de Telecomunicaciones (casi 372 millones de pesos). Al mismo tiempo, los sectores que dieron resultados seccionales negativos fueron Energ\u00eda El\u00e9ctrica, Alumbrado P\u00fablico, Enfermer\u00eda, Telefon\u00eda y Televisi\u00f3n por Cable. Registraron resultados positivos los servicios de Funeraria, Internet, Art\u00edculos del Hogar, Planta de Gas, Seguros y F\u00e1brica de Columnas.<\/p>\n\n\n\n<div style=\"height:100px\" aria-hidden=\"true\" class=\"wp-block-spacer\"><\/div>\n\n\n\n<p><strong>Renovaci\u00f3n de mandatos<\/strong><\/p>\n\n\n\n<p>El Cuerpo de Delegados tambi\u00e9n aprob\u00f3 por unanimidad la renovaci\u00f3n del Consejo de Administraci\u00f3n y de la Sindicatura. Se incorporan como consejeros titulares Jos\u00e9 Piatti, Manuel Simpson, Mirta Dup\u00f3 y Lucas Dalmasso, todos por tres a\u00f1os, y Delfina Molinero por dos a\u00f1os. En tanto se incorporaron Ra\u00fal Sape y Anal\u00eda Ponce como consejeros suplentes por tres a\u00f1os. Gustavo Wigand fue electo como s\u00edndico titular y Adriana Amoroso como s\u00edndica suplente. En la primera reuni\u00f3n del Consejo de Administraci\u00f3n se proceder\u00e1 a la distribuci\u00f3n de cargos para el nuevo periodo.<\/p>\n","protected":false},"excerpt":{"rendered":"<p>Manuel Simpson va a ser el nuevo presidente de la Cooperativa Popular de Electricidad. Alfredo Carrascal, el actual presidente, adelant\u00f3 este s\u00e1bado a los consejeros, en la asamblea ordinaria, que&hellip;<\/p>\n","protected":false},"author":3,"featured_media":242583,"comment_status":"closed","ping_status":"open","sticky":false,"template":"","format":"standard","meta":{"_acf_changed":false,"footnotes":""},"categories":[1,11,8],"tags":[],"class_list":["post-242564","post","type-post","status-publish","format-standard","has-post-thumbnail","hentry","category-es-noticia","category-que-pasa","category-politica"],"acf":[],"yoast_head":"<!-- This site is optimized with the Yoast SEO plugin v27.5 - https:\/\/yoast.com\/product\/yoast-seo-wordpress\/ -->\n<title>Confirmado: Manuel Simpson va a ser el nuevo presidente de la CPE - Diario Textual<\/title>\n<meta name=\"robots\" content=\"index, follow, max-snippet:-1, max-image-preview:large, max-video-preview:-1\" \/>\n<link rel=\"canonical\" href=\"https:\/\/diariotextual.com\/inicio\/index.php\/2023\/10\/28\/confirmado-manuel-simpson-va-a-ser-el-nuevo-presidente-de-la-cpe\/\" \/>\n<meta property=\"og:locale\" content=\"es_ES\" \/>\n<meta property=\"og:type\" content=\"article\" \/>\n<meta property=\"og:title\" content=\"Confirmado: Manuel Simpson va a ser el nuevo presidente de la CPE - Diario Textual\" \/>\n<meta property=\"og:description\" content=\"Manuel Simpson va a ser el nuevo presidente de la Cooperativa Popular de Electricidad. Alfredo Carrascal, el actual presidente, adelant\u00f3 este s\u00e1bado a los consejeros, en la asamblea ordinaria, que&hellip;\" \/>\n<meta property=\"og:url\" content=\"https:\/\/diariotextual.com\/inicio\/index.php\/2023\/10\/28\/confirmado-manuel-simpson-va-a-ser-el-nuevo-presidente-de-la-cpe\/\" \/>\n<meta property=\"og:site_name\" content=\"Diario Textual\" \/>\n<meta property=\"article:publisher\" content=\"https:\/\/www.facebook.com\/eltextual\" \/>\n<meta property=\"article:published_time\" content=\"2023-10-28T23:29:38+00:00\" \/>\n<meta property=\"article:modified_time\" content=\"2023-10-30T10:02:13+00:00\" \/>\n<meta property=\"og:image\" content=\"https:\/\/diariotextual.com\/inicio\/wp-content\/uploads\/2023\/10\/simpsonmanuelcarrascalalfredo2023-1.jpg\" \/>\n\t<meta property=\"og:image:width\" content=\"1305\" \/>\n\t<meta property=\"og:image:height\" content=\"871\" \/>\n\t<meta property=\"og:image:type\" content=\"image\/jpeg\" \/>\n<meta name=\"author\" content=\"Diario1 Diario1\" \/>\n<meta name=\"twitter:card\" content=\"summary_large_image\" \/>\n<meta name=\"twitter:creator\" content=\"@eltextual\" \/>\n<meta name=\"twitter:site\" content=\"@eltextual\" \/>\n<meta name=\"twitter:label1\" content=\"Escrito por\" \/>\n\t<meta name=\"twitter:data1\" content=\"Diario1 Diario1\" \/>\n\t<meta name=\"twitter:label2\" content=\"Tiempo de lectura\" \/>\n\t<meta name=\"twitter:data2\" content=\"5 minutos\" \/>\n<script type=\"application\/ld+json\" class=\"yoast-schema-graph\">{\"@context\":\"https:\\\/\\\/schema.org\",\"@graph\":[{\"@type\":\"Article\",\"@id\":\"https:\\\/\\\/diariotextual.com\\\/inicio\\\/index.php\\\/2023\\\/10\\\/28\\\/confirmado-manuel-simpson-va-a-ser-el-nuevo-presidente-de-la-cpe\\\/#article\",\"isPartOf\":{\"@id\":\"https:\\\/\\\/diariotextual.com\\\/inicio\\\/index.php\\\/2023\\\/10\\\/28\\\/confirmado-manuel-simpson-va-a-ser-el-nuevo-presidente-de-la-cpe\\\/\"},\"author\":{\"name\":\"Diario1 Diario1\",\"@id\":\"https:\\\/\\\/diariotextual.com\\\/inicio\\\/#\\\/schema\\\/person\\\/418fc4093c33e86ed41562db3508f958\"},\"headline\":\"Confirmado: Manuel Simpson va a ser el nuevo presidente de la CPE\",\"datePublished\":\"2023-10-28T23:29:38+00:00\",\"dateModified\":\"2023-10-30T10:02:13+00:00\",\"mainEntityOfPage\":{\"@id\":\"https:\\\/\\\/diariotextual.com\\\/inicio\\\/index.php\\\/2023\\\/10\\\/28\\\/confirmado-manuel-simpson-va-a-ser-el-nuevo-presidente-de-la-cpe\\\/\"},\"wordCount\":917,\"publisher\":{\"@id\":\"https:\\\/\\\/diariotextual.com\\\/inicio\\\/#organization\"},\"image\":{\"@id\":\"https:\\\/\\\/diariotextual.com\\\/inicio\\\/index.php\\\/2023\\\/10\\\/28\\\/confirmado-manuel-simpson-va-a-ser-el-nuevo-presidente-de-la-cpe\\\/#primaryimage\"},\"thumbnailUrl\":\"https:\\\/\\\/diariotextual.com\\\/inicio\\\/wp-content\\\/uploads\\\/2023\\\/10\\\/simpsonmanuelcarrascalalfredo2023-1.jpg\",\"articleSection\":[\"A - ES NOTICIA (van abajo)\",\"A - QUE PASA (al costado)\",\"POLITICA\"],\"inLanguage\":\"es\"},{\"@type\":\"WebPage\",\"@id\":\"https:\\\/\\\/diariotextual.com\\\/inicio\\\/index.php\\\/2023\\\/10\\\/28\\\/confirmado-manuel-simpson-va-a-ser-el-nuevo-presidente-de-la-cpe\\\/\",\"url\":\"https:\\\/\\\/diariotextual.com\\\/inicio\\\/index.php\\\/2023\\\/10\\\/28\\\/confirmado-manuel-simpson-va-a-ser-el-nuevo-presidente-de-la-cpe\\\/\",\"name\":\"Confirmado: Manuel Simpson va a ser el nuevo presidente de la CPE - Diario Textual\",\"isPartOf\":{\"@id\":\"https:\\\/\\\/diariotextual.com\\\/inicio\\\/#website\"},\"primaryImageOfPage\":{\"@id\":\"https:\\\/\\\/diariotextual.com\\\/inicio\\\/index.php\\\/2023\\\/10\\\/28\\\/confirmado-manuel-simpson-va-a-ser-el-nuevo-presidente-de-la-cpe\\\/#primaryimage\"},\"image\":{\"@id\":\"https:\\\/\\\/diariotextual.com\\\/inicio\\\/index.php\\\/2023\\\/10\\\/28\\\/confirmado-manuel-simpson-va-a-ser-el-nuevo-presidente-de-la-cpe\\\/#primaryimage\"},\"thumbnailUrl\":\"https:\\\/\\\/diariotextual.com\\\/inicio\\\/wp-content\\\/uploads\\\/2023\\\/10\\\/simpsonmanuelcarrascalalfredo2023-1.jpg\",\"datePublished\":\"2023-10-28T23:29:38+00:00\",\"dateModified\":\"2023-10-30T10:02:13+00:00\",\"breadcrumb\":{\"@id\":\"https:\\\/\\\/diariotextual.com\\\/inicio\\\/index.php\\\/2023\\\/10\\\/28\\\/confirmado-manuel-simpson-va-a-ser-el-nuevo-presidente-de-la-cpe\\\/#breadcrumb\"},\"inLanguage\":\"es\",\"potentialAction\":[{\"@type\":\"ReadAction\",\"target\":[\"https:\\\/\\\/diariotextual.com\\\/inicio\\\/index.php\\\/2023\\\/10\\\/28\\\/confirmado-manuel-simpson-va-a-ser-el-nuevo-presidente-de-la-cpe\\\/\"]}]},{\"@type\":\"ImageObject\",\"inLanguage\":\"es\",\"@id\":\"https:\\\/\\\/diariotextual.com\\\/inicio\\\/index.php\\\/2023\\\/10\\\/28\\\/confirmado-manuel-simpson-va-a-ser-el-nuevo-presidente-de-la-cpe\\\/#primaryimage\",\"url\":\"https:\\\/\\\/diariotextual.com\\\/inicio\\\/wp-content\\\/uploads\\\/2023\\\/10\\\/simpsonmanuelcarrascalalfredo2023-1.jpg\",\"contentUrl\":\"https:\\\/\\\/diariotextual.com\\\/inicio\\\/wp-content\\\/uploads\\\/2023\\\/10\\\/simpsonmanuelcarrascalalfredo2023-1.jpg\",\"width\":1305,\"height\":871},{\"@type\":\"BreadcrumbList\",\"@id\":\"https:\\\/\\\/diariotextual.com\\\/inicio\\\/index.php\\\/2023\\\/10\\\/28\\\/confirmado-manuel-simpson-va-a-ser-el-nuevo-presidente-de-la-cpe\\\/#breadcrumb\",\"itemListElement\":[{\"@type\":\"ListItem\",\"position\":1,\"name\":\"Portada\",\"item\":\"https:\\\/\\\/diariotextual.com\\\/inicio\\\/\"},{\"@type\":\"ListItem\",\"position\":2,\"name\":\"Confirmado: Manuel Simpson va a ser el nuevo presidente de la CPE\"}]},{\"@type\":\"WebSite\",\"@id\":\"https:\\\/\\\/diariotextual.com\\\/inicio\\\/#website\",\"url\":\"https:\\\/\\\/diariotextual.com\\\/inicio\\\/\",\"name\":\"Diario Textual\",\"description\":\"\",\"publisher\":{\"@id\":\"https:\\\/\\\/diariotextual.com\\\/inicio\\\/#organization\"},\"potentialAction\":[{\"@type\":\"SearchAction\",\"target\":{\"@type\":\"EntryPoint\",\"urlTemplate\":\"https:\\\/\\\/diariotextual.com\\\/inicio\\\/?s={search_term_string}\"},\"query-input\":{\"@type\":\"PropertyValueSpecification\",\"valueRequired\":true,\"valueName\":\"search_term_string\"}}],\"inLanguage\":\"es\"},{\"@type\":\"Organization\",\"@id\":\"https:\\\/\\\/diariotextual.com\\\/inicio\\\/#organization\",\"name\":\"Diario Textual\",\"url\":\"https:\\\/\\\/diariotextual.com\\\/inicio\\\/\",\"logo\":{\"@type\":\"ImageObject\",\"inLanguage\":\"es\",\"@id\":\"https:\\\/\\\/diariotextual.com\\\/inicio\\\/#\\\/schema\\\/logo\\\/image\\\/\",\"url\":\"https:\\\/\\\/diariotextual.com\\\/inicio\\\/wp-content\\\/uploads\\\/2023\\\/05\\\/logotextual1.jpg\",\"contentUrl\":\"https:\\\/\\\/diariotextual.com\\\/inicio\\\/wp-content\\\/uploads\\\/2023\\\/05\\\/logotextual1.jpg\",\"width\":516,\"height\":76,\"caption\":\"Diario Textual\"},\"image\":{\"@id\":\"https:\\\/\\\/diariotextual.com\\\/inicio\\\/#\\\/schema\\\/logo\\\/image\\\/\"},\"sameAs\":[\"https:\\\/\\\/www.facebook.com\\\/eltextual\",\"https:\\\/\\\/x.com\\\/eltextual\",\"http:\\\/\\\/www.instagram.com\\\/eltextual\"]},{\"@type\":\"Person\",\"@id\":\"https:\\\/\\\/diariotextual.com\\\/inicio\\\/#\\\/schema\\\/person\\\/418fc4093c33e86ed41562db3508f958\",\"name\":\"Diario1 Diario1\",\"image\":{\"@type\":\"ImageObject\",\"inLanguage\":\"es\",\"@id\":\"https:\\\/\\\/secure.gravatar.com\\\/avatar\\\/9167d280179c85bc18be67aa7eda765854300033af4896dd779b608640f2ef7a?s=96&d=mm&r=g\",\"url\":\"https:\\\/\\\/secure.gravatar.com\\\/avatar\\\/9167d280179c85bc18be67aa7eda765854300033af4896dd779b608640f2ef7a?s=96&d=mm&r=g\",\"contentUrl\":\"https:\\\/\\\/secure.gravatar.com\\\/avatar\\\/9167d280179c85bc18be67aa7eda765854300033af4896dd779b608640f2ef7a?s=96&d=mm&r=g\",\"caption\":\"Diario1 Diario1\"},\"url\":\"https:\\\/\\\/diariotextual.com\\\/inicio\\\/index.php\\\/author\\\/diario1\\\/\"}]}<\/script>\n<!-- \/ Yoast SEO plugin. -->","yoast_head_json":{"title":"Confirmado: Manuel Simpson va a ser el nuevo presidente de la CPE - Diario Textual","robots":{"index":"index","follow":"follow","max-snippet":"max-snippet:-1","max-image-preview":"max-image-preview:large","max-video-preview":"max-video-preview:-1"},"canonical":"https:\/\/diariotextual.com\/inicio\/index.php\/2023\/10\/28\/confirmado-manuel-simpson-va-a-ser-el-nuevo-presidente-de-la-cpe\/","og_locale":"es_ES","og_type":"article","og_title":"Confirmado: Manuel Simpson va a ser el nuevo presidente de la CPE - Diario Textual","og_description":"Manuel Simpson va a ser el nuevo presidente de la Cooperativa Popular de Electricidad. Alfredo Carrascal, el actual presidente, adelant\u00f3 este s\u00e1bado a los consejeros, en la asamblea ordinaria, que&hellip;","og_url":"https:\/\/diariotextual.com\/inicio\/index.php\/2023\/10\/28\/confirmado-manuel-simpson-va-a-ser-el-nuevo-presidente-de-la-cpe\/","og_site_name":"Diario Textual","article_publisher":"https:\/\/www.facebook.com\/eltextual","article_published_time":"2023-10-28T23:29:38+00:00","article_modified_time":"2023-10-30T10:02:13+00:00","og_image":[{"width":1305,"height":871,"url":"https:\/\/diariotextual.com\/inicio\/wp-content\/uploads\/2023\/10\/simpsonmanuelcarrascalalfredo2023-1.jpg","type":"image\/jpeg"}],"author":"Diario1 Diario1","twitter_card":"summary_large_image","twitter_creator":"@eltextual","twitter_site":"@eltextual","twitter_misc":{"Escrito por":"Diario1 Diario1","Tiempo de lectura":"5 minutos"},"schema":{"@context":"https:\/\/schema.org","@graph":[{"@type":"Article","@id":"https:\/\/diariotextual.com\/inicio\/index.php\/2023\/10\/28\/confirmado-manuel-simpson-va-a-ser-el-nuevo-presidente-de-la-cpe\/#article","isPartOf":{"@id":"https:\/\/diariotextual.com\/inicio\/index.php\/2023\/10\/28\/confirmado-manuel-simpson-va-a-ser-el-nuevo-presidente-de-la-cpe\/"},"author":{"name":"Diario1 Diario1","@id":"https:\/\/diariotextual.com\/inicio\/#\/schema\/person\/418fc4093c33e86ed41562db3508f958"},"headline":"Confirmado: Manuel Simpson va a ser el nuevo presidente de la CPE","datePublished":"2023-10-28T23:29:38+00:00","dateModified":"2023-10-30T10:02:13+00:00","mainEntityOfPage":{"@id":"https:\/\/diariotextual.com\/inicio\/index.php\/2023\/10\/28\/confirmado-manuel-simpson-va-a-ser-el-nuevo-presidente-de-la-cpe\/"},"wordCount":917,"publisher":{"@id":"https:\/\/diariotextual.com\/inicio\/#organization"},"image":{"@id":"https:\/\/diariotextual.com\/inicio\/index.php\/2023\/10\/28\/confirmado-manuel-simpson-va-a-ser-el-nuevo-presidente-de-la-cpe\/#primaryimage"},"thumbnailUrl":"https:\/\/diariotextual.com\/inicio\/wp-content\/uploads\/2023\/10\/simpsonmanuelcarrascalalfredo2023-1.jpg","articleSection":["A - ES NOTICIA (van abajo)","A - QUE PASA (al costado)","POLITICA"],"inLanguage":"es"},{"@type":"WebPage","@id":"https:\/\/diariotextual.com\/inicio\/index.php\/2023\/10\/28\/confirmado-manuel-simpson-va-a-ser-el-nuevo-presidente-de-la-cpe\/","url":"https:\/\/diariotextual.com\/inicio\/index.php\/2023\/10\/28\/confirmado-manuel-simpson-va-a-ser-el-nuevo-presidente-de-la-cpe\/","name":"Confirmado: Manuel Simpson va a ser el nuevo presidente de la CPE - Diario Textual","isPartOf":{"@id":"https:\/\/diariotextual.com\/inicio\/#website"},"primaryImageOfPage":{"@id":"https:\/\/diariotextual.com\/inicio\/index.php\/2023\/10\/28\/confirmado-manuel-simpson-va-a-ser-el-nuevo-presidente-de-la-cpe\/#primaryimage"},"image":{"@id":"https:\/\/diariotextual.com\/inicio\/index.php\/2023\/10\/28\/confirmado-manuel-simpson-va-a-ser-el-nuevo-presidente-de-la-cpe\/#primaryimage"},"thumbnailUrl":"https:\/\/diariotextual.com\/inicio\/wp-content\/uploads\/2023\/10\/simpsonmanuelcarrascalalfredo2023-1.jpg","datePublished":"2023-10-28T23:29:38+00:00","dateModified":"2023-10-30T10:02:13+00:00","breadcrumb":{"@id":"https:\/\/diariotextual.com\/inicio\/index.php\/2023\/10\/28\/confirmado-manuel-simpson-va-a-ser-el-nuevo-presidente-de-la-cpe\/#breadcrumb"},"inLanguage":"es","potentialAction":[{"@type":"ReadAction","target":["https:\/\/diariotextual.com\/inicio\/index.php\/2023\/10\/28\/confirmado-manuel-simpson-va-a-ser-el-nuevo-presidente-de-la-cpe\/"]}]},{"@type":"ImageObject","inLanguage":"es","@id":"https:\/\/diariotextual.com\/inicio\/index.php\/2023\/10\/28\/confirmado-manuel-simpson-va-a-ser-el-nuevo-presidente-de-la-cpe\/#primaryimage","url":"https:\/\/diariotextual.com\/inicio\/wp-content\/uploads\/2023\/10\/simpsonmanuelcarrascalalfredo2023-1.jpg","contentUrl":"https:\/\/diariotextual.com\/inicio\/wp-content\/uploads\/2023\/10\/simpsonmanuelcarrascalalfredo2023-1.jpg","width":1305,"height":871},{"@type":"BreadcrumbList","@id":"https:\/\/diariotextual.com\/inicio\/index.php\/2023\/10\/28\/confirmado-manuel-simpson-va-a-ser-el-nuevo-presidente-de-la-cpe\/#breadcrumb","itemListElement":[{"@type":"ListItem","position":1,"name":"Portada","item":"https:\/\/diariotextual.com\/inicio\/"},{"@type":"ListItem","position":2,"name":"Confirmado: Manuel Simpson va a ser el nuevo presidente de la CPE"}]},{"@type":"WebSite","@id":"https:\/\/diariotextual.com\/inicio\/#website","url":"https:\/\/diariotextual.com\/inicio\/","name":"Diario Textual","description":"","publisher":{"@id":"https:\/\/diariotextual.com\/inicio\/#organization"},"potentialAction":[{"@type":"SearchAction","target":{"@type":"EntryPoint","urlTemplate":"https:\/\/diariotextual.com\/inicio\/?s={search_term_string}"},"query-input":{"@type":"PropertyValueSpecification","valueRequired":true,"valueName":"search_term_string"}}],"inLanguage":"es"},{"@type":"Organization","@id":"https:\/\/diariotextual.com\/inicio\/#organization","name":"Diario Textual","url":"https:\/\/diariotextual.com\/inicio\/","logo":{"@type":"ImageObject","inLanguage":"es","@id":"https:\/\/diariotextual.com\/inicio\/#\/schema\/logo\/image\/","url":"https:\/\/diariotextual.com\/inicio\/wp-content\/uploads\/2023\/05\/logotextual1.jpg","contentUrl":"https:\/\/diariotextual.com\/inicio\/wp-content\/uploads\/2023\/05\/logotextual1.jpg","width":516,"height":76,"caption":"Diario Textual"},"image":{"@id":"https:\/\/diariotextual.com\/inicio\/#\/schema\/logo\/image\/"},"sameAs":["https:\/\/www.facebook.com\/eltextual","https:\/\/x.com\/eltextual","http:\/\/www.instagram.com\/eltextual"]},{"@type":"Person","@id":"https:\/\/diariotextual.com\/inicio\/#\/schema\/person\/418fc4093c33e86ed41562db3508f958","name":"Diario1 Diario1","image":{"@type":"ImageObject","inLanguage":"es","@id":"https:\/\/secure.gravatar.com\/avatar\/9167d280179c85bc18be67aa7eda765854300033af4896dd779b608640f2ef7a?s=96&d=mm&r=g","url":"https:\/\/secure.gravatar.com\/avatar\/9167d280179c85bc18be67aa7eda765854300033af4896dd779b608640f2ef7a?s=96&d=mm&r=g","contentUrl":"https:\/\/secure.gravatar.com\/avatar\/9167d280179c85bc18be67aa7eda765854300033af4896dd779b608640f2ef7a?s=96&d=mm&r=g","caption":"Diario1 Diario1"},"url":"https:\/\/diariotextual.com\/inicio\/index.php\/author\/diario1\/"}]}},"_links":{"self":[{"href":"https:\/\/diariotextual.com\/inicio\/index.php\/wp-json\/wp\/v2\/posts\/242564","targetHints":{"allow":["GET"]}}],"collection":[{"href":"https:\/\/diariotextual.com\/inicio\/index.php\/wp-json\/wp\/v2\/posts"}],"about":[{"href":"https:\/\/diariotextual.com\/inicio\/index.php\/wp-json\/wp\/v2\/types\/post"}],"author":[{"embeddable":true,"href":"https:\/\/diariotextual.com\/inicio\/index.php\/wp-json\/wp\/v2\/users\/3"}],"replies":[{"embeddable":true,"href":"https:\/\/diariotextual.com\/inicio\/index.php\/wp-json\/wp\/v2\/comments?post=242564"}],"version-history":[{"count":8,"href":"https:\/\/diariotextual.com\/inicio\/index.php\/wp-json\/wp\/v2\/posts\/242564\/revisions"}],"predecessor-version":[{"id":242696,"href":"https:\/\/diariotextual.com\/inicio\/index.php\/wp-json\/wp\/v2\/posts\/242564\/revisions\/242696"}],"wp:featuredmedia":[{"embeddable":true,"href":"https:\/\/diariotextual.com\/inicio\/index.php\/wp-json\/wp\/v2\/media\/242583"}],"wp:attachment":[{"href":"https:\/\/diariotextual.com\/inicio\/index.php\/wp-json\/wp\/v2\/media?parent=242564"}],"wp:term":[{"taxonomy":"category","embeddable":true,"href":"https:\/\/diariotextual.com\/inicio\/index.php\/wp-json\/wp\/v2\/categories?post=242564"},{"taxonomy":"post_tag","embeddable":true,"href":"https:\/\/diariotextual.com\/inicio\/index.php\/wp-json\/wp\/v2\/tags?post=242564"}],"curies":[{"name":"wp","href":"https:\/\/api.w.org\/{rel}","templated":true}]}}