{"id":242578,"date":"2023-10-28T21:11:31","date_gmt":"2023-10-29T00:11:31","guid":{"rendered":"https:\/\/diariotextual.com\/inicio\/?p=242578"},"modified":"2023-10-29T21:14:30","modified_gmt":"2023-10-30T00:14:30","slug":"el-dt-pampeano-luis-zubeldia-se-consagro-campeon-de-la-sudamericana","status":"publish","type":"post","link":"https:\/\/diariotextual.com\/inicio\/index.php\/2023\/10\/28\/el-dt-pampeano-luis-zubeldia-se-consagro-campeon-de-la-sudamericana\/","title":{"rendered":"El DT pampeano Luis Zubeld\u00eda se consagr\u00f3 campe\u00f3n de la Sudamericana"},"content":{"rendered":"\n<p>Luis Zubeld\u00eda por fin consigui\u00f3 el tan ansiado t\u00edtulo que buscaba en su carrera como entrenador. Se coron\u00f3 con Liga de Quito ante Fortaleza por penales y se consagr\u00f3 campe\u00f3n de la Copa Sudamericana.<\/p>\n\n\n\n<p>Liga de Quito super\u00f3 4 a 3 por penales a Fortaleza, luego de empatar 1 a 1 en el tiempo reglamentario\u00a0y se consagr\u00f3 campe\u00f3n. <\/p>\n\n\n\n<p>El\u00a0equipo brasilero se puso en ventaja\u00a0con gol del argentino\u00a0Juan Mart\u00edn Lucero y r\u00e1pidamente Lisando Azulgaray igual\u00f3 el encuentro, por lo que el argentino se convirti\u00f3 en el m\u00e1ximo goleador de Liga de Quito en esta Copa Sudamericana, con sus 4 tantos.<\/p>\n\n\n\n<p>En un encuentro muy parejo en los 120&#8242; de juego, pero en la ronda decisiva el arquero Alexander Dom\u00ednguez brill\u00f3 con tres tiros atajados. Este significa el primer t\u00edtulo internacional en Sudam\u00e9rica para el peruano Paolo Guerrero, que hace tres meses lleg\u00f3 al club desde Racing Club.<\/p>\n\n\n\n<p>La&nbsp;tanda de penales fue no apto para card\u00edacos, en primera instancia el delantero Paolo Guerrero err\u00f3 el primer penal para el conjunto ecuatoriano y cuando Pedro Augusto tenia en sus pies el primer titulo para Fortaleza, Alexander Dom\u00ednguez le ahog\u00f3 el grito.&nbsp;Luego&nbsp;Emanuel Br\u00edtez err\u00f3 para los de&nbsp;Juan Pablo Vojvoda y Liga de Quita obtuvo su segunda Copa Sudamericana.<\/p>\n\n\n\n<p>Desde que empez\u00f3 su carrera como entrenador, en 2009 con Lan\u00fas, Zubeld\u00eda&nbsp;<strong>hab\u00eda estado cerca de ser campe\u00f3n en tres oportunidades<\/strong>.<\/p>\n\n\n\n<p>En su primer ciclo con Liga de Quito perdi\u00f3 en la definici\u00f3n contra Emelec en 2015. Despu\u00e9s fue segundo con Cerro Porte\u00f1o en el Apertura del 2018. Su derrota m\u00e1s reciente fue con Lan\u00fas, equipo con el que perdi\u00f3 la final de la Sudamericana 2020 ante Defensa y Justicia.<\/p>\n\n\n\n<p>Su primer ciclo con Liga no fue del todo malo, a pesar de no ganar el t\u00edtulo. Entre 2014 y 2015 dirigi\u00f3 a los Albos en 96 partidos en todas las competencias:&nbsp;<strong>gan\u00f3 47, empat\u00f3 29 y perdi\u00f3 20<\/strong>. En su primer a\u00f1o tuvo un rendimiento del 52,27% y en el siguiente 64,74%. No continu\u00f3 por una propuesta del f\u00fatbol mexicano y dirigi\u00f3 a Santos Laguna.<\/p>\n\n\n\n<p>En este segundo ciclo, mientras tambi\u00e9n pelea por la LigaPro, Zubeld\u00eda puso fin a su mala racha en definiciones despu\u00e9s de lo que hab\u00eda sido la final que perdi\u00f3 en 2020. En aquella oportunidad su Lan\u00fas cay\u00f3 goleado ante Defensa y Justicia en el Kempes de C\u00f3rdoba. Tres a\u00f1os despu\u00e9s se desahog\u00f3 y ahora festeja con los Albos este quinto t\u00edtulo internacional en su historia.<\/p>\n","protected":false},"excerpt":{"rendered":"<p>Luis Zubeld\u00eda por fin consigui\u00f3 el tan ansiado t\u00edtulo que buscaba en su carrera como entrenador. Se coron\u00f3 con Liga de Quito ante Fortaleza por penales y se consagr\u00f3 campe\u00f3n&hellip;<\/p>\n","protected":false},"author":3,"featured_media":242581,"comment_status":"closed","ping_status":"open","sticky":false,"template":"","format":"standard","meta":{"_acf_changed":false,"footnotes":""},"categories":[11,3],"tags":[],"class_list":["post-242578","post","type-post","status-publish","format-standard","has-post-thumbnail","hentry","category-que-pasa","category-deportes"],"acf":[],"yoast_head":"<!-- This site is optimized with the Yoast SEO plugin v27.5 - https:\/\/yoast.com\/product\/yoast-seo-wordpress\/ -->\n<title>El DT pampeano Luis Zubeld\u00eda se consagr\u00f3 campe\u00f3n de la Sudamericana - Diario Textual<\/title>\n<meta name=\"robots\" content=\"index, follow, max-snippet:-1, max-image-preview:large, max-video-preview:-1\" \/>\n<link rel=\"canonical\" href=\"https:\/\/diariotextual.com\/inicio\/index.php\/2023\/10\/28\/el-dt-pampeano-luis-zubeldia-se-consagro-campeon-de-la-sudamericana\/\" \/>\n<meta property=\"og:locale\" content=\"es_ES\" \/>\n<meta property=\"og:type\" content=\"article\" \/>\n<meta property=\"og:title\" content=\"El DT pampeano Luis Zubeld\u00eda se consagr\u00f3 campe\u00f3n de la Sudamericana - Diario Textual\" \/>\n<meta property=\"og:description\" content=\"Luis Zubeld\u00eda por fin consigui\u00f3 el tan ansiado t\u00edtulo que buscaba en su carrera como entrenador. Se coron\u00f3 con Liga de Quito ante Fortaleza por penales y se consagr\u00f3 campe\u00f3n&hellip;\" \/>\n<meta property=\"og:url\" content=\"https:\/\/diariotextual.com\/inicio\/index.php\/2023\/10\/28\/el-dt-pampeano-luis-zubeldia-se-consagro-campeon-de-la-sudamericana\/\" \/>\n<meta property=\"og:site_name\" content=\"Diario Textual\" \/>\n<meta property=\"article:publisher\" content=\"https:\/\/www.facebook.com\/eltextual\" \/>\n<meta property=\"article:published_time\" content=\"2023-10-29T00:11:31+00:00\" \/>\n<meta property=\"article:modified_time\" content=\"2023-10-30T00:14:30+00:00\" \/>\n<meta property=\"og:image\" content=\"https:\/\/diariotextual.com\/inicio\/wp-content\/uploads\/2023\/10\/zubeldialuisligadequito2023-1.jpg\" \/>\n\t<meta property=\"og:image:width\" content=\"1500\" \/>\n\t<meta property=\"og:image:height\" content=\"1000\" \/>\n\t<meta property=\"og:image:type\" content=\"image\/jpeg\" \/>\n<meta name=\"author\" content=\"Diario1 Diario1\" \/>\n<meta name=\"twitter:card\" content=\"summary_large_image\" \/>\n<meta name=\"twitter:creator\" content=\"@eltextual\" \/>\n<meta name=\"twitter:site\" content=\"@eltextual\" \/>\n<meta name=\"twitter:label1\" content=\"Escrito por\" \/>\n\t<meta name=\"twitter:data1\" content=\"Diario1 Diario1\" \/>\n\t<meta name=\"twitter:label2\" content=\"Tiempo de lectura\" \/>\n\t<meta name=\"twitter:data2\" content=\"2 minutos\" \/>\n<script type=\"application\/ld+json\" class=\"yoast-schema-graph\">{\"@context\":\"https:\\\/\\\/schema.org\",\"@graph\":[{\"@type\":\"Article\",\"@id\":\"https:\\\/\\\/diariotextual.com\\\/inicio\\\/index.php\\\/2023\\\/10\\\/28\\\/el-dt-pampeano-luis-zubeldia-se-consagro-campeon-de-la-sudamericana\\\/#article\",\"isPartOf\":{\"@id\":\"https:\\\/\\\/diariotextual.com\\\/inicio\\\/index.php\\\/2023\\\/10\\\/28\\\/el-dt-pampeano-luis-zubeldia-se-consagro-campeon-de-la-sudamericana\\\/\"},\"author\":{\"name\":\"Diario1 Diario1\",\"@id\":\"https:\\\/\\\/diariotextual.com\\\/inicio\\\/#\\\/schema\\\/person\\\/418fc4093c33e86ed41562db3508f958\"},\"headline\":\"El DT pampeano Luis Zubeld\u00eda se consagr\u00f3 campe\u00f3n de la Sudamericana\",\"datePublished\":\"2023-10-29T00:11:31+00:00\",\"dateModified\":\"2023-10-30T00:14:30+00:00\",\"mainEntityOfPage\":{\"@id\":\"https:\\\/\\\/diariotextual.com\\\/inicio\\\/index.php\\\/2023\\\/10\\\/28\\\/el-dt-pampeano-luis-zubeldia-se-consagro-campeon-de-la-sudamericana\\\/\"},\"wordCount\":448,\"publisher\":{\"@id\":\"https:\\\/\\\/diariotextual.com\\\/inicio\\\/#organization\"},\"image\":{\"@id\":\"https:\\\/\\\/diariotextual.com\\\/inicio\\\/index.php\\\/2023\\\/10\\\/28\\\/el-dt-pampeano-luis-zubeldia-se-consagro-campeon-de-la-sudamericana\\\/#primaryimage\"},\"thumbnailUrl\":\"https:\\\/\\\/diariotextual.com\\\/inicio\\\/wp-content\\\/uploads\\\/2023\\\/10\\\/zubeldialuisligadequito2023-1.jpg\",\"articleSection\":[\"A - QUE PASA (al costado)\",\"DEPORTES\"],\"inLanguage\":\"es\"},{\"@type\":\"WebPage\",\"@id\":\"https:\\\/\\\/diariotextual.com\\\/inicio\\\/index.php\\\/2023\\\/10\\\/28\\\/el-dt-pampeano-luis-zubeldia-se-consagro-campeon-de-la-sudamericana\\\/\",\"url\":\"https:\\\/\\\/diariotextual.com\\\/inicio\\\/index.php\\\/2023\\\/10\\\/28\\\/el-dt-pampeano-luis-zubeldia-se-consagro-campeon-de-la-sudamericana\\\/\",\"name\":\"El DT pampeano Luis Zubeld\u00eda se consagr\u00f3 campe\u00f3n de la Sudamericana - Diario Textual\",\"isPartOf\":{\"@id\":\"https:\\\/\\\/diariotextual.com\\\/inicio\\\/#website\"},\"primaryImageOfPage\":{\"@id\":\"https:\\\/\\\/diariotextual.com\\\/inicio\\\/index.php\\\/2023\\\/10\\\/28\\\/el-dt-pampeano-luis-zubeldia-se-consagro-campeon-de-la-sudamericana\\\/#primaryimage\"},\"image\":{\"@id\":\"https:\\\/\\\/diariotextual.com\\\/inicio\\\/index.php\\\/2023\\\/10\\\/28\\\/el-dt-pampeano-luis-zubeldia-se-consagro-campeon-de-la-sudamericana\\\/#primaryimage\"},\"thumbnailUrl\":\"https:\\\/\\\/diariotextual.com\\\/inicio\\\/wp-content\\\/uploads\\\/2023\\\/10\\\/zubeldialuisligadequito2023-1.jpg\",\"datePublished\":\"2023-10-29T00:11:31+00:00\",\"dateModified\":\"2023-10-30T00:14:30+00:00\",\"breadcrumb\":{\"@id\":\"https:\\\/\\\/diariotextual.com\\\/inicio\\\/index.php\\\/2023\\\/10\\\/28\\\/el-dt-pampeano-luis-zubeldia-se-consagro-campeon-de-la-sudamericana\\\/#breadcrumb\"},\"inLanguage\":\"es\",\"potentialAction\":[{\"@type\":\"ReadAction\",\"target\":[\"https:\\\/\\\/diariotextual.com\\\/inicio\\\/index.php\\\/2023\\\/10\\\/28\\\/el-dt-pampeano-luis-zubeldia-se-consagro-campeon-de-la-sudamericana\\\/\"]}]},{\"@type\":\"ImageObject\",\"inLanguage\":\"es\",\"@id\":\"https:\\\/\\\/diariotextual.com\\\/inicio\\\/index.php\\\/2023\\\/10\\\/28\\\/el-dt-pampeano-luis-zubeldia-se-consagro-campeon-de-la-sudamericana\\\/#primaryimage\",\"url\":\"https:\\\/\\\/diariotextual.com\\\/inicio\\\/wp-content\\\/uploads\\\/2023\\\/10\\\/zubeldialuisligadequito2023-1.jpg\",\"contentUrl\":\"https:\\\/\\\/diariotextual.com\\\/inicio\\\/wp-content\\\/uploads\\\/2023\\\/10\\\/zubeldialuisligadequito2023-1.jpg\",\"width\":1500,\"height\":1000},{\"@type\":\"BreadcrumbList\",\"@id\":\"https:\\\/\\\/diariotextual.com\\\/inicio\\\/index.php\\\/2023\\\/10\\\/28\\\/el-dt-pampeano-luis-zubeldia-se-consagro-campeon-de-la-sudamericana\\\/#breadcrumb\",\"itemListElement\":[{\"@type\":\"ListItem\",\"position\":1,\"name\":\"Portada\",\"item\":\"https:\\\/\\\/diariotextual.com\\\/inicio\\\/\"},{\"@type\":\"ListItem\",\"position\":2,\"name\":\"El DT pampeano Luis Zubeld\u00eda se consagr\u00f3 campe\u00f3n de la Sudamericana\"}]},{\"@type\":\"WebSite\",\"@id\":\"https:\\\/\\\/diariotextual.com\\\/inicio\\\/#website\",\"url\":\"https:\\\/\\\/diariotextual.com\\\/inicio\\\/\",\"name\":\"Diario Textual\",\"description\":\"\",\"publisher\":{\"@id\":\"https:\\\/\\\/diariotextual.com\\\/inicio\\\/#organization\"},\"potentialAction\":[{\"@type\":\"SearchAction\",\"target\":{\"@type\":\"EntryPoint\",\"urlTemplate\":\"https:\\\/\\\/diariotextual.com\\\/inicio\\\/?s={search_term_string}\"},\"query-input\":{\"@type\":\"PropertyValueSpecification\",\"valueRequired\":true,\"valueName\":\"search_term_string\"}}],\"inLanguage\":\"es\"},{\"@type\":\"Organization\",\"@id\":\"https:\\\/\\\/diariotextual.com\\\/inicio\\\/#organization\",\"name\":\"Diario Textual\",\"url\":\"https:\\\/\\\/diariotextual.com\\\/inicio\\\/\",\"logo\":{\"@type\":\"ImageObject\",\"inLanguage\":\"es\",\"@id\":\"https:\\\/\\\/diariotextual.com\\\/inicio\\\/#\\\/schema\\\/logo\\\/image\\\/\",\"url\":\"https:\\\/\\\/diariotextual.com\\\/inicio\\\/wp-content\\\/uploads\\\/2023\\\/05\\\/logotextual1.jpg\",\"contentUrl\":\"https:\\\/\\\/diariotextual.com\\\/inicio\\\/wp-content\\\/uploads\\\/2023\\\/05\\\/logotextual1.jpg\",\"width\":516,\"height\":76,\"caption\":\"Diario Textual\"},\"image\":{\"@id\":\"https:\\\/\\\/diariotextual.com\\\/inicio\\\/#\\\/schema\\\/logo\\\/image\\\/\"},\"sameAs\":[\"https:\\\/\\\/www.facebook.com\\\/eltextual\",\"https:\\\/\\\/x.com\\\/eltextual\",\"http:\\\/\\\/www.instagram.com\\\/eltextual\"]},{\"@type\":\"Person\",\"@id\":\"https:\\\/\\\/diariotextual.com\\\/inicio\\\/#\\\/schema\\\/person\\\/418fc4093c33e86ed41562db3508f958\",\"name\":\"Diario1 Diario1\",\"image\":{\"@type\":\"ImageObject\",\"inLanguage\":\"es\",\"@id\":\"https:\\\/\\\/secure.gravatar.com\\\/avatar\\\/9167d280179c85bc18be67aa7eda765854300033af4896dd779b608640f2ef7a?s=96&d=mm&r=g\",\"url\":\"https:\\\/\\\/secure.gravatar.com\\\/avatar\\\/9167d280179c85bc18be67aa7eda765854300033af4896dd779b608640f2ef7a?s=96&d=mm&r=g\",\"contentUrl\":\"https:\\\/\\\/secure.gravatar.com\\\/avatar\\\/9167d280179c85bc18be67aa7eda765854300033af4896dd779b608640f2ef7a?s=96&d=mm&r=g\",\"caption\":\"Diario1 Diario1\"},\"url\":\"https:\\\/\\\/diariotextual.com\\\/inicio\\\/index.php\\\/author\\\/diario1\\\/\"}]}<\/script>\n<!-- \/ Yoast SEO plugin. -->","yoast_head_json":{"title":"El DT pampeano Luis Zubeld\u00eda se consagr\u00f3 campe\u00f3n de la Sudamericana - Diario Textual","robots":{"index":"index","follow":"follow","max-snippet":"max-snippet:-1","max-image-preview":"max-image-preview:large","max-video-preview":"max-video-preview:-1"},"canonical":"https:\/\/diariotextual.com\/inicio\/index.php\/2023\/10\/28\/el-dt-pampeano-luis-zubeldia-se-consagro-campeon-de-la-sudamericana\/","og_locale":"es_ES","og_type":"article","og_title":"El DT pampeano Luis Zubeld\u00eda se consagr\u00f3 campe\u00f3n de la Sudamericana - Diario Textual","og_description":"Luis Zubeld\u00eda por fin consigui\u00f3 el tan ansiado t\u00edtulo que buscaba en su carrera como entrenador. Se coron\u00f3 con Liga de Quito ante Fortaleza por penales y se consagr\u00f3 campe\u00f3n&hellip;","og_url":"https:\/\/diariotextual.com\/inicio\/index.php\/2023\/10\/28\/el-dt-pampeano-luis-zubeldia-se-consagro-campeon-de-la-sudamericana\/","og_site_name":"Diario Textual","article_publisher":"https:\/\/www.facebook.com\/eltextual","article_published_time":"2023-10-29T00:11:31+00:00","article_modified_time":"2023-10-30T00:14:30+00:00","og_image":[{"width":1500,"height":1000,"url":"https:\/\/diariotextual.com\/inicio\/wp-content\/uploads\/2023\/10\/zubeldialuisligadequito2023-1.jpg","type":"image\/jpeg"}],"author":"Diario1 Diario1","twitter_card":"summary_large_image","twitter_creator":"@eltextual","twitter_site":"@eltextual","twitter_misc":{"Escrito por":"Diario1 Diario1","Tiempo de lectura":"2 minutos"},"schema":{"@context":"https:\/\/schema.org","@graph":[{"@type":"Article","@id":"https:\/\/diariotextual.com\/inicio\/index.php\/2023\/10\/28\/el-dt-pampeano-luis-zubeldia-se-consagro-campeon-de-la-sudamericana\/#article","isPartOf":{"@id":"https:\/\/diariotextual.com\/inicio\/index.php\/2023\/10\/28\/el-dt-pampeano-luis-zubeldia-se-consagro-campeon-de-la-sudamericana\/"},"author":{"name":"Diario1 Diario1","@id":"https:\/\/diariotextual.com\/inicio\/#\/schema\/person\/418fc4093c33e86ed41562db3508f958"},"headline":"El DT pampeano Luis Zubeld\u00eda se consagr\u00f3 campe\u00f3n de la Sudamericana","datePublished":"2023-10-29T00:11:31+00:00","dateModified":"2023-10-30T00:14:30+00:00","mainEntityOfPage":{"@id":"https:\/\/diariotextual.com\/inicio\/index.php\/2023\/10\/28\/el-dt-pampeano-luis-zubeldia-se-consagro-campeon-de-la-sudamericana\/"},"wordCount":448,"publisher":{"@id":"https:\/\/diariotextual.com\/inicio\/#organization"},"image":{"@id":"https:\/\/diariotextual.com\/inicio\/index.php\/2023\/10\/28\/el-dt-pampeano-luis-zubeldia-se-consagro-campeon-de-la-sudamericana\/#primaryimage"},"thumbnailUrl":"https:\/\/diariotextual.com\/inicio\/wp-content\/uploads\/2023\/10\/zubeldialuisligadequito2023-1.jpg","articleSection":["A - QUE PASA (al costado)","DEPORTES"],"inLanguage":"es"},{"@type":"WebPage","@id":"https:\/\/diariotextual.com\/inicio\/index.php\/2023\/10\/28\/el-dt-pampeano-luis-zubeldia-se-consagro-campeon-de-la-sudamericana\/","url":"https:\/\/diariotextual.com\/inicio\/index.php\/2023\/10\/28\/el-dt-pampeano-luis-zubeldia-se-consagro-campeon-de-la-sudamericana\/","name":"El DT pampeano Luis Zubeld\u00eda se consagr\u00f3 campe\u00f3n de la Sudamericana - Diario Textual","isPartOf":{"@id":"https:\/\/diariotextual.com\/inicio\/#website"},"primaryImageOfPage":{"@id":"https:\/\/diariotextual.com\/inicio\/index.php\/2023\/10\/28\/el-dt-pampeano-luis-zubeldia-se-consagro-campeon-de-la-sudamericana\/#primaryimage"},"image":{"@id":"https:\/\/diariotextual.com\/inicio\/index.php\/2023\/10\/28\/el-dt-pampeano-luis-zubeldia-se-consagro-campeon-de-la-sudamericana\/#primaryimage"},"thumbnailUrl":"https:\/\/diariotextual.com\/inicio\/wp-content\/uploads\/2023\/10\/zubeldialuisligadequito2023-1.jpg","datePublished":"2023-10-29T00:11:31+00:00","dateModified":"2023-10-30T00:14:30+00:00","breadcrumb":{"@id":"https:\/\/diariotextual.com\/inicio\/index.php\/2023\/10\/28\/el-dt-pampeano-luis-zubeldia-se-consagro-campeon-de-la-sudamericana\/#breadcrumb"},"inLanguage":"es","potentialAction":[{"@type":"ReadAction","target":["https:\/\/diariotextual.com\/inicio\/index.php\/2023\/10\/28\/el-dt-pampeano-luis-zubeldia-se-consagro-campeon-de-la-sudamericana\/"]}]},{"@type":"ImageObject","inLanguage":"es","@id":"https:\/\/diariotextual.com\/inicio\/index.php\/2023\/10\/28\/el-dt-pampeano-luis-zubeldia-se-consagro-campeon-de-la-sudamericana\/#primaryimage","url":"https:\/\/diariotextual.com\/inicio\/wp-content\/uploads\/2023\/10\/zubeldialuisligadequito2023-1.jpg","contentUrl":"https:\/\/diariotextual.com\/inicio\/wp-content\/uploads\/2023\/10\/zubeldialuisligadequito2023-1.jpg","width":1500,"height":1000},{"@type":"BreadcrumbList","@id":"https:\/\/diariotextual.com\/inicio\/index.php\/2023\/10\/28\/el-dt-pampeano-luis-zubeldia-se-consagro-campeon-de-la-sudamericana\/#breadcrumb","itemListElement":[{"@type":"ListItem","position":1,"name":"Portada","item":"https:\/\/diariotextual.com\/inicio\/"},{"@type":"ListItem","position":2,"name":"El DT pampeano Luis Zubeld\u00eda se consagr\u00f3 campe\u00f3n de la Sudamericana"}]},{"@type":"WebSite","@id":"https:\/\/diariotextual.com\/inicio\/#website","url":"https:\/\/diariotextual.com\/inicio\/","name":"Diario Textual","description":"","publisher":{"@id":"https:\/\/diariotextual.com\/inicio\/#organization"},"potentialAction":[{"@type":"SearchAction","target":{"@type":"EntryPoint","urlTemplate":"https:\/\/diariotextual.com\/inicio\/?s={search_term_string}"},"query-input":{"@type":"PropertyValueSpecification","valueRequired":true,"valueName":"search_term_string"}}],"inLanguage":"es"},{"@type":"Organization","@id":"https:\/\/diariotextual.com\/inicio\/#organization","name":"Diario Textual","url":"https:\/\/diariotextual.com\/inicio\/","logo":{"@type":"ImageObject","inLanguage":"es","@id":"https:\/\/diariotextual.com\/inicio\/#\/schema\/logo\/image\/","url":"https:\/\/diariotextual.com\/inicio\/wp-content\/uploads\/2023\/05\/logotextual1.jpg","contentUrl":"https:\/\/diariotextual.com\/inicio\/wp-content\/uploads\/2023\/05\/logotextual1.jpg","width":516,"height":76,"caption":"Diario Textual"},"image":{"@id":"https:\/\/diariotextual.com\/inicio\/#\/schema\/logo\/image\/"},"sameAs":["https:\/\/www.facebook.com\/eltextual","https:\/\/x.com\/eltextual","http:\/\/www.instagram.com\/eltextual"]},{"@type":"Person","@id":"https:\/\/diariotextual.com\/inicio\/#\/schema\/person\/418fc4093c33e86ed41562db3508f958","name":"Diario1 Diario1","image":{"@type":"ImageObject","inLanguage":"es","@id":"https:\/\/secure.gravatar.com\/avatar\/9167d280179c85bc18be67aa7eda765854300033af4896dd779b608640f2ef7a?s=96&d=mm&r=g","url":"https:\/\/secure.gravatar.com\/avatar\/9167d280179c85bc18be67aa7eda765854300033af4896dd779b608640f2ef7a?s=96&d=mm&r=g","contentUrl":"https:\/\/secure.gravatar.com\/avatar\/9167d280179c85bc18be67aa7eda765854300033af4896dd779b608640f2ef7a?s=96&d=mm&r=g","caption":"Diario1 Diario1"},"url":"https:\/\/diariotextual.com\/inicio\/index.php\/author\/diario1\/"}]}},"_links":{"self":[{"href":"https:\/\/diariotextual.com\/inicio\/index.php\/wp-json\/wp\/v2\/posts\/242578","targetHints":{"allow":["GET"]}}],"collection":[{"href":"https:\/\/diariotextual.com\/inicio\/index.php\/wp-json\/wp\/v2\/posts"}],"about":[{"href":"https:\/\/diariotextual.com\/inicio\/index.php\/wp-json\/wp\/v2\/types\/post"}],"author":[{"embeddable":true,"href":"https:\/\/diariotextual.com\/inicio\/index.php\/wp-json\/wp\/v2\/users\/3"}],"replies":[{"embeddable":true,"href":"https:\/\/diariotextual.com\/inicio\/index.php\/wp-json\/wp\/v2\/comments?post=242578"}],"version-history":[{"count":2,"href":"https:\/\/diariotextual.com\/inicio\/index.php\/wp-json\/wp\/v2\/posts\/242578\/revisions"}],"predecessor-version":[{"id":242580,"href":"https:\/\/diariotextual.com\/inicio\/index.php\/wp-json\/wp\/v2\/posts\/242578\/revisions\/242580"}],"wp:featuredmedia":[{"embeddable":true,"href":"https:\/\/diariotextual.com\/inicio\/index.php\/wp-json\/wp\/v2\/media\/242581"}],"wp:attachment":[{"href":"https:\/\/diariotextual.com\/inicio\/index.php\/wp-json\/wp\/v2\/media?parent=242578"}],"wp:term":[{"taxonomy":"category","embeddable":true,"href":"https:\/\/diariotextual.com\/inicio\/index.php\/wp-json\/wp\/v2\/categories?post=242578"},{"taxonomy":"post_tag","embeddable":true,"href":"https:\/\/diariotextual.com\/inicio\/index.php\/wp-json\/wp\/v2\/tags?post=242578"}],"curies":[{"name":"wp","href":"https:\/\/api.w.org\/{rel}","templated":true}]}}