{"id":242604,"date":"2023-10-29T19:30:00","date_gmt":"2023-10-29T22:30:00","guid":{"rendered":"https:\/\/diariotextual.com\/inicio\/?p=242604"},"modified":"2023-10-30T00:04:49","modified_gmt":"2023-10-30T03:04:49","slug":"balotaje-se-aceleran-los-contactos-para-que-el-pro-la-pampa-y-tierno-fiscalicen-a-milei","status":"publish","type":"post","link":"https:\/\/diariotextual.com\/inicio\/index.php\/2023\/10\/29\/balotaje-se-aceleran-los-contactos-para-que-el-pro-la-pampa-y-tierno-fiscalicen-a-milei\/","title":{"rendered":"Se aceleran contactos para que el PRO La Pampa y el partido de Tierno cuiden los votos de Milei"},"content":{"rendered":"\n<p>La militancia de <strong>La Libertad Avanza<\/strong>, el partido de <strong>Javier Milei<\/strong>, est\u00e1 acelerando los contactos para sumar m\u00e1s fiscales en el balotaje del 19 de noviembre. Como ya adelant\u00f3 <strong>Diario Textual<\/strong>, espera contar con militantes y dirigentes del<strong> PRO La Pampa<\/strong> y de <strong>Comunidad Organizada<\/strong>, entre otros partidos, para <strong>controlar los votos.<\/strong><\/p>\n\n\n\n<p>En las elecciones del 22 de octubre, cont\u00f3 con unos 300 fiscales. Ahora la intenci\u00f3n es que haya un fiscal por mesa, es decir, 900, en la segunda vuelta entre el peronista<strong> Sergio Massa<\/strong> y el libertario<strong> Javier Milei<\/strong>.<\/p>\n\n\n\n<p><strong>Comunidad Organizada<\/strong>, el partido de Juan Carlos Tierno y Sandra Fonseca, ya anunciaron su apoyo a Milei. En las redes sociales, los tiernistas est\u00e1n reclutando fiscales.<\/p>\n\n\n\n<p>&nbsp;A su vez,<strong> el PRO La Pampa podr\u00eda hacer el grueso de aporte de fiscales.<\/strong> Ayer, por lo pronto, <strong>el consejo del partido, en un confuso comunicado, dio una suerte de libertad de acci\u00f3n.<\/strong> Pero luego el presidente del PRO La Pampa, <strong>Enrique Juan<\/strong>, adelant\u00f3 que <strong><a href=\"https:\/\/diariotextual.com\/inicio\/index.php\/2023\/10\/28\/el-pro-la-pampa-contra-massa-pero-con-algunos-chisporroteos-sobre-dar-su-apoyo-a-milei\/\" target=\"_blank\" rel=\"noreferrer noopener\">casi toda la conducci\u00f3n est\u00e1 con Milei.<\/a><\/strong> Se espera, en ese marco, que los fiscales sean aportados por el ala de los <strong><em>halcones <\/em><\/strong>que respaldan el pacto que hizo Mauricio Macri con el libertario. Otro sector, vinculado a Horacio Rodr\u00edguez Larreta, es partidario de mantener una posici\u00f3n neutral.<\/p>\n\n\n\n<p>Otro es el P<strong>artido Dem\u00f3crata.<\/strong> &nbsp;<strong>Carlos Martin \u201cCaico\u201d Montoya<\/strong> llam\u00f3 a sus afiliados, adherente y simpatizantes a votar por <strong>Javier Milei. <\/strong>Su aporte de fiscales, de todas maneras, ser\u00e1 m\u00e1s que modesto.<\/p>\n\n\n\n<p>Tambi\u00e9n dio su respaldo a los libertarios el Movimiento Federalista Pampeano (Mofepa).<\/p>\n\n\n\n<figure class=\"wp-block-embed is-type-wp-embed is-provider-diario-textual wp-block-embed-diario-textual\"><div class=\"wp-block-embed__wrapper\">\n<blockquote class=\"wp-embedded-content\" data-secret=\"2NngZS3AAm\"><a href=\"https:\/\/diariotextual.com\/inicio\/index.php\/2023\/10\/28\/el-pro-la-pampa-contra-massa-pero-con-algunos-chisporroteos-sobre-dar-su-apoyo-a-milei\/\">Guerra de comunicados en el PRO La Pampa: piden (no sin chisporroteos) por el voto a Milei<\/a><\/blockquote><iframe class=\"wp-embedded-content\" sandbox=\"allow-scripts\" security=\"restricted\" style=\"position: absolute; clip: rect(1px, 1px, 1px, 1px);\" title=\"\u00abGuerra de comunicados en el PRO La Pampa: piden (no sin chisporroteos) por el voto a Milei\u00bb \u2014 Diario Textual\" src=\"https:\/\/diariotextual.com\/inicio\/index.php\/2023\/10\/28\/el-pro-la-pampa-contra-massa-pero-con-algunos-chisporroteos-sobre-dar-su-apoyo-a-milei\/embed\/#?secret=eovV6kUWz4#?secret=2NngZS3AAm\" data-secret=\"2NngZS3AAm\" width=\"600\" height=\"338\" frameborder=\"0\" marginwidth=\"0\" marginheight=\"0\" scrolling=\"no\"><\/iframe>\n<\/div><\/figure>\n\n\n\n<p>Por su parte, falta una definici\u00f3n de otros partidos que podr\u00edan decantarse por Milei, como el MID.<\/p>\n\n\n\n<p>En tanto, la UCR se ha manifestado en una posici\u00f3n de neutralidad ante Massa y Milei.<\/p>\n\n\n\n<p><\/p>\n","protected":false},"excerpt":{"rendered":"<p>La militancia de La Libertad Avanza, el partido de Javier Milei, est\u00e1 acelerando los contactos para sumar m\u00e1s fiscales en el balotaje del 19 de noviembre. Como ya adelant\u00f3 Diario&hellip;<\/p>\n","protected":false},"author":3,"featured_media":241650,"comment_status":"closed","ping_status":"open","sticky":false,"template":"","format":"standard","meta":{"_acf_changed":false,"footnotes":""},"categories":[11,8],"tags":[],"class_list":["post-242604","post","type-post","status-publish","format-standard","has-post-thumbnail","hentry","category-que-pasa","category-politica"],"acf":[],"yoast_head":"<!-- This site is optimized with the Yoast SEO plugin v27.5 - https:\/\/yoast.com\/product\/yoast-seo-wordpress\/ -->\n<title>Se aceleran contactos para que el PRO La Pampa y el partido de Tierno cuiden los votos de Milei - Diario Textual<\/title>\n<meta name=\"robots\" content=\"index, follow, max-snippet:-1, max-image-preview:large, max-video-preview:-1\" \/>\n<link rel=\"canonical\" href=\"https:\/\/diariotextual.com\/inicio\/index.php\/2023\/10\/29\/balotaje-se-aceleran-los-contactos-para-que-el-pro-la-pampa-y-tierno-fiscalicen-a-milei\/\" \/>\n<meta property=\"og:locale\" content=\"es_ES\" \/>\n<meta property=\"og:type\" content=\"article\" \/>\n<meta property=\"og:title\" content=\"Se aceleran contactos para que el PRO La Pampa y el partido de Tierno cuiden los votos de Milei - Diario Textual\" \/>\n<meta property=\"og:description\" content=\"La militancia de La Libertad Avanza, el partido de Javier Milei, est\u00e1 acelerando los contactos para sumar m\u00e1s fiscales en el balotaje del 19 de noviembre. Como ya adelant\u00f3 Diario&hellip;\" \/>\n<meta property=\"og:url\" content=\"https:\/\/diariotextual.com\/inicio\/index.php\/2023\/10\/29\/balotaje-se-aceleran-los-contactos-para-que-el-pro-la-pampa-y-tierno-fiscalicen-a-milei\/\" \/>\n<meta property=\"og:site_name\" content=\"Diario Textual\" \/>\n<meta property=\"article:publisher\" content=\"https:\/\/www.facebook.com\/eltextual\" \/>\n<meta property=\"article:published_time\" content=\"2023-10-29T22:30:00+00:00\" \/>\n<meta property=\"article:modified_time\" content=\"2023-10-30T03:04:49+00:00\" \/>\n<meta property=\"og:image\" content=\"https:\/\/diariotextual.com\/inicio\/wp-content\/uploads\/2023\/10\/eleccionestelamurnas2023-600.jpg\" \/>\n\t<meta property=\"og:image:width\" content=\"1200\" \/>\n\t<meta property=\"og:image:height\" content=\"675\" \/>\n\t<meta property=\"og:image:type\" content=\"image\/jpeg\" \/>\n<meta name=\"author\" content=\"Diario1 Diario1\" \/>\n<meta name=\"twitter:card\" content=\"summary_large_image\" \/>\n<meta name=\"twitter:creator\" content=\"@eltextual\" \/>\n<meta name=\"twitter:site\" content=\"@eltextual\" \/>\n<meta name=\"twitter:label1\" content=\"Escrito por\" \/>\n\t<meta name=\"twitter:data1\" content=\"Diario1 Diario1\" \/>\n\t<meta name=\"twitter:label2\" content=\"Tiempo de lectura\" \/>\n\t<meta name=\"twitter:data2\" content=\"2 minutos\" \/>\n<script type=\"application\/ld+json\" class=\"yoast-schema-graph\">{\"@context\":\"https:\\\/\\\/schema.org\",\"@graph\":[{\"@type\":\"Article\",\"@id\":\"https:\\\/\\\/diariotextual.com\\\/inicio\\\/index.php\\\/2023\\\/10\\\/29\\\/balotaje-se-aceleran-los-contactos-para-que-el-pro-la-pampa-y-tierno-fiscalicen-a-milei\\\/#article\",\"isPartOf\":{\"@id\":\"https:\\\/\\\/diariotextual.com\\\/inicio\\\/index.php\\\/2023\\\/10\\\/29\\\/balotaje-se-aceleran-los-contactos-para-que-el-pro-la-pampa-y-tierno-fiscalicen-a-milei\\\/\"},\"author\":{\"name\":\"Diario1 Diario1\",\"@id\":\"https:\\\/\\\/diariotextual.com\\\/inicio\\\/#\\\/schema\\\/person\\\/418fc4093c33e86ed41562db3508f958\"},\"headline\":\"Se aceleran contactos para que el PRO La Pampa y el partido de Tierno cuiden los votos de Milei\",\"datePublished\":\"2023-10-29T22:30:00+00:00\",\"dateModified\":\"2023-10-30T03:04:49+00:00\",\"mainEntityOfPage\":{\"@id\":\"https:\\\/\\\/diariotextual.com\\\/inicio\\\/index.php\\\/2023\\\/10\\\/29\\\/balotaje-se-aceleran-los-contactos-para-que-el-pro-la-pampa-y-tierno-fiscalicen-a-milei\\\/\"},\"wordCount\":326,\"publisher\":{\"@id\":\"https:\\\/\\\/diariotextual.com\\\/inicio\\\/#organization\"},\"image\":{\"@id\":\"https:\\\/\\\/diariotextual.com\\\/inicio\\\/index.php\\\/2023\\\/10\\\/29\\\/balotaje-se-aceleran-los-contactos-para-que-el-pro-la-pampa-y-tierno-fiscalicen-a-milei\\\/#primaryimage\"},\"thumbnailUrl\":\"https:\\\/\\\/diariotextual.com\\\/inicio\\\/wp-content\\\/uploads\\\/2023\\\/10\\\/eleccionestelamurnas2023-600.jpg\",\"articleSection\":[\"A - QUE PASA (al costado)\",\"POLITICA\"],\"inLanguage\":\"es\"},{\"@type\":\"WebPage\",\"@id\":\"https:\\\/\\\/diariotextual.com\\\/inicio\\\/index.php\\\/2023\\\/10\\\/29\\\/balotaje-se-aceleran-los-contactos-para-que-el-pro-la-pampa-y-tierno-fiscalicen-a-milei\\\/\",\"url\":\"https:\\\/\\\/diariotextual.com\\\/inicio\\\/index.php\\\/2023\\\/10\\\/29\\\/balotaje-se-aceleran-los-contactos-para-que-el-pro-la-pampa-y-tierno-fiscalicen-a-milei\\\/\",\"name\":\"Se aceleran contactos para que el PRO La Pampa y el partido de Tierno cuiden los votos de Milei - Diario Textual\",\"isPartOf\":{\"@id\":\"https:\\\/\\\/diariotextual.com\\\/inicio\\\/#website\"},\"primaryImageOfPage\":{\"@id\":\"https:\\\/\\\/diariotextual.com\\\/inicio\\\/index.php\\\/2023\\\/10\\\/29\\\/balotaje-se-aceleran-los-contactos-para-que-el-pro-la-pampa-y-tierno-fiscalicen-a-milei\\\/#primaryimage\"},\"image\":{\"@id\":\"https:\\\/\\\/diariotextual.com\\\/inicio\\\/index.php\\\/2023\\\/10\\\/29\\\/balotaje-se-aceleran-los-contactos-para-que-el-pro-la-pampa-y-tierno-fiscalicen-a-milei\\\/#primaryimage\"},\"thumbnailUrl\":\"https:\\\/\\\/diariotextual.com\\\/inicio\\\/wp-content\\\/uploads\\\/2023\\\/10\\\/eleccionestelamurnas2023-600.jpg\",\"datePublished\":\"2023-10-29T22:30:00+00:00\",\"dateModified\":\"2023-10-30T03:04:49+00:00\",\"breadcrumb\":{\"@id\":\"https:\\\/\\\/diariotextual.com\\\/inicio\\\/index.php\\\/2023\\\/10\\\/29\\\/balotaje-se-aceleran-los-contactos-para-que-el-pro-la-pampa-y-tierno-fiscalicen-a-milei\\\/#breadcrumb\"},\"inLanguage\":\"es\",\"potentialAction\":[{\"@type\":\"ReadAction\",\"target\":[\"https:\\\/\\\/diariotextual.com\\\/inicio\\\/index.php\\\/2023\\\/10\\\/29\\\/balotaje-se-aceleran-los-contactos-para-que-el-pro-la-pampa-y-tierno-fiscalicen-a-milei\\\/\"]}]},{\"@type\":\"ImageObject\",\"inLanguage\":\"es\",\"@id\":\"https:\\\/\\\/diariotextual.com\\\/inicio\\\/index.php\\\/2023\\\/10\\\/29\\\/balotaje-se-aceleran-los-contactos-para-que-el-pro-la-pampa-y-tierno-fiscalicen-a-milei\\\/#primaryimage\",\"url\":\"https:\\\/\\\/diariotextual.com\\\/inicio\\\/wp-content\\\/uploads\\\/2023\\\/10\\\/eleccionestelamurnas2023-600.jpg\",\"contentUrl\":\"https:\\\/\\\/diariotextual.com\\\/inicio\\\/wp-content\\\/uploads\\\/2023\\\/10\\\/eleccionestelamurnas2023-600.jpg\",\"width\":1200,\"height\":675},{\"@type\":\"BreadcrumbList\",\"@id\":\"https:\\\/\\\/diariotextual.com\\\/inicio\\\/index.php\\\/2023\\\/10\\\/29\\\/balotaje-se-aceleran-los-contactos-para-que-el-pro-la-pampa-y-tierno-fiscalicen-a-milei\\\/#breadcrumb\",\"itemListElement\":[{\"@type\":\"ListItem\",\"position\":1,\"name\":\"Portada\",\"item\":\"https:\\\/\\\/diariotextual.com\\\/inicio\\\/\"},{\"@type\":\"ListItem\",\"position\":2,\"name\":\"Se aceleran contactos para que el PRO La Pampa y el partido de Tierno cuiden los votos de Milei\"}]},{\"@type\":\"WebSite\",\"@id\":\"https:\\\/\\\/diariotextual.com\\\/inicio\\\/#website\",\"url\":\"https:\\\/\\\/diariotextual.com\\\/inicio\\\/\",\"name\":\"Diario Textual\",\"description\":\"\",\"publisher\":{\"@id\":\"https:\\\/\\\/diariotextual.com\\\/inicio\\\/#organization\"},\"potentialAction\":[{\"@type\":\"SearchAction\",\"target\":{\"@type\":\"EntryPoint\",\"urlTemplate\":\"https:\\\/\\\/diariotextual.com\\\/inicio\\\/?s={search_term_string}\"},\"query-input\":{\"@type\":\"PropertyValueSpecification\",\"valueRequired\":true,\"valueName\":\"search_term_string\"}}],\"inLanguage\":\"es\"},{\"@type\":\"Organization\",\"@id\":\"https:\\\/\\\/diariotextual.com\\\/inicio\\\/#organization\",\"name\":\"Diario Textual\",\"url\":\"https:\\\/\\\/diariotextual.com\\\/inicio\\\/\",\"logo\":{\"@type\":\"ImageObject\",\"inLanguage\":\"es\",\"@id\":\"https:\\\/\\\/diariotextual.com\\\/inicio\\\/#\\\/schema\\\/logo\\\/image\\\/\",\"url\":\"https:\\\/\\\/diariotextual.com\\\/inicio\\\/wp-content\\\/uploads\\\/2023\\\/05\\\/logotextual1.jpg\",\"contentUrl\":\"https:\\\/\\\/diariotextual.com\\\/inicio\\\/wp-content\\\/uploads\\\/2023\\\/05\\\/logotextual1.jpg\",\"width\":516,\"height\":76,\"caption\":\"Diario Textual\"},\"image\":{\"@id\":\"https:\\\/\\\/diariotextual.com\\\/inicio\\\/#\\\/schema\\\/logo\\\/image\\\/\"},\"sameAs\":[\"https:\\\/\\\/www.facebook.com\\\/eltextual\",\"https:\\\/\\\/x.com\\\/eltextual\",\"http:\\\/\\\/www.instagram.com\\\/eltextual\"]},{\"@type\":\"Person\",\"@id\":\"https:\\\/\\\/diariotextual.com\\\/inicio\\\/#\\\/schema\\\/person\\\/418fc4093c33e86ed41562db3508f958\",\"name\":\"Diario1 Diario1\",\"image\":{\"@type\":\"ImageObject\",\"inLanguage\":\"es\",\"@id\":\"https:\\\/\\\/secure.gravatar.com\\\/avatar\\\/9167d280179c85bc18be67aa7eda765854300033af4896dd779b608640f2ef7a?s=96&d=mm&r=g\",\"url\":\"https:\\\/\\\/secure.gravatar.com\\\/avatar\\\/9167d280179c85bc18be67aa7eda765854300033af4896dd779b608640f2ef7a?s=96&d=mm&r=g\",\"contentUrl\":\"https:\\\/\\\/secure.gravatar.com\\\/avatar\\\/9167d280179c85bc18be67aa7eda765854300033af4896dd779b608640f2ef7a?s=96&d=mm&r=g\",\"caption\":\"Diario1 Diario1\"},\"url\":\"https:\\\/\\\/diariotextual.com\\\/inicio\\\/index.php\\\/author\\\/diario1\\\/\"}]}<\/script>\n<!-- \/ Yoast SEO plugin. -->","yoast_head_json":{"title":"Se aceleran contactos para que el PRO La Pampa y el partido de Tierno cuiden los votos de Milei - Diario Textual","robots":{"index":"index","follow":"follow","max-snippet":"max-snippet:-1","max-image-preview":"max-image-preview:large","max-video-preview":"max-video-preview:-1"},"canonical":"https:\/\/diariotextual.com\/inicio\/index.php\/2023\/10\/29\/balotaje-se-aceleran-los-contactos-para-que-el-pro-la-pampa-y-tierno-fiscalicen-a-milei\/","og_locale":"es_ES","og_type":"article","og_title":"Se aceleran contactos para que el PRO La Pampa y el partido de Tierno cuiden los votos de Milei - Diario Textual","og_description":"La militancia de La Libertad Avanza, el partido de Javier Milei, est\u00e1 acelerando los contactos para sumar m\u00e1s fiscales en el balotaje del 19 de noviembre. Como ya adelant\u00f3 Diario&hellip;","og_url":"https:\/\/diariotextual.com\/inicio\/index.php\/2023\/10\/29\/balotaje-se-aceleran-los-contactos-para-que-el-pro-la-pampa-y-tierno-fiscalicen-a-milei\/","og_site_name":"Diario Textual","article_publisher":"https:\/\/www.facebook.com\/eltextual","article_published_time":"2023-10-29T22:30:00+00:00","article_modified_time":"2023-10-30T03:04:49+00:00","og_image":[{"width":1200,"height":675,"url":"https:\/\/diariotextual.com\/inicio\/wp-content\/uploads\/2023\/10\/eleccionestelamurnas2023-600.jpg","type":"image\/jpeg"}],"author":"Diario1 Diario1","twitter_card":"summary_large_image","twitter_creator":"@eltextual","twitter_site":"@eltextual","twitter_misc":{"Escrito por":"Diario1 Diario1","Tiempo de lectura":"2 minutos"},"schema":{"@context":"https:\/\/schema.org","@graph":[{"@type":"Article","@id":"https:\/\/diariotextual.com\/inicio\/index.php\/2023\/10\/29\/balotaje-se-aceleran-los-contactos-para-que-el-pro-la-pampa-y-tierno-fiscalicen-a-milei\/#article","isPartOf":{"@id":"https:\/\/diariotextual.com\/inicio\/index.php\/2023\/10\/29\/balotaje-se-aceleran-los-contactos-para-que-el-pro-la-pampa-y-tierno-fiscalicen-a-milei\/"},"author":{"name":"Diario1 Diario1","@id":"https:\/\/diariotextual.com\/inicio\/#\/schema\/person\/418fc4093c33e86ed41562db3508f958"},"headline":"Se aceleran contactos para que el PRO La Pampa y el partido de Tierno cuiden los votos de Milei","datePublished":"2023-10-29T22:30:00+00:00","dateModified":"2023-10-30T03:04:49+00:00","mainEntityOfPage":{"@id":"https:\/\/diariotextual.com\/inicio\/index.php\/2023\/10\/29\/balotaje-se-aceleran-los-contactos-para-que-el-pro-la-pampa-y-tierno-fiscalicen-a-milei\/"},"wordCount":326,"publisher":{"@id":"https:\/\/diariotextual.com\/inicio\/#organization"},"image":{"@id":"https:\/\/diariotextual.com\/inicio\/index.php\/2023\/10\/29\/balotaje-se-aceleran-los-contactos-para-que-el-pro-la-pampa-y-tierno-fiscalicen-a-milei\/#primaryimage"},"thumbnailUrl":"https:\/\/diariotextual.com\/inicio\/wp-content\/uploads\/2023\/10\/eleccionestelamurnas2023-600.jpg","articleSection":["A - QUE PASA (al costado)","POLITICA"],"inLanguage":"es"},{"@type":"WebPage","@id":"https:\/\/diariotextual.com\/inicio\/index.php\/2023\/10\/29\/balotaje-se-aceleran-los-contactos-para-que-el-pro-la-pampa-y-tierno-fiscalicen-a-milei\/","url":"https:\/\/diariotextual.com\/inicio\/index.php\/2023\/10\/29\/balotaje-se-aceleran-los-contactos-para-que-el-pro-la-pampa-y-tierno-fiscalicen-a-milei\/","name":"Se aceleran contactos para que el PRO La Pampa y el partido de Tierno cuiden los votos de Milei - Diario Textual","isPartOf":{"@id":"https:\/\/diariotextual.com\/inicio\/#website"},"primaryImageOfPage":{"@id":"https:\/\/diariotextual.com\/inicio\/index.php\/2023\/10\/29\/balotaje-se-aceleran-los-contactos-para-que-el-pro-la-pampa-y-tierno-fiscalicen-a-milei\/#primaryimage"},"image":{"@id":"https:\/\/diariotextual.com\/inicio\/index.php\/2023\/10\/29\/balotaje-se-aceleran-los-contactos-para-que-el-pro-la-pampa-y-tierno-fiscalicen-a-milei\/#primaryimage"},"thumbnailUrl":"https:\/\/diariotextual.com\/inicio\/wp-content\/uploads\/2023\/10\/eleccionestelamurnas2023-600.jpg","datePublished":"2023-10-29T22:30:00+00:00","dateModified":"2023-10-30T03:04:49+00:00","breadcrumb":{"@id":"https:\/\/diariotextual.com\/inicio\/index.php\/2023\/10\/29\/balotaje-se-aceleran-los-contactos-para-que-el-pro-la-pampa-y-tierno-fiscalicen-a-milei\/#breadcrumb"},"inLanguage":"es","potentialAction":[{"@type":"ReadAction","target":["https:\/\/diariotextual.com\/inicio\/index.php\/2023\/10\/29\/balotaje-se-aceleran-los-contactos-para-que-el-pro-la-pampa-y-tierno-fiscalicen-a-milei\/"]}]},{"@type":"ImageObject","inLanguage":"es","@id":"https:\/\/diariotextual.com\/inicio\/index.php\/2023\/10\/29\/balotaje-se-aceleran-los-contactos-para-que-el-pro-la-pampa-y-tierno-fiscalicen-a-milei\/#primaryimage","url":"https:\/\/diariotextual.com\/inicio\/wp-content\/uploads\/2023\/10\/eleccionestelamurnas2023-600.jpg","contentUrl":"https:\/\/diariotextual.com\/inicio\/wp-content\/uploads\/2023\/10\/eleccionestelamurnas2023-600.jpg","width":1200,"height":675},{"@type":"BreadcrumbList","@id":"https:\/\/diariotextual.com\/inicio\/index.php\/2023\/10\/29\/balotaje-se-aceleran-los-contactos-para-que-el-pro-la-pampa-y-tierno-fiscalicen-a-milei\/#breadcrumb","itemListElement":[{"@type":"ListItem","position":1,"name":"Portada","item":"https:\/\/diariotextual.com\/inicio\/"},{"@type":"ListItem","position":2,"name":"Se aceleran contactos para que el PRO La Pampa y el partido de Tierno cuiden los votos de Milei"}]},{"@type":"WebSite","@id":"https:\/\/diariotextual.com\/inicio\/#website","url":"https:\/\/diariotextual.com\/inicio\/","name":"Diario Textual","description":"","publisher":{"@id":"https:\/\/diariotextual.com\/inicio\/#organization"},"potentialAction":[{"@type":"SearchAction","target":{"@type":"EntryPoint","urlTemplate":"https:\/\/diariotextual.com\/inicio\/?s={search_term_string}"},"query-input":{"@type":"PropertyValueSpecification","valueRequired":true,"valueName":"search_term_string"}}],"inLanguage":"es"},{"@type":"Organization","@id":"https:\/\/diariotextual.com\/inicio\/#organization","name":"Diario Textual","url":"https:\/\/diariotextual.com\/inicio\/","logo":{"@type":"ImageObject","inLanguage":"es","@id":"https:\/\/diariotextual.com\/inicio\/#\/schema\/logo\/image\/","url":"https:\/\/diariotextual.com\/inicio\/wp-content\/uploads\/2023\/05\/logotextual1.jpg","contentUrl":"https:\/\/diariotextual.com\/inicio\/wp-content\/uploads\/2023\/05\/logotextual1.jpg","width":516,"height":76,"caption":"Diario Textual"},"image":{"@id":"https:\/\/diariotextual.com\/inicio\/#\/schema\/logo\/image\/"},"sameAs":["https:\/\/www.facebook.com\/eltextual","https:\/\/x.com\/eltextual","http:\/\/www.instagram.com\/eltextual"]},{"@type":"Person","@id":"https:\/\/diariotextual.com\/inicio\/#\/schema\/person\/418fc4093c33e86ed41562db3508f958","name":"Diario1 Diario1","image":{"@type":"ImageObject","inLanguage":"es","@id":"https:\/\/secure.gravatar.com\/avatar\/9167d280179c85bc18be67aa7eda765854300033af4896dd779b608640f2ef7a?s=96&d=mm&r=g","url":"https:\/\/secure.gravatar.com\/avatar\/9167d280179c85bc18be67aa7eda765854300033af4896dd779b608640f2ef7a?s=96&d=mm&r=g","contentUrl":"https:\/\/secure.gravatar.com\/avatar\/9167d280179c85bc18be67aa7eda765854300033af4896dd779b608640f2ef7a?s=96&d=mm&r=g","caption":"Diario1 Diario1"},"url":"https:\/\/diariotextual.com\/inicio\/index.php\/author\/diario1\/"}]}},"_links":{"self":[{"href":"https:\/\/diariotextual.com\/inicio\/index.php\/wp-json\/wp\/v2\/posts\/242604","targetHints":{"allow":["GET"]}}],"collection":[{"href":"https:\/\/diariotextual.com\/inicio\/index.php\/wp-json\/wp\/v2\/posts"}],"about":[{"href":"https:\/\/diariotextual.com\/inicio\/index.php\/wp-json\/wp\/v2\/types\/post"}],"author":[{"embeddable":true,"href":"https:\/\/diariotextual.com\/inicio\/index.php\/wp-json\/wp\/v2\/users\/3"}],"replies":[{"embeddable":true,"href":"https:\/\/diariotextual.com\/inicio\/index.php\/wp-json\/wp\/v2\/comments?post=242604"}],"version-history":[{"count":9,"href":"https:\/\/diariotextual.com\/inicio\/index.php\/wp-json\/wp\/v2\/posts\/242604\/revisions"}],"predecessor-version":[{"id":242660,"href":"https:\/\/diariotextual.com\/inicio\/index.php\/wp-json\/wp\/v2\/posts\/242604\/revisions\/242660"}],"wp:featuredmedia":[{"embeddable":true,"href":"https:\/\/diariotextual.com\/inicio\/index.php\/wp-json\/wp\/v2\/media\/241650"}],"wp:attachment":[{"href":"https:\/\/diariotextual.com\/inicio\/index.php\/wp-json\/wp\/v2\/media?parent=242604"}],"wp:term":[{"taxonomy":"category","embeddable":true,"href":"https:\/\/diariotextual.com\/inicio\/index.php\/wp-json\/wp\/v2\/categories?post=242604"},{"taxonomy":"post_tag","embeddable":true,"href":"https:\/\/diariotextual.com\/inicio\/index.php\/wp-json\/wp\/v2\/tags?post=242604"}],"curies":[{"name":"wp","href":"https:\/\/api.w.org\/{rel}","templated":true}]}}