{"id":242611,"date":"2023-10-29T10:07:13","date_gmt":"2023-10-29T13:07:13","guid":{"rendered":"https:\/\/diariotextual.com\/inicio\/?p=242611"},"modified":"2023-10-30T08:24:46","modified_gmt":"2023-10-30T11:24:46","slug":"el-mofepa-apoyara-a-milei-no-aprobamos-sus-ideas-pero-es-el-unico-cambio-posible","status":"publish","type":"post","link":"https:\/\/diariotextual.com\/inicio\/index.php\/2023\/10\/29\/el-mofepa-apoyara-a-milei-no-aprobamos-sus-ideas-pero-es-el-unico-cambio-posible\/","title":{"rendered":"El Mofepa apoya a Milei: \u201cNo aprobamos todas sus ideas, pero es el \u00fanico cambio posible\u201d"},"content":{"rendered":"\n<p>El <strong>Movimiento Federalista Pampeano<\/strong>, integrante de <strong>Juntos por el Cambio<\/strong>, expres\u00f3 su apoyo al libertario <strong>Javier Milei <\/strong>para el balotaje del 19 de noviembre.<\/p>\n\n\n\n<figure class=\"wp-block-embed is-type-wp-embed is-provider-diario-textual wp-block-embed-diario-textual\"><div class=\"wp-block-embed__wrapper\">\n<blockquote class=\"wp-embedded-content\" data-secret=\"rA62P2YRHi\"><a href=\"https:\/\/diariotextual.com\/inicio\/index.php\/2023\/10\/28\/el-pro-la-pampa-contra-massa-pero-con-algunos-chisporroteos-sobre-dar-su-apoyo-a-milei\/\">Guerra de comunicados en el PRO La Pampa: piden (no sin chisporroteos) por el voto a Milei<\/a><\/blockquote><iframe class=\"wp-embedded-content\" sandbox=\"allow-scripts\" security=\"restricted\" style=\"position: absolute; clip: rect(1px, 1px, 1px, 1px);\" title=\"\u00abGuerra de comunicados en el PRO La Pampa: piden (no sin chisporroteos) por el voto a Milei\u00bb \u2014 Diario Textual\" src=\"https:\/\/diariotextual.com\/inicio\/index.php\/2023\/10\/28\/el-pro-la-pampa-contra-massa-pero-con-algunos-chisporroteos-sobre-dar-su-apoyo-a-milei\/embed\/#?secret=StY0JqaGNf#?secret=rA62P2YRHi\" data-secret=\"rA62P2YRHi\" width=\"600\" height=\"338\" frameborder=\"0\" marginwidth=\"0\" marginheight=\"0\" scrolling=\"no\"><\/iframe>\n<\/div><\/figure>\n\n\n\n<p>\u201cNuestra posici\u00f3n no va a ser neutral en un momento donde se debe elegir entre 20 a\u00f1os m\u00e1s de kirchnerismo moderno, votando a quien dijo que iba a terminar con el kirchnerismo y la Cristina eterna de la reelecci\u00f3n y termin\u00f3 siendo el l\u00edder de un equipo de corruptos y mentirosos\u201d, dijo el partido en un comunicado.<\/p>\n\n\n\n<p><strong>\u201cVamos a votar por la otra opci\u00f3n, por un candidato que no conocemos, al que no le aprobamos todas sus ideas pero que representa el \u00fanico cambio posible\u201d<\/strong>, dijo.<\/p>\n\n\n\n<p>\u201cLo que est\u00e1 claro es que nunca vamos a acompa\u00f1ar al kirchnerismo que tanto da\u00f1o le hizo a la rep\u00fablica, al federalismo y la libertad, que son los pilares que este movimiento defiende desde su inicio\u201d, agreg\u00f3.<\/p>\n\n\n\n<p>Ayer, el consejo del partido del PRO, en un confuso comunicado, dio una suerte de libertad de acci\u00f3n.&nbsp;Pero luego el presidente del PRO La Pampa,&nbsp;Enrique Juan, adelant\u00f3 que&nbsp;<strong><a href=\"https:\/\/diariotextual.com\/inicio\/index.php\/2023\/10\/28\/el-pro-la-pampa-contra-massa-pero-con-algunos-chisporroteos-sobre-dar-su-apoyo-a-milei\/\" target=\"_blank\" rel=\"noreferrer noopener\">casi toda la conducci\u00f3n est\u00e1 con Milei.<\/a><\/strong>&nbsp;Otro sector, vinculado a Horacio Rodr\u00edguez Larreta, es partidario de mantener una posici\u00f3n neutral.<\/p>\n\n\n\n<p>El radicalismo, por su parte, dio libertad de acci\u00f3n a sus afiliados y simpatizantes; en tanto, se espera un pronunciamiento del MID, otra de las fuerzas que integran Juntos en La Pampa. <\/p>\n\n\n\n<figure class=\"wp-block-embed is-type-wp-embed is-provider-diario-textual wp-block-embed-diario-textual\"><div class=\"wp-block-embed__wrapper\">\n<blockquote class=\"wp-embedded-content\" data-secret=\"1nUHAxgqaV\"><a href=\"https:\/\/diariotextual.com\/inicio\/index.php\/2023\/10\/29\/balotaje-se-aceleran-los-contactos-para-que-el-pro-la-pampa-y-tierno-fiscalicen-a-milei\/\">Balotaje: se aceleran los contactos para que el PRO La Pampa y  Tierno fiscalicen a Milei<\/a><\/blockquote><iframe class=\"wp-embedded-content\" sandbox=\"allow-scripts\" security=\"restricted\" style=\"position: absolute; clip: rect(1px, 1px, 1px, 1px);\" title=\"\u00abBalotaje: se aceleran los contactos para que el PRO La Pampa y  Tierno fiscalicen a Milei\u00bb \u2014 Diario Textual\" src=\"https:\/\/diariotextual.com\/inicio\/index.php\/2023\/10\/29\/balotaje-se-aceleran-los-contactos-para-que-el-pro-la-pampa-y-tierno-fiscalicen-a-milei\/embed\/#?secret=98VZYzYR8p#?secret=1nUHAxgqaV\" data-secret=\"1nUHAxgqaV\" width=\"600\" height=\"338\" frameborder=\"0\" marginwidth=\"0\" marginheight=\"0\" scrolling=\"no\"><\/iframe>\n<\/div><\/figure>\n","protected":false},"excerpt":{"rendered":"<p>El Movimiento Federalista Pampeano, integrante de Juntos por el Cambio, expres\u00f3 su apoyo al libertario Javier Milei para el balotaje del 19 de noviembre. \u201cNuestra posici\u00f3n no va a ser&hellip;<\/p>\n","protected":false},"author":7,"featured_media":82564,"comment_status":"closed","ping_status":"open","sticky":false,"template":"","format":"standard","meta":{"_acf_changed":false,"footnotes":""},"categories":[1,11,8],"tags":[],"class_list":["post-242611","post","type-post","status-publish","format-standard","has-post-thumbnail","hentry","category-es-noticia","category-que-pasa","category-politica"],"acf":[],"yoast_head":"<!-- This site is optimized with the Yoast SEO plugin v27.5 - https:\/\/yoast.com\/product\/yoast-seo-wordpress\/ -->\n<title>El Mofepa apoya a Milei: \u201cNo aprobamos todas sus ideas, pero es el \u00fanico cambio posible\u201d - Diario Textual<\/title>\n<meta name=\"robots\" content=\"index, follow, max-snippet:-1, max-image-preview:large, max-video-preview:-1\" \/>\n<link rel=\"canonical\" href=\"https:\/\/diariotextual.com\/inicio\/index.php\/2023\/10\/29\/el-mofepa-apoyara-a-milei-no-aprobamos-sus-ideas-pero-es-el-unico-cambio-posible\/\" \/>\n<meta property=\"og:locale\" content=\"es_ES\" \/>\n<meta property=\"og:type\" content=\"article\" \/>\n<meta property=\"og:title\" content=\"El Mofepa apoya a Milei: \u201cNo aprobamos todas sus ideas, pero es el \u00fanico cambio posible\u201d - Diario Textual\" \/>\n<meta property=\"og:description\" content=\"El Movimiento Federalista Pampeano, integrante de Juntos por el Cambio, expres\u00f3 su apoyo al libertario Javier Milei para el balotaje del 19 de noviembre. \u201cNuestra posici\u00f3n no va a ser&hellip;\" \/>\n<meta property=\"og:url\" content=\"https:\/\/diariotextual.com\/inicio\/index.php\/2023\/10\/29\/el-mofepa-apoyara-a-milei-no-aprobamos-sus-ideas-pero-es-el-unico-cambio-posible\/\" \/>\n<meta property=\"og:site_name\" content=\"Diario Textual\" \/>\n<meta property=\"article:publisher\" content=\"https:\/\/www.facebook.com\/eltextual\" \/>\n<meta property=\"article:published_time\" content=\"2023-10-29T13:07:13+00:00\" \/>\n<meta property=\"article:modified_time\" content=\"2023-10-30T11:24:46+00:00\" \/>\n<meta property=\"og:image\" content=\"https:\/\/diariotextual.com\/inicio\/wp-content\/uploads\/2020\/03\/mofepavazquezfazzini.jpg\" \/>\n\t<meta property=\"og:image:width\" content=\"687\" \/>\n\t<meta property=\"og:image:height\" content=\"392\" \/>\n\t<meta property=\"og:image:type\" content=\"image\/jpeg\" \/>\n<meta name=\"author\" content=\"diario5\" \/>\n<meta name=\"twitter:card\" content=\"summary_large_image\" \/>\n<meta name=\"twitter:creator\" content=\"@eltextual\" \/>\n<meta name=\"twitter:site\" content=\"@eltextual\" \/>\n<meta name=\"twitter:label1\" content=\"Escrito por\" \/>\n\t<meta name=\"twitter:data1\" content=\"diario5\" \/>\n\t<meta name=\"twitter:label2\" content=\"Tiempo de lectura\" \/>\n\t<meta name=\"twitter:data2\" content=\"2 minutos\" \/>\n<script type=\"application\/ld+json\" class=\"yoast-schema-graph\">{\"@context\":\"https:\\\/\\\/schema.org\",\"@graph\":[{\"@type\":\"Article\",\"@id\":\"https:\\\/\\\/diariotextual.com\\\/inicio\\\/index.php\\\/2023\\\/10\\\/29\\\/el-mofepa-apoyara-a-milei-no-aprobamos-sus-ideas-pero-es-el-unico-cambio-posible\\\/#article\",\"isPartOf\":{\"@id\":\"https:\\\/\\\/diariotextual.com\\\/inicio\\\/index.php\\\/2023\\\/10\\\/29\\\/el-mofepa-apoyara-a-milei-no-aprobamos-sus-ideas-pero-es-el-unico-cambio-posible\\\/\"},\"author\":{\"name\":\"diario5\",\"@id\":\"https:\\\/\\\/diariotextual.com\\\/inicio\\\/#\\\/schema\\\/person\\\/c7834961ad8b29b1d9cdbf4571299067\"},\"headline\":\"El Mofepa apoya a Milei: \u201cNo aprobamos todas sus ideas, pero es el \u00fanico cambio posible\u201d\",\"datePublished\":\"2023-10-29T13:07:13+00:00\",\"dateModified\":\"2023-10-30T11:24:46+00:00\",\"mainEntityOfPage\":{\"@id\":\"https:\\\/\\\/diariotextual.com\\\/inicio\\\/index.php\\\/2023\\\/10\\\/29\\\/el-mofepa-apoyara-a-milei-no-aprobamos-sus-ideas-pero-es-el-unico-cambio-posible\\\/\"},\"wordCount\":276,\"publisher\":{\"@id\":\"https:\\\/\\\/diariotextual.com\\\/inicio\\\/#organization\"},\"image\":{\"@id\":\"https:\\\/\\\/diariotextual.com\\\/inicio\\\/index.php\\\/2023\\\/10\\\/29\\\/el-mofepa-apoyara-a-milei-no-aprobamos-sus-ideas-pero-es-el-unico-cambio-posible\\\/#primaryimage\"},\"thumbnailUrl\":\"https:\\\/\\\/diariotextual.com\\\/inicio\\\/wp-content\\\/uploads\\\/2020\\\/03\\\/mofepavazquezfazzini.jpg\",\"articleSection\":[\"A - ES NOTICIA (van abajo)\",\"A - QUE PASA (al costado)\",\"POLITICA\"],\"inLanguage\":\"es\"},{\"@type\":\"WebPage\",\"@id\":\"https:\\\/\\\/diariotextual.com\\\/inicio\\\/index.php\\\/2023\\\/10\\\/29\\\/el-mofepa-apoyara-a-milei-no-aprobamos-sus-ideas-pero-es-el-unico-cambio-posible\\\/\",\"url\":\"https:\\\/\\\/diariotextual.com\\\/inicio\\\/index.php\\\/2023\\\/10\\\/29\\\/el-mofepa-apoyara-a-milei-no-aprobamos-sus-ideas-pero-es-el-unico-cambio-posible\\\/\",\"name\":\"El Mofepa apoya a Milei: \u201cNo aprobamos todas sus ideas, pero es el \u00fanico cambio posible\u201d - Diario Textual\",\"isPartOf\":{\"@id\":\"https:\\\/\\\/diariotextual.com\\\/inicio\\\/#website\"},\"primaryImageOfPage\":{\"@id\":\"https:\\\/\\\/diariotextual.com\\\/inicio\\\/index.php\\\/2023\\\/10\\\/29\\\/el-mofepa-apoyara-a-milei-no-aprobamos-sus-ideas-pero-es-el-unico-cambio-posible\\\/#primaryimage\"},\"image\":{\"@id\":\"https:\\\/\\\/diariotextual.com\\\/inicio\\\/index.php\\\/2023\\\/10\\\/29\\\/el-mofepa-apoyara-a-milei-no-aprobamos-sus-ideas-pero-es-el-unico-cambio-posible\\\/#primaryimage\"},\"thumbnailUrl\":\"https:\\\/\\\/diariotextual.com\\\/inicio\\\/wp-content\\\/uploads\\\/2020\\\/03\\\/mofepavazquezfazzini.jpg\",\"datePublished\":\"2023-10-29T13:07:13+00:00\",\"dateModified\":\"2023-10-30T11:24:46+00:00\",\"breadcrumb\":{\"@id\":\"https:\\\/\\\/diariotextual.com\\\/inicio\\\/index.php\\\/2023\\\/10\\\/29\\\/el-mofepa-apoyara-a-milei-no-aprobamos-sus-ideas-pero-es-el-unico-cambio-posible\\\/#breadcrumb\"},\"inLanguage\":\"es\",\"potentialAction\":[{\"@type\":\"ReadAction\",\"target\":[\"https:\\\/\\\/diariotextual.com\\\/inicio\\\/index.php\\\/2023\\\/10\\\/29\\\/el-mofepa-apoyara-a-milei-no-aprobamos-sus-ideas-pero-es-el-unico-cambio-posible\\\/\"]}]},{\"@type\":\"ImageObject\",\"inLanguage\":\"es\",\"@id\":\"https:\\\/\\\/diariotextual.com\\\/inicio\\\/index.php\\\/2023\\\/10\\\/29\\\/el-mofepa-apoyara-a-milei-no-aprobamos-sus-ideas-pero-es-el-unico-cambio-posible\\\/#primaryimage\",\"url\":\"https:\\\/\\\/diariotextual.com\\\/inicio\\\/wp-content\\\/uploads\\\/2020\\\/03\\\/mofepavazquezfazzini.jpg\",\"contentUrl\":\"https:\\\/\\\/diariotextual.com\\\/inicio\\\/wp-content\\\/uploads\\\/2020\\\/03\\\/mofepavazquezfazzini.jpg\",\"width\":687,\"height\":392},{\"@type\":\"BreadcrumbList\",\"@id\":\"https:\\\/\\\/diariotextual.com\\\/inicio\\\/index.php\\\/2023\\\/10\\\/29\\\/el-mofepa-apoyara-a-milei-no-aprobamos-sus-ideas-pero-es-el-unico-cambio-posible\\\/#breadcrumb\",\"itemListElement\":[{\"@type\":\"ListItem\",\"position\":1,\"name\":\"Portada\",\"item\":\"https:\\\/\\\/diariotextual.com\\\/inicio\\\/\"},{\"@type\":\"ListItem\",\"position\":2,\"name\":\"El Mofepa apoya a Milei: \u201cNo aprobamos todas sus ideas, pero es el \u00fanico cambio posible\u201d\"}]},{\"@type\":\"WebSite\",\"@id\":\"https:\\\/\\\/diariotextual.com\\\/inicio\\\/#website\",\"url\":\"https:\\\/\\\/diariotextual.com\\\/inicio\\\/\",\"name\":\"Diario Textual\",\"description\":\"\",\"publisher\":{\"@id\":\"https:\\\/\\\/diariotextual.com\\\/inicio\\\/#organization\"},\"potentialAction\":[{\"@type\":\"SearchAction\",\"target\":{\"@type\":\"EntryPoint\",\"urlTemplate\":\"https:\\\/\\\/diariotextual.com\\\/inicio\\\/?s={search_term_string}\"},\"query-input\":{\"@type\":\"PropertyValueSpecification\",\"valueRequired\":true,\"valueName\":\"search_term_string\"}}],\"inLanguage\":\"es\"},{\"@type\":\"Organization\",\"@id\":\"https:\\\/\\\/diariotextual.com\\\/inicio\\\/#organization\",\"name\":\"Diario Textual\",\"url\":\"https:\\\/\\\/diariotextual.com\\\/inicio\\\/\",\"logo\":{\"@type\":\"ImageObject\",\"inLanguage\":\"es\",\"@id\":\"https:\\\/\\\/diariotextual.com\\\/inicio\\\/#\\\/schema\\\/logo\\\/image\\\/\",\"url\":\"https:\\\/\\\/diariotextual.com\\\/inicio\\\/wp-content\\\/uploads\\\/2023\\\/05\\\/logotextual1.jpg\",\"contentUrl\":\"https:\\\/\\\/diariotextual.com\\\/inicio\\\/wp-content\\\/uploads\\\/2023\\\/05\\\/logotextual1.jpg\",\"width\":516,\"height\":76,\"caption\":\"Diario Textual\"},\"image\":{\"@id\":\"https:\\\/\\\/diariotextual.com\\\/inicio\\\/#\\\/schema\\\/logo\\\/image\\\/\"},\"sameAs\":[\"https:\\\/\\\/www.facebook.com\\\/eltextual\",\"https:\\\/\\\/x.com\\\/eltextual\",\"http:\\\/\\\/www.instagram.com\\\/eltextual\"]},{\"@type\":\"Person\",\"@id\":\"https:\\\/\\\/diariotextual.com\\\/inicio\\\/#\\\/schema\\\/person\\\/c7834961ad8b29b1d9cdbf4571299067\",\"name\":\"diario5\",\"image\":{\"@type\":\"ImageObject\",\"inLanguage\":\"es\",\"@id\":\"https:\\\/\\\/secure.gravatar.com\\\/avatar\\\/948c893b847ca6df68216ead81b63f363408ec9b0f600fefc0641ce78613b111?s=96&d=mm&r=g\",\"url\":\"https:\\\/\\\/secure.gravatar.com\\\/avatar\\\/948c893b847ca6df68216ead81b63f363408ec9b0f600fefc0641ce78613b111?s=96&d=mm&r=g\",\"contentUrl\":\"https:\\\/\\\/secure.gravatar.com\\\/avatar\\\/948c893b847ca6df68216ead81b63f363408ec9b0f600fefc0641ce78613b111?s=96&d=mm&r=g\",\"caption\":\"diario5\"},\"url\":\"https:\\\/\\\/diariotextual.com\\\/inicio\\\/index.php\\\/author\\\/diario5\\\/\"}]}<\/script>\n<!-- \/ Yoast SEO plugin. -->","yoast_head_json":{"title":"El Mofepa apoya a Milei: \u201cNo aprobamos todas sus ideas, pero es el \u00fanico cambio posible\u201d - Diario Textual","robots":{"index":"index","follow":"follow","max-snippet":"max-snippet:-1","max-image-preview":"max-image-preview:large","max-video-preview":"max-video-preview:-1"},"canonical":"https:\/\/diariotextual.com\/inicio\/index.php\/2023\/10\/29\/el-mofepa-apoyara-a-milei-no-aprobamos-sus-ideas-pero-es-el-unico-cambio-posible\/","og_locale":"es_ES","og_type":"article","og_title":"El Mofepa apoya a Milei: \u201cNo aprobamos todas sus ideas, pero es el \u00fanico cambio posible\u201d - Diario Textual","og_description":"El Movimiento Federalista Pampeano, integrante de Juntos por el Cambio, expres\u00f3 su apoyo al libertario Javier Milei para el balotaje del 19 de noviembre. \u201cNuestra posici\u00f3n no va a ser&hellip;","og_url":"https:\/\/diariotextual.com\/inicio\/index.php\/2023\/10\/29\/el-mofepa-apoyara-a-milei-no-aprobamos-sus-ideas-pero-es-el-unico-cambio-posible\/","og_site_name":"Diario Textual","article_publisher":"https:\/\/www.facebook.com\/eltextual","article_published_time":"2023-10-29T13:07:13+00:00","article_modified_time":"2023-10-30T11:24:46+00:00","og_image":[{"width":687,"height":392,"url":"https:\/\/diariotextual.com\/inicio\/wp-content\/uploads\/2020\/03\/mofepavazquezfazzini.jpg","type":"image\/jpeg"}],"author":"diario5","twitter_card":"summary_large_image","twitter_creator":"@eltextual","twitter_site":"@eltextual","twitter_misc":{"Escrito por":"diario5","Tiempo de lectura":"2 minutos"},"schema":{"@context":"https:\/\/schema.org","@graph":[{"@type":"Article","@id":"https:\/\/diariotextual.com\/inicio\/index.php\/2023\/10\/29\/el-mofepa-apoyara-a-milei-no-aprobamos-sus-ideas-pero-es-el-unico-cambio-posible\/#article","isPartOf":{"@id":"https:\/\/diariotextual.com\/inicio\/index.php\/2023\/10\/29\/el-mofepa-apoyara-a-milei-no-aprobamos-sus-ideas-pero-es-el-unico-cambio-posible\/"},"author":{"name":"diario5","@id":"https:\/\/diariotextual.com\/inicio\/#\/schema\/person\/c7834961ad8b29b1d9cdbf4571299067"},"headline":"El Mofepa apoya a Milei: \u201cNo aprobamos todas sus ideas, pero es el \u00fanico cambio posible\u201d","datePublished":"2023-10-29T13:07:13+00:00","dateModified":"2023-10-30T11:24:46+00:00","mainEntityOfPage":{"@id":"https:\/\/diariotextual.com\/inicio\/index.php\/2023\/10\/29\/el-mofepa-apoyara-a-milei-no-aprobamos-sus-ideas-pero-es-el-unico-cambio-posible\/"},"wordCount":276,"publisher":{"@id":"https:\/\/diariotextual.com\/inicio\/#organization"},"image":{"@id":"https:\/\/diariotextual.com\/inicio\/index.php\/2023\/10\/29\/el-mofepa-apoyara-a-milei-no-aprobamos-sus-ideas-pero-es-el-unico-cambio-posible\/#primaryimage"},"thumbnailUrl":"https:\/\/diariotextual.com\/inicio\/wp-content\/uploads\/2020\/03\/mofepavazquezfazzini.jpg","articleSection":["A - ES NOTICIA (van abajo)","A - QUE PASA (al costado)","POLITICA"],"inLanguage":"es"},{"@type":"WebPage","@id":"https:\/\/diariotextual.com\/inicio\/index.php\/2023\/10\/29\/el-mofepa-apoyara-a-milei-no-aprobamos-sus-ideas-pero-es-el-unico-cambio-posible\/","url":"https:\/\/diariotextual.com\/inicio\/index.php\/2023\/10\/29\/el-mofepa-apoyara-a-milei-no-aprobamos-sus-ideas-pero-es-el-unico-cambio-posible\/","name":"El Mofepa apoya a Milei: \u201cNo aprobamos todas sus ideas, pero es el \u00fanico cambio posible\u201d - Diario Textual","isPartOf":{"@id":"https:\/\/diariotextual.com\/inicio\/#website"},"primaryImageOfPage":{"@id":"https:\/\/diariotextual.com\/inicio\/index.php\/2023\/10\/29\/el-mofepa-apoyara-a-milei-no-aprobamos-sus-ideas-pero-es-el-unico-cambio-posible\/#primaryimage"},"image":{"@id":"https:\/\/diariotextual.com\/inicio\/index.php\/2023\/10\/29\/el-mofepa-apoyara-a-milei-no-aprobamos-sus-ideas-pero-es-el-unico-cambio-posible\/#primaryimage"},"thumbnailUrl":"https:\/\/diariotextual.com\/inicio\/wp-content\/uploads\/2020\/03\/mofepavazquezfazzini.jpg","datePublished":"2023-10-29T13:07:13+00:00","dateModified":"2023-10-30T11:24:46+00:00","breadcrumb":{"@id":"https:\/\/diariotextual.com\/inicio\/index.php\/2023\/10\/29\/el-mofepa-apoyara-a-milei-no-aprobamos-sus-ideas-pero-es-el-unico-cambio-posible\/#breadcrumb"},"inLanguage":"es","potentialAction":[{"@type":"ReadAction","target":["https:\/\/diariotextual.com\/inicio\/index.php\/2023\/10\/29\/el-mofepa-apoyara-a-milei-no-aprobamos-sus-ideas-pero-es-el-unico-cambio-posible\/"]}]},{"@type":"ImageObject","inLanguage":"es","@id":"https:\/\/diariotextual.com\/inicio\/index.php\/2023\/10\/29\/el-mofepa-apoyara-a-milei-no-aprobamos-sus-ideas-pero-es-el-unico-cambio-posible\/#primaryimage","url":"https:\/\/diariotextual.com\/inicio\/wp-content\/uploads\/2020\/03\/mofepavazquezfazzini.jpg","contentUrl":"https:\/\/diariotextual.com\/inicio\/wp-content\/uploads\/2020\/03\/mofepavazquezfazzini.jpg","width":687,"height":392},{"@type":"BreadcrumbList","@id":"https:\/\/diariotextual.com\/inicio\/index.php\/2023\/10\/29\/el-mofepa-apoyara-a-milei-no-aprobamos-sus-ideas-pero-es-el-unico-cambio-posible\/#breadcrumb","itemListElement":[{"@type":"ListItem","position":1,"name":"Portada","item":"https:\/\/diariotextual.com\/inicio\/"},{"@type":"ListItem","position":2,"name":"El Mofepa apoya a Milei: \u201cNo aprobamos todas sus ideas, pero es el \u00fanico cambio posible\u201d"}]},{"@type":"WebSite","@id":"https:\/\/diariotextual.com\/inicio\/#website","url":"https:\/\/diariotextual.com\/inicio\/","name":"Diario Textual","description":"","publisher":{"@id":"https:\/\/diariotextual.com\/inicio\/#organization"},"potentialAction":[{"@type":"SearchAction","target":{"@type":"EntryPoint","urlTemplate":"https:\/\/diariotextual.com\/inicio\/?s={search_term_string}"},"query-input":{"@type":"PropertyValueSpecification","valueRequired":true,"valueName":"search_term_string"}}],"inLanguage":"es"},{"@type":"Organization","@id":"https:\/\/diariotextual.com\/inicio\/#organization","name":"Diario Textual","url":"https:\/\/diariotextual.com\/inicio\/","logo":{"@type":"ImageObject","inLanguage":"es","@id":"https:\/\/diariotextual.com\/inicio\/#\/schema\/logo\/image\/","url":"https:\/\/diariotextual.com\/inicio\/wp-content\/uploads\/2023\/05\/logotextual1.jpg","contentUrl":"https:\/\/diariotextual.com\/inicio\/wp-content\/uploads\/2023\/05\/logotextual1.jpg","width":516,"height":76,"caption":"Diario Textual"},"image":{"@id":"https:\/\/diariotextual.com\/inicio\/#\/schema\/logo\/image\/"},"sameAs":["https:\/\/www.facebook.com\/eltextual","https:\/\/x.com\/eltextual","http:\/\/www.instagram.com\/eltextual"]},{"@type":"Person","@id":"https:\/\/diariotextual.com\/inicio\/#\/schema\/person\/c7834961ad8b29b1d9cdbf4571299067","name":"diario5","image":{"@type":"ImageObject","inLanguage":"es","@id":"https:\/\/secure.gravatar.com\/avatar\/948c893b847ca6df68216ead81b63f363408ec9b0f600fefc0641ce78613b111?s=96&d=mm&r=g","url":"https:\/\/secure.gravatar.com\/avatar\/948c893b847ca6df68216ead81b63f363408ec9b0f600fefc0641ce78613b111?s=96&d=mm&r=g","contentUrl":"https:\/\/secure.gravatar.com\/avatar\/948c893b847ca6df68216ead81b63f363408ec9b0f600fefc0641ce78613b111?s=96&d=mm&r=g","caption":"diario5"},"url":"https:\/\/diariotextual.com\/inicio\/index.php\/author\/diario5\/"}]}},"_links":{"self":[{"href":"https:\/\/diariotextual.com\/inicio\/index.php\/wp-json\/wp\/v2\/posts\/242611","targetHints":{"allow":["GET"]}}],"collection":[{"href":"https:\/\/diariotextual.com\/inicio\/index.php\/wp-json\/wp\/v2\/posts"}],"about":[{"href":"https:\/\/diariotextual.com\/inicio\/index.php\/wp-json\/wp\/v2\/types\/post"}],"author":[{"embeddable":true,"href":"https:\/\/diariotextual.com\/inicio\/index.php\/wp-json\/wp\/v2\/users\/7"}],"replies":[{"embeddable":true,"href":"https:\/\/diariotextual.com\/inicio\/index.php\/wp-json\/wp\/v2\/comments?post=242611"}],"version-history":[{"count":6,"href":"https:\/\/diariotextual.com\/inicio\/index.php\/wp-json\/wp\/v2\/posts\/242611\/revisions"}],"predecessor-version":[{"id":242652,"href":"https:\/\/diariotextual.com\/inicio\/index.php\/wp-json\/wp\/v2\/posts\/242611\/revisions\/242652"}],"wp:featuredmedia":[{"embeddable":true,"href":"https:\/\/diariotextual.com\/inicio\/index.php\/wp-json\/wp\/v2\/media\/82564"}],"wp:attachment":[{"href":"https:\/\/diariotextual.com\/inicio\/index.php\/wp-json\/wp\/v2\/media?parent=242611"}],"wp:term":[{"taxonomy":"category","embeddable":true,"href":"https:\/\/diariotextual.com\/inicio\/index.php\/wp-json\/wp\/v2\/categories?post=242611"},{"taxonomy":"post_tag","embeddable":true,"href":"https:\/\/diariotextual.com\/inicio\/index.php\/wp-json\/wp\/v2\/tags?post=242611"}],"curies":[{"name":"wp","href":"https:\/\/api.w.org\/{rel}","templated":true}]}}