{"id":242647,"date":"2023-10-29T18:22:45","date_gmt":"2023-10-29T21:22:45","guid":{"rendered":"https:\/\/diariotextual.com\/inicio\/?p=242647"},"modified":"2023-10-30T09:08:28","modified_gmt":"2023-10-30T12:08:28","slug":"massa-reivindica-a-alfonsin-y-va-por-el-voto-radical","status":"publish","type":"post","link":"https:\/\/diariotextual.com\/inicio\/index.php\/2023\/10\/29\/massa-reivindica-a-alfonsin-y-va-por-el-voto-radical\/","title":{"rendered":"Massa reivindica a Alfons\u00edn y va por el voto radical"},"content":{"rendered":"\n<p><strong>Sergio Massa sali\u00f3 a reivindicar la figura de Ra\u00fal Alfons\u00edn para seducir a los votantes radicales que no aceptan el pacto entre Javier Milei y Mauricio Macri.<\/strong><\/p>\n\n\n\n<p>\u00abHoy como peronistas empezando el festejo de los 40 a\u00f1os de democracia, debemos rendir homenaje a ese primer presidente que le puso luz a la democracia argentina despu\u00e9s de a\u00f1os de oscuridad\u00bb, dijo Massa en el balc\u00f3n del teatro San Mart\u00edn de Tucum\u00e1n, donde acompa\u00f1\u00f3 la asunci\u00f3n del gobernador Osvaldo Jaldo.<\/p>\n\n\n\n<p>\u00abHay que recordarlo, pero sobre todo recordar esa convocatoria que dec\u00eda por qu\u00e9 marchamos: Marchamos para constituir la uni\u00f3n nacional, afianzar la justicia, consolidar la paz interior, proveer a la defensa com\u00fan, promover el bienestar general y asegurar los beneficios de la libertad para nosotros, para nuestra posteridad y todos los hombres de mundo que deseen habitar el suelo argentino\u00bb, dijo Massa.<\/p>\n\n\n\n<p>De esa forma, a modo de doble homenaje, recit\u00f3 el pre\u00e1mbulo de la Constituci\u00f3n como hac\u00eda el presidente radical cuando finalizaba sus discursos de campa\u00f1a.<\/p>\n\n\n\n<p>Los radicales hab\u00edan salido en la semana a reivindicar la figura de Alfons\u00edn con carteles en numerosas calles de la Ciudad con el rostro del ex presidente en versi\u00f3n pop art.<\/p>\n\n\n\n<p>La movida fue impulsada por el comit\u00e9 nacional de la UCR para celebrar los 40 a\u00f1os del triunfo radical en los comicios que significaron el retorno a la democracia, pero al mismo tiempo marcar la cancha en medio de la tensi\u00f3n de Juntos por el Cambio por el pacto unilateral de Macri con Milei, que asegur\u00f3 que tira dardos sobre una foto de Alfons\u00edn.<\/p>\n\n\n\n<p>Massa va entonces en busca de ese voto radical y en su equipo tienen medido que la alianza de Milei con Macri le permitir\u00e1 pescar entre los votantes moderados que podr\u00edan migrar hacia su idea de \u00abunidad nacional\u00bb.<\/p>\n\n\n\n<p>En el massismo dijeron a La Pol\u00edtica Online que el pacto de Acassuso golpe\u00f3 a Milei incluso en los electores de su propia tribu y que el impacto fue a\u00fan peor entre los radicales: si bien muchos prefieren la neutralidad, creen que los que migran prefieren mayoritariamente al candidato de Uni\u00f3n por la Patria.<\/p>\n\n\n\n<p><\/p>\n","protected":false},"excerpt":{"rendered":"<p>Sergio Massa sali\u00f3 a reivindicar la figura de Ra\u00fal Alfons\u00edn para seducir a los votantes radicales que no aceptan el pacto entre Javier Milei y Mauricio Macri. \u00abHoy como peronistas&hellip;<\/p>\n","protected":false},"author":3,"featured_media":242650,"comment_status":"closed","ping_status":"open","sticky":false,"template":"","format":"standard","meta":{"_acf_changed":false,"footnotes":""},"categories":[1,11,8],"tags":[],"class_list":["post-242647","post","type-post","status-publish","format-standard","has-post-thumbnail","hentry","category-es-noticia","category-que-pasa","category-politica"],"acf":[],"yoast_head":"<!-- This site is optimized with the Yoast SEO plugin v27.5 - https:\/\/yoast.com\/product\/yoast-seo-wordpress\/ -->\n<title>Massa reivindica a Alfons\u00edn y va por el voto radical - Diario Textual<\/title>\n<meta name=\"robots\" content=\"index, follow, max-snippet:-1, max-image-preview:large, max-video-preview:-1\" \/>\n<link rel=\"canonical\" href=\"https:\/\/diariotextual.com\/inicio\/index.php\/2023\/10\/29\/massa-reivindica-a-alfonsin-y-va-por-el-voto-radical\/\" \/>\n<meta property=\"og:locale\" content=\"es_ES\" \/>\n<meta property=\"og:type\" content=\"article\" \/>\n<meta property=\"og:title\" content=\"Massa reivindica a Alfons\u00edn y va por el voto radical - Diario Textual\" \/>\n<meta property=\"og:description\" content=\"Sergio Massa sali\u00f3 a reivindicar la figura de Ra\u00fal Alfons\u00edn para seducir a los votantes radicales que no aceptan el pacto entre Javier Milei y Mauricio Macri. \u00abHoy como peronistas&hellip;\" \/>\n<meta property=\"og:url\" content=\"https:\/\/diariotextual.com\/inicio\/index.php\/2023\/10\/29\/massa-reivindica-a-alfonsin-y-va-por-el-voto-radical\/\" \/>\n<meta property=\"og:site_name\" content=\"Diario Textual\" \/>\n<meta property=\"article:publisher\" content=\"https:\/\/www.facebook.com\/eltextual\" \/>\n<meta property=\"article:published_time\" content=\"2023-10-29T21:22:45+00:00\" \/>\n<meta property=\"article:modified_time\" content=\"2023-10-30T12:08:28+00:00\" \/>\n<meta property=\"og:image\" content=\"https:\/\/diariotextual.com\/inicio\/wp-content\/uploads\/2023\/10\/massasergio2023-98453309.jpg\" \/>\n\t<meta property=\"og:image:width\" content=\"940\" \/>\n\t<meta property=\"og:image:height\" content=\"529\" \/>\n\t<meta property=\"og:image:type\" content=\"image\/jpeg\" \/>\n<meta name=\"author\" content=\"Diario1 Diario1\" \/>\n<meta name=\"twitter:card\" content=\"summary_large_image\" \/>\n<meta name=\"twitter:creator\" content=\"@eltextual\" \/>\n<meta name=\"twitter:site\" content=\"@eltextual\" \/>\n<meta name=\"twitter:label1\" content=\"Escrito por\" \/>\n\t<meta name=\"twitter:data1\" content=\"Diario1 Diario1\" \/>\n\t<meta name=\"twitter:label2\" content=\"Tiempo de lectura\" \/>\n\t<meta name=\"twitter:data2\" content=\"2 minutos\" \/>\n<script type=\"application\/ld+json\" class=\"yoast-schema-graph\">{\"@context\":\"https:\\\/\\\/schema.org\",\"@graph\":[{\"@type\":\"Article\",\"@id\":\"https:\\\/\\\/diariotextual.com\\\/inicio\\\/index.php\\\/2023\\\/10\\\/29\\\/massa-reivindica-a-alfonsin-y-va-por-el-voto-radical\\\/#article\",\"isPartOf\":{\"@id\":\"https:\\\/\\\/diariotextual.com\\\/inicio\\\/index.php\\\/2023\\\/10\\\/29\\\/massa-reivindica-a-alfonsin-y-va-por-el-voto-radical\\\/\"},\"author\":{\"name\":\"Diario1 Diario1\",\"@id\":\"https:\\\/\\\/diariotextual.com\\\/inicio\\\/#\\\/schema\\\/person\\\/418fc4093c33e86ed41562db3508f958\"},\"headline\":\"Massa reivindica a Alfons\u00edn y va por el voto radical\",\"datePublished\":\"2023-10-29T21:22:45+00:00\",\"dateModified\":\"2023-10-30T12:08:28+00:00\",\"mainEntityOfPage\":{\"@id\":\"https:\\\/\\\/diariotextual.com\\\/inicio\\\/index.php\\\/2023\\\/10\\\/29\\\/massa-reivindica-a-alfonsin-y-va-por-el-voto-radical\\\/\"},\"wordCount\":387,\"publisher\":{\"@id\":\"https:\\\/\\\/diariotextual.com\\\/inicio\\\/#organization\"},\"image\":{\"@id\":\"https:\\\/\\\/diariotextual.com\\\/inicio\\\/index.php\\\/2023\\\/10\\\/29\\\/massa-reivindica-a-alfonsin-y-va-por-el-voto-radical\\\/#primaryimage\"},\"thumbnailUrl\":\"https:\\\/\\\/diariotextual.com\\\/inicio\\\/wp-content\\\/uploads\\\/2023\\\/10\\\/massasergio2023-98453309.jpg\",\"articleSection\":[\"A - ES NOTICIA (van abajo)\",\"A - QUE PASA (al costado)\",\"POLITICA\"],\"inLanguage\":\"es\"},{\"@type\":\"WebPage\",\"@id\":\"https:\\\/\\\/diariotextual.com\\\/inicio\\\/index.php\\\/2023\\\/10\\\/29\\\/massa-reivindica-a-alfonsin-y-va-por-el-voto-radical\\\/\",\"url\":\"https:\\\/\\\/diariotextual.com\\\/inicio\\\/index.php\\\/2023\\\/10\\\/29\\\/massa-reivindica-a-alfonsin-y-va-por-el-voto-radical\\\/\",\"name\":\"Massa reivindica a Alfons\u00edn y va por el voto radical - Diario Textual\",\"isPartOf\":{\"@id\":\"https:\\\/\\\/diariotextual.com\\\/inicio\\\/#website\"},\"primaryImageOfPage\":{\"@id\":\"https:\\\/\\\/diariotextual.com\\\/inicio\\\/index.php\\\/2023\\\/10\\\/29\\\/massa-reivindica-a-alfonsin-y-va-por-el-voto-radical\\\/#primaryimage\"},\"image\":{\"@id\":\"https:\\\/\\\/diariotextual.com\\\/inicio\\\/index.php\\\/2023\\\/10\\\/29\\\/massa-reivindica-a-alfonsin-y-va-por-el-voto-radical\\\/#primaryimage\"},\"thumbnailUrl\":\"https:\\\/\\\/diariotextual.com\\\/inicio\\\/wp-content\\\/uploads\\\/2023\\\/10\\\/massasergio2023-98453309.jpg\",\"datePublished\":\"2023-10-29T21:22:45+00:00\",\"dateModified\":\"2023-10-30T12:08:28+00:00\",\"breadcrumb\":{\"@id\":\"https:\\\/\\\/diariotextual.com\\\/inicio\\\/index.php\\\/2023\\\/10\\\/29\\\/massa-reivindica-a-alfonsin-y-va-por-el-voto-radical\\\/#breadcrumb\"},\"inLanguage\":\"es\",\"potentialAction\":[{\"@type\":\"ReadAction\",\"target\":[\"https:\\\/\\\/diariotextual.com\\\/inicio\\\/index.php\\\/2023\\\/10\\\/29\\\/massa-reivindica-a-alfonsin-y-va-por-el-voto-radical\\\/\"]}]},{\"@type\":\"ImageObject\",\"inLanguage\":\"es\",\"@id\":\"https:\\\/\\\/diariotextual.com\\\/inicio\\\/index.php\\\/2023\\\/10\\\/29\\\/massa-reivindica-a-alfonsin-y-va-por-el-voto-radical\\\/#primaryimage\",\"url\":\"https:\\\/\\\/diariotextual.com\\\/inicio\\\/wp-content\\\/uploads\\\/2023\\\/10\\\/massasergio2023-98453309.jpg\",\"contentUrl\":\"https:\\\/\\\/diariotextual.com\\\/inicio\\\/wp-content\\\/uploads\\\/2023\\\/10\\\/massasergio2023-98453309.jpg\",\"width\":940,\"height\":529},{\"@type\":\"BreadcrumbList\",\"@id\":\"https:\\\/\\\/diariotextual.com\\\/inicio\\\/index.php\\\/2023\\\/10\\\/29\\\/massa-reivindica-a-alfonsin-y-va-por-el-voto-radical\\\/#breadcrumb\",\"itemListElement\":[{\"@type\":\"ListItem\",\"position\":1,\"name\":\"Portada\",\"item\":\"https:\\\/\\\/diariotextual.com\\\/inicio\\\/\"},{\"@type\":\"ListItem\",\"position\":2,\"name\":\"Massa reivindica a Alfons\u00edn y va por el voto radical\"}]},{\"@type\":\"WebSite\",\"@id\":\"https:\\\/\\\/diariotextual.com\\\/inicio\\\/#website\",\"url\":\"https:\\\/\\\/diariotextual.com\\\/inicio\\\/\",\"name\":\"Diario Textual\",\"description\":\"\",\"publisher\":{\"@id\":\"https:\\\/\\\/diariotextual.com\\\/inicio\\\/#organization\"},\"potentialAction\":[{\"@type\":\"SearchAction\",\"target\":{\"@type\":\"EntryPoint\",\"urlTemplate\":\"https:\\\/\\\/diariotextual.com\\\/inicio\\\/?s={search_term_string}\"},\"query-input\":{\"@type\":\"PropertyValueSpecification\",\"valueRequired\":true,\"valueName\":\"search_term_string\"}}],\"inLanguage\":\"es\"},{\"@type\":\"Organization\",\"@id\":\"https:\\\/\\\/diariotextual.com\\\/inicio\\\/#organization\",\"name\":\"Diario Textual\",\"url\":\"https:\\\/\\\/diariotextual.com\\\/inicio\\\/\",\"logo\":{\"@type\":\"ImageObject\",\"inLanguage\":\"es\",\"@id\":\"https:\\\/\\\/diariotextual.com\\\/inicio\\\/#\\\/schema\\\/logo\\\/image\\\/\",\"url\":\"https:\\\/\\\/diariotextual.com\\\/inicio\\\/wp-content\\\/uploads\\\/2023\\\/05\\\/logotextual1.jpg\",\"contentUrl\":\"https:\\\/\\\/diariotextual.com\\\/inicio\\\/wp-content\\\/uploads\\\/2023\\\/05\\\/logotextual1.jpg\",\"width\":516,\"height\":76,\"caption\":\"Diario Textual\"},\"image\":{\"@id\":\"https:\\\/\\\/diariotextual.com\\\/inicio\\\/#\\\/schema\\\/logo\\\/image\\\/\"},\"sameAs\":[\"https:\\\/\\\/www.facebook.com\\\/eltextual\",\"https:\\\/\\\/x.com\\\/eltextual\",\"http:\\\/\\\/www.instagram.com\\\/eltextual\"]},{\"@type\":\"Person\",\"@id\":\"https:\\\/\\\/diariotextual.com\\\/inicio\\\/#\\\/schema\\\/person\\\/418fc4093c33e86ed41562db3508f958\",\"name\":\"Diario1 Diario1\",\"image\":{\"@type\":\"ImageObject\",\"inLanguage\":\"es\",\"@id\":\"https:\\\/\\\/secure.gravatar.com\\\/avatar\\\/9167d280179c85bc18be67aa7eda765854300033af4896dd779b608640f2ef7a?s=96&d=mm&r=g\",\"url\":\"https:\\\/\\\/secure.gravatar.com\\\/avatar\\\/9167d280179c85bc18be67aa7eda765854300033af4896dd779b608640f2ef7a?s=96&d=mm&r=g\",\"contentUrl\":\"https:\\\/\\\/secure.gravatar.com\\\/avatar\\\/9167d280179c85bc18be67aa7eda765854300033af4896dd779b608640f2ef7a?s=96&d=mm&r=g\",\"caption\":\"Diario1 Diario1\"},\"url\":\"https:\\\/\\\/diariotextual.com\\\/inicio\\\/index.php\\\/author\\\/diario1\\\/\"}]}<\/script>\n<!-- \/ Yoast SEO plugin. -->","yoast_head_json":{"title":"Massa reivindica a Alfons\u00edn y va por el voto radical - Diario Textual","robots":{"index":"index","follow":"follow","max-snippet":"max-snippet:-1","max-image-preview":"max-image-preview:large","max-video-preview":"max-video-preview:-1"},"canonical":"https:\/\/diariotextual.com\/inicio\/index.php\/2023\/10\/29\/massa-reivindica-a-alfonsin-y-va-por-el-voto-radical\/","og_locale":"es_ES","og_type":"article","og_title":"Massa reivindica a Alfons\u00edn y va por el voto radical - Diario Textual","og_description":"Sergio Massa sali\u00f3 a reivindicar la figura de Ra\u00fal Alfons\u00edn para seducir a los votantes radicales que no aceptan el pacto entre Javier Milei y Mauricio Macri. \u00abHoy como peronistas&hellip;","og_url":"https:\/\/diariotextual.com\/inicio\/index.php\/2023\/10\/29\/massa-reivindica-a-alfonsin-y-va-por-el-voto-radical\/","og_site_name":"Diario Textual","article_publisher":"https:\/\/www.facebook.com\/eltextual","article_published_time":"2023-10-29T21:22:45+00:00","article_modified_time":"2023-10-30T12:08:28+00:00","og_image":[{"width":940,"height":529,"url":"https:\/\/diariotextual.com\/inicio\/wp-content\/uploads\/2023\/10\/massasergio2023-98453309.jpg","type":"image\/jpeg"}],"author":"Diario1 Diario1","twitter_card":"summary_large_image","twitter_creator":"@eltextual","twitter_site":"@eltextual","twitter_misc":{"Escrito por":"Diario1 Diario1","Tiempo de lectura":"2 minutos"},"schema":{"@context":"https:\/\/schema.org","@graph":[{"@type":"Article","@id":"https:\/\/diariotextual.com\/inicio\/index.php\/2023\/10\/29\/massa-reivindica-a-alfonsin-y-va-por-el-voto-radical\/#article","isPartOf":{"@id":"https:\/\/diariotextual.com\/inicio\/index.php\/2023\/10\/29\/massa-reivindica-a-alfonsin-y-va-por-el-voto-radical\/"},"author":{"name":"Diario1 Diario1","@id":"https:\/\/diariotextual.com\/inicio\/#\/schema\/person\/418fc4093c33e86ed41562db3508f958"},"headline":"Massa reivindica a Alfons\u00edn y va por el voto radical","datePublished":"2023-10-29T21:22:45+00:00","dateModified":"2023-10-30T12:08:28+00:00","mainEntityOfPage":{"@id":"https:\/\/diariotextual.com\/inicio\/index.php\/2023\/10\/29\/massa-reivindica-a-alfonsin-y-va-por-el-voto-radical\/"},"wordCount":387,"publisher":{"@id":"https:\/\/diariotextual.com\/inicio\/#organization"},"image":{"@id":"https:\/\/diariotextual.com\/inicio\/index.php\/2023\/10\/29\/massa-reivindica-a-alfonsin-y-va-por-el-voto-radical\/#primaryimage"},"thumbnailUrl":"https:\/\/diariotextual.com\/inicio\/wp-content\/uploads\/2023\/10\/massasergio2023-98453309.jpg","articleSection":["A - ES NOTICIA (van abajo)","A - QUE PASA (al costado)","POLITICA"],"inLanguage":"es"},{"@type":"WebPage","@id":"https:\/\/diariotextual.com\/inicio\/index.php\/2023\/10\/29\/massa-reivindica-a-alfonsin-y-va-por-el-voto-radical\/","url":"https:\/\/diariotextual.com\/inicio\/index.php\/2023\/10\/29\/massa-reivindica-a-alfonsin-y-va-por-el-voto-radical\/","name":"Massa reivindica a Alfons\u00edn y va por el voto radical - Diario Textual","isPartOf":{"@id":"https:\/\/diariotextual.com\/inicio\/#website"},"primaryImageOfPage":{"@id":"https:\/\/diariotextual.com\/inicio\/index.php\/2023\/10\/29\/massa-reivindica-a-alfonsin-y-va-por-el-voto-radical\/#primaryimage"},"image":{"@id":"https:\/\/diariotextual.com\/inicio\/index.php\/2023\/10\/29\/massa-reivindica-a-alfonsin-y-va-por-el-voto-radical\/#primaryimage"},"thumbnailUrl":"https:\/\/diariotextual.com\/inicio\/wp-content\/uploads\/2023\/10\/massasergio2023-98453309.jpg","datePublished":"2023-10-29T21:22:45+00:00","dateModified":"2023-10-30T12:08:28+00:00","breadcrumb":{"@id":"https:\/\/diariotextual.com\/inicio\/index.php\/2023\/10\/29\/massa-reivindica-a-alfonsin-y-va-por-el-voto-radical\/#breadcrumb"},"inLanguage":"es","potentialAction":[{"@type":"ReadAction","target":["https:\/\/diariotextual.com\/inicio\/index.php\/2023\/10\/29\/massa-reivindica-a-alfonsin-y-va-por-el-voto-radical\/"]}]},{"@type":"ImageObject","inLanguage":"es","@id":"https:\/\/diariotextual.com\/inicio\/index.php\/2023\/10\/29\/massa-reivindica-a-alfonsin-y-va-por-el-voto-radical\/#primaryimage","url":"https:\/\/diariotextual.com\/inicio\/wp-content\/uploads\/2023\/10\/massasergio2023-98453309.jpg","contentUrl":"https:\/\/diariotextual.com\/inicio\/wp-content\/uploads\/2023\/10\/massasergio2023-98453309.jpg","width":940,"height":529},{"@type":"BreadcrumbList","@id":"https:\/\/diariotextual.com\/inicio\/index.php\/2023\/10\/29\/massa-reivindica-a-alfonsin-y-va-por-el-voto-radical\/#breadcrumb","itemListElement":[{"@type":"ListItem","position":1,"name":"Portada","item":"https:\/\/diariotextual.com\/inicio\/"},{"@type":"ListItem","position":2,"name":"Massa reivindica a Alfons\u00edn y va por el voto radical"}]},{"@type":"WebSite","@id":"https:\/\/diariotextual.com\/inicio\/#website","url":"https:\/\/diariotextual.com\/inicio\/","name":"Diario Textual","description":"","publisher":{"@id":"https:\/\/diariotextual.com\/inicio\/#organization"},"potentialAction":[{"@type":"SearchAction","target":{"@type":"EntryPoint","urlTemplate":"https:\/\/diariotextual.com\/inicio\/?s={search_term_string}"},"query-input":{"@type":"PropertyValueSpecification","valueRequired":true,"valueName":"search_term_string"}}],"inLanguage":"es"},{"@type":"Organization","@id":"https:\/\/diariotextual.com\/inicio\/#organization","name":"Diario Textual","url":"https:\/\/diariotextual.com\/inicio\/","logo":{"@type":"ImageObject","inLanguage":"es","@id":"https:\/\/diariotextual.com\/inicio\/#\/schema\/logo\/image\/","url":"https:\/\/diariotextual.com\/inicio\/wp-content\/uploads\/2023\/05\/logotextual1.jpg","contentUrl":"https:\/\/diariotextual.com\/inicio\/wp-content\/uploads\/2023\/05\/logotextual1.jpg","width":516,"height":76,"caption":"Diario Textual"},"image":{"@id":"https:\/\/diariotextual.com\/inicio\/#\/schema\/logo\/image\/"},"sameAs":["https:\/\/www.facebook.com\/eltextual","https:\/\/x.com\/eltextual","http:\/\/www.instagram.com\/eltextual"]},{"@type":"Person","@id":"https:\/\/diariotextual.com\/inicio\/#\/schema\/person\/418fc4093c33e86ed41562db3508f958","name":"Diario1 Diario1","image":{"@type":"ImageObject","inLanguage":"es","@id":"https:\/\/secure.gravatar.com\/avatar\/9167d280179c85bc18be67aa7eda765854300033af4896dd779b608640f2ef7a?s=96&d=mm&r=g","url":"https:\/\/secure.gravatar.com\/avatar\/9167d280179c85bc18be67aa7eda765854300033af4896dd779b608640f2ef7a?s=96&d=mm&r=g","contentUrl":"https:\/\/secure.gravatar.com\/avatar\/9167d280179c85bc18be67aa7eda765854300033af4896dd779b608640f2ef7a?s=96&d=mm&r=g","caption":"Diario1 Diario1"},"url":"https:\/\/diariotextual.com\/inicio\/index.php\/author\/diario1\/"}]}},"_links":{"self":[{"href":"https:\/\/diariotextual.com\/inicio\/index.php\/wp-json\/wp\/v2\/posts\/242647","targetHints":{"allow":["GET"]}}],"collection":[{"href":"https:\/\/diariotextual.com\/inicio\/index.php\/wp-json\/wp\/v2\/posts"}],"about":[{"href":"https:\/\/diariotextual.com\/inicio\/index.php\/wp-json\/wp\/v2\/types\/post"}],"author":[{"embeddable":true,"href":"https:\/\/diariotextual.com\/inicio\/index.php\/wp-json\/wp\/v2\/users\/3"}],"replies":[{"embeddable":true,"href":"https:\/\/diariotextual.com\/inicio\/index.php\/wp-json\/wp\/v2\/comments?post=242647"}],"version-history":[{"count":3,"href":"https:\/\/diariotextual.com\/inicio\/index.php\/wp-json\/wp\/v2\/posts\/242647\/revisions"}],"predecessor-version":[{"id":242651,"href":"https:\/\/diariotextual.com\/inicio\/index.php\/wp-json\/wp\/v2\/posts\/242647\/revisions\/242651"}],"wp:featuredmedia":[{"embeddable":true,"href":"https:\/\/diariotextual.com\/inicio\/index.php\/wp-json\/wp\/v2\/media\/242650"}],"wp:attachment":[{"href":"https:\/\/diariotextual.com\/inicio\/index.php\/wp-json\/wp\/v2\/media?parent=242647"}],"wp:term":[{"taxonomy":"category","embeddable":true,"href":"https:\/\/diariotextual.com\/inicio\/index.php\/wp-json\/wp\/v2\/categories?post=242647"},{"taxonomy":"post_tag","embeddable":true,"href":"https:\/\/diariotextual.com\/inicio\/index.php\/wp-json\/wp\/v2\/tags?post=242647"}],"curies":[{"name":"wp","href":"https:\/\/api.w.org\/{rel}","templated":true}]}}