{"id":242653,"date":"2023-10-30T16:33:00","date_gmt":"2023-10-30T19:33:00","guid":{"rendered":"https:\/\/diariotextual.com\/inicio\/?p=242653"},"modified":"2023-10-31T08:55:51","modified_gmt":"2023-10-31T11:55:51","slug":"40-anos-de-democracia-como-fueron-las-elecciones-del-30-de-octubre-en-la-pampa","status":"publish","type":"post","link":"https:\/\/diariotextual.com\/inicio\/index.php\/2023\/10\/30\/40-anos-de-democracia-como-fueron-las-elecciones-del-30-de-octubre-en-la-pampa\/","title":{"rendered":"40 a\u00f1os de democracia: c\u00f3mo fueron las elecciones del 30 de octubre en La Pampa"},"content":{"rendered":"\n<h2 class=\"wp-block-heading\"><br>Por Norberto G. Asquini<\/h2>\n\n\n\n<div style=\"height:100px\" aria-hidden=\"true\" class=\"wp-block-spacer\"><\/div>\n\n\n\n<p><br><strong>Se cumplen cuarenta a\u00f1os de la recuperaci\u00f3n de la democracia en la Argentina. El 30 de octubre de 1983 las y los argentinos volvieron a votar despu\u00e9s de la dictadura militar, y el 10 de diciembre asum\u00eda Ra\u00fal Alfons\u00edn como presidente. Fueron elecciones fundacionales del actual y m\u00e1s extenso per\u00edodo democr\u00e1tico que ha vivido nuestro pa\u00eds. Cuatro d\u00e9cadas del gobierno del pueblo a pesar de las crisis (y que las hubo) que atraves\u00f3 el pa\u00eds.<\/strong><br><\/p>\n\n\n\n<p>Para recordarlas en La Pampa, publicamos las fotograf\u00edas en blanco y negro que acompa\u00f1an este art\u00edculo. Momentos vividos de la campa\u00f1a electoral del 83 y de la votaci\u00f3n que parecen antiguas, pero que tienen un simbolismo tan actual y vigente. Sobre todo en momentos en que el consenso democr\u00e1tico nacido en esos a\u00f1os es permanentemente tensionado (cuando no puesto en duda) por algunos sectores.<br><\/p>\n\n\n\n<figure class=\"wp-block-image size-large\"><img fetchpriority=\"high\" decoding=\"async\" width=\"1024\" height=\"642\" src=\"https:\/\/diariotextual.com\/inicio\/wp-content\/uploads\/2023\/10\/democraciaelecciones83-3-3-1024x642.jpg\" alt=\"\" class=\"wp-image-242683\" srcset=\"https:\/\/diariotextual.com\/inicio\/wp-content\/uploads\/2023\/10\/democraciaelecciones83-3-3-1024x642.jpg 1024w, https:\/\/diariotextual.com\/inicio\/wp-content\/uploads\/2023\/10\/democraciaelecciones83-3-3-300x188.jpg 300w, https:\/\/diariotextual.com\/inicio\/wp-content\/uploads\/2023\/10\/democraciaelecciones83-3-3-768x482.jpg 768w, https:\/\/diariotextual.com\/inicio\/wp-content\/uploads\/2023\/10\/democraciaelecciones83-3-3-1170x734.jpg 1170w, https:\/\/diariotextual.com\/inicio\/wp-content\/uploads\/2023\/10\/democraciaelecciones83-3-3-585x367.jpg 585w, https:\/\/diariotextual.com\/inicio\/wp-content\/uploads\/2023\/10\/democraciaelecciones83-3-3.jpg 1500w\" sizes=\"(max-width: 1024px) 100vw, 1024px\" \/><\/figure>\n\n\n\n<p><\/p>\n\n\n\n<p>Recordemos c\u00f3mo fueron las elecciones del 83. Despu\u00e9s de la guerra de Malvinas el proceso de transici\u00f3n a la democracia se aceler\u00f3 mientras la dictadura se ca\u00eda a pedazos. El gobierno de facto convoc\u00f3 a elecciones y los partidos se pusieron en marcha. Ya en la campa\u00f1a electoral se observ\u00f3 que la competencia se iba a dar entre los dos partidos mayoritarios: el peronismo y el radicalismo. Y comenz\u00f3 a sobresalir la figura de Alfons\u00edn como alternativa a un estado de destrucci\u00f3n y de esperanza para afianzar la nueva era democr\u00e1tica.<\/p>\n\n\n\n<p><br>En La Pampa la disputa se dio entre tres fuerzas: el peronismo, el radicalismo y el Movimiento Federalista Pampeano (Mofepa). El Partido Justicialista afront\u00f3 la elecci\u00f3n dividido, arrastrando las diferencias que lo hab\u00edan marcado entre santarrose\u00f1os y piquenses. Afront\u00f3 una internas con cuatro listas: la Naranja, encabezada por Rub\u00e9n Mar\u00edn; y la Azul con Esteban Rolando, ambas con epicentro en General Pico; y la Verde de N\u00e9stor Ahuad y la Blanca del ex gobernador Jos\u00e9 Regazzoli, de Santa Rosa. El 27 de julio se impuso la Naranja con el 47% de los votos arrasando en General Pico y en casi todo el interior.<\/p>\n\n\n\n<p><br><\/p>\n\n\n\n<figure class=\"wp-block-image size-large\"><img decoding=\"async\" width=\"1024\" height=\"438\" src=\"https:\/\/diariotextual.com\/inicio\/wp-content\/uploads\/2023\/10\/democraciaelecciones83-13-13-1024x438.jpg\" alt=\"\" class=\"wp-image-242675\" srcset=\"https:\/\/diariotextual.com\/inicio\/wp-content\/uploads\/2023\/10\/democraciaelecciones83-13-13-1024x438.jpg 1024w, https:\/\/diariotextual.com\/inicio\/wp-content\/uploads\/2023\/10\/democraciaelecciones83-13-13-300x128.jpg 300w, https:\/\/diariotextual.com\/inicio\/wp-content\/uploads\/2023\/10\/democraciaelecciones83-13-13-768x328.jpg 768w, https:\/\/diariotextual.com\/inicio\/wp-content\/uploads\/2023\/10\/democraciaelecciones83-13-13-1170x500.jpg 1170w, https:\/\/diariotextual.com\/inicio\/wp-content\/uploads\/2023\/10\/democraciaelecciones83-13-13-585x250.jpg 585w, https:\/\/diariotextual.com\/inicio\/wp-content\/uploads\/2023\/10\/democraciaelecciones83-13-13.jpg 1500w\" sizes=\"(max-width: 1024px) 100vw, 1024px\" \/><\/figure>\n\n\n\n<p><\/p>\n\n\n\n<p>El radicalismo tambi\u00e9n fue a interna, entre la Celeste y Blanca con Antonio Berhongaray como candidato contra el piquense C\u00e9sar Norberto, ganando el primero por amplia mayor\u00eda.<br><\/p>\n\n\n\n<p>El tercer espacio era el Mofepa, un partido provincial nacido bajo el liderazgo de Ismael Amit, que hab\u00eda apoyado al Proceso y se hab\u00eda hecho cargo del gobierno de La Pampa en 1982 con Ricardo Telleriarte. En febrero de 1982, Telleriarte dej\u00f3 la gobernaci\u00f3n para poder ser candidato a gobernador.<br><\/p>\n\n\n\n<p>Si en los a\u00f1os setenta la disputa se hab\u00eda dado entre el peronismo y el Mofepa, esta vez el radicalismo cont\u00f3 con el \u201cAlfonsinazo\u201d, hoy lo llamar\u00edamos la \u201cola Alfons\u00edn\u201d, que le dio la fuerza para polarizar con el PJ. En tanto el Mofepa, que tambi\u00e9n apoy\u00f3 a Alfons\u00edn como su candidato a presidente, sufri\u00f3 la fuga de respaldo por su asociaci\u00f3n con la dictadura saliente.<br><\/p>\n\n\n\n<p>La campa\u00f1a dio cuenta de los nuevos tiempos, se observ\u00f3 una sociedad movilizada y esperanzada en la democracia que dejar\u00eda atr\u00e1s los a\u00f1os oscuros y en la restauraci\u00f3n del pa\u00eds golpeado econ\u00f3mica e institucionalmente. Los actos fueron masivos con un nivel de efusividad que mostraba la necesidad de sacarse el miedo de encima.<br><\/p>\n\n\n\n<p>El 30 de octubre se vot\u00f3. Alfons\u00edn arras\u00f3 a nivel nacional con el 52% de los votos. En La Pampa hubo ocho f\u00f3rmulas, pero la competencia se centr\u00f3 entre el PJ y la UCR. El peronismo gan\u00f3 con Rub\u00e9n Mar\u00edn que obtuvo 50.094 votos (el 40,7% de los positivos), sobre la UCR (32%) y el Mofepa (20%). La UCR cont\u00f3 con el empuj\u00f3n que le dio el \u201cAlfonsinazo\u201d: Alfons\u00edn gan\u00f3 en la provincia con el 41,4% (50.784 voto) sobre Italo L\u00fader del PJ que alcanz\u00f3 el 40,9% (50.157 votos), apenas hubo 627 sufragios de diferencia. De esta manera, el peronismo volvi\u00f3 al gobierno y la UCR pas\u00f3 a ser la principal fuerza de oposici\u00f3n.<br><\/p>\n\n\n\n<p>El peronismo adem\u00e1s gan\u00f3 las intendencias de Santa Rosa (39,8%) y la de General Pico (48%) y 25 de las 41 intendencias restantes (no se votaba en las comisiones de fomento). Mientras los apoyos en la oposici\u00f3n se dividieron entre radicales y mofepistas, en el peronismo se not\u00f3 el \u201cvoto leal\u201d: en cada localidad la boleta fue completa, sin cortes, a presidente, gobernador e intendente (en Santa Rosa sac\u00f3 11.916 a presidente, 11.318 a gobernador y 11.981 a intendente).<br><\/p>\n\n\n\n<p>El 30 de octubre, Alfons\u00edn festejaba a nivel nacional y el peronismo en la provincia iniciaba su hegemon\u00eda que se extiende, hasta ahora, por 44 a\u00f1os continuados de gobiernos, cuando en 2027 finalice su per\u00edodo Sergio Ziliotto.<\/p>\n\n\n\n<figure class=\"wp-block-image size-large\"><img decoding=\"async\" width=\"1024\" height=\"623\" src=\"https:\/\/diariotextual.com\/inicio\/wp-content\/uploads\/2023\/10\/democraciaelecciones83-1-1-1024x623.jpg\" alt=\"\" class=\"wp-image-242685\" srcset=\"https:\/\/diariotextual.com\/inicio\/wp-content\/uploads\/2023\/10\/democraciaelecciones83-1-1-1024x623.jpg 1024w, https:\/\/diariotextual.com\/inicio\/wp-content\/uploads\/2023\/10\/democraciaelecciones83-1-1-300x182.jpg 300w, https:\/\/diariotextual.com\/inicio\/wp-content\/uploads\/2023\/10\/democraciaelecciones83-1-1-768x467.jpg 768w, https:\/\/diariotextual.com\/inicio\/wp-content\/uploads\/2023\/10\/democraciaelecciones83-1-1-1170x711.jpg 1170w, https:\/\/diariotextual.com\/inicio\/wp-content\/uploads\/2023\/10\/democraciaelecciones83-1-1-585x356.jpg 585w, https:\/\/diariotextual.com\/inicio\/wp-content\/uploads\/2023\/10\/democraciaelecciones83-1-1.jpg 1500w\" sizes=\"(max-width: 1024px) 100vw, 1024px\" \/><\/figure>\n\n\n\n<figure class=\"wp-block-image size-large\"><img loading=\"lazy\" decoding=\"async\" width=\"1024\" height=\"637\" src=\"https:\/\/diariotextual.com\/inicio\/wp-content\/uploads\/2023\/10\/democraciaelecciones83-2-2-1024x637.jpg\" alt=\"\" class=\"wp-image-242684\" srcset=\"https:\/\/diariotextual.com\/inicio\/wp-content\/uploads\/2023\/10\/democraciaelecciones83-2-2-1024x637.jpg 1024w, https:\/\/diariotextual.com\/inicio\/wp-content\/uploads\/2023\/10\/democraciaelecciones83-2-2-300x187.jpg 300w, https:\/\/diariotextual.com\/inicio\/wp-content\/uploads\/2023\/10\/democraciaelecciones83-2-2-768x478.jpg 768w, https:\/\/diariotextual.com\/inicio\/wp-content\/uploads\/2023\/10\/democraciaelecciones83-2-2-1170x728.jpg 1170w, https:\/\/diariotextual.com\/inicio\/wp-content\/uploads\/2023\/10\/democraciaelecciones83-2-2-585x364.jpg 585w, https:\/\/diariotextual.com\/inicio\/wp-content\/uploads\/2023\/10\/democraciaelecciones83-2-2.jpg 1500w\" sizes=\"(max-width: 1024px) 100vw, 1024px\" \/><\/figure>\n\n\n\n<p><\/p>\n\n\n\n<p><\/p>\n\n\n\n<figure class=\"wp-block-image size-large\"><img loading=\"lazy\" decoding=\"async\" width=\"1024\" height=\"655\" src=\"https:\/\/diariotextual.com\/inicio\/wp-content\/uploads\/2023\/10\/democraciaelecciones83-4-4-1024x655.jpg\" alt=\"\" class=\"wp-image-242682\" srcset=\"https:\/\/diariotextual.com\/inicio\/wp-content\/uploads\/2023\/10\/democraciaelecciones83-4-4-1024x655.jpg 1024w, https:\/\/diariotextual.com\/inicio\/wp-content\/uploads\/2023\/10\/democraciaelecciones83-4-4-300x192.jpg 300w, https:\/\/diariotextual.com\/inicio\/wp-content\/uploads\/2023\/10\/democraciaelecciones83-4-4-768x491.jpg 768w, https:\/\/diariotextual.com\/inicio\/wp-content\/uploads\/2023\/10\/democraciaelecciones83-4-4-1170x748.jpg 1170w, https:\/\/diariotextual.com\/inicio\/wp-content\/uploads\/2023\/10\/democraciaelecciones83-4-4-585x374.jpg 585w, https:\/\/diariotextual.com\/inicio\/wp-content\/uploads\/2023\/10\/democraciaelecciones83-4-4.jpg 1500w\" sizes=\"(max-width: 1024px) 100vw, 1024px\" \/><\/figure>\n\n\n\n<p><\/p>\n\n\n\n<p><\/p>\n\n\n\n<figure class=\"wp-block-image size-large\"><img loading=\"lazy\" decoding=\"async\" width=\"1024\" height=\"644\" src=\"https:\/\/diariotextual.com\/inicio\/wp-content\/uploads\/2023\/10\/democraciaelecciones83-6-6-1024x644.jpg\" alt=\"\" class=\"wp-image-242681\" srcset=\"https:\/\/diariotextual.com\/inicio\/wp-content\/uploads\/2023\/10\/democraciaelecciones83-6-6-1024x644.jpg 1024w, https:\/\/diariotextual.com\/inicio\/wp-content\/uploads\/2023\/10\/democraciaelecciones83-6-6-300x189.jpg 300w, https:\/\/diariotextual.com\/inicio\/wp-content\/uploads\/2023\/10\/democraciaelecciones83-6-6-768x483.jpg 768w, https:\/\/diariotextual.com\/inicio\/wp-content\/uploads\/2023\/10\/democraciaelecciones83-6-6-1170x736.jpg 1170w, https:\/\/diariotextual.com\/inicio\/wp-content\/uploads\/2023\/10\/democraciaelecciones83-6-6-585x368.jpg 585w, https:\/\/diariotextual.com\/inicio\/wp-content\/uploads\/2023\/10\/democraciaelecciones83-6-6.jpg 1500w\" sizes=\"(max-width: 1024px) 100vw, 1024px\" \/><\/figure>\n\n\n\n<p><\/p>\n\n\n\n<p><\/p>\n\n\n\n<figure class=\"wp-block-image size-large\"><img loading=\"lazy\" decoding=\"async\" width=\"1024\" height=\"654\" src=\"https:\/\/diariotextual.com\/inicio\/wp-content\/uploads\/2023\/10\/democraciaelecciones83-8-8-1024x654.jpg\" alt=\"\" class=\"wp-image-242679\" srcset=\"https:\/\/diariotextual.com\/inicio\/wp-content\/uploads\/2023\/10\/democraciaelecciones83-8-8-1024x654.jpg 1024w, https:\/\/diariotextual.com\/inicio\/wp-content\/uploads\/2023\/10\/democraciaelecciones83-8-8-300x192.jpg 300w, https:\/\/diariotextual.com\/inicio\/wp-content\/uploads\/2023\/10\/democraciaelecciones83-8-8-768x490.jpg 768w, https:\/\/diariotextual.com\/inicio\/wp-content\/uploads\/2023\/10\/democraciaelecciones83-8-8-1170x747.jpg 1170w, https:\/\/diariotextual.com\/inicio\/wp-content\/uploads\/2023\/10\/democraciaelecciones83-8-8-585x374.jpg 585w, https:\/\/diariotextual.com\/inicio\/wp-content\/uploads\/2023\/10\/democraciaelecciones83-8-8.jpg 1500w\" sizes=\"(max-width: 1024px) 100vw, 1024px\" \/><\/figure>\n\n\n\n<figure class=\"wp-block-image size-large\"><img loading=\"lazy\" decoding=\"async\" width=\"1024\" height=\"632\" src=\"https:\/\/diariotextual.com\/inicio\/wp-content\/uploads\/2023\/10\/democraciaelecciones83-9-9-1024x632.jpg\" alt=\"\" class=\"wp-image-242678\" srcset=\"https:\/\/diariotextual.com\/inicio\/wp-content\/uploads\/2023\/10\/democraciaelecciones83-9-9-1024x632.jpg 1024w, https:\/\/diariotextual.com\/inicio\/wp-content\/uploads\/2023\/10\/democraciaelecciones83-9-9-300x185.jpg 300w, https:\/\/diariotextual.com\/inicio\/wp-content\/uploads\/2023\/10\/democraciaelecciones83-9-9-768x474.jpg 768w, https:\/\/diariotextual.com\/inicio\/wp-content\/uploads\/2023\/10\/democraciaelecciones83-9-9-1170x722.jpg 1170w, https:\/\/diariotextual.com\/inicio\/wp-content\/uploads\/2023\/10\/democraciaelecciones83-9-9-585x361.jpg 585w, https:\/\/diariotextual.com\/inicio\/wp-content\/uploads\/2023\/10\/democraciaelecciones83-9-9.jpg 1500w\" sizes=\"(max-width: 1024px) 100vw, 1024px\" \/><\/figure>\n\n\n\n<p><\/p>\n\n\n\n<p><\/p>\n\n\n\n<figure class=\"wp-block-image size-large\"><img loading=\"lazy\" decoding=\"async\" width=\"1024\" height=\"678\" src=\"https:\/\/diariotextual.com\/inicio\/wp-content\/uploads\/2023\/10\/democraciaelecciones83-10-0-1024x678.jpg\" alt=\"\" class=\"wp-image-242677\" srcset=\"https:\/\/diariotextual.com\/inicio\/wp-content\/uploads\/2023\/10\/democraciaelecciones83-10-0-1024x678.jpg 1024w, https:\/\/diariotextual.com\/inicio\/wp-content\/uploads\/2023\/10\/democraciaelecciones83-10-0-300x199.jpg 300w, https:\/\/diariotextual.com\/inicio\/wp-content\/uploads\/2023\/10\/democraciaelecciones83-10-0-768x508.jpg 768w, https:\/\/diariotextual.com\/inicio\/wp-content\/uploads\/2023\/10\/democraciaelecciones83-10-0-1170x775.jpg 1170w, https:\/\/diariotextual.com\/inicio\/wp-content\/uploads\/2023\/10\/democraciaelecciones83-10-0-780x516.jpg 780w, https:\/\/diariotextual.com\/inicio\/wp-content\/uploads\/2023\/10\/democraciaelecciones83-10-0-585x387.jpg 585w, https:\/\/diariotextual.com\/inicio\/wp-content\/uploads\/2023\/10\/democraciaelecciones83-10-0-263x175.jpg 263w, https:\/\/diariotextual.com\/inicio\/wp-content\/uploads\/2023\/10\/democraciaelecciones83-10-0.jpg 1500w\" sizes=\"(max-width: 1024px) 100vw, 1024px\" \/><\/figure>\n\n\n\n<p><\/p>\n\n\n\n<p><\/p>\n\n\n\n<figure class=\"wp-block-image size-large\"><img loading=\"lazy\" decoding=\"async\" width=\"657\" height=\"1024\" src=\"https:\/\/diariotextual.com\/inicio\/wp-content\/uploads\/2023\/10\/democraciaelecciones83-11-11-657x1024.jpg\" alt=\"\" class=\"wp-image-242676\" srcset=\"https:\/\/diariotextual.com\/inicio\/wp-content\/uploads\/2023\/10\/democraciaelecciones83-11-11-657x1024.jpg 657w, https:\/\/diariotextual.com\/inicio\/wp-content\/uploads\/2023\/10\/democraciaelecciones83-11-11-192x300.jpg 192w, https:\/\/diariotextual.com\/inicio\/wp-content\/uploads\/2023\/10\/democraciaelecciones83-11-11-768x1197.jpg 768w, https:\/\/diariotextual.com\/inicio\/wp-content\/uploads\/2023\/10\/democraciaelecciones83-11-11-985x1536.jpg 985w, https:\/\/diariotextual.com\/inicio\/wp-content\/uploads\/2023\/10\/democraciaelecciones83-11-11-1314x2048.jpg 1314w, https:\/\/diariotextual.com\/inicio\/wp-content\/uploads\/2023\/10\/democraciaelecciones83-11-11-1170x1824.jpg 1170w, https:\/\/diariotextual.com\/inicio\/wp-content\/uploads\/2023\/10\/democraciaelecciones83-11-11-585x912.jpg 585w, https:\/\/diariotextual.com\/inicio\/wp-content\/uploads\/2023\/10\/democraciaelecciones83-11-11.jpg 1500w\" sizes=\"(max-width: 657px) 100vw, 657px\" \/><\/figure>\n\n\n\n<p><\/p>\n\n\n\n<p><\/p>\n\n\n\n<p><\/p>\n","protected":false},"excerpt":{"rendered":"<p>Por Norberto G. Asquini Se cumplen cuarenta a\u00f1os de la recuperaci\u00f3n de la democracia en la Argentina. El 30 de octubre de 1983 las y los argentinos volvieron a votar&hellip;<\/p>\n","protected":false},"author":3,"featured_media":242686,"comment_status":"closed","ping_status":"open","sticky":false,"template":"","format":"standard","meta":{"_acf_changed":false,"footnotes":""},"categories":[11,8],"tags":[],"class_list":["post-242653","post","type-post","status-publish","format-standard","has-post-thumbnail","hentry","category-que-pasa","category-politica"],"acf":[],"yoast_head":"<!-- This site is optimized with the Yoast SEO plugin v27.5 - https:\/\/yoast.com\/product\/yoast-seo-wordpress\/ -->\n<title>40 a\u00f1os de democracia: c\u00f3mo fueron las elecciones del 30 de octubre en La Pampa - Diario Textual<\/title>\n<meta name=\"robots\" content=\"index, follow, max-snippet:-1, max-image-preview:large, max-video-preview:-1\" \/>\n<link rel=\"canonical\" href=\"https:\/\/diariotextual.com\/inicio\/index.php\/2023\/10\/30\/40-anos-de-democracia-como-fueron-las-elecciones-del-30-de-octubre-en-la-pampa\/\" \/>\n<meta property=\"og:locale\" content=\"es_ES\" \/>\n<meta property=\"og:type\" content=\"article\" \/>\n<meta property=\"og:title\" content=\"40 a\u00f1os de democracia: c\u00f3mo fueron las elecciones del 30 de octubre en La Pampa - Diario Textual\" \/>\n<meta property=\"og:description\" content=\"Por Norberto G. Asquini Se cumplen cuarenta a\u00f1os de la recuperaci\u00f3n de la democracia en la Argentina. El 30 de octubre de 1983 las y los argentinos volvieron a votar&hellip;\" \/>\n<meta property=\"og:url\" content=\"https:\/\/diariotextual.com\/inicio\/index.php\/2023\/10\/30\/40-anos-de-democracia-como-fueron-las-elecciones-del-30-de-octubre-en-la-pampa\/\" \/>\n<meta property=\"og:site_name\" content=\"Diario Textual\" \/>\n<meta property=\"article:publisher\" content=\"https:\/\/www.facebook.com\/eltextual\" \/>\n<meta property=\"article:published_time\" content=\"2023-10-30T19:33:00+00:00\" \/>\n<meta property=\"article:modified_time\" content=\"2023-10-31T11:55:51+00:00\" \/>\n<meta property=\"og:image\" content=\"https:\/\/diariotextual.com\/inicio\/wp-content\/uploads\/2023\/10\/democraciaelecciones83-12-a.jpg\" \/>\n\t<meta property=\"og:image:width\" content=\"1500\" \/>\n\t<meta property=\"og:image:height\" content=\"962\" \/>\n\t<meta property=\"og:image:type\" content=\"image\/jpeg\" \/>\n<meta name=\"author\" content=\"Diario1 Diario1\" \/>\n<meta name=\"twitter:card\" content=\"summary_large_image\" \/>\n<meta name=\"twitter:creator\" content=\"@eltextual\" \/>\n<meta name=\"twitter:site\" content=\"@eltextual\" \/>\n<meta name=\"twitter:label1\" content=\"Escrito por\" \/>\n\t<meta name=\"twitter:data1\" content=\"Diario1 Diario1\" \/>\n\t<meta name=\"twitter:label2\" content=\"Tiempo de lectura\" \/>\n\t<meta name=\"twitter:data2\" content=\"6 minutos\" \/>\n<script type=\"application\/ld+json\" class=\"yoast-schema-graph\">{\"@context\":\"https:\\\/\\\/schema.org\",\"@graph\":[{\"@type\":\"Article\",\"@id\":\"https:\\\/\\\/diariotextual.com\\\/inicio\\\/index.php\\\/2023\\\/10\\\/30\\\/40-anos-de-democracia-como-fueron-las-elecciones-del-30-de-octubre-en-la-pampa\\\/#article\",\"isPartOf\":{\"@id\":\"https:\\\/\\\/diariotextual.com\\\/inicio\\\/index.php\\\/2023\\\/10\\\/30\\\/40-anos-de-democracia-como-fueron-las-elecciones-del-30-de-octubre-en-la-pampa\\\/\"},\"author\":{\"name\":\"Diario1 Diario1\",\"@id\":\"https:\\\/\\\/diariotextual.com\\\/inicio\\\/#\\\/schema\\\/person\\\/418fc4093c33e86ed41562db3508f958\"},\"headline\":\"40 a\u00f1os de democracia: c\u00f3mo fueron las elecciones del 30 de octubre en La Pampa\",\"datePublished\":\"2023-10-30T19:33:00+00:00\",\"dateModified\":\"2023-10-31T11:55:51+00:00\",\"mainEntityOfPage\":{\"@id\":\"https:\\\/\\\/diariotextual.com\\\/inicio\\\/index.php\\\/2023\\\/10\\\/30\\\/40-anos-de-democracia-como-fueron-las-elecciones-del-30-de-octubre-en-la-pampa\\\/\"},\"wordCount\":815,\"publisher\":{\"@id\":\"https:\\\/\\\/diariotextual.com\\\/inicio\\\/#organization\"},\"image\":{\"@id\":\"https:\\\/\\\/diariotextual.com\\\/inicio\\\/index.php\\\/2023\\\/10\\\/30\\\/40-anos-de-democracia-como-fueron-las-elecciones-del-30-de-octubre-en-la-pampa\\\/#primaryimage\"},\"thumbnailUrl\":\"https:\\\/\\\/diariotextual.com\\\/inicio\\\/wp-content\\\/uploads\\\/2023\\\/10\\\/democraciaelecciones83-12-a.jpg\",\"articleSection\":[\"A - QUE PASA (al costado)\",\"POLITICA\"],\"inLanguage\":\"es\"},{\"@type\":\"WebPage\",\"@id\":\"https:\\\/\\\/diariotextual.com\\\/inicio\\\/index.php\\\/2023\\\/10\\\/30\\\/40-anos-de-democracia-como-fueron-las-elecciones-del-30-de-octubre-en-la-pampa\\\/\",\"url\":\"https:\\\/\\\/diariotextual.com\\\/inicio\\\/index.php\\\/2023\\\/10\\\/30\\\/40-anos-de-democracia-como-fueron-las-elecciones-del-30-de-octubre-en-la-pampa\\\/\",\"name\":\"40 a\u00f1os de democracia: c\u00f3mo fueron las elecciones del 30 de octubre en La Pampa - Diario Textual\",\"isPartOf\":{\"@id\":\"https:\\\/\\\/diariotextual.com\\\/inicio\\\/#website\"},\"primaryImageOfPage\":{\"@id\":\"https:\\\/\\\/diariotextual.com\\\/inicio\\\/index.php\\\/2023\\\/10\\\/30\\\/40-anos-de-democracia-como-fueron-las-elecciones-del-30-de-octubre-en-la-pampa\\\/#primaryimage\"},\"image\":{\"@id\":\"https:\\\/\\\/diariotextual.com\\\/inicio\\\/index.php\\\/2023\\\/10\\\/30\\\/40-anos-de-democracia-como-fueron-las-elecciones-del-30-de-octubre-en-la-pampa\\\/#primaryimage\"},\"thumbnailUrl\":\"https:\\\/\\\/diariotextual.com\\\/inicio\\\/wp-content\\\/uploads\\\/2023\\\/10\\\/democraciaelecciones83-12-a.jpg\",\"datePublished\":\"2023-10-30T19:33:00+00:00\",\"dateModified\":\"2023-10-31T11:55:51+00:00\",\"breadcrumb\":{\"@id\":\"https:\\\/\\\/diariotextual.com\\\/inicio\\\/index.php\\\/2023\\\/10\\\/30\\\/40-anos-de-democracia-como-fueron-las-elecciones-del-30-de-octubre-en-la-pampa\\\/#breadcrumb\"},\"inLanguage\":\"es\",\"potentialAction\":[{\"@type\":\"ReadAction\",\"target\":[\"https:\\\/\\\/diariotextual.com\\\/inicio\\\/index.php\\\/2023\\\/10\\\/30\\\/40-anos-de-democracia-como-fueron-las-elecciones-del-30-de-octubre-en-la-pampa\\\/\"]}]},{\"@type\":\"ImageObject\",\"inLanguage\":\"es\",\"@id\":\"https:\\\/\\\/diariotextual.com\\\/inicio\\\/index.php\\\/2023\\\/10\\\/30\\\/40-anos-de-democracia-como-fueron-las-elecciones-del-30-de-octubre-en-la-pampa\\\/#primaryimage\",\"url\":\"https:\\\/\\\/diariotextual.com\\\/inicio\\\/wp-content\\\/uploads\\\/2023\\\/10\\\/democraciaelecciones83-12-a.jpg\",\"contentUrl\":\"https:\\\/\\\/diariotextual.com\\\/inicio\\\/wp-content\\\/uploads\\\/2023\\\/10\\\/democraciaelecciones83-12-a.jpg\",\"width\":1500,\"height\":962},{\"@type\":\"BreadcrumbList\",\"@id\":\"https:\\\/\\\/diariotextual.com\\\/inicio\\\/index.php\\\/2023\\\/10\\\/30\\\/40-anos-de-democracia-como-fueron-las-elecciones-del-30-de-octubre-en-la-pampa\\\/#breadcrumb\",\"itemListElement\":[{\"@type\":\"ListItem\",\"position\":1,\"name\":\"Portada\",\"item\":\"https:\\\/\\\/diariotextual.com\\\/inicio\\\/\"},{\"@type\":\"ListItem\",\"position\":2,\"name\":\"40 a\u00f1os de democracia: c\u00f3mo fueron las elecciones del 30 de octubre en La Pampa\"}]},{\"@type\":\"WebSite\",\"@id\":\"https:\\\/\\\/diariotextual.com\\\/inicio\\\/#website\",\"url\":\"https:\\\/\\\/diariotextual.com\\\/inicio\\\/\",\"name\":\"Diario Textual\",\"description\":\"\",\"publisher\":{\"@id\":\"https:\\\/\\\/diariotextual.com\\\/inicio\\\/#organization\"},\"potentialAction\":[{\"@type\":\"SearchAction\",\"target\":{\"@type\":\"EntryPoint\",\"urlTemplate\":\"https:\\\/\\\/diariotextual.com\\\/inicio\\\/?s={search_term_string}\"},\"query-input\":{\"@type\":\"PropertyValueSpecification\",\"valueRequired\":true,\"valueName\":\"search_term_string\"}}],\"inLanguage\":\"es\"},{\"@type\":\"Organization\",\"@id\":\"https:\\\/\\\/diariotextual.com\\\/inicio\\\/#organization\",\"name\":\"Diario Textual\",\"url\":\"https:\\\/\\\/diariotextual.com\\\/inicio\\\/\",\"logo\":{\"@type\":\"ImageObject\",\"inLanguage\":\"es\",\"@id\":\"https:\\\/\\\/diariotextual.com\\\/inicio\\\/#\\\/schema\\\/logo\\\/image\\\/\",\"url\":\"https:\\\/\\\/diariotextual.com\\\/inicio\\\/wp-content\\\/uploads\\\/2023\\\/05\\\/logotextual1.jpg\",\"contentUrl\":\"https:\\\/\\\/diariotextual.com\\\/inicio\\\/wp-content\\\/uploads\\\/2023\\\/05\\\/logotextual1.jpg\",\"width\":516,\"height\":76,\"caption\":\"Diario Textual\"},\"image\":{\"@id\":\"https:\\\/\\\/diariotextual.com\\\/inicio\\\/#\\\/schema\\\/logo\\\/image\\\/\"},\"sameAs\":[\"https:\\\/\\\/www.facebook.com\\\/eltextual\",\"https:\\\/\\\/x.com\\\/eltextual\",\"http:\\\/\\\/www.instagram.com\\\/eltextual\"]},{\"@type\":\"Person\",\"@id\":\"https:\\\/\\\/diariotextual.com\\\/inicio\\\/#\\\/schema\\\/person\\\/418fc4093c33e86ed41562db3508f958\",\"name\":\"Diario1 Diario1\",\"image\":{\"@type\":\"ImageObject\",\"inLanguage\":\"es\",\"@id\":\"https:\\\/\\\/secure.gravatar.com\\\/avatar\\\/9167d280179c85bc18be67aa7eda765854300033af4896dd779b608640f2ef7a?s=96&d=mm&r=g\",\"url\":\"https:\\\/\\\/secure.gravatar.com\\\/avatar\\\/9167d280179c85bc18be67aa7eda765854300033af4896dd779b608640f2ef7a?s=96&d=mm&r=g\",\"contentUrl\":\"https:\\\/\\\/secure.gravatar.com\\\/avatar\\\/9167d280179c85bc18be67aa7eda765854300033af4896dd779b608640f2ef7a?s=96&d=mm&r=g\",\"caption\":\"Diario1 Diario1\"},\"url\":\"https:\\\/\\\/diariotextual.com\\\/inicio\\\/index.php\\\/author\\\/diario1\\\/\"}]}<\/script>\n<!-- \/ Yoast SEO plugin. -->","yoast_head_json":{"title":"40 a\u00f1os de democracia: c\u00f3mo fueron las elecciones del 30 de octubre en La Pampa - Diario Textual","robots":{"index":"index","follow":"follow","max-snippet":"max-snippet:-1","max-image-preview":"max-image-preview:large","max-video-preview":"max-video-preview:-1"},"canonical":"https:\/\/diariotextual.com\/inicio\/index.php\/2023\/10\/30\/40-anos-de-democracia-como-fueron-las-elecciones-del-30-de-octubre-en-la-pampa\/","og_locale":"es_ES","og_type":"article","og_title":"40 a\u00f1os de democracia: c\u00f3mo fueron las elecciones del 30 de octubre en La Pampa - Diario Textual","og_description":"Por Norberto G. Asquini Se cumplen cuarenta a\u00f1os de la recuperaci\u00f3n de la democracia en la Argentina. El 30 de octubre de 1983 las y los argentinos volvieron a votar&hellip;","og_url":"https:\/\/diariotextual.com\/inicio\/index.php\/2023\/10\/30\/40-anos-de-democracia-como-fueron-las-elecciones-del-30-de-octubre-en-la-pampa\/","og_site_name":"Diario Textual","article_publisher":"https:\/\/www.facebook.com\/eltextual","article_published_time":"2023-10-30T19:33:00+00:00","article_modified_time":"2023-10-31T11:55:51+00:00","og_image":[{"width":1500,"height":962,"url":"https:\/\/diariotextual.com\/inicio\/wp-content\/uploads\/2023\/10\/democraciaelecciones83-12-a.jpg","type":"image\/jpeg"}],"author":"Diario1 Diario1","twitter_card":"summary_large_image","twitter_creator":"@eltextual","twitter_site":"@eltextual","twitter_misc":{"Escrito por":"Diario1 Diario1","Tiempo de lectura":"6 minutos"},"schema":{"@context":"https:\/\/schema.org","@graph":[{"@type":"Article","@id":"https:\/\/diariotextual.com\/inicio\/index.php\/2023\/10\/30\/40-anos-de-democracia-como-fueron-las-elecciones-del-30-de-octubre-en-la-pampa\/#article","isPartOf":{"@id":"https:\/\/diariotextual.com\/inicio\/index.php\/2023\/10\/30\/40-anos-de-democracia-como-fueron-las-elecciones-del-30-de-octubre-en-la-pampa\/"},"author":{"name":"Diario1 Diario1","@id":"https:\/\/diariotextual.com\/inicio\/#\/schema\/person\/418fc4093c33e86ed41562db3508f958"},"headline":"40 a\u00f1os de democracia: c\u00f3mo fueron las elecciones del 30 de octubre en La Pampa","datePublished":"2023-10-30T19:33:00+00:00","dateModified":"2023-10-31T11:55:51+00:00","mainEntityOfPage":{"@id":"https:\/\/diariotextual.com\/inicio\/index.php\/2023\/10\/30\/40-anos-de-democracia-como-fueron-las-elecciones-del-30-de-octubre-en-la-pampa\/"},"wordCount":815,"publisher":{"@id":"https:\/\/diariotextual.com\/inicio\/#organization"},"image":{"@id":"https:\/\/diariotextual.com\/inicio\/index.php\/2023\/10\/30\/40-anos-de-democracia-como-fueron-las-elecciones-del-30-de-octubre-en-la-pampa\/#primaryimage"},"thumbnailUrl":"https:\/\/diariotextual.com\/inicio\/wp-content\/uploads\/2023\/10\/democraciaelecciones83-12-a.jpg","articleSection":["A - QUE PASA (al costado)","POLITICA"],"inLanguage":"es"},{"@type":"WebPage","@id":"https:\/\/diariotextual.com\/inicio\/index.php\/2023\/10\/30\/40-anos-de-democracia-como-fueron-las-elecciones-del-30-de-octubre-en-la-pampa\/","url":"https:\/\/diariotextual.com\/inicio\/index.php\/2023\/10\/30\/40-anos-de-democracia-como-fueron-las-elecciones-del-30-de-octubre-en-la-pampa\/","name":"40 a\u00f1os de democracia: c\u00f3mo fueron las elecciones del 30 de octubre en La Pampa - Diario Textual","isPartOf":{"@id":"https:\/\/diariotextual.com\/inicio\/#website"},"primaryImageOfPage":{"@id":"https:\/\/diariotextual.com\/inicio\/index.php\/2023\/10\/30\/40-anos-de-democracia-como-fueron-las-elecciones-del-30-de-octubre-en-la-pampa\/#primaryimage"},"image":{"@id":"https:\/\/diariotextual.com\/inicio\/index.php\/2023\/10\/30\/40-anos-de-democracia-como-fueron-las-elecciones-del-30-de-octubre-en-la-pampa\/#primaryimage"},"thumbnailUrl":"https:\/\/diariotextual.com\/inicio\/wp-content\/uploads\/2023\/10\/democraciaelecciones83-12-a.jpg","datePublished":"2023-10-30T19:33:00+00:00","dateModified":"2023-10-31T11:55:51+00:00","breadcrumb":{"@id":"https:\/\/diariotextual.com\/inicio\/index.php\/2023\/10\/30\/40-anos-de-democracia-como-fueron-las-elecciones-del-30-de-octubre-en-la-pampa\/#breadcrumb"},"inLanguage":"es","potentialAction":[{"@type":"ReadAction","target":["https:\/\/diariotextual.com\/inicio\/index.php\/2023\/10\/30\/40-anos-de-democracia-como-fueron-las-elecciones-del-30-de-octubre-en-la-pampa\/"]}]},{"@type":"ImageObject","inLanguage":"es","@id":"https:\/\/diariotextual.com\/inicio\/index.php\/2023\/10\/30\/40-anos-de-democracia-como-fueron-las-elecciones-del-30-de-octubre-en-la-pampa\/#primaryimage","url":"https:\/\/diariotextual.com\/inicio\/wp-content\/uploads\/2023\/10\/democraciaelecciones83-12-a.jpg","contentUrl":"https:\/\/diariotextual.com\/inicio\/wp-content\/uploads\/2023\/10\/democraciaelecciones83-12-a.jpg","width":1500,"height":962},{"@type":"BreadcrumbList","@id":"https:\/\/diariotextual.com\/inicio\/index.php\/2023\/10\/30\/40-anos-de-democracia-como-fueron-las-elecciones-del-30-de-octubre-en-la-pampa\/#breadcrumb","itemListElement":[{"@type":"ListItem","position":1,"name":"Portada","item":"https:\/\/diariotextual.com\/inicio\/"},{"@type":"ListItem","position":2,"name":"40 a\u00f1os de democracia: c\u00f3mo fueron las elecciones del 30 de octubre en La Pampa"}]},{"@type":"WebSite","@id":"https:\/\/diariotextual.com\/inicio\/#website","url":"https:\/\/diariotextual.com\/inicio\/","name":"Diario Textual","description":"","publisher":{"@id":"https:\/\/diariotextual.com\/inicio\/#organization"},"potentialAction":[{"@type":"SearchAction","target":{"@type":"EntryPoint","urlTemplate":"https:\/\/diariotextual.com\/inicio\/?s={search_term_string}"},"query-input":{"@type":"PropertyValueSpecification","valueRequired":true,"valueName":"search_term_string"}}],"inLanguage":"es"},{"@type":"Organization","@id":"https:\/\/diariotextual.com\/inicio\/#organization","name":"Diario Textual","url":"https:\/\/diariotextual.com\/inicio\/","logo":{"@type":"ImageObject","inLanguage":"es","@id":"https:\/\/diariotextual.com\/inicio\/#\/schema\/logo\/image\/","url":"https:\/\/diariotextual.com\/inicio\/wp-content\/uploads\/2023\/05\/logotextual1.jpg","contentUrl":"https:\/\/diariotextual.com\/inicio\/wp-content\/uploads\/2023\/05\/logotextual1.jpg","width":516,"height":76,"caption":"Diario Textual"},"image":{"@id":"https:\/\/diariotextual.com\/inicio\/#\/schema\/logo\/image\/"},"sameAs":["https:\/\/www.facebook.com\/eltextual","https:\/\/x.com\/eltextual","http:\/\/www.instagram.com\/eltextual"]},{"@type":"Person","@id":"https:\/\/diariotextual.com\/inicio\/#\/schema\/person\/418fc4093c33e86ed41562db3508f958","name":"Diario1 Diario1","image":{"@type":"ImageObject","inLanguage":"es","@id":"https:\/\/secure.gravatar.com\/avatar\/9167d280179c85bc18be67aa7eda765854300033af4896dd779b608640f2ef7a?s=96&d=mm&r=g","url":"https:\/\/secure.gravatar.com\/avatar\/9167d280179c85bc18be67aa7eda765854300033af4896dd779b608640f2ef7a?s=96&d=mm&r=g","contentUrl":"https:\/\/secure.gravatar.com\/avatar\/9167d280179c85bc18be67aa7eda765854300033af4896dd779b608640f2ef7a?s=96&d=mm&r=g","caption":"Diario1 Diario1"},"url":"https:\/\/diariotextual.com\/inicio\/index.php\/author\/diario1\/"}]}},"_links":{"self":[{"href":"https:\/\/diariotextual.com\/inicio\/index.php\/wp-json\/wp\/v2\/posts\/242653","targetHints":{"allow":["GET"]}}],"collection":[{"href":"https:\/\/diariotextual.com\/inicio\/index.php\/wp-json\/wp\/v2\/posts"}],"about":[{"href":"https:\/\/diariotextual.com\/inicio\/index.php\/wp-json\/wp\/v2\/types\/post"}],"author":[{"embeddable":true,"href":"https:\/\/diariotextual.com\/inicio\/index.php\/wp-json\/wp\/v2\/users\/3"}],"replies":[{"embeddable":true,"href":"https:\/\/diariotextual.com\/inicio\/index.php\/wp-json\/wp\/v2\/comments?post=242653"}],"version-history":[{"count":4,"href":"https:\/\/diariotextual.com\/inicio\/index.php\/wp-json\/wp\/v2\/posts\/242653\/revisions"}],"predecessor-version":[{"id":242690,"href":"https:\/\/diariotextual.com\/inicio\/index.php\/wp-json\/wp\/v2\/posts\/242653\/revisions\/242690"}],"wp:featuredmedia":[{"embeddable":true,"href":"https:\/\/diariotextual.com\/inicio\/index.php\/wp-json\/wp\/v2\/media\/242686"}],"wp:attachment":[{"href":"https:\/\/diariotextual.com\/inicio\/index.php\/wp-json\/wp\/v2\/media?parent=242653"}],"wp:term":[{"taxonomy":"category","embeddable":true,"href":"https:\/\/diariotextual.com\/inicio\/index.php\/wp-json\/wp\/v2\/categories?post=242653"},{"taxonomy":"post_tag","embeddable":true,"href":"https:\/\/diariotextual.com\/inicio\/index.php\/wp-json\/wp\/v2\/tags?post=242653"}],"curies":[{"name":"wp","href":"https:\/\/api.w.org\/{rel}","templated":true}]}}