{"id":242666,"date":"2023-10-29T21:13:57","date_gmt":"2023-10-30T00:13:57","guid":{"rendered":"https:\/\/diariotextual.com\/inicio\/?p=242666"},"modified":"2023-10-30T10:20:04","modified_gmt":"2023-10-30T13:20:04","slug":"cristina-kirchner-pongamos-todo-el-esfuerzo-personal-para-el-triunfo-de-union-por-la-patria","status":"publish","type":"post","link":"https:\/\/diariotextual.com\/inicio\/index.php\/2023\/10\/29\/cristina-kirchner-pongamos-todo-el-esfuerzo-personal-para-el-triunfo-de-union-por-la-patria\/","title":{"rendered":"\u00a0Cristina Kirchner: \u201cPongamos todo el esfuerzo personal para el triunfo de Uni\u00f3n por la Patria\u201d"},"content":{"rendered":"\n<p>La vicepresidenta<strong>\u00a0Cristina Kirchner\u00a0<\/strong>reapareci\u00f3 este fin de semana y volvi\u00f3 a involucrarse de lleno en la campa\u00f1a del oficialismo, al convocar a un sector de su espacio a poner \u201ctodo el esfuerzo personal para el triunfo de Uni\u00f3n por la Patria\u201d en el pr\u00f3ximo balotaje.<\/p>\n\n\n\n<p>Cuando faltan tan solo unas semanas para las elecciones, en las que el actual ministro de Econom\u00eda, Sergio Massa, enfrentar\u00e1 a Javier Milei, que encabeza la boleta de La Libertad Avanza, la titular del Senado grab\u00f3 un mensaje con motivo del Congreso Nacional del Frente Patria Grande, que lidera<strong>&nbsp;Juan Grabois<\/strong>.<\/p>\n\n\n\n<p>En el audio, que fue difundido en Twitter por el propio dirigente social, que en las primarias de agosto perdi\u00f3 la interna de la coalici\u00f3n contra el propio Massa, la exmandataria nacional hizo un an\u00e1lisis de la situaci\u00f3n pol\u00edtica actual.<\/p>\n\n\n\n<p>\u201cBueno, huelga, \u00bfno? Huelga decir el momento tan especial que estamos viviendo quienes militamos en pol\u00edtica en el campo nacional, popular y democr\u00e1tico desde muy, pero muy, muy j\u00f3venes, y s\u00e9 del compromiso de todos y todas, y de cada uno y cada una de ustedes, que no es solo un compromiso pol\u00edtico, sino, esencialmente, un compromiso de vida, como siempre lo hemos tenido\u201d, expres\u00f3.<\/p>\n\n\n\n<p>En este sentido, Cristina Kirchner remarc\u00f3 que el mensaje \u201ces un saludo especial para que de ac\u00e1 al 19 8de noviembre, fecha en la que se celebrar\u00e1 la segunda vuelta electoral)\u201d, los integrantes del partido que encabeza Grabois pongan&nbsp;<strong>\u201ctodo, pero todo el esfuerzo personal en la militancia social para el triunfo de Uni\u00f3n por la Patria\u201d<\/strong>.<\/p>\n\n\n\n<p>\u201cEstoy segura de que lo van a hacer, porque estoy tambi\u00e9n absolutamente convencida de que aman profundamente a la Patria, al pueblo y a la Naci\u00f3n que, bueno, todos juntos, son lo mismo. Abrazo enorme para Juan y para todos los compa\u00f1eros y compa\u00f1eras del Frente Patria Grande\u201d, cerr\u00f3.<\/p>\n","protected":false},"excerpt":{"rendered":"<p>La vicepresidenta\u00a0Cristina Kirchner\u00a0reapareci\u00f3 este fin de semana y volvi\u00f3 a involucrarse de lleno en la campa\u00f1a del oficialismo, al convocar a un sector de su espacio a poner \u201ctodo el&hellip;<\/p>\n","protected":false},"author":3,"featured_media":230589,"comment_status":"closed","ping_status":"open","sticky":false,"template":"","format":"standard","meta":{"_acf_changed":false,"footnotes":""},"categories":[1,11,8],"tags":[],"class_list":["post-242666","post","type-post","status-publish","format-standard","has-post-thumbnail","hentry","category-es-noticia","category-que-pasa","category-politica"],"acf":[],"yoast_head":"<!-- This site is optimized with the Yoast SEO plugin v27.5 - https:\/\/yoast.com\/product\/yoast-seo-wordpress\/ -->\n<title>\u00a0Cristina Kirchner: \u201cPongamos todo el esfuerzo personal para el triunfo de Uni\u00f3n por la Patria\u201d - Diario Textual<\/title>\n<meta name=\"robots\" content=\"index, follow, max-snippet:-1, max-image-preview:large, max-video-preview:-1\" \/>\n<link rel=\"canonical\" href=\"https:\/\/diariotextual.com\/inicio\/index.php\/2023\/10\/29\/cristina-kirchner-pongamos-todo-el-esfuerzo-personal-para-el-triunfo-de-union-por-la-patria\/\" \/>\n<meta property=\"og:locale\" content=\"es_ES\" \/>\n<meta property=\"og:type\" content=\"article\" \/>\n<meta property=\"og:title\" content=\"\u00a0Cristina Kirchner: \u201cPongamos todo el esfuerzo personal para el triunfo de Uni\u00f3n por la Patria\u201d - Diario Textual\" \/>\n<meta property=\"og:description\" content=\"La vicepresidenta\u00a0Cristina Kirchner\u00a0reapareci\u00f3 este fin de semana y volvi\u00f3 a involucrarse de lleno en la campa\u00f1a del oficialismo, al convocar a un sector de su espacio a poner \u201ctodo el&hellip;\" \/>\n<meta property=\"og:url\" content=\"https:\/\/diariotextual.com\/inicio\/index.php\/2023\/10\/29\/cristina-kirchner-pongamos-todo-el-esfuerzo-personal-para-el-triunfo-de-union-por-la-patria\/\" \/>\n<meta property=\"og:site_name\" content=\"Diario Textual\" \/>\n<meta property=\"article:publisher\" content=\"https:\/\/www.facebook.com\/eltextual\" \/>\n<meta property=\"article:published_time\" content=\"2023-10-30T00:13:57+00:00\" \/>\n<meta property=\"article:modified_time\" content=\"2023-10-30T13:20:04+00:00\" \/>\n<meta property=\"og:image\" content=\"https:\/\/diariotextual.com\/inicio\/wp-content\/uploads\/2023\/07\/fernandezcristina2023-037.jpg\" \/>\n\t<meta property=\"og:image:width\" content=\"2048\" \/>\n\t<meta property=\"og:image:height\" content=\"1366\" \/>\n\t<meta property=\"og:image:type\" content=\"image\/jpeg\" \/>\n<meta name=\"author\" content=\"Diario1 Diario1\" \/>\n<meta name=\"twitter:card\" content=\"summary_large_image\" \/>\n<meta name=\"twitter:creator\" content=\"@eltextual\" \/>\n<meta name=\"twitter:site\" content=\"@eltextual\" \/>\n<meta name=\"twitter:label1\" content=\"Escrito por\" \/>\n\t<meta name=\"twitter:data1\" content=\"Diario1 Diario1\" \/>\n\t<meta name=\"twitter:label2\" content=\"Tiempo de lectura\" \/>\n\t<meta name=\"twitter:data2\" content=\"2 minutos\" \/>\n<script type=\"application\/ld+json\" class=\"yoast-schema-graph\">{\"@context\":\"https:\\\/\\\/schema.org\",\"@graph\":[{\"@type\":\"Article\",\"@id\":\"https:\\\/\\\/diariotextual.com\\\/inicio\\\/index.php\\\/2023\\\/10\\\/29\\\/cristina-kirchner-pongamos-todo-el-esfuerzo-personal-para-el-triunfo-de-union-por-la-patria\\\/#article\",\"isPartOf\":{\"@id\":\"https:\\\/\\\/diariotextual.com\\\/inicio\\\/index.php\\\/2023\\\/10\\\/29\\\/cristina-kirchner-pongamos-todo-el-esfuerzo-personal-para-el-triunfo-de-union-por-la-patria\\\/\"},\"author\":{\"name\":\"Diario1 Diario1\",\"@id\":\"https:\\\/\\\/diariotextual.com\\\/inicio\\\/#\\\/schema\\\/person\\\/418fc4093c33e86ed41562db3508f958\"},\"headline\":\"\u00a0Cristina Kirchner: \u201cPongamos todo el esfuerzo personal para el triunfo de Uni\u00f3n por la Patria\u201d\",\"datePublished\":\"2023-10-30T00:13:57+00:00\",\"dateModified\":\"2023-10-30T13:20:04+00:00\",\"mainEntityOfPage\":{\"@id\":\"https:\\\/\\\/diariotextual.com\\\/inicio\\\/index.php\\\/2023\\\/10\\\/29\\\/cristina-kirchner-pongamos-todo-el-esfuerzo-personal-para-el-triunfo-de-union-por-la-patria\\\/\"},\"wordCount\":342,\"publisher\":{\"@id\":\"https:\\\/\\\/diariotextual.com\\\/inicio\\\/#organization\"},\"image\":{\"@id\":\"https:\\\/\\\/diariotextual.com\\\/inicio\\\/index.php\\\/2023\\\/10\\\/29\\\/cristina-kirchner-pongamos-todo-el-esfuerzo-personal-para-el-triunfo-de-union-por-la-patria\\\/#primaryimage\"},\"thumbnailUrl\":\"https:\\\/\\\/diariotextual.com\\\/inicio\\\/wp-content\\\/uploads\\\/2023\\\/07\\\/fernandezcristina2023-037.jpg\",\"articleSection\":[\"A - ES NOTICIA (van abajo)\",\"A - QUE PASA (al costado)\",\"POLITICA\"],\"inLanguage\":\"es\"},{\"@type\":\"WebPage\",\"@id\":\"https:\\\/\\\/diariotextual.com\\\/inicio\\\/index.php\\\/2023\\\/10\\\/29\\\/cristina-kirchner-pongamos-todo-el-esfuerzo-personal-para-el-triunfo-de-union-por-la-patria\\\/\",\"url\":\"https:\\\/\\\/diariotextual.com\\\/inicio\\\/index.php\\\/2023\\\/10\\\/29\\\/cristina-kirchner-pongamos-todo-el-esfuerzo-personal-para-el-triunfo-de-union-por-la-patria\\\/\",\"name\":\"\u00a0Cristina Kirchner: \u201cPongamos todo el esfuerzo personal para el triunfo de Uni\u00f3n por la Patria\u201d - Diario Textual\",\"isPartOf\":{\"@id\":\"https:\\\/\\\/diariotextual.com\\\/inicio\\\/#website\"},\"primaryImageOfPage\":{\"@id\":\"https:\\\/\\\/diariotextual.com\\\/inicio\\\/index.php\\\/2023\\\/10\\\/29\\\/cristina-kirchner-pongamos-todo-el-esfuerzo-personal-para-el-triunfo-de-union-por-la-patria\\\/#primaryimage\"},\"image\":{\"@id\":\"https:\\\/\\\/diariotextual.com\\\/inicio\\\/index.php\\\/2023\\\/10\\\/29\\\/cristina-kirchner-pongamos-todo-el-esfuerzo-personal-para-el-triunfo-de-union-por-la-patria\\\/#primaryimage\"},\"thumbnailUrl\":\"https:\\\/\\\/diariotextual.com\\\/inicio\\\/wp-content\\\/uploads\\\/2023\\\/07\\\/fernandezcristina2023-037.jpg\",\"datePublished\":\"2023-10-30T00:13:57+00:00\",\"dateModified\":\"2023-10-30T13:20:04+00:00\",\"breadcrumb\":{\"@id\":\"https:\\\/\\\/diariotextual.com\\\/inicio\\\/index.php\\\/2023\\\/10\\\/29\\\/cristina-kirchner-pongamos-todo-el-esfuerzo-personal-para-el-triunfo-de-union-por-la-patria\\\/#breadcrumb\"},\"inLanguage\":\"es\",\"potentialAction\":[{\"@type\":\"ReadAction\",\"target\":[\"https:\\\/\\\/diariotextual.com\\\/inicio\\\/index.php\\\/2023\\\/10\\\/29\\\/cristina-kirchner-pongamos-todo-el-esfuerzo-personal-para-el-triunfo-de-union-por-la-patria\\\/\"]}]},{\"@type\":\"ImageObject\",\"inLanguage\":\"es\",\"@id\":\"https:\\\/\\\/diariotextual.com\\\/inicio\\\/index.php\\\/2023\\\/10\\\/29\\\/cristina-kirchner-pongamos-todo-el-esfuerzo-personal-para-el-triunfo-de-union-por-la-patria\\\/#primaryimage\",\"url\":\"https:\\\/\\\/diariotextual.com\\\/inicio\\\/wp-content\\\/uploads\\\/2023\\\/07\\\/fernandezcristina2023-037.jpg\",\"contentUrl\":\"https:\\\/\\\/diariotextual.com\\\/inicio\\\/wp-content\\\/uploads\\\/2023\\\/07\\\/fernandezcristina2023-037.jpg\",\"width\":2048,\"height\":1366},{\"@type\":\"BreadcrumbList\",\"@id\":\"https:\\\/\\\/diariotextual.com\\\/inicio\\\/index.php\\\/2023\\\/10\\\/29\\\/cristina-kirchner-pongamos-todo-el-esfuerzo-personal-para-el-triunfo-de-union-por-la-patria\\\/#breadcrumb\",\"itemListElement\":[{\"@type\":\"ListItem\",\"position\":1,\"name\":\"Portada\",\"item\":\"https:\\\/\\\/diariotextual.com\\\/inicio\\\/\"},{\"@type\":\"ListItem\",\"position\":2,\"name\":\"\u00a0Cristina Kirchner: \u201cPongamos todo el esfuerzo personal para el triunfo de Uni\u00f3n por la Patria\u201d\"}]},{\"@type\":\"WebSite\",\"@id\":\"https:\\\/\\\/diariotextual.com\\\/inicio\\\/#website\",\"url\":\"https:\\\/\\\/diariotextual.com\\\/inicio\\\/\",\"name\":\"Diario Textual\",\"description\":\"\",\"publisher\":{\"@id\":\"https:\\\/\\\/diariotextual.com\\\/inicio\\\/#organization\"},\"potentialAction\":[{\"@type\":\"SearchAction\",\"target\":{\"@type\":\"EntryPoint\",\"urlTemplate\":\"https:\\\/\\\/diariotextual.com\\\/inicio\\\/?s={search_term_string}\"},\"query-input\":{\"@type\":\"PropertyValueSpecification\",\"valueRequired\":true,\"valueName\":\"search_term_string\"}}],\"inLanguage\":\"es\"},{\"@type\":\"Organization\",\"@id\":\"https:\\\/\\\/diariotextual.com\\\/inicio\\\/#organization\",\"name\":\"Diario Textual\",\"url\":\"https:\\\/\\\/diariotextual.com\\\/inicio\\\/\",\"logo\":{\"@type\":\"ImageObject\",\"inLanguage\":\"es\",\"@id\":\"https:\\\/\\\/diariotextual.com\\\/inicio\\\/#\\\/schema\\\/logo\\\/image\\\/\",\"url\":\"https:\\\/\\\/diariotextual.com\\\/inicio\\\/wp-content\\\/uploads\\\/2023\\\/05\\\/logotextual1.jpg\",\"contentUrl\":\"https:\\\/\\\/diariotextual.com\\\/inicio\\\/wp-content\\\/uploads\\\/2023\\\/05\\\/logotextual1.jpg\",\"width\":516,\"height\":76,\"caption\":\"Diario Textual\"},\"image\":{\"@id\":\"https:\\\/\\\/diariotextual.com\\\/inicio\\\/#\\\/schema\\\/logo\\\/image\\\/\"},\"sameAs\":[\"https:\\\/\\\/www.facebook.com\\\/eltextual\",\"https:\\\/\\\/x.com\\\/eltextual\",\"http:\\\/\\\/www.instagram.com\\\/eltextual\"]},{\"@type\":\"Person\",\"@id\":\"https:\\\/\\\/diariotextual.com\\\/inicio\\\/#\\\/schema\\\/person\\\/418fc4093c33e86ed41562db3508f958\",\"name\":\"Diario1 Diario1\",\"image\":{\"@type\":\"ImageObject\",\"inLanguage\":\"es\",\"@id\":\"https:\\\/\\\/secure.gravatar.com\\\/avatar\\\/9167d280179c85bc18be67aa7eda765854300033af4896dd779b608640f2ef7a?s=96&d=mm&r=g\",\"url\":\"https:\\\/\\\/secure.gravatar.com\\\/avatar\\\/9167d280179c85bc18be67aa7eda765854300033af4896dd779b608640f2ef7a?s=96&d=mm&r=g\",\"contentUrl\":\"https:\\\/\\\/secure.gravatar.com\\\/avatar\\\/9167d280179c85bc18be67aa7eda765854300033af4896dd779b608640f2ef7a?s=96&d=mm&r=g\",\"caption\":\"Diario1 Diario1\"},\"url\":\"https:\\\/\\\/diariotextual.com\\\/inicio\\\/index.php\\\/author\\\/diario1\\\/\"}]}<\/script>\n<!-- \/ Yoast SEO plugin. -->","yoast_head_json":{"title":"\u00a0Cristina Kirchner: \u201cPongamos todo el esfuerzo personal para el triunfo de Uni\u00f3n por la Patria\u201d - Diario Textual","robots":{"index":"index","follow":"follow","max-snippet":"max-snippet:-1","max-image-preview":"max-image-preview:large","max-video-preview":"max-video-preview:-1"},"canonical":"https:\/\/diariotextual.com\/inicio\/index.php\/2023\/10\/29\/cristina-kirchner-pongamos-todo-el-esfuerzo-personal-para-el-triunfo-de-union-por-la-patria\/","og_locale":"es_ES","og_type":"article","og_title":"\u00a0Cristina Kirchner: \u201cPongamos todo el esfuerzo personal para el triunfo de Uni\u00f3n por la Patria\u201d - Diario Textual","og_description":"La vicepresidenta\u00a0Cristina Kirchner\u00a0reapareci\u00f3 este fin de semana y volvi\u00f3 a involucrarse de lleno en la campa\u00f1a del oficialismo, al convocar a un sector de su espacio a poner \u201ctodo el&hellip;","og_url":"https:\/\/diariotextual.com\/inicio\/index.php\/2023\/10\/29\/cristina-kirchner-pongamos-todo-el-esfuerzo-personal-para-el-triunfo-de-union-por-la-patria\/","og_site_name":"Diario Textual","article_publisher":"https:\/\/www.facebook.com\/eltextual","article_published_time":"2023-10-30T00:13:57+00:00","article_modified_time":"2023-10-30T13:20:04+00:00","og_image":[{"width":2048,"height":1366,"url":"https:\/\/diariotextual.com\/inicio\/wp-content\/uploads\/2023\/07\/fernandezcristina2023-037.jpg","type":"image\/jpeg"}],"author":"Diario1 Diario1","twitter_card":"summary_large_image","twitter_creator":"@eltextual","twitter_site":"@eltextual","twitter_misc":{"Escrito por":"Diario1 Diario1","Tiempo de lectura":"2 minutos"},"schema":{"@context":"https:\/\/schema.org","@graph":[{"@type":"Article","@id":"https:\/\/diariotextual.com\/inicio\/index.php\/2023\/10\/29\/cristina-kirchner-pongamos-todo-el-esfuerzo-personal-para-el-triunfo-de-union-por-la-patria\/#article","isPartOf":{"@id":"https:\/\/diariotextual.com\/inicio\/index.php\/2023\/10\/29\/cristina-kirchner-pongamos-todo-el-esfuerzo-personal-para-el-triunfo-de-union-por-la-patria\/"},"author":{"name":"Diario1 Diario1","@id":"https:\/\/diariotextual.com\/inicio\/#\/schema\/person\/418fc4093c33e86ed41562db3508f958"},"headline":"\u00a0Cristina Kirchner: \u201cPongamos todo el esfuerzo personal para el triunfo de Uni\u00f3n por la Patria\u201d","datePublished":"2023-10-30T00:13:57+00:00","dateModified":"2023-10-30T13:20:04+00:00","mainEntityOfPage":{"@id":"https:\/\/diariotextual.com\/inicio\/index.php\/2023\/10\/29\/cristina-kirchner-pongamos-todo-el-esfuerzo-personal-para-el-triunfo-de-union-por-la-patria\/"},"wordCount":342,"publisher":{"@id":"https:\/\/diariotextual.com\/inicio\/#organization"},"image":{"@id":"https:\/\/diariotextual.com\/inicio\/index.php\/2023\/10\/29\/cristina-kirchner-pongamos-todo-el-esfuerzo-personal-para-el-triunfo-de-union-por-la-patria\/#primaryimage"},"thumbnailUrl":"https:\/\/diariotextual.com\/inicio\/wp-content\/uploads\/2023\/07\/fernandezcristina2023-037.jpg","articleSection":["A - ES NOTICIA (van abajo)","A - QUE PASA (al costado)","POLITICA"],"inLanguage":"es"},{"@type":"WebPage","@id":"https:\/\/diariotextual.com\/inicio\/index.php\/2023\/10\/29\/cristina-kirchner-pongamos-todo-el-esfuerzo-personal-para-el-triunfo-de-union-por-la-patria\/","url":"https:\/\/diariotextual.com\/inicio\/index.php\/2023\/10\/29\/cristina-kirchner-pongamos-todo-el-esfuerzo-personal-para-el-triunfo-de-union-por-la-patria\/","name":"\u00a0Cristina Kirchner: \u201cPongamos todo el esfuerzo personal para el triunfo de Uni\u00f3n por la Patria\u201d - Diario Textual","isPartOf":{"@id":"https:\/\/diariotextual.com\/inicio\/#website"},"primaryImageOfPage":{"@id":"https:\/\/diariotextual.com\/inicio\/index.php\/2023\/10\/29\/cristina-kirchner-pongamos-todo-el-esfuerzo-personal-para-el-triunfo-de-union-por-la-patria\/#primaryimage"},"image":{"@id":"https:\/\/diariotextual.com\/inicio\/index.php\/2023\/10\/29\/cristina-kirchner-pongamos-todo-el-esfuerzo-personal-para-el-triunfo-de-union-por-la-patria\/#primaryimage"},"thumbnailUrl":"https:\/\/diariotextual.com\/inicio\/wp-content\/uploads\/2023\/07\/fernandezcristina2023-037.jpg","datePublished":"2023-10-30T00:13:57+00:00","dateModified":"2023-10-30T13:20:04+00:00","breadcrumb":{"@id":"https:\/\/diariotextual.com\/inicio\/index.php\/2023\/10\/29\/cristina-kirchner-pongamos-todo-el-esfuerzo-personal-para-el-triunfo-de-union-por-la-patria\/#breadcrumb"},"inLanguage":"es","potentialAction":[{"@type":"ReadAction","target":["https:\/\/diariotextual.com\/inicio\/index.php\/2023\/10\/29\/cristina-kirchner-pongamos-todo-el-esfuerzo-personal-para-el-triunfo-de-union-por-la-patria\/"]}]},{"@type":"ImageObject","inLanguage":"es","@id":"https:\/\/diariotextual.com\/inicio\/index.php\/2023\/10\/29\/cristina-kirchner-pongamos-todo-el-esfuerzo-personal-para-el-triunfo-de-union-por-la-patria\/#primaryimage","url":"https:\/\/diariotextual.com\/inicio\/wp-content\/uploads\/2023\/07\/fernandezcristina2023-037.jpg","contentUrl":"https:\/\/diariotextual.com\/inicio\/wp-content\/uploads\/2023\/07\/fernandezcristina2023-037.jpg","width":2048,"height":1366},{"@type":"BreadcrumbList","@id":"https:\/\/diariotextual.com\/inicio\/index.php\/2023\/10\/29\/cristina-kirchner-pongamos-todo-el-esfuerzo-personal-para-el-triunfo-de-union-por-la-patria\/#breadcrumb","itemListElement":[{"@type":"ListItem","position":1,"name":"Portada","item":"https:\/\/diariotextual.com\/inicio\/"},{"@type":"ListItem","position":2,"name":"\u00a0Cristina Kirchner: \u201cPongamos todo el esfuerzo personal para el triunfo de Uni\u00f3n por la Patria\u201d"}]},{"@type":"WebSite","@id":"https:\/\/diariotextual.com\/inicio\/#website","url":"https:\/\/diariotextual.com\/inicio\/","name":"Diario Textual","description":"","publisher":{"@id":"https:\/\/diariotextual.com\/inicio\/#organization"},"potentialAction":[{"@type":"SearchAction","target":{"@type":"EntryPoint","urlTemplate":"https:\/\/diariotextual.com\/inicio\/?s={search_term_string}"},"query-input":{"@type":"PropertyValueSpecification","valueRequired":true,"valueName":"search_term_string"}}],"inLanguage":"es"},{"@type":"Organization","@id":"https:\/\/diariotextual.com\/inicio\/#organization","name":"Diario Textual","url":"https:\/\/diariotextual.com\/inicio\/","logo":{"@type":"ImageObject","inLanguage":"es","@id":"https:\/\/diariotextual.com\/inicio\/#\/schema\/logo\/image\/","url":"https:\/\/diariotextual.com\/inicio\/wp-content\/uploads\/2023\/05\/logotextual1.jpg","contentUrl":"https:\/\/diariotextual.com\/inicio\/wp-content\/uploads\/2023\/05\/logotextual1.jpg","width":516,"height":76,"caption":"Diario Textual"},"image":{"@id":"https:\/\/diariotextual.com\/inicio\/#\/schema\/logo\/image\/"},"sameAs":["https:\/\/www.facebook.com\/eltextual","https:\/\/x.com\/eltextual","http:\/\/www.instagram.com\/eltextual"]},{"@type":"Person","@id":"https:\/\/diariotextual.com\/inicio\/#\/schema\/person\/418fc4093c33e86ed41562db3508f958","name":"Diario1 Diario1","image":{"@type":"ImageObject","inLanguage":"es","@id":"https:\/\/secure.gravatar.com\/avatar\/9167d280179c85bc18be67aa7eda765854300033af4896dd779b608640f2ef7a?s=96&d=mm&r=g","url":"https:\/\/secure.gravatar.com\/avatar\/9167d280179c85bc18be67aa7eda765854300033af4896dd779b608640f2ef7a?s=96&d=mm&r=g","contentUrl":"https:\/\/secure.gravatar.com\/avatar\/9167d280179c85bc18be67aa7eda765854300033af4896dd779b608640f2ef7a?s=96&d=mm&r=g","caption":"Diario1 Diario1"},"url":"https:\/\/diariotextual.com\/inicio\/index.php\/author\/diario1\/"}]}},"_links":{"self":[{"href":"https:\/\/diariotextual.com\/inicio\/index.php\/wp-json\/wp\/v2\/posts\/242666","targetHints":{"allow":["GET"]}}],"collection":[{"href":"https:\/\/diariotextual.com\/inicio\/index.php\/wp-json\/wp\/v2\/posts"}],"about":[{"href":"https:\/\/diariotextual.com\/inicio\/index.php\/wp-json\/wp\/v2\/types\/post"}],"author":[{"embeddable":true,"href":"https:\/\/diariotextual.com\/inicio\/index.php\/wp-json\/wp\/v2\/users\/3"}],"replies":[{"embeddable":true,"href":"https:\/\/diariotextual.com\/inicio\/index.php\/wp-json\/wp\/v2\/comments?post=242666"}],"version-history":[{"count":1,"href":"https:\/\/diariotextual.com\/inicio\/index.php\/wp-json\/wp\/v2\/posts\/242666\/revisions"}],"predecessor-version":[{"id":242667,"href":"https:\/\/diariotextual.com\/inicio\/index.php\/wp-json\/wp\/v2\/posts\/242666\/revisions\/242667"}],"wp:featuredmedia":[{"embeddable":true,"href":"https:\/\/diariotextual.com\/inicio\/index.php\/wp-json\/wp\/v2\/media\/230589"}],"wp:attachment":[{"href":"https:\/\/diariotextual.com\/inicio\/index.php\/wp-json\/wp\/v2\/media?parent=242666"}],"wp:term":[{"taxonomy":"category","embeddable":true,"href":"https:\/\/diariotextual.com\/inicio\/index.php\/wp-json\/wp\/v2\/categories?post=242666"},{"taxonomy":"post_tag","embeddable":true,"href":"https:\/\/diariotextual.com\/inicio\/index.php\/wp-json\/wp\/v2\/tags?post=242666"}],"curies":[{"name":"wp","href":"https:\/\/api.w.org\/{rel}","templated":true}]}}