{"id":242694,"date":"2023-10-30T07:00:31","date_gmt":"2023-10-30T10:00:31","guid":{"rendered":"https:\/\/diariotextual.com\/inicio\/?p=242694"},"modified":"2023-10-30T18:16:13","modified_gmt":"2023-10-30T21:16:13","slug":"el-ptp-la-pampa-pide-redoblar-esfuerzos-para-un-triunfo-de-union-por-la-patria","status":"publish","type":"post","link":"https:\/\/diariotextual.com\/inicio\/index.php\/2023\/10\/30\/el-ptp-la-pampa-pide-redoblar-esfuerzos-para-un-triunfo-de-union-por-la-patria\/","title":{"rendered":"El PTP La Pampa pide \u201credoblar\u201d esfuerzos para un triunfo de Uni\u00f3n por la Patria"},"content":{"rendered":"\n<p>El Partido del Trabajo y el Pueblo La Pampa llam\u00f3 a \u201credoblar\u201d los esfuerzos para lograr un triunfo de Uni\u00f3n por la Patria en el balotaje del 19 de noviembre. Convoc\u00f3 a hacer campa\u00f1a en las calles para \u201cderrotar a la derecha reaccionaria\u201d.<\/p>\n\n\n\n<p>\u201cTenemos a favor el protagonismo de millones que han ubicado la necesidad de derrotar a esta derecha fascista que quiere conquistar el gobierno. Con los recientes acuerdos entre Milei y Macri, se reconfigura un polo de derecha, que se prepara para un objetivo de dominaci\u00f3n. No s\u00e9 puede subestimar esto, porque tiene un gran poder econ\u00f3mico; en los medios de comunicaci\u00f3n; en la justicia, etc\u201d, sostuvoe l PTP.<\/p>\n\n\n\n<p>\u201cEsta elecci\u00f3n no est\u00e1 ganada. En estas semanas un enemigo poderoso como Macri puede hacer mucho da\u00f1o, provocar corridas bancarias, incremento de precios, desabastecimientos, etc. para influir sobre el voto popular. La peligrosidad del programa de Milei con sus propuestas antinacionales, antiobreras y antipopulares abre la posibilidad del desarrollo de movimientos muy amplios en la defensa de la educaci\u00f3n y la salud p\u00fablica, contra las privatizaciones, por la cultura nacional, la soberan\u00eda, las libertades democr\u00e1ticas y la producci\u00f3n nacional\u201d, remarc\u00f3.<\/p>\n\n\n\n<p><\/p>\n\n\n\n<p><\/p>\n\n\n\n<p><\/p>\n\n\n\n<p><\/p>\n\n\n\n<p><\/p>\n\n\n\n<p>\u00f3<\/p>\n\n\n\n<p>Para abordar este tramo final de campa\u00f1a es necesario ganar nuevos votos. <\/p>\n","protected":false},"excerpt":{"rendered":"<p>El Partido del Trabajo y el Pueblo La Pampa llam\u00f3 a \u201credoblar\u201d los esfuerzos para lograr un triunfo de Uni\u00f3n por la Patria en el balotaje del 19 de noviembre.&hellip;<\/p>\n","protected":false},"author":7,"featured_media":209956,"comment_status":"closed","ping_status":"open","sticky":false,"template":"","format":"standard","meta":{"_acf_changed":false,"footnotes":""},"categories":[1,11,8],"tags":[],"class_list":["post-242694","post","type-post","status-publish","format-standard","has-post-thumbnail","hentry","category-es-noticia","category-que-pasa","category-politica"],"acf":[],"yoast_head":"<!-- This site is optimized with the Yoast SEO plugin v27.5 - https:\/\/yoast.com\/product\/yoast-seo-wordpress\/ -->\n<title>El PTP La Pampa pide \u201credoblar\u201d esfuerzos para un triunfo de Uni\u00f3n por la Patria - Diario Textual<\/title>\n<meta name=\"robots\" content=\"index, follow, max-snippet:-1, max-image-preview:large, max-video-preview:-1\" \/>\n<link rel=\"canonical\" href=\"https:\/\/diariotextual.com\/inicio\/index.php\/2023\/10\/30\/el-ptp-la-pampa-pide-redoblar-esfuerzos-para-un-triunfo-de-union-por-la-patria\/\" \/>\n<meta property=\"og:locale\" content=\"es_ES\" \/>\n<meta property=\"og:type\" content=\"article\" \/>\n<meta property=\"og:title\" content=\"El PTP La Pampa pide \u201credoblar\u201d esfuerzos para un triunfo de Uni\u00f3n por la Patria - Diario Textual\" \/>\n<meta property=\"og:description\" content=\"El Partido del Trabajo y el Pueblo La Pampa llam\u00f3 a \u201credoblar\u201d los esfuerzos para lograr un triunfo de Uni\u00f3n por la Patria en el balotaje del 19 de noviembre.&hellip;\" \/>\n<meta property=\"og:url\" content=\"https:\/\/diariotextual.com\/inicio\/index.php\/2023\/10\/30\/el-ptp-la-pampa-pide-redoblar-esfuerzos-para-un-triunfo-de-union-por-la-patria\/\" \/>\n<meta property=\"og:site_name\" content=\"Diario Textual\" \/>\n<meta property=\"article:publisher\" content=\"https:\/\/www.facebook.com\/eltextual\" \/>\n<meta property=\"article:published_time\" content=\"2023-10-30T10:00:31+00:00\" \/>\n<meta property=\"article:modified_time\" content=\"2023-10-30T21:16:13+00:00\" \/>\n<meta property=\"og:image\" content=\"https:\/\/diariotextual.com\/inicio\/wp-content\/uploads\/2022\/12\/ptplapampa2022-1.jpg\" \/>\n\t<meta property=\"og:image:width\" content=\"2048\" \/>\n\t<meta property=\"og:image:height\" content=\"1536\" \/>\n\t<meta property=\"og:image:type\" content=\"image\/jpeg\" \/>\n<meta name=\"author\" content=\"diario5\" \/>\n<meta name=\"twitter:card\" content=\"summary_large_image\" \/>\n<meta name=\"twitter:creator\" content=\"@eltextual\" \/>\n<meta name=\"twitter:site\" content=\"@eltextual\" \/>\n<meta name=\"twitter:label1\" content=\"Escrito por\" \/>\n\t<meta name=\"twitter:data1\" content=\"diario5\" \/>\n\t<meta name=\"twitter:label2\" content=\"Tiempo de lectura\" \/>\n\t<meta name=\"twitter:data2\" content=\"1 minuto\" \/>\n<script type=\"application\/ld+json\" class=\"yoast-schema-graph\">{\"@context\":\"https:\\\/\\\/schema.org\",\"@graph\":[{\"@type\":\"Article\",\"@id\":\"https:\\\/\\\/diariotextual.com\\\/inicio\\\/index.php\\\/2023\\\/10\\\/30\\\/el-ptp-la-pampa-pide-redoblar-esfuerzos-para-un-triunfo-de-union-por-la-patria\\\/#article\",\"isPartOf\":{\"@id\":\"https:\\\/\\\/diariotextual.com\\\/inicio\\\/index.php\\\/2023\\\/10\\\/30\\\/el-ptp-la-pampa-pide-redoblar-esfuerzos-para-un-triunfo-de-union-por-la-patria\\\/\"},\"author\":{\"name\":\"diario5\",\"@id\":\"https:\\\/\\\/diariotextual.com\\\/inicio\\\/#\\\/schema\\\/person\\\/c7834961ad8b29b1d9cdbf4571299067\"},\"headline\":\"El PTP La Pampa pide \u201credoblar\u201d esfuerzos para un triunfo de Uni\u00f3n por la Patria\",\"datePublished\":\"2023-10-30T10:00:31+00:00\",\"dateModified\":\"2023-10-30T21:16:13+00:00\",\"mainEntityOfPage\":{\"@id\":\"https:\\\/\\\/diariotextual.com\\\/inicio\\\/index.php\\\/2023\\\/10\\\/30\\\/el-ptp-la-pampa-pide-redoblar-esfuerzos-para-un-triunfo-de-union-por-la-patria\\\/\"},\"wordCount\":231,\"publisher\":{\"@id\":\"https:\\\/\\\/diariotextual.com\\\/inicio\\\/#organization\"},\"image\":{\"@id\":\"https:\\\/\\\/diariotextual.com\\\/inicio\\\/index.php\\\/2023\\\/10\\\/30\\\/el-ptp-la-pampa-pide-redoblar-esfuerzos-para-un-triunfo-de-union-por-la-patria\\\/#primaryimage\"},\"thumbnailUrl\":\"https:\\\/\\\/diariotextual.com\\\/inicio\\\/wp-content\\\/uploads\\\/2022\\\/12\\\/ptplapampa2022-1.jpg\",\"articleSection\":[\"A - ES NOTICIA (van abajo)\",\"A - QUE PASA (al costado)\",\"POLITICA\"],\"inLanguage\":\"es\"},{\"@type\":\"WebPage\",\"@id\":\"https:\\\/\\\/diariotextual.com\\\/inicio\\\/index.php\\\/2023\\\/10\\\/30\\\/el-ptp-la-pampa-pide-redoblar-esfuerzos-para-un-triunfo-de-union-por-la-patria\\\/\",\"url\":\"https:\\\/\\\/diariotextual.com\\\/inicio\\\/index.php\\\/2023\\\/10\\\/30\\\/el-ptp-la-pampa-pide-redoblar-esfuerzos-para-un-triunfo-de-union-por-la-patria\\\/\",\"name\":\"El PTP La Pampa pide \u201credoblar\u201d esfuerzos para un triunfo de Uni\u00f3n por la Patria - Diario Textual\",\"isPartOf\":{\"@id\":\"https:\\\/\\\/diariotextual.com\\\/inicio\\\/#website\"},\"primaryImageOfPage\":{\"@id\":\"https:\\\/\\\/diariotextual.com\\\/inicio\\\/index.php\\\/2023\\\/10\\\/30\\\/el-ptp-la-pampa-pide-redoblar-esfuerzos-para-un-triunfo-de-union-por-la-patria\\\/#primaryimage\"},\"image\":{\"@id\":\"https:\\\/\\\/diariotextual.com\\\/inicio\\\/index.php\\\/2023\\\/10\\\/30\\\/el-ptp-la-pampa-pide-redoblar-esfuerzos-para-un-triunfo-de-union-por-la-patria\\\/#primaryimage\"},\"thumbnailUrl\":\"https:\\\/\\\/diariotextual.com\\\/inicio\\\/wp-content\\\/uploads\\\/2022\\\/12\\\/ptplapampa2022-1.jpg\",\"datePublished\":\"2023-10-30T10:00:31+00:00\",\"dateModified\":\"2023-10-30T21:16:13+00:00\",\"breadcrumb\":{\"@id\":\"https:\\\/\\\/diariotextual.com\\\/inicio\\\/index.php\\\/2023\\\/10\\\/30\\\/el-ptp-la-pampa-pide-redoblar-esfuerzos-para-un-triunfo-de-union-por-la-patria\\\/#breadcrumb\"},\"inLanguage\":\"es\",\"potentialAction\":[{\"@type\":\"ReadAction\",\"target\":[\"https:\\\/\\\/diariotextual.com\\\/inicio\\\/index.php\\\/2023\\\/10\\\/30\\\/el-ptp-la-pampa-pide-redoblar-esfuerzos-para-un-triunfo-de-union-por-la-patria\\\/\"]}]},{\"@type\":\"ImageObject\",\"inLanguage\":\"es\",\"@id\":\"https:\\\/\\\/diariotextual.com\\\/inicio\\\/index.php\\\/2023\\\/10\\\/30\\\/el-ptp-la-pampa-pide-redoblar-esfuerzos-para-un-triunfo-de-union-por-la-patria\\\/#primaryimage\",\"url\":\"https:\\\/\\\/diariotextual.com\\\/inicio\\\/wp-content\\\/uploads\\\/2022\\\/12\\\/ptplapampa2022-1.jpg\",\"contentUrl\":\"https:\\\/\\\/diariotextual.com\\\/inicio\\\/wp-content\\\/uploads\\\/2022\\\/12\\\/ptplapampa2022-1.jpg\",\"width\":2048,\"height\":1536},{\"@type\":\"BreadcrumbList\",\"@id\":\"https:\\\/\\\/diariotextual.com\\\/inicio\\\/index.php\\\/2023\\\/10\\\/30\\\/el-ptp-la-pampa-pide-redoblar-esfuerzos-para-un-triunfo-de-union-por-la-patria\\\/#breadcrumb\",\"itemListElement\":[{\"@type\":\"ListItem\",\"position\":1,\"name\":\"Portada\",\"item\":\"https:\\\/\\\/diariotextual.com\\\/inicio\\\/\"},{\"@type\":\"ListItem\",\"position\":2,\"name\":\"El PTP La Pampa pide \u201credoblar\u201d esfuerzos para un triunfo de Uni\u00f3n por la Patria\"}]},{\"@type\":\"WebSite\",\"@id\":\"https:\\\/\\\/diariotextual.com\\\/inicio\\\/#website\",\"url\":\"https:\\\/\\\/diariotextual.com\\\/inicio\\\/\",\"name\":\"Diario Textual\",\"description\":\"\",\"publisher\":{\"@id\":\"https:\\\/\\\/diariotextual.com\\\/inicio\\\/#organization\"},\"potentialAction\":[{\"@type\":\"SearchAction\",\"target\":{\"@type\":\"EntryPoint\",\"urlTemplate\":\"https:\\\/\\\/diariotextual.com\\\/inicio\\\/?s={search_term_string}\"},\"query-input\":{\"@type\":\"PropertyValueSpecification\",\"valueRequired\":true,\"valueName\":\"search_term_string\"}}],\"inLanguage\":\"es\"},{\"@type\":\"Organization\",\"@id\":\"https:\\\/\\\/diariotextual.com\\\/inicio\\\/#organization\",\"name\":\"Diario Textual\",\"url\":\"https:\\\/\\\/diariotextual.com\\\/inicio\\\/\",\"logo\":{\"@type\":\"ImageObject\",\"inLanguage\":\"es\",\"@id\":\"https:\\\/\\\/diariotextual.com\\\/inicio\\\/#\\\/schema\\\/logo\\\/image\\\/\",\"url\":\"https:\\\/\\\/diariotextual.com\\\/inicio\\\/wp-content\\\/uploads\\\/2023\\\/05\\\/logotextual1.jpg\",\"contentUrl\":\"https:\\\/\\\/diariotextual.com\\\/inicio\\\/wp-content\\\/uploads\\\/2023\\\/05\\\/logotextual1.jpg\",\"width\":516,\"height\":76,\"caption\":\"Diario Textual\"},\"image\":{\"@id\":\"https:\\\/\\\/diariotextual.com\\\/inicio\\\/#\\\/schema\\\/logo\\\/image\\\/\"},\"sameAs\":[\"https:\\\/\\\/www.facebook.com\\\/eltextual\",\"https:\\\/\\\/x.com\\\/eltextual\",\"http:\\\/\\\/www.instagram.com\\\/eltextual\"]},{\"@type\":\"Person\",\"@id\":\"https:\\\/\\\/diariotextual.com\\\/inicio\\\/#\\\/schema\\\/person\\\/c7834961ad8b29b1d9cdbf4571299067\",\"name\":\"diario5\",\"image\":{\"@type\":\"ImageObject\",\"inLanguage\":\"es\",\"@id\":\"https:\\\/\\\/secure.gravatar.com\\\/avatar\\\/948c893b847ca6df68216ead81b63f363408ec9b0f600fefc0641ce78613b111?s=96&d=mm&r=g\",\"url\":\"https:\\\/\\\/secure.gravatar.com\\\/avatar\\\/948c893b847ca6df68216ead81b63f363408ec9b0f600fefc0641ce78613b111?s=96&d=mm&r=g\",\"contentUrl\":\"https:\\\/\\\/secure.gravatar.com\\\/avatar\\\/948c893b847ca6df68216ead81b63f363408ec9b0f600fefc0641ce78613b111?s=96&d=mm&r=g\",\"caption\":\"diario5\"},\"url\":\"https:\\\/\\\/diariotextual.com\\\/inicio\\\/index.php\\\/author\\\/diario5\\\/\"}]}<\/script>\n<!-- \/ Yoast SEO plugin. -->","yoast_head_json":{"title":"El PTP La Pampa pide \u201credoblar\u201d esfuerzos para un triunfo de Uni\u00f3n por la Patria - Diario Textual","robots":{"index":"index","follow":"follow","max-snippet":"max-snippet:-1","max-image-preview":"max-image-preview:large","max-video-preview":"max-video-preview:-1"},"canonical":"https:\/\/diariotextual.com\/inicio\/index.php\/2023\/10\/30\/el-ptp-la-pampa-pide-redoblar-esfuerzos-para-un-triunfo-de-union-por-la-patria\/","og_locale":"es_ES","og_type":"article","og_title":"El PTP La Pampa pide \u201credoblar\u201d esfuerzos para un triunfo de Uni\u00f3n por la Patria - Diario Textual","og_description":"El Partido del Trabajo y el Pueblo La Pampa llam\u00f3 a \u201credoblar\u201d los esfuerzos para lograr un triunfo de Uni\u00f3n por la Patria en el balotaje del 19 de noviembre.&hellip;","og_url":"https:\/\/diariotextual.com\/inicio\/index.php\/2023\/10\/30\/el-ptp-la-pampa-pide-redoblar-esfuerzos-para-un-triunfo-de-union-por-la-patria\/","og_site_name":"Diario Textual","article_publisher":"https:\/\/www.facebook.com\/eltextual","article_published_time":"2023-10-30T10:00:31+00:00","article_modified_time":"2023-10-30T21:16:13+00:00","og_image":[{"width":2048,"height":1536,"url":"https:\/\/diariotextual.com\/inicio\/wp-content\/uploads\/2022\/12\/ptplapampa2022-1.jpg","type":"image\/jpeg"}],"author":"diario5","twitter_card":"summary_large_image","twitter_creator":"@eltextual","twitter_site":"@eltextual","twitter_misc":{"Escrito por":"diario5","Tiempo de lectura":"1 minuto"},"schema":{"@context":"https:\/\/schema.org","@graph":[{"@type":"Article","@id":"https:\/\/diariotextual.com\/inicio\/index.php\/2023\/10\/30\/el-ptp-la-pampa-pide-redoblar-esfuerzos-para-un-triunfo-de-union-por-la-patria\/#article","isPartOf":{"@id":"https:\/\/diariotextual.com\/inicio\/index.php\/2023\/10\/30\/el-ptp-la-pampa-pide-redoblar-esfuerzos-para-un-triunfo-de-union-por-la-patria\/"},"author":{"name":"diario5","@id":"https:\/\/diariotextual.com\/inicio\/#\/schema\/person\/c7834961ad8b29b1d9cdbf4571299067"},"headline":"El PTP La Pampa pide \u201credoblar\u201d esfuerzos para un triunfo de Uni\u00f3n por la Patria","datePublished":"2023-10-30T10:00:31+00:00","dateModified":"2023-10-30T21:16:13+00:00","mainEntityOfPage":{"@id":"https:\/\/diariotextual.com\/inicio\/index.php\/2023\/10\/30\/el-ptp-la-pampa-pide-redoblar-esfuerzos-para-un-triunfo-de-union-por-la-patria\/"},"wordCount":231,"publisher":{"@id":"https:\/\/diariotextual.com\/inicio\/#organization"},"image":{"@id":"https:\/\/diariotextual.com\/inicio\/index.php\/2023\/10\/30\/el-ptp-la-pampa-pide-redoblar-esfuerzos-para-un-triunfo-de-union-por-la-patria\/#primaryimage"},"thumbnailUrl":"https:\/\/diariotextual.com\/inicio\/wp-content\/uploads\/2022\/12\/ptplapampa2022-1.jpg","articleSection":["A - ES NOTICIA (van abajo)","A - QUE PASA (al costado)","POLITICA"],"inLanguage":"es"},{"@type":"WebPage","@id":"https:\/\/diariotextual.com\/inicio\/index.php\/2023\/10\/30\/el-ptp-la-pampa-pide-redoblar-esfuerzos-para-un-triunfo-de-union-por-la-patria\/","url":"https:\/\/diariotextual.com\/inicio\/index.php\/2023\/10\/30\/el-ptp-la-pampa-pide-redoblar-esfuerzos-para-un-triunfo-de-union-por-la-patria\/","name":"El PTP La Pampa pide \u201credoblar\u201d esfuerzos para un triunfo de Uni\u00f3n por la Patria - Diario Textual","isPartOf":{"@id":"https:\/\/diariotextual.com\/inicio\/#website"},"primaryImageOfPage":{"@id":"https:\/\/diariotextual.com\/inicio\/index.php\/2023\/10\/30\/el-ptp-la-pampa-pide-redoblar-esfuerzos-para-un-triunfo-de-union-por-la-patria\/#primaryimage"},"image":{"@id":"https:\/\/diariotextual.com\/inicio\/index.php\/2023\/10\/30\/el-ptp-la-pampa-pide-redoblar-esfuerzos-para-un-triunfo-de-union-por-la-patria\/#primaryimage"},"thumbnailUrl":"https:\/\/diariotextual.com\/inicio\/wp-content\/uploads\/2022\/12\/ptplapampa2022-1.jpg","datePublished":"2023-10-30T10:00:31+00:00","dateModified":"2023-10-30T21:16:13+00:00","breadcrumb":{"@id":"https:\/\/diariotextual.com\/inicio\/index.php\/2023\/10\/30\/el-ptp-la-pampa-pide-redoblar-esfuerzos-para-un-triunfo-de-union-por-la-patria\/#breadcrumb"},"inLanguage":"es","potentialAction":[{"@type":"ReadAction","target":["https:\/\/diariotextual.com\/inicio\/index.php\/2023\/10\/30\/el-ptp-la-pampa-pide-redoblar-esfuerzos-para-un-triunfo-de-union-por-la-patria\/"]}]},{"@type":"ImageObject","inLanguage":"es","@id":"https:\/\/diariotextual.com\/inicio\/index.php\/2023\/10\/30\/el-ptp-la-pampa-pide-redoblar-esfuerzos-para-un-triunfo-de-union-por-la-patria\/#primaryimage","url":"https:\/\/diariotextual.com\/inicio\/wp-content\/uploads\/2022\/12\/ptplapampa2022-1.jpg","contentUrl":"https:\/\/diariotextual.com\/inicio\/wp-content\/uploads\/2022\/12\/ptplapampa2022-1.jpg","width":2048,"height":1536},{"@type":"BreadcrumbList","@id":"https:\/\/diariotextual.com\/inicio\/index.php\/2023\/10\/30\/el-ptp-la-pampa-pide-redoblar-esfuerzos-para-un-triunfo-de-union-por-la-patria\/#breadcrumb","itemListElement":[{"@type":"ListItem","position":1,"name":"Portada","item":"https:\/\/diariotextual.com\/inicio\/"},{"@type":"ListItem","position":2,"name":"El PTP La Pampa pide \u201credoblar\u201d esfuerzos para un triunfo de Uni\u00f3n por la Patria"}]},{"@type":"WebSite","@id":"https:\/\/diariotextual.com\/inicio\/#website","url":"https:\/\/diariotextual.com\/inicio\/","name":"Diario Textual","description":"","publisher":{"@id":"https:\/\/diariotextual.com\/inicio\/#organization"},"potentialAction":[{"@type":"SearchAction","target":{"@type":"EntryPoint","urlTemplate":"https:\/\/diariotextual.com\/inicio\/?s={search_term_string}"},"query-input":{"@type":"PropertyValueSpecification","valueRequired":true,"valueName":"search_term_string"}}],"inLanguage":"es"},{"@type":"Organization","@id":"https:\/\/diariotextual.com\/inicio\/#organization","name":"Diario Textual","url":"https:\/\/diariotextual.com\/inicio\/","logo":{"@type":"ImageObject","inLanguage":"es","@id":"https:\/\/diariotextual.com\/inicio\/#\/schema\/logo\/image\/","url":"https:\/\/diariotextual.com\/inicio\/wp-content\/uploads\/2023\/05\/logotextual1.jpg","contentUrl":"https:\/\/diariotextual.com\/inicio\/wp-content\/uploads\/2023\/05\/logotextual1.jpg","width":516,"height":76,"caption":"Diario Textual"},"image":{"@id":"https:\/\/diariotextual.com\/inicio\/#\/schema\/logo\/image\/"},"sameAs":["https:\/\/www.facebook.com\/eltextual","https:\/\/x.com\/eltextual","http:\/\/www.instagram.com\/eltextual"]},{"@type":"Person","@id":"https:\/\/diariotextual.com\/inicio\/#\/schema\/person\/c7834961ad8b29b1d9cdbf4571299067","name":"diario5","image":{"@type":"ImageObject","inLanguage":"es","@id":"https:\/\/secure.gravatar.com\/avatar\/948c893b847ca6df68216ead81b63f363408ec9b0f600fefc0641ce78613b111?s=96&d=mm&r=g","url":"https:\/\/secure.gravatar.com\/avatar\/948c893b847ca6df68216ead81b63f363408ec9b0f600fefc0641ce78613b111?s=96&d=mm&r=g","contentUrl":"https:\/\/secure.gravatar.com\/avatar\/948c893b847ca6df68216ead81b63f363408ec9b0f600fefc0641ce78613b111?s=96&d=mm&r=g","caption":"diario5"},"url":"https:\/\/diariotextual.com\/inicio\/index.php\/author\/diario5\/"}]}},"_links":{"self":[{"href":"https:\/\/diariotextual.com\/inicio\/index.php\/wp-json\/wp\/v2\/posts\/242694","targetHints":{"allow":["GET"]}}],"collection":[{"href":"https:\/\/diariotextual.com\/inicio\/index.php\/wp-json\/wp\/v2\/posts"}],"about":[{"href":"https:\/\/diariotextual.com\/inicio\/index.php\/wp-json\/wp\/v2\/types\/post"}],"author":[{"embeddable":true,"href":"https:\/\/diariotextual.com\/inicio\/index.php\/wp-json\/wp\/v2\/users\/7"}],"replies":[{"embeddable":true,"href":"https:\/\/diariotextual.com\/inicio\/index.php\/wp-json\/wp\/v2\/comments?post=242694"}],"version-history":[{"count":1,"href":"https:\/\/diariotextual.com\/inicio\/index.php\/wp-json\/wp\/v2\/posts\/242694\/revisions"}],"predecessor-version":[{"id":242695,"href":"https:\/\/diariotextual.com\/inicio\/index.php\/wp-json\/wp\/v2\/posts\/242694\/revisions\/242695"}],"wp:featuredmedia":[{"embeddable":true,"href":"https:\/\/diariotextual.com\/inicio\/index.php\/wp-json\/wp\/v2\/media\/209956"}],"wp:attachment":[{"href":"https:\/\/diariotextual.com\/inicio\/index.php\/wp-json\/wp\/v2\/media?parent=242694"}],"wp:term":[{"taxonomy":"category","embeddable":true,"href":"https:\/\/diariotextual.com\/inicio\/index.php\/wp-json\/wp\/v2\/categories?post=242694"},{"taxonomy":"post_tag","embeddable":true,"href":"https:\/\/diariotextual.com\/inicio\/index.php\/wp-json\/wp\/v2\/tags?post=242694"}],"curies":[{"name":"wp","href":"https:\/\/api.w.org\/{rel}","templated":true}]}}