{"id":242874,"date":"2023-10-31T21:12:25","date_gmt":"2023-11-01T00:12:25","guid":{"rendered":"https:\/\/diariotextual.com\/inicio\/?p=242874"},"modified":"2023-11-01T05:04:50","modified_gmt":"2023-11-01T08:04:50","slug":"balotaje-fernandez-meijide-sarlo-e-intelectuales-llamaron-a-votar-por-massa","status":"publish","type":"post","link":"https:\/\/diariotextual.com\/inicio\/index.php\/2023\/10\/31\/balotaje-fernandez-meijide-sarlo-e-intelectuales-llamaron-a-votar-por-massa\/","title":{"rendered":"Balotaje: Fern\u00e1ndez Meijide, Sarlo e intelectuales llamaron a votar por Massa"},"content":{"rendered":"\n<p>Un grupo de intelectuales y personas del \u00e1mbito de la cultura, entre los que se destacan <strong>Graciela Fern\u00e1ndez Meijide, Beatriz Sarlo y Mariano Llin\u00e1s<\/strong>, llamaron a votar por el candidato presidencial Sergio Massa (UP), <strong>ante \u201clos peligros de una deriva autoritaria\u201d representada por su rival en el balotaje, Javier Milei (LLA).<\/strong><\/p>\n\n\n\n<p>Los que suscribieron el comunicado ya se hab\u00edan pronunciado en la previa de las elecciones generales. En esa ocasi\u00f3n, advirtieron que llamar\u00edan a votar por quien estuviera frente al libertario en caso de producirse una segunda vuelta electoral.<\/p>\n\n\n\n<p>\u201cLa <strong>conducta p\u00fablica de Milei y de buena parte de su equipo es contraria a la cultura democr\u00e1tica que propiciamos para fortalecer una comunidad pol\u00edtica pluralista y pac\u00edfica<\/strong>; su expl\u00edcita negaci\u00f3n de pacto de los derechos humanos habilita un retorno de las formas de violencia pol\u00edtica y estatal que cre\u00edamos superadas\u201d, expresaron los firmantes del documento y replicado por la agencia Noticias Argentinas.<\/p>\n\n\n\n<p>En esa l\u00ednea, el grupo de intelectuales subray\u00f3: <strong>\u201cSu propuesta plebiscitaria de gobierno anticipa una pr\u00e1ctica cesarista y autoritaria violatoria de la Constituci\u00f3n Nacional\u201d<\/strong>.<\/p>\n\n\n\n<p>Los firmantes tambi\u00e9n <strong>destacaron en el documento \u201clos desaciertos\u201d de la gesti\u00f3n econ\u00f3mica de Massa y \u201cla ambig\u00fcedad de sus propuestas\u201d<\/strong>, aunque se\u00f1alaron la necesidad de \u201cun cord\u00f3n democr\u00e1tico contra los peligros de una deriva autoritaria encarnada por Milei\u201d.<\/p>\n\n\n\n<p>El documento lleva las firmas de <strong>Carlos Altamirano, Pablo Alabarces, Oscar Cetr\u00e1ngolo, Rub\u00e9n Chababo, Graciela Fern\u00e1ndez Meijide, Roberto Gargarella,<\/strong> Adri\u00e1n Gorelik, Claudia Hilb, Roy Hora, Alejandro Katz, Federico Lorenz, Mariano Llin\u00e1s, y Lucas Martin.<\/p>\n\n\n\n<p>Tambi\u00e9n suscriben Federico Merke, Mario Pecheny, Mart\u00edn Plot, <strong>Hinde Pomeraniec, Beatriz Sarlo, Maristella Svampa<\/strong>, Patricia Tappat\u00e1, Hugo Vezzetti y Natalia Volosin.<\/p>\n","protected":false},"excerpt":{"rendered":"<p>Un grupo de intelectuales y personas del \u00e1mbito de la cultura, entre los que se destacan Graciela Fern\u00e1ndez Meijide, Beatriz Sarlo y Mariano Llin\u00e1s, llamaron a votar por el candidato&hellip;<\/p>\n","protected":false},"author":5,"featured_media":242875,"comment_status":"closed","ping_status":"open","sticky":false,"template":"","format":"standard","meta":{"_acf_changed":false,"footnotes":""},"categories":[1,11,8],"tags":[322,416,6313],"class_list":["post-242874","post","type-post","status-publish","format-standard","has-post-thumbnail","hentry","category-es-noticia","category-que-pasa","category-politica","tag-balotaje","tag-massa","tag-milei"],"acf":[],"yoast_head":"<!-- This site is optimized with the Yoast SEO plugin v27.5 - https:\/\/yoast.com\/product\/yoast-seo-wordpress\/ -->\n<title>Balotaje: Fern\u00e1ndez Meijide, Sarlo e intelectuales llamaron a votar por Massa - Diario Textual<\/title>\n<meta name=\"robots\" content=\"index, follow, max-snippet:-1, max-image-preview:large, max-video-preview:-1\" \/>\n<link rel=\"canonical\" href=\"https:\/\/diariotextual.com\/inicio\/index.php\/2023\/10\/31\/balotaje-fernandez-meijide-sarlo-e-intelectuales-llamaron-a-votar-por-massa\/\" \/>\n<meta property=\"og:locale\" content=\"es_ES\" \/>\n<meta property=\"og:type\" content=\"article\" \/>\n<meta property=\"og:title\" content=\"Balotaje: Fern\u00e1ndez Meijide, Sarlo e intelectuales llamaron a votar por Massa - Diario Textual\" \/>\n<meta property=\"og:description\" content=\"Un grupo de intelectuales y personas del \u00e1mbito de la cultura, entre los que se destacan Graciela Fern\u00e1ndez Meijide, Beatriz Sarlo y Mariano Llin\u00e1s, llamaron a votar por el candidato&hellip;\" \/>\n<meta property=\"og:url\" content=\"https:\/\/diariotextual.com\/inicio\/index.php\/2023\/10\/31\/balotaje-fernandez-meijide-sarlo-e-intelectuales-llamaron-a-votar-por-massa\/\" \/>\n<meta property=\"og:site_name\" content=\"Diario Textual\" \/>\n<meta property=\"article:publisher\" content=\"https:\/\/www.facebook.com\/eltextual\" \/>\n<meta property=\"article:published_time\" content=\"2023-11-01T00:12:25+00:00\" \/>\n<meta property=\"article:modified_time\" content=\"2023-11-01T08:04:50+00:00\" \/>\n<meta property=\"og:image\" content=\"https:\/\/diariotextual.com\/inicio\/wp-content\/uploads\/2023\/10\/sarlobeatriz.jpg\" \/>\n\t<meta property=\"og:image:width\" content=\"900\" \/>\n\t<meta property=\"og:image:height\" content=\"506\" \/>\n\t<meta property=\"og:image:type\" content=\"image\/jpeg\" \/>\n<meta name=\"author\" content=\"diario3\" \/>\n<meta name=\"twitter:card\" content=\"summary_large_image\" \/>\n<meta name=\"twitter:creator\" content=\"@eltextual\" \/>\n<meta name=\"twitter:site\" content=\"@eltextual\" \/>\n<meta name=\"twitter:label1\" content=\"Escrito por\" \/>\n\t<meta name=\"twitter:data1\" content=\"diario3\" \/>\n\t<meta name=\"twitter:label2\" content=\"Tiempo de lectura\" \/>\n\t<meta name=\"twitter:data2\" content=\"2 minutos\" \/>\n<script type=\"application\/ld+json\" class=\"yoast-schema-graph\">{\"@context\":\"https:\\\/\\\/schema.org\",\"@graph\":[{\"@type\":\"Article\",\"@id\":\"https:\\\/\\\/diariotextual.com\\\/inicio\\\/index.php\\\/2023\\\/10\\\/31\\\/balotaje-fernandez-meijide-sarlo-e-intelectuales-llamaron-a-votar-por-massa\\\/#article\",\"isPartOf\":{\"@id\":\"https:\\\/\\\/diariotextual.com\\\/inicio\\\/index.php\\\/2023\\\/10\\\/31\\\/balotaje-fernandez-meijide-sarlo-e-intelectuales-llamaron-a-votar-por-massa\\\/\"},\"author\":{\"name\":\"diario3\",\"@id\":\"https:\\\/\\\/diariotextual.com\\\/inicio\\\/#\\\/schema\\\/person\\\/a1b6f563e0ee944c60f98119389a4d9f\"},\"headline\":\"Balotaje: Fern\u00e1ndez Meijide, Sarlo e intelectuales llamaron a votar por Massa\",\"datePublished\":\"2023-11-01T00:12:25+00:00\",\"dateModified\":\"2023-11-01T08:04:50+00:00\",\"mainEntityOfPage\":{\"@id\":\"https:\\\/\\\/diariotextual.com\\\/inicio\\\/index.php\\\/2023\\\/10\\\/31\\\/balotaje-fernandez-meijide-sarlo-e-intelectuales-llamaron-a-votar-por-massa\\\/\"},\"wordCount\":312,\"publisher\":{\"@id\":\"https:\\\/\\\/diariotextual.com\\\/inicio\\\/#organization\"},\"image\":{\"@id\":\"https:\\\/\\\/diariotextual.com\\\/inicio\\\/index.php\\\/2023\\\/10\\\/31\\\/balotaje-fernandez-meijide-sarlo-e-intelectuales-llamaron-a-votar-por-massa\\\/#primaryimage\"},\"thumbnailUrl\":\"https:\\\/\\\/diariotextual.com\\\/inicio\\\/wp-content\\\/uploads\\\/2023\\\/10\\\/sarlobeatriz.jpg\",\"keywords\":[\"balotaje\",\"massa\",\"milei\"],\"articleSection\":[\"A - ES NOTICIA (van abajo)\",\"A - QUE PASA (al costado)\",\"POLITICA\"],\"inLanguage\":\"es\"},{\"@type\":\"WebPage\",\"@id\":\"https:\\\/\\\/diariotextual.com\\\/inicio\\\/index.php\\\/2023\\\/10\\\/31\\\/balotaje-fernandez-meijide-sarlo-e-intelectuales-llamaron-a-votar-por-massa\\\/\",\"url\":\"https:\\\/\\\/diariotextual.com\\\/inicio\\\/index.php\\\/2023\\\/10\\\/31\\\/balotaje-fernandez-meijide-sarlo-e-intelectuales-llamaron-a-votar-por-massa\\\/\",\"name\":\"Balotaje: Fern\u00e1ndez Meijide, Sarlo e intelectuales llamaron a votar por Massa - Diario Textual\",\"isPartOf\":{\"@id\":\"https:\\\/\\\/diariotextual.com\\\/inicio\\\/#website\"},\"primaryImageOfPage\":{\"@id\":\"https:\\\/\\\/diariotextual.com\\\/inicio\\\/index.php\\\/2023\\\/10\\\/31\\\/balotaje-fernandez-meijide-sarlo-e-intelectuales-llamaron-a-votar-por-massa\\\/#primaryimage\"},\"image\":{\"@id\":\"https:\\\/\\\/diariotextual.com\\\/inicio\\\/index.php\\\/2023\\\/10\\\/31\\\/balotaje-fernandez-meijide-sarlo-e-intelectuales-llamaron-a-votar-por-massa\\\/#primaryimage\"},\"thumbnailUrl\":\"https:\\\/\\\/diariotextual.com\\\/inicio\\\/wp-content\\\/uploads\\\/2023\\\/10\\\/sarlobeatriz.jpg\",\"datePublished\":\"2023-11-01T00:12:25+00:00\",\"dateModified\":\"2023-11-01T08:04:50+00:00\",\"breadcrumb\":{\"@id\":\"https:\\\/\\\/diariotextual.com\\\/inicio\\\/index.php\\\/2023\\\/10\\\/31\\\/balotaje-fernandez-meijide-sarlo-e-intelectuales-llamaron-a-votar-por-massa\\\/#breadcrumb\"},\"inLanguage\":\"es\",\"potentialAction\":[{\"@type\":\"ReadAction\",\"target\":[\"https:\\\/\\\/diariotextual.com\\\/inicio\\\/index.php\\\/2023\\\/10\\\/31\\\/balotaje-fernandez-meijide-sarlo-e-intelectuales-llamaron-a-votar-por-massa\\\/\"]}]},{\"@type\":\"ImageObject\",\"inLanguage\":\"es\",\"@id\":\"https:\\\/\\\/diariotextual.com\\\/inicio\\\/index.php\\\/2023\\\/10\\\/31\\\/balotaje-fernandez-meijide-sarlo-e-intelectuales-llamaron-a-votar-por-massa\\\/#primaryimage\",\"url\":\"https:\\\/\\\/diariotextual.com\\\/inicio\\\/wp-content\\\/uploads\\\/2023\\\/10\\\/sarlobeatriz.jpg\",\"contentUrl\":\"https:\\\/\\\/diariotextual.com\\\/inicio\\\/wp-content\\\/uploads\\\/2023\\\/10\\\/sarlobeatriz.jpg\",\"width\":900,\"height\":506},{\"@type\":\"BreadcrumbList\",\"@id\":\"https:\\\/\\\/diariotextual.com\\\/inicio\\\/index.php\\\/2023\\\/10\\\/31\\\/balotaje-fernandez-meijide-sarlo-e-intelectuales-llamaron-a-votar-por-massa\\\/#breadcrumb\",\"itemListElement\":[{\"@type\":\"ListItem\",\"position\":1,\"name\":\"Portada\",\"item\":\"https:\\\/\\\/diariotextual.com\\\/inicio\\\/\"},{\"@type\":\"ListItem\",\"position\":2,\"name\":\"Balotaje: Fern\u00e1ndez Meijide, Sarlo e intelectuales llamaron a votar por Massa\"}]},{\"@type\":\"WebSite\",\"@id\":\"https:\\\/\\\/diariotextual.com\\\/inicio\\\/#website\",\"url\":\"https:\\\/\\\/diariotextual.com\\\/inicio\\\/\",\"name\":\"Diario Textual\",\"description\":\"\",\"publisher\":{\"@id\":\"https:\\\/\\\/diariotextual.com\\\/inicio\\\/#organization\"},\"potentialAction\":[{\"@type\":\"SearchAction\",\"target\":{\"@type\":\"EntryPoint\",\"urlTemplate\":\"https:\\\/\\\/diariotextual.com\\\/inicio\\\/?s={search_term_string}\"},\"query-input\":{\"@type\":\"PropertyValueSpecification\",\"valueRequired\":true,\"valueName\":\"search_term_string\"}}],\"inLanguage\":\"es\"},{\"@type\":\"Organization\",\"@id\":\"https:\\\/\\\/diariotextual.com\\\/inicio\\\/#organization\",\"name\":\"Diario Textual\",\"url\":\"https:\\\/\\\/diariotextual.com\\\/inicio\\\/\",\"logo\":{\"@type\":\"ImageObject\",\"inLanguage\":\"es\",\"@id\":\"https:\\\/\\\/diariotextual.com\\\/inicio\\\/#\\\/schema\\\/logo\\\/image\\\/\",\"url\":\"https:\\\/\\\/diariotextual.com\\\/inicio\\\/wp-content\\\/uploads\\\/2023\\\/05\\\/logotextual1.jpg\",\"contentUrl\":\"https:\\\/\\\/diariotextual.com\\\/inicio\\\/wp-content\\\/uploads\\\/2023\\\/05\\\/logotextual1.jpg\",\"width\":516,\"height\":76,\"caption\":\"Diario Textual\"},\"image\":{\"@id\":\"https:\\\/\\\/diariotextual.com\\\/inicio\\\/#\\\/schema\\\/logo\\\/image\\\/\"},\"sameAs\":[\"https:\\\/\\\/www.facebook.com\\\/eltextual\",\"https:\\\/\\\/x.com\\\/eltextual\",\"http:\\\/\\\/www.instagram.com\\\/eltextual\"]},{\"@type\":\"Person\",\"@id\":\"https:\\\/\\\/diariotextual.com\\\/inicio\\\/#\\\/schema\\\/person\\\/a1b6f563e0ee944c60f98119389a4d9f\",\"name\":\"diario3\",\"image\":{\"@type\":\"ImageObject\",\"inLanguage\":\"es\",\"@id\":\"https:\\\/\\\/secure.gravatar.com\\\/avatar\\\/5e7ee62c82fc04d9dd79d746a390d93c69c43223e5faeeb3ea9461ef752bfc5d?s=96&d=mm&r=g\",\"url\":\"https:\\\/\\\/secure.gravatar.com\\\/avatar\\\/5e7ee62c82fc04d9dd79d746a390d93c69c43223e5faeeb3ea9461ef752bfc5d?s=96&d=mm&r=g\",\"contentUrl\":\"https:\\\/\\\/secure.gravatar.com\\\/avatar\\\/5e7ee62c82fc04d9dd79d746a390d93c69c43223e5faeeb3ea9461ef752bfc5d?s=96&d=mm&r=g\",\"caption\":\"diario3\"},\"url\":\"https:\\\/\\\/diariotextual.com\\\/inicio\\\/index.php\\\/author\\\/diario3\\\/\"}]}<\/script>\n<!-- \/ Yoast SEO plugin. -->","yoast_head_json":{"title":"Balotaje: Fern\u00e1ndez Meijide, Sarlo e intelectuales llamaron a votar por Massa - Diario Textual","robots":{"index":"index","follow":"follow","max-snippet":"max-snippet:-1","max-image-preview":"max-image-preview:large","max-video-preview":"max-video-preview:-1"},"canonical":"https:\/\/diariotextual.com\/inicio\/index.php\/2023\/10\/31\/balotaje-fernandez-meijide-sarlo-e-intelectuales-llamaron-a-votar-por-massa\/","og_locale":"es_ES","og_type":"article","og_title":"Balotaje: Fern\u00e1ndez Meijide, Sarlo e intelectuales llamaron a votar por Massa - Diario Textual","og_description":"Un grupo de intelectuales y personas del \u00e1mbito de la cultura, entre los que se destacan Graciela Fern\u00e1ndez Meijide, Beatriz Sarlo y Mariano Llin\u00e1s, llamaron a votar por el candidato&hellip;","og_url":"https:\/\/diariotextual.com\/inicio\/index.php\/2023\/10\/31\/balotaje-fernandez-meijide-sarlo-e-intelectuales-llamaron-a-votar-por-massa\/","og_site_name":"Diario Textual","article_publisher":"https:\/\/www.facebook.com\/eltextual","article_published_time":"2023-11-01T00:12:25+00:00","article_modified_time":"2023-11-01T08:04:50+00:00","og_image":[{"width":900,"height":506,"url":"https:\/\/diariotextual.com\/inicio\/wp-content\/uploads\/2023\/10\/sarlobeatriz.jpg","type":"image\/jpeg"}],"author":"diario3","twitter_card":"summary_large_image","twitter_creator":"@eltextual","twitter_site":"@eltextual","twitter_misc":{"Escrito por":"diario3","Tiempo de lectura":"2 minutos"},"schema":{"@context":"https:\/\/schema.org","@graph":[{"@type":"Article","@id":"https:\/\/diariotextual.com\/inicio\/index.php\/2023\/10\/31\/balotaje-fernandez-meijide-sarlo-e-intelectuales-llamaron-a-votar-por-massa\/#article","isPartOf":{"@id":"https:\/\/diariotextual.com\/inicio\/index.php\/2023\/10\/31\/balotaje-fernandez-meijide-sarlo-e-intelectuales-llamaron-a-votar-por-massa\/"},"author":{"name":"diario3","@id":"https:\/\/diariotextual.com\/inicio\/#\/schema\/person\/a1b6f563e0ee944c60f98119389a4d9f"},"headline":"Balotaje: Fern\u00e1ndez Meijide, Sarlo e intelectuales llamaron a votar por Massa","datePublished":"2023-11-01T00:12:25+00:00","dateModified":"2023-11-01T08:04:50+00:00","mainEntityOfPage":{"@id":"https:\/\/diariotextual.com\/inicio\/index.php\/2023\/10\/31\/balotaje-fernandez-meijide-sarlo-e-intelectuales-llamaron-a-votar-por-massa\/"},"wordCount":312,"publisher":{"@id":"https:\/\/diariotextual.com\/inicio\/#organization"},"image":{"@id":"https:\/\/diariotextual.com\/inicio\/index.php\/2023\/10\/31\/balotaje-fernandez-meijide-sarlo-e-intelectuales-llamaron-a-votar-por-massa\/#primaryimage"},"thumbnailUrl":"https:\/\/diariotextual.com\/inicio\/wp-content\/uploads\/2023\/10\/sarlobeatriz.jpg","keywords":["balotaje","massa","milei"],"articleSection":["A - ES NOTICIA (van abajo)","A - QUE PASA (al costado)","POLITICA"],"inLanguage":"es"},{"@type":"WebPage","@id":"https:\/\/diariotextual.com\/inicio\/index.php\/2023\/10\/31\/balotaje-fernandez-meijide-sarlo-e-intelectuales-llamaron-a-votar-por-massa\/","url":"https:\/\/diariotextual.com\/inicio\/index.php\/2023\/10\/31\/balotaje-fernandez-meijide-sarlo-e-intelectuales-llamaron-a-votar-por-massa\/","name":"Balotaje: Fern\u00e1ndez Meijide, Sarlo e intelectuales llamaron a votar por Massa - Diario Textual","isPartOf":{"@id":"https:\/\/diariotextual.com\/inicio\/#website"},"primaryImageOfPage":{"@id":"https:\/\/diariotextual.com\/inicio\/index.php\/2023\/10\/31\/balotaje-fernandez-meijide-sarlo-e-intelectuales-llamaron-a-votar-por-massa\/#primaryimage"},"image":{"@id":"https:\/\/diariotextual.com\/inicio\/index.php\/2023\/10\/31\/balotaje-fernandez-meijide-sarlo-e-intelectuales-llamaron-a-votar-por-massa\/#primaryimage"},"thumbnailUrl":"https:\/\/diariotextual.com\/inicio\/wp-content\/uploads\/2023\/10\/sarlobeatriz.jpg","datePublished":"2023-11-01T00:12:25+00:00","dateModified":"2023-11-01T08:04:50+00:00","breadcrumb":{"@id":"https:\/\/diariotextual.com\/inicio\/index.php\/2023\/10\/31\/balotaje-fernandez-meijide-sarlo-e-intelectuales-llamaron-a-votar-por-massa\/#breadcrumb"},"inLanguage":"es","potentialAction":[{"@type":"ReadAction","target":["https:\/\/diariotextual.com\/inicio\/index.php\/2023\/10\/31\/balotaje-fernandez-meijide-sarlo-e-intelectuales-llamaron-a-votar-por-massa\/"]}]},{"@type":"ImageObject","inLanguage":"es","@id":"https:\/\/diariotextual.com\/inicio\/index.php\/2023\/10\/31\/balotaje-fernandez-meijide-sarlo-e-intelectuales-llamaron-a-votar-por-massa\/#primaryimage","url":"https:\/\/diariotextual.com\/inicio\/wp-content\/uploads\/2023\/10\/sarlobeatriz.jpg","contentUrl":"https:\/\/diariotextual.com\/inicio\/wp-content\/uploads\/2023\/10\/sarlobeatriz.jpg","width":900,"height":506},{"@type":"BreadcrumbList","@id":"https:\/\/diariotextual.com\/inicio\/index.php\/2023\/10\/31\/balotaje-fernandez-meijide-sarlo-e-intelectuales-llamaron-a-votar-por-massa\/#breadcrumb","itemListElement":[{"@type":"ListItem","position":1,"name":"Portada","item":"https:\/\/diariotextual.com\/inicio\/"},{"@type":"ListItem","position":2,"name":"Balotaje: Fern\u00e1ndez Meijide, Sarlo e intelectuales llamaron a votar por Massa"}]},{"@type":"WebSite","@id":"https:\/\/diariotextual.com\/inicio\/#website","url":"https:\/\/diariotextual.com\/inicio\/","name":"Diario Textual","description":"","publisher":{"@id":"https:\/\/diariotextual.com\/inicio\/#organization"},"potentialAction":[{"@type":"SearchAction","target":{"@type":"EntryPoint","urlTemplate":"https:\/\/diariotextual.com\/inicio\/?s={search_term_string}"},"query-input":{"@type":"PropertyValueSpecification","valueRequired":true,"valueName":"search_term_string"}}],"inLanguage":"es"},{"@type":"Organization","@id":"https:\/\/diariotextual.com\/inicio\/#organization","name":"Diario Textual","url":"https:\/\/diariotextual.com\/inicio\/","logo":{"@type":"ImageObject","inLanguage":"es","@id":"https:\/\/diariotextual.com\/inicio\/#\/schema\/logo\/image\/","url":"https:\/\/diariotextual.com\/inicio\/wp-content\/uploads\/2023\/05\/logotextual1.jpg","contentUrl":"https:\/\/diariotextual.com\/inicio\/wp-content\/uploads\/2023\/05\/logotextual1.jpg","width":516,"height":76,"caption":"Diario Textual"},"image":{"@id":"https:\/\/diariotextual.com\/inicio\/#\/schema\/logo\/image\/"},"sameAs":["https:\/\/www.facebook.com\/eltextual","https:\/\/x.com\/eltextual","http:\/\/www.instagram.com\/eltextual"]},{"@type":"Person","@id":"https:\/\/diariotextual.com\/inicio\/#\/schema\/person\/a1b6f563e0ee944c60f98119389a4d9f","name":"diario3","image":{"@type":"ImageObject","inLanguage":"es","@id":"https:\/\/secure.gravatar.com\/avatar\/5e7ee62c82fc04d9dd79d746a390d93c69c43223e5faeeb3ea9461ef752bfc5d?s=96&d=mm&r=g","url":"https:\/\/secure.gravatar.com\/avatar\/5e7ee62c82fc04d9dd79d746a390d93c69c43223e5faeeb3ea9461ef752bfc5d?s=96&d=mm&r=g","contentUrl":"https:\/\/secure.gravatar.com\/avatar\/5e7ee62c82fc04d9dd79d746a390d93c69c43223e5faeeb3ea9461ef752bfc5d?s=96&d=mm&r=g","caption":"diario3"},"url":"https:\/\/diariotextual.com\/inicio\/index.php\/author\/diario3\/"}]}},"_links":{"self":[{"href":"https:\/\/diariotextual.com\/inicio\/index.php\/wp-json\/wp\/v2\/posts\/242874","targetHints":{"allow":["GET"]}}],"collection":[{"href":"https:\/\/diariotextual.com\/inicio\/index.php\/wp-json\/wp\/v2\/posts"}],"about":[{"href":"https:\/\/diariotextual.com\/inicio\/index.php\/wp-json\/wp\/v2\/types\/post"}],"author":[{"embeddable":true,"href":"https:\/\/diariotextual.com\/inicio\/index.php\/wp-json\/wp\/v2\/users\/5"}],"replies":[{"embeddable":true,"href":"https:\/\/diariotextual.com\/inicio\/index.php\/wp-json\/wp\/v2\/comments?post=242874"}],"version-history":[{"count":1,"href":"https:\/\/diariotextual.com\/inicio\/index.php\/wp-json\/wp\/v2\/posts\/242874\/revisions"}],"predecessor-version":[{"id":242876,"href":"https:\/\/diariotextual.com\/inicio\/index.php\/wp-json\/wp\/v2\/posts\/242874\/revisions\/242876"}],"wp:featuredmedia":[{"embeddable":true,"href":"https:\/\/diariotextual.com\/inicio\/index.php\/wp-json\/wp\/v2\/media\/242875"}],"wp:attachment":[{"href":"https:\/\/diariotextual.com\/inicio\/index.php\/wp-json\/wp\/v2\/media?parent=242874"}],"wp:term":[{"taxonomy":"category","embeddable":true,"href":"https:\/\/diariotextual.com\/inicio\/index.php\/wp-json\/wp\/v2\/categories?post=242874"},{"taxonomy":"post_tag","embeddable":true,"href":"https:\/\/diariotextual.com\/inicio\/index.php\/wp-json\/wp\/v2\/tags?post=242874"}],"curies":[{"name":"wp","href":"https:\/\/api.w.org\/{rel}","templated":true}]}}