{"id":242961,"date":"2023-11-01T17:44:15","date_gmt":"2023-11-01T20:44:15","guid":{"rendered":"https:\/\/diariotextual.com\/inicio\/?p=242961"},"modified":"2023-11-02T09:43:13","modified_gmt":"2023-11-02T12:43:13","slug":"caso-lucio-el-procurador-bongianino-se-aparto-del-inicio-del-jury","status":"publish","type":"post","link":"https:\/\/diariotextual.com\/inicio\/index.php\/2023\/11\/01\/caso-lucio-el-procurador-bongianino-se-aparto-del-inicio-del-jury\/","title":{"rendered":"Caso Lucio: el procurador Bongianino se apart\u00f3 del inicio del jury"},"content":{"rendered":"\n<p>El <strong>Jurado de Enjuiciamiento no hizo lugar al pedido de la asesora de Ni\u00f1os, Ni\u00f1as y Adolescentes, Elisa Alejandra Cat\u00e1n, de apartar del proceso al procurador general, Mario Oscar Bongianino<\/strong>, porque ello no est\u00e1 previsto en la ley provincial 313; pero <strong>s\u00ed acept\u00f3 la excusaci\u00f3n del propio Bongianino y le envi\u00f3 las actuaciones a su subrogante legal, el fiscal general Guillermo Alberto Sancho.<\/strong><\/p>\n\n\n\n<p>Adem\u00e1s se le fij\u00f3 a este \u00faltimo <strong>un plazo de siete d\u00edas h\u00e1biles para que ofrezca prueba y el mismo tiempo dispuso para las defensas de Cat\u00e1n y la jueza Ana Clara P\u00e9rez Ballester<\/strong>, quienes est\u00e1n acusadas de mal desempe\u00f1o en la tramitaci\u00f3n de los expedientes por la tutela y el cuidado personal del ni\u00f1o Lucio Dupuy.<\/p>\n\n\n\n<p>La ley 313 es la que rige el procedimiento del jury. El art\u00edculo 17\u00b0 establece: \u201cEl representante del Ministerio P\u00fablico y el secretario no podr\u00e1n ser recusados, pero deber\u00e1n excusarse cuando se encuentren comprendidos en alguna de las causales previstas\u201d en el propio texto. Por esa raz\u00f3n fue que el jurado rechaz\u00f3 el requerimiento de Cat\u00e1n, responsable de la Asesor\u00eda de Ni\u00f1as, Ni\u00f1os y Adolescentes N\u00b0 2 de General Pico, de apartar a Bongianino.<\/p>\n\n\n\n<p>No obstante, para garantizar absolutamente el derecho de defensa de las partes, el cuerpo le dio trasladado de ese planteo al propio procurador, quien hoy se excus\u00f3 en base al art\u00edculo 60\u00b0, inciso 13) del C\u00f3digo Procesal Penal de La Pampa (\u201ccuando mediaren otras circunstancias que, por su gravedad, afectaren su imparcialidad\u201d), aunque dej\u00f3 asentado en su escrito que la imputada busc\u00f3 apartarlo a trav\u00e9s de \u201cdenuncias falsas\u201d.<\/p>\n\n\n\n<p>La excusaci\u00f3n fue aceptada inmediatamente, y en forma un\u00e1nime por los cinco integrantes del jury: el presidente Fabricio Luis Losi, ministro del Superior Tribunal de Justicia a cargo de la presidencia; las legisladores Mar\u00eda Silvia Larreta y Mar\u00eda Andrea Valderrama Calvo; y las abogadas por la matr\u00edcula, Silvina Mar\u00eda Garro y Mar\u00eda Natalia Gaccio.<\/p>\n\n\n\n<p>El cuerpo, adem\u00e1s, le gir\u00f3 las actuaciones a Sancho y le fij\u00f3 un tiempo de siete d\u00edas h\u00e1biles para que ofrezca las pruebas que considere convenientes para el juicio oral y p\u00fablico (art\u00edculo 33\u00b0 de la ley 33).<strong> El plazo comenzar\u00e1 a regir este viernes \u2013porque ma\u00f1ana es feriado\u2013 y concluir\u00e1 el lunes 13. Lo mismo resolvi\u00f3 con respecto a P\u00e9rez Ballester y Cat\u00e1n. A ellas ese plazo les correr\u00e1 desde el martes 14 hasta el viernes 24.<\/strong><\/p>\n\n\n\n<p>Por otro lado, el jury \u2013que se reuni\u00f3 y tambi\u00e9n lo hab\u00eda hecho el lunes\u2013 recibi\u00f3 los descargos de P\u00e9rez Ballester y Cat\u00e1n a las acusaciones por mal desempe\u00f1o y le deneg\u00f3 a la asesora una solicitud para desdoblar el proceso y que cada una de las imputadas sea juzgada por separado.<\/p>\n\n\n\n<p>A su vez, tampoco se le hizo lugar a Cat\u00e1n \u2013que cuenta con el patrocinio letrado de la defensora general sustituta, Carina Ganuza\u2013 al pedido de correrle vista al fiscal de turno por el presunto delito de incumplimiento de los deberes de funcionario p\u00fablico por parte de Bongianino y el fiscal general de General Pico, Armando Ag\u00fcero. Ante ello, el jurado dijo que estar\u00e1 a las resultas del juicio oral, como as\u00ed tambi\u00e9n el pedido de nulidad de la acusaci\u00f3n.<\/p>\n\n\n\n<figure class=\"wp-block-embed is-type-wp-embed is-provider-diario-textual wp-block-embed-diario-textual\"><div class=\"wp-block-embed__wrapper\">\n<blockquote class=\"wp-embedded-content\" data-secret=\"a4TfGKoPz4\"><a href=\"https:\/\/diariotextual.com\/inicio\/index.php\/2023\/09\/28\/caso-lucio-diputados-abrieron-el-jury-y-podrian-destituir-a-la-jueza\/\">Jury por el Caso Lucio: ordenan abrir una causa y podr\u00edan destituir a la jueza y a la asesora<\/a><\/blockquote><iframe class=\"wp-embedded-content\" sandbox=\"allow-scripts\" security=\"restricted\" style=\"position: absolute; clip: rect(1px, 1px, 1px, 1px);\" title=\"\u00abJury por el Caso Lucio: ordenan abrir una causa y podr\u00edan destituir a la jueza y a la asesora\u00bb \u2014 Diario Textual\" src=\"https:\/\/diariotextual.com\/inicio\/index.php\/2023\/09\/28\/caso-lucio-diputados-abrieron-el-jury-y-podrian-destituir-a-la-jueza\/embed\/#?secret=pT2wEwIFcm#?secret=a4TfGKoPz4\" data-secret=\"a4TfGKoPz4\" width=\"600\" height=\"338\" frameborder=\"0\" marginwidth=\"0\" marginheight=\"0\" scrolling=\"no\"><\/iframe>\n<\/div><\/figure>\n\n\n\n<p><strong>\u201cManiobra burda y torpe\u201d<\/strong><\/p>\n\n\n\n<p>Bongianino, en la nota donde requiri\u00f3 su excusaci\u00f3n y refiri\u00e9ndose a la asesora, expres\u00f3: \u201cEs evidente que se pretende, una vez conocidos los t\u00e9rminos de la acusaci\u00f3n que formul\u00e9 en su contra, provocar, mediante falsas denuncias, mi apartamiento de este jurado de enjuiciamiento, en el que, por mandato constitucional, me desempe\u00f1o como acusador\u201d.<\/p>\n\n\n\n<p>\u201cTal indisimulable prop\u00f3sito qued\u00f3 de manifiesto si se observa que las denuncias que esgrimi\u00f3, como causal de recusaci\u00f3n, fueron realizadas y\/o activadas por su parte, luego de haber sido denunciada por los diputados\/as provinciales, y en previsi\u00f3n de mi segura intervenci\u00f3n en el proceso (aunque sin comunicarlas a los miembros del jurado ni difundirlas p\u00fablicamente, sino hasta despu\u00e9s de formulada la acusaci\u00f3n y conocidos sus t\u00e9rminos)\u201d, agreg\u00f3.<\/p>\n\n\n\n<p>Con ello aludi\u00f3 a las denuncias de Cat\u00e1n ante la Fiscal\u00eda de Investigaciones Administrativas, el Instituto Nacional de contra la Discriminaci\u00f3n, la Xenofobia y el Racismo (Inadi) y la Oficina de la Mujer y Violencia Dom\u00e9stica.<\/p>\n\n\n\n<p>\u201cAsimismo, resulta llamativo que todas las notas y constancias de audiencias que acompa\u00f1\u00f3 sean de fecha posterior al homicidio del ni\u00f1o Lucio Dupuy, hecho ocurrido el 26 de noviembre de 2021. La maniobra es burda y de una gran torpeza\u201d, resalt\u00f3 el procurador.<\/p>\n\n\n\n<p>En otro p\u00e1rrafo de su descargo, dijo: \u201cPasando a los hechos esgrimidos como motivo de la recusaci\u00f3n pretendida, hago saber a los miembros del jurado de su total y absoluta falsedad. Sin perjuicio de ello, y con el \u00fanico prop\u00f3sito de aventar cualquier sospecha de objetividad de mi parte que podr\u00edan vulnerar el debido proceso; desconociendo la existencia de tales denuncias al momento de realizar el requerimiento fiscal y habiendo tomado conocimiento de ellas en esta instancia, advierto que se configuran causales sobrevinientes que me generan una zozobra espiritual insuperable, que me obligan a peticionar mi apartamiento conforme lo dispuesto por el art\u00edculo 60, inciso 13) en concordancia con el art\u00edculo 75\u00b0 del C\u00f3digo Procesal Penal (por remisi\u00f3n expresa del art\u00edculo 51\u00b0 de la ley 313)\u201d.<\/p>\n\n\n\n<p>Bongianino afirm\u00f3, con referencia a las declaraciones p\u00fablicas de de Cat\u00e1n al diario La Arena, que \u201cno se puede soslayar que todo ello surge de una funcionaria de alta jerarqu\u00eda institucional, y con responsabilidades propias y exclusivas que derivan de su autonom\u00eda funcional en cada uno de los casos en los que interviene\u201d.<\/p>\n\n\n\n<p>\u201cTodo ello, no hace m\u00e1s que configurar el motivo sobreviniente que puede afectar mi objetividad en el caso, al existir circunstancias graves \u2013las denuncias en mi contra\u2013, sin dejar de advertir la contradicci\u00f3n que surge de lo expuesto en la declaraci\u00f3n de la doctora Cat\u00e1n ante el Jurado\u201d, donde destac\u00f3 su tarea, concluy\u00f3 el procurador.\u200b<\/p>\n","protected":false},"excerpt":{"rendered":"<p>El Jurado de Enjuiciamiento no hizo lugar al pedido de la asesora de Ni\u00f1os, Ni\u00f1as y Adolescentes, Elisa Alejandra Cat\u00e1n, de apartar del proceso al procurador general, Mario Oscar Bongianino,&hellip;<\/p>\n","protected":false},"author":5,"featured_media":113609,"comment_status":"closed","ping_status":"open","sticky":false,"template":"","format":"standard","meta":{"_acf_changed":false,"footnotes":""},"categories":[1,11,8],"tags":[6366,7722],"class_list":["post-242961","post","type-post","status-publish","format-standard","has-post-thumbnail","hentry","category-es-noticia","category-que-pasa","category-politica","tag-caso-lucio","tag-jury-de-enjuiciamiento"],"acf":[],"yoast_head":"<!-- This site is optimized with the Yoast SEO plugin v27.4 - https:\/\/yoast.com\/product\/yoast-seo-wordpress\/ -->\n<title>Caso Lucio: el procurador Bongianino se apart\u00f3 del inicio del jury - Diario Textual<\/title>\n<meta name=\"robots\" content=\"index, follow, max-snippet:-1, max-image-preview:large, max-video-preview:-1\" \/>\n<link rel=\"canonical\" href=\"https:\/\/diariotextual.com\/inicio\/index.php\/2023\/11\/01\/caso-lucio-el-procurador-bongianino-se-aparto-del-inicio-del-jury\/\" \/>\n<meta property=\"og:locale\" content=\"es_ES\" \/>\n<meta property=\"og:type\" content=\"article\" \/>\n<meta property=\"og:title\" content=\"Caso Lucio: el procurador Bongianino se apart\u00f3 del inicio del jury - Diario Textual\" \/>\n<meta property=\"og:description\" content=\"El Jurado de Enjuiciamiento no hizo lugar al pedido de la asesora de Ni\u00f1os, Ni\u00f1as y Adolescentes, Elisa Alejandra Cat\u00e1n, de apartar del proceso al procurador general, Mario Oscar Bongianino,&hellip;\" \/>\n<meta property=\"og:url\" content=\"https:\/\/diariotextual.com\/inicio\/index.php\/2023\/11\/01\/caso-lucio-el-procurador-bongianino-se-aparto-del-inicio-del-jury\/\" \/>\n<meta property=\"og:site_name\" content=\"Diario Textual\" \/>\n<meta property=\"article:publisher\" content=\"https:\/\/www.facebook.com\/eltextual\" \/>\n<meta property=\"article:published_time\" content=\"2023-11-01T20:44:15+00:00\" \/>\n<meta property=\"article:modified_time\" content=\"2023-11-02T12:43:13+00:00\" \/>\n<meta property=\"og:image\" content=\"https:\/\/diariotextual.com\/inicio\/wp-content\/uploads\/2020\/09\/bongianinoprocurador.jpg\" \/>\n\t<meta property=\"og:image:width\" content=\"960\" \/>\n\t<meta property=\"og:image:height\" content=\"692\" \/>\n\t<meta property=\"og:image:type\" content=\"image\/jpeg\" \/>\n<meta name=\"author\" content=\"diario3\" \/>\n<meta name=\"twitter:card\" content=\"summary_large_image\" \/>\n<meta name=\"twitter:creator\" content=\"@eltextual\" \/>\n<meta name=\"twitter:site\" content=\"@eltextual\" \/>\n<meta name=\"twitter:label1\" content=\"Escrito por\" \/>\n\t<meta name=\"twitter:data1\" content=\"diario3\" \/>\n\t<meta name=\"twitter:label2\" content=\"Tiempo de lectura\" \/>\n\t<meta name=\"twitter:data2\" content=\"5 minutos\" \/>\n<script type=\"application\/ld+json\" class=\"yoast-schema-graph\">{\"@context\":\"https:\\\/\\\/schema.org\",\"@graph\":[{\"@type\":\"Article\",\"@id\":\"https:\\\/\\\/diariotextual.com\\\/inicio\\\/index.php\\\/2023\\\/11\\\/01\\\/caso-lucio-el-procurador-bongianino-se-aparto-del-inicio-del-jury\\\/#article\",\"isPartOf\":{\"@id\":\"https:\\\/\\\/diariotextual.com\\\/inicio\\\/index.php\\\/2023\\\/11\\\/01\\\/caso-lucio-el-procurador-bongianino-se-aparto-del-inicio-del-jury\\\/\"},\"author\":{\"name\":\"diario3\",\"@id\":\"https:\\\/\\\/diariotextual.com\\\/inicio\\\/#\\\/schema\\\/person\\\/a1b6f563e0ee944c60f98119389a4d9f\"},\"headline\":\"Caso Lucio: el procurador Bongianino se apart\u00f3 del inicio del jury\",\"datePublished\":\"2023-11-01T20:44:15+00:00\",\"dateModified\":\"2023-11-02T12:43:13+00:00\",\"mainEntityOfPage\":{\"@id\":\"https:\\\/\\\/diariotextual.com\\\/inicio\\\/index.php\\\/2023\\\/11\\\/01\\\/caso-lucio-el-procurador-bongianino-se-aparto-del-inicio-del-jury\\\/\"},\"wordCount\":1050,\"publisher\":{\"@id\":\"https:\\\/\\\/diariotextual.com\\\/inicio\\\/#organization\"},\"image\":{\"@id\":\"https:\\\/\\\/diariotextual.com\\\/inicio\\\/index.php\\\/2023\\\/11\\\/01\\\/caso-lucio-el-procurador-bongianino-se-aparto-del-inicio-del-jury\\\/#primaryimage\"},\"thumbnailUrl\":\"https:\\\/\\\/diariotextual.com\\\/inicio\\\/wp-content\\\/uploads\\\/2020\\\/09\\\/bongianinoprocurador.jpg\",\"keywords\":[\"caso lucio\",\"jury de enjuiciamiento\"],\"articleSection\":[\"A - ES NOTICIA (van abajo)\",\"A - QUE PASA (al costado)\",\"POLITICA\"],\"inLanguage\":\"es\"},{\"@type\":\"WebPage\",\"@id\":\"https:\\\/\\\/diariotextual.com\\\/inicio\\\/index.php\\\/2023\\\/11\\\/01\\\/caso-lucio-el-procurador-bongianino-se-aparto-del-inicio-del-jury\\\/\",\"url\":\"https:\\\/\\\/diariotextual.com\\\/inicio\\\/index.php\\\/2023\\\/11\\\/01\\\/caso-lucio-el-procurador-bongianino-se-aparto-del-inicio-del-jury\\\/\",\"name\":\"Caso Lucio: el procurador Bongianino se apart\u00f3 del inicio del jury - Diario Textual\",\"isPartOf\":{\"@id\":\"https:\\\/\\\/diariotextual.com\\\/inicio\\\/#website\"},\"primaryImageOfPage\":{\"@id\":\"https:\\\/\\\/diariotextual.com\\\/inicio\\\/index.php\\\/2023\\\/11\\\/01\\\/caso-lucio-el-procurador-bongianino-se-aparto-del-inicio-del-jury\\\/#primaryimage\"},\"image\":{\"@id\":\"https:\\\/\\\/diariotextual.com\\\/inicio\\\/index.php\\\/2023\\\/11\\\/01\\\/caso-lucio-el-procurador-bongianino-se-aparto-del-inicio-del-jury\\\/#primaryimage\"},\"thumbnailUrl\":\"https:\\\/\\\/diariotextual.com\\\/inicio\\\/wp-content\\\/uploads\\\/2020\\\/09\\\/bongianinoprocurador.jpg\",\"datePublished\":\"2023-11-01T20:44:15+00:00\",\"dateModified\":\"2023-11-02T12:43:13+00:00\",\"breadcrumb\":{\"@id\":\"https:\\\/\\\/diariotextual.com\\\/inicio\\\/index.php\\\/2023\\\/11\\\/01\\\/caso-lucio-el-procurador-bongianino-se-aparto-del-inicio-del-jury\\\/#breadcrumb\"},\"inLanguage\":\"es\",\"potentialAction\":[{\"@type\":\"ReadAction\",\"target\":[\"https:\\\/\\\/diariotextual.com\\\/inicio\\\/index.php\\\/2023\\\/11\\\/01\\\/caso-lucio-el-procurador-bongianino-se-aparto-del-inicio-del-jury\\\/\"]}]},{\"@type\":\"ImageObject\",\"inLanguage\":\"es\",\"@id\":\"https:\\\/\\\/diariotextual.com\\\/inicio\\\/index.php\\\/2023\\\/11\\\/01\\\/caso-lucio-el-procurador-bongianino-se-aparto-del-inicio-del-jury\\\/#primaryimage\",\"url\":\"https:\\\/\\\/diariotextual.com\\\/inicio\\\/wp-content\\\/uploads\\\/2020\\\/09\\\/bongianinoprocurador.jpg\",\"contentUrl\":\"https:\\\/\\\/diariotextual.com\\\/inicio\\\/wp-content\\\/uploads\\\/2020\\\/09\\\/bongianinoprocurador.jpg\",\"width\":960,\"height\":692},{\"@type\":\"BreadcrumbList\",\"@id\":\"https:\\\/\\\/diariotextual.com\\\/inicio\\\/index.php\\\/2023\\\/11\\\/01\\\/caso-lucio-el-procurador-bongianino-se-aparto-del-inicio-del-jury\\\/#breadcrumb\",\"itemListElement\":[{\"@type\":\"ListItem\",\"position\":1,\"name\":\"Portada\",\"item\":\"https:\\\/\\\/diariotextual.com\\\/inicio\\\/\"},{\"@type\":\"ListItem\",\"position\":2,\"name\":\"Caso Lucio: el procurador Bongianino se apart\u00f3 del inicio del jury\"}]},{\"@type\":\"WebSite\",\"@id\":\"https:\\\/\\\/diariotextual.com\\\/inicio\\\/#website\",\"url\":\"https:\\\/\\\/diariotextual.com\\\/inicio\\\/\",\"name\":\"Diario Textual\",\"description\":\"\",\"publisher\":{\"@id\":\"https:\\\/\\\/diariotextual.com\\\/inicio\\\/#organization\"},\"potentialAction\":[{\"@type\":\"SearchAction\",\"target\":{\"@type\":\"EntryPoint\",\"urlTemplate\":\"https:\\\/\\\/diariotextual.com\\\/inicio\\\/?s={search_term_string}\"},\"query-input\":{\"@type\":\"PropertyValueSpecification\",\"valueRequired\":true,\"valueName\":\"search_term_string\"}}],\"inLanguage\":\"es\"},{\"@type\":\"Organization\",\"@id\":\"https:\\\/\\\/diariotextual.com\\\/inicio\\\/#organization\",\"name\":\"Diario Textual\",\"url\":\"https:\\\/\\\/diariotextual.com\\\/inicio\\\/\",\"logo\":{\"@type\":\"ImageObject\",\"inLanguage\":\"es\",\"@id\":\"https:\\\/\\\/diariotextual.com\\\/inicio\\\/#\\\/schema\\\/logo\\\/image\\\/\",\"url\":\"https:\\\/\\\/diariotextual.com\\\/inicio\\\/wp-content\\\/uploads\\\/2023\\\/05\\\/logotextual1.jpg\",\"contentUrl\":\"https:\\\/\\\/diariotextual.com\\\/inicio\\\/wp-content\\\/uploads\\\/2023\\\/05\\\/logotextual1.jpg\",\"width\":516,\"height\":76,\"caption\":\"Diario Textual\"},\"image\":{\"@id\":\"https:\\\/\\\/diariotextual.com\\\/inicio\\\/#\\\/schema\\\/logo\\\/image\\\/\"},\"sameAs\":[\"https:\\\/\\\/www.facebook.com\\\/eltextual\",\"https:\\\/\\\/x.com\\\/eltextual\",\"http:\\\/\\\/www.instagram.com\\\/eltextual\"]},{\"@type\":\"Person\",\"@id\":\"https:\\\/\\\/diariotextual.com\\\/inicio\\\/#\\\/schema\\\/person\\\/a1b6f563e0ee944c60f98119389a4d9f\",\"name\":\"diario3\",\"image\":{\"@type\":\"ImageObject\",\"inLanguage\":\"es\",\"@id\":\"https:\\\/\\\/secure.gravatar.com\\\/avatar\\\/5e7ee62c82fc04d9dd79d746a390d93c69c43223e5faeeb3ea9461ef752bfc5d?s=96&d=mm&r=g\",\"url\":\"https:\\\/\\\/secure.gravatar.com\\\/avatar\\\/5e7ee62c82fc04d9dd79d746a390d93c69c43223e5faeeb3ea9461ef752bfc5d?s=96&d=mm&r=g\",\"contentUrl\":\"https:\\\/\\\/secure.gravatar.com\\\/avatar\\\/5e7ee62c82fc04d9dd79d746a390d93c69c43223e5faeeb3ea9461ef752bfc5d?s=96&d=mm&r=g\",\"caption\":\"diario3\"},\"url\":\"https:\\\/\\\/diariotextual.com\\\/inicio\\\/index.php\\\/author\\\/diario3\\\/\"}]}<\/script>\n<!-- \/ Yoast SEO plugin. -->","yoast_head_json":{"title":"Caso Lucio: el procurador Bongianino se apart\u00f3 del inicio del jury - Diario Textual","robots":{"index":"index","follow":"follow","max-snippet":"max-snippet:-1","max-image-preview":"max-image-preview:large","max-video-preview":"max-video-preview:-1"},"canonical":"https:\/\/diariotextual.com\/inicio\/index.php\/2023\/11\/01\/caso-lucio-el-procurador-bongianino-se-aparto-del-inicio-del-jury\/","og_locale":"es_ES","og_type":"article","og_title":"Caso Lucio: el procurador Bongianino se apart\u00f3 del inicio del jury - Diario Textual","og_description":"El Jurado de Enjuiciamiento no hizo lugar al pedido de la asesora de Ni\u00f1os, Ni\u00f1as y Adolescentes, Elisa Alejandra Cat\u00e1n, de apartar del proceso al procurador general, Mario Oscar Bongianino,&hellip;","og_url":"https:\/\/diariotextual.com\/inicio\/index.php\/2023\/11\/01\/caso-lucio-el-procurador-bongianino-se-aparto-del-inicio-del-jury\/","og_site_name":"Diario Textual","article_publisher":"https:\/\/www.facebook.com\/eltextual","article_published_time":"2023-11-01T20:44:15+00:00","article_modified_time":"2023-11-02T12:43:13+00:00","og_image":[{"width":960,"height":692,"url":"https:\/\/diariotextual.com\/inicio\/wp-content\/uploads\/2020\/09\/bongianinoprocurador.jpg","type":"image\/jpeg"}],"author":"diario3","twitter_card":"summary_large_image","twitter_creator":"@eltextual","twitter_site":"@eltextual","twitter_misc":{"Escrito por":"diario3","Tiempo de lectura":"5 minutos"},"schema":{"@context":"https:\/\/schema.org","@graph":[{"@type":"Article","@id":"https:\/\/diariotextual.com\/inicio\/index.php\/2023\/11\/01\/caso-lucio-el-procurador-bongianino-se-aparto-del-inicio-del-jury\/#article","isPartOf":{"@id":"https:\/\/diariotextual.com\/inicio\/index.php\/2023\/11\/01\/caso-lucio-el-procurador-bongianino-se-aparto-del-inicio-del-jury\/"},"author":{"name":"diario3","@id":"https:\/\/diariotextual.com\/inicio\/#\/schema\/person\/a1b6f563e0ee944c60f98119389a4d9f"},"headline":"Caso Lucio: el procurador Bongianino se apart\u00f3 del inicio del jury","datePublished":"2023-11-01T20:44:15+00:00","dateModified":"2023-11-02T12:43:13+00:00","mainEntityOfPage":{"@id":"https:\/\/diariotextual.com\/inicio\/index.php\/2023\/11\/01\/caso-lucio-el-procurador-bongianino-se-aparto-del-inicio-del-jury\/"},"wordCount":1050,"publisher":{"@id":"https:\/\/diariotextual.com\/inicio\/#organization"},"image":{"@id":"https:\/\/diariotextual.com\/inicio\/index.php\/2023\/11\/01\/caso-lucio-el-procurador-bongianino-se-aparto-del-inicio-del-jury\/#primaryimage"},"thumbnailUrl":"https:\/\/diariotextual.com\/inicio\/wp-content\/uploads\/2020\/09\/bongianinoprocurador.jpg","keywords":["caso lucio","jury de enjuiciamiento"],"articleSection":["A - ES NOTICIA (van abajo)","A - QUE PASA (al costado)","POLITICA"],"inLanguage":"es"},{"@type":"WebPage","@id":"https:\/\/diariotextual.com\/inicio\/index.php\/2023\/11\/01\/caso-lucio-el-procurador-bongianino-se-aparto-del-inicio-del-jury\/","url":"https:\/\/diariotextual.com\/inicio\/index.php\/2023\/11\/01\/caso-lucio-el-procurador-bongianino-se-aparto-del-inicio-del-jury\/","name":"Caso Lucio: el procurador Bongianino se apart\u00f3 del inicio del jury - Diario Textual","isPartOf":{"@id":"https:\/\/diariotextual.com\/inicio\/#website"},"primaryImageOfPage":{"@id":"https:\/\/diariotextual.com\/inicio\/index.php\/2023\/11\/01\/caso-lucio-el-procurador-bongianino-se-aparto-del-inicio-del-jury\/#primaryimage"},"image":{"@id":"https:\/\/diariotextual.com\/inicio\/index.php\/2023\/11\/01\/caso-lucio-el-procurador-bongianino-se-aparto-del-inicio-del-jury\/#primaryimage"},"thumbnailUrl":"https:\/\/diariotextual.com\/inicio\/wp-content\/uploads\/2020\/09\/bongianinoprocurador.jpg","datePublished":"2023-11-01T20:44:15+00:00","dateModified":"2023-11-02T12:43:13+00:00","breadcrumb":{"@id":"https:\/\/diariotextual.com\/inicio\/index.php\/2023\/11\/01\/caso-lucio-el-procurador-bongianino-se-aparto-del-inicio-del-jury\/#breadcrumb"},"inLanguage":"es","potentialAction":[{"@type":"ReadAction","target":["https:\/\/diariotextual.com\/inicio\/index.php\/2023\/11\/01\/caso-lucio-el-procurador-bongianino-se-aparto-del-inicio-del-jury\/"]}]},{"@type":"ImageObject","inLanguage":"es","@id":"https:\/\/diariotextual.com\/inicio\/index.php\/2023\/11\/01\/caso-lucio-el-procurador-bongianino-se-aparto-del-inicio-del-jury\/#primaryimage","url":"https:\/\/diariotextual.com\/inicio\/wp-content\/uploads\/2020\/09\/bongianinoprocurador.jpg","contentUrl":"https:\/\/diariotextual.com\/inicio\/wp-content\/uploads\/2020\/09\/bongianinoprocurador.jpg","width":960,"height":692},{"@type":"BreadcrumbList","@id":"https:\/\/diariotextual.com\/inicio\/index.php\/2023\/11\/01\/caso-lucio-el-procurador-bongianino-se-aparto-del-inicio-del-jury\/#breadcrumb","itemListElement":[{"@type":"ListItem","position":1,"name":"Portada","item":"https:\/\/diariotextual.com\/inicio\/"},{"@type":"ListItem","position":2,"name":"Caso Lucio: el procurador Bongianino se apart\u00f3 del inicio del jury"}]},{"@type":"WebSite","@id":"https:\/\/diariotextual.com\/inicio\/#website","url":"https:\/\/diariotextual.com\/inicio\/","name":"Diario Textual","description":"","publisher":{"@id":"https:\/\/diariotextual.com\/inicio\/#organization"},"potentialAction":[{"@type":"SearchAction","target":{"@type":"EntryPoint","urlTemplate":"https:\/\/diariotextual.com\/inicio\/?s={search_term_string}"},"query-input":{"@type":"PropertyValueSpecification","valueRequired":true,"valueName":"search_term_string"}}],"inLanguage":"es"},{"@type":"Organization","@id":"https:\/\/diariotextual.com\/inicio\/#organization","name":"Diario Textual","url":"https:\/\/diariotextual.com\/inicio\/","logo":{"@type":"ImageObject","inLanguage":"es","@id":"https:\/\/diariotextual.com\/inicio\/#\/schema\/logo\/image\/","url":"https:\/\/diariotextual.com\/inicio\/wp-content\/uploads\/2023\/05\/logotextual1.jpg","contentUrl":"https:\/\/diariotextual.com\/inicio\/wp-content\/uploads\/2023\/05\/logotextual1.jpg","width":516,"height":76,"caption":"Diario Textual"},"image":{"@id":"https:\/\/diariotextual.com\/inicio\/#\/schema\/logo\/image\/"},"sameAs":["https:\/\/www.facebook.com\/eltextual","https:\/\/x.com\/eltextual","http:\/\/www.instagram.com\/eltextual"]},{"@type":"Person","@id":"https:\/\/diariotextual.com\/inicio\/#\/schema\/person\/a1b6f563e0ee944c60f98119389a4d9f","name":"diario3","image":{"@type":"ImageObject","inLanguage":"es","@id":"https:\/\/secure.gravatar.com\/avatar\/5e7ee62c82fc04d9dd79d746a390d93c69c43223e5faeeb3ea9461ef752bfc5d?s=96&d=mm&r=g","url":"https:\/\/secure.gravatar.com\/avatar\/5e7ee62c82fc04d9dd79d746a390d93c69c43223e5faeeb3ea9461ef752bfc5d?s=96&d=mm&r=g","contentUrl":"https:\/\/secure.gravatar.com\/avatar\/5e7ee62c82fc04d9dd79d746a390d93c69c43223e5faeeb3ea9461ef752bfc5d?s=96&d=mm&r=g","caption":"diario3"},"url":"https:\/\/diariotextual.com\/inicio\/index.php\/author\/diario3\/"}]}},"_links":{"self":[{"href":"https:\/\/diariotextual.com\/inicio\/index.php\/wp-json\/wp\/v2\/posts\/242961","targetHints":{"allow":["GET"]}}],"collection":[{"href":"https:\/\/diariotextual.com\/inicio\/index.php\/wp-json\/wp\/v2\/posts"}],"about":[{"href":"https:\/\/diariotextual.com\/inicio\/index.php\/wp-json\/wp\/v2\/types\/post"}],"author":[{"embeddable":true,"href":"https:\/\/diariotextual.com\/inicio\/index.php\/wp-json\/wp\/v2\/users\/5"}],"replies":[{"embeddable":true,"href":"https:\/\/diariotextual.com\/inicio\/index.php\/wp-json\/wp\/v2\/comments?post=242961"}],"version-history":[{"count":1,"href":"https:\/\/diariotextual.com\/inicio\/index.php\/wp-json\/wp\/v2\/posts\/242961\/revisions"}],"predecessor-version":[{"id":242963,"href":"https:\/\/diariotextual.com\/inicio\/index.php\/wp-json\/wp\/v2\/posts\/242961\/revisions\/242963"}],"wp:featuredmedia":[{"embeddable":true,"href":"https:\/\/diariotextual.com\/inicio\/index.php\/wp-json\/wp\/v2\/media\/113609"}],"wp:attachment":[{"href":"https:\/\/diariotextual.com\/inicio\/index.php\/wp-json\/wp\/v2\/media?parent=242961"}],"wp:term":[{"taxonomy":"category","embeddable":true,"href":"https:\/\/diariotextual.com\/inicio\/index.php\/wp-json\/wp\/v2\/categories?post=242961"},{"taxonomy":"post_tag","embeddable":true,"href":"https:\/\/diariotextual.com\/inicio\/index.php\/wp-json\/wp\/v2\/tags?post=242961"}],"curies":[{"name":"wp","href":"https:\/\/api.w.org\/{rel}","templated":true}]}}