{"id":243082,"date":"2023-11-02T10:15:00","date_gmt":"2023-11-02T13:15:00","guid":{"rendered":"https:\/\/diariotextual.com\/inicio\/?p=243082"},"modified":"2023-11-02T20:04:52","modified_gmt":"2023-11-02T23:04:52","slug":"este-sabado-4-en-macachin-es-la-fiesta-pampeana-de-la-cerveza","status":"publish","type":"post","link":"https:\/\/diariotextual.com\/inicio\/index.php\/2023\/11\/02\/este-sabado-4-en-macachin-es-la-fiesta-pampeana-de-la-cerveza\/","title":{"rendered":"Este s\u00e1bado 4, en Macach\u00edn, es la Fiesta Pampeana de la Cerveza"},"content":{"rendered":"\n<p>La<strong> 19\u00b0 Fiesta Pampeana de la Cerveza<\/strong> se desarrollar\u00e1 en la localidad de<strong> Macach\u00edn<\/strong>. Desde las 21 horas de este s\u00e1bado 4 se desarrollar\u00e1 el evento en el<strong> Club Atl\u00e9tico Macach\u00edn<\/strong>, con la organizaci\u00f3n de la <strong>Asociaci\u00f3n Descendientes de Alemanes de La Pampa.<\/strong><\/p>\n\n\n\n<p>El anuncio de la fiesta se hizo en conferencia de prensa por la secretaria de Cultura de La Pampa, <strong>Adriana Maggio<\/strong>; la presidenta de la Asociaci\u00f3n Descendientes de Alemanes de La Pampa, <strong>Melina Weyman<\/strong>; y la presidenta de la Comisi\u00f3n del Club Macach\u00edn,<strong> Leandra Marina P\u00e9rez.<\/strong><\/p>\n\n\n\n<p>\u201cNos encontramos acompa\u00f1ados por representantes de la comunidad alemana para anunciar la 19\u00b0 Edici\u00f3n de la Fiesta Provincial de la Cerveza que se desarrollar\u00e1 en Macach\u00edn. Cada a\u00f1o la sede va cambiando de lugar, el a\u00f1o pasado se realiz\u00f3 en la localidad de Lonquimay. Queremos invitar a todas las familias para recibir de alg\u00fan modo la temporada de celebraciones populares que se desarrollar\u00e1n en La Pampa. En este caso la Fiesta de los Alemanes, que tendr\u00e1 lugar el pr\u00f3ximo s\u00e1bado 4 de noviembre a las 21, en el Club Atl\u00e9tico Macach\u00edn, con una serie de acciones vinculadas con la Asociaci\u00f3n y Cultura Alemana\u201d, dijo Maggio.<\/p>\n\n\n\n<p>En tanto, la titular de la instituci\u00f3n organizadora hizo referencia al desarrollo de las actividades previstas. \u201cContaremos con un servicio de cantina a la altura del evento, para degustar comidas alemanas y criollas. Habr\u00e1 un grupo de danzas y orquestas para que toda la familia pueda divertirse. Para los mayores de edad, tendremos a disposici\u00f3n una amplia variedad de cervezas artesanales de La Pampa. Teniendo en cuenta la comunidad vazca de Macach\u00edn, se presentar\u00e1 el grupo de danzas local\u201d, dijo.<\/p>\n\n\n\n<p>\u201cLas entradas son limitadas, aproximadamente 800 personas. Por eso siempre recomendamos que las compren anticipadamente\u201d, dijo. Tienen un costo de 2500 pesos y menores de 8 a\u00f1os no pagan.<\/p>\n\n\n\n<p>\u201cEs una fiesta familiar y esperamos que tenga la convocatoria de ediciones anteriores que siempre es muy buena\u201d, concluy\u00f3.<\/p>\n\n\n\n<p>Habr\u00e1 un desfile inaugural con vestimentas t\u00edpicas alemanas; comidas t\u00edpicas alemanas; cervezas artesanales; y el tradicional espiche del barril a cargo del Cuerpo de Espichadores Oficiales de Villa General Belgrano.<\/p>\n\n\n\n<p>Entre otros, estar\u00e1n actuando Los Herederos del Ritmo, de Alpachiri; el Grupo Tirol, de Villa General Belgrano (C\u00f3rdoba); Wir Tanzen Immer Froh, de Alpachiri; y las danzas vascas Gure Ametza, de Macach\u00edn.<\/p>\n\n\n\n<p><\/p>\n\n\n\n<p><\/p>\n","protected":false},"excerpt":{"rendered":"<p>La 19\u00b0 Fiesta Pampeana de la Cerveza se desarrollar\u00e1 en la localidad de Macach\u00edn. Desde las 21 horas de este s\u00e1bado 4 se desarrollar\u00e1 el evento en el Club Atl\u00e9tico&hellip;<\/p>\n","protected":false},"author":3,"featured_media":243084,"comment_status":"closed","ping_status":"open","sticky":false,"template":"","format":"standard","meta":{"_acf_changed":false,"footnotes":""},"categories":[1,11,2],"tags":[],"class_list":["post-243082","post","type-post","status-publish","format-standard","has-post-thumbnail","hentry","category-es-noticia","category-que-pasa","category-cultura"],"acf":[],"yoast_head":"<!-- This site is optimized with the Yoast SEO plugin v27.4 - https:\/\/yoast.com\/product\/yoast-seo-wordpress\/ -->\n<title>Este s\u00e1bado 4, en Macach\u00edn, es la Fiesta Pampeana de la Cerveza - Diario Textual<\/title>\n<meta name=\"robots\" content=\"index, follow, max-snippet:-1, max-image-preview:large, max-video-preview:-1\" \/>\n<link rel=\"canonical\" href=\"https:\/\/diariotextual.com\/inicio\/index.php\/2023\/11\/02\/este-sabado-4-en-macachin-es-la-fiesta-pampeana-de-la-cerveza\/\" \/>\n<meta property=\"og:locale\" content=\"es_ES\" \/>\n<meta property=\"og:type\" content=\"article\" \/>\n<meta property=\"og:title\" content=\"Este s\u00e1bado 4, en Macach\u00edn, es la Fiesta Pampeana de la Cerveza - Diario Textual\" \/>\n<meta property=\"og:description\" content=\"La 19\u00b0 Fiesta Pampeana de la Cerveza se desarrollar\u00e1 en la localidad de Macach\u00edn. Desde las 21 horas de este s\u00e1bado 4 se desarrollar\u00e1 el evento en el Club Atl\u00e9tico&hellip;\" \/>\n<meta property=\"og:url\" content=\"https:\/\/diariotextual.com\/inicio\/index.php\/2023\/11\/02\/este-sabado-4-en-macachin-es-la-fiesta-pampeana-de-la-cerveza\/\" \/>\n<meta property=\"og:site_name\" content=\"Diario Textual\" \/>\n<meta property=\"article:publisher\" content=\"https:\/\/www.facebook.com\/eltextual\" \/>\n<meta property=\"article:published_time\" content=\"2023-11-02T13:15:00+00:00\" \/>\n<meta property=\"article:modified_time\" content=\"2023-11-02T23:04:52+00:00\" \/>\n<meta property=\"og:image\" content=\"https:\/\/diariotextual.com\/inicio\/wp-content\/uploads\/2023\/11\/fiestadelacervezaenmacachinanuncio2023-1.jpg\" \/>\n\t<meta property=\"og:image:width\" content=\"1500\" \/>\n\t<meta property=\"og:image:height\" content=\"1000\" \/>\n\t<meta property=\"og:image:type\" content=\"image\/jpeg\" \/>\n<meta name=\"author\" content=\"Diario1 Diario1\" \/>\n<meta name=\"twitter:card\" content=\"summary_large_image\" \/>\n<meta name=\"twitter:creator\" content=\"@eltextual\" \/>\n<meta name=\"twitter:site\" content=\"@eltextual\" \/>\n<meta name=\"twitter:label1\" content=\"Escrito por\" \/>\n\t<meta name=\"twitter:data1\" content=\"Diario1 Diario1\" \/>\n\t<meta name=\"twitter:label2\" content=\"Tiempo de lectura\" \/>\n\t<meta name=\"twitter:data2\" content=\"2 minutos\" \/>\n<script type=\"application\/ld+json\" class=\"yoast-schema-graph\">{\"@context\":\"https:\\\/\\\/schema.org\",\"@graph\":[{\"@type\":\"Article\",\"@id\":\"https:\\\/\\\/diariotextual.com\\\/inicio\\\/index.php\\\/2023\\\/11\\\/02\\\/este-sabado-4-en-macachin-es-la-fiesta-pampeana-de-la-cerveza\\\/#article\",\"isPartOf\":{\"@id\":\"https:\\\/\\\/diariotextual.com\\\/inicio\\\/index.php\\\/2023\\\/11\\\/02\\\/este-sabado-4-en-macachin-es-la-fiesta-pampeana-de-la-cerveza\\\/\"},\"author\":{\"name\":\"Diario1 Diario1\",\"@id\":\"https:\\\/\\\/diariotextual.com\\\/inicio\\\/#\\\/schema\\\/person\\\/418fc4093c33e86ed41562db3508f958\"},\"headline\":\"Este s\u00e1bado 4, en Macach\u00edn, es la Fiesta Pampeana de la Cerveza\",\"datePublished\":\"2023-11-02T13:15:00+00:00\",\"dateModified\":\"2023-11-02T23:04:52+00:00\",\"mainEntityOfPage\":{\"@id\":\"https:\\\/\\\/diariotextual.com\\\/inicio\\\/index.php\\\/2023\\\/11\\\/02\\\/este-sabado-4-en-macachin-es-la-fiesta-pampeana-de-la-cerveza\\\/\"},\"wordCount\":419,\"publisher\":{\"@id\":\"https:\\\/\\\/diariotextual.com\\\/inicio\\\/#organization\"},\"image\":{\"@id\":\"https:\\\/\\\/diariotextual.com\\\/inicio\\\/index.php\\\/2023\\\/11\\\/02\\\/este-sabado-4-en-macachin-es-la-fiesta-pampeana-de-la-cerveza\\\/#primaryimage\"},\"thumbnailUrl\":\"https:\\\/\\\/diariotextual.com\\\/inicio\\\/wp-content\\\/uploads\\\/2023\\\/11\\\/fiestadelacervezaenmacachinanuncio2023-1.jpg\",\"articleSection\":[\"A - ES NOTICIA (van abajo)\",\"A - QUE PASA (al costado)\",\"CULTURA\"],\"inLanguage\":\"es\"},{\"@type\":\"WebPage\",\"@id\":\"https:\\\/\\\/diariotextual.com\\\/inicio\\\/index.php\\\/2023\\\/11\\\/02\\\/este-sabado-4-en-macachin-es-la-fiesta-pampeana-de-la-cerveza\\\/\",\"url\":\"https:\\\/\\\/diariotextual.com\\\/inicio\\\/index.php\\\/2023\\\/11\\\/02\\\/este-sabado-4-en-macachin-es-la-fiesta-pampeana-de-la-cerveza\\\/\",\"name\":\"Este s\u00e1bado 4, en Macach\u00edn, es la Fiesta Pampeana de la Cerveza - Diario Textual\",\"isPartOf\":{\"@id\":\"https:\\\/\\\/diariotextual.com\\\/inicio\\\/#website\"},\"primaryImageOfPage\":{\"@id\":\"https:\\\/\\\/diariotextual.com\\\/inicio\\\/index.php\\\/2023\\\/11\\\/02\\\/este-sabado-4-en-macachin-es-la-fiesta-pampeana-de-la-cerveza\\\/#primaryimage\"},\"image\":{\"@id\":\"https:\\\/\\\/diariotextual.com\\\/inicio\\\/index.php\\\/2023\\\/11\\\/02\\\/este-sabado-4-en-macachin-es-la-fiesta-pampeana-de-la-cerveza\\\/#primaryimage\"},\"thumbnailUrl\":\"https:\\\/\\\/diariotextual.com\\\/inicio\\\/wp-content\\\/uploads\\\/2023\\\/11\\\/fiestadelacervezaenmacachinanuncio2023-1.jpg\",\"datePublished\":\"2023-11-02T13:15:00+00:00\",\"dateModified\":\"2023-11-02T23:04:52+00:00\",\"breadcrumb\":{\"@id\":\"https:\\\/\\\/diariotextual.com\\\/inicio\\\/index.php\\\/2023\\\/11\\\/02\\\/este-sabado-4-en-macachin-es-la-fiesta-pampeana-de-la-cerveza\\\/#breadcrumb\"},\"inLanguage\":\"es\",\"potentialAction\":[{\"@type\":\"ReadAction\",\"target\":[\"https:\\\/\\\/diariotextual.com\\\/inicio\\\/index.php\\\/2023\\\/11\\\/02\\\/este-sabado-4-en-macachin-es-la-fiesta-pampeana-de-la-cerveza\\\/\"]}]},{\"@type\":\"ImageObject\",\"inLanguage\":\"es\",\"@id\":\"https:\\\/\\\/diariotextual.com\\\/inicio\\\/index.php\\\/2023\\\/11\\\/02\\\/este-sabado-4-en-macachin-es-la-fiesta-pampeana-de-la-cerveza\\\/#primaryimage\",\"url\":\"https:\\\/\\\/diariotextual.com\\\/inicio\\\/wp-content\\\/uploads\\\/2023\\\/11\\\/fiestadelacervezaenmacachinanuncio2023-1.jpg\",\"contentUrl\":\"https:\\\/\\\/diariotextual.com\\\/inicio\\\/wp-content\\\/uploads\\\/2023\\\/11\\\/fiestadelacervezaenmacachinanuncio2023-1.jpg\",\"width\":1500,\"height\":1000},{\"@type\":\"BreadcrumbList\",\"@id\":\"https:\\\/\\\/diariotextual.com\\\/inicio\\\/index.php\\\/2023\\\/11\\\/02\\\/este-sabado-4-en-macachin-es-la-fiesta-pampeana-de-la-cerveza\\\/#breadcrumb\",\"itemListElement\":[{\"@type\":\"ListItem\",\"position\":1,\"name\":\"Portada\",\"item\":\"https:\\\/\\\/diariotextual.com\\\/inicio\\\/\"},{\"@type\":\"ListItem\",\"position\":2,\"name\":\"Este s\u00e1bado 4, en Macach\u00edn, es la Fiesta Pampeana de la Cerveza\"}]},{\"@type\":\"WebSite\",\"@id\":\"https:\\\/\\\/diariotextual.com\\\/inicio\\\/#website\",\"url\":\"https:\\\/\\\/diariotextual.com\\\/inicio\\\/\",\"name\":\"Diario Textual\",\"description\":\"\",\"publisher\":{\"@id\":\"https:\\\/\\\/diariotextual.com\\\/inicio\\\/#organization\"},\"potentialAction\":[{\"@type\":\"SearchAction\",\"target\":{\"@type\":\"EntryPoint\",\"urlTemplate\":\"https:\\\/\\\/diariotextual.com\\\/inicio\\\/?s={search_term_string}\"},\"query-input\":{\"@type\":\"PropertyValueSpecification\",\"valueRequired\":true,\"valueName\":\"search_term_string\"}}],\"inLanguage\":\"es\"},{\"@type\":\"Organization\",\"@id\":\"https:\\\/\\\/diariotextual.com\\\/inicio\\\/#organization\",\"name\":\"Diario Textual\",\"url\":\"https:\\\/\\\/diariotextual.com\\\/inicio\\\/\",\"logo\":{\"@type\":\"ImageObject\",\"inLanguage\":\"es\",\"@id\":\"https:\\\/\\\/diariotextual.com\\\/inicio\\\/#\\\/schema\\\/logo\\\/image\\\/\",\"url\":\"https:\\\/\\\/diariotextual.com\\\/inicio\\\/wp-content\\\/uploads\\\/2023\\\/05\\\/logotextual1.jpg\",\"contentUrl\":\"https:\\\/\\\/diariotextual.com\\\/inicio\\\/wp-content\\\/uploads\\\/2023\\\/05\\\/logotextual1.jpg\",\"width\":516,\"height\":76,\"caption\":\"Diario Textual\"},\"image\":{\"@id\":\"https:\\\/\\\/diariotextual.com\\\/inicio\\\/#\\\/schema\\\/logo\\\/image\\\/\"},\"sameAs\":[\"https:\\\/\\\/www.facebook.com\\\/eltextual\",\"https:\\\/\\\/x.com\\\/eltextual\",\"http:\\\/\\\/www.instagram.com\\\/eltextual\"]},{\"@type\":\"Person\",\"@id\":\"https:\\\/\\\/diariotextual.com\\\/inicio\\\/#\\\/schema\\\/person\\\/418fc4093c33e86ed41562db3508f958\",\"name\":\"Diario1 Diario1\",\"image\":{\"@type\":\"ImageObject\",\"inLanguage\":\"es\",\"@id\":\"https:\\\/\\\/secure.gravatar.com\\\/avatar\\\/9167d280179c85bc18be67aa7eda765854300033af4896dd779b608640f2ef7a?s=96&d=mm&r=g\",\"url\":\"https:\\\/\\\/secure.gravatar.com\\\/avatar\\\/9167d280179c85bc18be67aa7eda765854300033af4896dd779b608640f2ef7a?s=96&d=mm&r=g\",\"contentUrl\":\"https:\\\/\\\/secure.gravatar.com\\\/avatar\\\/9167d280179c85bc18be67aa7eda765854300033af4896dd779b608640f2ef7a?s=96&d=mm&r=g\",\"caption\":\"Diario1 Diario1\"},\"url\":\"https:\\\/\\\/diariotextual.com\\\/inicio\\\/index.php\\\/author\\\/diario1\\\/\"}]}<\/script>\n<!-- \/ Yoast SEO plugin. -->","yoast_head_json":{"title":"Este s\u00e1bado 4, en Macach\u00edn, es la Fiesta Pampeana de la Cerveza - Diario Textual","robots":{"index":"index","follow":"follow","max-snippet":"max-snippet:-1","max-image-preview":"max-image-preview:large","max-video-preview":"max-video-preview:-1"},"canonical":"https:\/\/diariotextual.com\/inicio\/index.php\/2023\/11\/02\/este-sabado-4-en-macachin-es-la-fiesta-pampeana-de-la-cerveza\/","og_locale":"es_ES","og_type":"article","og_title":"Este s\u00e1bado 4, en Macach\u00edn, es la Fiesta Pampeana de la Cerveza - Diario Textual","og_description":"La 19\u00b0 Fiesta Pampeana de la Cerveza se desarrollar\u00e1 en la localidad de Macach\u00edn. Desde las 21 horas de este s\u00e1bado 4 se desarrollar\u00e1 el evento en el Club Atl\u00e9tico&hellip;","og_url":"https:\/\/diariotextual.com\/inicio\/index.php\/2023\/11\/02\/este-sabado-4-en-macachin-es-la-fiesta-pampeana-de-la-cerveza\/","og_site_name":"Diario Textual","article_publisher":"https:\/\/www.facebook.com\/eltextual","article_published_time":"2023-11-02T13:15:00+00:00","article_modified_time":"2023-11-02T23:04:52+00:00","og_image":[{"width":1500,"height":1000,"url":"https:\/\/diariotextual.com\/inicio\/wp-content\/uploads\/2023\/11\/fiestadelacervezaenmacachinanuncio2023-1.jpg","type":"image\/jpeg"}],"author":"Diario1 Diario1","twitter_card":"summary_large_image","twitter_creator":"@eltextual","twitter_site":"@eltextual","twitter_misc":{"Escrito por":"Diario1 Diario1","Tiempo de lectura":"2 minutos"},"schema":{"@context":"https:\/\/schema.org","@graph":[{"@type":"Article","@id":"https:\/\/diariotextual.com\/inicio\/index.php\/2023\/11\/02\/este-sabado-4-en-macachin-es-la-fiesta-pampeana-de-la-cerveza\/#article","isPartOf":{"@id":"https:\/\/diariotextual.com\/inicio\/index.php\/2023\/11\/02\/este-sabado-4-en-macachin-es-la-fiesta-pampeana-de-la-cerveza\/"},"author":{"name":"Diario1 Diario1","@id":"https:\/\/diariotextual.com\/inicio\/#\/schema\/person\/418fc4093c33e86ed41562db3508f958"},"headline":"Este s\u00e1bado 4, en Macach\u00edn, es la Fiesta Pampeana de la Cerveza","datePublished":"2023-11-02T13:15:00+00:00","dateModified":"2023-11-02T23:04:52+00:00","mainEntityOfPage":{"@id":"https:\/\/diariotextual.com\/inicio\/index.php\/2023\/11\/02\/este-sabado-4-en-macachin-es-la-fiesta-pampeana-de-la-cerveza\/"},"wordCount":419,"publisher":{"@id":"https:\/\/diariotextual.com\/inicio\/#organization"},"image":{"@id":"https:\/\/diariotextual.com\/inicio\/index.php\/2023\/11\/02\/este-sabado-4-en-macachin-es-la-fiesta-pampeana-de-la-cerveza\/#primaryimage"},"thumbnailUrl":"https:\/\/diariotextual.com\/inicio\/wp-content\/uploads\/2023\/11\/fiestadelacervezaenmacachinanuncio2023-1.jpg","articleSection":["A - ES NOTICIA (van abajo)","A - QUE PASA (al costado)","CULTURA"],"inLanguage":"es"},{"@type":"WebPage","@id":"https:\/\/diariotextual.com\/inicio\/index.php\/2023\/11\/02\/este-sabado-4-en-macachin-es-la-fiesta-pampeana-de-la-cerveza\/","url":"https:\/\/diariotextual.com\/inicio\/index.php\/2023\/11\/02\/este-sabado-4-en-macachin-es-la-fiesta-pampeana-de-la-cerveza\/","name":"Este s\u00e1bado 4, en Macach\u00edn, es la Fiesta Pampeana de la Cerveza - Diario Textual","isPartOf":{"@id":"https:\/\/diariotextual.com\/inicio\/#website"},"primaryImageOfPage":{"@id":"https:\/\/diariotextual.com\/inicio\/index.php\/2023\/11\/02\/este-sabado-4-en-macachin-es-la-fiesta-pampeana-de-la-cerveza\/#primaryimage"},"image":{"@id":"https:\/\/diariotextual.com\/inicio\/index.php\/2023\/11\/02\/este-sabado-4-en-macachin-es-la-fiesta-pampeana-de-la-cerveza\/#primaryimage"},"thumbnailUrl":"https:\/\/diariotextual.com\/inicio\/wp-content\/uploads\/2023\/11\/fiestadelacervezaenmacachinanuncio2023-1.jpg","datePublished":"2023-11-02T13:15:00+00:00","dateModified":"2023-11-02T23:04:52+00:00","breadcrumb":{"@id":"https:\/\/diariotextual.com\/inicio\/index.php\/2023\/11\/02\/este-sabado-4-en-macachin-es-la-fiesta-pampeana-de-la-cerveza\/#breadcrumb"},"inLanguage":"es","potentialAction":[{"@type":"ReadAction","target":["https:\/\/diariotextual.com\/inicio\/index.php\/2023\/11\/02\/este-sabado-4-en-macachin-es-la-fiesta-pampeana-de-la-cerveza\/"]}]},{"@type":"ImageObject","inLanguage":"es","@id":"https:\/\/diariotextual.com\/inicio\/index.php\/2023\/11\/02\/este-sabado-4-en-macachin-es-la-fiesta-pampeana-de-la-cerveza\/#primaryimage","url":"https:\/\/diariotextual.com\/inicio\/wp-content\/uploads\/2023\/11\/fiestadelacervezaenmacachinanuncio2023-1.jpg","contentUrl":"https:\/\/diariotextual.com\/inicio\/wp-content\/uploads\/2023\/11\/fiestadelacervezaenmacachinanuncio2023-1.jpg","width":1500,"height":1000},{"@type":"BreadcrumbList","@id":"https:\/\/diariotextual.com\/inicio\/index.php\/2023\/11\/02\/este-sabado-4-en-macachin-es-la-fiesta-pampeana-de-la-cerveza\/#breadcrumb","itemListElement":[{"@type":"ListItem","position":1,"name":"Portada","item":"https:\/\/diariotextual.com\/inicio\/"},{"@type":"ListItem","position":2,"name":"Este s\u00e1bado 4, en Macach\u00edn, es la Fiesta Pampeana de la Cerveza"}]},{"@type":"WebSite","@id":"https:\/\/diariotextual.com\/inicio\/#website","url":"https:\/\/diariotextual.com\/inicio\/","name":"Diario Textual","description":"","publisher":{"@id":"https:\/\/diariotextual.com\/inicio\/#organization"},"potentialAction":[{"@type":"SearchAction","target":{"@type":"EntryPoint","urlTemplate":"https:\/\/diariotextual.com\/inicio\/?s={search_term_string}"},"query-input":{"@type":"PropertyValueSpecification","valueRequired":true,"valueName":"search_term_string"}}],"inLanguage":"es"},{"@type":"Organization","@id":"https:\/\/diariotextual.com\/inicio\/#organization","name":"Diario Textual","url":"https:\/\/diariotextual.com\/inicio\/","logo":{"@type":"ImageObject","inLanguage":"es","@id":"https:\/\/diariotextual.com\/inicio\/#\/schema\/logo\/image\/","url":"https:\/\/diariotextual.com\/inicio\/wp-content\/uploads\/2023\/05\/logotextual1.jpg","contentUrl":"https:\/\/diariotextual.com\/inicio\/wp-content\/uploads\/2023\/05\/logotextual1.jpg","width":516,"height":76,"caption":"Diario Textual"},"image":{"@id":"https:\/\/diariotextual.com\/inicio\/#\/schema\/logo\/image\/"},"sameAs":["https:\/\/www.facebook.com\/eltextual","https:\/\/x.com\/eltextual","http:\/\/www.instagram.com\/eltextual"]},{"@type":"Person","@id":"https:\/\/diariotextual.com\/inicio\/#\/schema\/person\/418fc4093c33e86ed41562db3508f958","name":"Diario1 Diario1","image":{"@type":"ImageObject","inLanguage":"es","@id":"https:\/\/secure.gravatar.com\/avatar\/9167d280179c85bc18be67aa7eda765854300033af4896dd779b608640f2ef7a?s=96&d=mm&r=g","url":"https:\/\/secure.gravatar.com\/avatar\/9167d280179c85bc18be67aa7eda765854300033af4896dd779b608640f2ef7a?s=96&d=mm&r=g","contentUrl":"https:\/\/secure.gravatar.com\/avatar\/9167d280179c85bc18be67aa7eda765854300033af4896dd779b608640f2ef7a?s=96&d=mm&r=g","caption":"Diario1 Diario1"},"url":"https:\/\/diariotextual.com\/inicio\/index.php\/author\/diario1\/"}]}},"_links":{"self":[{"href":"https:\/\/diariotextual.com\/inicio\/index.php\/wp-json\/wp\/v2\/posts\/243082","targetHints":{"allow":["GET"]}}],"collection":[{"href":"https:\/\/diariotextual.com\/inicio\/index.php\/wp-json\/wp\/v2\/posts"}],"about":[{"href":"https:\/\/diariotextual.com\/inicio\/index.php\/wp-json\/wp\/v2\/types\/post"}],"author":[{"embeddable":true,"href":"https:\/\/diariotextual.com\/inicio\/index.php\/wp-json\/wp\/v2\/users\/3"}],"replies":[{"embeddable":true,"href":"https:\/\/diariotextual.com\/inicio\/index.php\/wp-json\/wp\/v2\/comments?post=243082"}],"version-history":[{"count":2,"href":"https:\/\/diariotextual.com\/inicio\/index.php\/wp-json\/wp\/v2\/posts\/243082\/revisions"}],"predecessor-version":[{"id":243085,"href":"https:\/\/diariotextual.com\/inicio\/index.php\/wp-json\/wp\/v2\/posts\/243082\/revisions\/243085"}],"wp:featuredmedia":[{"embeddable":true,"href":"https:\/\/diariotextual.com\/inicio\/index.php\/wp-json\/wp\/v2\/media\/243084"}],"wp:attachment":[{"href":"https:\/\/diariotextual.com\/inicio\/index.php\/wp-json\/wp\/v2\/media?parent=243082"}],"wp:term":[{"taxonomy":"category","embeddable":true,"href":"https:\/\/diariotextual.com\/inicio\/index.php\/wp-json\/wp\/v2\/categories?post=243082"},{"taxonomy":"post_tag","embeddable":true,"href":"https:\/\/diariotextual.com\/inicio\/index.php\/wp-json\/wp\/v2\/tags?post=243082"}],"curies":[{"name":"wp","href":"https:\/\/api.w.org\/{rel}","templated":true}]}}