{"id":243136,"date":"2023-11-02T20:16:48","date_gmt":"2023-11-02T23:16:48","guid":{"rendered":"https:\/\/diariotextual.com\/inicio\/?p=243136"},"modified":"2023-11-03T15:40:07","modified_gmt":"2023-11-03T18:40:07","slug":"massa-anuncio-que-buscara-darles-una-jubilacion-digna-a-las-victimas-del-sistema-afjp","status":"publish","type":"post","link":"https:\/\/diariotextual.com\/inicio\/index.php\/2023\/11\/02\/massa-anuncio-que-buscara-darles-una-jubilacion-digna-a-las-victimas-del-sistema-afjp\/","title":{"rendered":"Massa anunci\u00f3 que buscar\u00e1 darles \u201cuna jubilaci\u00f3n digna\u201d a las \u201cv\u00edctimas del sistema AFJP\u201d"},"content":{"rendered":"\n<p>El ministro de Econom\u00eda y candidato presidencial de Uni\u00f3n por la Patria (UxP), Sergio Massa, afirm\u00f3 que si es electo Presidente, los \u00abjubilados y pensionados\u00bb van a ser parte de sus \u00abprioridades\u00bb y anunci\u00f3 que junto a la titular de Anses, Fernanda Raverta, est\u00e1n \u00abbuscando una soluci\u00f3n\u00bb para <strong>\u00abir a buscar a los 20 mil jubilados argentinos que cayeron v\u00edctimas del sistema de AFJP\u00bb para \u00abdarles el derecho a una jubilaci\u00f3n digna como merecen\u00bb.<\/strong><\/p>\n\n\n\n<p>\u00abSi me dan la responsabilidad de gobernar, no quiero que tengan ninguna duda de que jubilados y pensionados van a ser parte de mis prioridades\u00bb, dijo Massa en un seminario con jubilados en Mar del Plata, acompa\u00f1ado por Raverta.<\/p>\n\n\n\n<p>En ese sentido, marc\u00f3: \u00ab<strong>Estamos aquellos que el 19 de noviembre vamos a defender a nuestros jubilados <\/strong>y aquellos que, como los miran como un costo de Argentina y lo plantean como un n\u00famero en el Excel, quieren que vuelvan las AFJP. Voy a pelear para que Argentina siga teniendo una seguridad social fuerte\u00bb.<\/p>\n\n\n\n<p>\u00ab<strong>Todav\u00eda hoy tenemos casi 20 mil jubilados por las AFJP que cobran menos de 20 mil pesos. Es el modelo en el que creen (en La Libertad Avanza), es el modelo de ajuste y recorte de derechos<\/strong> para hacer cerrar las cuentas sin importar qui\u00e9n cae en el camino\u00bb, apunt\u00f3 el candidato y se diferenci\u00f3 de su contrincante en el balotaje, el libertario Javier Milei.<\/p>\n\n\n\n<p>Al respecto, el ministro se\u00f1al\u00f3 que junto a Raverta est\u00e1n trabajando \u00aben una soluci\u00f3n para ir a buscar desde Anses a los 20 mil argentinos que cayeron v\u00edctimas del sistema de AFJP en su jubilaci\u00f3n\u00bb para <strong>\u00abpasarlos al sistema de Anses y darles el derecho a una jubilaci\u00f3n digna como merecen\u00bb.<\/strong><\/p>\n\n\n\n<p>Massa llam\u00f3 a \u00abdefender el sistema de jubilaci\u00f3n solidario y la posibilidad de tener entre generaciones un pacto\u00bb.<\/p>\n\n\n\n<p>\u00abSomos diferentes, yo creo que cada vez que haya un abuelo que necesite de la protecci\u00f3n de la seguridad social en Argentina tenemos que ir a abrazarlo. Y otros plantean que cada uno resuelva como pueda y eso termina con abuelos que dependan de sus hijos y nietos, o peor a\u00fan, que tengan que vender anticipadamente su casa porque (otros sectores) est\u00e1n pensando en el mercado inmobiliario\u00bb, agreg\u00f3 al diferenciarse nuevamente de las propuestas opositoras.<\/p>\n","protected":false},"excerpt":{"rendered":"<p>El ministro de Econom\u00eda y candidato presidencial de Uni\u00f3n por la Patria (UxP), Sergio Massa, afirm\u00f3 que si es electo Presidente, los \u00abjubilados y pensionados\u00bb van a ser parte de&hellip;<\/p>\n","protected":false},"author":5,"featured_media":187076,"comment_status":"closed","ping_status":"open","sticky":false,"template":"","format":"standard","meta":{"_acf_changed":false,"footnotes":""},"categories":[11,8],"tags":[874,1092,416],"class_list":["post-243136","post","type-post","status-publish","format-standard","has-post-thumbnail","hentry","category-que-pasa","category-politica","tag-anses","tag-jubilados","tag-massa"],"acf":[],"yoast_head":"<!-- This site is optimized with the Yoast SEO plugin v27.4 - https:\/\/yoast.com\/product\/yoast-seo-wordpress\/ -->\n<title>Massa anunci\u00f3 que buscar\u00e1 darles \u201cuna jubilaci\u00f3n digna\u201d a las \u201cv\u00edctimas del sistema AFJP\u201d - Diario Textual<\/title>\n<meta name=\"robots\" content=\"index, follow, max-snippet:-1, max-image-preview:large, max-video-preview:-1\" \/>\n<link rel=\"canonical\" href=\"https:\/\/diariotextual.com\/inicio\/index.php\/2023\/11\/02\/massa-anuncio-que-buscara-darles-una-jubilacion-digna-a-las-victimas-del-sistema-afjp\/\" \/>\n<meta property=\"og:locale\" content=\"es_ES\" \/>\n<meta property=\"og:type\" content=\"article\" \/>\n<meta property=\"og:title\" content=\"Massa anunci\u00f3 que buscar\u00e1 darles \u201cuna jubilaci\u00f3n digna\u201d a las \u201cv\u00edctimas del sistema AFJP\u201d - Diario Textual\" \/>\n<meta property=\"og:description\" content=\"El ministro de Econom\u00eda y candidato presidencial de Uni\u00f3n por la Patria (UxP), Sergio Massa, afirm\u00f3 que si es electo Presidente, los \u00abjubilados y pensionados\u00bb van a ser parte de&hellip;\" \/>\n<meta property=\"og:url\" content=\"https:\/\/diariotextual.com\/inicio\/index.php\/2023\/11\/02\/massa-anuncio-que-buscara-darles-una-jubilacion-digna-a-las-victimas-del-sistema-afjp\/\" \/>\n<meta property=\"og:site_name\" content=\"Diario Textual\" \/>\n<meta property=\"article:publisher\" content=\"https:\/\/www.facebook.com\/eltextual\" \/>\n<meta property=\"article:published_time\" content=\"2023-11-02T23:16:48+00:00\" \/>\n<meta property=\"article:modified_time\" content=\"2023-11-03T18:40:07+00:00\" \/>\n<meta property=\"og:image\" content=\"https:\/\/diariotextual.com\/inicio\/wp-content\/uploads\/2022\/04\/jubiladostelam009845.jpg\" \/>\n\t<meta property=\"og:image:width\" content=\"900\" \/>\n\t<meta property=\"og:image:height\" content=\"506\" \/>\n\t<meta property=\"og:image:type\" content=\"image\/jpeg\" \/>\n<meta name=\"author\" content=\"diario3\" \/>\n<meta name=\"twitter:card\" content=\"summary_large_image\" \/>\n<meta name=\"twitter:creator\" content=\"@eltextual\" \/>\n<meta name=\"twitter:site\" content=\"@eltextual\" \/>\n<meta name=\"twitter:label1\" content=\"Escrito por\" \/>\n\t<meta name=\"twitter:data1\" content=\"diario3\" \/>\n\t<meta name=\"twitter:label2\" content=\"Tiempo de lectura\" \/>\n\t<meta name=\"twitter:data2\" content=\"2 minutos\" \/>\n<script type=\"application\/ld+json\" class=\"yoast-schema-graph\">{\"@context\":\"https:\\\/\\\/schema.org\",\"@graph\":[{\"@type\":\"Article\",\"@id\":\"https:\\\/\\\/diariotextual.com\\\/inicio\\\/index.php\\\/2023\\\/11\\\/02\\\/massa-anuncio-que-buscara-darles-una-jubilacion-digna-a-las-victimas-del-sistema-afjp\\\/#article\",\"isPartOf\":{\"@id\":\"https:\\\/\\\/diariotextual.com\\\/inicio\\\/index.php\\\/2023\\\/11\\\/02\\\/massa-anuncio-que-buscara-darles-una-jubilacion-digna-a-las-victimas-del-sistema-afjp\\\/\"},\"author\":{\"name\":\"diario3\",\"@id\":\"https:\\\/\\\/diariotextual.com\\\/inicio\\\/#\\\/schema\\\/person\\\/a1b6f563e0ee944c60f98119389a4d9f\"},\"headline\":\"Massa anunci\u00f3 que buscar\u00e1 darles \u201cuna jubilaci\u00f3n digna\u201d a las \u201cv\u00edctimas del sistema AFJP\u201d\",\"datePublished\":\"2023-11-02T23:16:48+00:00\",\"dateModified\":\"2023-11-03T18:40:07+00:00\",\"mainEntityOfPage\":{\"@id\":\"https:\\\/\\\/diariotextual.com\\\/inicio\\\/index.php\\\/2023\\\/11\\\/02\\\/massa-anuncio-que-buscara-darles-una-jubilacion-digna-a-las-victimas-del-sistema-afjp\\\/\"},\"wordCount\":407,\"publisher\":{\"@id\":\"https:\\\/\\\/diariotextual.com\\\/inicio\\\/#organization\"},\"image\":{\"@id\":\"https:\\\/\\\/diariotextual.com\\\/inicio\\\/index.php\\\/2023\\\/11\\\/02\\\/massa-anuncio-que-buscara-darles-una-jubilacion-digna-a-las-victimas-del-sistema-afjp\\\/#primaryimage\"},\"thumbnailUrl\":\"https:\\\/\\\/diariotextual.com\\\/inicio\\\/wp-content\\\/uploads\\\/2022\\\/04\\\/jubiladostelam009845.jpg\",\"keywords\":[\"anses\",\"jubilados\",\"massa\"],\"articleSection\":[\"A - QUE PASA (al costado)\",\"POLITICA\"],\"inLanguage\":\"es\"},{\"@type\":\"WebPage\",\"@id\":\"https:\\\/\\\/diariotextual.com\\\/inicio\\\/index.php\\\/2023\\\/11\\\/02\\\/massa-anuncio-que-buscara-darles-una-jubilacion-digna-a-las-victimas-del-sistema-afjp\\\/\",\"url\":\"https:\\\/\\\/diariotextual.com\\\/inicio\\\/index.php\\\/2023\\\/11\\\/02\\\/massa-anuncio-que-buscara-darles-una-jubilacion-digna-a-las-victimas-del-sistema-afjp\\\/\",\"name\":\"Massa anunci\u00f3 que buscar\u00e1 darles \u201cuna jubilaci\u00f3n digna\u201d a las \u201cv\u00edctimas del sistema AFJP\u201d - Diario Textual\",\"isPartOf\":{\"@id\":\"https:\\\/\\\/diariotextual.com\\\/inicio\\\/#website\"},\"primaryImageOfPage\":{\"@id\":\"https:\\\/\\\/diariotextual.com\\\/inicio\\\/index.php\\\/2023\\\/11\\\/02\\\/massa-anuncio-que-buscara-darles-una-jubilacion-digna-a-las-victimas-del-sistema-afjp\\\/#primaryimage\"},\"image\":{\"@id\":\"https:\\\/\\\/diariotextual.com\\\/inicio\\\/index.php\\\/2023\\\/11\\\/02\\\/massa-anuncio-que-buscara-darles-una-jubilacion-digna-a-las-victimas-del-sistema-afjp\\\/#primaryimage\"},\"thumbnailUrl\":\"https:\\\/\\\/diariotextual.com\\\/inicio\\\/wp-content\\\/uploads\\\/2022\\\/04\\\/jubiladostelam009845.jpg\",\"datePublished\":\"2023-11-02T23:16:48+00:00\",\"dateModified\":\"2023-11-03T18:40:07+00:00\",\"breadcrumb\":{\"@id\":\"https:\\\/\\\/diariotextual.com\\\/inicio\\\/index.php\\\/2023\\\/11\\\/02\\\/massa-anuncio-que-buscara-darles-una-jubilacion-digna-a-las-victimas-del-sistema-afjp\\\/#breadcrumb\"},\"inLanguage\":\"es\",\"potentialAction\":[{\"@type\":\"ReadAction\",\"target\":[\"https:\\\/\\\/diariotextual.com\\\/inicio\\\/index.php\\\/2023\\\/11\\\/02\\\/massa-anuncio-que-buscara-darles-una-jubilacion-digna-a-las-victimas-del-sistema-afjp\\\/\"]}]},{\"@type\":\"ImageObject\",\"inLanguage\":\"es\",\"@id\":\"https:\\\/\\\/diariotextual.com\\\/inicio\\\/index.php\\\/2023\\\/11\\\/02\\\/massa-anuncio-que-buscara-darles-una-jubilacion-digna-a-las-victimas-del-sistema-afjp\\\/#primaryimage\",\"url\":\"https:\\\/\\\/diariotextual.com\\\/inicio\\\/wp-content\\\/uploads\\\/2022\\\/04\\\/jubiladostelam009845.jpg\",\"contentUrl\":\"https:\\\/\\\/diariotextual.com\\\/inicio\\\/wp-content\\\/uploads\\\/2022\\\/04\\\/jubiladostelam009845.jpg\",\"width\":900,\"height\":506},{\"@type\":\"BreadcrumbList\",\"@id\":\"https:\\\/\\\/diariotextual.com\\\/inicio\\\/index.php\\\/2023\\\/11\\\/02\\\/massa-anuncio-que-buscara-darles-una-jubilacion-digna-a-las-victimas-del-sistema-afjp\\\/#breadcrumb\",\"itemListElement\":[{\"@type\":\"ListItem\",\"position\":1,\"name\":\"Portada\",\"item\":\"https:\\\/\\\/diariotextual.com\\\/inicio\\\/\"},{\"@type\":\"ListItem\",\"position\":2,\"name\":\"Massa anunci\u00f3 que buscar\u00e1 darles \u201cuna jubilaci\u00f3n digna\u201d a las \u201cv\u00edctimas del sistema AFJP\u201d\"}]},{\"@type\":\"WebSite\",\"@id\":\"https:\\\/\\\/diariotextual.com\\\/inicio\\\/#website\",\"url\":\"https:\\\/\\\/diariotextual.com\\\/inicio\\\/\",\"name\":\"Diario Textual\",\"description\":\"\",\"publisher\":{\"@id\":\"https:\\\/\\\/diariotextual.com\\\/inicio\\\/#organization\"},\"potentialAction\":[{\"@type\":\"SearchAction\",\"target\":{\"@type\":\"EntryPoint\",\"urlTemplate\":\"https:\\\/\\\/diariotextual.com\\\/inicio\\\/?s={search_term_string}\"},\"query-input\":{\"@type\":\"PropertyValueSpecification\",\"valueRequired\":true,\"valueName\":\"search_term_string\"}}],\"inLanguage\":\"es\"},{\"@type\":\"Organization\",\"@id\":\"https:\\\/\\\/diariotextual.com\\\/inicio\\\/#organization\",\"name\":\"Diario Textual\",\"url\":\"https:\\\/\\\/diariotextual.com\\\/inicio\\\/\",\"logo\":{\"@type\":\"ImageObject\",\"inLanguage\":\"es\",\"@id\":\"https:\\\/\\\/diariotextual.com\\\/inicio\\\/#\\\/schema\\\/logo\\\/image\\\/\",\"url\":\"https:\\\/\\\/diariotextual.com\\\/inicio\\\/wp-content\\\/uploads\\\/2023\\\/05\\\/logotextual1.jpg\",\"contentUrl\":\"https:\\\/\\\/diariotextual.com\\\/inicio\\\/wp-content\\\/uploads\\\/2023\\\/05\\\/logotextual1.jpg\",\"width\":516,\"height\":76,\"caption\":\"Diario Textual\"},\"image\":{\"@id\":\"https:\\\/\\\/diariotextual.com\\\/inicio\\\/#\\\/schema\\\/logo\\\/image\\\/\"},\"sameAs\":[\"https:\\\/\\\/www.facebook.com\\\/eltextual\",\"https:\\\/\\\/x.com\\\/eltextual\",\"http:\\\/\\\/www.instagram.com\\\/eltextual\"]},{\"@type\":\"Person\",\"@id\":\"https:\\\/\\\/diariotextual.com\\\/inicio\\\/#\\\/schema\\\/person\\\/a1b6f563e0ee944c60f98119389a4d9f\",\"name\":\"diario3\",\"image\":{\"@type\":\"ImageObject\",\"inLanguage\":\"es\",\"@id\":\"https:\\\/\\\/secure.gravatar.com\\\/avatar\\\/5e7ee62c82fc04d9dd79d746a390d93c69c43223e5faeeb3ea9461ef752bfc5d?s=96&d=mm&r=g\",\"url\":\"https:\\\/\\\/secure.gravatar.com\\\/avatar\\\/5e7ee62c82fc04d9dd79d746a390d93c69c43223e5faeeb3ea9461ef752bfc5d?s=96&d=mm&r=g\",\"contentUrl\":\"https:\\\/\\\/secure.gravatar.com\\\/avatar\\\/5e7ee62c82fc04d9dd79d746a390d93c69c43223e5faeeb3ea9461ef752bfc5d?s=96&d=mm&r=g\",\"caption\":\"diario3\"},\"url\":\"https:\\\/\\\/diariotextual.com\\\/inicio\\\/index.php\\\/author\\\/diario3\\\/\"}]}<\/script>\n<!-- \/ Yoast SEO plugin. -->","yoast_head_json":{"title":"Massa anunci\u00f3 que buscar\u00e1 darles \u201cuna jubilaci\u00f3n digna\u201d a las \u201cv\u00edctimas del sistema AFJP\u201d - Diario Textual","robots":{"index":"index","follow":"follow","max-snippet":"max-snippet:-1","max-image-preview":"max-image-preview:large","max-video-preview":"max-video-preview:-1"},"canonical":"https:\/\/diariotextual.com\/inicio\/index.php\/2023\/11\/02\/massa-anuncio-que-buscara-darles-una-jubilacion-digna-a-las-victimas-del-sistema-afjp\/","og_locale":"es_ES","og_type":"article","og_title":"Massa anunci\u00f3 que buscar\u00e1 darles \u201cuna jubilaci\u00f3n digna\u201d a las \u201cv\u00edctimas del sistema AFJP\u201d - Diario Textual","og_description":"El ministro de Econom\u00eda y candidato presidencial de Uni\u00f3n por la Patria (UxP), Sergio Massa, afirm\u00f3 que si es electo Presidente, los \u00abjubilados y pensionados\u00bb van a ser parte de&hellip;","og_url":"https:\/\/diariotextual.com\/inicio\/index.php\/2023\/11\/02\/massa-anuncio-que-buscara-darles-una-jubilacion-digna-a-las-victimas-del-sistema-afjp\/","og_site_name":"Diario Textual","article_publisher":"https:\/\/www.facebook.com\/eltextual","article_published_time":"2023-11-02T23:16:48+00:00","article_modified_time":"2023-11-03T18:40:07+00:00","og_image":[{"width":900,"height":506,"url":"https:\/\/diariotextual.com\/inicio\/wp-content\/uploads\/2022\/04\/jubiladostelam009845.jpg","type":"image\/jpeg"}],"author":"diario3","twitter_card":"summary_large_image","twitter_creator":"@eltextual","twitter_site":"@eltextual","twitter_misc":{"Escrito por":"diario3","Tiempo de lectura":"2 minutos"},"schema":{"@context":"https:\/\/schema.org","@graph":[{"@type":"Article","@id":"https:\/\/diariotextual.com\/inicio\/index.php\/2023\/11\/02\/massa-anuncio-que-buscara-darles-una-jubilacion-digna-a-las-victimas-del-sistema-afjp\/#article","isPartOf":{"@id":"https:\/\/diariotextual.com\/inicio\/index.php\/2023\/11\/02\/massa-anuncio-que-buscara-darles-una-jubilacion-digna-a-las-victimas-del-sistema-afjp\/"},"author":{"name":"diario3","@id":"https:\/\/diariotextual.com\/inicio\/#\/schema\/person\/a1b6f563e0ee944c60f98119389a4d9f"},"headline":"Massa anunci\u00f3 que buscar\u00e1 darles \u201cuna jubilaci\u00f3n digna\u201d a las \u201cv\u00edctimas del sistema AFJP\u201d","datePublished":"2023-11-02T23:16:48+00:00","dateModified":"2023-11-03T18:40:07+00:00","mainEntityOfPage":{"@id":"https:\/\/diariotextual.com\/inicio\/index.php\/2023\/11\/02\/massa-anuncio-que-buscara-darles-una-jubilacion-digna-a-las-victimas-del-sistema-afjp\/"},"wordCount":407,"publisher":{"@id":"https:\/\/diariotextual.com\/inicio\/#organization"},"image":{"@id":"https:\/\/diariotextual.com\/inicio\/index.php\/2023\/11\/02\/massa-anuncio-que-buscara-darles-una-jubilacion-digna-a-las-victimas-del-sistema-afjp\/#primaryimage"},"thumbnailUrl":"https:\/\/diariotextual.com\/inicio\/wp-content\/uploads\/2022\/04\/jubiladostelam009845.jpg","keywords":["anses","jubilados","massa"],"articleSection":["A - QUE PASA (al costado)","POLITICA"],"inLanguage":"es"},{"@type":"WebPage","@id":"https:\/\/diariotextual.com\/inicio\/index.php\/2023\/11\/02\/massa-anuncio-que-buscara-darles-una-jubilacion-digna-a-las-victimas-del-sistema-afjp\/","url":"https:\/\/diariotextual.com\/inicio\/index.php\/2023\/11\/02\/massa-anuncio-que-buscara-darles-una-jubilacion-digna-a-las-victimas-del-sistema-afjp\/","name":"Massa anunci\u00f3 que buscar\u00e1 darles \u201cuna jubilaci\u00f3n digna\u201d a las \u201cv\u00edctimas del sistema AFJP\u201d - Diario Textual","isPartOf":{"@id":"https:\/\/diariotextual.com\/inicio\/#website"},"primaryImageOfPage":{"@id":"https:\/\/diariotextual.com\/inicio\/index.php\/2023\/11\/02\/massa-anuncio-que-buscara-darles-una-jubilacion-digna-a-las-victimas-del-sistema-afjp\/#primaryimage"},"image":{"@id":"https:\/\/diariotextual.com\/inicio\/index.php\/2023\/11\/02\/massa-anuncio-que-buscara-darles-una-jubilacion-digna-a-las-victimas-del-sistema-afjp\/#primaryimage"},"thumbnailUrl":"https:\/\/diariotextual.com\/inicio\/wp-content\/uploads\/2022\/04\/jubiladostelam009845.jpg","datePublished":"2023-11-02T23:16:48+00:00","dateModified":"2023-11-03T18:40:07+00:00","breadcrumb":{"@id":"https:\/\/diariotextual.com\/inicio\/index.php\/2023\/11\/02\/massa-anuncio-que-buscara-darles-una-jubilacion-digna-a-las-victimas-del-sistema-afjp\/#breadcrumb"},"inLanguage":"es","potentialAction":[{"@type":"ReadAction","target":["https:\/\/diariotextual.com\/inicio\/index.php\/2023\/11\/02\/massa-anuncio-que-buscara-darles-una-jubilacion-digna-a-las-victimas-del-sistema-afjp\/"]}]},{"@type":"ImageObject","inLanguage":"es","@id":"https:\/\/diariotextual.com\/inicio\/index.php\/2023\/11\/02\/massa-anuncio-que-buscara-darles-una-jubilacion-digna-a-las-victimas-del-sistema-afjp\/#primaryimage","url":"https:\/\/diariotextual.com\/inicio\/wp-content\/uploads\/2022\/04\/jubiladostelam009845.jpg","contentUrl":"https:\/\/diariotextual.com\/inicio\/wp-content\/uploads\/2022\/04\/jubiladostelam009845.jpg","width":900,"height":506},{"@type":"BreadcrumbList","@id":"https:\/\/diariotextual.com\/inicio\/index.php\/2023\/11\/02\/massa-anuncio-que-buscara-darles-una-jubilacion-digna-a-las-victimas-del-sistema-afjp\/#breadcrumb","itemListElement":[{"@type":"ListItem","position":1,"name":"Portada","item":"https:\/\/diariotextual.com\/inicio\/"},{"@type":"ListItem","position":2,"name":"Massa anunci\u00f3 que buscar\u00e1 darles \u201cuna jubilaci\u00f3n digna\u201d a las \u201cv\u00edctimas del sistema AFJP\u201d"}]},{"@type":"WebSite","@id":"https:\/\/diariotextual.com\/inicio\/#website","url":"https:\/\/diariotextual.com\/inicio\/","name":"Diario Textual","description":"","publisher":{"@id":"https:\/\/diariotextual.com\/inicio\/#organization"},"potentialAction":[{"@type":"SearchAction","target":{"@type":"EntryPoint","urlTemplate":"https:\/\/diariotextual.com\/inicio\/?s={search_term_string}"},"query-input":{"@type":"PropertyValueSpecification","valueRequired":true,"valueName":"search_term_string"}}],"inLanguage":"es"},{"@type":"Organization","@id":"https:\/\/diariotextual.com\/inicio\/#organization","name":"Diario Textual","url":"https:\/\/diariotextual.com\/inicio\/","logo":{"@type":"ImageObject","inLanguage":"es","@id":"https:\/\/diariotextual.com\/inicio\/#\/schema\/logo\/image\/","url":"https:\/\/diariotextual.com\/inicio\/wp-content\/uploads\/2023\/05\/logotextual1.jpg","contentUrl":"https:\/\/diariotextual.com\/inicio\/wp-content\/uploads\/2023\/05\/logotextual1.jpg","width":516,"height":76,"caption":"Diario Textual"},"image":{"@id":"https:\/\/diariotextual.com\/inicio\/#\/schema\/logo\/image\/"},"sameAs":["https:\/\/www.facebook.com\/eltextual","https:\/\/x.com\/eltextual","http:\/\/www.instagram.com\/eltextual"]},{"@type":"Person","@id":"https:\/\/diariotextual.com\/inicio\/#\/schema\/person\/a1b6f563e0ee944c60f98119389a4d9f","name":"diario3","image":{"@type":"ImageObject","inLanguage":"es","@id":"https:\/\/secure.gravatar.com\/avatar\/5e7ee62c82fc04d9dd79d746a390d93c69c43223e5faeeb3ea9461ef752bfc5d?s=96&d=mm&r=g","url":"https:\/\/secure.gravatar.com\/avatar\/5e7ee62c82fc04d9dd79d746a390d93c69c43223e5faeeb3ea9461ef752bfc5d?s=96&d=mm&r=g","contentUrl":"https:\/\/secure.gravatar.com\/avatar\/5e7ee62c82fc04d9dd79d746a390d93c69c43223e5faeeb3ea9461ef752bfc5d?s=96&d=mm&r=g","caption":"diario3"},"url":"https:\/\/diariotextual.com\/inicio\/index.php\/author\/diario3\/"}]}},"_links":{"self":[{"href":"https:\/\/diariotextual.com\/inicio\/index.php\/wp-json\/wp\/v2\/posts\/243136","targetHints":{"allow":["GET"]}}],"collection":[{"href":"https:\/\/diariotextual.com\/inicio\/index.php\/wp-json\/wp\/v2\/posts"}],"about":[{"href":"https:\/\/diariotextual.com\/inicio\/index.php\/wp-json\/wp\/v2\/types\/post"}],"author":[{"embeddable":true,"href":"https:\/\/diariotextual.com\/inicio\/index.php\/wp-json\/wp\/v2\/users\/5"}],"replies":[{"embeddable":true,"href":"https:\/\/diariotextual.com\/inicio\/index.php\/wp-json\/wp\/v2\/comments?post=243136"}],"version-history":[{"count":2,"href":"https:\/\/diariotextual.com\/inicio\/index.php\/wp-json\/wp\/v2\/posts\/243136\/revisions"}],"predecessor-version":[{"id":243139,"href":"https:\/\/diariotextual.com\/inicio\/index.php\/wp-json\/wp\/v2\/posts\/243136\/revisions\/243139"}],"wp:featuredmedia":[{"embeddable":true,"href":"https:\/\/diariotextual.com\/inicio\/index.php\/wp-json\/wp\/v2\/media\/187076"}],"wp:attachment":[{"href":"https:\/\/diariotextual.com\/inicio\/index.php\/wp-json\/wp\/v2\/media?parent=243136"}],"wp:term":[{"taxonomy":"category","embeddable":true,"href":"https:\/\/diariotextual.com\/inicio\/index.php\/wp-json\/wp\/v2\/categories?post=243136"},{"taxonomy":"post_tag","embeddable":true,"href":"https:\/\/diariotextual.com\/inicio\/index.php\/wp-json\/wp\/v2\/tags?post=243136"}],"curies":[{"name":"wp","href":"https:\/\/api.w.org\/{rel}","templated":true}]}}