{"id":243154,"date":"2023-11-03T08:10:10","date_gmt":"2023-11-03T11:10:10","guid":{"rendered":"https:\/\/diariotextual.com\/inicio\/?p=243154"},"modified":"2023-11-03T17:51:59","modified_gmt":"2023-11-03T20:51:59","slug":"valko-presenta-su-libro-fui-roca-un-bronce-herido-de-muerte","status":"publish","type":"post","link":"https:\/\/diariotextual.com\/inicio\/index.php\/2023\/11\/03\/valko-presenta-su-libro-fui-roca-un-bronce-herido-de-muerte\/","title":{"rendered":"Valko cuestion\u00f3 a concejala tiernista que se opuso a su libro sobre el general Roca sin leerlo"},"content":{"rendered":"\n<p>Este s\u00e1bado a las 19 el psic\u00f3logo y escritor <strong>Marcelo Valko<\/strong> presentar\u00e1 en Santa Rosa su libro <strong>\u201cFui Roca. Un bronce herido de muerte\u201d<\/strong>. El autor cuestion\u00f3 a una concejala santarrose\u00f1a de Comunidad Organizada que se opuso a la publicaci\u00f3n sin siquiera haberla le\u00eddo. <\/p>\n\n\n\n<p><strong>\u201cA la concejala no le gusta el libro que no ley\u00f3\u201d<\/strong>, dijo Valko.<\/p>\n\n\n\n<p>La actividad se realizar\u00e1 en la Casa del Movimiento Popular Pampeano de Derechos Humanos, en Irigoyen 469 de&nbsp;Santa Rosa.<\/p>\n\n\n\n<p>El libro, a instancias de un proyecto de la concejala Lorena Guaqu\u00edan, integrante de la comunidad Choyque Newen, fue declarado de inter\u00e9s municipal. La propuesta fue aprobada por mayor\u00eda con el rechazo de la concejala Fabiana Casti\u00f1eira (Comunidad Organizada), quien argument\u00f3 no estar de acuerdo con los datos del libro y por eso vot\u00f3 en contra. Sin embargo, aclar\u00f3 que no alcanz\u00f3 a leerlo.<\/p>\n\n\n\n<p><strong>\u201cAs\u00ed como est\u00e1 demostrado que toda percepci\u00f3n es selectiva, lo mismo ocurre con la comprensi\u00f3n, es decir:&nbsp;toda comprensi\u00f3n es selectiva, se comprende lo que a priori se desea comprender y cae en saco roto lo dem\u00e1s, lo que resulta amenazante y causa inseguridad\u201d<\/strong>, dijo Valko. <\/p>\n\n\n\n<p>Record\u00f3 que la avenida Roca, de Santa Rosa, fue&nbsp;<strong>desmonumentada<\/strong>, as\u00ed como&nbsp;el cambio de nombre de la escuela Normal, que llevaba su nombre y hoy tiene el de su primer director. <\/p>\n\n\n\n<p>\u201cEl cambio de paradigma est\u00e1 en marcha o como dir\u00eda el Quijote&nbsp;&#8216;ladran Sancho, se\u00f1al que cabalgamos&#8217;. Es lento, pero viene\u201d, afirm\u00f3 el escritor.<\/p>\n","protected":false},"excerpt":{"rendered":"<p>Este s\u00e1bado a las 19 el psic\u00f3logo y escritor Marcelo Valko presentar\u00e1 en Santa Rosa su libro \u201cFui Roca. Un bronce herido de muerte\u201d. El autor cuestion\u00f3 a una concejala&hellip;<\/p>\n","protected":false},"author":7,"featured_media":243155,"comment_status":"closed","ping_status":"open","sticky":false,"template":"","format":"standard","meta":{"_acf_changed":false,"footnotes":""},"categories":[11,2],"tags":[],"class_list":["post-243154","post","type-post","status-publish","format-standard","has-post-thumbnail","hentry","category-que-pasa","category-cultura"],"acf":[],"yoast_head":"<!-- This site is optimized with the Yoast SEO plugin v27.4 - https:\/\/yoast.com\/product\/yoast-seo-wordpress\/ -->\n<title>Valko cuestion\u00f3 a concejala tiernista que se opuso a su libro sobre el general Roca sin leerlo - Diario Textual<\/title>\n<meta name=\"robots\" content=\"index, follow, max-snippet:-1, max-image-preview:large, max-video-preview:-1\" \/>\n<link rel=\"canonical\" href=\"https:\/\/diariotextual.com\/inicio\/index.php\/2023\/11\/03\/valko-presenta-su-libro-fui-roca-un-bronce-herido-de-muerte\/\" \/>\n<meta property=\"og:locale\" content=\"es_ES\" \/>\n<meta property=\"og:type\" content=\"article\" \/>\n<meta property=\"og:title\" content=\"Valko cuestion\u00f3 a concejala tiernista que se opuso a su libro sobre el general Roca sin leerlo - Diario Textual\" \/>\n<meta property=\"og:description\" content=\"Este s\u00e1bado a las 19 el psic\u00f3logo y escritor Marcelo Valko presentar\u00e1 en Santa Rosa su libro \u201cFui Roca. Un bronce herido de muerte\u201d. El autor cuestion\u00f3 a una concejala&hellip;\" \/>\n<meta property=\"og:url\" content=\"https:\/\/diariotextual.com\/inicio\/index.php\/2023\/11\/03\/valko-presenta-su-libro-fui-roca-un-bronce-herido-de-muerte\/\" \/>\n<meta property=\"og:site_name\" content=\"Diario Textual\" \/>\n<meta property=\"article:publisher\" content=\"https:\/\/www.facebook.com\/eltextual\" \/>\n<meta property=\"article:published_time\" content=\"2023-11-03T11:10:10+00:00\" \/>\n<meta property=\"article:modified_time\" content=\"2023-11-03T20:51:59+00:00\" \/>\n<meta property=\"og:image\" content=\"https:\/\/diariotextual.com\/inicio\/wp-content\/uploads\/2023\/11\/valkomarcelo.jpg\" \/>\n\t<meta property=\"og:image:width\" content=\"1082\" \/>\n\t<meta property=\"og:image:height\" content=\"686\" \/>\n\t<meta property=\"og:image:type\" content=\"image\/jpeg\" \/>\n<meta name=\"author\" content=\"diario5\" \/>\n<meta name=\"twitter:card\" content=\"summary_large_image\" \/>\n<meta name=\"twitter:creator\" content=\"@eltextual\" \/>\n<meta name=\"twitter:site\" content=\"@eltextual\" \/>\n<meta name=\"twitter:label1\" content=\"Escrito por\" \/>\n\t<meta name=\"twitter:data1\" content=\"diario5\" \/>\n\t<meta name=\"twitter:label2\" content=\"Tiempo de lectura\" \/>\n\t<meta name=\"twitter:data2\" content=\"2 minutos\" \/>\n<script type=\"application\/ld+json\" class=\"yoast-schema-graph\">{\"@context\":\"https:\\\/\\\/schema.org\",\"@graph\":[{\"@type\":\"Article\",\"@id\":\"https:\\\/\\\/diariotextual.com\\\/inicio\\\/index.php\\\/2023\\\/11\\\/03\\\/valko-presenta-su-libro-fui-roca-un-bronce-herido-de-muerte\\\/#article\",\"isPartOf\":{\"@id\":\"https:\\\/\\\/diariotextual.com\\\/inicio\\\/index.php\\\/2023\\\/11\\\/03\\\/valko-presenta-su-libro-fui-roca-un-bronce-herido-de-muerte\\\/\"},\"author\":{\"name\":\"diario5\",\"@id\":\"https:\\\/\\\/diariotextual.com\\\/inicio\\\/#\\\/schema\\\/person\\\/c7834961ad8b29b1d9cdbf4571299067\"},\"headline\":\"Valko cuestion\u00f3 a concejala tiernista que se opuso a su libro sobre el general Roca sin leerlo\",\"datePublished\":\"2023-11-03T11:10:10+00:00\",\"dateModified\":\"2023-11-03T20:51:59+00:00\",\"mainEntityOfPage\":{\"@id\":\"https:\\\/\\\/diariotextual.com\\\/inicio\\\/index.php\\\/2023\\\/11\\\/03\\\/valko-presenta-su-libro-fui-roca-un-bronce-herido-de-muerte\\\/\"},\"wordCount\":278,\"publisher\":{\"@id\":\"https:\\\/\\\/diariotextual.com\\\/inicio\\\/#organization\"},\"image\":{\"@id\":\"https:\\\/\\\/diariotextual.com\\\/inicio\\\/index.php\\\/2023\\\/11\\\/03\\\/valko-presenta-su-libro-fui-roca-un-bronce-herido-de-muerte\\\/#primaryimage\"},\"thumbnailUrl\":\"https:\\\/\\\/diariotextual.com\\\/inicio\\\/wp-content\\\/uploads\\\/2023\\\/11\\\/valkomarcelo.jpg\",\"articleSection\":[\"A - QUE PASA (al costado)\",\"CULTURA\"],\"inLanguage\":\"es\"},{\"@type\":\"WebPage\",\"@id\":\"https:\\\/\\\/diariotextual.com\\\/inicio\\\/index.php\\\/2023\\\/11\\\/03\\\/valko-presenta-su-libro-fui-roca-un-bronce-herido-de-muerte\\\/\",\"url\":\"https:\\\/\\\/diariotextual.com\\\/inicio\\\/index.php\\\/2023\\\/11\\\/03\\\/valko-presenta-su-libro-fui-roca-un-bronce-herido-de-muerte\\\/\",\"name\":\"Valko cuestion\u00f3 a concejala tiernista que se opuso a su libro sobre el general Roca sin leerlo - Diario Textual\",\"isPartOf\":{\"@id\":\"https:\\\/\\\/diariotextual.com\\\/inicio\\\/#website\"},\"primaryImageOfPage\":{\"@id\":\"https:\\\/\\\/diariotextual.com\\\/inicio\\\/index.php\\\/2023\\\/11\\\/03\\\/valko-presenta-su-libro-fui-roca-un-bronce-herido-de-muerte\\\/#primaryimage\"},\"image\":{\"@id\":\"https:\\\/\\\/diariotextual.com\\\/inicio\\\/index.php\\\/2023\\\/11\\\/03\\\/valko-presenta-su-libro-fui-roca-un-bronce-herido-de-muerte\\\/#primaryimage\"},\"thumbnailUrl\":\"https:\\\/\\\/diariotextual.com\\\/inicio\\\/wp-content\\\/uploads\\\/2023\\\/11\\\/valkomarcelo.jpg\",\"datePublished\":\"2023-11-03T11:10:10+00:00\",\"dateModified\":\"2023-11-03T20:51:59+00:00\",\"breadcrumb\":{\"@id\":\"https:\\\/\\\/diariotextual.com\\\/inicio\\\/index.php\\\/2023\\\/11\\\/03\\\/valko-presenta-su-libro-fui-roca-un-bronce-herido-de-muerte\\\/#breadcrumb\"},\"inLanguage\":\"es\",\"potentialAction\":[{\"@type\":\"ReadAction\",\"target\":[\"https:\\\/\\\/diariotextual.com\\\/inicio\\\/index.php\\\/2023\\\/11\\\/03\\\/valko-presenta-su-libro-fui-roca-un-bronce-herido-de-muerte\\\/\"]}]},{\"@type\":\"ImageObject\",\"inLanguage\":\"es\",\"@id\":\"https:\\\/\\\/diariotextual.com\\\/inicio\\\/index.php\\\/2023\\\/11\\\/03\\\/valko-presenta-su-libro-fui-roca-un-bronce-herido-de-muerte\\\/#primaryimage\",\"url\":\"https:\\\/\\\/diariotextual.com\\\/inicio\\\/wp-content\\\/uploads\\\/2023\\\/11\\\/valkomarcelo.jpg\",\"contentUrl\":\"https:\\\/\\\/diariotextual.com\\\/inicio\\\/wp-content\\\/uploads\\\/2023\\\/11\\\/valkomarcelo.jpg\",\"width\":1082,\"height\":686},{\"@type\":\"BreadcrumbList\",\"@id\":\"https:\\\/\\\/diariotextual.com\\\/inicio\\\/index.php\\\/2023\\\/11\\\/03\\\/valko-presenta-su-libro-fui-roca-un-bronce-herido-de-muerte\\\/#breadcrumb\",\"itemListElement\":[{\"@type\":\"ListItem\",\"position\":1,\"name\":\"Portada\",\"item\":\"https:\\\/\\\/diariotextual.com\\\/inicio\\\/\"},{\"@type\":\"ListItem\",\"position\":2,\"name\":\"Valko cuestion\u00f3 a concejala tiernista que se opuso a su libro sobre el general Roca sin leerlo\"}]},{\"@type\":\"WebSite\",\"@id\":\"https:\\\/\\\/diariotextual.com\\\/inicio\\\/#website\",\"url\":\"https:\\\/\\\/diariotextual.com\\\/inicio\\\/\",\"name\":\"Diario Textual\",\"description\":\"\",\"publisher\":{\"@id\":\"https:\\\/\\\/diariotextual.com\\\/inicio\\\/#organization\"},\"potentialAction\":[{\"@type\":\"SearchAction\",\"target\":{\"@type\":\"EntryPoint\",\"urlTemplate\":\"https:\\\/\\\/diariotextual.com\\\/inicio\\\/?s={search_term_string}\"},\"query-input\":{\"@type\":\"PropertyValueSpecification\",\"valueRequired\":true,\"valueName\":\"search_term_string\"}}],\"inLanguage\":\"es\"},{\"@type\":\"Organization\",\"@id\":\"https:\\\/\\\/diariotextual.com\\\/inicio\\\/#organization\",\"name\":\"Diario Textual\",\"url\":\"https:\\\/\\\/diariotextual.com\\\/inicio\\\/\",\"logo\":{\"@type\":\"ImageObject\",\"inLanguage\":\"es\",\"@id\":\"https:\\\/\\\/diariotextual.com\\\/inicio\\\/#\\\/schema\\\/logo\\\/image\\\/\",\"url\":\"https:\\\/\\\/diariotextual.com\\\/inicio\\\/wp-content\\\/uploads\\\/2023\\\/05\\\/logotextual1.jpg\",\"contentUrl\":\"https:\\\/\\\/diariotextual.com\\\/inicio\\\/wp-content\\\/uploads\\\/2023\\\/05\\\/logotextual1.jpg\",\"width\":516,\"height\":76,\"caption\":\"Diario Textual\"},\"image\":{\"@id\":\"https:\\\/\\\/diariotextual.com\\\/inicio\\\/#\\\/schema\\\/logo\\\/image\\\/\"},\"sameAs\":[\"https:\\\/\\\/www.facebook.com\\\/eltextual\",\"https:\\\/\\\/x.com\\\/eltextual\",\"http:\\\/\\\/www.instagram.com\\\/eltextual\"]},{\"@type\":\"Person\",\"@id\":\"https:\\\/\\\/diariotextual.com\\\/inicio\\\/#\\\/schema\\\/person\\\/c7834961ad8b29b1d9cdbf4571299067\",\"name\":\"diario5\",\"image\":{\"@type\":\"ImageObject\",\"inLanguage\":\"es\",\"@id\":\"https:\\\/\\\/secure.gravatar.com\\\/avatar\\\/948c893b847ca6df68216ead81b63f363408ec9b0f600fefc0641ce78613b111?s=96&d=mm&r=g\",\"url\":\"https:\\\/\\\/secure.gravatar.com\\\/avatar\\\/948c893b847ca6df68216ead81b63f363408ec9b0f600fefc0641ce78613b111?s=96&d=mm&r=g\",\"contentUrl\":\"https:\\\/\\\/secure.gravatar.com\\\/avatar\\\/948c893b847ca6df68216ead81b63f363408ec9b0f600fefc0641ce78613b111?s=96&d=mm&r=g\",\"caption\":\"diario5\"},\"url\":\"https:\\\/\\\/diariotextual.com\\\/inicio\\\/index.php\\\/author\\\/diario5\\\/\"}]}<\/script>\n<!-- \/ Yoast SEO plugin. -->","yoast_head_json":{"title":"Valko cuestion\u00f3 a concejala tiernista que se opuso a su libro sobre el general Roca sin leerlo - Diario Textual","robots":{"index":"index","follow":"follow","max-snippet":"max-snippet:-1","max-image-preview":"max-image-preview:large","max-video-preview":"max-video-preview:-1"},"canonical":"https:\/\/diariotextual.com\/inicio\/index.php\/2023\/11\/03\/valko-presenta-su-libro-fui-roca-un-bronce-herido-de-muerte\/","og_locale":"es_ES","og_type":"article","og_title":"Valko cuestion\u00f3 a concejala tiernista que se opuso a su libro sobre el general Roca sin leerlo - Diario Textual","og_description":"Este s\u00e1bado a las 19 el psic\u00f3logo y escritor Marcelo Valko presentar\u00e1 en Santa Rosa su libro \u201cFui Roca. Un bronce herido de muerte\u201d. El autor cuestion\u00f3 a una concejala&hellip;","og_url":"https:\/\/diariotextual.com\/inicio\/index.php\/2023\/11\/03\/valko-presenta-su-libro-fui-roca-un-bronce-herido-de-muerte\/","og_site_name":"Diario Textual","article_publisher":"https:\/\/www.facebook.com\/eltextual","article_published_time":"2023-11-03T11:10:10+00:00","article_modified_time":"2023-11-03T20:51:59+00:00","og_image":[{"width":1082,"height":686,"url":"https:\/\/diariotextual.com\/inicio\/wp-content\/uploads\/2023\/11\/valkomarcelo.jpg","type":"image\/jpeg"}],"author":"diario5","twitter_card":"summary_large_image","twitter_creator":"@eltextual","twitter_site":"@eltextual","twitter_misc":{"Escrito por":"diario5","Tiempo de lectura":"2 minutos"},"schema":{"@context":"https:\/\/schema.org","@graph":[{"@type":"Article","@id":"https:\/\/diariotextual.com\/inicio\/index.php\/2023\/11\/03\/valko-presenta-su-libro-fui-roca-un-bronce-herido-de-muerte\/#article","isPartOf":{"@id":"https:\/\/diariotextual.com\/inicio\/index.php\/2023\/11\/03\/valko-presenta-su-libro-fui-roca-un-bronce-herido-de-muerte\/"},"author":{"name":"diario5","@id":"https:\/\/diariotextual.com\/inicio\/#\/schema\/person\/c7834961ad8b29b1d9cdbf4571299067"},"headline":"Valko cuestion\u00f3 a concejala tiernista que se opuso a su libro sobre el general Roca sin leerlo","datePublished":"2023-11-03T11:10:10+00:00","dateModified":"2023-11-03T20:51:59+00:00","mainEntityOfPage":{"@id":"https:\/\/diariotextual.com\/inicio\/index.php\/2023\/11\/03\/valko-presenta-su-libro-fui-roca-un-bronce-herido-de-muerte\/"},"wordCount":278,"publisher":{"@id":"https:\/\/diariotextual.com\/inicio\/#organization"},"image":{"@id":"https:\/\/diariotextual.com\/inicio\/index.php\/2023\/11\/03\/valko-presenta-su-libro-fui-roca-un-bronce-herido-de-muerte\/#primaryimage"},"thumbnailUrl":"https:\/\/diariotextual.com\/inicio\/wp-content\/uploads\/2023\/11\/valkomarcelo.jpg","articleSection":["A - QUE PASA (al costado)","CULTURA"],"inLanguage":"es"},{"@type":"WebPage","@id":"https:\/\/diariotextual.com\/inicio\/index.php\/2023\/11\/03\/valko-presenta-su-libro-fui-roca-un-bronce-herido-de-muerte\/","url":"https:\/\/diariotextual.com\/inicio\/index.php\/2023\/11\/03\/valko-presenta-su-libro-fui-roca-un-bronce-herido-de-muerte\/","name":"Valko cuestion\u00f3 a concejala tiernista que se opuso a su libro sobre el general Roca sin leerlo - Diario Textual","isPartOf":{"@id":"https:\/\/diariotextual.com\/inicio\/#website"},"primaryImageOfPage":{"@id":"https:\/\/diariotextual.com\/inicio\/index.php\/2023\/11\/03\/valko-presenta-su-libro-fui-roca-un-bronce-herido-de-muerte\/#primaryimage"},"image":{"@id":"https:\/\/diariotextual.com\/inicio\/index.php\/2023\/11\/03\/valko-presenta-su-libro-fui-roca-un-bronce-herido-de-muerte\/#primaryimage"},"thumbnailUrl":"https:\/\/diariotextual.com\/inicio\/wp-content\/uploads\/2023\/11\/valkomarcelo.jpg","datePublished":"2023-11-03T11:10:10+00:00","dateModified":"2023-11-03T20:51:59+00:00","breadcrumb":{"@id":"https:\/\/diariotextual.com\/inicio\/index.php\/2023\/11\/03\/valko-presenta-su-libro-fui-roca-un-bronce-herido-de-muerte\/#breadcrumb"},"inLanguage":"es","potentialAction":[{"@type":"ReadAction","target":["https:\/\/diariotextual.com\/inicio\/index.php\/2023\/11\/03\/valko-presenta-su-libro-fui-roca-un-bronce-herido-de-muerte\/"]}]},{"@type":"ImageObject","inLanguage":"es","@id":"https:\/\/diariotextual.com\/inicio\/index.php\/2023\/11\/03\/valko-presenta-su-libro-fui-roca-un-bronce-herido-de-muerte\/#primaryimage","url":"https:\/\/diariotextual.com\/inicio\/wp-content\/uploads\/2023\/11\/valkomarcelo.jpg","contentUrl":"https:\/\/diariotextual.com\/inicio\/wp-content\/uploads\/2023\/11\/valkomarcelo.jpg","width":1082,"height":686},{"@type":"BreadcrumbList","@id":"https:\/\/diariotextual.com\/inicio\/index.php\/2023\/11\/03\/valko-presenta-su-libro-fui-roca-un-bronce-herido-de-muerte\/#breadcrumb","itemListElement":[{"@type":"ListItem","position":1,"name":"Portada","item":"https:\/\/diariotextual.com\/inicio\/"},{"@type":"ListItem","position":2,"name":"Valko cuestion\u00f3 a concejala tiernista que se opuso a su libro sobre el general Roca sin leerlo"}]},{"@type":"WebSite","@id":"https:\/\/diariotextual.com\/inicio\/#website","url":"https:\/\/diariotextual.com\/inicio\/","name":"Diario Textual","description":"","publisher":{"@id":"https:\/\/diariotextual.com\/inicio\/#organization"},"potentialAction":[{"@type":"SearchAction","target":{"@type":"EntryPoint","urlTemplate":"https:\/\/diariotextual.com\/inicio\/?s={search_term_string}"},"query-input":{"@type":"PropertyValueSpecification","valueRequired":true,"valueName":"search_term_string"}}],"inLanguage":"es"},{"@type":"Organization","@id":"https:\/\/diariotextual.com\/inicio\/#organization","name":"Diario Textual","url":"https:\/\/diariotextual.com\/inicio\/","logo":{"@type":"ImageObject","inLanguage":"es","@id":"https:\/\/diariotextual.com\/inicio\/#\/schema\/logo\/image\/","url":"https:\/\/diariotextual.com\/inicio\/wp-content\/uploads\/2023\/05\/logotextual1.jpg","contentUrl":"https:\/\/diariotextual.com\/inicio\/wp-content\/uploads\/2023\/05\/logotextual1.jpg","width":516,"height":76,"caption":"Diario Textual"},"image":{"@id":"https:\/\/diariotextual.com\/inicio\/#\/schema\/logo\/image\/"},"sameAs":["https:\/\/www.facebook.com\/eltextual","https:\/\/x.com\/eltextual","http:\/\/www.instagram.com\/eltextual"]},{"@type":"Person","@id":"https:\/\/diariotextual.com\/inicio\/#\/schema\/person\/c7834961ad8b29b1d9cdbf4571299067","name":"diario5","image":{"@type":"ImageObject","inLanguage":"es","@id":"https:\/\/secure.gravatar.com\/avatar\/948c893b847ca6df68216ead81b63f363408ec9b0f600fefc0641ce78613b111?s=96&d=mm&r=g","url":"https:\/\/secure.gravatar.com\/avatar\/948c893b847ca6df68216ead81b63f363408ec9b0f600fefc0641ce78613b111?s=96&d=mm&r=g","contentUrl":"https:\/\/secure.gravatar.com\/avatar\/948c893b847ca6df68216ead81b63f363408ec9b0f600fefc0641ce78613b111?s=96&d=mm&r=g","caption":"diario5"},"url":"https:\/\/diariotextual.com\/inicio\/index.php\/author\/diario5\/"}]}},"_links":{"self":[{"href":"https:\/\/diariotextual.com\/inicio\/index.php\/wp-json\/wp\/v2\/posts\/243154","targetHints":{"allow":["GET"]}}],"collection":[{"href":"https:\/\/diariotextual.com\/inicio\/index.php\/wp-json\/wp\/v2\/posts"}],"about":[{"href":"https:\/\/diariotextual.com\/inicio\/index.php\/wp-json\/wp\/v2\/types\/post"}],"author":[{"embeddable":true,"href":"https:\/\/diariotextual.com\/inicio\/index.php\/wp-json\/wp\/v2\/users\/7"}],"replies":[{"embeddable":true,"href":"https:\/\/diariotextual.com\/inicio\/index.php\/wp-json\/wp\/v2\/comments?post=243154"}],"version-history":[{"count":4,"href":"https:\/\/diariotextual.com\/inicio\/index.php\/wp-json\/wp\/v2\/posts\/243154\/revisions"}],"predecessor-version":[{"id":243167,"href":"https:\/\/diariotextual.com\/inicio\/index.php\/wp-json\/wp\/v2\/posts\/243154\/revisions\/243167"}],"wp:featuredmedia":[{"embeddable":true,"href":"https:\/\/diariotextual.com\/inicio\/index.php\/wp-json\/wp\/v2\/media\/243155"}],"wp:attachment":[{"href":"https:\/\/diariotextual.com\/inicio\/index.php\/wp-json\/wp\/v2\/media?parent=243154"}],"wp:term":[{"taxonomy":"category","embeddable":true,"href":"https:\/\/diariotextual.com\/inicio\/index.php\/wp-json\/wp\/v2\/categories?post=243154"},{"taxonomy":"post_tag","embeddable":true,"href":"https:\/\/diariotextual.com\/inicio\/index.php\/wp-json\/wp\/v2\/tags?post=243154"}],"curies":[{"name":"wp","href":"https:\/\/api.w.org\/{rel}","templated":true}]}}