{"id":243247,"date":"2023-11-04T14:41:13","date_gmt":"2023-11-04T17:41:13","guid":{"rendered":"https:\/\/diariotextual.com\/inicio\/?p=243247"},"modified":"2023-11-04T19:40:27","modified_gmt":"2023-11-04T22:40:27","slug":"hinchas-de-boca-fueron-reprimidos-por-la-policia-brasilena-en-el-ingreso-al-maracana","status":"publish","type":"post","link":"https:\/\/diariotextual.com\/inicio\/index.php\/2023\/11\/04\/hinchas-de-boca-fueron-reprimidos-por-la-policia-brasilena-en-el-ingreso-al-maracana\/","title":{"rendered":"Hinchas de Boca fueron reprimidos por la polic\u00eda brasile\u00f1a en el ingreso al Maracan\u00e1"},"content":{"rendered":"\n<p>Un grupo de hinchas de Boca Juniors fue reprimido este s\u00e1bado por la polic\u00eda brasile\u00f1a en el ingreso de la puerta 20 del estadio Maracan\u00e1, sobre la avenida Pele, al tratar de entrar sin tickets para ver la final de la Copa Libertadores entre su equipo y Fluminense.<\/p>\n\n\n\n<p>En los hechos habr\u00eda participado la barra de Boca, \u00abla 12\u00bb, y algunos testigos aseveran haber visto a uno de sus l\u00edderes, Rafael Di Zeo, dentro de los disturbios.<\/p>\n\n\n\n<p>El grupo mayoritario de la barra ya hab\u00eda pasado el cuarto y \u00faltimo vallado y cuando estaban desplegando las banderas empezaron los inconvenientes con la fuerza de seguridad.<\/p>\n\n\n\n<p>La<strong>&nbsp;polic\u00eda lanz\u00f3 gases lagrim\u00f3genos y balas de gomas contra los hinchas<\/strong>&nbsp;que pugnaban por entrar -la mayor\u00eda- sin su entrada correspondiente. Todav\u00eda no se sabe si hubo detenidos o heridos de este incidente.<\/p>\n\n\n\n<p>A Boca se le dio en el sector norte del estadio 20 mil entradas pero se calcula que cerca de 80 mil hinchas est\u00e1n en R\u00edo de Janeiro, la mayor\u00eda sin su ticket.<\/p>\n\n\n\n<p>Tambi\u00e9n se produjeron al mediod\u00eda<strong>&nbsp;corridas en la estaci\u00f3n de subte de Metro entre hinchas de ambos equipos y la polic\u00eda&nbsp;<\/strong>que no pasaron a mayores.<\/p>\n\n\n\n<p>Para esta final hay un operativo especial por parte de la seguridad de R\u00edo de Janeiro de 2.200 efectivos.<\/p>\n\n\n\n<p>El jueves pasado tambi\u00e9n hubo represi\u00f3n por parte de la polic\u00eda carioca y los hinchas del \u00abFlu\u00bb contra simpatizantes de Boca que estaban ubicados en la zona de Copacabana.<\/p>\n\n\n\n<p><strong>El Maracan\u00e1 abri\u00f3 las puertas para el juego definitivo desde las 12, cuando estaba estipulado a partir de las 13 en el m\u00edtico escenario donde el Xeneize enfrentar\u00e1 al conjunto \u00abTricolor\u00bb, en b\u00fasqueda de la Copa Libertadores.<\/strong><\/p>\n\n\n\n<p><\/p>\n","protected":false},"excerpt":{"rendered":"<p>Un grupo de hinchas de Boca Juniors fue reprimido este s\u00e1bado por la polic\u00eda brasile\u00f1a en el ingreso de la puerta 20 del estadio Maracan\u00e1, sobre la avenida Pele, al&hellip;<\/p>\n","protected":false},"author":3,"featured_media":243248,"comment_status":"closed","ping_status":"open","sticky":false,"template":"","format":"standard","meta":{"_acf_changed":false,"footnotes":""},"categories":[3],"tags":[],"class_list":["post-243247","post","type-post","status-publish","format-standard","has-post-thumbnail","hentry","category-deportes"],"acf":[],"yoast_head":"<!-- This site is optimized with the Yoast SEO plugin v27.5 - https:\/\/yoast.com\/product\/yoast-seo-wordpress\/ -->\n<title>Hinchas de Boca fueron reprimidos por la polic\u00eda brasile\u00f1a en el ingreso al Maracan\u00e1 - Diario Textual<\/title>\n<meta name=\"robots\" content=\"index, follow, max-snippet:-1, max-image-preview:large, max-video-preview:-1\" \/>\n<link rel=\"canonical\" href=\"https:\/\/diariotextual.com\/inicio\/index.php\/2023\/11\/04\/hinchas-de-boca-fueron-reprimidos-por-la-policia-brasilena-en-el-ingreso-al-maracana\/\" \/>\n<meta property=\"og:locale\" content=\"es_ES\" \/>\n<meta property=\"og:type\" content=\"article\" \/>\n<meta property=\"og:title\" content=\"Hinchas de Boca fueron reprimidos por la polic\u00eda brasile\u00f1a en el ingreso al Maracan\u00e1 - Diario Textual\" \/>\n<meta property=\"og:description\" content=\"Un grupo de hinchas de Boca Juniors fue reprimido este s\u00e1bado por la polic\u00eda brasile\u00f1a en el ingreso de la puerta 20 del estadio Maracan\u00e1, sobre la avenida Pele, al&hellip;\" \/>\n<meta property=\"og:url\" content=\"https:\/\/diariotextual.com\/inicio\/index.php\/2023\/11\/04\/hinchas-de-boca-fueron-reprimidos-por-la-policia-brasilena-en-el-ingreso-al-maracana\/\" \/>\n<meta property=\"og:site_name\" content=\"Diario Textual\" \/>\n<meta property=\"article:publisher\" content=\"https:\/\/www.facebook.com\/eltextual\" \/>\n<meta property=\"article:published_time\" content=\"2023-11-04T17:41:13+00:00\" \/>\n<meta property=\"article:modified_time\" content=\"2023-11-04T22:40:27+00:00\" \/>\n<meta property=\"og:image\" content=\"https:\/\/diariotextual.com\/inicio\/wp-content\/uploads\/2023\/11\/bocafluminensefinallibertadores2023-2.jpg\" \/>\n\t<meta property=\"og:image:width\" content=\"1200\" \/>\n\t<meta property=\"og:image:height\" content=\"675\" \/>\n\t<meta property=\"og:image:type\" content=\"image\/jpeg\" \/>\n<meta name=\"author\" content=\"Diario1 Diario1\" \/>\n<meta name=\"twitter:card\" content=\"summary_large_image\" \/>\n<meta name=\"twitter:creator\" content=\"@eltextual\" \/>\n<meta name=\"twitter:site\" content=\"@eltextual\" \/>\n<meta name=\"twitter:label1\" content=\"Escrito por\" \/>\n\t<meta name=\"twitter:data1\" content=\"Diario1 Diario1\" \/>\n\t<meta name=\"twitter:label2\" content=\"Tiempo de lectura\" \/>\n\t<meta name=\"twitter:data2\" content=\"2 minutos\" \/>\n<script type=\"application\/ld+json\" class=\"yoast-schema-graph\">{\"@context\":\"https:\\\/\\\/schema.org\",\"@graph\":[{\"@type\":\"Article\",\"@id\":\"https:\\\/\\\/diariotextual.com\\\/inicio\\\/index.php\\\/2023\\\/11\\\/04\\\/hinchas-de-boca-fueron-reprimidos-por-la-policia-brasilena-en-el-ingreso-al-maracana\\\/#article\",\"isPartOf\":{\"@id\":\"https:\\\/\\\/diariotextual.com\\\/inicio\\\/index.php\\\/2023\\\/11\\\/04\\\/hinchas-de-boca-fueron-reprimidos-por-la-policia-brasilena-en-el-ingreso-al-maracana\\\/\"},\"author\":{\"name\":\"Diario1 Diario1\",\"@id\":\"https:\\\/\\\/diariotextual.com\\\/inicio\\\/#\\\/schema\\\/person\\\/418fc4093c33e86ed41562db3508f958\"},\"headline\":\"Hinchas de Boca fueron reprimidos por la polic\u00eda brasile\u00f1a en el ingreso al Maracan\u00e1\",\"datePublished\":\"2023-11-04T17:41:13+00:00\",\"dateModified\":\"2023-11-04T22:40:27+00:00\",\"mainEntityOfPage\":{\"@id\":\"https:\\\/\\\/diariotextual.com\\\/inicio\\\/index.php\\\/2023\\\/11\\\/04\\\/hinchas-de-boca-fueron-reprimidos-por-la-policia-brasilena-en-el-ingreso-al-maracana\\\/\"},\"wordCount\":319,\"publisher\":{\"@id\":\"https:\\\/\\\/diariotextual.com\\\/inicio\\\/#organization\"},\"image\":{\"@id\":\"https:\\\/\\\/diariotextual.com\\\/inicio\\\/index.php\\\/2023\\\/11\\\/04\\\/hinchas-de-boca-fueron-reprimidos-por-la-policia-brasilena-en-el-ingreso-al-maracana\\\/#primaryimage\"},\"thumbnailUrl\":\"https:\\\/\\\/diariotextual.com\\\/inicio\\\/wp-content\\\/uploads\\\/2023\\\/11\\\/bocafluminensefinallibertadores2023-2.jpg\",\"articleSection\":[\"DEPORTES\"],\"inLanguage\":\"es\"},{\"@type\":\"WebPage\",\"@id\":\"https:\\\/\\\/diariotextual.com\\\/inicio\\\/index.php\\\/2023\\\/11\\\/04\\\/hinchas-de-boca-fueron-reprimidos-por-la-policia-brasilena-en-el-ingreso-al-maracana\\\/\",\"url\":\"https:\\\/\\\/diariotextual.com\\\/inicio\\\/index.php\\\/2023\\\/11\\\/04\\\/hinchas-de-boca-fueron-reprimidos-por-la-policia-brasilena-en-el-ingreso-al-maracana\\\/\",\"name\":\"Hinchas de Boca fueron reprimidos por la polic\u00eda brasile\u00f1a en el ingreso al Maracan\u00e1 - Diario Textual\",\"isPartOf\":{\"@id\":\"https:\\\/\\\/diariotextual.com\\\/inicio\\\/#website\"},\"primaryImageOfPage\":{\"@id\":\"https:\\\/\\\/diariotextual.com\\\/inicio\\\/index.php\\\/2023\\\/11\\\/04\\\/hinchas-de-boca-fueron-reprimidos-por-la-policia-brasilena-en-el-ingreso-al-maracana\\\/#primaryimage\"},\"image\":{\"@id\":\"https:\\\/\\\/diariotextual.com\\\/inicio\\\/index.php\\\/2023\\\/11\\\/04\\\/hinchas-de-boca-fueron-reprimidos-por-la-policia-brasilena-en-el-ingreso-al-maracana\\\/#primaryimage\"},\"thumbnailUrl\":\"https:\\\/\\\/diariotextual.com\\\/inicio\\\/wp-content\\\/uploads\\\/2023\\\/11\\\/bocafluminensefinallibertadores2023-2.jpg\",\"datePublished\":\"2023-11-04T17:41:13+00:00\",\"dateModified\":\"2023-11-04T22:40:27+00:00\",\"breadcrumb\":{\"@id\":\"https:\\\/\\\/diariotextual.com\\\/inicio\\\/index.php\\\/2023\\\/11\\\/04\\\/hinchas-de-boca-fueron-reprimidos-por-la-policia-brasilena-en-el-ingreso-al-maracana\\\/#breadcrumb\"},\"inLanguage\":\"es\",\"potentialAction\":[{\"@type\":\"ReadAction\",\"target\":[\"https:\\\/\\\/diariotextual.com\\\/inicio\\\/index.php\\\/2023\\\/11\\\/04\\\/hinchas-de-boca-fueron-reprimidos-por-la-policia-brasilena-en-el-ingreso-al-maracana\\\/\"]}]},{\"@type\":\"ImageObject\",\"inLanguage\":\"es\",\"@id\":\"https:\\\/\\\/diariotextual.com\\\/inicio\\\/index.php\\\/2023\\\/11\\\/04\\\/hinchas-de-boca-fueron-reprimidos-por-la-policia-brasilena-en-el-ingreso-al-maracana\\\/#primaryimage\",\"url\":\"https:\\\/\\\/diariotextual.com\\\/inicio\\\/wp-content\\\/uploads\\\/2023\\\/11\\\/bocafluminensefinallibertadores2023-2.jpg\",\"contentUrl\":\"https:\\\/\\\/diariotextual.com\\\/inicio\\\/wp-content\\\/uploads\\\/2023\\\/11\\\/bocafluminensefinallibertadores2023-2.jpg\",\"width\":1200,\"height\":675},{\"@type\":\"BreadcrumbList\",\"@id\":\"https:\\\/\\\/diariotextual.com\\\/inicio\\\/index.php\\\/2023\\\/11\\\/04\\\/hinchas-de-boca-fueron-reprimidos-por-la-policia-brasilena-en-el-ingreso-al-maracana\\\/#breadcrumb\",\"itemListElement\":[{\"@type\":\"ListItem\",\"position\":1,\"name\":\"Portada\",\"item\":\"https:\\\/\\\/diariotextual.com\\\/inicio\\\/\"},{\"@type\":\"ListItem\",\"position\":2,\"name\":\"Hinchas de Boca fueron reprimidos por la polic\u00eda brasile\u00f1a en el ingreso al Maracan\u00e1\"}]},{\"@type\":\"WebSite\",\"@id\":\"https:\\\/\\\/diariotextual.com\\\/inicio\\\/#website\",\"url\":\"https:\\\/\\\/diariotextual.com\\\/inicio\\\/\",\"name\":\"Diario Textual\",\"description\":\"\",\"publisher\":{\"@id\":\"https:\\\/\\\/diariotextual.com\\\/inicio\\\/#organization\"},\"potentialAction\":[{\"@type\":\"SearchAction\",\"target\":{\"@type\":\"EntryPoint\",\"urlTemplate\":\"https:\\\/\\\/diariotextual.com\\\/inicio\\\/?s={search_term_string}\"},\"query-input\":{\"@type\":\"PropertyValueSpecification\",\"valueRequired\":true,\"valueName\":\"search_term_string\"}}],\"inLanguage\":\"es\"},{\"@type\":\"Organization\",\"@id\":\"https:\\\/\\\/diariotextual.com\\\/inicio\\\/#organization\",\"name\":\"Diario Textual\",\"url\":\"https:\\\/\\\/diariotextual.com\\\/inicio\\\/\",\"logo\":{\"@type\":\"ImageObject\",\"inLanguage\":\"es\",\"@id\":\"https:\\\/\\\/diariotextual.com\\\/inicio\\\/#\\\/schema\\\/logo\\\/image\\\/\",\"url\":\"https:\\\/\\\/diariotextual.com\\\/inicio\\\/wp-content\\\/uploads\\\/2023\\\/05\\\/logotextual1.jpg\",\"contentUrl\":\"https:\\\/\\\/diariotextual.com\\\/inicio\\\/wp-content\\\/uploads\\\/2023\\\/05\\\/logotextual1.jpg\",\"width\":516,\"height\":76,\"caption\":\"Diario Textual\"},\"image\":{\"@id\":\"https:\\\/\\\/diariotextual.com\\\/inicio\\\/#\\\/schema\\\/logo\\\/image\\\/\"},\"sameAs\":[\"https:\\\/\\\/www.facebook.com\\\/eltextual\",\"https:\\\/\\\/x.com\\\/eltextual\",\"http:\\\/\\\/www.instagram.com\\\/eltextual\"]},{\"@type\":\"Person\",\"@id\":\"https:\\\/\\\/diariotextual.com\\\/inicio\\\/#\\\/schema\\\/person\\\/418fc4093c33e86ed41562db3508f958\",\"name\":\"Diario1 Diario1\",\"image\":{\"@type\":\"ImageObject\",\"inLanguage\":\"es\",\"@id\":\"https:\\\/\\\/secure.gravatar.com\\\/avatar\\\/9167d280179c85bc18be67aa7eda765854300033af4896dd779b608640f2ef7a?s=96&d=mm&r=g\",\"url\":\"https:\\\/\\\/secure.gravatar.com\\\/avatar\\\/9167d280179c85bc18be67aa7eda765854300033af4896dd779b608640f2ef7a?s=96&d=mm&r=g\",\"contentUrl\":\"https:\\\/\\\/secure.gravatar.com\\\/avatar\\\/9167d280179c85bc18be67aa7eda765854300033af4896dd779b608640f2ef7a?s=96&d=mm&r=g\",\"caption\":\"Diario1 Diario1\"},\"url\":\"https:\\\/\\\/diariotextual.com\\\/inicio\\\/index.php\\\/author\\\/diario1\\\/\"}]}<\/script>\n<!-- \/ Yoast SEO plugin. -->","yoast_head_json":{"title":"Hinchas de Boca fueron reprimidos por la polic\u00eda brasile\u00f1a en el ingreso al Maracan\u00e1 - Diario Textual","robots":{"index":"index","follow":"follow","max-snippet":"max-snippet:-1","max-image-preview":"max-image-preview:large","max-video-preview":"max-video-preview:-1"},"canonical":"https:\/\/diariotextual.com\/inicio\/index.php\/2023\/11\/04\/hinchas-de-boca-fueron-reprimidos-por-la-policia-brasilena-en-el-ingreso-al-maracana\/","og_locale":"es_ES","og_type":"article","og_title":"Hinchas de Boca fueron reprimidos por la polic\u00eda brasile\u00f1a en el ingreso al Maracan\u00e1 - Diario Textual","og_description":"Un grupo de hinchas de Boca Juniors fue reprimido este s\u00e1bado por la polic\u00eda brasile\u00f1a en el ingreso de la puerta 20 del estadio Maracan\u00e1, sobre la avenida Pele, al&hellip;","og_url":"https:\/\/diariotextual.com\/inicio\/index.php\/2023\/11\/04\/hinchas-de-boca-fueron-reprimidos-por-la-policia-brasilena-en-el-ingreso-al-maracana\/","og_site_name":"Diario Textual","article_publisher":"https:\/\/www.facebook.com\/eltextual","article_published_time":"2023-11-04T17:41:13+00:00","article_modified_time":"2023-11-04T22:40:27+00:00","og_image":[{"width":1200,"height":675,"url":"https:\/\/diariotextual.com\/inicio\/wp-content\/uploads\/2023\/11\/bocafluminensefinallibertadores2023-2.jpg","type":"image\/jpeg"}],"author":"Diario1 Diario1","twitter_card":"summary_large_image","twitter_creator":"@eltextual","twitter_site":"@eltextual","twitter_misc":{"Escrito por":"Diario1 Diario1","Tiempo de lectura":"2 minutos"},"schema":{"@context":"https:\/\/schema.org","@graph":[{"@type":"Article","@id":"https:\/\/diariotextual.com\/inicio\/index.php\/2023\/11\/04\/hinchas-de-boca-fueron-reprimidos-por-la-policia-brasilena-en-el-ingreso-al-maracana\/#article","isPartOf":{"@id":"https:\/\/diariotextual.com\/inicio\/index.php\/2023\/11\/04\/hinchas-de-boca-fueron-reprimidos-por-la-policia-brasilena-en-el-ingreso-al-maracana\/"},"author":{"name":"Diario1 Diario1","@id":"https:\/\/diariotextual.com\/inicio\/#\/schema\/person\/418fc4093c33e86ed41562db3508f958"},"headline":"Hinchas de Boca fueron reprimidos por la polic\u00eda brasile\u00f1a en el ingreso al Maracan\u00e1","datePublished":"2023-11-04T17:41:13+00:00","dateModified":"2023-11-04T22:40:27+00:00","mainEntityOfPage":{"@id":"https:\/\/diariotextual.com\/inicio\/index.php\/2023\/11\/04\/hinchas-de-boca-fueron-reprimidos-por-la-policia-brasilena-en-el-ingreso-al-maracana\/"},"wordCount":319,"publisher":{"@id":"https:\/\/diariotextual.com\/inicio\/#organization"},"image":{"@id":"https:\/\/diariotextual.com\/inicio\/index.php\/2023\/11\/04\/hinchas-de-boca-fueron-reprimidos-por-la-policia-brasilena-en-el-ingreso-al-maracana\/#primaryimage"},"thumbnailUrl":"https:\/\/diariotextual.com\/inicio\/wp-content\/uploads\/2023\/11\/bocafluminensefinallibertadores2023-2.jpg","articleSection":["DEPORTES"],"inLanguage":"es"},{"@type":"WebPage","@id":"https:\/\/diariotextual.com\/inicio\/index.php\/2023\/11\/04\/hinchas-de-boca-fueron-reprimidos-por-la-policia-brasilena-en-el-ingreso-al-maracana\/","url":"https:\/\/diariotextual.com\/inicio\/index.php\/2023\/11\/04\/hinchas-de-boca-fueron-reprimidos-por-la-policia-brasilena-en-el-ingreso-al-maracana\/","name":"Hinchas de Boca fueron reprimidos por la polic\u00eda brasile\u00f1a en el ingreso al Maracan\u00e1 - Diario Textual","isPartOf":{"@id":"https:\/\/diariotextual.com\/inicio\/#website"},"primaryImageOfPage":{"@id":"https:\/\/diariotextual.com\/inicio\/index.php\/2023\/11\/04\/hinchas-de-boca-fueron-reprimidos-por-la-policia-brasilena-en-el-ingreso-al-maracana\/#primaryimage"},"image":{"@id":"https:\/\/diariotextual.com\/inicio\/index.php\/2023\/11\/04\/hinchas-de-boca-fueron-reprimidos-por-la-policia-brasilena-en-el-ingreso-al-maracana\/#primaryimage"},"thumbnailUrl":"https:\/\/diariotextual.com\/inicio\/wp-content\/uploads\/2023\/11\/bocafluminensefinallibertadores2023-2.jpg","datePublished":"2023-11-04T17:41:13+00:00","dateModified":"2023-11-04T22:40:27+00:00","breadcrumb":{"@id":"https:\/\/diariotextual.com\/inicio\/index.php\/2023\/11\/04\/hinchas-de-boca-fueron-reprimidos-por-la-policia-brasilena-en-el-ingreso-al-maracana\/#breadcrumb"},"inLanguage":"es","potentialAction":[{"@type":"ReadAction","target":["https:\/\/diariotextual.com\/inicio\/index.php\/2023\/11\/04\/hinchas-de-boca-fueron-reprimidos-por-la-policia-brasilena-en-el-ingreso-al-maracana\/"]}]},{"@type":"ImageObject","inLanguage":"es","@id":"https:\/\/diariotextual.com\/inicio\/index.php\/2023\/11\/04\/hinchas-de-boca-fueron-reprimidos-por-la-policia-brasilena-en-el-ingreso-al-maracana\/#primaryimage","url":"https:\/\/diariotextual.com\/inicio\/wp-content\/uploads\/2023\/11\/bocafluminensefinallibertadores2023-2.jpg","contentUrl":"https:\/\/diariotextual.com\/inicio\/wp-content\/uploads\/2023\/11\/bocafluminensefinallibertadores2023-2.jpg","width":1200,"height":675},{"@type":"BreadcrumbList","@id":"https:\/\/diariotextual.com\/inicio\/index.php\/2023\/11\/04\/hinchas-de-boca-fueron-reprimidos-por-la-policia-brasilena-en-el-ingreso-al-maracana\/#breadcrumb","itemListElement":[{"@type":"ListItem","position":1,"name":"Portada","item":"https:\/\/diariotextual.com\/inicio\/"},{"@type":"ListItem","position":2,"name":"Hinchas de Boca fueron reprimidos por la polic\u00eda brasile\u00f1a en el ingreso al Maracan\u00e1"}]},{"@type":"WebSite","@id":"https:\/\/diariotextual.com\/inicio\/#website","url":"https:\/\/diariotextual.com\/inicio\/","name":"Diario Textual","description":"","publisher":{"@id":"https:\/\/diariotextual.com\/inicio\/#organization"},"potentialAction":[{"@type":"SearchAction","target":{"@type":"EntryPoint","urlTemplate":"https:\/\/diariotextual.com\/inicio\/?s={search_term_string}"},"query-input":{"@type":"PropertyValueSpecification","valueRequired":true,"valueName":"search_term_string"}}],"inLanguage":"es"},{"@type":"Organization","@id":"https:\/\/diariotextual.com\/inicio\/#organization","name":"Diario Textual","url":"https:\/\/diariotextual.com\/inicio\/","logo":{"@type":"ImageObject","inLanguage":"es","@id":"https:\/\/diariotextual.com\/inicio\/#\/schema\/logo\/image\/","url":"https:\/\/diariotextual.com\/inicio\/wp-content\/uploads\/2023\/05\/logotextual1.jpg","contentUrl":"https:\/\/diariotextual.com\/inicio\/wp-content\/uploads\/2023\/05\/logotextual1.jpg","width":516,"height":76,"caption":"Diario Textual"},"image":{"@id":"https:\/\/diariotextual.com\/inicio\/#\/schema\/logo\/image\/"},"sameAs":["https:\/\/www.facebook.com\/eltextual","https:\/\/x.com\/eltextual","http:\/\/www.instagram.com\/eltextual"]},{"@type":"Person","@id":"https:\/\/diariotextual.com\/inicio\/#\/schema\/person\/418fc4093c33e86ed41562db3508f958","name":"Diario1 Diario1","image":{"@type":"ImageObject","inLanguage":"es","@id":"https:\/\/secure.gravatar.com\/avatar\/9167d280179c85bc18be67aa7eda765854300033af4896dd779b608640f2ef7a?s=96&d=mm&r=g","url":"https:\/\/secure.gravatar.com\/avatar\/9167d280179c85bc18be67aa7eda765854300033af4896dd779b608640f2ef7a?s=96&d=mm&r=g","contentUrl":"https:\/\/secure.gravatar.com\/avatar\/9167d280179c85bc18be67aa7eda765854300033af4896dd779b608640f2ef7a?s=96&d=mm&r=g","caption":"Diario1 Diario1"},"url":"https:\/\/diariotextual.com\/inicio\/index.php\/author\/diario1\/"}]}},"_links":{"self":[{"href":"https:\/\/diariotextual.com\/inicio\/index.php\/wp-json\/wp\/v2\/posts\/243247","targetHints":{"allow":["GET"]}}],"collection":[{"href":"https:\/\/diariotextual.com\/inicio\/index.php\/wp-json\/wp\/v2\/posts"}],"about":[{"href":"https:\/\/diariotextual.com\/inicio\/index.php\/wp-json\/wp\/v2\/types\/post"}],"author":[{"embeddable":true,"href":"https:\/\/diariotextual.com\/inicio\/index.php\/wp-json\/wp\/v2\/users\/3"}],"replies":[{"embeddable":true,"href":"https:\/\/diariotextual.com\/inicio\/index.php\/wp-json\/wp\/v2\/comments?post=243247"}],"version-history":[{"count":2,"href":"https:\/\/diariotextual.com\/inicio\/index.php\/wp-json\/wp\/v2\/posts\/243247\/revisions"}],"predecessor-version":[{"id":243250,"href":"https:\/\/diariotextual.com\/inicio\/index.php\/wp-json\/wp\/v2\/posts\/243247\/revisions\/243250"}],"wp:featuredmedia":[{"embeddable":true,"href":"https:\/\/diariotextual.com\/inicio\/index.php\/wp-json\/wp\/v2\/media\/243248"}],"wp:attachment":[{"href":"https:\/\/diariotextual.com\/inicio\/index.php\/wp-json\/wp\/v2\/media?parent=243247"}],"wp:term":[{"taxonomy":"category","embeddable":true,"href":"https:\/\/diariotextual.com\/inicio\/index.php\/wp-json\/wp\/v2\/categories?post=243247"},{"taxonomy":"post_tag","embeddable":true,"href":"https:\/\/diariotextual.com\/inicio\/index.php\/wp-json\/wp\/v2\/tags?post=243247"}],"curies":[{"name":"wp","href":"https:\/\/api.w.org\/{rel}","templated":true}]}}