{"id":243277,"date":"2023-11-05T08:35:50","date_gmt":"2023-11-05T11:35:50","guid":{"rendered":"https:\/\/diariotextual.com\/inicio\/?p=243277"},"modified":"2023-11-06T09:15:37","modified_gmt":"2023-11-06T12:15:37","slug":"massa-y-milei-miran-encuestas-mientras-jxc-se-prepara-para-barajar-y-dar-de-nuevo","status":"publish","type":"post","link":"https:\/\/diariotextual.com\/inicio\/index.php\/2023\/11\/05\/massa-y-milei-miran-encuestas-mientras-jxc-se-prepara-para-barajar-y-dar-de-nuevo\/","title":{"rendered":"Massa y Milei miran encuestas, mientras JxC se prepara para barajar y dar de nuevo"},"content":{"rendered":"\n<p>A medida que el tiempo corre y se aproxima la<strong> segunda vuelta electoral <\/strong>en la Argentina, las tensiones aumentan en el mundillo de la pol\u00edtica, en especial en aquellos sectores que aguardan el resultado del balotaje para adentrarse en una reconfiguraci\u00f3n interna, como es el caso de Juntos por el Cambio.<\/p>\n\n\n\n<p>La coalici\u00f3n opositora se prepara para barajar y dar de nuevo a partir de lo que ocurra el pr\u00f3ximo 19 de noviembre, cuando se enfrenten en las urnas el candidato oficialista <strong>Sergio Massa<\/strong> y el economista libertario<strong> Javier Milei<\/strong>, en una pulseada mano a mano por la Presidencia de la Naci\u00f3n.<\/p>\n\n\n\n<p>Massa o Milei, uno de los dos se convertir\u00e1 en el sucesor de Alberto Fern\u00e1ndez y en funci\u00f3n de quien gane dentro de apenas dos semanas Juntos por el Cambio (JxC) probablemente redise\u00f1e su estructura pol\u00edtica, sobre todo en el \u00e1mbito parlamentario, al igual que la integraci\u00f3n de su mesa chica.<\/p>\n\n\n\n<p>Los roles de liderazgo volvieron a quedar bajo escrutinio puertas adentro en JxC en los \u00faltimos d\u00edas tras la decisi\u00f3n de los \u201chalcones\u201d del PRO, liderados por el ex mandatario Mauricio Macri y la ex candidata presidencial Patricia Bullrich, de sellar un pacto electoral con Milei de cara al balotaje.<\/p>\n\n\n\n<p>Por consiguiente, el veredicto de las urnas ser\u00e1 crucial para establecer qu\u00e9 papel les tocar\u00e1 desempe\u00f1ar como miembros o no de la alianza opositora eventualmente a partir del 10 de diciembre. Est\u00e1 claro que para Macri, Bullrich y dem\u00e1s referentes del ala dura del PRO que blanquearon su apoyo a Milei,&nbsp;<strong>el resultado de los comicios podr\u00eda determinar c\u00f3mo sigue la pel\u00edcula para todos ellos<\/strong>, luego de la polvareda levantada a partir de su respaldo al fundador de La Libertad Avanza (LLA).<\/p>\n\n\n\n<p>Si el economista libertario logra vencer a Massa,&nbsp;<strong>es probable que se abran nuevos puestos de trabajo para los \u201chalcones\u201d del PRO en el Gabinete que deber\u00eda encabezar Milei una vez que asuma<\/strong>. Pero si el triunfador de las elecciones llegara a ser el ministro de Econom\u00eda, quienes se desmarcaron en JxC y llamaron a viva voz a votar al l\u00edder de LLA&nbsp;<strong>quedar\u00edan debilitados<\/strong>, sobre todo Macri, el principal promotor de esa decisi\u00f3n.<\/p>\n\n\n\n<p>En este sentido, el radicalismo lo tiene hoy al ex jefe de Estado entre ceja y ceja, en especial despu\u00e9s de que tildara de \u201cperdedores\u201d al presidente del centenario partido,\u00a0<strong>Gerardo Morales<\/strong>, y a su probable sucesor en ese cargo, el senador\u00a0<strong>Mart\u00edn Lousteau<\/strong>. Es m\u00e1s, el gobernador juje\u00f1o asegur\u00f3 que har\u00e1 todo lo que est\u00e9 a su alcance para evitar que gane Milei,\u00a0<strong>una furiosa declaraci\u00f3n que, a decir verdad, no cay\u00f3 bien en sectores de la UCR que entienden que expresiones de esas caracter\u00edsticas no favorecen a la postura de \u00abneutralidad\u00bb<\/strong>\u00a0que prometi\u00f3 mantener la Uni\u00f3n C\u00edvica Radical de cara al balotaje.<\/p>\n\n\n\n<div style=\"height:100px\" aria-hidden=\"true\" class=\"wp-block-spacer\"><\/div>\n\n\n\n<p><strong>El enojo con Macri es transversal<\/strong><\/p>\n\n\n\n<p>Los radicales se sienten fortalecidos tras las victorias que obtuvieron este a\u00f1o en elecciones provinciales en el interior del pa\u00eds, pese a que los \u201chalcones\u201d del PRO los acusan de ser funcionales a Massa si no convocan a votar a Milei y hasta sugieren que podr\u00edan verse seducidos por la propuesta electoral del candidato de Uni\u00f3n por la Patria (UxP) de&nbsp;<strong>construir un \u201cgobierno de unidad\u201d con los mejores actores de la pol\u00edtica dom\u00e9stica, independientemente de sus bander\u00edas<\/strong>, en caso de acceder a la Presidencia de la Naci\u00f3n.<\/p>\n\n\n\n<p>\u201cSi efectivamente existen esas conversaciones, entre dirigentes del radicalismo y Massa, yo no lo s\u00e9; y est\u00e1 bien que no lo sepa, porque si llegaran a salir a la luz, si se conociera eso, el favorecido ser\u00eda Milei. Realmente no s\u00e9 si existen y&nbsp;<strong>si llegaran a existir, se est\u00e1n produciendo absolutamente en secreto\u201d<\/strong>, dijo a&nbsp;<em>Noticias Argentinas<\/em>&nbsp;una fuente cercana a la UCR, en alusi\u00f3n a la&nbsp;<strong>posibilidad de que el l\u00edder del Frente Renovador incorpore a referentes radicales a su eventual Gabinete.<\/strong><\/p>\n\n\n\n<p>La misma fuente sostuvo que en filas del radicalismo&nbsp;<strong>\u201cel enojo con Macri es transversal\u201d<\/strong>, porque convirti\u00f3 a la UCR en \u201cun bot\u00edn de guerra electoral cuando es el PRO el que est\u00e1 estallado\u201d. La bronca por la actitud del ex mandatario encuentra argumentos adicionales en el particular contexto por el transita el centenario partido, que&nbsp;<strong>celebr\u00f3 en los \u00faltimos d\u00edas al aniversario n\u00famero 40 de las elecciones que gan\u00f3 Ra\u00fal Alfons\u00edn en 1983<\/strong>, en el regreso de la democracia en la Argentina despu\u00e9s de la dictadura militar iniciada en 1976.<\/p>\n\n\n\n<p>El pr\u00f3ximo mi\u00e9rcoles, incluso, est\u00e1 previsto que el caudillo radical sea homenajeado en la c\u00e1mara de Diputados.&nbsp;<strong>Es probable que Milei no asista, para evitar un momento inc\u00f3modo, tras sus cr\u00edticas a la gesti\u00f3n de Alfons\u00edn<\/strong>. Y a prop\u00f3sito del \u00e1mbito parlamentario, la suerte que corra el libertario en el balotaje podr\u00eda ser crucial para la continuidad de JxC como tal en el Congreso de la Naci\u00f3n.<\/p>\n\n\n\n<p>Si llegara a ganar, muy probablemente se quiebre el PRO, dado que los macristas m\u00e1s duros podr\u00edan acoplarse a LLA, en tanto las \u201cpalomas\u201d, los moderados m\u00e1s afines al larretismo, es de esperar que se mantengan en la coalici\u00f3n opositora, m\u00e1s all\u00e1 de un probable cambio de nombre. En ese escenario, hipot\u00e9tico a\u00fan,<strong>&nbsp;emerger\u00eda la figura de Cristian Ritondo para convertirse en presidente de la C\u00e1mara baja.<\/strong><\/p>\n\n\n\n<p>En caso contrario, de resultar vencedor Massa el pr\u00f3ximo domingo 19, lo m\u00e1s l\u00f3gico es que Cecilia Moreau se mantenga al frente de ese cuerpo legislativa, aunque en las \u00faltimas horas circularon rumores sobre la posibilidad de que Massa ofrezca la presidencia de la C\u00e1mara de Diputados a un dirigente opositor, en funci\u00f3n de su mentado proyecto de \u00abgobierno de unidad\u00bb.&nbsp;<strong>\u00bfDe qui\u00e9n o de qui\u00e9nes se est\u00e1 hablando en el \u00e1mbito parlamentario? De Miguel Pichetto, Emilio Monz\u00f3 o Julio Cobos, por ejemplo.<\/strong><\/p>\n\n\n\n<p>Especulaciones al margen, s\u00ed en principio est\u00e1 previsto que Germ\u00e1n Mart\u00ednez contin\u00fae como presidente del bloque oficialista, en tanto lo que pueda suceder en JxC depender\u00e1, como qued\u00f3 dicho, del resultado del balotaje. De cualquier modo, en el caso del radicalismo,&nbsp;<strong>tomaron fuerza la semana pasada las chances de que finalmente el neurocient\u00edfico Facundo Manes logre transformarse en el sucesor de Mario Negri como titular de la bancada radical en la C\u00e1mara baja.<\/strong><\/p>\n\n\n\n<p>\u201cSi bien se ven\u00eda hablando de Rodrigo de Loredo como reemplazante de Negri,<strong>\u00a0\u00e9l tiene un doble obst\u00e1culo que le juega en contra<\/strong>: por un lado, rompi\u00f3 en su momento el bloque radical (hace dos a\u00f1os, para crear la bancada de Evoluci\u00f3n) y, por el otro, si Lousteau asume como presidente del partido enrocando con Morales,<strong>\u00a0no parece conveniente que dos dirigentes de la misma corriente interna lideren esos espacio, uno el bloque de diputados radicales y el otro, el partido<\/strong>\u201d, dijo al respecto la fuente cercana a la UCR consultada por\u00a0<em>NA<\/em>.<\/p>\n\n\n\n<div style=\"height:100px\" aria-hidden=\"true\" class=\"wp-block-spacer\"><\/div>\n\n\n\n<p><strong>Discusi\u00f3n de liderazgos en Juntos por el Cambio<\/strong><\/p>\n\n\n\n<p>\u201cEs decir, no es que sean defectos de \u00e9l (en referencia a De Loredo) los que lo pongan en una posici\u00f3n de desventaja, son las circunstancias\u201d, agreg\u00f3. En el Senado, en tanto, V\u00edctor Zimmermann (de Chaco) encabezar\u00eda el bloque radical. Por su parte,<strong>&nbsp;Lousteau se perfila para suceder a Morales, pese a la rivalidad que procuran oponer los integrantes del llamado \u201cGrupo Malbec\u201d<\/strong>, con el mendocino Alfredo Cornejo y el correntino Gustavo Vald\u00e9s a la cabeza. Pero independientemente de c\u00f3mo concluya esa disputa por la presidencia del Comit\u00e9 Nacional del radicalismo, s\u00ed&nbsp;<strong>se espera que la \u201cliga de gobernadores\u201d de JxC asuma un rol protag\u00f3nico en el corto plazo, echando quiz\u00e1s un manto de sombra sobre la Mesa Nacional de conducci\u00f3n de la alianza opositora<\/strong>: en especial, si gana Massa. Es decir, los mandatarios provinciales&nbsp;<strong>se muestran dispuestos a discutir liderazgos<\/strong>&nbsp;dentro del espacio, seg\u00fan pudo averiguar&nbsp;<em>Noticias Argentinas.<\/em><\/p>\n\n\n\n<p>Frente a un triunfo peronista en las urnas dentro de dos semanas, se espera que Juntos por el Cambio se esfuerce por mantenerse unido, m\u00e1s all\u00e1 del camino que puedan tomar los \u201chalcones\u201d del PRO, para&nbsp;<strong>no perder la condici\u00f3n de principal agrupaci\u00f3n opositora<\/strong>. Al menos en tal sentido est\u00e1n trabajando referentes de la coalici\u00f3n, como el alcalde porte\u00f1o, Horacio Rodr\u00edguez Larreta, que anticip\u00f3 que seguir\u00e1 \u201cjugando por adentro\u201d, m\u00e1s all\u00e1 de sus evidentes diferencias con Macri.<\/p>\n\n\n\n<p>Y a prop\u00f3sito de la Ciudad de Buenos Aires, despu\u00e9s de la victoria de Jorge Macri en los comicios locales<strong>, ya comenz\u00f3 en la sede del Gobierno porte\u00f1o el proceso de transici\u00f3n<\/strong>&nbsp;con vistas a la asunci\u00f3n formal del ex intendente de Vicente L\u00f3pez. No obstante, seg\u00fan pudo averiguar esta agencia consultando fuentes cercanas a Uspallata 315O, la integraci\u00f3n del Gabinete que encabezar\u00e1 el primo del ex presidente a\u00fan se encuentra en fase de evaluaci\u00f3n e incluso&nbsp;<strong>quedar\u00eda supeditada al resultado de la segunda vuelta electoral en la naci\u00f3n.<\/strong><\/p>\n\n\n\n<p>\u201c<strong>El balotaje define todo<\/strong>. La idea es mantener a las segundas y terceras l\u00edneas, pero que asuman caras nuevas en la mayor\u00eda de los ministerios. De cualquier modo, reitero, hasta despu\u00e9s del balotaje no creo que haya definiciones, porque&nbsp;<strong>no es lo mismo que Milei gane o que pierda<\/strong>\u201d, sostuvo una fuente del oficialismo porte\u00f1o consultada por&nbsp;<em>NA<\/em>.&nbsp;<strong>\u201cSi Milei gana, dirigentes cercanos a Mauricio y a Patricia probablemente vayan a ocupar puestos en el Gobierno nacional, pero si pierde, todos van a venir a pedir lugares en la Ciudad\u201d<\/strong>, agreg\u00f3.<\/p>\n\n\n\n<p>Sin embargo,&nbsp;<strong>\u00bfde qu\u00e9 se habla por estas horas en la sede gubernamental de Uspallata?<\/strong>&nbsp;De la posibilidad de que el saliente intendente de Lan\u00fas y ex candidato a gobernador bonaerense,&nbsp;<strong>N\u00e9stor Grindetti<\/strong>, asuma como jefe de Gabinete de Jorge Macri, y que se mantengan en sus cargos&nbsp;<strong>Fern\u00e1n Quir\u00f3s<\/strong>, como ministro de Salud, y&nbsp;<strong>Gustavo Coria<\/strong>, como titular de Justicia y Seguridad, aunque esa cartera podr\u00eda desdoblarse: con Coria al frente de Seguridad y otro funcionario &#8211;<strong>\u00bfFrancisco Quintana?<\/strong>&#8211; liderando Justicia. Tambi\u00e9n se espera que<strong>&nbsp;Waldo Wolff<\/strong>&nbsp;conserve un rol ejecutivo dentro de la pr\u00f3xima administraci\u00f3n en la Ciudad.<\/p>\n\n\n\n<p>De momento, en filas del oficialismo porte\u00f1o tambi\u00e9n aguardan el resultado de la segunda vuelta presidencial para tomar decisiones, seg\u00fan dijeron a esta agencia las fuentes consultadas.&nbsp;<strong>El balotaje que se avecina terminar\u00e1 de moldear un escenario pol\u00edtico nacional en la Argentina que ya comenz\u00f3 a sufrir modificaciones<\/strong>&nbsp;a partir de lo sucedido en las elecciones generales del 22 de octubre pasado y de la derrota de JxC en las urnas, con Bullrich relegada a un tercer lugar.<\/p>\n\n\n\n<p><strong>Massa y Milei encaran el tramo decisivo de sus campa\u00f1as proselitistas sabiendo que cada acierto y cada error puede ser determinante para sumar o perder votos<\/strong>. Ambos miran encuestas y se entusiasman con aquellas que los ubican al frente, aunque las consultoras volvieron a morder el polvo previamente este a\u00f1o, tanto en las primarias de agosto como de cara a los comicios del mes pasado. El libertario, de momento, dej\u00f3 de lado la motosierra y busca mostrarse&nbsp;<strong>m\u00e1s cercano y emp\u00e1tico con la \u201cgente de a pie\u201d<\/strong>, una estrategia similar a la que viene desarrollando el ministro de Econom\u00eda, en la antesala de unas elecciones con potencial para determinar mucho m\u00e1s que al nuevo Presidente de la Naci\u00f3n, como parece a priori. En este contexto, se avecinan d\u00edas claves para aquellos que a\u00fan permanecen indecisos:<strong>&nbsp;\u00bf\u201dmalo conocido\u201d o aparentemente \u201cpeor por conocer\u201d? \u00bfA qui\u00e9n respaldar el domingo 19 de noviembre?<\/strong><\/p>\n","protected":false},"excerpt":{"rendered":"<p>A medida que el tiempo corre y se aproxima la segunda vuelta electoral en la Argentina, las tensiones aumentan en el mundillo de la pol\u00edtica, en especial en aquellos sectores&hellip;<\/p>\n","protected":false},"author":3,"featured_media":242948,"comment_status":"closed","ping_status":"open","sticky":false,"template":"","format":"standard","meta":{"_acf_changed":false,"footnotes":""},"categories":[11,8],"tags":[],"class_list":["post-243277","post","type-post","status-publish","format-standard","has-post-thumbnail","hentry","category-que-pasa","category-politica"],"acf":[],"yoast_head":"<!-- This site is optimized with the Yoast SEO plugin v27.4 - https:\/\/yoast.com\/product\/yoast-seo-wordpress\/ -->\n<title>Massa y Milei miran encuestas, mientras JxC se prepara para barajar y dar de nuevo - Diario Textual<\/title>\n<meta name=\"robots\" content=\"index, follow, max-snippet:-1, max-image-preview:large, max-video-preview:-1\" \/>\n<link rel=\"canonical\" href=\"https:\/\/diariotextual.com\/inicio\/index.php\/2023\/11\/05\/massa-y-milei-miran-encuestas-mientras-jxc-se-prepara-para-barajar-y-dar-de-nuevo\/\" \/>\n<meta property=\"og:locale\" content=\"es_ES\" \/>\n<meta property=\"og:type\" content=\"article\" \/>\n<meta property=\"og:title\" content=\"Massa y Milei miran encuestas, mientras JxC se prepara para barajar y dar de nuevo - Diario Textual\" \/>\n<meta property=\"og:description\" content=\"A medida que el tiempo corre y se aproxima la segunda vuelta electoral en la Argentina, las tensiones aumentan en el mundillo de la pol\u00edtica, en especial en aquellos sectores&hellip;\" \/>\n<meta property=\"og:url\" content=\"https:\/\/diariotextual.com\/inicio\/index.php\/2023\/11\/05\/massa-y-milei-miran-encuestas-mientras-jxc-se-prepara-para-barajar-y-dar-de-nuevo\/\" \/>\n<meta property=\"og:site_name\" content=\"Diario Textual\" \/>\n<meta property=\"article:publisher\" content=\"https:\/\/www.facebook.com\/eltextual\" \/>\n<meta property=\"article:published_time\" content=\"2023-11-05T11:35:50+00:00\" \/>\n<meta property=\"article:modified_time\" content=\"2023-11-06T12:15:37+00:00\" \/>\n<meta property=\"og:image\" content=\"https:\/\/diariotextual.com\/inicio\/wp-content\/uploads\/2023\/11\/massasergio2023-7003.jpg\" \/>\n\t<meta property=\"og:image:width\" content=\"1280\" \/>\n\t<meta property=\"og:image:height\" content=\"852\" \/>\n\t<meta property=\"og:image:type\" content=\"image\/jpeg\" \/>\n<meta name=\"author\" content=\"Diario1 Diario1\" \/>\n<meta name=\"twitter:card\" content=\"summary_large_image\" \/>\n<meta name=\"twitter:creator\" content=\"@eltextual\" \/>\n<meta name=\"twitter:site\" content=\"@eltextual\" \/>\n<meta name=\"twitter:label1\" content=\"Escrito por\" \/>\n\t<meta name=\"twitter:data1\" content=\"Diario1 Diario1\" \/>\n\t<meta name=\"twitter:label2\" content=\"Tiempo de lectura\" \/>\n\t<meta name=\"twitter:data2\" content=\"9 minutos\" \/>\n<script type=\"application\/ld+json\" class=\"yoast-schema-graph\">{\"@context\":\"https:\\\/\\\/schema.org\",\"@graph\":[{\"@type\":\"Article\",\"@id\":\"https:\\\/\\\/diariotextual.com\\\/inicio\\\/index.php\\\/2023\\\/11\\\/05\\\/massa-y-milei-miran-encuestas-mientras-jxc-se-prepara-para-barajar-y-dar-de-nuevo\\\/#article\",\"isPartOf\":{\"@id\":\"https:\\\/\\\/diariotextual.com\\\/inicio\\\/index.php\\\/2023\\\/11\\\/05\\\/massa-y-milei-miran-encuestas-mientras-jxc-se-prepara-para-barajar-y-dar-de-nuevo\\\/\"},\"author\":{\"name\":\"Diario1 Diario1\",\"@id\":\"https:\\\/\\\/diariotextual.com\\\/inicio\\\/#\\\/schema\\\/person\\\/418fc4093c33e86ed41562db3508f958\"},\"headline\":\"Massa y Milei miran encuestas, mientras JxC se prepara para barajar y dar de nuevo\",\"datePublished\":\"2023-11-05T11:35:50+00:00\",\"dateModified\":\"2023-11-06T12:15:37+00:00\",\"mainEntityOfPage\":{\"@id\":\"https:\\\/\\\/diariotextual.com\\\/inicio\\\/index.php\\\/2023\\\/11\\\/05\\\/massa-y-milei-miran-encuestas-mientras-jxc-se-prepara-para-barajar-y-dar-de-nuevo\\\/\"},\"wordCount\":2040,\"publisher\":{\"@id\":\"https:\\\/\\\/diariotextual.com\\\/inicio\\\/#organization\"},\"image\":{\"@id\":\"https:\\\/\\\/diariotextual.com\\\/inicio\\\/index.php\\\/2023\\\/11\\\/05\\\/massa-y-milei-miran-encuestas-mientras-jxc-se-prepara-para-barajar-y-dar-de-nuevo\\\/#primaryimage\"},\"thumbnailUrl\":\"https:\\\/\\\/diariotextual.com\\\/inicio\\\/wp-content\\\/uploads\\\/2023\\\/11\\\/massasergio2023-7003.jpg\",\"articleSection\":[\"A - QUE PASA (al costado)\",\"POLITICA\"],\"inLanguage\":\"es\"},{\"@type\":\"WebPage\",\"@id\":\"https:\\\/\\\/diariotextual.com\\\/inicio\\\/index.php\\\/2023\\\/11\\\/05\\\/massa-y-milei-miran-encuestas-mientras-jxc-se-prepara-para-barajar-y-dar-de-nuevo\\\/\",\"url\":\"https:\\\/\\\/diariotextual.com\\\/inicio\\\/index.php\\\/2023\\\/11\\\/05\\\/massa-y-milei-miran-encuestas-mientras-jxc-se-prepara-para-barajar-y-dar-de-nuevo\\\/\",\"name\":\"Massa y Milei miran encuestas, mientras JxC se prepara para barajar y dar de nuevo - Diario Textual\",\"isPartOf\":{\"@id\":\"https:\\\/\\\/diariotextual.com\\\/inicio\\\/#website\"},\"primaryImageOfPage\":{\"@id\":\"https:\\\/\\\/diariotextual.com\\\/inicio\\\/index.php\\\/2023\\\/11\\\/05\\\/massa-y-milei-miran-encuestas-mientras-jxc-se-prepara-para-barajar-y-dar-de-nuevo\\\/#primaryimage\"},\"image\":{\"@id\":\"https:\\\/\\\/diariotextual.com\\\/inicio\\\/index.php\\\/2023\\\/11\\\/05\\\/massa-y-milei-miran-encuestas-mientras-jxc-se-prepara-para-barajar-y-dar-de-nuevo\\\/#primaryimage\"},\"thumbnailUrl\":\"https:\\\/\\\/diariotextual.com\\\/inicio\\\/wp-content\\\/uploads\\\/2023\\\/11\\\/massasergio2023-7003.jpg\",\"datePublished\":\"2023-11-05T11:35:50+00:00\",\"dateModified\":\"2023-11-06T12:15:37+00:00\",\"breadcrumb\":{\"@id\":\"https:\\\/\\\/diariotextual.com\\\/inicio\\\/index.php\\\/2023\\\/11\\\/05\\\/massa-y-milei-miran-encuestas-mientras-jxc-se-prepara-para-barajar-y-dar-de-nuevo\\\/#breadcrumb\"},\"inLanguage\":\"es\",\"potentialAction\":[{\"@type\":\"ReadAction\",\"target\":[\"https:\\\/\\\/diariotextual.com\\\/inicio\\\/index.php\\\/2023\\\/11\\\/05\\\/massa-y-milei-miran-encuestas-mientras-jxc-se-prepara-para-barajar-y-dar-de-nuevo\\\/\"]}]},{\"@type\":\"ImageObject\",\"inLanguage\":\"es\",\"@id\":\"https:\\\/\\\/diariotextual.com\\\/inicio\\\/index.php\\\/2023\\\/11\\\/05\\\/massa-y-milei-miran-encuestas-mientras-jxc-se-prepara-para-barajar-y-dar-de-nuevo\\\/#primaryimage\",\"url\":\"https:\\\/\\\/diariotextual.com\\\/inicio\\\/wp-content\\\/uploads\\\/2023\\\/11\\\/massasergio2023-7003.jpg\",\"contentUrl\":\"https:\\\/\\\/diariotextual.com\\\/inicio\\\/wp-content\\\/uploads\\\/2023\\\/11\\\/massasergio2023-7003.jpg\",\"width\":1280,\"height\":852},{\"@type\":\"BreadcrumbList\",\"@id\":\"https:\\\/\\\/diariotextual.com\\\/inicio\\\/index.php\\\/2023\\\/11\\\/05\\\/massa-y-milei-miran-encuestas-mientras-jxc-se-prepara-para-barajar-y-dar-de-nuevo\\\/#breadcrumb\",\"itemListElement\":[{\"@type\":\"ListItem\",\"position\":1,\"name\":\"Portada\",\"item\":\"https:\\\/\\\/diariotextual.com\\\/inicio\\\/\"},{\"@type\":\"ListItem\",\"position\":2,\"name\":\"Massa y Milei miran encuestas, mientras JxC se prepara para barajar y dar de nuevo\"}]},{\"@type\":\"WebSite\",\"@id\":\"https:\\\/\\\/diariotextual.com\\\/inicio\\\/#website\",\"url\":\"https:\\\/\\\/diariotextual.com\\\/inicio\\\/\",\"name\":\"Diario Textual\",\"description\":\"\",\"publisher\":{\"@id\":\"https:\\\/\\\/diariotextual.com\\\/inicio\\\/#organization\"},\"potentialAction\":[{\"@type\":\"SearchAction\",\"target\":{\"@type\":\"EntryPoint\",\"urlTemplate\":\"https:\\\/\\\/diariotextual.com\\\/inicio\\\/?s={search_term_string}\"},\"query-input\":{\"@type\":\"PropertyValueSpecification\",\"valueRequired\":true,\"valueName\":\"search_term_string\"}}],\"inLanguage\":\"es\"},{\"@type\":\"Organization\",\"@id\":\"https:\\\/\\\/diariotextual.com\\\/inicio\\\/#organization\",\"name\":\"Diario Textual\",\"url\":\"https:\\\/\\\/diariotextual.com\\\/inicio\\\/\",\"logo\":{\"@type\":\"ImageObject\",\"inLanguage\":\"es\",\"@id\":\"https:\\\/\\\/diariotextual.com\\\/inicio\\\/#\\\/schema\\\/logo\\\/image\\\/\",\"url\":\"https:\\\/\\\/diariotextual.com\\\/inicio\\\/wp-content\\\/uploads\\\/2023\\\/05\\\/logotextual1.jpg\",\"contentUrl\":\"https:\\\/\\\/diariotextual.com\\\/inicio\\\/wp-content\\\/uploads\\\/2023\\\/05\\\/logotextual1.jpg\",\"width\":516,\"height\":76,\"caption\":\"Diario Textual\"},\"image\":{\"@id\":\"https:\\\/\\\/diariotextual.com\\\/inicio\\\/#\\\/schema\\\/logo\\\/image\\\/\"},\"sameAs\":[\"https:\\\/\\\/www.facebook.com\\\/eltextual\",\"https:\\\/\\\/x.com\\\/eltextual\",\"http:\\\/\\\/www.instagram.com\\\/eltextual\"]},{\"@type\":\"Person\",\"@id\":\"https:\\\/\\\/diariotextual.com\\\/inicio\\\/#\\\/schema\\\/person\\\/418fc4093c33e86ed41562db3508f958\",\"name\":\"Diario1 Diario1\",\"image\":{\"@type\":\"ImageObject\",\"inLanguage\":\"es\",\"@id\":\"https:\\\/\\\/secure.gravatar.com\\\/avatar\\\/9167d280179c85bc18be67aa7eda765854300033af4896dd779b608640f2ef7a?s=96&d=mm&r=g\",\"url\":\"https:\\\/\\\/secure.gravatar.com\\\/avatar\\\/9167d280179c85bc18be67aa7eda765854300033af4896dd779b608640f2ef7a?s=96&d=mm&r=g\",\"contentUrl\":\"https:\\\/\\\/secure.gravatar.com\\\/avatar\\\/9167d280179c85bc18be67aa7eda765854300033af4896dd779b608640f2ef7a?s=96&d=mm&r=g\",\"caption\":\"Diario1 Diario1\"},\"url\":\"https:\\\/\\\/diariotextual.com\\\/inicio\\\/index.php\\\/author\\\/diario1\\\/\"}]}<\/script>\n<!-- \/ Yoast SEO plugin. -->","yoast_head_json":{"title":"Massa y Milei miran encuestas, mientras JxC se prepara para barajar y dar de nuevo - Diario Textual","robots":{"index":"index","follow":"follow","max-snippet":"max-snippet:-1","max-image-preview":"max-image-preview:large","max-video-preview":"max-video-preview:-1"},"canonical":"https:\/\/diariotextual.com\/inicio\/index.php\/2023\/11\/05\/massa-y-milei-miran-encuestas-mientras-jxc-se-prepara-para-barajar-y-dar-de-nuevo\/","og_locale":"es_ES","og_type":"article","og_title":"Massa y Milei miran encuestas, mientras JxC se prepara para barajar y dar de nuevo - Diario Textual","og_description":"A medida que el tiempo corre y se aproxima la segunda vuelta electoral en la Argentina, las tensiones aumentan en el mundillo de la pol\u00edtica, en especial en aquellos sectores&hellip;","og_url":"https:\/\/diariotextual.com\/inicio\/index.php\/2023\/11\/05\/massa-y-milei-miran-encuestas-mientras-jxc-se-prepara-para-barajar-y-dar-de-nuevo\/","og_site_name":"Diario Textual","article_publisher":"https:\/\/www.facebook.com\/eltextual","article_published_time":"2023-11-05T11:35:50+00:00","article_modified_time":"2023-11-06T12:15:37+00:00","og_image":[{"width":1280,"height":852,"url":"https:\/\/diariotextual.com\/inicio\/wp-content\/uploads\/2023\/11\/massasergio2023-7003.jpg","type":"image\/jpeg"}],"author":"Diario1 Diario1","twitter_card":"summary_large_image","twitter_creator":"@eltextual","twitter_site":"@eltextual","twitter_misc":{"Escrito por":"Diario1 Diario1","Tiempo de lectura":"9 minutos"},"schema":{"@context":"https:\/\/schema.org","@graph":[{"@type":"Article","@id":"https:\/\/diariotextual.com\/inicio\/index.php\/2023\/11\/05\/massa-y-milei-miran-encuestas-mientras-jxc-se-prepara-para-barajar-y-dar-de-nuevo\/#article","isPartOf":{"@id":"https:\/\/diariotextual.com\/inicio\/index.php\/2023\/11\/05\/massa-y-milei-miran-encuestas-mientras-jxc-se-prepara-para-barajar-y-dar-de-nuevo\/"},"author":{"name":"Diario1 Diario1","@id":"https:\/\/diariotextual.com\/inicio\/#\/schema\/person\/418fc4093c33e86ed41562db3508f958"},"headline":"Massa y Milei miran encuestas, mientras JxC se prepara para barajar y dar de nuevo","datePublished":"2023-11-05T11:35:50+00:00","dateModified":"2023-11-06T12:15:37+00:00","mainEntityOfPage":{"@id":"https:\/\/diariotextual.com\/inicio\/index.php\/2023\/11\/05\/massa-y-milei-miran-encuestas-mientras-jxc-se-prepara-para-barajar-y-dar-de-nuevo\/"},"wordCount":2040,"publisher":{"@id":"https:\/\/diariotextual.com\/inicio\/#organization"},"image":{"@id":"https:\/\/diariotextual.com\/inicio\/index.php\/2023\/11\/05\/massa-y-milei-miran-encuestas-mientras-jxc-se-prepara-para-barajar-y-dar-de-nuevo\/#primaryimage"},"thumbnailUrl":"https:\/\/diariotextual.com\/inicio\/wp-content\/uploads\/2023\/11\/massasergio2023-7003.jpg","articleSection":["A - QUE PASA (al costado)","POLITICA"],"inLanguage":"es"},{"@type":"WebPage","@id":"https:\/\/diariotextual.com\/inicio\/index.php\/2023\/11\/05\/massa-y-milei-miran-encuestas-mientras-jxc-se-prepara-para-barajar-y-dar-de-nuevo\/","url":"https:\/\/diariotextual.com\/inicio\/index.php\/2023\/11\/05\/massa-y-milei-miran-encuestas-mientras-jxc-se-prepara-para-barajar-y-dar-de-nuevo\/","name":"Massa y Milei miran encuestas, mientras JxC se prepara para barajar y dar de nuevo - Diario Textual","isPartOf":{"@id":"https:\/\/diariotextual.com\/inicio\/#website"},"primaryImageOfPage":{"@id":"https:\/\/diariotextual.com\/inicio\/index.php\/2023\/11\/05\/massa-y-milei-miran-encuestas-mientras-jxc-se-prepara-para-barajar-y-dar-de-nuevo\/#primaryimage"},"image":{"@id":"https:\/\/diariotextual.com\/inicio\/index.php\/2023\/11\/05\/massa-y-milei-miran-encuestas-mientras-jxc-se-prepara-para-barajar-y-dar-de-nuevo\/#primaryimage"},"thumbnailUrl":"https:\/\/diariotextual.com\/inicio\/wp-content\/uploads\/2023\/11\/massasergio2023-7003.jpg","datePublished":"2023-11-05T11:35:50+00:00","dateModified":"2023-11-06T12:15:37+00:00","breadcrumb":{"@id":"https:\/\/diariotextual.com\/inicio\/index.php\/2023\/11\/05\/massa-y-milei-miran-encuestas-mientras-jxc-se-prepara-para-barajar-y-dar-de-nuevo\/#breadcrumb"},"inLanguage":"es","potentialAction":[{"@type":"ReadAction","target":["https:\/\/diariotextual.com\/inicio\/index.php\/2023\/11\/05\/massa-y-milei-miran-encuestas-mientras-jxc-se-prepara-para-barajar-y-dar-de-nuevo\/"]}]},{"@type":"ImageObject","inLanguage":"es","@id":"https:\/\/diariotextual.com\/inicio\/index.php\/2023\/11\/05\/massa-y-milei-miran-encuestas-mientras-jxc-se-prepara-para-barajar-y-dar-de-nuevo\/#primaryimage","url":"https:\/\/diariotextual.com\/inicio\/wp-content\/uploads\/2023\/11\/massasergio2023-7003.jpg","contentUrl":"https:\/\/diariotextual.com\/inicio\/wp-content\/uploads\/2023\/11\/massasergio2023-7003.jpg","width":1280,"height":852},{"@type":"BreadcrumbList","@id":"https:\/\/diariotextual.com\/inicio\/index.php\/2023\/11\/05\/massa-y-milei-miran-encuestas-mientras-jxc-se-prepara-para-barajar-y-dar-de-nuevo\/#breadcrumb","itemListElement":[{"@type":"ListItem","position":1,"name":"Portada","item":"https:\/\/diariotextual.com\/inicio\/"},{"@type":"ListItem","position":2,"name":"Massa y Milei miran encuestas, mientras JxC se prepara para barajar y dar de nuevo"}]},{"@type":"WebSite","@id":"https:\/\/diariotextual.com\/inicio\/#website","url":"https:\/\/diariotextual.com\/inicio\/","name":"Diario Textual","description":"","publisher":{"@id":"https:\/\/diariotextual.com\/inicio\/#organization"},"potentialAction":[{"@type":"SearchAction","target":{"@type":"EntryPoint","urlTemplate":"https:\/\/diariotextual.com\/inicio\/?s={search_term_string}"},"query-input":{"@type":"PropertyValueSpecification","valueRequired":true,"valueName":"search_term_string"}}],"inLanguage":"es"},{"@type":"Organization","@id":"https:\/\/diariotextual.com\/inicio\/#organization","name":"Diario Textual","url":"https:\/\/diariotextual.com\/inicio\/","logo":{"@type":"ImageObject","inLanguage":"es","@id":"https:\/\/diariotextual.com\/inicio\/#\/schema\/logo\/image\/","url":"https:\/\/diariotextual.com\/inicio\/wp-content\/uploads\/2023\/05\/logotextual1.jpg","contentUrl":"https:\/\/diariotextual.com\/inicio\/wp-content\/uploads\/2023\/05\/logotextual1.jpg","width":516,"height":76,"caption":"Diario Textual"},"image":{"@id":"https:\/\/diariotextual.com\/inicio\/#\/schema\/logo\/image\/"},"sameAs":["https:\/\/www.facebook.com\/eltextual","https:\/\/x.com\/eltextual","http:\/\/www.instagram.com\/eltextual"]},{"@type":"Person","@id":"https:\/\/diariotextual.com\/inicio\/#\/schema\/person\/418fc4093c33e86ed41562db3508f958","name":"Diario1 Diario1","image":{"@type":"ImageObject","inLanguage":"es","@id":"https:\/\/secure.gravatar.com\/avatar\/9167d280179c85bc18be67aa7eda765854300033af4896dd779b608640f2ef7a?s=96&d=mm&r=g","url":"https:\/\/secure.gravatar.com\/avatar\/9167d280179c85bc18be67aa7eda765854300033af4896dd779b608640f2ef7a?s=96&d=mm&r=g","contentUrl":"https:\/\/secure.gravatar.com\/avatar\/9167d280179c85bc18be67aa7eda765854300033af4896dd779b608640f2ef7a?s=96&d=mm&r=g","caption":"Diario1 Diario1"},"url":"https:\/\/diariotextual.com\/inicio\/index.php\/author\/diario1\/"}]}},"_links":{"self":[{"href":"https:\/\/diariotextual.com\/inicio\/index.php\/wp-json\/wp\/v2\/posts\/243277","targetHints":{"allow":["GET"]}}],"collection":[{"href":"https:\/\/diariotextual.com\/inicio\/index.php\/wp-json\/wp\/v2\/posts"}],"about":[{"href":"https:\/\/diariotextual.com\/inicio\/index.php\/wp-json\/wp\/v2\/types\/post"}],"author":[{"embeddable":true,"href":"https:\/\/diariotextual.com\/inicio\/index.php\/wp-json\/wp\/v2\/users\/3"}],"replies":[{"embeddable":true,"href":"https:\/\/diariotextual.com\/inicio\/index.php\/wp-json\/wp\/v2\/comments?post=243277"}],"version-history":[{"count":2,"href":"https:\/\/diariotextual.com\/inicio\/index.php\/wp-json\/wp\/v2\/posts\/243277\/revisions"}],"predecessor-version":[{"id":243279,"href":"https:\/\/diariotextual.com\/inicio\/index.php\/wp-json\/wp\/v2\/posts\/243277\/revisions\/243279"}],"wp:featuredmedia":[{"embeddable":true,"href":"https:\/\/diariotextual.com\/inicio\/index.php\/wp-json\/wp\/v2\/media\/242948"}],"wp:attachment":[{"href":"https:\/\/diariotextual.com\/inicio\/index.php\/wp-json\/wp\/v2\/media?parent=243277"}],"wp:term":[{"taxonomy":"category","embeddable":true,"href":"https:\/\/diariotextual.com\/inicio\/index.php\/wp-json\/wp\/v2\/categories?post=243277"},{"taxonomy":"post_tag","embeddable":true,"href":"https:\/\/diariotextual.com\/inicio\/index.php\/wp-json\/wp\/v2\/tags?post=243277"}],"curies":[{"name":"wp","href":"https:\/\/api.w.org\/{rel}","templated":true}]}}