{"id":243280,"date":"2023-11-05T08:41:07","date_gmt":"2023-11-05T11:41:07","guid":{"rendered":"https:\/\/diariotextual.com\/inicio\/?p=243280"},"modified":"2023-11-06T09:15:29","modified_gmt":"2023-11-06T12:15:29","slug":"milei-de-recorrida-sin-motosierras-y-bajo-la-consigna-macrista-del-si-se-puede","status":"publish","type":"post","link":"https:\/\/diariotextual.com\/inicio\/index.php\/2023\/11\/05\/milei-de-recorrida-sin-motosierras-y-bajo-la-consigna-macrista-del-si-se-puede\/","title":{"rendered":"Milei de recorrida sin motosierras y bajo la consigna macrista del \u201cS\u00ed, se puede\u201d"},"content":{"rendered":"\n<p>A 15 d\u00edas del balotaje y bajo la consigna de \u00abs\u00ed, se puede\u00bb que acompa\u00f1\u00f3 las actividades proselitistas de Cambiemos, el candidato a presidente de La Libertad Avanza (LLA) Javier Milei encabez\u00f3 una caravana en Mart\u00ednez y un acto en Palomar.<\/p>\n\n\n\n<p>Ni el postulante ultraliberal ni sus adherentes no exhibieron las habituales motosierras, la herramienta que emplearon para metaforizar los recortes que planea aplicar LLA en el Estado, en el caso de llegar al gobierno, y que tanto se hab\u00eda mostrado en los actos que realiz\u00f3 el espacio antes de las elecciones generales del 22 de octubre.<\/p>\n\n\n\n<p>El l\u00ednea con el acuerdo que alcanz\u00f3 con el expresidente Mauricio Macri y la expostulante de Juntos por el Cambio (JxC), Patricia Bullrich, el economista intent\u00f3 as\u00ed mostrar una faceta m\u00e1s moderada para atraer al votante de la coalici\u00f3n opositora.<\/p>\n\n\n\n<p>\u201cQuiero que sepan que hay esperanza. Podemos volver a ser potencia y para eso tenemos que reventar las urnas. Acompa\u00f1en en la fiscalizaci\u00f3n, podemos ganar y poner de pie a Argentina\u201d, sostuvo el candidato desde el escenario que coloc\u00f3 LLA en Palomar y areng\u00f3 a la multitud con un c\u00e1ntico que \u00e9l mismo inici\u00f3: \u201cS\u00ed\/ se puede\/ S\u00ed, se puede\u201d.<\/p>\n\n\n\n<p>Milei comenz\u00f3 el d\u00eda s\u00e1bado con una recorrida a las 11 en el centro de Mart\u00ednez y camin\u00f3 seguido por la muchedumbre por Avenida Alvear y Arenales.<\/p>\n\n\n\n<p>El candidato se desplaz\u00f3 por la conocida zona comercial y sus militantes tampoco mostraron pancartas con los d\u00f3lares que llevan la cara del diputado nacional, algo que tambi\u00e9n era recurrente en las manifestaciones libertarias.<\/p>\n\n\n\n<p>S\u00f3lo se desplegaron banderas argentinas en ambas concentraciones, en l\u00ednea con un pedido que realiz\u00f3 el equipo de campa\u00f1a de Milei.<br><br>Fuentes cercanas al candidato reconocieron que hab\u00eda \u201cotro p\u00fablico\u201d en esta caminata, con m\u00e1s presencia de adultos mayores y familias con ni\u00f1os, una concurrencia que definieron como \u201cm\u00e1s cercana\u201d al p\u00fablico que acompa\u00f1\u00f3 la campa\u00f1a de Bullrich.<br><br>En la caminata por Mart\u00ednez estuvieron tambi\u00e9n la candidata vicepresidencial de LLA, Victoria Villarruel, la hermana de Milei, Karina; el expostulante a jefe de Gobierno porte\u00f1o, Ramiro Marra; la exaspirante a gobernadora Carolina P\u00edparo; y las diputadas electas Marcela Pagano y Lillia Lemoine.<br><br>En la manifestaci\u00f3n se pudieron ver carteles que conten\u00edan consignas contra la Ley de Interrupci\u00f3n Voluntaria del Embarazo (IVE) y hasta se pudo ver una figura que representaba un feto gigante de yeso, el s\u00edmbolo tradicional de los sectores antiderechos.<\/p>\n\n\n\n<p><\/p>\n","protected":false},"excerpt":{"rendered":"<p>A 15 d\u00edas del balotaje y bajo la consigna de \u00abs\u00ed, se puede\u00bb que acompa\u00f1\u00f3 las actividades proselitistas de Cambiemos, el candidato a presidente de La Libertad Avanza (LLA) Javier&hellip;<\/p>\n","protected":false},"author":3,"featured_media":243281,"comment_status":"closed","ping_status":"open","sticky":false,"template":"","format":"standard","meta":{"_acf_changed":false,"footnotes":""},"categories":[11,8],"tags":[],"class_list":["post-243280","post","type-post","status-publish","format-standard","has-post-thumbnail","hentry","category-que-pasa","category-politica"],"acf":[],"yoast_head":"<!-- This site is optimized with the Yoast SEO plugin v27.4 - https:\/\/yoast.com\/product\/yoast-seo-wordpress\/ -->\n<title>Milei de recorrida sin motosierras y bajo la consigna macrista del \u201cS\u00ed, se puede\u201d - Diario Textual<\/title>\n<meta name=\"robots\" content=\"index, follow, max-snippet:-1, max-image-preview:large, max-video-preview:-1\" \/>\n<link rel=\"canonical\" href=\"https:\/\/diariotextual.com\/inicio\/index.php\/2023\/11\/05\/milei-de-recorrida-sin-motosierras-y-bajo-la-consigna-macrista-del-si-se-puede\/\" \/>\n<meta property=\"og:locale\" content=\"es_ES\" \/>\n<meta property=\"og:type\" content=\"article\" \/>\n<meta property=\"og:title\" content=\"Milei de recorrida sin motosierras y bajo la consigna macrista del \u201cS\u00ed, se puede\u201d - Diario Textual\" \/>\n<meta property=\"og:description\" content=\"A 15 d\u00edas del balotaje y bajo la consigna de \u00abs\u00ed, se puede\u00bb que acompa\u00f1\u00f3 las actividades proselitistas de Cambiemos, el candidato a presidente de La Libertad Avanza (LLA) Javier&hellip;\" \/>\n<meta property=\"og:url\" content=\"https:\/\/diariotextual.com\/inicio\/index.php\/2023\/11\/05\/milei-de-recorrida-sin-motosierras-y-bajo-la-consigna-macrista-del-si-se-puede\/\" \/>\n<meta property=\"og:site_name\" content=\"Diario Textual\" \/>\n<meta property=\"article:publisher\" content=\"https:\/\/www.facebook.com\/eltextual\" \/>\n<meta property=\"article:published_time\" content=\"2023-11-05T11:41:07+00:00\" \/>\n<meta property=\"article:modified_time\" content=\"2023-11-06T12:15:29+00:00\" \/>\n<meta property=\"og:image\" content=\"https:\/\/diariotextual.com\/inicio\/wp-content\/uploads\/2023\/11\/mileijavier2023-102333.jpg\" \/>\n\t<meta property=\"og:image:width\" content=\"1100\" \/>\n\t<meta property=\"og:image:height\" content=\"619\" \/>\n\t<meta property=\"og:image:type\" content=\"image\/jpeg\" \/>\n<meta name=\"author\" content=\"Diario1 Diario1\" \/>\n<meta name=\"twitter:card\" content=\"summary_large_image\" \/>\n<meta name=\"twitter:creator\" content=\"@eltextual\" \/>\n<meta name=\"twitter:site\" content=\"@eltextual\" \/>\n<meta name=\"twitter:label1\" content=\"Escrito por\" \/>\n\t<meta name=\"twitter:data1\" content=\"Diario1 Diario1\" \/>\n\t<meta name=\"twitter:label2\" content=\"Tiempo de lectura\" \/>\n\t<meta name=\"twitter:data2\" content=\"2 minutos\" \/>\n<script type=\"application\/ld+json\" class=\"yoast-schema-graph\">{\"@context\":\"https:\\\/\\\/schema.org\",\"@graph\":[{\"@type\":\"Article\",\"@id\":\"https:\\\/\\\/diariotextual.com\\\/inicio\\\/index.php\\\/2023\\\/11\\\/05\\\/milei-de-recorrida-sin-motosierras-y-bajo-la-consigna-macrista-del-si-se-puede\\\/#article\",\"isPartOf\":{\"@id\":\"https:\\\/\\\/diariotextual.com\\\/inicio\\\/index.php\\\/2023\\\/11\\\/05\\\/milei-de-recorrida-sin-motosierras-y-bajo-la-consigna-macrista-del-si-se-puede\\\/\"},\"author\":{\"name\":\"Diario1 Diario1\",\"@id\":\"https:\\\/\\\/diariotextual.com\\\/inicio\\\/#\\\/schema\\\/person\\\/418fc4093c33e86ed41562db3508f958\"},\"headline\":\"Milei de recorrida sin motosierras y bajo la consigna macrista del \u201cS\u00ed, se puede\u201d\",\"datePublished\":\"2023-11-05T11:41:07+00:00\",\"dateModified\":\"2023-11-06T12:15:29+00:00\",\"mainEntityOfPage\":{\"@id\":\"https:\\\/\\\/diariotextual.com\\\/inicio\\\/index.php\\\/2023\\\/11\\\/05\\\/milei-de-recorrida-sin-motosierras-y-bajo-la-consigna-macrista-del-si-se-puede\\\/\"},\"wordCount\":442,\"publisher\":{\"@id\":\"https:\\\/\\\/diariotextual.com\\\/inicio\\\/#organization\"},\"image\":{\"@id\":\"https:\\\/\\\/diariotextual.com\\\/inicio\\\/index.php\\\/2023\\\/11\\\/05\\\/milei-de-recorrida-sin-motosierras-y-bajo-la-consigna-macrista-del-si-se-puede\\\/#primaryimage\"},\"thumbnailUrl\":\"https:\\\/\\\/diariotextual.com\\\/inicio\\\/wp-content\\\/uploads\\\/2023\\\/11\\\/mileijavier2023-102333.jpg\",\"articleSection\":[\"A - QUE PASA (al costado)\",\"POLITICA\"],\"inLanguage\":\"es\"},{\"@type\":\"WebPage\",\"@id\":\"https:\\\/\\\/diariotextual.com\\\/inicio\\\/index.php\\\/2023\\\/11\\\/05\\\/milei-de-recorrida-sin-motosierras-y-bajo-la-consigna-macrista-del-si-se-puede\\\/\",\"url\":\"https:\\\/\\\/diariotextual.com\\\/inicio\\\/index.php\\\/2023\\\/11\\\/05\\\/milei-de-recorrida-sin-motosierras-y-bajo-la-consigna-macrista-del-si-se-puede\\\/\",\"name\":\"Milei de recorrida sin motosierras y bajo la consigna macrista del \u201cS\u00ed, se puede\u201d - Diario Textual\",\"isPartOf\":{\"@id\":\"https:\\\/\\\/diariotextual.com\\\/inicio\\\/#website\"},\"primaryImageOfPage\":{\"@id\":\"https:\\\/\\\/diariotextual.com\\\/inicio\\\/index.php\\\/2023\\\/11\\\/05\\\/milei-de-recorrida-sin-motosierras-y-bajo-la-consigna-macrista-del-si-se-puede\\\/#primaryimage\"},\"image\":{\"@id\":\"https:\\\/\\\/diariotextual.com\\\/inicio\\\/index.php\\\/2023\\\/11\\\/05\\\/milei-de-recorrida-sin-motosierras-y-bajo-la-consigna-macrista-del-si-se-puede\\\/#primaryimage\"},\"thumbnailUrl\":\"https:\\\/\\\/diariotextual.com\\\/inicio\\\/wp-content\\\/uploads\\\/2023\\\/11\\\/mileijavier2023-102333.jpg\",\"datePublished\":\"2023-11-05T11:41:07+00:00\",\"dateModified\":\"2023-11-06T12:15:29+00:00\",\"breadcrumb\":{\"@id\":\"https:\\\/\\\/diariotextual.com\\\/inicio\\\/index.php\\\/2023\\\/11\\\/05\\\/milei-de-recorrida-sin-motosierras-y-bajo-la-consigna-macrista-del-si-se-puede\\\/#breadcrumb\"},\"inLanguage\":\"es\",\"potentialAction\":[{\"@type\":\"ReadAction\",\"target\":[\"https:\\\/\\\/diariotextual.com\\\/inicio\\\/index.php\\\/2023\\\/11\\\/05\\\/milei-de-recorrida-sin-motosierras-y-bajo-la-consigna-macrista-del-si-se-puede\\\/\"]}]},{\"@type\":\"ImageObject\",\"inLanguage\":\"es\",\"@id\":\"https:\\\/\\\/diariotextual.com\\\/inicio\\\/index.php\\\/2023\\\/11\\\/05\\\/milei-de-recorrida-sin-motosierras-y-bajo-la-consigna-macrista-del-si-se-puede\\\/#primaryimage\",\"url\":\"https:\\\/\\\/diariotextual.com\\\/inicio\\\/wp-content\\\/uploads\\\/2023\\\/11\\\/mileijavier2023-102333.jpg\",\"contentUrl\":\"https:\\\/\\\/diariotextual.com\\\/inicio\\\/wp-content\\\/uploads\\\/2023\\\/11\\\/mileijavier2023-102333.jpg\",\"width\":1100,\"height\":619},{\"@type\":\"BreadcrumbList\",\"@id\":\"https:\\\/\\\/diariotextual.com\\\/inicio\\\/index.php\\\/2023\\\/11\\\/05\\\/milei-de-recorrida-sin-motosierras-y-bajo-la-consigna-macrista-del-si-se-puede\\\/#breadcrumb\",\"itemListElement\":[{\"@type\":\"ListItem\",\"position\":1,\"name\":\"Portada\",\"item\":\"https:\\\/\\\/diariotextual.com\\\/inicio\\\/\"},{\"@type\":\"ListItem\",\"position\":2,\"name\":\"Milei de recorrida sin motosierras y bajo la consigna macrista del \u201cS\u00ed, se puede\u201d\"}]},{\"@type\":\"WebSite\",\"@id\":\"https:\\\/\\\/diariotextual.com\\\/inicio\\\/#website\",\"url\":\"https:\\\/\\\/diariotextual.com\\\/inicio\\\/\",\"name\":\"Diario Textual\",\"description\":\"\",\"publisher\":{\"@id\":\"https:\\\/\\\/diariotextual.com\\\/inicio\\\/#organization\"},\"potentialAction\":[{\"@type\":\"SearchAction\",\"target\":{\"@type\":\"EntryPoint\",\"urlTemplate\":\"https:\\\/\\\/diariotextual.com\\\/inicio\\\/?s={search_term_string}\"},\"query-input\":{\"@type\":\"PropertyValueSpecification\",\"valueRequired\":true,\"valueName\":\"search_term_string\"}}],\"inLanguage\":\"es\"},{\"@type\":\"Organization\",\"@id\":\"https:\\\/\\\/diariotextual.com\\\/inicio\\\/#organization\",\"name\":\"Diario Textual\",\"url\":\"https:\\\/\\\/diariotextual.com\\\/inicio\\\/\",\"logo\":{\"@type\":\"ImageObject\",\"inLanguage\":\"es\",\"@id\":\"https:\\\/\\\/diariotextual.com\\\/inicio\\\/#\\\/schema\\\/logo\\\/image\\\/\",\"url\":\"https:\\\/\\\/diariotextual.com\\\/inicio\\\/wp-content\\\/uploads\\\/2023\\\/05\\\/logotextual1.jpg\",\"contentUrl\":\"https:\\\/\\\/diariotextual.com\\\/inicio\\\/wp-content\\\/uploads\\\/2023\\\/05\\\/logotextual1.jpg\",\"width\":516,\"height\":76,\"caption\":\"Diario Textual\"},\"image\":{\"@id\":\"https:\\\/\\\/diariotextual.com\\\/inicio\\\/#\\\/schema\\\/logo\\\/image\\\/\"},\"sameAs\":[\"https:\\\/\\\/www.facebook.com\\\/eltextual\",\"https:\\\/\\\/x.com\\\/eltextual\",\"http:\\\/\\\/www.instagram.com\\\/eltextual\"]},{\"@type\":\"Person\",\"@id\":\"https:\\\/\\\/diariotextual.com\\\/inicio\\\/#\\\/schema\\\/person\\\/418fc4093c33e86ed41562db3508f958\",\"name\":\"Diario1 Diario1\",\"image\":{\"@type\":\"ImageObject\",\"inLanguage\":\"es\",\"@id\":\"https:\\\/\\\/secure.gravatar.com\\\/avatar\\\/9167d280179c85bc18be67aa7eda765854300033af4896dd779b608640f2ef7a?s=96&d=mm&r=g\",\"url\":\"https:\\\/\\\/secure.gravatar.com\\\/avatar\\\/9167d280179c85bc18be67aa7eda765854300033af4896dd779b608640f2ef7a?s=96&d=mm&r=g\",\"contentUrl\":\"https:\\\/\\\/secure.gravatar.com\\\/avatar\\\/9167d280179c85bc18be67aa7eda765854300033af4896dd779b608640f2ef7a?s=96&d=mm&r=g\",\"caption\":\"Diario1 Diario1\"},\"url\":\"https:\\\/\\\/diariotextual.com\\\/inicio\\\/index.php\\\/author\\\/diario1\\\/\"}]}<\/script>\n<!-- \/ Yoast SEO plugin. -->","yoast_head_json":{"title":"Milei de recorrida sin motosierras y bajo la consigna macrista del \u201cS\u00ed, se puede\u201d - Diario Textual","robots":{"index":"index","follow":"follow","max-snippet":"max-snippet:-1","max-image-preview":"max-image-preview:large","max-video-preview":"max-video-preview:-1"},"canonical":"https:\/\/diariotextual.com\/inicio\/index.php\/2023\/11\/05\/milei-de-recorrida-sin-motosierras-y-bajo-la-consigna-macrista-del-si-se-puede\/","og_locale":"es_ES","og_type":"article","og_title":"Milei de recorrida sin motosierras y bajo la consigna macrista del \u201cS\u00ed, se puede\u201d - Diario Textual","og_description":"A 15 d\u00edas del balotaje y bajo la consigna de \u00abs\u00ed, se puede\u00bb que acompa\u00f1\u00f3 las actividades proselitistas de Cambiemos, el candidato a presidente de La Libertad Avanza (LLA) Javier&hellip;","og_url":"https:\/\/diariotextual.com\/inicio\/index.php\/2023\/11\/05\/milei-de-recorrida-sin-motosierras-y-bajo-la-consigna-macrista-del-si-se-puede\/","og_site_name":"Diario Textual","article_publisher":"https:\/\/www.facebook.com\/eltextual","article_published_time":"2023-11-05T11:41:07+00:00","article_modified_time":"2023-11-06T12:15:29+00:00","og_image":[{"width":1100,"height":619,"url":"https:\/\/diariotextual.com\/inicio\/wp-content\/uploads\/2023\/11\/mileijavier2023-102333.jpg","type":"image\/jpeg"}],"author":"Diario1 Diario1","twitter_card":"summary_large_image","twitter_creator":"@eltextual","twitter_site":"@eltextual","twitter_misc":{"Escrito por":"Diario1 Diario1","Tiempo de lectura":"2 minutos"},"schema":{"@context":"https:\/\/schema.org","@graph":[{"@type":"Article","@id":"https:\/\/diariotextual.com\/inicio\/index.php\/2023\/11\/05\/milei-de-recorrida-sin-motosierras-y-bajo-la-consigna-macrista-del-si-se-puede\/#article","isPartOf":{"@id":"https:\/\/diariotextual.com\/inicio\/index.php\/2023\/11\/05\/milei-de-recorrida-sin-motosierras-y-bajo-la-consigna-macrista-del-si-se-puede\/"},"author":{"name":"Diario1 Diario1","@id":"https:\/\/diariotextual.com\/inicio\/#\/schema\/person\/418fc4093c33e86ed41562db3508f958"},"headline":"Milei de recorrida sin motosierras y bajo la consigna macrista del \u201cS\u00ed, se puede\u201d","datePublished":"2023-11-05T11:41:07+00:00","dateModified":"2023-11-06T12:15:29+00:00","mainEntityOfPage":{"@id":"https:\/\/diariotextual.com\/inicio\/index.php\/2023\/11\/05\/milei-de-recorrida-sin-motosierras-y-bajo-la-consigna-macrista-del-si-se-puede\/"},"wordCount":442,"publisher":{"@id":"https:\/\/diariotextual.com\/inicio\/#organization"},"image":{"@id":"https:\/\/diariotextual.com\/inicio\/index.php\/2023\/11\/05\/milei-de-recorrida-sin-motosierras-y-bajo-la-consigna-macrista-del-si-se-puede\/#primaryimage"},"thumbnailUrl":"https:\/\/diariotextual.com\/inicio\/wp-content\/uploads\/2023\/11\/mileijavier2023-102333.jpg","articleSection":["A - QUE PASA (al costado)","POLITICA"],"inLanguage":"es"},{"@type":"WebPage","@id":"https:\/\/diariotextual.com\/inicio\/index.php\/2023\/11\/05\/milei-de-recorrida-sin-motosierras-y-bajo-la-consigna-macrista-del-si-se-puede\/","url":"https:\/\/diariotextual.com\/inicio\/index.php\/2023\/11\/05\/milei-de-recorrida-sin-motosierras-y-bajo-la-consigna-macrista-del-si-se-puede\/","name":"Milei de recorrida sin motosierras y bajo la consigna macrista del \u201cS\u00ed, se puede\u201d - Diario Textual","isPartOf":{"@id":"https:\/\/diariotextual.com\/inicio\/#website"},"primaryImageOfPage":{"@id":"https:\/\/diariotextual.com\/inicio\/index.php\/2023\/11\/05\/milei-de-recorrida-sin-motosierras-y-bajo-la-consigna-macrista-del-si-se-puede\/#primaryimage"},"image":{"@id":"https:\/\/diariotextual.com\/inicio\/index.php\/2023\/11\/05\/milei-de-recorrida-sin-motosierras-y-bajo-la-consigna-macrista-del-si-se-puede\/#primaryimage"},"thumbnailUrl":"https:\/\/diariotextual.com\/inicio\/wp-content\/uploads\/2023\/11\/mileijavier2023-102333.jpg","datePublished":"2023-11-05T11:41:07+00:00","dateModified":"2023-11-06T12:15:29+00:00","breadcrumb":{"@id":"https:\/\/diariotextual.com\/inicio\/index.php\/2023\/11\/05\/milei-de-recorrida-sin-motosierras-y-bajo-la-consigna-macrista-del-si-se-puede\/#breadcrumb"},"inLanguage":"es","potentialAction":[{"@type":"ReadAction","target":["https:\/\/diariotextual.com\/inicio\/index.php\/2023\/11\/05\/milei-de-recorrida-sin-motosierras-y-bajo-la-consigna-macrista-del-si-se-puede\/"]}]},{"@type":"ImageObject","inLanguage":"es","@id":"https:\/\/diariotextual.com\/inicio\/index.php\/2023\/11\/05\/milei-de-recorrida-sin-motosierras-y-bajo-la-consigna-macrista-del-si-se-puede\/#primaryimage","url":"https:\/\/diariotextual.com\/inicio\/wp-content\/uploads\/2023\/11\/mileijavier2023-102333.jpg","contentUrl":"https:\/\/diariotextual.com\/inicio\/wp-content\/uploads\/2023\/11\/mileijavier2023-102333.jpg","width":1100,"height":619},{"@type":"BreadcrumbList","@id":"https:\/\/diariotextual.com\/inicio\/index.php\/2023\/11\/05\/milei-de-recorrida-sin-motosierras-y-bajo-la-consigna-macrista-del-si-se-puede\/#breadcrumb","itemListElement":[{"@type":"ListItem","position":1,"name":"Portada","item":"https:\/\/diariotextual.com\/inicio\/"},{"@type":"ListItem","position":2,"name":"Milei de recorrida sin motosierras y bajo la consigna macrista del \u201cS\u00ed, se puede\u201d"}]},{"@type":"WebSite","@id":"https:\/\/diariotextual.com\/inicio\/#website","url":"https:\/\/diariotextual.com\/inicio\/","name":"Diario Textual","description":"","publisher":{"@id":"https:\/\/diariotextual.com\/inicio\/#organization"},"potentialAction":[{"@type":"SearchAction","target":{"@type":"EntryPoint","urlTemplate":"https:\/\/diariotextual.com\/inicio\/?s={search_term_string}"},"query-input":{"@type":"PropertyValueSpecification","valueRequired":true,"valueName":"search_term_string"}}],"inLanguage":"es"},{"@type":"Organization","@id":"https:\/\/diariotextual.com\/inicio\/#organization","name":"Diario Textual","url":"https:\/\/diariotextual.com\/inicio\/","logo":{"@type":"ImageObject","inLanguage":"es","@id":"https:\/\/diariotextual.com\/inicio\/#\/schema\/logo\/image\/","url":"https:\/\/diariotextual.com\/inicio\/wp-content\/uploads\/2023\/05\/logotextual1.jpg","contentUrl":"https:\/\/diariotextual.com\/inicio\/wp-content\/uploads\/2023\/05\/logotextual1.jpg","width":516,"height":76,"caption":"Diario Textual"},"image":{"@id":"https:\/\/diariotextual.com\/inicio\/#\/schema\/logo\/image\/"},"sameAs":["https:\/\/www.facebook.com\/eltextual","https:\/\/x.com\/eltextual","http:\/\/www.instagram.com\/eltextual"]},{"@type":"Person","@id":"https:\/\/diariotextual.com\/inicio\/#\/schema\/person\/418fc4093c33e86ed41562db3508f958","name":"Diario1 Diario1","image":{"@type":"ImageObject","inLanguage":"es","@id":"https:\/\/secure.gravatar.com\/avatar\/9167d280179c85bc18be67aa7eda765854300033af4896dd779b608640f2ef7a?s=96&d=mm&r=g","url":"https:\/\/secure.gravatar.com\/avatar\/9167d280179c85bc18be67aa7eda765854300033af4896dd779b608640f2ef7a?s=96&d=mm&r=g","contentUrl":"https:\/\/secure.gravatar.com\/avatar\/9167d280179c85bc18be67aa7eda765854300033af4896dd779b608640f2ef7a?s=96&d=mm&r=g","caption":"Diario1 Diario1"},"url":"https:\/\/diariotextual.com\/inicio\/index.php\/author\/diario1\/"}]}},"_links":{"self":[{"href":"https:\/\/diariotextual.com\/inicio\/index.php\/wp-json\/wp\/v2\/posts\/243280","targetHints":{"allow":["GET"]}}],"collection":[{"href":"https:\/\/diariotextual.com\/inicio\/index.php\/wp-json\/wp\/v2\/posts"}],"about":[{"href":"https:\/\/diariotextual.com\/inicio\/index.php\/wp-json\/wp\/v2\/types\/post"}],"author":[{"embeddable":true,"href":"https:\/\/diariotextual.com\/inicio\/index.php\/wp-json\/wp\/v2\/users\/3"}],"replies":[{"embeddable":true,"href":"https:\/\/diariotextual.com\/inicio\/index.php\/wp-json\/wp\/v2\/comments?post=243280"}],"version-history":[{"count":1,"href":"https:\/\/diariotextual.com\/inicio\/index.php\/wp-json\/wp\/v2\/posts\/243280\/revisions"}],"predecessor-version":[{"id":243282,"href":"https:\/\/diariotextual.com\/inicio\/index.php\/wp-json\/wp\/v2\/posts\/243280\/revisions\/243282"}],"wp:featuredmedia":[{"embeddable":true,"href":"https:\/\/diariotextual.com\/inicio\/index.php\/wp-json\/wp\/v2\/media\/243281"}],"wp:attachment":[{"href":"https:\/\/diariotextual.com\/inicio\/index.php\/wp-json\/wp\/v2\/media?parent=243280"}],"wp:term":[{"taxonomy":"category","embeddable":true,"href":"https:\/\/diariotextual.com\/inicio\/index.php\/wp-json\/wp\/v2\/categories?post=243280"},{"taxonomy":"post_tag","embeddable":true,"href":"https:\/\/diariotextual.com\/inicio\/index.php\/wp-json\/wp\/v2\/tags?post=243280"}],"curies":[{"name":"wp","href":"https:\/\/api.w.org\/{rel}","templated":true}]}}