{"id":243294,"date":"2023-11-05T11:00:40","date_gmt":"2023-11-05T14:00:40","guid":{"rendered":"https:\/\/diariotextual.com\/inicio\/?p=243294"},"modified":"2023-11-05T18:05:33","modified_gmt":"2023-11-05T21:05:33","slug":"cavani-rompio-el-silencio-tras-perder-la-final-de-la-copa-libertadores-el-grupo-seguira-adelante-y-unido","status":"publish","type":"post","link":"https:\/\/diariotextual.com\/inicio\/index.php\/2023\/11\/05\/cavani-rompio-el-silencio-tras-perder-la-final-de-la-copa-libertadores-el-grupo-seguira-adelante-y-unido\/","title":{"rendered":"Cavani rompi\u00f3 el silencio tras perder la final de la Copa Libertadores: \u201cEl grupo seguir\u00e1 adelante y unido\u201d"},"content":{"rendered":"\n<p>Despu\u00e9s de la final de la Copa Libertadores en el Maracan\u00e1, donde Boca cay\u00f3 1-2 ante Fluminense, el delantero uruguayo\u00a0<strong>Edinson Cavani tom\u00f3 la iniciativa de agradecer a los hinchas por su masivo respaldo y expres\u00f3 su compromiso con la unidad del equipo.<\/strong>\u00a0<\/p>\n\n\n\n<p>En un mensaje publicado en su cuenta de una red social, Cavani expres\u00f3 su gratitud: \u201c<strong>Gracias a todos los que estuvieron y tambi\u00e9n aquellos que no pudieron estar por acompa\u00f1arnos con el alma. Nuestro deseo m\u00e1s grande era el mismo que el de todos ustedes. Este grupo seguir\u00e1 adelante unido como debe ser. Vamos Boca\u201d, escribi\u00f3.<\/strong><\/p>\n\n\n\n<p>A pesar de la derrota,<strong>&nbsp;el delantero uruguayo hizo hincapi\u00e9 en la importancia de mantener la unidad en el equipo y el apoyo de los hinchas en este momento dif\u00edcil.<\/strong>&nbsp;El deseo compartido de conseguir la tan ansiada s\u00e9ptima Copa Libertadores fue un objetivo que no se cumpli\u00f3, pero&nbsp;<strong>el goleador resalt\u00f3 la determinaci\u00f3n del grupo para seguir adelante.<\/strong><\/p>\n\n\n\n<p>Cavani -de 36 a\u00f1os- tuvo un desempe\u00f1o discreto en este partido decisivo y fue reemplazado a los 77 minutos debido a una molestia muscular. A pesar de sus esfuerzos,<strong>&nbsp;tuvo pocas oportunidades en el encuentro, lo que reflej\u00f3 la dificultad que enfrent\u00f3 Boca en algunos minutos del partido final.<\/strong><\/p>\n\n\n\n<p>Desde su llegada al club a finales de julio en condici\u00f3n de jugador libre<strong>, el \u201cMatador\u201d no logr\u00f3 cumplir con las altas expectativas generadas por su trayectoria, marcando solo tres goles en 14 partidos disputados en diferentes competiciones.<\/strong><\/p>\n","protected":false},"excerpt":{"rendered":"<p>Despu\u00e9s de la final de la Copa Libertadores en el Maracan\u00e1, donde Boca cay\u00f3 1-2 ante Fluminense, el delantero uruguayo\u00a0Edinson Cavani tom\u00f3 la iniciativa de agradecer a los hinchas por&hellip;<\/p>\n","protected":false},"author":3,"featured_media":243297,"comment_status":"closed","ping_status":"open","sticky":false,"template":"","format":"standard","meta":{"_acf_changed":false,"footnotes":""},"categories":[1,3],"tags":[],"class_list":["post-243294","post","type-post","status-publish","format-standard","has-post-thumbnail","hentry","category-es-noticia","category-deportes"],"acf":[],"yoast_head":"<!-- This site is optimized with the Yoast SEO plugin v27.5 - https:\/\/yoast.com\/product\/yoast-seo-wordpress\/ -->\n<title>Cavani rompi\u00f3 el silencio tras perder la final de la Copa Libertadores: \u201cEl grupo seguir\u00e1 adelante y unido\u201d - Diario Textual<\/title>\n<meta name=\"robots\" content=\"index, follow, max-snippet:-1, max-image-preview:large, max-video-preview:-1\" \/>\n<link rel=\"canonical\" href=\"https:\/\/diariotextual.com\/inicio\/index.php\/2023\/11\/05\/cavani-rompio-el-silencio-tras-perder-la-final-de-la-copa-libertadores-el-grupo-seguira-adelante-y-unido\/\" \/>\n<meta property=\"og:locale\" content=\"es_ES\" \/>\n<meta property=\"og:type\" content=\"article\" \/>\n<meta property=\"og:title\" content=\"Cavani rompi\u00f3 el silencio tras perder la final de la Copa Libertadores: \u201cEl grupo seguir\u00e1 adelante y unido\u201d - Diario Textual\" \/>\n<meta property=\"og:description\" content=\"Despu\u00e9s de la final de la Copa Libertadores en el Maracan\u00e1, donde Boca cay\u00f3 1-2 ante Fluminense, el delantero uruguayo\u00a0Edinson Cavani tom\u00f3 la iniciativa de agradecer a los hinchas por&hellip;\" \/>\n<meta property=\"og:url\" content=\"https:\/\/diariotextual.com\/inicio\/index.php\/2023\/11\/05\/cavani-rompio-el-silencio-tras-perder-la-final-de-la-copa-libertadores-el-grupo-seguira-adelante-y-unido\/\" \/>\n<meta property=\"og:site_name\" content=\"Diario Textual\" \/>\n<meta property=\"article:publisher\" content=\"https:\/\/www.facebook.com\/eltextual\" \/>\n<meta property=\"article:published_time\" content=\"2023-11-05T14:00:40+00:00\" \/>\n<meta property=\"article:modified_time\" content=\"2023-11-05T21:05:33+00:00\" \/>\n<meta property=\"og:image\" content=\"https:\/\/diariotextual.com\/inicio\/wp-content\/uploads\/2023\/11\/cavaniedinsonfinalfluminense2023-1.jpg\" \/>\n\t<meta property=\"og:image:width\" content=\"1500\" \/>\n\t<meta property=\"og:image:height\" content=\"998\" \/>\n\t<meta property=\"og:image:type\" content=\"image\/jpeg\" \/>\n<meta name=\"author\" content=\"Diario1 Diario1\" \/>\n<meta name=\"twitter:card\" content=\"summary_large_image\" \/>\n<meta name=\"twitter:creator\" content=\"@eltextual\" \/>\n<meta name=\"twitter:site\" content=\"@eltextual\" \/>\n<meta name=\"twitter:label1\" content=\"Escrito por\" \/>\n\t<meta name=\"twitter:data1\" content=\"Diario1 Diario1\" \/>\n\t<meta name=\"twitter:label2\" content=\"Tiempo de lectura\" \/>\n\t<meta name=\"twitter:data2\" content=\"2 minutos\" \/>\n<script type=\"application\/ld+json\" class=\"yoast-schema-graph\">{\"@context\":\"https:\\\/\\\/schema.org\",\"@graph\":[{\"@type\":\"Article\",\"@id\":\"https:\\\/\\\/diariotextual.com\\\/inicio\\\/index.php\\\/2023\\\/11\\\/05\\\/cavani-rompio-el-silencio-tras-perder-la-final-de-la-copa-libertadores-el-grupo-seguira-adelante-y-unido\\\/#article\",\"isPartOf\":{\"@id\":\"https:\\\/\\\/diariotextual.com\\\/inicio\\\/index.php\\\/2023\\\/11\\\/05\\\/cavani-rompio-el-silencio-tras-perder-la-final-de-la-copa-libertadores-el-grupo-seguira-adelante-y-unido\\\/\"},\"author\":{\"name\":\"Diario1 Diario1\",\"@id\":\"https:\\\/\\\/diariotextual.com\\\/inicio\\\/#\\\/schema\\\/person\\\/418fc4093c33e86ed41562db3508f958\"},\"headline\":\"Cavani rompi\u00f3 el silencio tras perder la final de la Copa Libertadores: \u201cEl grupo seguir\u00e1 adelante y unido\u201d\",\"datePublished\":\"2023-11-05T14:00:40+00:00\",\"dateModified\":\"2023-11-05T21:05:33+00:00\",\"mainEntityOfPage\":{\"@id\":\"https:\\\/\\\/diariotextual.com\\\/inicio\\\/index.php\\\/2023\\\/11\\\/05\\\/cavani-rompio-el-silencio-tras-perder-la-final-de-la-copa-libertadores-el-grupo-seguira-adelante-y-unido\\\/\"},\"wordCount\":274,\"publisher\":{\"@id\":\"https:\\\/\\\/diariotextual.com\\\/inicio\\\/#organization\"},\"image\":{\"@id\":\"https:\\\/\\\/diariotextual.com\\\/inicio\\\/index.php\\\/2023\\\/11\\\/05\\\/cavani-rompio-el-silencio-tras-perder-la-final-de-la-copa-libertadores-el-grupo-seguira-adelante-y-unido\\\/#primaryimage\"},\"thumbnailUrl\":\"https:\\\/\\\/diariotextual.com\\\/inicio\\\/wp-content\\\/uploads\\\/2023\\\/11\\\/cavaniedinsonfinalfluminense2023-1.jpg\",\"articleSection\":[\"A - ES NOTICIA (van abajo)\",\"DEPORTES\"],\"inLanguage\":\"es\"},{\"@type\":\"WebPage\",\"@id\":\"https:\\\/\\\/diariotextual.com\\\/inicio\\\/index.php\\\/2023\\\/11\\\/05\\\/cavani-rompio-el-silencio-tras-perder-la-final-de-la-copa-libertadores-el-grupo-seguira-adelante-y-unido\\\/\",\"url\":\"https:\\\/\\\/diariotextual.com\\\/inicio\\\/index.php\\\/2023\\\/11\\\/05\\\/cavani-rompio-el-silencio-tras-perder-la-final-de-la-copa-libertadores-el-grupo-seguira-adelante-y-unido\\\/\",\"name\":\"Cavani rompi\u00f3 el silencio tras perder la final de la Copa Libertadores: \u201cEl grupo seguir\u00e1 adelante y unido\u201d - Diario Textual\",\"isPartOf\":{\"@id\":\"https:\\\/\\\/diariotextual.com\\\/inicio\\\/#website\"},\"primaryImageOfPage\":{\"@id\":\"https:\\\/\\\/diariotextual.com\\\/inicio\\\/index.php\\\/2023\\\/11\\\/05\\\/cavani-rompio-el-silencio-tras-perder-la-final-de-la-copa-libertadores-el-grupo-seguira-adelante-y-unido\\\/#primaryimage\"},\"image\":{\"@id\":\"https:\\\/\\\/diariotextual.com\\\/inicio\\\/index.php\\\/2023\\\/11\\\/05\\\/cavani-rompio-el-silencio-tras-perder-la-final-de-la-copa-libertadores-el-grupo-seguira-adelante-y-unido\\\/#primaryimage\"},\"thumbnailUrl\":\"https:\\\/\\\/diariotextual.com\\\/inicio\\\/wp-content\\\/uploads\\\/2023\\\/11\\\/cavaniedinsonfinalfluminense2023-1.jpg\",\"datePublished\":\"2023-11-05T14:00:40+00:00\",\"dateModified\":\"2023-11-05T21:05:33+00:00\",\"breadcrumb\":{\"@id\":\"https:\\\/\\\/diariotextual.com\\\/inicio\\\/index.php\\\/2023\\\/11\\\/05\\\/cavani-rompio-el-silencio-tras-perder-la-final-de-la-copa-libertadores-el-grupo-seguira-adelante-y-unido\\\/#breadcrumb\"},\"inLanguage\":\"es\",\"potentialAction\":[{\"@type\":\"ReadAction\",\"target\":[\"https:\\\/\\\/diariotextual.com\\\/inicio\\\/index.php\\\/2023\\\/11\\\/05\\\/cavani-rompio-el-silencio-tras-perder-la-final-de-la-copa-libertadores-el-grupo-seguira-adelante-y-unido\\\/\"]}]},{\"@type\":\"ImageObject\",\"inLanguage\":\"es\",\"@id\":\"https:\\\/\\\/diariotextual.com\\\/inicio\\\/index.php\\\/2023\\\/11\\\/05\\\/cavani-rompio-el-silencio-tras-perder-la-final-de-la-copa-libertadores-el-grupo-seguira-adelante-y-unido\\\/#primaryimage\",\"url\":\"https:\\\/\\\/diariotextual.com\\\/inicio\\\/wp-content\\\/uploads\\\/2023\\\/11\\\/cavaniedinsonfinalfluminense2023-1.jpg\",\"contentUrl\":\"https:\\\/\\\/diariotextual.com\\\/inicio\\\/wp-content\\\/uploads\\\/2023\\\/11\\\/cavaniedinsonfinalfluminense2023-1.jpg\",\"width\":1500,\"height\":998},{\"@type\":\"BreadcrumbList\",\"@id\":\"https:\\\/\\\/diariotextual.com\\\/inicio\\\/index.php\\\/2023\\\/11\\\/05\\\/cavani-rompio-el-silencio-tras-perder-la-final-de-la-copa-libertadores-el-grupo-seguira-adelante-y-unido\\\/#breadcrumb\",\"itemListElement\":[{\"@type\":\"ListItem\",\"position\":1,\"name\":\"Portada\",\"item\":\"https:\\\/\\\/diariotextual.com\\\/inicio\\\/\"},{\"@type\":\"ListItem\",\"position\":2,\"name\":\"Cavani rompi\u00f3 el silencio tras perder la final de la Copa Libertadores: \u201cEl grupo seguir\u00e1 adelante y unido\u201d\"}]},{\"@type\":\"WebSite\",\"@id\":\"https:\\\/\\\/diariotextual.com\\\/inicio\\\/#website\",\"url\":\"https:\\\/\\\/diariotextual.com\\\/inicio\\\/\",\"name\":\"Diario Textual\",\"description\":\"\",\"publisher\":{\"@id\":\"https:\\\/\\\/diariotextual.com\\\/inicio\\\/#organization\"},\"potentialAction\":[{\"@type\":\"SearchAction\",\"target\":{\"@type\":\"EntryPoint\",\"urlTemplate\":\"https:\\\/\\\/diariotextual.com\\\/inicio\\\/?s={search_term_string}\"},\"query-input\":{\"@type\":\"PropertyValueSpecification\",\"valueRequired\":true,\"valueName\":\"search_term_string\"}}],\"inLanguage\":\"es\"},{\"@type\":\"Organization\",\"@id\":\"https:\\\/\\\/diariotextual.com\\\/inicio\\\/#organization\",\"name\":\"Diario Textual\",\"url\":\"https:\\\/\\\/diariotextual.com\\\/inicio\\\/\",\"logo\":{\"@type\":\"ImageObject\",\"inLanguage\":\"es\",\"@id\":\"https:\\\/\\\/diariotextual.com\\\/inicio\\\/#\\\/schema\\\/logo\\\/image\\\/\",\"url\":\"https:\\\/\\\/diariotextual.com\\\/inicio\\\/wp-content\\\/uploads\\\/2023\\\/05\\\/logotextual1.jpg\",\"contentUrl\":\"https:\\\/\\\/diariotextual.com\\\/inicio\\\/wp-content\\\/uploads\\\/2023\\\/05\\\/logotextual1.jpg\",\"width\":516,\"height\":76,\"caption\":\"Diario Textual\"},\"image\":{\"@id\":\"https:\\\/\\\/diariotextual.com\\\/inicio\\\/#\\\/schema\\\/logo\\\/image\\\/\"},\"sameAs\":[\"https:\\\/\\\/www.facebook.com\\\/eltextual\",\"https:\\\/\\\/x.com\\\/eltextual\",\"http:\\\/\\\/www.instagram.com\\\/eltextual\"]},{\"@type\":\"Person\",\"@id\":\"https:\\\/\\\/diariotextual.com\\\/inicio\\\/#\\\/schema\\\/person\\\/418fc4093c33e86ed41562db3508f958\",\"name\":\"Diario1 Diario1\",\"image\":{\"@type\":\"ImageObject\",\"inLanguage\":\"es\",\"@id\":\"https:\\\/\\\/secure.gravatar.com\\\/avatar\\\/9167d280179c85bc18be67aa7eda765854300033af4896dd779b608640f2ef7a?s=96&d=mm&r=g\",\"url\":\"https:\\\/\\\/secure.gravatar.com\\\/avatar\\\/9167d280179c85bc18be67aa7eda765854300033af4896dd779b608640f2ef7a?s=96&d=mm&r=g\",\"contentUrl\":\"https:\\\/\\\/secure.gravatar.com\\\/avatar\\\/9167d280179c85bc18be67aa7eda765854300033af4896dd779b608640f2ef7a?s=96&d=mm&r=g\",\"caption\":\"Diario1 Diario1\"},\"url\":\"https:\\\/\\\/diariotextual.com\\\/inicio\\\/index.php\\\/author\\\/diario1\\\/\"}]}<\/script>\n<!-- \/ Yoast SEO plugin. -->","yoast_head_json":{"title":"Cavani rompi\u00f3 el silencio tras perder la final de la Copa Libertadores: \u201cEl grupo seguir\u00e1 adelante y unido\u201d - Diario Textual","robots":{"index":"index","follow":"follow","max-snippet":"max-snippet:-1","max-image-preview":"max-image-preview:large","max-video-preview":"max-video-preview:-1"},"canonical":"https:\/\/diariotextual.com\/inicio\/index.php\/2023\/11\/05\/cavani-rompio-el-silencio-tras-perder-la-final-de-la-copa-libertadores-el-grupo-seguira-adelante-y-unido\/","og_locale":"es_ES","og_type":"article","og_title":"Cavani rompi\u00f3 el silencio tras perder la final de la Copa Libertadores: \u201cEl grupo seguir\u00e1 adelante y unido\u201d - Diario Textual","og_description":"Despu\u00e9s de la final de la Copa Libertadores en el Maracan\u00e1, donde Boca cay\u00f3 1-2 ante Fluminense, el delantero uruguayo\u00a0Edinson Cavani tom\u00f3 la iniciativa de agradecer a los hinchas por&hellip;","og_url":"https:\/\/diariotextual.com\/inicio\/index.php\/2023\/11\/05\/cavani-rompio-el-silencio-tras-perder-la-final-de-la-copa-libertadores-el-grupo-seguira-adelante-y-unido\/","og_site_name":"Diario Textual","article_publisher":"https:\/\/www.facebook.com\/eltextual","article_published_time":"2023-11-05T14:00:40+00:00","article_modified_time":"2023-11-05T21:05:33+00:00","og_image":[{"width":1500,"height":998,"url":"https:\/\/diariotextual.com\/inicio\/wp-content\/uploads\/2023\/11\/cavaniedinsonfinalfluminense2023-1.jpg","type":"image\/jpeg"}],"author":"Diario1 Diario1","twitter_card":"summary_large_image","twitter_creator":"@eltextual","twitter_site":"@eltextual","twitter_misc":{"Escrito por":"Diario1 Diario1","Tiempo de lectura":"2 minutos"},"schema":{"@context":"https:\/\/schema.org","@graph":[{"@type":"Article","@id":"https:\/\/diariotextual.com\/inicio\/index.php\/2023\/11\/05\/cavani-rompio-el-silencio-tras-perder-la-final-de-la-copa-libertadores-el-grupo-seguira-adelante-y-unido\/#article","isPartOf":{"@id":"https:\/\/diariotextual.com\/inicio\/index.php\/2023\/11\/05\/cavani-rompio-el-silencio-tras-perder-la-final-de-la-copa-libertadores-el-grupo-seguira-adelante-y-unido\/"},"author":{"name":"Diario1 Diario1","@id":"https:\/\/diariotextual.com\/inicio\/#\/schema\/person\/418fc4093c33e86ed41562db3508f958"},"headline":"Cavani rompi\u00f3 el silencio tras perder la final de la Copa Libertadores: \u201cEl grupo seguir\u00e1 adelante y unido\u201d","datePublished":"2023-11-05T14:00:40+00:00","dateModified":"2023-11-05T21:05:33+00:00","mainEntityOfPage":{"@id":"https:\/\/diariotextual.com\/inicio\/index.php\/2023\/11\/05\/cavani-rompio-el-silencio-tras-perder-la-final-de-la-copa-libertadores-el-grupo-seguira-adelante-y-unido\/"},"wordCount":274,"publisher":{"@id":"https:\/\/diariotextual.com\/inicio\/#organization"},"image":{"@id":"https:\/\/diariotextual.com\/inicio\/index.php\/2023\/11\/05\/cavani-rompio-el-silencio-tras-perder-la-final-de-la-copa-libertadores-el-grupo-seguira-adelante-y-unido\/#primaryimage"},"thumbnailUrl":"https:\/\/diariotextual.com\/inicio\/wp-content\/uploads\/2023\/11\/cavaniedinsonfinalfluminense2023-1.jpg","articleSection":["A - ES NOTICIA (van abajo)","DEPORTES"],"inLanguage":"es"},{"@type":"WebPage","@id":"https:\/\/diariotextual.com\/inicio\/index.php\/2023\/11\/05\/cavani-rompio-el-silencio-tras-perder-la-final-de-la-copa-libertadores-el-grupo-seguira-adelante-y-unido\/","url":"https:\/\/diariotextual.com\/inicio\/index.php\/2023\/11\/05\/cavani-rompio-el-silencio-tras-perder-la-final-de-la-copa-libertadores-el-grupo-seguira-adelante-y-unido\/","name":"Cavani rompi\u00f3 el silencio tras perder la final de la Copa Libertadores: \u201cEl grupo seguir\u00e1 adelante y unido\u201d - Diario Textual","isPartOf":{"@id":"https:\/\/diariotextual.com\/inicio\/#website"},"primaryImageOfPage":{"@id":"https:\/\/diariotextual.com\/inicio\/index.php\/2023\/11\/05\/cavani-rompio-el-silencio-tras-perder-la-final-de-la-copa-libertadores-el-grupo-seguira-adelante-y-unido\/#primaryimage"},"image":{"@id":"https:\/\/diariotextual.com\/inicio\/index.php\/2023\/11\/05\/cavani-rompio-el-silencio-tras-perder-la-final-de-la-copa-libertadores-el-grupo-seguira-adelante-y-unido\/#primaryimage"},"thumbnailUrl":"https:\/\/diariotextual.com\/inicio\/wp-content\/uploads\/2023\/11\/cavaniedinsonfinalfluminense2023-1.jpg","datePublished":"2023-11-05T14:00:40+00:00","dateModified":"2023-11-05T21:05:33+00:00","breadcrumb":{"@id":"https:\/\/diariotextual.com\/inicio\/index.php\/2023\/11\/05\/cavani-rompio-el-silencio-tras-perder-la-final-de-la-copa-libertadores-el-grupo-seguira-adelante-y-unido\/#breadcrumb"},"inLanguage":"es","potentialAction":[{"@type":"ReadAction","target":["https:\/\/diariotextual.com\/inicio\/index.php\/2023\/11\/05\/cavani-rompio-el-silencio-tras-perder-la-final-de-la-copa-libertadores-el-grupo-seguira-adelante-y-unido\/"]}]},{"@type":"ImageObject","inLanguage":"es","@id":"https:\/\/diariotextual.com\/inicio\/index.php\/2023\/11\/05\/cavani-rompio-el-silencio-tras-perder-la-final-de-la-copa-libertadores-el-grupo-seguira-adelante-y-unido\/#primaryimage","url":"https:\/\/diariotextual.com\/inicio\/wp-content\/uploads\/2023\/11\/cavaniedinsonfinalfluminense2023-1.jpg","contentUrl":"https:\/\/diariotextual.com\/inicio\/wp-content\/uploads\/2023\/11\/cavaniedinsonfinalfluminense2023-1.jpg","width":1500,"height":998},{"@type":"BreadcrumbList","@id":"https:\/\/diariotextual.com\/inicio\/index.php\/2023\/11\/05\/cavani-rompio-el-silencio-tras-perder-la-final-de-la-copa-libertadores-el-grupo-seguira-adelante-y-unido\/#breadcrumb","itemListElement":[{"@type":"ListItem","position":1,"name":"Portada","item":"https:\/\/diariotextual.com\/inicio\/"},{"@type":"ListItem","position":2,"name":"Cavani rompi\u00f3 el silencio tras perder la final de la Copa Libertadores: \u201cEl grupo seguir\u00e1 adelante y unido\u201d"}]},{"@type":"WebSite","@id":"https:\/\/diariotextual.com\/inicio\/#website","url":"https:\/\/diariotextual.com\/inicio\/","name":"Diario Textual","description":"","publisher":{"@id":"https:\/\/diariotextual.com\/inicio\/#organization"},"potentialAction":[{"@type":"SearchAction","target":{"@type":"EntryPoint","urlTemplate":"https:\/\/diariotextual.com\/inicio\/?s={search_term_string}"},"query-input":{"@type":"PropertyValueSpecification","valueRequired":true,"valueName":"search_term_string"}}],"inLanguage":"es"},{"@type":"Organization","@id":"https:\/\/diariotextual.com\/inicio\/#organization","name":"Diario Textual","url":"https:\/\/diariotextual.com\/inicio\/","logo":{"@type":"ImageObject","inLanguage":"es","@id":"https:\/\/diariotextual.com\/inicio\/#\/schema\/logo\/image\/","url":"https:\/\/diariotextual.com\/inicio\/wp-content\/uploads\/2023\/05\/logotextual1.jpg","contentUrl":"https:\/\/diariotextual.com\/inicio\/wp-content\/uploads\/2023\/05\/logotextual1.jpg","width":516,"height":76,"caption":"Diario Textual"},"image":{"@id":"https:\/\/diariotextual.com\/inicio\/#\/schema\/logo\/image\/"},"sameAs":["https:\/\/www.facebook.com\/eltextual","https:\/\/x.com\/eltextual","http:\/\/www.instagram.com\/eltextual"]},{"@type":"Person","@id":"https:\/\/diariotextual.com\/inicio\/#\/schema\/person\/418fc4093c33e86ed41562db3508f958","name":"Diario1 Diario1","image":{"@type":"ImageObject","inLanguage":"es","@id":"https:\/\/secure.gravatar.com\/avatar\/9167d280179c85bc18be67aa7eda765854300033af4896dd779b608640f2ef7a?s=96&d=mm&r=g","url":"https:\/\/secure.gravatar.com\/avatar\/9167d280179c85bc18be67aa7eda765854300033af4896dd779b608640f2ef7a?s=96&d=mm&r=g","contentUrl":"https:\/\/secure.gravatar.com\/avatar\/9167d280179c85bc18be67aa7eda765854300033af4896dd779b608640f2ef7a?s=96&d=mm&r=g","caption":"Diario1 Diario1"},"url":"https:\/\/diariotextual.com\/inicio\/index.php\/author\/diario1\/"}]}},"_links":{"self":[{"href":"https:\/\/diariotextual.com\/inicio\/index.php\/wp-json\/wp\/v2\/posts\/243294","targetHints":{"allow":["GET"]}}],"collection":[{"href":"https:\/\/diariotextual.com\/inicio\/index.php\/wp-json\/wp\/v2\/posts"}],"about":[{"href":"https:\/\/diariotextual.com\/inicio\/index.php\/wp-json\/wp\/v2\/types\/post"}],"author":[{"embeddable":true,"href":"https:\/\/diariotextual.com\/inicio\/index.php\/wp-json\/wp\/v2\/users\/3"}],"replies":[{"embeddable":true,"href":"https:\/\/diariotextual.com\/inicio\/index.php\/wp-json\/wp\/v2\/comments?post=243294"}],"version-history":[{"count":2,"href":"https:\/\/diariotextual.com\/inicio\/index.php\/wp-json\/wp\/v2\/posts\/243294\/revisions"}],"predecessor-version":[{"id":243296,"href":"https:\/\/diariotextual.com\/inicio\/index.php\/wp-json\/wp\/v2\/posts\/243294\/revisions\/243296"}],"wp:featuredmedia":[{"embeddable":true,"href":"https:\/\/diariotextual.com\/inicio\/index.php\/wp-json\/wp\/v2\/media\/243297"}],"wp:attachment":[{"href":"https:\/\/diariotextual.com\/inicio\/index.php\/wp-json\/wp\/v2\/media?parent=243294"}],"wp:term":[{"taxonomy":"category","embeddable":true,"href":"https:\/\/diariotextual.com\/inicio\/index.php\/wp-json\/wp\/v2\/categories?post=243294"},{"taxonomy":"post_tag","embeddable":true,"href":"https:\/\/diariotextual.com\/inicio\/index.php\/wp-json\/wp\/v2\/tags?post=243294"}],"curies":[{"name":"wp","href":"https:\/\/api.w.org\/{rel}","templated":true}]}}