{"id":243352,"date":"2023-11-06T09:32:02","date_gmt":"2023-11-06T12:32:02","guid":{"rendered":"https:\/\/diariotextual.com\/inicio\/?p=243352"},"modified":"2023-11-07T09:34:54","modified_gmt":"2023-11-07T12:34:54","slug":"los-problemas-no-los-vamos-a-resolver-con-decisiones-antidemocraticas-o-proscribiendo-a-quien-piensa-diferente","status":"publish","type":"post","link":"https:\/\/diariotextual.com\/inicio\/index.php\/2023\/11\/06\/los-problemas-no-los-vamos-a-resolver-con-decisiones-antidemocraticas-o-proscribiendo-a-quien-piensa-diferente\/","title":{"rendered":"\u201cLos problemas no los vamos a resolver con decisiones antidemocr\u00e1ticas o proscribiendo a quien piensa diferente\u201d"},"content":{"rendered":"\n<p>La referente de las <strong>Mujeres Radicales<\/strong>, <strong>Elida Deanna<\/strong>, dijo a <strong>Radio Textual (LU 33)<\/strong> que desde ese sector decidieron dar <strong>libertad de acci\u00f3n <\/strong>para el balotaje del 19 de noviembre, aunque dio se\u00f1ales de hacia d\u00f3nde ir\u00e1 su voto. \u201cLos problemas de la Argentina no los vamos a resolver con decisiones antidemocr\u00e1ticas o proscribiendo a quien piensa diferente\u201d, dijo.  <\/p>\n\n\n\n<p>La UCR, a nivel partidario, dio libertad de acci\u00f3n\u00a0a sus afiliados y simpatizantes para el balotaje del 19 de noviembre que enfrentar\u00e1 a Massa\u00a0y el libertario\u00a0Javier Milei. \u201cLa UCR La Pampa resolvi\u00f3 no expresar su apoyo org\u00e1nico e institucional a ninguno de los candidatos que participar\u00e1n del balotaje del 19 de noviembre, dejando a sus afiliados y adherentes en plena libertad de conciencia para ejercer su derecho inalienable al voto\u201d, dijo el partido.<\/p>\n\n\n\n<p>Deanna confirm\u00f3 esa posici\u00f3n, pero en lo personal dio indicios de que se inclinar\u00e1 por Massa en la segunda vuelta. <\/p>\n\n\n\n<p>\u201cDesde nuestro espacio interno vamos en l\u00ednea con la libertad de acci\u00f3n que ha dado el partido, lo cual no quiere decir que de manera personal no tengamos nuestras posiciones tomadas con respecto a un balotage donde la ciudadan\u00eda ha colocado al partido radical en un rol claramente de oposici\u00f3n\u201d, dijo Deanna. <\/p>\n\n\n\n<p>\u201cEn este contexto del pa\u00eds, esta oposici\u00f3n debe ser responsable, debe ser categ\u00f3rica. En cuanto al mandato democr\u00e1tico, estamos justamente este a\u00f1o conmemorando y celebrando los 40 a\u00f1os de democracia ininterrumpida. Con muchas deudas, la democracia a\u00fan no ha podido dar respuesta a todas las necesidades sociales que vemos, sin embargo, cualquier calidad democr\u00e1tica va a ser mejor a la mejor calidad de las dictaduras. Entonces, en ese sentido, nuestros pasos no se desv\u00edan ni un cent\u00edmetro de lo que proclamaba en su momento Ra\u00fal Alfons\u00edn, nuestro gran estadista, nuestro gran l\u00edder, y decimos tambi\u00e9n que a la democracia se la mejora con m\u00e1s democracia y no con acciones violentas, no con negacionismo, no con acciones que comprometan el futuro democr\u00e1tico de la rep\u00fablica\u201d, sostuvo.<\/p>\n\n\n\n<p>\u201cLos problemas de Argentina los resolvemos entre los argentinos y las argentinas y los resolvemos poniendo responsabilidad, compromiso, trabajo, y sobre todo los resolvemos marcando las cosas en las que no estamos actuando bien y tambi\u00e9n acompa\u00f1ando cuando hay buenas decisiones. No los vamos a resolver con decisiones antidemocr\u00e1ticas proscribiendo a quien piensa diferente, haciendo una campa\u00f1a por ejemplo donde uno de los ejes es decir &#8216;vamos a terminar con la otra facci\u00f3n pol\u00edtica&#8217;. Claramente el ejercicio democr\u00e1tico es lo que nos va a dar mejor calidad de vida y m\u00e1s democracia\u201d, cerr\u00f3.<\/p>\n","protected":false},"excerpt":{"rendered":"<p>La referente de las Mujeres Radicales, Elida Deanna, dijo a Radio Textual (LU 33) que desde ese sector decidieron dar libertad de acci\u00f3n para el balotaje del 19 de noviembre,&hellip;<\/p>\n","protected":false},"author":7,"featured_media":153706,"comment_status":"closed","ping_status":"open","sticky":false,"template":"","format":"standard","meta":{"_acf_changed":false,"footnotes":""},"categories":[1,11,8],"tags":[],"class_list":["post-243352","post","type-post","status-publish","format-standard","has-post-thumbnail","hentry","category-es-noticia","category-que-pasa","category-politica"],"acf":[],"yoast_head":"<!-- This site is optimized with the Yoast SEO plugin v27.4 - https:\/\/yoast.com\/product\/yoast-seo-wordpress\/ -->\n<title>\u201cLos problemas no los vamos a resolver con decisiones antidemocr\u00e1ticas o proscribiendo a quien piensa diferente\u201d - Diario Textual<\/title>\n<meta name=\"robots\" content=\"index, follow, max-snippet:-1, max-image-preview:large, max-video-preview:-1\" \/>\n<link rel=\"canonical\" href=\"https:\/\/diariotextual.com\/inicio\/index.php\/2023\/11\/06\/los-problemas-no-los-vamos-a-resolver-con-decisiones-antidemocraticas-o-proscribiendo-a-quien-piensa-diferente\/\" \/>\n<meta property=\"og:locale\" content=\"es_ES\" \/>\n<meta property=\"og:type\" content=\"article\" \/>\n<meta property=\"og:title\" content=\"\u201cLos problemas no los vamos a resolver con decisiones antidemocr\u00e1ticas o proscribiendo a quien piensa diferente\u201d - Diario Textual\" \/>\n<meta property=\"og:description\" content=\"La referente de las Mujeres Radicales, Elida Deanna, dijo a Radio Textual (LU 33) que desde ese sector decidieron dar libertad de acci\u00f3n para el balotaje del 19 de noviembre,&hellip;\" \/>\n<meta property=\"og:url\" content=\"https:\/\/diariotextual.com\/inicio\/index.php\/2023\/11\/06\/los-problemas-no-los-vamos-a-resolver-con-decisiones-antidemocraticas-o-proscribiendo-a-quien-piensa-diferente\/\" \/>\n<meta property=\"og:site_name\" content=\"Diario Textual\" \/>\n<meta property=\"article:publisher\" content=\"https:\/\/www.facebook.com\/eltextual\" \/>\n<meta property=\"article:published_time\" content=\"2023-11-06T12:32:02+00:00\" \/>\n<meta property=\"article:modified_time\" content=\"2023-11-07T12:34:54+00:00\" \/>\n<meta property=\"og:image\" content=\"https:\/\/diariotextual.com\/inicio\/wp-content\/uploads\/2021\/07\/deannaelida001.jpg\" \/>\n\t<meta property=\"og:image:width\" content=\"1000\" \/>\n\t<meta property=\"og:image:height\" content=\"659\" \/>\n\t<meta property=\"og:image:type\" content=\"image\/jpeg\" \/>\n<meta name=\"author\" content=\"diario5\" \/>\n<meta name=\"twitter:card\" content=\"summary_large_image\" \/>\n<meta name=\"twitter:creator\" content=\"@eltextual\" \/>\n<meta name=\"twitter:site\" content=\"@eltextual\" \/>\n<meta name=\"twitter:label1\" content=\"Escrito por\" \/>\n\t<meta name=\"twitter:data1\" content=\"diario5\" \/>\n\t<meta name=\"twitter:label2\" content=\"Tiempo de lectura\" \/>\n\t<meta name=\"twitter:data2\" content=\"2 minutos\" \/>\n<script type=\"application\/ld+json\" class=\"yoast-schema-graph\">{\"@context\":\"https:\\\/\\\/schema.org\",\"@graph\":[{\"@type\":\"Article\",\"@id\":\"https:\\\/\\\/diariotextual.com\\\/inicio\\\/index.php\\\/2023\\\/11\\\/06\\\/los-problemas-no-los-vamos-a-resolver-con-decisiones-antidemocraticas-o-proscribiendo-a-quien-piensa-diferente\\\/#article\",\"isPartOf\":{\"@id\":\"https:\\\/\\\/diariotextual.com\\\/inicio\\\/index.php\\\/2023\\\/11\\\/06\\\/los-problemas-no-los-vamos-a-resolver-con-decisiones-antidemocraticas-o-proscribiendo-a-quien-piensa-diferente\\\/\"},\"author\":{\"name\":\"diario5\",\"@id\":\"https:\\\/\\\/diariotextual.com\\\/inicio\\\/#\\\/schema\\\/person\\\/c7834961ad8b29b1d9cdbf4571299067\"},\"headline\":\"\u201cLos problemas no los vamos a resolver con decisiones antidemocr\u00e1ticas o proscribiendo a quien piensa diferente\u201d\",\"datePublished\":\"2023-11-06T12:32:02+00:00\",\"dateModified\":\"2023-11-07T12:34:54+00:00\",\"mainEntityOfPage\":{\"@id\":\"https:\\\/\\\/diariotextual.com\\\/inicio\\\/index.php\\\/2023\\\/11\\\/06\\\/los-problemas-no-los-vamos-a-resolver-con-decisiones-antidemocraticas-o-proscribiendo-a-quien-piensa-diferente\\\/\"},\"wordCount\":474,\"publisher\":{\"@id\":\"https:\\\/\\\/diariotextual.com\\\/inicio\\\/#organization\"},\"image\":{\"@id\":\"https:\\\/\\\/diariotextual.com\\\/inicio\\\/index.php\\\/2023\\\/11\\\/06\\\/los-problemas-no-los-vamos-a-resolver-con-decisiones-antidemocraticas-o-proscribiendo-a-quien-piensa-diferente\\\/#primaryimage\"},\"thumbnailUrl\":\"https:\\\/\\\/diariotextual.com\\\/inicio\\\/wp-content\\\/uploads\\\/2021\\\/07\\\/deannaelida001.jpg\",\"articleSection\":[\"A - ES NOTICIA (van abajo)\",\"A - QUE PASA (al costado)\",\"POLITICA\"],\"inLanguage\":\"es\"},{\"@type\":\"WebPage\",\"@id\":\"https:\\\/\\\/diariotextual.com\\\/inicio\\\/index.php\\\/2023\\\/11\\\/06\\\/los-problemas-no-los-vamos-a-resolver-con-decisiones-antidemocraticas-o-proscribiendo-a-quien-piensa-diferente\\\/\",\"url\":\"https:\\\/\\\/diariotextual.com\\\/inicio\\\/index.php\\\/2023\\\/11\\\/06\\\/los-problemas-no-los-vamos-a-resolver-con-decisiones-antidemocraticas-o-proscribiendo-a-quien-piensa-diferente\\\/\",\"name\":\"\u201cLos problemas no los vamos a resolver con decisiones antidemocr\u00e1ticas o proscribiendo a quien piensa diferente\u201d - Diario Textual\",\"isPartOf\":{\"@id\":\"https:\\\/\\\/diariotextual.com\\\/inicio\\\/#website\"},\"primaryImageOfPage\":{\"@id\":\"https:\\\/\\\/diariotextual.com\\\/inicio\\\/index.php\\\/2023\\\/11\\\/06\\\/los-problemas-no-los-vamos-a-resolver-con-decisiones-antidemocraticas-o-proscribiendo-a-quien-piensa-diferente\\\/#primaryimage\"},\"image\":{\"@id\":\"https:\\\/\\\/diariotextual.com\\\/inicio\\\/index.php\\\/2023\\\/11\\\/06\\\/los-problemas-no-los-vamos-a-resolver-con-decisiones-antidemocraticas-o-proscribiendo-a-quien-piensa-diferente\\\/#primaryimage\"},\"thumbnailUrl\":\"https:\\\/\\\/diariotextual.com\\\/inicio\\\/wp-content\\\/uploads\\\/2021\\\/07\\\/deannaelida001.jpg\",\"datePublished\":\"2023-11-06T12:32:02+00:00\",\"dateModified\":\"2023-11-07T12:34:54+00:00\",\"breadcrumb\":{\"@id\":\"https:\\\/\\\/diariotextual.com\\\/inicio\\\/index.php\\\/2023\\\/11\\\/06\\\/los-problemas-no-los-vamos-a-resolver-con-decisiones-antidemocraticas-o-proscribiendo-a-quien-piensa-diferente\\\/#breadcrumb\"},\"inLanguage\":\"es\",\"potentialAction\":[{\"@type\":\"ReadAction\",\"target\":[\"https:\\\/\\\/diariotextual.com\\\/inicio\\\/index.php\\\/2023\\\/11\\\/06\\\/los-problemas-no-los-vamos-a-resolver-con-decisiones-antidemocraticas-o-proscribiendo-a-quien-piensa-diferente\\\/\"]}]},{\"@type\":\"ImageObject\",\"inLanguage\":\"es\",\"@id\":\"https:\\\/\\\/diariotextual.com\\\/inicio\\\/index.php\\\/2023\\\/11\\\/06\\\/los-problemas-no-los-vamos-a-resolver-con-decisiones-antidemocraticas-o-proscribiendo-a-quien-piensa-diferente\\\/#primaryimage\",\"url\":\"https:\\\/\\\/diariotextual.com\\\/inicio\\\/wp-content\\\/uploads\\\/2021\\\/07\\\/deannaelida001.jpg\",\"contentUrl\":\"https:\\\/\\\/diariotextual.com\\\/inicio\\\/wp-content\\\/uploads\\\/2021\\\/07\\\/deannaelida001.jpg\",\"width\":1000,\"height\":659},{\"@type\":\"BreadcrumbList\",\"@id\":\"https:\\\/\\\/diariotextual.com\\\/inicio\\\/index.php\\\/2023\\\/11\\\/06\\\/los-problemas-no-los-vamos-a-resolver-con-decisiones-antidemocraticas-o-proscribiendo-a-quien-piensa-diferente\\\/#breadcrumb\",\"itemListElement\":[{\"@type\":\"ListItem\",\"position\":1,\"name\":\"Portada\",\"item\":\"https:\\\/\\\/diariotextual.com\\\/inicio\\\/\"},{\"@type\":\"ListItem\",\"position\":2,\"name\":\"\u201cLos problemas no los vamos a resolver con decisiones antidemocr\u00e1ticas o proscribiendo a quien piensa diferente\u201d\"}]},{\"@type\":\"WebSite\",\"@id\":\"https:\\\/\\\/diariotextual.com\\\/inicio\\\/#website\",\"url\":\"https:\\\/\\\/diariotextual.com\\\/inicio\\\/\",\"name\":\"Diario Textual\",\"description\":\"\",\"publisher\":{\"@id\":\"https:\\\/\\\/diariotextual.com\\\/inicio\\\/#organization\"},\"potentialAction\":[{\"@type\":\"SearchAction\",\"target\":{\"@type\":\"EntryPoint\",\"urlTemplate\":\"https:\\\/\\\/diariotextual.com\\\/inicio\\\/?s={search_term_string}\"},\"query-input\":{\"@type\":\"PropertyValueSpecification\",\"valueRequired\":true,\"valueName\":\"search_term_string\"}}],\"inLanguage\":\"es\"},{\"@type\":\"Organization\",\"@id\":\"https:\\\/\\\/diariotextual.com\\\/inicio\\\/#organization\",\"name\":\"Diario Textual\",\"url\":\"https:\\\/\\\/diariotextual.com\\\/inicio\\\/\",\"logo\":{\"@type\":\"ImageObject\",\"inLanguage\":\"es\",\"@id\":\"https:\\\/\\\/diariotextual.com\\\/inicio\\\/#\\\/schema\\\/logo\\\/image\\\/\",\"url\":\"https:\\\/\\\/diariotextual.com\\\/inicio\\\/wp-content\\\/uploads\\\/2023\\\/05\\\/logotextual1.jpg\",\"contentUrl\":\"https:\\\/\\\/diariotextual.com\\\/inicio\\\/wp-content\\\/uploads\\\/2023\\\/05\\\/logotextual1.jpg\",\"width\":516,\"height\":76,\"caption\":\"Diario Textual\"},\"image\":{\"@id\":\"https:\\\/\\\/diariotextual.com\\\/inicio\\\/#\\\/schema\\\/logo\\\/image\\\/\"},\"sameAs\":[\"https:\\\/\\\/www.facebook.com\\\/eltextual\",\"https:\\\/\\\/x.com\\\/eltextual\",\"http:\\\/\\\/www.instagram.com\\\/eltextual\"]},{\"@type\":\"Person\",\"@id\":\"https:\\\/\\\/diariotextual.com\\\/inicio\\\/#\\\/schema\\\/person\\\/c7834961ad8b29b1d9cdbf4571299067\",\"name\":\"diario5\",\"image\":{\"@type\":\"ImageObject\",\"inLanguage\":\"es\",\"@id\":\"https:\\\/\\\/secure.gravatar.com\\\/avatar\\\/948c893b847ca6df68216ead81b63f363408ec9b0f600fefc0641ce78613b111?s=96&d=mm&r=g\",\"url\":\"https:\\\/\\\/secure.gravatar.com\\\/avatar\\\/948c893b847ca6df68216ead81b63f363408ec9b0f600fefc0641ce78613b111?s=96&d=mm&r=g\",\"contentUrl\":\"https:\\\/\\\/secure.gravatar.com\\\/avatar\\\/948c893b847ca6df68216ead81b63f363408ec9b0f600fefc0641ce78613b111?s=96&d=mm&r=g\",\"caption\":\"diario5\"},\"url\":\"https:\\\/\\\/diariotextual.com\\\/inicio\\\/index.php\\\/author\\\/diario5\\\/\"}]}<\/script>\n<!-- \/ Yoast SEO plugin. -->","yoast_head_json":{"title":"\u201cLos problemas no los vamos a resolver con decisiones antidemocr\u00e1ticas o proscribiendo a quien piensa diferente\u201d - Diario Textual","robots":{"index":"index","follow":"follow","max-snippet":"max-snippet:-1","max-image-preview":"max-image-preview:large","max-video-preview":"max-video-preview:-1"},"canonical":"https:\/\/diariotextual.com\/inicio\/index.php\/2023\/11\/06\/los-problemas-no-los-vamos-a-resolver-con-decisiones-antidemocraticas-o-proscribiendo-a-quien-piensa-diferente\/","og_locale":"es_ES","og_type":"article","og_title":"\u201cLos problemas no los vamos a resolver con decisiones antidemocr\u00e1ticas o proscribiendo a quien piensa diferente\u201d - Diario Textual","og_description":"La referente de las Mujeres Radicales, Elida Deanna, dijo a Radio Textual (LU 33) que desde ese sector decidieron dar libertad de acci\u00f3n para el balotaje del 19 de noviembre,&hellip;","og_url":"https:\/\/diariotextual.com\/inicio\/index.php\/2023\/11\/06\/los-problemas-no-los-vamos-a-resolver-con-decisiones-antidemocraticas-o-proscribiendo-a-quien-piensa-diferente\/","og_site_name":"Diario Textual","article_publisher":"https:\/\/www.facebook.com\/eltextual","article_published_time":"2023-11-06T12:32:02+00:00","article_modified_time":"2023-11-07T12:34:54+00:00","og_image":[{"width":1000,"height":659,"url":"https:\/\/diariotextual.com\/inicio\/wp-content\/uploads\/2021\/07\/deannaelida001.jpg","type":"image\/jpeg"}],"author":"diario5","twitter_card":"summary_large_image","twitter_creator":"@eltextual","twitter_site":"@eltextual","twitter_misc":{"Escrito por":"diario5","Tiempo de lectura":"2 minutos"},"schema":{"@context":"https:\/\/schema.org","@graph":[{"@type":"Article","@id":"https:\/\/diariotextual.com\/inicio\/index.php\/2023\/11\/06\/los-problemas-no-los-vamos-a-resolver-con-decisiones-antidemocraticas-o-proscribiendo-a-quien-piensa-diferente\/#article","isPartOf":{"@id":"https:\/\/diariotextual.com\/inicio\/index.php\/2023\/11\/06\/los-problemas-no-los-vamos-a-resolver-con-decisiones-antidemocraticas-o-proscribiendo-a-quien-piensa-diferente\/"},"author":{"name":"diario5","@id":"https:\/\/diariotextual.com\/inicio\/#\/schema\/person\/c7834961ad8b29b1d9cdbf4571299067"},"headline":"\u201cLos problemas no los vamos a resolver con decisiones antidemocr\u00e1ticas o proscribiendo a quien piensa diferente\u201d","datePublished":"2023-11-06T12:32:02+00:00","dateModified":"2023-11-07T12:34:54+00:00","mainEntityOfPage":{"@id":"https:\/\/diariotextual.com\/inicio\/index.php\/2023\/11\/06\/los-problemas-no-los-vamos-a-resolver-con-decisiones-antidemocraticas-o-proscribiendo-a-quien-piensa-diferente\/"},"wordCount":474,"publisher":{"@id":"https:\/\/diariotextual.com\/inicio\/#organization"},"image":{"@id":"https:\/\/diariotextual.com\/inicio\/index.php\/2023\/11\/06\/los-problemas-no-los-vamos-a-resolver-con-decisiones-antidemocraticas-o-proscribiendo-a-quien-piensa-diferente\/#primaryimage"},"thumbnailUrl":"https:\/\/diariotextual.com\/inicio\/wp-content\/uploads\/2021\/07\/deannaelida001.jpg","articleSection":["A - ES NOTICIA (van abajo)","A - QUE PASA (al costado)","POLITICA"],"inLanguage":"es"},{"@type":"WebPage","@id":"https:\/\/diariotextual.com\/inicio\/index.php\/2023\/11\/06\/los-problemas-no-los-vamos-a-resolver-con-decisiones-antidemocraticas-o-proscribiendo-a-quien-piensa-diferente\/","url":"https:\/\/diariotextual.com\/inicio\/index.php\/2023\/11\/06\/los-problemas-no-los-vamos-a-resolver-con-decisiones-antidemocraticas-o-proscribiendo-a-quien-piensa-diferente\/","name":"\u201cLos problemas no los vamos a resolver con decisiones antidemocr\u00e1ticas o proscribiendo a quien piensa diferente\u201d - Diario Textual","isPartOf":{"@id":"https:\/\/diariotextual.com\/inicio\/#website"},"primaryImageOfPage":{"@id":"https:\/\/diariotextual.com\/inicio\/index.php\/2023\/11\/06\/los-problemas-no-los-vamos-a-resolver-con-decisiones-antidemocraticas-o-proscribiendo-a-quien-piensa-diferente\/#primaryimage"},"image":{"@id":"https:\/\/diariotextual.com\/inicio\/index.php\/2023\/11\/06\/los-problemas-no-los-vamos-a-resolver-con-decisiones-antidemocraticas-o-proscribiendo-a-quien-piensa-diferente\/#primaryimage"},"thumbnailUrl":"https:\/\/diariotextual.com\/inicio\/wp-content\/uploads\/2021\/07\/deannaelida001.jpg","datePublished":"2023-11-06T12:32:02+00:00","dateModified":"2023-11-07T12:34:54+00:00","breadcrumb":{"@id":"https:\/\/diariotextual.com\/inicio\/index.php\/2023\/11\/06\/los-problemas-no-los-vamos-a-resolver-con-decisiones-antidemocraticas-o-proscribiendo-a-quien-piensa-diferente\/#breadcrumb"},"inLanguage":"es","potentialAction":[{"@type":"ReadAction","target":["https:\/\/diariotextual.com\/inicio\/index.php\/2023\/11\/06\/los-problemas-no-los-vamos-a-resolver-con-decisiones-antidemocraticas-o-proscribiendo-a-quien-piensa-diferente\/"]}]},{"@type":"ImageObject","inLanguage":"es","@id":"https:\/\/diariotextual.com\/inicio\/index.php\/2023\/11\/06\/los-problemas-no-los-vamos-a-resolver-con-decisiones-antidemocraticas-o-proscribiendo-a-quien-piensa-diferente\/#primaryimage","url":"https:\/\/diariotextual.com\/inicio\/wp-content\/uploads\/2021\/07\/deannaelida001.jpg","contentUrl":"https:\/\/diariotextual.com\/inicio\/wp-content\/uploads\/2021\/07\/deannaelida001.jpg","width":1000,"height":659},{"@type":"BreadcrumbList","@id":"https:\/\/diariotextual.com\/inicio\/index.php\/2023\/11\/06\/los-problemas-no-los-vamos-a-resolver-con-decisiones-antidemocraticas-o-proscribiendo-a-quien-piensa-diferente\/#breadcrumb","itemListElement":[{"@type":"ListItem","position":1,"name":"Portada","item":"https:\/\/diariotextual.com\/inicio\/"},{"@type":"ListItem","position":2,"name":"\u201cLos problemas no los vamos a resolver con decisiones antidemocr\u00e1ticas o proscribiendo a quien piensa diferente\u201d"}]},{"@type":"WebSite","@id":"https:\/\/diariotextual.com\/inicio\/#website","url":"https:\/\/diariotextual.com\/inicio\/","name":"Diario Textual","description":"","publisher":{"@id":"https:\/\/diariotextual.com\/inicio\/#organization"},"potentialAction":[{"@type":"SearchAction","target":{"@type":"EntryPoint","urlTemplate":"https:\/\/diariotextual.com\/inicio\/?s={search_term_string}"},"query-input":{"@type":"PropertyValueSpecification","valueRequired":true,"valueName":"search_term_string"}}],"inLanguage":"es"},{"@type":"Organization","@id":"https:\/\/diariotextual.com\/inicio\/#organization","name":"Diario Textual","url":"https:\/\/diariotextual.com\/inicio\/","logo":{"@type":"ImageObject","inLanguage":"es","@id":"https:\/\/diariotextual.com\/inicio\/#\/schema\/logo\/image\/","url":"https:\/\/diariotextual.com\/inicio\/wp-content\/uploads\/2023\/05\/logotextual1.jpg","contentUrl":"https:\/\/diariotextual.com\/inicio\/wp-content\/uploads\/2023\/05\/logotextual1.jpg","width":516,"height":76,"caption":"Diario Textual"},"image":{"@id":"https:\/\/diariotextual.com\/inicio\/#\/schema\/logo\/image\/"},"sameAs":["https:\/\/www.facebook.com\/eltextual","https:\/\/x.com\/eltextual","http:\/\/www.instagram.com\/eltextual"]},{"@type":"Person","@id":"https:\/\/diariotextual.com\/inicio\/#\/schema\/person\/c7834961ad8b29b1d9cdbf4571299067","name":"diario5","image":{"@type":"ImageObject","inLanguage":"es","@id":"https:\/\/secure.gravatar.com\/avatar\/948c893b847ca6df68216ead81b63f363408ec9b0f600fefc0641ce78613b111?s=96&d=mm&r=g","url":"https:\/\/secure.gravatar.com\/avatar\/948c893b847ca6df68216ead81b63f363408ec9b0f600fefc0641ce78613b111?s=96&d=mm&r=g","contentUrl":"https:\/\/secure.gravatar.com\/avatar\/948c893b847ca6df68216ead81b63f363408ec9b0f600fefc0641ce78613b111?s=96&d=mm&r=g","caption":"diario5"},"url":"https:\/\/diariotextual.com\/inicio\/index.php\/author\/diario5\/"}]}},"_links":{"self":[{"href":"https:\/\/diariotextual.com\/inicio\/index.php\/wp-json\/wp\/v2\/posts\/243352","targetHints":{"allow":["GET"]}}],"collection":[{"href":"https:\/\/diariotextual.com\/inicio\/index.php\/wp-json\/wp\/v2\/posts"}],"about":[{"href":"https:\/\/diariotextual.com\/inicio\/index.php\/wp-json\/wp\/v2\/types\/post"}],"author":[{"embeddable":true,"href":"https:\/\/diariotextual.com\/inicio\/index.php\/wp-json\/wp\/v2\/users\/7"}],"replies":[{"embeddable":true,"href":"https:\/\/diariotextual.com\/inicio\/index.php\/wp-json\/wp\/v2\/comments?post=243352"}],"version-history":[{"count":1,"href":"https:\/\/diariotextual.com\/inicio\/index.php\/wp-json\/wp\/v2\/posts\/243352\/revisions"}],"predecessor-version":[{"id":243353,"href":"https:\/\/diariotextual.com\/inicio\/index.php\/wp-json\/wp\/v2\/posts\/243352\/revisions\/243353"}],"wp:featuredmedia":[{"embeddable":true,"href":"https:\/\/diariotextual.com\/inicio\/index.php\/wp-json\/wp\/v2\/media\/153706"}],"wp:attachment":[{"href":"https:\/\/diariotextual.com\/inicio\/index.php\/wp-json\/wp\/v2\/media?parent=243352"}],"wp:term":[{"taxonomy":"category","embeddable":true,"href":"https:\/\/diariotextual.com\/inicio\/index.php\/wp-json\/wp\/v2\/categories?post=243352"},{"taxonomy":"post_tag","embeddable":true,"href":"https:\/\/diariotextual.com\/inicio\/index.php\/wp-json\/wp\/v2\/tags?post=243352"}],"curies":[{"name":"wp","href":"https:\/\/api.w.org\/{rel}","templated":true}]}}