{"id":243435,"date":"2023-11-07T08:04:53","date_gmt":"2023-11-07T11:04:53","guid":{"rendered":"https:\/\/diariotextual.com\/inicio\/?p=243435"},"modified":"2023-11-07T14:34:49","modified_gmt":"2023-11-07T17:34:49","slug":"ziliotto-retoma-las-recorrida-por-los-pueblos-a-dias-del-balotaje","status":"publish","type":"post","link":"https:\/\/diariotextual.com\/inicio\/index.php\/2023\/11\/07\/ziliotto-retoma-las-recorrida-por-los-pueblos-a-dias-del-balotaje\/","title":{"rendered":"Ziliotto retoma las recorridas por los pueblos a d\u00edas del balotaje"},"content":{"rendered":"\n<p><strong>Sergio Ziliotto<\/strong>, quien hab\u00eda puesto en pausa los actos y recorridas por las diferentes localidades luego de sufrir un problema de salud que se atribuy\u00f3 a estr\u00e9s, va a retomar las recorridas, con actos, en diferentes pueblos en el sprint final de la campa\u00f1a electoral de cara al balotaje del domingo 19 que enfrentar\u00e1 al peronista Sergio Massa y el libertario Javier Milei, pudo saber Diario Textual.<\/p>\n\n\n\n<p>Ziliotto sali\u00f3 fortalecido de la elecci\u00f3n del 22 de octubre, al ponerse al frente de la campa\u00f1a y lograr en La Pampa una remontada que traccion\u00f3 votos para Massa: Uni\u00f3n por la Patria obtuvo el 34,7% de los votos y La Libertad Avanza se qued\u00f3 con el 33,5%.<\/p>\n\n\n\n<p><strong>Massa hizo un reconocimiento expl\u00edcito a Ziliotto: firm\u00f3 un convenio por la devoluci\u00f3n de casi 22 mil millones de pesos de coparticipaci\u00f3n a La Pampa y lanz\u00f3 la campa\u00f1a del balotaje desde Santa Rosa, en un Club Estudiantes repleto.<\/strong><\/p>\n\n\n\n<p>En La Pampa<strong>, el peso electoral a nivel nacional es m\u00ednimo, con menos del 1%. Pero la pelea es voto a voto.<\/strong><\/p>\n\n\n\n<p>En el b\u00fanker peronista piensan seguir con la misma estrategia: <strong>mostrarse unidos, recorrer casa por casa, pedir disculpas por las promesas de 2019 que se incumplieron (de parte del Gobierno nacional) y advertir de los riesgos catastr\u00f3ficos que tendr\u00eda un gobierno de Milei.<\/strong><\/p>\n\n\n\n<p>Solo creen que se deben hacer<strong> reajustes en algunas localidades<\/strong>, como <strong>General Pico.<\/strong> All\u00ed,<strong> si bien hubo una remontada del peronismo, terminaron cayendo frente al libertario.<\/strong><\/p>\n\n\n\n<p>La <strong>campa\u00f1a de Pico<\/strong>, adem\u00e1s, tiene otra particularidad:<strong> solo es encabezada -y remada- por la intendenta Fernanda Alonso y la vicegobernadora electa Alicia Mayoral.<\/strong><\/p>\n\n\n\n<p><strong>Carlos Verna<\/strong>, l\u00edder de la Plural, como en otros comicios, no se ha mostrado: solo ha efectuado declaraciones el d\u00eda de la votaci\u00f3n, incluso cuestionando al PJ. <\/p>\n\n\n\n<p>Otros coroneles del vernismo, como<strong> Daniel Lovera<\/strong>, est\u00e1n desaparecidos en acci\u00f3n. Solo se lo vio en una foto durante la campa\u00f1a pasada.<\/p>\n\n\n\n<p>En las elecciones del 22 de octubre, el candidato de Uni\u00f3n por la Patria, Sergio Massa, obtuvo 9.853.492 votos, un 35,98%; el postulante de La Libertad Avanza, Javier Milei, obtuvo 8.034.990 votos, un 29,34%; la candidata Patricia Bullrich, de Juntos por el Cambio, obtuvo 6.379.023 votos, un 23,29%, Juan Schiaretti, el candidato de Hacemos por Nuestro Pa\u00eds, obtuvo 1.802.068 votos, un 6,58%; y Myriam Bregman, del Frente de Izquierda y de Trabajadores &#8211; Unidad cosech\u00f3 722.061 votos, un 2,64%. Ahora, el 19 de noviembre, se enfrentar\u00e1n Massa y Milei.<\/p>\n\n\n\n<p><\/p>\n\n\n\n<p><\/p>\n\n\n\n<p><\/p>\n","protected":false},"excerpt":{"rendered":"<p>Sergio Ziliotto, quien hab\u00eda puesto en pausa los actos y recorridas por las diferentes localidades luego de sufrir un problema de salud que se atribuy\u00f3 a estr\u00e9s, va a retomar&hellip;<\/p>\n","protected":false},"author":3,"featured_media":241119,"comment_status":"closed","ping_status":"open","sticky":false,"template":"","format":"standard","meta":{"_acf_changed":false,"footnotes":""},"categories":[11,8],"tags":[],"class_list":["post-243435","post","type-post","status-publish","format-standard","has-post-thumbnail","hentry","category-que-pasa","category-politica"],"acf":[],"yoast_head":"<!-- This site is optimized with the Yoast SEO plugin v27.4 - https:\/\/yoast.com\/product\/yoast-seo-wordpress\/ -->\n<title>Ziliotto retoma las recorridas por los pueblos a d\u00edas del balotaje - Diario Textual<\/title>\n<meta name=\"robots\" content=\"index, follow, max-snippet:-1, max-image-preview:large, max-video-preview:-1\" \/>\n<link rel=\"canonical\" href=\"https:\/\/diariotextual.com\/inicio\/index.php\/2023\/11\/07\/ziliotto-retoma-las-recorrida-por-los-pueblos-a-dias-del-balotaje\/\" \/>\n<meta property=\"og:locale\" content=\"es_ES\" \/>\n<meta property=\"og:type\" content=\"article\" \/>\n<meta property=\"og:title\" content=\"Ziliotto retoma las recorridas por los pueblos a d\u00edas del balotaje - Diario Textual\" \/>\n<meta property=\"og:description\" content=\"Sergio Ziliotto, quien hab\u00eda puesto en pausa los actos y recorridas por las diferentes localidades luego de sufrir un problema de salud que se atribuy\u00f3 a estr\u00e9s, va a retomar&hellip;\" \/>\n<meta property=\"og:url\" content=\"https:\/\/diariotextual.com\/inicio\/index.php\/2023\/11\/07\/ziliotto-retoma-las-recorrida-por-los-pueblos-a-dias-del-balotaje\/\" \/>\n<meta property=\"og:site_name\" content=\"Diario Textual\" \/>\n<meta property=\"article:publisher\" content=\"https:\/\/www.facebook.com\/eltextual\" \/>\n<meta property=\"article:published_time\" content=\"2023-11-07T11:04:53+00:00\" \/>\n<meta property=\"article:modified_time\" content=\"2023-11-07T17:34:49+00:00\" \/>\n<meta property=\"og:image\" content=\"https:\/\/diariotextual.com\/inicio\/wp-content\/uploads\/2023\/10\/ziliottosergiocierrecampanauxp17octubre2023-3.jpg\" \/>\n\t<meta property=\"og:image:width\" content=\"1067\" \/>\n\t<meta property=\"og:image:height\" content=\"711\" \/>\n\t<meta property=\"og:image:type\" content=\"image\/jpeg\" \/>\n<meta name=\"author\" content=\"Diario1 Diario1\" \/>\n<meta name=\"twitter:card\" content=\"summary_large_image\" \/>\n<meta name=\"twitter:creator\" content=\"@eltextual\" \/>\n<meta name=\"twitter:site\" content=\"@eltextual\" \/>\n<meta name=\"twitter:label1\" content=\"Escrito por\" \/>\n\t<meta name=\"twitter:data1\" content=\"Diario1 Diario1\" \/>\n\t<meta name=\"twitter:label2\" content=\"Tiempo de lectura\" \/>\n\t<meta name=\"twitter:data2\" content=\"2 minutos\" \/>\n<script type=\"application\/ld+json\" class=\"yoast-schema-graph\">{\"@context\":\"https:\\\/\\\/schema.org\",\"@graph\":[{\"@type\":\"Article\",\"@id\":\"https:\\\/\\\/diariotextual.com\\\/inicio\\\/index.php\\\/2023\\\/11\\\/07\\\/ziliotto-retoma-las-recorrida-por-los-pueblos-a-dias-del-balotaje\\\/#article\",\"isPartOf\":{\"@id\":\"https:\\\/\\\/diariotextual.com\\\/inicio\\\/index.php\\\/2023\\\/11\\\/07\\\/ziliotto-retoma-las-recorrida-por-los-pueblos-a-dias-del-balotaje\\\/\"},\"author\":{\"name\":\"Diario1 Diario1\",\"@id\":\"https:\\\/\\\/diariotextual.com\\\/inicio\\\/#\\\/schema\\\/person\\\/418fc4093c33e86ed41562db3508f958\"},\"headline\":\"Ziliotto retoma las recorridas por los pueblos a d\u00edas del balotaje\",\"datePublished\":\"2023-11-07T11:04:53+00:00\",\"dateModified\":\"2023-11-07T17:34:49+00:00\",\"mainEntityOfPage\":{\"@id\":\"https:\\\/\\\/diariotextual.com\\\/inicio\\\/index.php\\\/2023\\\/11\\\/07\\\/ziliotto-retoma-las-recorrida-por-los-pueblos-a-dias-del-balotaje\\\/\"},\"wordCount\":425,\"publisher\":{\"@id\":\"https:\\\/\\\/diariotextual.com\\\/inicio\\\/#organization\"},\"image\":{\"@id\":\"https:\\\/\\\/diariotextual.com\\\/inicio\\\/index.php\\\/2023\\\/11\\\/07\\\/ziliotto-retoma-las-recorrida-por-los-pueblos-a-dias-del-balotaje\\\/#primaryimage\"},\"thumbnailUrl\":\"https:\\\/\\\/diariotextual.com\\\/inicio\\\/wp-content\\\/uploads\\\/2023\\\/10\\\/ziliottosergiocierrecampanauxp17octubre2023-3.jpg\",\"articleSection\":[\"A - QUE PASA (al costado)\",\"POLITICA\"],\"inLanguage\":\"es\"},{\"@type\":\"WebPage\",\"@id\":\"https:\\\/\\\/diariotextual.com\\\/inicio\\\/index.php\\\/2023\\\/11\\\/07\\\/ziliotto-retoma-las-recorrida-por-los-pueblos-a-dias-del-balotaje\\\/\",\"url\":\"https:\\\/\\\/diariotextual.com\\\/inicio\\\/index.php\\\/2023\\\/11\\\/07\\\/ziliotto-retoma-las-recorrida-por-los-pueblos-a-dias-del-balotaje\\\/\",\"name\":\"Ziliotto retoma las recorridas por los pueblos a d\u00edas del balotaje - Diario Textual\",\"isPartOf\":{\"@id\":\"https:\\\/\\\/diariotextual.com\\\/inicio\\\/#website\"},\"primaryImageOfPage\":{\"@id\":\"https:\\\/\\\/diariotextual.com\\\/inicio\\\/index.php\\\/2023\\\/11\\\/07\\\/ziliotto-retoma-las-recorrida-por-los-pueblos-a-dias-del-balotaje\\\/#primaryimage\"},\"image\":{\"@id\":\"https:\\\/\\\/diariotextual.com\\\/inicio\\\/index.php\\\/2023\\\/11\\\/07\\\/ziliotto-retoma-las-recorrida-por-los-pueblos-a-dias-del-balotaje\\\/#primaryimage\"},\"thumbnailUrl\":\"https:\\\/\\\/diariotextual.com\\\/inicio\\\/wp-content\\\/uploads\\\/2023\\\/10\\\/ziliottosergiocierrecampanauxp17octubre2023-3.jpg\",\"datePublished\":\"2023-11-07T11:04:53+00:00\",\"dateModified\":\"2023-11-07T17:34:49+00:00\",\"breadcrumb\":{\"@id\":\"https:\\\/\\\/diariotextual.com\\\/inicio\\\/index.php\\\/2023\\\/11\\\/07\\\/ziliotto-retoma-las-recorrida-por-los-pueblos-a-dias-del-balotaje\\\/#breadcrumb\"},\"inLanguage\":\"es\",\"potentialAction\":[{\"@type\":\"ReadAction\",\"target\":[\"https:\\\/\\\/diariotextual.com\\\/inicio\\\/index.php\\\/2023\\\/11\\\/07\\\/ziliotto-retoma-las-recorrida-por-los-pueblos-a-dias-del-balotaje\\\/\"]}]},{\"@type\":\"ImageObject\",\"inLanguage\":\"es\",\"@id\":\"https:\\\/\\\/diariotextual.com\\\/inicio\\\/index.php\\\/2023\\\/11\\\/07\\\/ziliotto-retoma-las-recorrida-por-los-pueblos-a-dias-del-balotaje\\\/#primaryimage\",\"url\":\"https:\\\/\\\/diariotextual.com\\\/inicio\\\/wp-content\\\/uploads\\\/2023\\\/10\\\/ziliottosergiocierrecampanauxp17octubre2023-3.jpg\",\"contentUrl\":\"https:\\\/\\\/diariotextual.com\\\/inicio\\\/wp-content\\\/uploads\\\/2023\\\/10\\\/ziliottosergiocierrecampanauxp17octubre2023-3.jpg\",\"width\":1067,\"height\":711},{\"@type\":\"BreadcrumbList\",\"@id\":\"https:\\\/\\\/diariotextual.com\\\/inicio\\\/index.php\\\/2023\\\/11\\\/07\\\/ziliotto-retoma-las-recorrida-por-los-pueblos-a-dias-del-balotaje\\\/#breadcrumb\",\"itemListElement\":[{\"@type\":\"ListItem\",\"position\":1,\"name\":\"Portada\",\"item\":\"https:\\\/\\\/diariotextual.com\\\/inicio\\\/\"},{\"@type\":\"ListItem\",\"position\":2,\"name\":\"Ziliotto retoma las recorridas por los pueblos a d\u00edas del balotaje\"}]},{\"@type\":\"WebSite\",\"@id\":\"https:\\\/\\\/diariotextual.com\\\/inicio\\\/#website\",\"url\":\"https:\\\/\\\/diariotextual.com\\\/inicio\\\/\",\"name\":\"Diario Textual\",\"description\":\"\",\"publisher\":{\"@id\":\"https:\\\/\\\/diariotextual.com\\\/inicio\\\/#organization\"},\"potentialAction\":[{\"@type\":\"SearchAction\",\"target\":{\"@type\":\"EntryPoint\",\"urlTemplate\":\"https:\\\/\\\/diariotextual.com\\\/inicio\\\/?s={search_term_string}\"},\"query-input\":{\"@type\":\"PropertyValueSpecification\",\"valueRequired\":true,\"valueName\":\"search_term_string\"}}],\"inLanguage\":\"es\"},{\"@type\":\"Organization\",\"@id\":\"https:\\\/\\\/diariotextual.com\\\/inicio\\\/#organization\",\"name\":\"Diario Textual\",\"url\":\"https:\\\/\\\/diariotextual.com\\\/inicio\\\/\",\"logo\":{\"@type\":\"ImageObject\",\"inLanguage\":\"es\",\"@id\":\"https:\\\/\\\/diariotextual.com\\\/inicio\\\/#\\\/schema\\\/logo\\\/image\\\/\",\"url\":\"https:\\\/\\\/diariotextual.com\\\/inicio\\\/wp-content\\\/uploads\\\/2023\\\/05\\\/logotextual1.jpg\",\"contentUrl\":\"https:\\\/\\\/diariotextual.com\\\/inicio\\\/wp-content\\\/uploads\\\/2023\\\/05\\\/logotextual1.jpg\",\"width\":516,\"height\":76,\"caption\":\"Diario Textual\"},\"image\":{\"@id\":\"https:\\\/\\\/diariotextual.com\\\/inicio\\\/#\\\/schema\\\/logo\\\/image\\\/\"},\"sameAs\":[\"https:\\\/\\\/www.facebook.com\\\/eltextual\",\"https:\\\/\\\/x.com\\\/eltextual\",\"http:\\\/\\\/www.instagram.com\\\/eltextual\"]},{\"@type\":\"Person\",\"@id\":\"https:\\\/\\\/diariotextual.com\\\/inicio\\\/#\\\/schema\\\/person\\\/418fc4093c33e86ed41562db3508f958\",\"name\":\"Diario1 Diario1\",\"image\":{\"@type\":\"ImageObject\",\"inLanguage\":\"es\",\"@id\":\"https:\\\/\\\/secure.gravatar.com\\\/avatar\\\/9167d280179c85bc18be67aa7eda765854300033af4896dd779b608640f2ef7a?s=96&d=mm&r=g\",\"url\":\"https:\\\/\\\/secure.gravatar.com\\\/avatar\\\/9167d280179c85bc18be67aa7eda765854300033af4896dd779b608640f2ef7a?s=96&d=mm&r=g\",\"contentUrl\":\"https:\\\/\\\/secure.gravatar.com\\\/avatar\\\/9167d280179c85bc18be67aa7eda765854300033af4896dd779b608640f2ef7a?s=96&d=mm&r=g\",\"caption\":\"Diario1 Diario1\"},\"url\":\"https:\\\/\\\/diariotextual.com\\\/inicio\\\/index.php\\\/author\\\/diario1\\\/\"}]}<\/script>\n<!-- \/ Yoast SEO plugin. -->","yoast_head_json":{"title":"Ziliotto retoma las recorridas por los pueblos a d\u00edas del balotaje - Diario Textual","robots":{"index":"index","follow":"follow","max-snippet":"max-snippet:-1","max-image-preview":"max-image-preview:large","max-video-preview":"max-video-preview:-1"},"canonical":"https:\/\/diariotextual.com\/inicio\/index.php\/2023\/11\/07\/ziliotto-retoma-las-recorrida-por-los-pueblos-a-dias-del-balotaje\/","og_locale":"es_ES","og_type":"article","og_title":"Ziliotto retoma las recorridas por los pueblos a d\u00edas del balotaje - Diario Textual","og_description":"Sergio Ziliotto, quien hab\u00eda puesto en pausa los actos y recorridas por las diferentes localidades luego de sufrir un problema de salud que se atribuy\u00f3 a estr\u00e9s, va a retomar&hellip;","og_url":"https:\/\/diariotextual.com\/inicio\/index.php\/2023\/11\/07\/ziliotto-retoma-las-recorrida-por-los-pueblos-a-dias-del-balotaje\/","og_site_name":"Diario Textual","article_publisher":"https:\/\/www.facebook.com\/eltextual","article_published_time":"2023-11-07T11:04:53+00:00","article_modified_time":"2023-11-07T17:34:49+00:00","og_image":[{"width":1067,"height":711,"url":"https:\/\/diariotextual.com\/inicio\/wp-content\/uploads\/2023\/10\/ziliottosergiocierrecampanauxp17octubre2023-3.jpg","type":"image\/jpeg"}],"author":"Diario1 Diario1","twitter_card":"summary_large_image","twitter_creator":"@eltextual","twitter_site":"@eltextual","twitter_misc":{"Escrito por":"Diario1 Diario1","Tiempo de lectura":"2 minutos"},"schema":{"@context":"https:\/\/schema.org","@graph":[{"@type":"Article","@id":"https:\/\/diariotextual.com\/inicio\/index.php\/2023\/11\/07\/ziliotto-retoma-las-recorrida-por-los-pueblos-a-dias-del-balotaje\/#article","isPartOf":{"@id":"https:\/\/diariotextual.com\/inicio\/index.php\/2023\/11\/07\/ziliotto-retoma-las-recorrida-por-los-pueblos-a-dias-del-balotaje\/"},"author":{"name":"Diario1 Diario1","@id":"https:\/\/diariotextual.com\/inicio\/#\/schema\/person\/418fc4093c33e86ed41562db3508f958"},"headline":"Ziliotto retoma las recorridas por los pueblos a d\u00edas del balotaje","datePublished":"2023-11-07T11:04:53+00:00","dateModified":"2023-11-07T17:34:49+00:00","mainEntityOfPage":{"@id":"https:\/\/diariotextual.com\/inicio\/index.php\/2023\/11\/07\/ziliotto-retoma-las-recorrida-por-los-pueblos-a-dias-del-balotaje\/"},"wordCount":425,"publisher":{"@id":"https:\/\/diariotextual.com\/inicio\/#organization"},"image":{"@id":"https:\/\/diariotextual.com\/inicio\/index.php\/2023\/11\/07\/ziliotto-retoma-las-recorrida-por-los-pueblos-a-dias-del-balotaje\/#primaryimage"},"thumbnailUrl":"https:\/\/diariotextual.com\/inicio\/wp-content\/uploads\/2023\/10\/ziliottosergiocierrecampanauxp17octubre2023-3.jpg","articleSection":["A - QUE PASA (al costado)","POLITICA"],"inLanguage":"es"},{"@type":"WebPage","@id":"https:\/\/diariotextual.com\/inicio\/index.php\/2023\/11\/07\/ziliotto-retoma-las-recorrida-por-los-pueblos-a-dias-del-balotaje\/","url":"https:\/\/diariotextual.com\/inicio\/index.php\/2023\/11\/07\/ziliotto-retoma-las-recorrida-por-los-pueblos-a-dias-del-balotaje\/","name":"Ziliotto retoma las recorridas por los pueblos a d\u00edas del balotaje - Diario Textual","isPartOf":{"@id":"https:\/\/diariotextual.com\/inicio\/#website"},"primaryImageOfPage":{"@id":"https:\/\/diariotextual.com\/inicio\/index.php\/2023\/11\/07\/ziliotto-retoma-las-recorrida-por-los-pueblos-a-dias-del-balotaje\/#primaryimage"},"image":{"@id":"https:\/\/diariotextual.com\/inicio\/index.php\/2023\/11\/07\/ziliotto-retoma-las-recorrida-por-los-pueblos-a-dias-del-balotaje\/#primaryimage"},"thumbnailUrl":"https:\/\/diariotextual.com\/inicio\/wp-content\/uploads\/2023\/10\/ziliottosergiocierrecampanauxp17octubre2023-3.jpg","datePublished":"2023-11-07T11:04:53+00:00","dateModified":"2023-11-07T17:34:49+00:00","breadcrumb":{"@id":"https:\/\/diariotextual.com\/inicio\/index.php\/2023\/11\/07\/ziliotto-retoma-las-recorrida-por-los-pueblos-a-dias-del-balotaje\/#breadcrumb"},"inLanguage":"es","potentialAction":[{"@type":"ReadAction","target":["https:\/\/diariotextual.com\/inicio\/index.php\/2023\/11\/07\/ziliotto-retoma-las-recorrida-por-los-pueblos-a-dias-del-balotaje\/"]}]},{"@type":"ImageObject","inLanguage":"es","@id":"https:\/\/diariotextual.com\/inicio\/index.php\/2023\/11\/07\/ziliotto-retoma-las-recorrida-por-los-pueblos-a-dias-del-balotaje\/#primaryimage","url":"https:\/\/diariotextual.com\/inicio\/wp-content\/uploads\/2023\/10\/ziliottosergiocierrecampanauxp17octubre2023-3.jpg","contentUrl":"https:\/\/diariotextual.com\/inicio\/wp-content\/uploads\/2023\/10\/ziliottosergiocierrecampanauxp17octubre2023-3.jpg","width":1067,"height":711},{"@type":"BreadcrumbList","@id":"https:\/\/diariotextual.com\/inicio\/index.php\/2023\/11\/07\/ziliotto-retoma-las-recorrida-por-los-pueblos-a-dias-del-balotaje\/#breadcrumb","itemListElement":[{"@type":"ListItem","position":1,"name":"Portada","item":"https:\/\/diariotextual.com\/inicio\/"},{"@type":"ListItem","position":2,"name":"Ziliotto retoma las recorridas por los pueblos a d\u00edas del balotaje"}]},{"@type":"WebSite","@id":"https:\/\/diariotextual.com\/inicio\/#website","url":"https:\/\/diariotextual.com\/inicio\/","name":"Diario Textual","description":"","publisher":{"@id":"https:\/\/diariotextual.com\/inicio\/#organization"},"potentialAction":[{"@type":"SearchAction","target":{"@type":"EntryPoint","urlTemplate":"https:\/\/diariotextual.com\/inicio\/?s={search_term_string}"},"query-input":{"@type":"PropertyValueSpecification","valueRequired":true,"valueName":"search_term_string"}}],"inLanguage":"es"},{"@type":"Organization","@id":"https:\/\/diariotextual.com\/inicio\/#organization","name":"Diario Textual","url":"https:\/\/diariotextual.com\/inicio\/","logo":{"@type":"ImageObject","inLanguage":"es","@id":"https:\/\/diariotextual.com\/inicio\/#\/schema\/logo\/image\/","url":"https:\/\/diariotextual.com\/inicio\/wp-content\/uploads\/2023\/05\/logotextual1.jpg","contentUrl":"https:\/\/diariotextual.com\/inicio\/wp-content\/uploads\/2023\/05\/logotextual1.jpg","width":516,"height":76,"caption":"Diario Textual"},"image":{"@id":"https:\/\/diariotextual.com\/inicio\/#\/schema\/logo\/image\/"},"sameAs":["https:\/\/www.facebook.com\/eltextual","https:\/\/x.com\/eltextual","http:\/\/www.instagram.com\/eltextual"]},{"@type":"Person","@id":"https:\/\/diariotextual.com\/inicio\/#\/schema\/person\/418fc4093c33e86ed41562db3508f958","name":"Diario1 Diario1","image":{"@type":"ImageObject","inLanguage":"es","@id":"https:\/\/secure.gravatar.com\/avatar\/9167d280179c85bc18be67aa7eda765854300033af4896dd779b608640f2ef7a?s=96&d=mm&r=g","url":"https:\/\/secure.gravatar.com\/avatar\/9167d280179c85bc18be67aa7eda765854300033af4896dd779b608640f2ef7a?s=96&d=mm&r=g","contentUrl":"https:\/\/secure.gravatar.com\/avatar\/9167d280179c85bc18be67aa7eda765854300033af4896dd779b608640f2ef7a?s=96&d=mm&r=g","caption":"Diario1 Diario1"},"url":"https:\/\/diariotextual.com\/inicio\/index.php\/author\/diario1\/"}]}},"_links":{"self":[{"href":"https:\/\/diariotextual.com\/inicio\/index.php\/wp-json\/wp\/v2\/posts\/243435","targetHints":{"allow":["GET"]}}],"collection":[{"href":"https:\/\/diariotextual.com\/inicio\/index.php\/wp-json\/wp\/v2\/posts"}],"about":[{"href":"https:\/\/diariotextual.com\/inicio\/index.php\/wp-json\/wp\/v2\/types\/post"}],"author":[{"embeddable":true,"href":"https:\/\/diariotextual.com\/inicio\/index.php\/wp-json\/wp\/v2\/users\/3"}],"replies":[{"embeddable":true,"href":"https:\/\/diariotextual.com\/inicio\/index.php\/wp-json\/wp\/v2\/comments?post=243435"}],"version-history":[{"count":5,"href":"https:\/\/diariotextual.com\/inicio\/index.php\/wp-json\/wp\/v2\/posts\/243435\/revisions"}],"predecessor-version":[{"id":243441,"href":"https:\/\/diariotextual.com\/inicio\/index.php\/wp-json\/wp\/v2\/posts\/243435\/revisions\/243441"}],"wp:featuredmedia":[{"embeddable":true,"href":"https:\/\/diariotextual.com\/inicio\/index.php\/wp-json\/wp\/v2\/media\/241119"}],"wp:attachment":[{"href":"https:\/\/diariotextual.com\/inicio\/index.php\/wp-json\/wp\/v2\/media?parent=243435"}],"wp:term":[{"taxonomy":"category","embeddable":true,"href":"https:\/\/diariotextual.com\/inicio\/index.php\/wp-json\/wp\/v2\/categories?post=243435"},{"taxonomy":"post_tag","embeddable":true,"href":"https:\/\/diariotextual.com\/inicio\/index.php\/wp-json\/wp\/v2\/tags?post=243435"}],"curies":[{"name":"wp","href":"https:\/\/api.w.org\/{rel}","templated":true}]}}