{"id":243707,"date":"2023-11-09T19:19:00","date_gmt":"2023-11-09T22:19:00","guid":{"rendered":"https:\/\/diariotextual.com\/inicio\/?p=243707"},"modified":"2023-11-10T17:58:43","modified_gmt":"2023-11-10T20:58:43","slug":"ziliotto-el-hospital-favaloro-es-el-maximo-orgullo-como-pampeano","status":"publish","type":"post","link":"https:\/\/diariotextual.com\/inicio\/index.php\/2023\/11\/09\/ziliotto-el-hospital-favaloro-es-el-maximo-orgullo-como-pampeano\/","title":{"rendered":"Ziliotto: \u201cEl Hospital Favaloro es nuestro m\u00e1ximo orgullo como pampeano\u201d"},"content":{"rendered":"\n<p>El gobernador <strong>Sergio Ziliotto<\/strong> dijo este mi\u00e9rcoles, en un acto de entrega de<strong> 24 ambulancias <\/strong>a diferentes localidades de La Pampa, que el <strong>Hospital Favaloro<\/strong>, recientemente inaugurado en Santa Rosa,<strong> <\/strong>es el \u201cm\u00e1ximo orgullo como pampeano\u201d y resalt\u00f3 la construcci\u00f3n de la Facultad de Ciencias de la Salud que permitir\u00e1 la formaci\u00f3n de enfermeros y m\u00e9dicos de toda la regi\u00f3n.<\/p>\n\n\n\n<p>Adem\u00e1s del gobernador y el ministro de Salud, Rub\u00e9n Kohan, participaron del acto la vicepresidenta de la Legislatura, Alicia Mayoral; el ministro de Gobierno, Justicia y Derechos Humanos, Ariel Rauschenberger; el secretario de Asuntos Municipales, Rogelio Schanton; el subsecretario de Salud, Gustavo Vera; la coordinadora de Salud, Araceli Silvestro; la directora Adjunta del Hospital, Laura Rivera, diputadas y diputados provinciales, intendentes e intendentas y directores y directoras de hospitales.<\/p>\n\n\n\n<p>\u201cEstamos poniendo al ser humano como eje de las pol\u00edticas p\u00fablicas\u201d, dijo el gobernador. \u201c<strong>Esto no hubiera sido posible si no fuera con el compromiso, el trabajo y la dedicaci\u00f3n del equipo de salud<\/strong>. Y hoy, el Favaloro, a menos de un a\u00f1o, dej\u00f3 de ser un sue\u00f1o. No solo es una realidad, sino tambi\u00e9n es <strong>nuestro m\u00e1ximo orgullo como pampeano<\/strong>\u201d, expres\u00f3 Ziliotto en el acto. \u201cSeguimos planificando sobre c\u00f3mo podemos ir un poco m\u00e1s all\u00e1, de c\u00f3mo d\u00eda tras d\u00eda le seguimos agregando eficiencia a cada una de las prestaciones del Estado. Por eso es que defendemos permanentemente cu\u00e1l debe ser el rol del Estado en la vida social, educativa, econ\u00f3mica, en la vida pol\u00edtica y en la toma de decisiones\u201d, sostuvo.<\/p>\n\n\n\n<p>El mandatario resalt\u00f3 la construcci\u00f3n de la Facultad de Ciencias de la Salud, de la UNLPam, que se har\u00e1 a metros del Favaloro. \u201cEn esa tarea de las construcciones conjuntas, de la unidad de criterio y de compartir objetivos, aqu\u00ed vamos a tener la sede de la Facultad de Ciencias de la Salud\u201d, manifest\u00f3.<\/p>\n\n\n\n<p>Adem\u00e1s, resalt\u00f3 la necesidad de \u201cdefender\u201d&nbsp; a La Pampa en el balotaje del domingo 19, donde se enfrentar\u00e1n Sergio Massa y Javier Milei.<\/p>\n\n\n\n<p>\u201cPor ah\u00ed no se logra entender que est\u00e1 en juego o por ah\u00ed se ponen discusiones entelequias que le pasan por ah\u00ed muy lejos a la sociedad\u201d, dijo, en referencia a las elecciones. \u201cEstos son ejemplos tangibles de lo que est\u00e1 en juego. Cuando hablamos de la salud p\u00fablica, esto es lo que est\u00e1 en juego. Por eso es un momento hist\u00f3rico. Todos queremos que est\u00e9n a la altura de las circunstancias. Todos tenemos muy en claro, y hoy vemos, como lo dice un ejemplo tangible de lo que tenemos que defender. Esperemos no perder el rumbo, depende exclusivamente de cada pampeana y cada pampeano\u201d, sostuvo.<\/p>\n\n\n\n<div style=\"height:100px\" aria-hidden=\"true\" class=\"wp-block-spacer\"><\/div>\n\n\n\n<p><\/p>\n\n\n\n<p><strong>Kohan<\/strong><\/p>\n\n\n\n<p>El ministro de Salud, Mario Kohan, se pregunt\u00f3 \u201cqui\u00e9n va a comprar una ambulancia para Chos Malal si no es el Estado\u201d y dijo que \u201cmeten miedo\u201d las propuestas electorales de Milei, en el sentido de la privatizaci\u00f3n de la salud y la educaci\u00f3n. \u201cUno viene viviendo en estos \u00faltimos d\u00edas, en un periodo bastante largo, pero cuando nosotros mencionamos dos unidades 4&#215;4, esas unidades est\u00e1n destinadas a localidades como Chos Mal y Lihuel Calel, que son lugares que son intransitables en muchos momentos del a\u00f1o, son imposibles de circular esos caminos\u201d, dijo. <\/p>\n\n\n\n<p>\u201cEntonces yo pensaba, \u00bfqui\u00e9n puede invertir en ambulancias para que circulen por esos caminos inh\u00f3spitos, para darle atenci\u00f3n a la comunidad como corresponde, o el resto de las unidades que hemos comprado para diferentes funciones? Si no est\u00e1 el Estado haciendo estas cosas, \u00bfqui\u00e9n puede hacer esto?\u201d, se pregunt\u00f3. \u201cY yo, \u00bfpor qu\u00e9 planteo esto? Porque creo que estamos en una etapa que realmente, tengo unos cuantos a\u00f1itos y a veces me sorprendo porque pens\u00e9 que hab\u00eda discusiones que estaban saldadas en Argentina, pero veo que hemos retrocedido 100 a\u00f1os atr\u00e1s, estamos de vuelta discutiendo cosas que parece que nunca m\u00e1s tendr\u00edamos que haber discutido\u201d, agreg\u00f3.<\/p>\n\n\n\n<div style=\"height:100px\" aria-hidden=\"true\" class=\"wp-block-spacer\"><\/div>\n\n\n\n<p><strong>Destino de las ambulancias<\/strong><br>De las 24 ambulancias, 6 son unidades de Terapia Intensiva M\u00f3vil (UTIM); 12 de Tipo Soporte Vital (SV); 2 Todo Terreno (4&#215;4); y 4 de Traslados Internos.<br><\/p>\n\n\n\n<p>Las unidades entregadas se distribuir\u00e1n de la siguiente manera: dos al Ren\u00e9 Favaloro de Santa Rosa (UTIM); una al Gobernador Centeno (UTIM); una al SEM General Pico (SV); una a General Acha (SV); un a 25 de Mayo (UTIM); una a Realic\u00f3 UTIM; una a Anguil (SV); una a Toay (SV); una a Guatrach\u00e9 (SV)<br>Una a General San Martin (SV); una a Intendente Alvear (SV); una a Victorica (UTIM); una a Ingeniero Luiggi (SV); una a Catril\u00f3 (SV); una a Quemu Quemu (SV), una a Colonia Baron (SV); una a Embajador Martini (SV); una a Limay Mahuida (4X4); una a Chos Malal (4X4); una a Ren\u00e9 Favaloro (Unidad de Traslados Internos); una a Hospital Evita (Unidad de Traslados Internos); una a SEM General Pico (Unidad de Traslados Internos); y una al SEM Santa Rosa (Unidad de Traslados Internos).<\/p>\n\n\n\n<figure class=\"wp-block-image size-large\"><img fetchpriority=\"high\" decoding=\"async\" width=\"1024\" height=\"683\" src=\"https:\/\/diariotextual.com\/inicio\/wp-content\/uploads\/2023\/11\/ambulanciashospitalfavaloro2023-12-1024x683.jpg\" alt=\"\" class=\"wp-image-243714\" srcset=\"https:\/\/diariotextual.com\/inicio\/wp-content\/uploads\/2023\/11\/ambulanciashospitalfavaloro2023-12-1024x683.jpg 1024w, https:\/\/diariotextual.com\/inicio\/wp-content\/uploads\/2023\/11\/ambulanciashospitalfavaloro2023-12-300x200.jpg 300w, https:\/\/diariotextual.com\/inicio\/wp-content\/uploads\/2023\/11\/ambulanciashospitalfavaloro2023-12-768x512.jpg 768w, https:\/\/diariotextual.com\/inicio\/wp-content\/uploads\/2023\/11\/ambulanciashospitalfavaloro2023-12-1536x1024.jpg 1536w, https:\/\/diariotextual.com\/inicio\/wp-content\/uploads\/2023\/11\/ambulanciashospitalfavaloro2023-12-1170x780.jpg 1170w, https:\/\/diariotextual.com\/inicio\/wp-content\/uploads\/2023\/11\/ambulanciashospitalfavaloro2023-12-585x390.jpg 585w, https:\/\/diariotextual.com\/inicio\/wp-content\/uploads\/2023\/11\/ambulanciashospitalfavaloro2023-12-263x175.jpg 263w, https:\/\/diariotextual.com\/inicio\/wp-content\/uploads\/2023\/11\/ambulanciashospitalfavaloro2023-12.jpg 1599w\" sizes=\"(max-width: 1024px) 100vw, 1024px\" \/><\/figure>\n\n\n\n<p><\/p>\n","protected":false},"excerpt":{"rendered":"<p>El gobernador Sergio Ziliotto dijo este mi\u00e9rcoles, en un acto de entrega de 24 ambulancias a diferentes localidades de La Pampa, que el Hospital Favaloro, recientemente inaugurado en Santa Rosa,&hellip;<\/p>\n","protected":false},"author":3,"featured_media":243732,"comment_status":"closed","ping_status":"open","sticky":false,"template":"","format":"standard","meta":{"_acf_changed":false,"footnotes":""},"categories":[1,11,8],"tags":[],"class_list":["post-243707","post","type-post","status-publish","format-standard","has-post-thumbnail","hentry","category-es-noticia","category-que-pasa","category-politica"],"acf":[],"yoast_head":"<!-- This site is optimized with the Yoast SEO plugin v27.4 - https:\/\/yoast.com\/product\/yoast-seo-wordpress\/ -->\n<title>Ziliotto: \u201cEl Hospital Favaloro es nuestro m\u00e1ximo orgullo como pampeano\u201d - Diario Textual<\/title>\n<meta name=\"robots\" content=\"index, follow, max-snippet:-1, max-image-preview:large, max-video-preview:-1\" \/>\n<link rel=\"canonical\" href=\"https:\/\/diariotextual.com\/inicio\/index.php\/2023\/11\/09\/ziliotto-el-hospital-favaloro-es-el-maximo-orgullo-como-pampeano\/\" \/>\n<meta property=\"og:locale\" content=\"es_ES\" \/>\n<meta property=\"og:type\" content=\"article\" \/>\n<meta property=\"og:title\" content=\"Ziliotto: \u201cEl Hospital Favaloro es nuestro m\u00e1ximo orgullo como pampeano\u201d - Diario Textual\" \/>\n<meta property=\"og:description\" content=\"El gobernador Sergio Ziliotto dijo este mi\u00e9rcoles, en un acto de entrega de 24 ambulancias a diferentes localidades de La Pampa, que el Hospital Favaloro, recientemente inaugurado en Santa Rosa,&hellip;\" \/>\n<meta property=\"og:url\" content=\"https:\/\/diariotextual.com\/inicio\/index.php\/2023\/11\/09\/ziliotto-el-hospital-favaloro-es-el-maximo-orgullo-como-pampeano\/\" \/>\n<meta property=\"og:site_name\" content=\"Diario Textual\" \/>\n<meta property=\"article:publisher\" content=\"https:\/\/www.facebook.com\/eltextual\" \/>\n<meta property=\"article:published_time\" content=\"2023-11-09T22:19:00+00:00\" \/>\n<meta property=\"article:modified_time\" content=\"2023-11-10T20:58:43+00:00\" \/>\n<meta property=\"og:image\" content=\"https:\/\/diariotextual.com\/inicio\/wp-content\/uploads\/2023\/11\/ziliottosergioambulanciashospitalfavaloro2023-213.jpg\" \/>\n\t<meta property=\"og:image:width\" content=\"1500\" \/>\n\t<meta property=\"og:image:height\" content=\"1000\" \/>\n\t<meta property=\"og:image:type\" content=\"image\/jpeg\" \/>\n<meta name=\"author\" content=\"Diario1 Diario1\" \/>\n<meta name=\"twitter:card\" content=\"summary_large_image\" \/>\n<meta name=\"twitter:creator\" content=\"@eltextual\" \/>\n<meta name=\"twitter:site\" content=\"@eltextual\" \/>\n<meta name=\"twitter:label1\" content=\"Escrito por\" \/>\n\t<meta name=\"twitter:data1\" content=\"Diario1 Diario1\" \/>\n\t<meta name=\"twitter:label2\" content=\"Tiempo de lectura\" \/>\n\t<meta name=\"twitter:data2\" content=\"4 minutos\" \/>\n<script type=\"application\/ld+json\" class=\"yoast-schema-graph\">{\"@context\":\"https:\\\/\\\/schema.org\",\"@graph\":[{\"@type\":\"Article\",\"@id\":\"https:\\\/\\\/diariotextual.com\\\/inicio\\\/index.php\\\/2023\\\/11\\\/09\\\/ziliotto-el-hospital-favaloro-es-el-maximo-orgullo-como-pampeano\\\/#article\",\"isPartOf\":{\"@id\":\"https:\\\/\\\/diariotextual.com\\\/inicio\\\/index.php\\\/2023\\\/11\\\/09\\\/ziliotto-el-hospital-favaloro-es-el-maximo-orgullo-como-pampeano\\\/\"},\"author\":{\"name\":\"Diario1 Diario1\",\"@id\":\"https:\\\/\\\/diariotextual.com\\\/inicio\\\/#\\\/schema\\\/person\\\/418fc4093c33e86ed41562db3508f958\"},\"headline\":\"Ziliotto: \u201cEl Hospital Favaloro es nuestro m\u00e1ximo orgullo como pampeano\u201d\",\"datePublished\":\"2023-11-09T22:19:00+00:00\",\"dateModified\":\"2023-11-10T20:58:43+00:00\",\"mainEntityOfPage\":{\"@id\":\"https:\\\/\\\/diariotextual.com\\\/inicio\\\/index.php\\\/2023\\\/11\\\/09\\\/ziliotto-el-hospital-favaloro-es-el-maximo-orgullo-como-pampeano\\\/\"},\"wordCount\":855,\"publisher\":{\"@id\":\"https:\\\/\\\/diariotextual.com\\\/inicio\\\/#organization\"},\"image\":{\"@id\":\"https:\\\/\\\/diariotextual.com\\\/inicio\\\/index.php\\\/2023\\\/11\\\/09\\\/ziliotto-el-hospital-favaloro-es-el-maximo-orgullo-como-pampeano\\\/#primaryimage\"},\"thumbnailUrl\":\"https:\\\/\\\/diariotextual.com\\\/inicio\\\/wp-content\\\/uploads\\\/2023\\\/11\\\/ziliottosergioambulanciashospitalfavaloro2023-213.jpg\",\"articleSection\":[\"A - ES NOTICIA (van abajo)\",\"A - QUE PASA (al costado)\",\"POLITICA\"],\"inLanguage\":\"es\"},{\"@type\":\"WebPage\",\"@id\":\"https:\\\/\\\/diariotextual.com\\\/inicio\\\/index.php\\\/2023\\\/11\\\/09\\\/ziliotto-el-hospital-favaloro-es-el-maximo-orgullo-como-pampeano\\\/\",\"url\":\"https:\\\/\\\/diariotextual.com\\\/inicio\\\/index.php\\\/2023\\\/11\\\/09\\\/ziliotto-el-hospital-favaloro-es-el-maximo-orgullo-como-pampeano\\\/\",\"name\":\"Ziliotto: \u201cEl Hospital Favaloro es nuestro m\u00e1ximo orgullo como pampeano\u201d - Diario Textual\",\"isPartOf\":{\"@id\":\"https:\\\/\\\/diariotextual.com\\\/inicio\\\/#website\"},\"primaryImageOfPage\":{\"@id\":\"https:\\\/\\\/diariotextual.com\\\/inicio\\\/index.php\\\/2023\\\/11\\\/09\\\/ziliotto-el-hospital-favaloro-es-el-maximo-orgullo-como-pampeano\\\/#primaryimage\"},\"image\":{\"@id\":\"https:\\\/\\\/diariotextual.com\\\/inicio\\\/index.php\\\/2023\\\/11\\\/09\\\/ziliotto-el-hospital-favaloro-es-el-maximo-orgullo-como-pampeano\\\/#primaryimage\"},\"thumbnailUrl\":\"https:\\\/\\\/diariotextual.com\\\/inicio\\\/wp-content\\\/uploads\\\/2023\\\/11\\\/ziliottosergioambulanciashospitalfavaloro2023-213.jpg\",\"datePublished\":\"2023-11-09T22:19:00+00:00\",\"dateModified\":\"2023-11-10T20:58:43+00:00\",\"breadcrumb\":{\"@id\":\"https:\\\/\\\/diariotextual.com\\\/inicio\\\/index.php\\\/2023\\\/11\\\/09\\\/ziliotto-el-hospital-favaloro-es-el-maximo-orgullo-como-pampeano\\\/#breadcrumb\"},\"inLanguage\":\"es\",\"potentialAction\":[{\"@type\":\"ReadAction\",\"target\":[\"https:\\\/\\\/diariotextual.com\\\/inicio\\\/index.php\\\/2023\\\/11\\\/09\\\/ziliotto-el-hospital-favaloro-es-el-maximo-orgullo-como-pampeano\\\/\"]}]},{\"@type\":\"ImageObject\",\"inLanguage\":\"es\",\"@id\":\"https:\\\/\\\/diariotextual.com\\\/inicio\\\/index.php\\\/2023\\\/11\\\/09\\\/ziliotto-el-hospital-favaloro-es-el-maximo-orgullo-como-pampeano\\\/#primaryimage\",\"url\":\"https:\\\/\\\/diariotextual.com\\\/inicio\\\/wp-content\\\/uploads\\\/2023\\\/11\\\/ziliottosergioambulanciashospitalfavaloro2023-213.jpg\",\"contentUrl\":\"https:\\\/\\\/diariotextual.com\\\/inicio\\\/wp-content\\\/uploads\\\/2023\\\/11\\\/ziliottosergioambulanciashospitalfavaloro2023-213.jpg\",\"width\":1500,\"height\":1000},{\"@type\":\"BreadcrumbList\",\"@id\":\"https:\\\/\\\/diariotextual.com\\\/inicio\\\/index.php\\\/2023\\\/11\\\/09\\\/ziliotto-el-hospital-favaloro-es-el-maximo-orgullo-como-pampeano\\\/#breadcrumb\",\"itemListElement\":[{\"@type\":\"ListItem\",\"position\":1,\"name\":\"Portada\",\"item\":\"https:\\\/\\\/diariotextual.com\\\/inicio\\\/\"},{\"@type\":\"ListItem\",\"position\":2,\"name\":\"Ziliotto: \u201cEl Hospital Favaloro es nuestro m\u00e1ximo orgullo como pampeano\u201d\"}]},{\"@type\":\"WebSite\",\"@id\":\"https:\\\/\\\/diariotextual.com\\\/inicio\\\/#website\",\"url\":\"https:\\\/\\\/diariotextual.com\\\/inicio\\\/\",\"name\":\"Diario Textual\",\"description\":\"\",\"publisher\":{\"@id\":\"https:\\\/\\\/diariotextual.com\\\/inicio\\\/#organization\"},\"potentialAction\":[{\"@type\":\"SearchAction\",\"target\":{\"@type\":\"EntryPoint\",\"urlTemplate\":\"https:\\\/\\\/diariotextual.com\\\/inicio\\\/?s={search_term_string}\"},\"query-input\":{\"@type\":\"PropertyValueSpecification\",\"valueRequired\":true,\"valueName\":\"search_term_string\"}}],\"inLanguage\":\"es\"},{\"@type\":\"Organization\",\"@id\":\"https:\\\/\\\/diariotextual.com\\\/inicio\\\/#organization\",\"name\":\"Diario Textual\",\"url\":\"https:\\\/\\\/diariotextual.com\\\/inicio\\\/\",\"logo\":{\"@type\":\"ImageObject\",\"inLanguage\":\"es\",\"@id\":\"https:\\\/\\\/diariotextual.com\\\/inicio\\\/#\\\/schema\\\/logo\\\/image\\\/\",\"url\":\"https:\\\/\\\/diariotextual.com\\\/inicio\\\/wp-content\\\/uploads\\\/2023\\\/05\\\/logotextual1.jpg\",\"contentUrl\":\"https:\\\/\\\/diariotextual.com\\\/inicio\\\/wp-content\\\/uploads\\\/2023\\\/05\\\/logotextual1.jpg\",\"width\":516,\"height\":76,\"caption\":\"Diario Textual\"},\"image\":{\"@id\":\"https:\\\/\\\/diariotextual.com\\\/inicio\\\/#\\\/schema\\\/logo\\\/image\\\/\"},\"sameAs\":[\"https:\\\/\\\/www.facebook.com\\\/eltextual\",\"https:\\\/\\\/x.com\\\/eltextual\",\"http:\\\/\\\/www.instagram.com\\\/eltextual\"]},{\"@type\":\"Person\",\"@id\":\"https:\\\/\\\/diariotextual.com\\\/inicio\\\/#\\\/schema\\\/person\\\/418fc4093c33e86ed41562db3508f958\",\"name\":\"Diario1 Diario1\",\"image\":{\"@type\":\"ImageObject\",\"inLanguage\":\"es\",\"@id\":\"https:\\\/\\\/secure.gravatar.com\\\/avatar\\\/9167d280179c85bc18be67aa7eda765854300033af4896dd779b608640f2ef7a?s=96&d=mm&r=g\",\"url\":\"https:\\\/\\\/secure.gravatar.com\\\/avatar\\\/9167d280179c85bc18be67aa7eda765854300033af4896dd779b608640f2ef7a?s=96&d=mm&r=g\",\"contentUrl\":\"https:\\\/\\\/secure.gravatar.com\\\/avatar\\\/9167d280179c85bc18be67aa7eda765854300033af4896dd779b608640f2ef7a?s=96&d=mm&r=g\",\"caption\":\"Diario1 Diario1\"},\"url\":\"https:\\\/\\\/diariotextual.com\\\/inicio\\\/index.php\\\/author\\\/diario1\\\/\"}]}<\/script>\n<!-- \/ Yoast SEO plugin. -->","yoast_head_json":{"title":"Ziliotto: \u201cEl Hospital Favaloro es nuestro m\u00e1ximo orgullo como pampeano\u201d - Diario Textual","robots":{"index":"index","follow":"follow","max-snippet":"max-snippet:-1","max-image-preview":"max-image-preview:large","max-video-preview":"max-video-preview:-1"},"canonical":"https:\/\/diariotextual.com\/inicio\/index.php\/2023\/11\/09\/ziliotto-el-hospital-favaloro-es-el-maximo-orgullo-como-pampeano\/","og_locale":"es_ES","og_type":"article","og_title":"Ziliotto: \u201cEl Hospital Favaloro es nuestro m\u00e1ximo orgullo como pampeano\u201d - Diario Textual","og_description":"El gobernador Sergio Ziliotto dijo este mi\u00e9rcoles, en un acto de entrega de 24 ambulancias a diferentes localidades de La Pampa, que el Hospital Favaloro, recientemente inaugurado en Santa Rosa,&hellip;","og_url":"https:\/\/diariotextual.com\/inicio\/index.php\/2023\/11\/09\/ziliotto-el-hospital-favaloro-es-el-maximo-orgullo-como-pampeano\/","og_site_name":"Diario Textual","article_publisher":"https:\/\/www.facebook.com\/eltextual","article_published_time":"2023-11-09T22:19:00+00:00","article_modified_time":"2023-11-10T20:58:43+00:00","og_image":[{"width":1500,"height":1000,"url":"https:\/\/diariotextual.com\/inicio\/wp-content\/uploads\/2023\/11\/ziliottosergioambulanciashospitalfavaloro2023-213.jpg","type":"image\/jpeg"}],"author":"Diario1 Diario1","twitter_card":"summary_large_image","twitter_creator":"@eltextual","twitter_site":"@eltextual","twitter_misc":{"Escrito por":"Diario1 Diario1","Tiempo de lectura":"4 minutos"},"schema":{"@context":"https:\/\/schema.org","@graph":[{"@type":"Article","@id":"https:\/\/diariotextual.com\/inicio\/index.php\/2023\/11\/09\/ziliotto-el-hospital-favaloro-es-el-maximo-orgullo-como-pampeano\/#article","isPartOf":{"@id":"https:\/\/diariotextual.com\/inicio\/index.php\/2023\/11\/09\/ziliotto-el-hospital-favaloro-es-el-maximo-orgullo-como-pampeano\/"},"author":{"name":"Diario1 Diario1","@id":"https:\/\/diariotextual.com\/inicio\/#\/schema\/person\/418fc4093c33e86ed41562db3508f958"},"headline":"Ziliotto: \u201cEl Hospital Favaloro es nuestro m\u00e1ximo orgullo como pampeano\u201d","datePublished":"2023-11-09T22:19:00+00:00","dateModified":"2023-11-10T20:58:43+00:00","mainEntityOfPage":{"@id":"https:\/\/diariotextual.com\/inicio\/index.php\/2023\/11\/09\/ziliotto-el-hospital-favaloro-es-el-maximo-orgullo-como-pampeano\/"},"wordCount":855,"publisher":{"@id":"https:\/\/diariotextual.com\/inicio\/#organization"},"image":{"@id":"https:\/\/diariotextual.com\/inicio\/index.php\/2023\/11\/09\/ziliotto-el-hospital-favaloro-es-el-maximo-orgullo-como-pampeano\/#primaryimage"},"thumbnailUrl":"https:\/\/diariotextual.com\/inicio\/wp-content\/uploads\/2023\/11\/ziliottosergioambulanciashospitalfavaloro2023-213.jpg","articleSection":["A - ES NOTICIA (van abajo)","A - QUE PASA (al costado)","POLITICA"],"inLanguage":"es"},{"@type":"WebPage","@id":"https:\/\/diariotextual.com\/inicio\/index.php\/2023\/11\/09\/ziliotto-el-hospital-favaloro-es-el-maximo-orgullo-como-pampeano\/","url":"https:\/\/diariotextual.com\/inicio\/index.php\/2023\/11\/09\/ziliotto-el-hospital-favaloro-es-el-maximo-orgullo-como-pampeano\/","name":"Ziliotto: \u201cEl Hospital Favaloro es nuestro m\u00e1ximo orgullo como pampeano\u201d - Diario Textual","isPartOf":{"@id":"https:\/\/diariotextual.com\/inicio\/#website"},"primaryImageOfPage":{"@id":"https:\/\/diariotextual.com\/inicio\/index.php\/2023\/11\/09\/ziliotto-el-hospital-favaloro-es-el-maximo-orgullo-como-pampeano\/#primaryimage"},"image":{"@id":"https:\/\/diariotextual.com\/inicio\/index.php\/2023\/11\/09\/ziliotto-el-hospital-favaloro-es-el-maximo-orgullo-como-pampeano\/#primaryimage"},"thumbnailUrl":"https:\/\/diariotextual.com\/inicio\/wp-content\/uploads\/2023\/11\/ziliottosergioambulanciashospitalfavaloro2023-213.jpg","datePublished":"2023-11-09T22:19:00+00:00","dateModified":"2023-11-10T20:58:43+00:00","breadcrumb":{"@id":"https:\/\/diariotextual.com\/inicio\/index.php\/2023\/11\/09\/ziliotto-el-hospital-favaloro-es-el-maximo-orgullo-como-pampeano\/#breadcrumb"},"inLanguage":"es","potentialAction":[{"@type":"ReadAction","target":["https:\/\/diariotextual.com\/inicio\/index.php\/2023\/11\/09\/ziliotto-el-hospital-favaloro-es-el-maximo-orgullo-como-pampeano\/"]}]},{"@type":"ImageObject","inLanguage":"es","@id":"https:\/\/diariotextual.com\/inicio\/index.php\/2023\/11\/09\/ziliotto-el-hospital-favaloro-es-el-maximo-orgullo-como-pampeano\/#primaryimage","url":"https:\/\/diariotextual.com\/inicio\/wp-content\/uploads\/2023\/11\/ziliottosergioambulanciashospitalfavaloro2023-213.jpg","contentUrl":"https:\/\/diariotextual.com\/inicio\/wp-content\/uploads\/2023\/11\/ziliottosergioambulanciashospitalfavaloro2023-213.jpg","width":1500,"height":1000},{"@type":"BreadcrumbList","@id":"https:\/\/diariotextual.com\/inicio\/index.php\/2023\/11\/09\/ziliotto-el-hospital-favaloro-es-el-maximo-orgullo-como-pampeano\/#breadcrumb","itemListElement":[{"@type":"ListItem","position":1,"name":"Portada","item":"https:\/\/diariotextual.com\/inicio\/"},{"@type":"ListItem","position":2,"name":"Ziliotto: \u201cEl Hospital Favaloro es nuestro m\u00e1ximo orgullo como pampeano\u201d"}]},{"@type":"WebSite","@id":"https:\/\/diariotextual.com\/inicio\/#website","url":"https:\/\/diariotextual.com\/inicio\/","name":"Diario Textual","description":"","publisher":{"@id":"https:\/\/diariotextual.com\/inicio\/#organization"},"potentialAction":[{"@type":"SearchAction","target":{"@type":"EntryPoint","urlTemplate":"https:\/\/diariotextual.com\/inicio\/?s={search_term_string}"},"query-input":{"@type":"PropertyValueSpecification","valueRequired":true,"valueName":"search_term_string"}}],"inLanguage":"es"},{"@type":"Organization","@id":"https:\/\/diariotextual.com\/inicio\/#organization","name":"Diario Textual","url":"https:\/\/diariotextual.com\/inicio\/","logo":{"@type":"ImageObject","inLanguage":"es","@id":"https:\/\/diariotextual.com\/inicio\/#\/schema\/logo\/image\/","url":"https:\/\/diariotextual.com\/inicio\/wp-content\/uploads\/2023\/05\/logotextual1.jpg","contentUrl":"https:\/\/diariotextual.com\/inicio\/wp-content\/uploads\/2023\/05\/logotextual1.jpg","width":516,"height":76,"caption":"Diario Textual"},"image":{"@id":"https:\/\/diariotextual.com\/inicio\/#\/schema\/logo\/image\/"},"sameAs":["https:\/\/www.facebook.com\/eltextual","https:\/\/x.com\/eltextual","http:\/\/www.instagram.com\/eltextual"]},{"@type":"Person","@id":"https:\/\/diariotextual.com\/inicio\/#\/schema\/person\/418fc4093c33e86ed41562db3508f958","name":"Diario1 Diario1","image":{"@type":"ImageObject","inLanguage":"es","@id":"https:\/\/secure.gravatar.com\/avatar\/9167d280179c85bc18be67aa7eda765854300033af4896dd779b608640f2ef7a?s=96&d=mm&r=g","url":"https:\/\/secure.gravatar.com\/avatar\/9167d280179c85bc18be67aa7eda765854300033af4896dd779b608640f2ef7a?s=96&d=mm&r=g","contentUrl":"https:\/\/secure.gravatar.com\/avatar\/9167d280179c85bc18be67aa7eda765854300033af4896dd779b608640f2ef7a?s=96&d=mm&r=g","caption":"Diario1 Diario1"},"url":"https:\/\/diariotextual.com\/inicio\/index.php\/author\/diario1\/"}]}},"_links":{"self":[{"href":"https:\/\/diariotextual.com\/inicio\/index.php\/wp-json\/wp\/v2\/posts\/243707","targetHints":{"allow":["GET"]}}],"collection":[{"href":"https:\/\/diariotextual.com\/inicio\/index.php\/wp-json\/wp\/v2\/posts"}],"about":[{"href":"https:\/\/diariotextual.com\/inicio\/index.php\/wp-json\/wp\/v2\/types\/post"}],"author":[{"embeddable":true,"href":"https:\/\/diariotextual.com\/inicio\/index.php\/wp-json\/wp\/v2\/users\/3"}],"replies":[{"embeddable":true,"href":"https:\/\/diariotextual.com\/inicio\/index.php\/wp-json\/wp\/v2\/comments?post=243707"}],"version-history":[{"count":10,"href":"https:\/\/diariotextual.com\/inicio\/index.php\/wp-json\/wp\/v2\/posts\/243707\/revisions"}],"predecessor-version":[{"id":243736,"href":"https:\/\/diariotextual.com\/inicio\/index.php\/wp-json\/wp\/v2\/posts\/243707\/revisions\/243736"}],"wp:featuredmedia":[{"embeddable":true,"href":"https:\/\/diariotextual.com\/inicio\/index.php\/wp-json\/wp\/v2\/media\/243732"}],"wp:attachment":[{"href":"https:\/\/diariotextual.com\/inicio\/index.php\/wp-json\/wp\/v2\/media?parent=243707"}],"wp:term":[{"taxonomy":"category","embeddable":true,"href":"https:\/\/diariotextual.com\/inicio\/index.php\/wp-json\/wp\/v2\/categories?post=243707"},{"taxonomy":"post_tag","embeddable":true,"href":"https:\/\/diariotextual.com\/inicio\/index.php\/wp-json\/wp\/v2\/tags?post=243707"}],"curies":[{"name":"wp","href":"https:\/\/api.w.org\/{rel}","templated":true}]}}