{"id":243863,"date":"2023-11-10T19:42:22","date_gmt":"2023-11-10T22:42:22","guid":{"rendered":"https:\/\/diariotextual.com\/inicio\/?p=243863"},"modified":"2023-11-10T22:33:54","modified_gmt":"2023-11-11T01:33:54","slug":"se-presenta-el-gran-premio-lusqtoff-del-turismo-carretera-en-toay","status":"publish","type":"post","link":"https:\/\/diariotextual.com\/inicio\/index.php\/2023\/11\/10\/se-presenta-el-gran-premio-lusqtoff-del-turismo-carretera-en-toay\/","title":{"rendered":"Se present\u00f3 el Gran Premio Lusqtoff del Turismo Carretera en Toay"},"content":{"rendered":"\n<p>En la tarde del viernes se llev\u00f3 a cabo la presentaci\u00f3n del Gran Premio Lusqtoff de Toay que se correr\u00e1 en La Pampa este fin de semana, v\u00e1lido por la 4\u00b0 fecha de la Copa de Oro R\u00edo Uruguay Seguros.&nbsp;<\/p>\n\n\n\n<p>Con la participaci\u00f3n de Hugo Mazzacane, Presidente de la ACTC, acompa\u00f1ado por Sergio Pereda, presidente del Fideicomiso Aut\u00f3dromo de La Pampa, Adriana Romero, Secretaria de Turismo de la provincia de La Pampa, Ceferino Mart\u00ednez Almudevar, subsecretario de Deportes Provincial, Ricardo Martinoglio CEO de Lusqtoff&nbsp; y los pilotos de TC Mauricio Lambiris, Mariano Werner, Jonatan Castellanos, Sergio Alaux y Tob\u00edas Mart\u00ednez por el TC Pista la fecha tuvo su presentaci\u00f3n oficial.&nbsp;<\/p>\n\n\n\n<p>El Turismo Carretera, visita por segunda vez en la temporada el trazado pampeano con dos competencias claves en la temporada. All\u00e1 por el mes de marzo, la primera competencia especial con recarga de combustible y en esta oportunidad, la pen\u00faltima de la temporada que definir\u00e1 los pilotos que clasifiquen a la Copa de Oro por el sistema de \u201ctres de \u00faltimo minuto\u201d y aquellos que tengan chances reales de pelear por la gloria en la m\u00e1xima y su telonera.&nbsp;<\/p>\n\n\n\n<p>Las entradas para ir al aut\u00f3dromo tienen los siguientes valores: la general $9.000; boxes, $19.000; estacionamiento livianos (autos\/camionetas), $3.000; estacionamiento pesados, $5.000.<\/p>\n\n\n\n<figure class=\"wp-block-image size-large\"><img fetchpriority=\"high\" decoding=\"async\" width=\"1024\" height=\"1024\" src=\"https:\/\/diariotextual.com\/inicio\/wp-content\/uploads\/2023\/11\/tctoaycronograma2023-1024x1024.jpg\" alt=\"\" class=\"wp-image-243866\" srcset=\"https:\/\/diariotextual.com\/inicio\/wp-content\/uploads\/2023\/11\/tctoaycronograma2023-1024x1024.jpg 1024w, https:\/\/diariotextual.com\/inicio\/wp-content\/uploads\/2023\/11\/tctoaycronograma2023-300x300.jpg 300w, https:\/\/diariotextual.com\/inicio\/wp-content\/uploads\/2023\/11\/tctoaycronograma2023-150x150.jpg 150w, https:\/\/diariotextual.com\/inicio\/wp-content\/uploads\/2023\/11\/tctoaycronograma2023-768x768.jpg 768w, https:\/\/diariotextual.com\/inicio\/wp-content\/uploads\/2023\/11\/tctoaycronograma2023-1170x1170.jpg 1170w, https:\/\/diariotextual.com\/inicio\/wp-content\/uploads\/2023\/11\/tctoaycronograma2023-585x585.jpg 585w, https:\/\/diariotextual.com\/inicio\/wp-content\/uploads\/2023\/11\/tctoaycronograma2023.jpg 1440w\" sizes=\"(max-width: 1024px) 100vw, 1024px\" \/><\/figure>\n","protected":false},"excerpt":{"rendered":"<p>En la tarde del viernes se llev\u00f3 a cabo la presentaci\u00f3n del Gran Premio Lusqtoff de Toay que se correr\u00e1 en La Pampa este fin de semana, v\u00e1lido por la&hellip;<\/p>\n","protected":false},"author":7,"featured_media":243953,"comment_status":"closed","ping_status":"open","sticky":false,"template":"","format":"standard","meta":{"_acf_changed":false,"footnotes":""},"categories":[1,3],"tags":[],"class_list":["post-243863","post","type-post","status-publish","format-standard","has-post-thumbnail","hentry","category-es-noticia","category-deportes"],"acf":[],"yoast_head":"<!-- This site is optimized with the Yoast SEO plugin v27.5 - https:\/\/yoast.com\/product\/yoast-seo-wordpress\/ -->\n<title>Se present\u00f3 el Gran Premio Lusqtoff del Turismo Carretera en Toay - Diario Textual<\/title>\n<meta name=\"robots\" content=\"index, follow, max-snippet:-1, max-image-preview:large, max-video-preview:-1\" \/>\n<link rel=\"canonical\" href=\"https:\/\/diariotextual.com\/inicio\/index.php\/2023\/11\/10\/se-presenta-el-gran-premio-lusqtoff-del-turismo-carretera-en-toay\/\" \/>\n<meta property=\"og:locale\" content=\"es_ES\" \/>\n<meta property=\"og:type\" content=\"article\" \/>\n<meta property=\"og:title\" content=\"Se present\u00f3 el Gran Premio Lusqtoff del Turismo Carretera en Toay - Diario Textual\" \/>\n<meta property=\"og:description\" content=\"En la tarde del viernes se llev\u00f3 a cabo la presentaci\u00f3n del Gran Premio Lusqtoff de Toay que se correr\u00e1 en La Pampa este fin de semana, v\u00e1lido por la&hellip;\" \/>\n<meta property=\"og:url\" content=\"https:\/\/diariotextual.com\/inicio\/index.php\/2023\/11\/10\/se-presenta-el-gran-premio-lusqtoff-del-turismo-carretera-en-toay\/\" \/>\n<meta property=\"og:site_name\" content=\"Diario Textual\" \/>\n<meta property=\"article:publisher\" content=\"https:\/\/www.facebook.com\/eltextual\" \/>\n<meta property=\"article:published_time\" content=\"2023-11-10T22:42:22+00:00\" \/>\n<meta property=\"article:modified_time\" content=\"2023-11-11T01:33:54+00:00\" \/>\n<meta property=\"og:image\" content=\"https:\/\/diariotextual.com\/inicio\/wp-content\/uploads\/2023\/11\/tcpresentacionluqstof.jpg\" \/>\n\t<meta property=\"og:image:width\" content=\"1283\" \/>\n\t<meta property=\"og:image:height\" content=\"523\" \/>\n\t<meta property=\"og:image:type\" content=\"image\/jpeg\" \/>\n<meta name=\"author\" content=\"diario5\" \/>\n<meta name=\"twitter:card\" content=\"summary_large_image\" \/>\n<meta name=\"twitter:creator\" content=\"@eltextual\" \/>\n<meta name=\"twitter:site\" content=\"@eltextual\" \/>\n<meta name=\"twitter:label1\" content=\"Escrito por\" \/>\n\t<meta name=\"twitter:data1\" content=\"diario5\" \/>\n\t<meta name=\"twitter:label2\" content=\"Tiempo de lectura\" \/>\n\t<meta name=\"twitter:data2\" content=\"2 minutos\" \/>\n<script type=\"application\/ld+json\" class=\"yoast-schema-graph\">{\"@context\":\"https:\\\/\\\/schema.org\",\"@graph\":[{\"@type\":\"Article\",\"@id\":\"https:\\\/\\\/diariotextual.com\\\/inicio\\\/index.php\\\/2023\\\/11\\\/10\\\/se-presenta-el-gran-premio-lusqtoff-del-turismo-carretera-en-toay\\\/#article\",\"isPartOf\":{\"@id\":\"https:\\\/\\\/diariotextual.com\\\/inicio\\\/index.php\\\/2023\\\/11\\\/10\\\/se-presenta-el-gran-premio-lusqtoff-del-turismo-carretera-en-toay\\\/\"},\"author\":{\"name\":\"diario5\",\"@id\":\"https:\\\/\\\/diariotextual.com\\\/inicio\\\/#\\\/schema\\\/person\\\/c7834961ad8b29b1d9cdbf4571299067\"},\"headline\":\"Se present\u00f3 el Gran Premio Lusqtoff del Turismo Carretera en Toay\",\"datePublished\":\"2023-11-10T22:42:22+00:00\",\"dateModified\":\"2023-11-11T01:33:54+00:00\",\"mainEntityOfPage\":{\"@id\":\"https:\\\/\\\/diariotextual.com\\\/inicio\\\/index.php\\\/2023\\\/11\\\/10\\\/se-presenta-el-gran-premio-lusqtoff-del-turismo-carretera-en-toay\\\/\"},\"wordCount\":235,\"publisher\":{\"@id\":\"https:\\\/\\\/diariotextual.com\\\/inicio\\\/#organization\"},\"image\":{\"@id\":\"https:\\\/\\\/diariotextual.com\\\/inicio\\\/index.php\\\/2023\\\/11\\\/10\\\/se-presenta-el-gran-premio-lusqtoff-del-turismo-carretera-en-toay\\\/#primaryimage\"},\"thumbnailUrl\":\"https:\\\/\\\/diariotextual.com\\\/inicio\\\/wp-content\\\/uploads\\\/2023\\\/11\\\/tcpresentacionluqstof.jpg\",\"articleSection\":[\"A - ES NOTICIA (van abajo)\",\"DEPORTES\"],\"inLanguage\":\"es\"},{\"@type\":\"WebPage\",\"@id\":\"https:\\\/\\\/diariotextual.com\\\/inicio\\\/index.php\\\/2023\\\/11\\\/10\\\/se-presenta-el-gran-premio-lusqtoff-del-turismo-carretera-en-toay\\\/\",\"url\":\"https:\\\/\\\/diariotextual.com\\\/inicio\\\/index.php\\\/2023\\\/11\\\/10\\\/se-presenta-el-gran-premio-lusqtoff-del-turismo-carretera-en-toay\\\/\",\"name\":\"Se present\u00f3 el Gran Premio Lusqtoff del Turismo Carretera en Toay - Diario Textual\",\"isPartOf\":{\"@id\":\"https:\\\/\\\/diariotextual.com\\\/inicio\\\/#website\"},\"primaryImageOfPage\":{\"@id\":\"https:\\\/\\\/diariotextual.com\\\/inicio\\\/index.php\\\/2023\\\/11\\\/10\\\/se-presenta-el-gran-premio-lusqtoff-del-turismo-carretera-en-toay\\\/#primaryimage\"},\"image\":{\"@id\":\"https:\\\/\\\/diariotextual.com\\\/inicio\\\/index.php\\\/2023\\\/11\\\/10\\\/se-presenta-el-gran-premio-lusqtoff-del-turismo-carretera-en-toay\\\/#primaryimage\"},\"thumbnailUrl\":\"https:\\\/\\\/diariotextual.com\\\/inicio\\\/wp-content\\\/uploads\\\/2023\\\/11\\\/tcpresentacionluqstof.jpg\",\"datePublished\":\"2023-11-10T22:42:22+00:00\",\"dateModified\":\"2023-11-11T01:33:54+00:00\",\"breadcrumb\":{\"@id\":\"https:\\\/\\\/diariotextual.com\\\/inicio\\\/index.php\\\/2023\\\/11\\\/10\\\/se-presenta-el-gran-premio-lusqtoff-del-turismo-carretera-en-toay\\\/#breadcrumb\"},\"inLanguage\":\"es\",\"potentialAction\":[{\"@type\":\"ReadAction\",\"target\":[\"https:\\\/\\\/diariotextual.com\\\/inicio\\\/index.php\\\/2023\\\/11\\\/10\\\/se-presenta-el-gran-premio-lusqtoff-del-turismo-carretera-en-toay\\\/\"]}]},{\"@type\":\"ImageObject\",\"inLanguage\":\"es\",\"@id\":\"https:\\\/\\\/diariotextual.com\\\/inicio\\\/index.php\\\/2023\\\/11\\\/10\\\/se-presenta-el-gran-premio-lusqtoff-del-turismo-carretera-en-toay\\\/#primaryimage\",\"url\":\"https:\\\/\\\/diariotextual.com\\\/inicio\\\/wp-content\\\/uploads\\\/2023\\\/11\\\/tcpresentacionluqstof.jpg\",\"contentUrl\":\"https:\\\/\\\/diariotextual.com\\\/inicio\\\/wp-content\\\/uploads\\\/2023\\\/11\\\/tcpresentacionluqstof.jpg\",\"width\":1283,\"height\":523},{\"@type\":\"BreadcrumbList\",\"@id\":\"https:\\\/\\\/diariotextual.com\\\/inicio\\\/index.php\\\/2023\\\/11\\\/10\\\/se-presenta-el-gran-premio-lusqtoff-del-turismo-carretera-en-toay\\\/#breadcrumb\",\"itemListElement\":[{\"@type\":\"ListItem\",\"position\":1,\"name\":\"Portada\",\"item\":\"https:\\\/\\\/diariotextual.com\\\/inicio\\\/\"},{\"@type\":\"ListItem\",\"position\":2,\"name\":\"Se present\u00f3 el Gran Premio Lusqtoff del Turismo Carretera en Toay\"}]},{\"@type\":\"WebSite\",\"@id\":\"https:\\\/\\\/diariotextual.com\\\/inicio\\\/#website\",\"url\":\"https:\\\/\\\/diariotextual.com\\\/inicio\\\/\",\"name\":\"Diario Textual\",\"description\":\"\",\"publisher\":{\"@id\":\"https:\\\/\\\/diariotextual.com\\\/inicio\\\/#organization\"},\"potentialAction\":[{\"@type\":\"SearchAction\",\"target\":{\"@type\":\"EntryPoint\",\"urlTemplate\":\"https:\\\/\\\/diariotextual.com\\\/inicio\\\/?s={search_term_string}\"},\"query-input\":{\"@type\":\"PropertyValueSpecification\",\"valueRequired\":true,\"valueName\":\"search_term_string\"}}],\"inLanguage\":\"es\"},{\"@type\":\"Organization\",\"@id\":\"https:\\\/\\\/diariotextual.com\\\/inicio\\\/#organization\",\"name\":\"Diario Textual\",\"url\":\"https:\\\/\\\/diariotextual.com\\\/inicio\\\/\",\"logo\":{\"@type\":\"ImageObject\",\"inLanguage\":\"es\",\"@id\":\"https:\\\/\\\/diariotextual.com\\\/inicio\\\/#\\\/schema\\\/logo\\\/image\\\/\",\"url\":\"https:\\\/\\\/diariotextual.com\\\/inicio\\\/wp-content\\\/uploads\\\/2023\\\/05\\\/logotextual1.jpg\",\"contentUrl\":\"https:\\\/\\\/diariotextual.com\\\/inicio\\\/wp-content\\\/uploads\\\/2023\\\/05\\\/logotextual1.jpg\",\"width\":516,\"height\":76,\"caption\":\"Diario Textual\"},\"image\":{\"@id\":\"https:\\\/\\\/diariotextual.com\\\/inicio\\\/#\\\/schema\\\/logo\\\/image\\\/\"},\"sameAs\":[\"https:\\\/\\\/www.facebook.com\\\/eltextual\",\"https:\\\/\\\/x.com\\\/eltextual\",\"http:\\\/\\\/www.instagram.com\\\/eltextual\"]},{\"@type\":\"Person\",\"@id\":\"https:\\\/\\\/diariotextual.com\\\/inicio\\\/#\\\/schema\\\/person\\\/c7834961ad8b29b1d9cdbf4571299067\",\"name\":\"diario5\",\"image\":{\"@type\":\"ImageObject\",\"inLanguage\":\"es\",\"@id\":\"https:\\\/\\\/secure.gravatar.com\\\/avatar\\\/948c893b847ca6df68216ead81b63f363408ec9b0f600fefc0641ce78613b111?s=96&d=mm&r=g\",\"url\":\"https:\\\/\\\/secure.gravatar.com\\\/avatar\\\/948c893b847ca6df68216ead81b63f363408ec9b0f600fefc0641ce78613b111?s=96&d=mm&r=g\",\"contentUrl\":\"https:\\\/\\\/secure.gravatar.com\\\/avatar\\\/948c893b847ca6df68216ead81b63f363408ec9b0f600fefc0641ce78613b111?s=96&d=mm&r=g\",\"caption\":\"diario5\"},\"url\":\"https:\\\/\\\/diariotextual.com\\\/inicio\\\/index.php\\\/author\\\/diario5\\\/\"}]}<\/script>\n<!-- \/ Yoast SEO plugin. -->","yoast_head_json":{"title":"Se present\u00f3 el Gran Premio Lusqtoff del Turismo Carretera en Toay - Diario Textual","robots":{"index":"index","follow":"follow","max-snippet":"max-snippet:-1","max-image-preview":"max-image-preview:large","max-video-preview":"max-video-preview:-1"},"canonical":"https:\/\/diariotextual.com\/inicio\/index.php\/2023\/11\/10\/se-presenta-el-gran-premio-lusqtoff-del-turismo-carretera-en-toay\/","og_locale":"es_ES","og_type":"article","og_title":"Se present\u00f3 el Gran Premio Lusqtoff del Turismo Carretera en Toay - Diario Textual","og_description":"En la tarde del viernes se llev\u00f3 a cabo la presentaci\u00f3n del Gran Premio Lusqtoff de Toay que se correr\u00e1 en La Pampa este fin de semana, v\u00e1lido por la&hellip;","og_url":"https:\/\/diariotextual.com\/inicio\/index.php\/2023\/11\/10\/se-presenta-el-gran-premio-lusqtoff-del-turismo-carretera-en-toay\/","og_site_name":"Diario Textual","article_publisher":"https:\/\/www.facebook.com\/eltextual","article_published_time":"2023-11-10T22:42:22+00:00","article_modified_time":"2023-11-11T01:33:54+00:00","og_image":[{"width":1283,"height":523,"url":"https:\/\/diariotextual.com\/inicio\/wp-content\/uploads\/2023\/11\/tcpresentacionluqstof.jpg","type":"image\/jpeg"}],"author":"diario5","twitter_card":"summary_large_image","twitter_creator":"@eltextual","twitter_site":"@eltextual","twitter_misc":{"Escrito por":"diario5","Tiempo de lectura":"2 minutos"},"schema":{"@context":"https:\/\/schema.org","@graph":[{"@type":"Article","@id":"https:\/\/diariotextual.com\/inicio\/index.php\/2023\/11\/10\/se-presenta-el-gran-premio-lusqtoff-del-turismo-carretera-en-toay\/#article","isPartOf":{"@id":"https:\/\/diariotextual.com\/inicio\/index.php\/2023\/11\/10\/se-presenta-el-gran-premio-lusqtoff-del-turismo-carretera-en-toay\/"},"author":{"name":"diario5","@id":"https:\/\/diariotextual.com\/inicio\/#\/schema\/person\/c7834961ad8b29b1d9cdbf4571299067"},"headline":"Se present\u00f3 el Gran Premio Lusqtoff del Turismo Carretera en Toay","datePublished":"2023-11-10T22:42:22+00:00","dateModified":"2023-11-11T01:33:54+00:00","mainEntityOfPage":{"@id":"https:\/\/diariotextual.com\/inicio\/index.php\/2023\/11\/10\/se-presenta-el-gran-premio-lusqtoff-del-turismo-carretera-en-toay\/"},"wordCount":235,"publisher":{"@id":"https:\/\/diariotextual.com\/inicio\/#organization"},"image":{"@id":"https:\/\/diariotextual.com\/inicio\/index.php\/2023\/11\/10\/se-presenta-el-gran-premio-lusqtoff-del-turismo-carretera-en-toay\/#primaryimage"},"thumbnailUrl":"https:\/\/diariotextual.com\/inicio\/wp-content\/uploads\/2023\/11\/tcpresentacionluqstof.jpg","articleSection":["A - ES NOTICIA (van abajo)","DEPORTES"],"inLanguage":"es"},{"@type":"WebPage","@id":"https:\/\/diariotextual.com\/inicio\/index.php\/2023\/11\/10\/se-presenta-el-gran-premio-lusqtoff-del-turismo-carretera-en-toay\/","url":"https:\/\/diariotextual.com\/inicio\/index.php\/2023\/11\/10\/se-presenta-el-gran-premio-lusqtoff-del-turismo-carretera-en-toay\/","name":"Se present\u00f3 el Gran Premio Lusqtoff del Turismo Carretera en Toay - Diario Textual","isPartOf":{"@id":"https:\/\/diariotextual.com\/inicio\/#website"},"primaryImageOfPage":{"@id":"https:\/\/diariotextual.com\/inicio\/index.php\/2023\/11\/10\/se-presenta-el-gran-premio-lusqtoff-del-turismo-carretera-en-toay\/#primaryimage"},"image":{"@id":"https:\/\/diariotextual.com\/inicio\/index.php\/2023\/11\/10\/se-presenta-el-gran-premio-lusqtoff-del-turismo-carretera-en-toay\/#primaryimage"},"thumbnailUrl":"https:\/\/diariotextual.com\/inicio\/wp-content\/uploads\/2023\/11\/tcpresentacionluqstof.jpg","datePublished":"2023-11-10T22:42:22+00:00","dateModified":"2023-11-11T01:33:54+00:00","breadcrumb":{"@id":"https:\/\/diariotextual.com\/inicio\/index.php\/2023\/11\/10\/se-presenta-el-gran-premio-lusqtoff-del-turismo-carretera-en-toay\/#breadcrumb"},"inLanguage":"es","potentialAction":[{"@type":"ReadAction","target":["https:\/\/diariotextual.com\/inicio\/index.php\/2023\/11\/10\/se-presenta-el-gran-premio-lusqtoff-del-turismo-carretera-en-toay\/"]}]},{"@type":"ImageObject","inLanguage":"es","@id":"https:\/\/diariotextual.com\/inicio\/index.php\/2023\/11\/10\/se-presenta-el-gran-premio-lusqtoff-del-turismo-carretera-en-toay\/#primaryimage","url":"https:\/\/diariotextual.com\/inicio\/wp-content\/uploads\/2023\/11\/tcpresentacionluqstof.jpg","contentUrl":"https:\/\/diariotextual.com\/inicio\/wp-content\/uploads\/2023\/11\/tcpresentacionluqstof.jpg","width":1283,"height":523},{"@type":"BreadcrumbList","@id":"https:\/\/diariotextual.com\/inicio\/index.php\/2023\/11\/10\/se-presenta-el-gran-premio-lusqtoff-del-turismo-carretera-en-toay\/#breadcrumb","itemListElement":[{"@type":"ListItem","position":1,"name":"Portada","item":"https:\/\/diariotextual.com\/inicio\/"},{"@type":"ListItem","position":2,"name":"Se present\u00f3 el Gran Premio Lusqtoff del Turismo Carretera en Toay"}]},{"@type":"WebSite","@id":"https:\/\/diariotextual.com\/inicio\/#website","url":"https:\/\/diariotextual.com\/inicio\/","name":"Diario Textual","description":"","publisher":{"@id":"https:\/\/diariotextual.com\/inicio\/#organization"},"potentialAction":[{"@type":"SearchAction","target":{"@type":"EntryPoint","urlTemplate":"https:\/\/diariotextual.com\/inicio\/?s={search_term_string}"},"query-input":{"@type":"PropertyValueSpecification","valueRequired":true,"valueName":"search_term_string"}}],"inLanguage":"es"},{"@type":"Organization","@id":"https:\/\/diariotextual.com\/inicio\/#organization","name":"Diario Textual","url":"https:\/\/diariotextual.com\/inicio\/","logo":{"@type":"ImageObject","inLanguage":"es","@id":"https:\/\/diariotextual.com\/inicio\/#\/schema\/logo\/image\/","url":"https:\/\/diariotextual.com\/inicio\/wp-content\/uploads\/2023\/05\/logotextual1.jpg","contentUrl":"https:\/\/diariotextual.com\/inicio\/wp-content\/uploads\/2023\/05\/logotextual1.jpg","width":516,"height":76,"caption":"Diario Textual"},"image":{"@id":"https:\/\/diariotextual.com\/inicio\/#\/schema\/logo\/image\/"},"sameAs":["https:\/\/www.facebook.com\/eltextual","https:\/\/x.com\/eltextual","http:\/\/www.instagram.com\/eltextual"]},{"@type":"Person","@id":"https:\/\/diariotextual.com\/inicio\/#\/schema\/person\/c7834961ad8b29b1d9cdbf4571299067","name":"diario5","image":{"@type":"ImageObject","inLanguage":"es","@id":"https:\/\/secure.gravatar.com\/avatar\/948c893b847ca6df68216ead81b63f363408ec9b0f600fefc0641ce78613b111?s=96&d=mm&r=g","url":"https:\/\/secure.gravatar.com\/avatar\/948c893b847ca6df68216ead81b63f363408ec9b0f600fefc0641ce78613b111?s=96&d=mm&r=g","contentUrl":"https:\/\/secure.gravatar.com\/avatar\/948c893b847ca6df68216ead81b63f363408ec9b0f600fefc0641ce78613b111?s=96&d=mm&r=g","caption":"diario5"},"url":"https:\/\/diariotextual.com\/inicio\/index.php\/author\/diario5\/"}]}},"_links":{"self":[{"href":"https:\/\/diariotextual.com\/inicio\/index.php\/wp-json\/wp\/v2\/posts\/243863","targetHints":{"allow":["GET"]}}],"collection":[{"href":"https:\/\/diariotextual.com\/inicio\/index.php\/wp-json\/wp\/v2\/posts"}],"about":[{"href":"https:\/\/diariotextual.com\/inicio\/index.php\/wp-json\/wp\/v2\/types\/post"}],"author":[{"embeddable":true,"href":"https:\/\/diariotextual.com\/inicio\/index.php\/wp-json\/wp\/v2\/users\/7"}],"replies":[{"embeddable":true,"href":"https:\/\/diariotextual.com\/inicio\/index.php\/wp-json\/wp\/v2\/comments?post=243863"}],"version-history":[{"count":4,"href":"https:\/\/diariotextual.com\/inicio\/index.php\/wp-json\/wp\/v2\/posts\/243863\/revisions"}],"predecessor-version":[{"id":243954,"href":"https:\/\/diariotextual.com\/inicio\/index.php\/wp-json\/wp\/v2\/posts\/243863\/revisions\/243954"}],"wp:featuredmedia":[{"embeddable":true,"href":"https:\/\/diariotextual.com\/inicio\/index.php\/wp-json\/wp\/v2\/media\/243953"}],"wp:attachment":[{"href":"https:\/\/diariotextual.com\/inicio\/index.php\/wp-json\/wp\/v2\/media?parent=243863"}],"wp:term":[{"taxonomy":"category","embeddable":true,"href":"https:\/\/diariotextual.com\/inicio\/index.php\/wp-json\/wp\/v2\/categories?post=243863"},{"taxonomy":"post_tag","embeddable":true,"href":"https:\/\/diariotextual.com\/inicio\/index.php\/wp-json\/wp\/v2\/tags?post=243863"}],"curies":[{"name":"wp","href":"https:\/\/api.w.org\/{rel}","templated":true}]}}