{"id":243893,"date":"2023-11-10T17:57:51","date_gmt":"2023-11-10T20:57:51","guid":{"rendered":"https:\/\/diariotextual.com\/inicio\/?p=243893"},"modified":"2023-11-10T19:26:00","modified_gmt":"2023-11-10T22:26:00","slug":"seguidores-de-milei-amenazaron-de-muerte-a-cerruti","status":"publish","type":"post","link":"https:\/\/diariotextual.com\/inicio\/index.php\/2023\/11\/10\/seguidores-de-milei-amenazaron-de-muerte-a-cerruti\/","title":{"rendered":"Seguidores de Milei amenazaron de muerte a Cerruti"},"content":{"rendered":"\n<p>La portavoz del Gobierno nacional,&nbsp;<strong>Gabriela Cerruti<\/strong>, hizo p\u00fablica este viernes una amenaza recibida en su correo personal y dijo que&nbsp;<strong>los seguidores del candidato presidencial Javier Milei son \u201cviolencia\u201d, \u201codio\u201d y \u201cviolaci\u00f3n de privacidad\u201d<\/strong>.<br><br>La funcionaria nacional hab\u00eda citado en la red social X (ex Twitter) un posteo del ministro de Seguridad, An\u00edbal Fern\u00e1ndez, que se refer\u00eda al arresto de personas que realizaron amenazas telef\u00f3nicas de bomba que tuvieron como blanco a la Casa Rosada, funcionarios y lugares p\u00fablicos, entre otros objetivos.<br><br>En su mensaje, Cerrutti sostuvo que&nbsp;<strong>esas intimidaciones est\u00e1n orientadas a \u201cgenerar caos para que crezca la indignaci\u00f3n y el odio\u201d.<\/strong><br><br>Una hora m\u00e1s tarde, Cerruti public\u00f3 tambi\u00e9n en X una captura de pantalla con un mensaje enviado a su correo personal. \u201cHiciste una mierda por la gente, ojal\u00e1 alg\u00fan d\u00eda termines cabeceando una bala vieja hija de re mil puta\u201d (.sic), se lee.<\/p>\n\n\n\n<p>La publicaci\u00f3n fue acompa\u00f1ada por el siguiente mensaje de la funcionaria. \u201cMensaje a mi correo personal, mi domicilio virtual. Esto son los seguidores de Milei. Violencia, odio, violaci\u00f3n de privacidad. #BastaMilei\u201d, escribi\u00f3.<\/p>\n\n\n\n<p>Tres j\u00f3venes, uno de ellos con antecedentes por estafa e hijo de un suboficial retirado de la polic\u00eda bonaerense, fueron detenidos acusados de ser quienes llevaron adelante en los \u00faltimos dos meses al menos 30 amenazas de bomba contra la Casa de Gobierno, estaciones de trenes y subtes porte\u00f1os, el b\u00fanker de Uni\u00f3n por la Patria y despachos de jueces y funcionarios, informaron hoy fuentes policiales y judiciales.<\/p>\n\n\n\n<p>Los voceros detallaron que al grupo, que se hace llamar \u201cLa mafia del Hentai\u201d, en alusi\u00f3n a un anim\u00e9 japon\u00e9s XXX, se lo acusa de las recientes amenazas de bomba dirigidas a las estaciones de trenes y del subte porte\u00f1o, que produjeron p\u00e9rdidas millonarias debido a la suspensi\u00f3n de los servicios, e incluso se lo vincula con intimidaciones contra el b\u00fanker del candidato presidencial de Uni\u00f3n por la Patria, Sergio Massa, durante las \u00faltimas elecciones generales, y contra el juez federal Ariel Lijo, quien se encontraba de turno.<\/p>\n\n\n\n<p>Los arrestos se realizaron en la noche del jueves en distintos domicilios del conurbano bonaerense, donde efectivos de la Divisi\u00f3n Delitos Constitucionales de la Superintendencia de Investigaciones Federales de la Polic\u00eda Federal Argentina (PFA) trabajaron bajo las \u00f3rdenes del juez Nacional en lo Criminal y Correccional Federal 10, Juli\u00e1n Ercolini.<\/p>\n","protected":false},"excerpt":{"rendered":"<p>La portavoz del Gobierno nacional,&nbsp;Gabriela Cerruti, hizo p\u00fablica este viernes una amenaza recibida en su correo personal y dijo que&nbsp;los seguidores del candidato presidencial Javier Milei son \u201cviolencia\u201d, \u201codio\u201d y&hellip;<\/p>\n","protected":false},"author":3,"featured_media":204175,"comment_status":"closed","ping_status":"open","sticky":false,"template":"","format":"standard","meta":{"_acf_changed":false,"footnotes":""},"categories":[1,11,8],"tags":[],"class_list":["post-243893","post","type-post","status-publish","format-standard","has-post-thumbnail","hentry","category-es-noticia","category-que-pasa","category-politica"],"acf":[],"yoast_head":"<!-- This site is optimized with the Yoast SEO plugin v27.4 - https:\/\/yoast.com\/product\/yoast-seo-wordpress\/ -->\n<title>Seguidores de Milei amenazaron de muerte a Cerruti - Diario Textual<\/title>\n<meta name=\"robots\" content=\"index, follow, max-snippet:-1, max-image-preview:large, max-video-preview:-1\" \/>\n<link rel=\"canonical\" href=\"https:\/\/diariotextual.com\/inicio\/index.php\/2023\/11\/10\/seguidores-de-milei-amenazaron-de-muerte-a-cerruti\/\" \/>\n<meta property=\"og:locale\" content=\"es_ES\" \/>\n<meta property=\"og:type\" content=\"article\" \/>\n<meta property=\"og:title\" content=\"Seguidores de Milei amenazaron de muerte a Cerruti - Diario Textual\" \/>\n<meta property=\"og:description\" content=\"La portavoz del Gobierno nacional,&nbsp;Gabriela Cerruti, hizo p\u00fablica este viernes una amenaza recibida en su correo personal y dijo que&nbsp;los seguidores del candidato presidencial Javier Milei son \u201cviolencia\u201d, \u201codio\u201d y&hellip;\" \/>\n<meta property=\"og:url\" content=\"https:\/\/diariotextual.com\/inicio\/index.php\/2023\/11\/10\/seguidores-de-milei-amenazaron-de-muerte-a-cerruti\/\" \/>\n<meta property=\"og:site_name\" content=\"Diario Textual\" \/>\n<meta property=\"article:publisher\" content=\"https:\/\/www.facebook.com\/eltextual\" \/>\n<meta property=\"article:published_time\" content=\"2023-11-10T20:57:51+00:00\" \/>\n<meta property=\"article:modified_time\" content=\"2023-11-10T22:26:00+00:00\" \/>\n<meta property=\"og:image\" content=\"https:\/\/diariotextual.com\/inicio\/wp-content\/uploads\/2022\/10\/cerrutigabrielatelam2022-1.jpg\" \/>\n\t<meta property=\"og:image:width\" content=\"1200\" \/>\n\t<meta property=\"og:image:height\" content=\"675\" \/>\n\t<meta property=\"og:image:type\" content=\"image\/jpeg\" \/>\n<meta name=\"author\" content=\"Diario1 Diario1\" \/>\n<meta name=\"twitter:card\" content=\"summary_large_image\" \/>\n<meta name=\"twitter:creator\" content=\"@eltextual\" \/>\n<meta name=\"twitter:site\" content=\"@eltextual\" \/>\n<meta name=\"twitter:label1\" content=\"Escrito por\" \/>\n\t<meta name=\"twitter:data1\" content=\"Diario1 Diario1\" \/>\n\t<meta name=\"twitter:label2\" content=\"Tiempo de lectura\" \/>\n\t<meta name=\"twitter:data2\" content=\"2 minutos\" \/>\n<script type=\"application\/ld+json\" class=\"yoast-schema-graph\">{\"@context\":\"https:\\\/\\\/schema.org\",\"@graph\":[{\"@type\":\"Article\",\"@id\":\"https:\\\/\\\/diariotextual.com\\\/inicio\\\/index.php\\\/2023\\\/11\\\/10\\\/seguidores-de-milei-amenazaron-de-muerte-a-cerruti\\\/#article\",\"isPartOf\":{\"@id\":\"https:\\\/\\\/diariotextual.com\\\/inicio\\\/index.php\\\/2023\\\/11\\\/10\\\/seguidores-de-milei-amenazaron-de-muerte-a-cerruti\\\/\"},\"author\":{\"name\":\"Diario1 Diario1\",\"@id\":\"https:\\\/\\\/diariotextual.com\\\/inicio\\\/#\\\/schema\\\/person\\\/418fc4093c33e86ed41562db3508f958\"},\"headline\":\"Seguidores de Milei amenazaron de muerte a Cerruti\",\"datePublished\":\"2023-11-10T20:57:51+00:00\",\"dateModified\":\"2023-11-10T22:26:00+00:00\",\"mainEntityOfPage\":{\"@id\":\"https:\\\/\\\/diariotextual.com\\\/inicio\\\/index.php\\\/2023\\\/11\\\/10\\\/seguidores-de-milei-amenazaron-de-muerte-a-cerruti\\\/\"},\"wordCount\":426,\"publisher\":{\"@id\":\"https:\\\/\\\/diariotextual.com\\\/inicio\\\/#organization\"},\"image\":{\"@id\":\"https:\\\/\\\/diariotextual.com\\\/inicio\\\/index.php\\\/2023\\\/11\\\/10\\\/seguidores-de-milei-amenazaron-de-muerte-a-cerruti\\\/#primaryimage\"},\"thumbnailUrl\":\"https:\\\/\\\/diariotextual.com\\\/inicio\\\/wp-content\\\/uploads\\\/2022\\\/10\\\/cerrutigabrielatelam2022-1.jpg\",\"articleSection\":[\"A - ES NOTICIA (van abajo)\",\"A - QUE PASA (al costado)\",\"POLITICA\"],\"inLanguage\":\"es\"},{\"@type\":\"WebPage\",\"@id\":\"https:\\\/\\\/diariotextual.com\\\/inicio\\\/index.php\\\/2023\\\/11\\\/10\\\/seguidores-de-milei-amenazaron-de-muerte-a-cerruti\\\/\",\"url\":\"https:\\\/\\\/diariotextual.com\\\/inicio\\\/index.php\\\/2023\\\/11\\\/10\\\/seguidores-de-milei-amenazaron-de-muerte-a-cerruti\\\/\",\"name\":\"Seguidores de Milei amenazaron de muerte a Cerruti - Diario Textual\",\"isPartOf\":{\"@id\":\"https:\\\/\\\/diariotextual.com\\\/inicio\\\/#website\"},\"primaryImageOfPage\":{\"@id\":\"https:\\\/\\\/diariotextual.com\\\/inicio\\\/index.php\\\/2023\\\/11\\\/10\\\/seguidores-de-milei-amenazaron-de-muerte-a-cerruti\\\/#primaryimage\"},\"image\":{\"@id\":\"https:\\\/\\\/diariotextual.com\\\/inicio\\\/index.php\\\/2023\\\/11\\\/10\\\/seguidores-de-milei-amenazaron-de-muerte-a-cerruti\\\/#primaryimage\"},\"thumbnailUrl\":\"https:\\\/\\\/diariotextual.com\\\/inicio\\\/wp-content\\\/uploads\\\/2022\\\/10\\\/cerrutigabrielatelam2022-1.jpg\",\"datePublished\":\"2023-11-10T20:57:51+00:00\",\"dateModified\":\"2023-11-10T22:26:00+00:00\",\"breadcrumb\":{\"@id\":\"https:\\\/\\\/diariotextual.com\\\/inicio\\\/index.php\\\/2023\\\/11\\\/10\\\/seguidores-de-milei-amenazaron-de-muerte-a-cerruti\\\/#breadcrumb\"},\"inLanguage\":\"es\",\"potentialAction\":[{\"@type\":\"ReadAction\",\"target\":[\"https:\\\/\\\/diariotextual.com\\\/inicio\\\/index.php\\\/2023\\\/11\\\/10\\\/seguidores-de-milei-amenazaron-de-muerte-a-cerruti\\\/\"]}]},{\"@type\":\"ImageObject\",\"inLanguage\":\"es\",\"@id\":\"https:\\\/\\\/diariotextual.com\\\/inicio\\\/index.php\\\/2023\\\/11\\\/10\\\/seguidores-de-milei-amenazaron-de-muerte-a-cerruti\\\/#primaryimage\",\"url\":\"https:\\\/\\\/diariotextual.com\\\/inicio\\\/wp-content\\\/uploads\\\/2022\\\/10\\\/cerrutigabrielatelam2022-1.jpg\",\"contentUrl\":\"https:\\\/\\\/diariotextual.com\\\/inicio\\\/wp-content\\\/uploads\\\/2022\\\/10\\\/cerrutigabrielatelam2022-1.jpg\",\"width\":1200,\"height\":675},{\"@type\":\"BreadcrumbList\",\"@id\":\"https:\\\/\\\/diariotextual.com\\\/inicio\\\/index.php\\\/2023\\\/11\\\/10\\\/seguidores-de-milei-amenazaron-de-muerte-a-cerruti\\\/#breadcrumb\",\"itemListElement\":[{\"@type\":\"ListItem\",\"position\":1,\"name\":\"Portada\",\"item\":\"https:\\\/\\\/diariotextual.com\\\/inicio\\\/\"},{\"@type\":\"ListItem\",\"position\":2,\"name\":\"Seguidores de Milei amenazaron de muerte a Cerruti\"}]},{\"@type\":\"WebSite\",\"@id\":\"https:\\\/\\\/diariotextual.com\\\/inicio\\\/#website\",\"url\":\"https:\\\/\\\/diariotextual.com\\\/inicio\\\/\",\"name\":\"Diario Textual\",\"description\":\"\",\"publisher\":{\"@id\":\"https:\\\/\\\/diariotextual.com\\\/inicio\\\/#organization\"},\"potentialAction\":[{\"@type\":\"SearchAction\",\"target\":{\"@type\":\"EntryPoint\",\"urlTemplate\":\"https:\\\/\\\/diariotextual.com\\\/inicio\\\/?s={search_term_string}\"},\"query-input\":{\"@type\":\"PropertyValueSpecification\",\"valueRequired\":true,\"valueName\":\"search_term_string\"}}],\"inLanguage\":\"es\"},{\"@type\":\"Organization\",\"@id\":\"https:\\\/\\\/diariotextual.com\\\/inicio\\\/#organization\",\"name\":\"Diario Textual\",\"url\":\"https:\\\/\\\/diariotextual.com\\\/inicio\\\/\",\"logo\":{\"@type\":\"ImageObject\",\"inLanguage\":\"es\",\"@id\":\"https:\\\/\\\/diariotextual.com\\\/inicio\\\/#\\\/schema\\\/logo\\\/image\\\/\",\"url\":\"https:\\\/\\\/diariotextual.com\\\/inicio\\\/wp-content\\\/uploads\\\/2023\\\/05\\\/logotextual1.jpg\",\"contentUrl\":\"https:\\\/\\\/diariotextual.com\\\/inicio\\\/wp-content\\\/uploads\\\/2023\\\/05\\\/logotextual1.jpg\",\"width\":516,\"height\":76,\"caption\":\"Diario Textual\"},\"image\":{\"@id\":\"https:\\\/\\\/diariotextual.com\\\/inicio\\\/#\\\/schema\\\/logo\\\/image\\\/\"},\"sameAs\":[\"https:\\\/\\\/www.facebook.com\\\/eltextual\",\"https:\\\/\\\/x.com\\\/eltextual\",\"http:\\\/\\\/www.instagram.com\\\/eltextual\"]},{\"@type\":\"Person\",\"@id\":\"https:\\\/\\\/diariotextual.com\\\/inicio\\\/#\\\/schema\\\/person\\\/418fc4093c33e86ed41562db3508f958\",\"name\":\"Diario1 Diario1\",\"image\":{\"@type\":\"ImageObject\",\"inLanguage\":\"es\",\"@id\":\"https:\\\/\\\/secure.gravatar.com\\\/avatar\\\/9167d280179c85bc18be67aa7eda765854300033af4896dd779b608640f2ef7a?s=96&d=mm&r=g\",\"url\":\"https:\\\/\\\/secure.gravatar.com\\\/avatar\\\/9167d280179c85bc18be67aa7eda765854300033af4896dd779b608640f2ef7a?s=96&d=mm&r=g\",\"contentUrl\":\"https:\\\/\\\/secure.gravatar.com\\\/avatar\\\/9167d280179c85bc18be67aa7eda765854300033af4896dd779b608640f2ef7a?s=96&d=mm&r=g\",\"caption\":\"Diario1 Diario1\"},\"url\":\"https:\\\/\\\/diariotextual.com\\\/inicio\\\/index.php\\\/author\\\/diario1\\\/\"}]}<\/script>\n<!-- \/ Yoast SEO plugin. -->","yoast_head_json":{"title":"Seguidores de Milei amenazaron de muerte a Cerruti - Diario Textual","robots":{"index":"index","follow":"follow","max-snippet":"max-snippet:-1","max-image-preview":"max-image-preview:large","max-video-preview":"max-video-preview:-1"},"canonical":"https:\/\/diariotextual.com\/inicio\/index.php\/2023\/11\/10\/seguidores-de-milei-amenazaron-de-muerte-a-cerruti\/","og_locale":"es_ES","og_type":"article","og_title":"Seguidores de Milei amenazaron de muerte a Cerruti - Diario Textual","og_description":"La portavoz del Gobierno nacional,&nbsp;Gabriela Cerruti, hizo p\u00fablica este viernes una amenaza recibida en su correo personal y dijo que&nbsp;los seguidores del candidato presidencial Javier Milei son \u201cviolencia\u201d, \u201codio\u201d y&hellip;","og_url":"https:\/\/diariotextual.com\/inicio\/index.php\/2023\/11\/10\/seguidores-de-milei-amenazaron-de-muerte-a-cerruti\/","og_site_name":"Diario Textual","article_publisher":"https:\/\/www.facebook.com\/eltextual","article_published_time":"2023-11-10T20:57:51+00:00","article_modified_time":"2023-11-10T22:26:00+00:00","og_image":[{"width":1200,"height":675,"url":"https:\/\/diariotextual.com\/inicio\/wp-content\/uploads\/2022\/10\/cerrutigabrielatelam2022-1.jpg","type":"image\/jpeg"}],"author":"Diario1 Diario1","twitter_card":"summary_large_image","twitter_creator":"@eltextual","twitter_site":"@eltextual","twitter_misc":{"Escrito por":"Diario1 Diario1","Tiempo de lectura":"2 minutos"},"schema":{"@context":"https:\/\/schema.org","@graph":[{"@type":"Article","@id":"https:\/\/diariotextual.com\/inicio\/index.php\/2023\/11\/10\/seguidores-de-milei-amenazaron-de-muerte-a-cerruti\/#article","isPartOf":{"@id":"https:\/\/diariotextual.com\/inicio\/index.php\/2023\/11\/10\/seguidores-de-milei-amenazaron-de-muerte-a-cerruti\/"},"author":{"name":"Diario1 Diario1","@id":"https:\/\/diariotextual.com\/inicio\/#\/schema\/person\/418fc4093c33e86ed41562db3508f958"},"headline":"Seguidores de Milei amenazaron de muerte a Cerruti","datePublished":"2023-11-10T20:57:51+00:00","dateModified":"2023-11-10T22:26:00+00:00","mainEntityOfPage":{"@id":"https:\/\/diariotextual.com\/inicio\/index.php\/2023\/11\/10\/seguidores-de-milei-amenazaron-de-muerte-a-cerruti\/"},"wordCount":426,"publisher":{"@id":"https:\/\/diariotextual.com\/inicio\/#organization"},"image":{"@id":"https:\/\/diariotextual.com\/inicio\/index.php\/2023\/11\/10\/seguidores-de-milei-amenazaron-de-muerte-a-cerruti\/#primaryimage"},"thumbnailUrl":"https:\/\/diariotextual.com\/inicio\/wp-content\/uploads\/2022\/10\/cerrutigabrielatelam2022-1.jpg","articleSection":["A - ES NOTICIA (van abajo)","A - QUE PASA (al costado)","POLITICA"],"inLanguage":"es"},{"@type":"WebPage","@id":"https:\/\/diariotextual.com\/inicio\/index.php\/2023\/11\/10\/seguidores-de-milei-amenazaron-de-muerte-a-cerruti\/","url":"https:\/\/diariotextual.com\/inicio\/index.php\/2023\/11\/10\/seguidores-de-milei-amenazaron-de-muerte-a-cerruti\/","name":"Seguidores de Milei amenazaron de muerte a Cerruti - Diario Textual","isPartOf":{"@id":"https:\/\/diariotextual.com\/inicio\/#website"},"primaryImageOfPage":{"@id":"https:\/\/diariotextual.com\/inicio\/index.php\/2023\/11\/10\/seguidores-de-milei-amenazaron-de-muerte-a-cerruti\/#primaryimage"},"image":{"@id":"https:\/\/diariotextual.com\/inicio\/index.php\/2023\/11\/10\/seguidores-de-milei-amenazaron-de-muerte-a-cerruti\/#primaryimage"},"thumbnailUrl":"https:\/\/diariotextual.com\/inicio\/wp-content\/uploads\/2022\/10\/cerrutigabrielatelam2022-1.jpg","datePublished":"2023-11-10T20:57:51+00:00","dateModified":"2023-11-10T22:26:00+00:00","breadcrumb":{"@id":"https:\/\/diariotextual.com\/inicio\/index.php\/2023\/11\/10\/seguidores-de-milei-amenazaron-de-muerte-a-cerruti\/#breadcrumb"},"inLanguage":"es","potentialAction":[{"@type":"ReadAction","target":["https:\/\/diariotextual.com\/inicio\/index.php\/2023\/11\/10\/seguidores-de-milei-amenazaron-de-muerte-a-cerruti\/"]}]},{"@type":"ImageObject","inLanguage":"es","@id":"https:\/\/diariotextual.com\/inicio\/index.php\/2023\/11\/10\/seguidores-de-milei-amenazaron-de-muerte-a-cerruti\/#primaryimage","url":"https:\/\/diariotextual.com\/inicio\/wp-content\/uploads\/2022\/10\/cerrutigabrielatelam2022-1.jpg","contentUrl":"https:\/\/diariotextual.com\/inicio\/wp-content\/uploads\/2022\/10\/cerrutigabrielatelam2022-1.jpg","width":1200,"height":675},{"@type":"BreadcrumbList","@id":"https:\/\/diariotextual.com\/inicio\/index.php\/2023\/11\/10\/seguidores-de-milei-amenazaron-de-muerte-a-cerruti\/#breadcrumb","itemListElement":[{"@type":"ListItem","position":1,"name":"Portada","item":"https:\/\/diariotextual.com\/inicio\/"},{"@type":"ListItem","position":2,"name":"Seguidores de Milei amenazaron de muerte a Cerruti"}]},{"@type":"WebSite","@id":"https:\/\/diariotextual.com\/inicio\/#website","url":"https:\/\/diariotextual.com\/inicio\/","name":"Diario Textual","description":"","publisher":{"@id":"https:\/\/diariotextual.com\/inicio\/#organization"},"potentialAction":[{"@type":"SearchAction","target":{"@type":"EntryPoint","urlTemplate":"https:\/\/diariotextual.com\/inicio\/?s={search_term_string}"},"query-input":{"@type":"PropertyValueSpecification","valueRequired":true,"valueName":"search_term_string"}}],"inLanguage":"es"},{"@type":"Organization","@id":"https:\/\/diariotextual.com\/inicio\/#organization","name":"Diario Textual","url":"https:\/\/diariotextual.com\/inicio\/","logo":{"@type":"ImageObject","inLanguage":"es","@id":"https:\/\/diariotextual.com\/inicio\/#\/schema\/logo\/image\/","url":"https:\/\/diariotextual.com\/inicio\/wp-content\/uploads\/2023\/05\/logotextual1.jpg","contentUrl":"https:\/\/diariotextual.com\/inicio\/wp-content\/uploads\/2023\/05\/logotextual1.jpg","width":516,"height":76,"caption":"Diario Textual"},"image":{"@id":"https:\/\/diariotextual.com\/inicio\/#\/schema\/logo\/image\/"},"sameAs":["https:\/\/www.facebook.com\/eltextual","https:\/\/x.com\/eltextual","http:\/\/www.instagram.com\/eltextual"]},{"@type":"Person","@id":"https:\/\/diariotextual.com\/inicio\/#\/schema\/person\/418fc4093c33e86ed41562db3508f958","name":"Diario1 Diario1","image":{"@type":"ImageObject","inLanguage":"es","@id":"https:\/\/secure.gravatar.com\/avatar\/9167d280179c85bc18be67aa7eda765854300033af4896dd779b608640f2ef7a?s=96&d=mm&r=g","url":"https:\/\/secure.gravatar.com\/avatar\/9167d280179c85bc18be67aa7eda765854300033af4896dd779b608640f2ef7a?s=96&d=mm&r=g","contentUrl":"https:\/\/secure.gravatar.com\/avatar\/9167d280179c85bc18be67aa7eda765854300033af4896dd779b608640f2ef7a?s=96&d=mm&r=g","caption":"Diario1 Diario1"},"url":"https:\/\/diariotextual.com\/inicio\/index.php\/author\/diario1\/"}]}},"_links":{"self":[{"href":"https:\/\/diariotextual.com\/inicio\/index.php\/wp-json\/wp\/v2\/posts\/243893","targetHints":{"allow":["GET"]}}],"collection":[{"href":"https:\/\/diariotextual.com\/inicio\/index.php\/wp-json\/wp\/v2\/posts"}],"about":[{"href":"https:\/\/diariotextual.com\/inicio\/index.php\/wp-json\/wp\/v2\/types\/post"}],"author":[{"embeddable":true,"href":"https:\/\/diariotextual.com\/inicio\/index.php\/wp-json\/wp\/v2\/users\/3"}],"replies":[{"embeddable":true,"href":"https:\/\/diariotextual.com\/inicio\/index.php\/wp-json\/wp\/v2\/comments?post=243893"}],"version-history":[{"count":1,"href":"https:\/\/diariotextual.com\/inicio\/index.php\/wp-json\/wp\/v2\/posts\/243893\/revisions"}],"predecessor-version":[{"id":243894,"href":"https:\/\/diariotextual.com\/inicio\/index.php\/wp-json\/wp\/v2\/posts\/243893\/revisions\/243894"}],"wp:featuredmedia":[{"embeddable":true,"href":"https:\/\/diariotextual.com\/inicio\/index.php\/wp-json\/wp\/v2\/media\/204175"}],"wp:attachment":[{"href":"https:\/\/diariotextual.com\/inicio\/index.php\/wp-json\/wp\/v2\/media?parent=243893"}],"wp:term":[{"taxonomy":"category","embeddable":true,"href":"https:\/\/diariotextual.com\/inicio\/index.php\/wp-json\/wp\/v2\/categories?post=243893"},{"taxonomy":"post_tag","embeddable":true,"href":"https:\/\/diariotextual.com\/inicio\/index.php\/wp-json\/wp\/v2\/tags?post=243893"}],"curies":[{"name":"wp","href":"https:\/\/api.w.org\/{rel}","templated":true}]}}