{"id":243916,"date":"2023-11-11T09:44:25","date_gmt":"2023-11-11T12:44:25","guid":{"rendered":"https:\/\/diariotextual.com\/inicio\/?p=243916"},"modified":"2023-11-12T16:29:30","modified_gmt":"2023-11-12T19:29:30","slug":"hablemos-de-autismo-en-la-pampa-jornada-con-profesionales-2","status":"publish","type":"post","link":"https:\/\/diariotextual.com\/inicio\/index.php\/2023\/11\/11\/hablemos-de-autismo-en-la-pampa-jornada-con-profesionales-2\/","title":{"rendered":"Hablemos de Autismo en La Pampa: jornada con profesionales"},"content":{"rendered":"\n<p class=\"wp-block-paragraph\">El centro&nbsp;<strong>Aprehender<\/strong>&nbsp;organiza una jornada sobre el autismo. La actividad se desarrollar\u00e1 el s\u00e1bado 18 de noviembre, de 9 a 16 horas, en el Sal\u00f3n Azul de la Universidad Nacional de La Pampa (Gil al 300, de Santa Rosa).<\/p>\n\n\n\n<p class=\"wp-block-paragraph\">El licenciado&nbsp;<strong>Luciano Bongiovanni<\/strong>&nbsp;abordar\u00e1 la tem\u00e1tica de habilidades y competencias sociales; la licenciada Marisa Miranda disertar\u00e1 sobre la regulaci\u00f3n emocional y la vida adulta en autismo; y la profesora Anal\u00eda Tomas debatir\u00e1 sobre el camino posible de la comunicaci\u00f3n al lenguaje.<\/p>\n\n\n\n<p class=\"wp-block-paragraph\">El valor de la inscripci\u00f3n es de $9.000. Incluye servicio de lunch y entrega de certificado de asistencia. Los cupos son limitados.<\/p>\n\n\n\n<p class=\"wp-block-paragraph\">Es una propuesta enriquecedora abierta a toda la comunidad y una oportunidad para no desaprovechar y poder capacitarse en nuestra provincia, comunicaron desde Aprehender.<\/p>\n\n\n\n<p class=\"wp-block-paragraph\">El evento es organizado por Aprehender, un equipo conformado por especialistas en Psicolog\u00eda, Psicopedagog\u00eda, Fonoaudiolog\u00eda, Psicomotricidad, Nutrici\u00f3n y Docentes de Apoyo a la Inclusi\u00f3n. Para mayor informaci\u00f3n o realizar la inscripci\u00f3n pueden comunicarse al 2954-875957 o escribir a&nbsp;capacitacionaprehender@gmail.com<\/p>\n\n\n\n<p class=\"wp-block-paragraph\">El Trastorno del Espectro Autista (TEA) es un trastorno que afecta la habilidad para interactuar y comunicarse socialmente. Es una afecci\u00f3n del neurodesarrollo que presenta alteraciones en la comunicaci\u00f3n y en las interacciones sociales, junto a otras caracter\u00edsticas, como comportamientos repetitivos, restringidos y estereotipados.<\/p>\n\n\n\n<p class=\"wp-block-paragraph\">Las manifestaciones pueden ser muy variables entre las distintas personas de acuerdo a su crecimiento y maduraci\u00f3n, y generalmente con impacto de por vida.<\/p>\n\n\n\n<p class=\"wp-block-paragraph\">Las se\u00f1ales de alerta que pueden aparecer son:<\/p>\n\n\n\n<ul class=\"wp-block-list\">\n<li>Falta de respuesta cuando al ni\u00f1o o ni\u00f1a lo llaman por su nombre (a partir del a\u00f1o de edad).<\/li>\n\n\n\n<li>No se\u00f1ala objetos mostrando su inter\u00e9s (a partir de los 14 meses de edad).<\/li>\n\n\n\n<li>No juega con situaciones imaginarias (a partir de los 18 meses de edad).<\/li>\n\n\n\n<li>Evita el contacto visual y prefiere estar en soledad.<\/li>\n\n\n\n<li>Retraso en el desarrollo del habla y del lenguaje.<\/li>\n\n\n\n<li>Falta de reciprocidad ante la demostraci\u00f3n de los sentimientos de otras personas.<\/li>\n\n\n\n<li>Irritabilidad frente a cambios m\u00ednimos.<\/li>\n\n\n\n<li>Repetici\u00f3n de palabras o frases.<\/li>\n\n\n\n<li>Movimientos incontrolados del cuerpo, sobre todo de las manos.<\/li>\n<\/ul>\n\n\n\n<p class=\"wp-block-paragraph\">No se conocen las causas. Se sospecha que hay una predisposici\u00f3n gen\u00e9tica pero que adem\u00e1s influyen otros factores.<\/p>\n\n\n\n<p class=\"wp-block-paragraph\"><\/p>\n","protected":false},"excerpt":{"rendered":"<p>El centro&nbsp;Aprehender&nbsp;organiza una jornada sobre el autismo. La actividad se desarrollar\u00e1 el s\u00e1bado 18 de noviembre, de 9 a 16 horas, en el Sal\u00f3n Azul de la Universidad Nacional de&hellip;<\/p>\n","protected":false},"author":3,"featured_media":243919,"comment_status":"closed","ping_status":"open","sticky":false,"template":"","format":"standard","meta":{"_acf_changed":false,"footnotes":""},"categories":[11,12],"tags":[],"class_list":["post-243916","post","type-post","status-publish","format-standard","has-post-thumbnail","hentry","category-que-pasa","category-sociedad"],"acf":[],"yoast_head":"<!-- This site is optimized with the Yoast SEO plugin v28.4 - https:\/\/yoast.com\/product\/yoast-seo-wordpress\/ -->\n<title>Hablemos de Autismo en La Pampa: jornada con profesionales - Diario Textual<\/title>\n<meta name=\"robots\" content=\"index, follow, max-snippet:-1, max-image-preview:large, max-video-preview:-1\" \/>\n<link rel=\"canonical\" href=\"https:\/\/diariotextual.com\/inicio\/index.php\/2023\/11\/11\/hablemos-de-autismo-en-la-pampa-jornada-con-profesionales-2\/\" \/>\n<meta property=\"og:locale\" content=\"es_ES\" \/>\n<meta property=\"og:type\" content=\"article\" \/>\n<meta property=\"og:title\" content=\"Hablemos de Autismo en La Pampa: jornada con profesionales - Diario Textual\" \/>\n<meta property=\"og:description\" content=\"El centro&nbsp;Aprehender&nbsp;organiza una jornada sobre el autismo. La actividad se desarrollar\u00e1 el s\u00e1bado 18 de noviembre, de 9 a 16 horas, en el Sal\u00f3n Azul de la Universidad Nacional de&hellip;\" \/>\n<meta property=\"og:url\" content=\"https:\/\/diariotextual.com\/inicio\/index.php\/2023\/11\/11\/hablemos-de-autismo-en-la-pampa-jornada-con-profesionales-2\/\" \/>\n<meta property=\"og:site_name\" content=\"Diario Textual\" \/>\n<meta property=\"article:publisher\" content=\"https:\/\/www.facebook.com\/eltextual\" \/>\n<meta property=\"article:published_time\" content=\"2023-11-11T12:44:25+00:00\" \/>\n<meta property=\"article:modified_time\" content=\"2023-11-12T19:29:30+00:00\" \/>\n<meta property=\"og:image\" content=\"https:\/\/diariotextual.com\/inicio\/wp-content\/uploads\/2023\/11\/nenejugando02323.jpg\" \/>\n\t<meta property=\"og:image:width\" content=\"1600\" \/>\n\t<meta property=\"og:image:height\" content=\"900\" \/>\n\t<meta property=\"og:image:type\" content=\"image\/jpeg\" \/>\n<meta name=\"author\" content=\"Diario1 Diario1\" \/>\n<meta name=\"twitter:card\" content=\"summary_large_image\" \/>\n<meta name=\"twitter:creator\" content=\"@eltextual\" \/>\n<meta name=\"twitter:site\" content=\"@eltextual\" \/>\n<meta name=\"twitter:label1\" content=\"Escrito por\" \/>\n\t<meta name=\"twitter:data1\" content=\"Diario1 Diario1\" \/>\n\t<meta name=\"twitter:label2\" content=\"Tiempo de lectura\" \/>\n\t<meta name=\"twitter:data2\" content=\"2 minutos\" \/>\n<script type=\"application\/ld+json\" class=\"yoast-schema-graph\">{\"@context\":\"https:\\\/\\\/schema.org\",\"@graph\":[{\"@type\":\"Article\",\"@id\":\"https:\\\/\\\/diariotextual.com\\\/inicio\\\/index.php\\\/2023\\\/11\\\/11\\\/hablemos-de-autismo-en-la-pampa-jornada-con-profesionales-2\\\/#article\",\"isPartOf\":{\"@id\":\"https:\\\/\\\/diariotextual.com\\\/inicio\\\/index.php\\\/2023\\\/11\\\/11\\\/hablemos-de-autismo-en-la-pampa-jornada-con-profesionales-2\\\/\"},\"author\":{\"name\":\"Diario1 Diario1\",\"@id\":\"https:\\\/\\\/diariotextual.com\\\/inicio\\\/#\\\/schema\\\/person\\\/418fc4093c33e86ed41562db3508f958\"},\"headline\":\"Hablemos de Autismo en La Pampa: jornada con profesionales\",\"datePublished\":\"2023-11-11T12:44:25+00:00\",\"dateModified\":\"2023-11-12T19:29:30+00:00\",\"mainEntityOfPage\":{\"@id\":\"https:\\\/\\\/diariotextual.com\\\/inicio\\\/index.php\\\/2023\\\/11\\\/11\\\/hablemos-de-autismo-en-la-pampa-jornada-con-profesionales-2\\\/\"},\"wordCount\":395,\"publisher\":{\"@id\":\"https:\\\/\\\/diariotextual.com\\\/inicio\\\/#organization\"},\"image\":{\"@id\":\"https:\\\/\\\/diariotextual.com\\\/inicio\\\/index.php\\\/2023\\\/11\\\/11\\\/hablemos-de-autismo-en-la-pampa-jornada-con-profesionales-2\\\/#primaryimage\"},\"thumbnailUrl\":\"https:\\\/\\\/diariotextual.com\\\/inicio\\\/wp-content\\\/uploads\\\/2023\\\/11\\\/nenejugando02323.jpg\",\"articleSection\":[\"A - QUE PASA (al costado)\",\"SOCIEDAD\"],\"inLanguage\":\"es\"},{\"@type\":\"WebPage\",\"@id\":\"https:\\\/\\\/diariotextual.com\\\/inicio\\\/index.php\\\/2023\\\/11\\\/11\\\/hablemos-de-autismo-en-la-pampa-jornada-con-profesionales-2\\\/\",\"url\":\"https:\\\/\\\/diariotextual.com\\\/inicio\\\/index.php\\\/2023\\\/11\\\/11\\\/hablemos-de-autismo-en-la-pampa-jornada-con-profesionales-2\\\/\",\"name\":\"Hablemos de Autismo en La Pampa: jornada con profesionales - Diario Textual\",\"isPartOf\":{\"@id\":\"https:\\\/\\\/diariotextual.com\\\/inicio\\\/#website\"},\"primaryImageOfPage\":{\"@id\":\"https:\\\/\\\/diariotextual.com\\\/inicio\\\/index.php\\\/2023\\\/11\\\/11\\\/hablemos-de-autismo-en-la-pampa-jornada-con-profesionales-2\\\/#primaryimage\"},\"image\":{\"@id\":\"https:\\\/\\\/diariotextual.com\\\/inicio\\\/index.php\\\/2023\\\/11\\\/11\\\/hablemos-de-autismo-en-la-pampa-jornada-con-profesionales-2\\\/#primaryimage\"},\"thumbnailUrl\":\"https:\\\/\\\/diariotextual.com\\\/inicio\\\/wp-content\\\/uploads\\\/2023\\\/11\\\/nenejugando02323.jpg\",\"datePublished\":\"2023-11-11T12:44:25+00:00\",\"dateModified\":\"2023-11-12T19:29:30+00:00\",\"breadcrumb\":{\"@id\":\"https:\\\/\\\/diariotextual.com\\\/inicio\\\/index.php\\\/2023\\\/11\\\/11\\\/hablemos-de-autismo-en-la-pampa-jornada-con-profesionales-2\\\/#breadcrumb\"},\"inLanguage\":\"es\",\"potentialAction\":[{\"@type\":\"ReadAction\",\"target\":[\"https:\\\/\\\/diariotextual.com\\\/inicio\\\/index.php\\\/2023\\\/11\\\/11\\\/hablemos-de-autismo-en-la-pampa-jornada-con-profesionales-2\\\/\"]}]},{\"@type\":\"ImageObject\",\"inLanguage\":\"es\",\"@id\":\"https:\\\/\\\/diariotextual.com\\\/inicio\\\/index.php\\\/2023\\\/11\\\/11\\\/hablemos-de-autismo-en-la-pampa-jornada-con-profesionales-2\\\/#primaryimage\",\"url\":\"https:\\\/\\\/diariotextual.com\\\/inicio\\\/wp-content\\\/uploads\\\/2023\\\/11\\\/nenejugando02323.jpg\",\"contentUrl\":\"https:\\\/\\\/diariotextual.com\\\/inicio\\\/wp-content\\\/uploads\\\/2023\\\/11\\\/nenejugando02323.jpg\",\"width\":1600,\"height\":900},{\"@type\":\"BreadcrumbList\",\"@id\":\"https:\\\/\\\/diariotextual.com\\\/inicio\\\/index.php\\\/2023\\\/11\\\/11\\\/hablemos-de-autismo-en-la-pampa-jornada-con-profesionales-2\\\/#breadcrumb\",\"itemListElement\":[{\"@type\":\"ListItem\",\"position\":1,\"name\":\"Portada\",\"item\":\"https:\\\/\\\/diariotextual.com\\\/inicio\\\/\"},{\"@type\":\"ListItem\",\"position\":2,\"name\":\"Hablemos de Autismo en La Pampa: jornada con profesionales\"}]},{\"@type\":\"WebSite\",\"@id\":\"https:\\\/\\\/diariotextual.com\\\/inicio\\\/#website\",\"url\":\"https:\\\/\\\/diariotextual.com\\\/inicio\\\/\",\"name\":\"Diario Textual\",\"description\":\"\",\"publisher\":{\"@id\":\"https:\\\/\\\/diariotextual.com\\\/inicio\\\/#organization\"},\"potentialAction\":[{\"@type\":\"SearchAction\",\"target\":{\"@type\":\"EntryPoint\",\"urlTemplate\":\"https:\\\/\\\/diariotextual.com\\\/inicio\\\/?s={search_term_string}\"},\"query-input\":{\"@type\":\"PropertyValueSpecification\",\"valueRequired\":true,\"valueName\":\"search_term_string\"}}],\"inLanguage\":\"es\"},{\"@type\":\"Organization\",\"@id\":\"https:\\\/\\\/diariotextual.com\\\/inicio\\\/#organization\",\"name\":\"Diario Textual\",\"url\":\"https:\\\/\\\/diariotextual.com\\\/inicio\\\/\",\"logo\":{\"@type\":\"ImageObject\",\"inLanguage\":\"es\",\"@id\":\"https:\\\/\\\/diariotextual.com\\\/inicio\\\/#\\\/schema\\\/logo\\\/image\\\/\",\"url\":\"https:\\\/\\\/diariotextual.com\\\/inicio\\\/wp-content\\\/uploads\\\/2023\\\/05\\\/logotextual1.jpg\",\"contentUrl\":\"https:\\\/\\\/diariotextual.com\\\/inicio\\\/wp-content\\\/uploads\\\/2023\\\/05\\\/logotextual1.jpg\",\"width\":516,\"height\":76,\"caption\":\"Diario Textual\"},\"image\":{\"@id\":\"https:\\\/\\\/diariotextual.com\\\/inicio\\\/#\\\/schema\\\/logo\\\/image\\\/\"},\"sameAs\":[\"https:\\\/\\\/www.facebook.com\\\/eltextual\",\"https:\\\/\\\/x.com\\\/eltextual\",\"http:\\\/\\\/www.instagram.com\\\/eltextual\"]},{\"@type\":\"Person\",\"@id\":\"https:\\\/\\\/diariotextual.com\\\/inicio\\\/#\\\/schema\\\/person\\\/418fc4093c33e86ed41562db3508f958\",\"name\":\"Diario1 Diario1\",\"image\":{\"@type\":\"ImageObject\",\"inLanguage\":\"es\",\"@id\":\"https:\\\/\\\/secure.gravatar.com\\\/avatar\\\/9167d280179c85bc18be67aa7eda765854300033af4896dd779b608640f2ef7a?s=96&d=mm&r=g\",\"url\":\"https:\\\/\\\/secure.gravatar.com\\\/avatar\\\/9167d280179c85bc18be67aa7eda765854300033af4896dd779b608640f2ef7a?s=96&d=mm&r=g\",\"contentUrl\":\"https:\\\/\\\/secure.gravatar.com\\\/avatar\\\/9167d280179c85bc18be67aa7eda765854300033af4896dd779b608640f2ef7a?s=96&d=mm&r=g\",\"caption\":\"Diario1 Diario1\"},\"url\":\"https:\\\/\\\/diariotextual.com\\\/inicio\\\/index.php\\\/author\\\/diario1\\\/\"}]}<\/script>\n<!-- \/ Yoast SEO plugin. -->","yoast_head_json":{"title":"Hablemos de Autismo en La Pampa: jornada con profesionales - Diario Textual","robots":{"index":"index","follow":"follow","max-snippet":"max-snippet:-1","max-image-preview":"max-image-preview:large","max-video-preview":"max-video-preview:-1"},"canonical":"https:\/\/diariotextual.com\/inicio\/index.php\/2023\/11\/11\/hablemos-de-autismo-en-la-pampa-jornada-con-profesionales-2\/","og_locale":"es_ES","og_type":"article","og_title":"Hablemos de Autismo en La Pampa: jornada con profesionales - Diario Textual","og_description":"El centro&nbsp;Aprehender&nbsp;organiza una jornada sobre el autismo. La actividad se desarrollar\u00e1 el s\u00e1bado 18 de noviembre, de 9 a 16 horas, en el Sal\u00f3n Azul de la Universidad Nacional de&hellip;","og_url":"https:\/\/diariotextual.com\/inicio\/index.php\/2023\/11\/11\/hablemos-de-autismo-en-la-pampa-jornada-con-profesionales-2\/","og_site_name":"Diario Textual","article_publisher":"https:\/\/www.facebook.com\/eltextual","article_published_time":"2023-11-11T12:44:25+00:00","article_modified_time":"2023-11-12T19:29:30+00:00","og_image":[{"width":1600,"height":900,"url":"https:\/\/diariotextual.com\/inicio\/wp-content\/uploads\/2023\/11\/nenejugando02323.jpg","type":"image\/jpeg"}],"author":"Diario1 Diario1","twitter_card":"summary_large_image","twitter_creator":"@eltextual","twitter_site":"@eltextual","twitter_misc":{"Escrito por":"Diario1 Diario1","Tiempo de lectura":"2 minutos"},"schema":{"@context":"https:\/\/schema.org","@graph":[{"@type":"Article","@id":"https:\/\/diariotextual.com\/inicio\/index.php\/2023\/11\/11\/hablemos-de-autismo-en-la-pampa-jornada-con-profesionales-2\/#article","isPartOf":{"@id":"https:\/\/diariotextual.com\/inicio\/index.php\/2023\/11\/11\/hablemos-de-autismo-en-la-pampa-jornada-con-profesionales-2\/"},"author":{"name":"Diario1 Diario1","@id":"https:\/\/diariotextual.com\/inicio\/#\/schema\/person\/418fc4093c33e86ed41562db3508f958"},"headline":"Hablemos de Autismo en La Pampa: jornada con profesionales","datePublished":"2023-11-11T12:44:25+00:00","dateModified":"2023-11-12T19:29:30+00:00","mainEntityOfPage":{"@id":"https:\/\/diariotextual.com\/inicio\/index.php\/2023\/11\/11\/hablemos-de-autismo-en-la-pampa-jornada-con-profesionales-2\/"},"wordCount":395,"publisher":{"@id":"https:\/\/diariotextual.com\/inicio\/#organization"},"image":{"@id":"https:\/\/diariotextual.com\/inicio\/index.php\/2023\/11\/11\/hablemos-de-autismo-en-la-pampa-jornada-con-profesionales-2\/#primaryimage"},"thumbnailUrl":"https:\/\/diariotextual.com\/inicio\/wp-content\/uploads\/2023\/11\/nenejugando02323.jpg","articleSection":["A - QUE PASA (al costado)","SOCIEDAD"],"inLanguage":"es"},{"@type":"WebPage","@id":"https:\/\/diariotextual.com\/inicio\/index.php\/2023\/11\/11\/hablemos-de-autismo-en-la-pampa-jornada-con-profesionales-2\/","url":"https:\/\/diariotextual.com\/inicio\/index.php\/2023\/11\/11\/hablemos-de-autismo-en-la-pampa-jornada-con-profesionales-2\/","name":"Hablemos de Autismo en La Pampa: jornada con profesionales - Diario Textual","isPartOf":{"@id":"https:\/\/diariotextual.com\/inicio\/#website"},"primaryImageOfPage":{"@id":"https:\/\/diariotextual.com\/inicio\/index.php\/2023\/11\/11\/hablemos-de-autismo-en-la-pampa-jornada-con-profesionales-2\/#primaryimage"},"image":{"@id":"https:\/\/diariotextual.com\/inicio\/index.php\/2023\/11\/11\/hablemos-de-autismo-en-la-pampa-jornada-con-profesionales-2\/#primaryimage"},"thumbnailUrl":"https:\/\/diariotextual.com\/inicio\/wp-content\/uploads\/2023\/11\/nenejugando02323.jpg","datePublished":"2023-11-11T12:44:25+00:00","dateModified":"2023-11-12T19:29:30+00:00","breadcrumb":{"@id":"https:\/\/diariotextual.com\/inicio\/index.php\/2023\/11\/11\/hablemos-de-autismo-en-la-pampa-jornada-con-profesionales-2\/#breadcrumb"},"inLanguage":"es","potentialAction":[{"@type":"ReadAction","target":["https:\/\/diariotextual.com\/inicio\/index.php\/2023\/11\/11\/hablemos-de-autismo-en-la-pampa-jornada-con-profesionales-2\/"]}]},{"@type":"ImageObject","inLanguage":"es","@id":"https:\/\/diariotextual.com\/inicio\/index.php\/2023\/11\/11\/hablemos-de-autismo-en-la-pampa-jornada-con-profesionales-2\/#primaryimage","url":"https:\/\/diariotextual.com\/inicio\/wp-content\/uploads\/2023\/11\/nenejugando02323.jpg","contentUrl":"https:\/\/diariotextual.com\/inicio\/wp-content\/uploads\/2023\/11\/nenejugando02323.jpg","width":1600,"height":900},{"@type":"BreadcrumbList","@id":"https:\/\/diariotextual.com\/inicio\/index.php\/2023\/11\/11\/hablemos-de-autismo-en-la-pampa-jornada-con-profesionales-2\/#breadcrumb","itemListElement":[{"@type":"ListItem","position":1,"name":"Portada","item":"https:\/\/diariotextual.com\/inicio\/"},{"@type":"ListItem","position":2,"name":"Hablemos de Autismo en La Pampa: jornada con profesionales"}]},{"@type":"WebSite","@id":"https:\/\/diariotextual.com\/inicio\/#website","url":"https:\/\/diariotextual.com\/inicio\/","name":"Diario Textual","description":"","publisher":{"@id":"https:\/\/diariotextual.com\/inicio\/#organization"},"potentialAction":[{"@type":"SearchAction","target":{"@type":"EntryPoint","urlTemplate":"https:\/\/diariotextual.com\/inicio\/?s={search_term_string}"},"query-input":{"@type":"PropertyValueSpecification","valueRequired":true,"valueName":"search_term_string"}}],"inLanguage":"es"},{"@type":"Organization","@id":"https:\/\/diariotextual.com\/inicio\/#organization","name":"Diario Textual","url":"https:\/\/diariotextual.com\/inicio\/","logo":{"@type":"ImageObject","inLanguage":"es","@id":"https:\/\/diariotextual.com\/inicio\/#\/schema\/logo\/image\/","url":"https:\/\/diariotextual.com\/inicio\/wp-content\/uploads\/2023\/05\/logotextual1.jpg","contentUrl":"https:\/\/diariotextual.com\/inicio\/wp-content\/uploads\/2023\/05\/logotextual1.jpg","width":516,"height":76,"caption":"Diario Textual"},"image":{"@id":"https:\/\/diariotextual.com\/inicio\/#\/schema\/logo\/image\/"},"sameAs":["https:\/\/www.facebook.com\/eltextual","https:\/\/x.com\/eltextual","http:\/\/www.instagram.com\/eltextual"]},{"@type":"Person","@id":"https:\/\/diariotextual.com\/inicio\/#\/schema\/person\/418fc4093c33e86ed41562db3508f958","name":"Diario1 Diario1","image":{"@type":"ImageObject","inLanguage":"es","@id":"https:\/\/secure.gravatar.com\/avatar\/9167d280179c85bc18be67aa7eda765854300033af4896dd779b608640f2ef7a?s=96&d=mm&r=g","url":"https:\/\/secure.gravatar.com\/avatar\/9167d280179c85bc18be67aa7eda765854300033af4896dd779b608640f2ef7a?s=96&d=mm&r=g","contentUrl":"https:\/\/secure.gravatar.com\/avatar\/9167d280179c85bc18be67aa7eda765854300033af4896dd779b608640f2ef7a?s=96&d=mm&r=g","caption":"Diario1 Diario1"},"url":"https:\/\/diariotextual.com\/inicio\/index.php\/author\/diario1\/"}]}},"_links":{"self":[{"href":"https:\/\/diariotextual.com\/inicio\/index.php\/wp-json\/wp\/v2\/posts\/243916","targetHints":{"allow":["GET"]}}],"collection":[{"href":"https:\/\/diariotextual.com\/inicio\/index.php\/wp-json\/wp\/v2\/posts"}],"about":[{"href":"https:\/\/diariotextual.com\/inicio\/index.php\/wp-json\/wp\/v2\/types\/post"}],"author":[{"embeddable":true,"href":"https:\/\/diariotextual.com\/inicio\/index.php\/wp-json\/wp\/v2\/users\/3"}],"replies":[{"embeddable":true,"href":"https:\/\/diariotextual.com\/inicio\/index.php\/wp-json\/wp\/v2\/comments?post=243916"}],"version-history":[{"count":3,"href":"https:\/\/diariotextual.com\/inicio\/index.php\/wp-json\/wp\/v2\/posts\/243916\/revisions"}],"predecessor-version":[{"id":243968,"href":"https:\/\/diariotextual.com\/inicio\/index.php\/wp-json\/wp\/v2\/posts\/243916\/revisions\/243968"}],"wp:featuredmedia":[{"embeddable":true,"href":"https:\/\/diariotextual.com\/inicio\/index.php\/wp-json\/wp\/v2\/media\/243919"}],"wp:attachment":[{"href":"https:\/\/diariotextual.com\/inicio\/index.php\/wp-json\/wp\/v2\/media?parent=243916"}],"wp:term":[{"taxonomy":"category","embeddable":true,"href":"https:\/\/diariotextual.com\/inicio\/index.php\/wp-json\/wp\/v2\/categories?post=243916"},{"taxonomy":"post_tag","embeddable":true,"href":"https:\/\/diariotextual.com\/inicio\/index.php\/wp-json\/wp\/v2\/tags?post=243916"}],"curies":[{"name":"wp","href":"https:\/\/api.w.org\/{rel}","templated":true}]}}