{"id":244042,"date":"2023-11-12T09:18:45","date_gmt":"2023-11-12T12:18:45","guid":{"rendered":"https:\/\/diariotextual.com\/inicio\/?p=244042"},"modified":"2023-11-12T09:19:06","modified_gmt":"2023-11-12T12:19:06","slug":"clubes-y-asociaciones-deportivas-en-contra-de-la-privatizacion-que-propone-milei","status":"publish","type":"post","link":"https:\/\/diariotextual.com\/inicio\/index.php\/2023\/11\/12\/clubes-y-asociaciones-deportivas-en-contra-de-la-privatizacion-que-propone-milei\/","title":{"rendered":"Clubes y asociaciones deportivas de La Pampa en contra de la privatizaci\u00f3n que propone Milei"},"content":{"rendered":"\n<p>Un total de 78 instituciones deportivas de La Pampa se expresaron en contra del modelo sociedades an\u00f3nimas que promueve el candidato presidencial Javier Milei, de La Libertad Avanza.<\/p>\n\n\n\n<p>En un comunicado que lleva la firma de 78 instituciones deportivas de nuestra provincia dejaron en claro que est\u00e1n contra la propuesta de Javier Milei y Mauricio Macri. \u201cSociales, deportivos y sin fines de lucro\u201d, dijeron. \u201cAs\u00ed somos los clubes de la provincia de La Pampa. Cada d\u00eda nos esforzamos para seguir brindando a cada asociado y asociada la posibilidad de encontrar en nuestras instituciones un lugar en el que sientan que se respeta y valora a cada persona m\u00e1s all\u00e1 de los resultados y logros deportivos\u201d.<\/p>\n\n\n\n<p>\u201cSomos clubes pampeanos en los que se ense\u00f1an y practican deportes, se realizan competencias deportivas y en los que, por supuesto, hay pasi\u00f3n y dedicaci\u00f3n para subir a los podios\u201d, manifestaron.<\/p>\n\n\n\n<p>\u201cPero somos clubes en los que cada familia pampeana, cada chica, cada nene o abuela que se acerca sabe que es parte de su club. Saben que son sus clubes, los del pueblo, los que se enfrentan en los cl\u00e1sicos con equipos en los que juegan sus hermanos, t\u00edos, sobrinas o vecinos\u201d, sostuvieron. \u201cClubes que con su historia y accionar constituyen y enriquecen la vida y cultura de esta provincia. Sociales, deportivos y sin fines de lucro. As\u00ed somos los clubes de la provincia de La Pampa y es por eso que rechazamos en forma categ\u00f3rica la propuesta de convertir a nuestras instituciones en Sociedades An\u00f3nimas Deportivas (SAD), es decir, en sociedades cuyo fin principal ser\u00eda el de ganar dinero mediante el deporte\u201d.<\/p>\n\n\n\n<p>Lo firman las siguientes instituciones:<\/p>\n\n\n\n<p><strong>Asociaci\u00f3n de Hanball<\/strong><\/p>\n\n\n\n<p><strong>Asociaci\u00f3n de Nataci\u00f3n<\/strong><\/p>\n\n\n\n<p><strong>Uni\u00f3n Del Este<\/strong><\/p>\n\n\n\n<p><strong>Federaci\u00f3n de Atletismo<\/strong><\/p>\n\n\n\n<p><strong>Club Social y Deportivo el Caldenar<\/strong><\/p>\n\n\n\n<p><strong>A.F.C Agustoni Futbol Club<\/strong><\/p>\n\n\n\n<p><strong>Club General San Martin<\/strong><\/p>\n\n\n\n<p><strong>Asociaci\u00f3n Civil Sol Futuro<\/strong><\/p>\n\n\n\n<p><strong>Asociaci\u00f3n Pampeana&nbsp; de BMX<\/strong><\/p>\n\n\n\n<p><strong>Asociaci\u00f3n Cultural Humanidad<\/strong><\/p>\n\n\n\n<p><strong>Rinc\u00f3n de Todos<\/strong><\/p>\n\n\n\n<p><strong>Deportivo Mataderos<\/strong><\/p>\n\n\n\n<p><strong>Club atl\u00e9tico Santa Rosa<\/strong><\/p>\n\n\n\n<p><strong>Club Deportivo Uriburu<\/strong><\/p>\n\n\n\n<p><strong>Racing Club de Eduardo Castex<\/strong><\/p>\n\n\n\n<p><strong>Asociaci\u00f3n de Boxeo Pato y Pepo<\/strong><\/p>\n\n\n\n<p><strong>Federaci\u00f3n Pampeano de Boxeo<\/strong><\/p>\n\n\n\n<p><strong>Federaci\u00f3n Pampeana de Voleibol<\/strong><\/p>\n\n\n\n<p><strong>Club Uni\u00f3n de Santa Rosa La Pampa<\/strong><\/p>\n\n\n\n<p><strong>Club Estudiantil de Eduardo Castex<\/strong><\/p>\n\n\n\n<p><strong>Entidad de bien p\u00fablico Los Dieguitos<\/strong><\/p>\n\n\n\n<p><strong>Asociaci\u00f3n Escuela de v\u00f3ley 221<\/strong><\/p>\n\n\n\n<p><strong>Deportivo Anguilense<\/strong><\/p>\n\n\n\n<p><strong>Asociaci\u00f3n Huitru New Com Sta Rosa (L.P)<\/strong><\/p>\n\n\n\n<p><strong>Asociaci\u00f3n Aeropuerto Tejo<\/strong><\/p>\n\n\n\n<p><strong>Club Punto Unido de 25 de Mayo<\/strong><\/p>\n\n\n\n<p><strong>Asociaci\u00f3n Pampeana de Bicicros<\/strong><\/p>\n\n\n\n<p><strong>Club Atl\u00e9tico Costa Brava<\/strong><\/p>\n\n\n\n<p><strong>Club &nbsp;Deportivo Penales<\/strong><\/p>\n\n\n\n<p><strong>Asociaci\u00f3n Pampeana de Canotaje<\/strong><\/p>\n\n\n\n<p><strong>Club General Belgrano<\/strong><\/p>\n\n\n\n<p><strong>Federaci\u00f3n Pampeana de Gimnasia Art\u00edstica<\/strong><\/p>\n\n\n\n<p><strong>Federaci\u00f3n Pampeana de softbol<\/strong><\/p>\n\n\n\n<p><strong>Club Rivadavia de Arata<\/strong><\/p>\n\n\n\n<p><strong>Federaci\u00f3n Pampeana de Pat\u00edn<\/strong><\/p>\n\n\n\n<p><strong>Club Pichi \u00d1on<\/strong><\/p>\n\n\n\n<p><strong>Club Embajador Martini Footbal Club<\/strong><\/p>\n\n\n\n<p><strong>Club Ranqueles de Cayup\u00e1n<\/strong><\/p>\n\n\n\n<p><strong>Pampero de Guatrach\u00e9<\/strong><\/p>\n\n\n\n<p><strong>Club Uni\u00f3n Acha<\/strong><\/p>\n\n\n\n<p><strong>Club Cultura Integral de Colonia Baron<\/strong><\/p>\n\n\n\n<p><strong>Club Deportivo Winifreda<\/strong><\/p>\n\n\n\n<p><strong>Club Social y Deportivo el Pampero de Colonia Santa Mar\u00eda<\/strong><\/p>\n\n\n\n<p><strong>Club Deportivo Rol\u00f3n<\/strong><\/p>\n\n\n\n<p><strong>Club de Softbol Mayu<\/strong><\/p>\n\n\n\n<p><strong>Asociaci\u00f3n Civil Los Totitos Futbol Club<\/strong><\/p>\n\n\n\n<p><strong>Club Argentino<\/strong><\/p>\n\n\n\n<p><strong>Club Domingo Faustino Sarmiento<\/strong><\/p>\n\n\n\n<p><strong>Pico Football Club<\/strong><\/p>\n\n\n\n<p><strong>Club El Elyon<\/strong><\/p>\n\n\n\n<p><strong>El Recreo<\/strong><\/p>\n\n\n\n<p><strong>Club Union Deportiva Bernasconi<\/strong><\/p>\n\n\n\n<p><strong>Asociacion Civil&nbsp; La 14 Junior<\/strong><\/p>\n\n\n\n<p><strong>Club Cochico de Victorica<\/strong><\/p>\n\n\n\n<p><strong>Club El Fortin<\/strong><\/p>\n\n\n\n<p><strong>Liga Cultural De Futbol<\/strong><\/p>\n\n\n\n<p><strong>Club Juventud Unida de Santa Isabel<\/strong><\/p>\n\n\n\n<p><strong>Club Uni\u00f3n Deportivo La Humada<\/strong><\/p>\n\n\n\n<p><strong>Club Deportivo Telen<\/strong><\/p>\n\n\n\n<p><strong>Club Social y Deportivo Barrio Fite<\/strong><\/p>\n\n\n\n<p><strong>Club Atl\u00e9tico Falucho<\/strong><\/p>\n\n\n\n<p><strong>Asociaci\u00f3n Civil Club H\u00edpico Santa Rosa<\/strong><\/p>\n\n\n\n<p><strong>Asociaci\u00f3n Santa Rosa Voley<\/strong><\/p>\n\n\n\n<p><strong>Club Social y Deportivo Puelches<\/strong><\/p>\n\n\n\n<p><strong>Club Uni\u00f3n Conhello<\/strong><\/p>\n\n\n\n<p><strong>Club Sportivo Dorila<\/strong><\/p>\n\n\n\n<p><strong>Club Union Deportivo General M. J. Campos<\/strong><\/p>\n\n\n\n<p><strong>Asociaci\u00f3n Civil Mataderos por La Lealtad<\/strong><\/p>\n\n\n\n<p><strong>Club Argentino de Quemu Quemu<\/strong><\/p>\n\n\n\n<p><strong>Club Fenix<\/strong><\/p>\n\n\n\n<p><strong>Liga Pampeana de Futbol<\/strong><\/p>\n\n\n\n<p><strong>Club Atl\u00e9tico y Social Ferro Carril Oeste de Intendente Alvear<\/strong><\/p>\n\n\n\n<p><strong>Club Guardia Del Monte<\/strong><\/p>\n\n\n\n<p><strong>Club Deportivo Uni\u00f3n De Pico<\/strong><\/p>\n\n\n\n<p><strong>Club Independiente de General Pico<\/strong><\/p>\n\n\n\n<p><strong>Club Villa Menguelle de Jacinto Arauz<\/strong><\/p>\n\n\n\n<p><strong>Club Deportivo Alpachiri<\/strong><\/p>\n\n\n\n<p><strong>Club Social y Deportivo Costa Brava de Ingeniero Luiggi<\/strong><\/p>\n\n\n\n<p><\/p>\n","protected":false},"excerpt":{"rendered":"<p>Un total de 78 instituciones deportivas de La Pampa se expresaron en contra del modelo sociedades an\u00f3nimas que promueve el candidato presidencial Javier Milei, de La Libertad Avanza. En un&hellip;<\/p>\n","protected":false},"author":3,"featured_media":243840,"comment_status":"closed","ping_status":"open","sticky":false,"template":"","format":"standard","meta":{"_acf_changed":false,"footnotes":""},"categories":[1,3],"tags":[],"class_list":["post-244042","post","type-post","status-publish","format-standard","has-post-thumbnail","hentry","category-es-noticia","category-deportes"],"acf":[],"yoast_head":"<!-- This site is optimized with the Yoast SEO plugin v27.5 - https:\/\/yoast.com\/product\/yoast-seo-wordpress\/ -->\n<title>Clubes y asociaciones deportivas de La Pampa en contra de la privatizaci\u00f3n que propone Milei - Diario Textual<\/title>\n<meta name=\"robots\" content=\"index, follow, max-snippet:-1, max-image-preview:large, max-video-preview:-1\" \/>\n<link rel=\"canonical\" href=\"https:\/\/diariotextual.com\/inicio\/index.php\/2023\/11\/12\/clubes-y-asociaciones-deportivas-en-contra-de-la-privatizacion-que-propone-milei\/\" \/>\n<meta property=\"og:locale\" content=\"es_ES\" \/>\n<meta property=\"og:type\" content=\"article\" \/>\n<meta property=\"og:title\" content=\"Clubes y asociaciones deportivas de La Pampa en contra de la privatizaci\u00f3n que propone Milei - Diario Textual\" \/>\n<meta property=\"og:description\" content=\"Un total de 78 instituciones deportivas de La Pampa se expresaron en contra del modelo sociedades an\u00f3nimas que promueve el candidato presidencial Javier Milei, de La Libertad Avanza. En un&hellip;\" \/>\n<meta property=\"og:url\" content=\"https:\/\/diariotextual.com\/inicio\/index.php\/2023\/11\/12\/clubes-y-asociaciones-deportivas-en-contra-de-la-privatizacion-que-propone-milei\/\" \/>\n<meta property=\"og:site_name\" content=\"Diario Textual\" \/>\n<meta property=\"article:publisher\" content=\"https:\/\/www.facebook.com\/eltextual\" \/>\n<meta property=\"article:published_time\" content=\"2023-11-12T12:18:45+00:00\" \/>\n<meta property=\"article:modified_time\" content=\"2023-11-12T12:19:06+00:00\" \/>\n<meta property=\"og:image\" content=\"https:\/\/diariotextual.com\/inicio\/wp-content\/uploads\/2023\/11\/mileijaviermotosierra2023-12.jpg\" \/>\n\t<meta property=\"og:image:width\" content=\"1600\" \/>\n\t<meta property=\"og:image:height\" content=\"1200\" \/>\n\t<meta property=\"og:image:type\" content=\"image\/jpeg\" \/>\n<meta name=\"author\" content=\"Diario1 Diario1\" \/>\n<meta name=\"twitter:card\" content=\"summary_large_image\" \/>\n<meta name=\"twitter:creator\" content=\"@eltextual\" \/>\n<meta name=\"twitter:site\" content=\"@eltextual\" \/>\n<meta name=\"twitter:label1\" content=\"Escrito por\" \/>\n\t<meta name=\"twitter:data1\" content=\"Diario1 Diario1\" \/>\n<script type=\"application\/ld+json\" class=\"yoast-schema-graph\">{\"@context\":\"https:\\\/\\\/schema.org\",\"@graph\":[{\"@type\":\"Article\",\"@id\":\"https:\\\/\\\/diariotextual.com\\\/inicio\\\/index.php\\\/2023\\\/11\\\/12\\\/clubes-y-asociaciones-deportivas-en-contra-de-la-privatizacion-que-propone-milei\\\/#article\",\"isPartOf\":{\"@id\":\"https:\\\/\\\/diariotextual.com\\\/inicio\\\/index.php\\\/2023\\\/11\\\/12\\\/clubes-y-asociaciones-deportivas-en-contra-de-la-privatizacion-que-propone-milei\\\/\"},\"author\":{\"name\":\"Diario1 Diario1\",\"@id\":\"https:\\\/\\\/diariotextual.com\\\/inicio\\\/#\\\/schema\\\/person\\\/418fc4093c33e86ed41562db3508f958\"},\"headline\":\"Clubes y asociaciones deportivas de La Pampa en contra de la privatizaci\u00f3n que propone Milei\",\"datePublished\":\"2023-11-12T12:18:45+00:00\",\"dateModified\":\"2023-11-12T12:19:06+00:00\",\"mainEntityOfPage\":{\"@id\":\"https:\\\/\\\/diariotextual.com\\\/inicio\\\/index.php\\\/2023\\\/11\\\/12\\\/clubes-y-asociaciones-deportivas-en-contra-de-la-privatizacion-que-propone-milei\\\/\"},\"wordCount\":683,\"publisher\":{\"@id\":\"https:\\\/\\\/diariotextual.com\\\/inicio\\\/#organization\"},\"image\":{\"@id\":\"https:\\\/\\\/diariotextual.com\\\/inicio\\\/index.php\\\/2023\\\/11\\\/12\\\/clubes-y-asociaciones-deportivas-en-contra-de-la-privatizacion-que-propone-milei\\\/#primaryimage\"},\"thumbnailUrl\":\"https:\\\/\\\/diariotextual.com\\\/inicio\\\/wp-content\\\/uploads\\\/2023\\\/11\\\/mileijaviermotosierra2023-12.jpg\",\"articleSection\":[\"A - ES NOTICIA (van abajo)\",\"DEPORTES\"],\"inLanguage\":\"es\"},{\"@type\":\"WebPage\",\"@id\":\"https:\\\/\\\/diariotextual.com\\\/inicio\\\/index.php\\\/2023\\\/11\\\/12\\\/clubes-y-asociaciones-deportivas-en-contra-de-la-privatizacion-que-propone-milei\\\/\",\"url\":\"https:\\\/\\\/diariotextual.com\\\/inicio\\\/index.php\\\/2023\\\/11\\\/12\\\/clubes-y-asociaciones-deportivas-en-contra-de-la-privatizacion-que-propone-milei\\\/\",\"name\":\"Clubes y asociaciones deportivas de La Pampa en contra de la privatizaci\u00f3n que propone Milei - Diario Textual\",\"isPartOf\":{\"@id\":\"https:\\\/\\\/diariotextual.com\\\/inicio\\\/#website\"},\"primaryImageOfPage\":{\"@id\":\"https:\\\/\\\/diariotextual.com\\\/inicio\\\/index.php\\\/2023\\\/11\\\/12\\\/clubes-y-asociaciones-deportivas-en-contra-de-la-privatizacion-que-propone-milei\\\/#primaryimage\"},\"image\":{\"@id\":\"https:\\\/\\\/diariotextual.com\\\/inicio\\\/index.php\\\/2023\\\/11\\\/12\\\/clubes-y-asociaciones-deportivas-en-contra-de-la-privatizacion-que-propone-milei\\\/#primaryimage\"},\"thumbnailUrl\":\"https:\\\/\\\/diariotextual.com\\\/inicio\\\/wp-content\\\/uploads\\\/2023\\\/11\\\/mileijaviermotosierra2023-12.jpg\",\"datePublished\":\"2023-11-12T12:18:45+00:00\",\"dateModified\":\"2023-11-12T12:19:06+00:00\",\"breadcrumb\":{\"@id\":\"https:\\\/\\\/diariotextual.com\\\/inicio\\\/index.php\\\/2023\\\/11\\\/12\\\/clubes-y-asociaciones-deportivas-en-contra-de-la-privatizacion-que-propone-milei\\\/#breadcrumb\"},\"inLanguage\":\"es\",\"potentialAction\":[{\"@type\":\"ReadAction\",\"target\":[\"https:\\\/\\\/diariotextual.com\\\/inicio\\\/index.php\\\/2023\\\/11\\\/12\\\/clubes-y-asociaciones-deportivas-en-contra-de-la-privatizacion-que-propone-milei\\\/\"]}]},{\"@type\":\"ImageObject\",\"inLanguage\":\"es\",\"@id\":\"https:\\\/\\\/diariotextual.com\\\/inicio\\\/index.php\\\/2023\\\/11\\\/12\\\/clubes-y-asociaciones-deportivas-en-contra-de-la-privatizacion-que-propone-milei\\\/#primaryimage\",\"url\":\"https:\\\/\\\/diariotextual.com\\\/inicio\\\/wp-content\\\/uploads\\\/2023\\\/11\\\/mileijaviermotosierra2023-12.jpg\",\"contentUrl\":\"https:\\\/\\\/diariotextual.com\\\/inicio\\\/wp-content\\\/uploads\\\/2023\\\/11\\\/mileijaviermotosierra2023-12.jpg\",\"width\":1600,\"height\":1200},{\"@type\":\"BreadcrumbList\",\"@id\":\"https:\\\/\\\/diariotextual.com\\\/inicio\\\/index.php\\\/2023\\\/11\\\/12\\\/clubes-y-asociaciones-deportivas-en-contra-de-la-privatizacion-que-propone-milei\\\/#breadcrumb\",\"itemListElement\":[{\"@type\":\"ListItem\",\"position\":1,\"name\":\"Portada\",\"item\":\"https:\\\/\\\/diariotextual.com\\\/inicio\\\/\"},{\"@type\":\"ListItem\",\"position\":2,\"name\":\"Clubes y asociaciones deportivas de La Pampa en contra de la privatizaci\u00f3n que propone Milei\"}]},{\"@type\":\"WebSite\",\"@id\":\"https:\\\/\\\/diariotextual.com\\\/inicio\\\/#website\",\"url\":\"https:\\\/\\\/diariotextual.com\\\/inicio\\\/\",\"name\":\"Diario Textual\",\"description\":\"\",\"publisher\":{\"@id\":\"https:\\\/\\\/diariotextual.com\\\/inicio\\\/#organization\"},\"potentialAction\":[{\"@type\":\"SearchAction\",\"target\":{\"@type\":\"EntryPoint\",\"urlTemplate\":\"https:\\\/\\\/diariotextual.com\\\/inicio\\\/?s={search_term_string}\"},\"query-input\":{\"@type\":\"PropertyValueSpecification\",\"valueRequired\":true,\"valueName\":\"search_term_string\"}}],\"inLanguage\":\"es\"},{\"@type\":\"Organization\",\"@id\":\"https:\\\/\\\/diariotextual.com\\\/inicio\\\/#organization\",\"name\":\"Diario Textual\",\"url\":\"https:\\\/\\\/diariotextual.com\\\/inicio\\\/\",\"logo\":{\"@type\":\"ImageObject\",\"inLanguage\":\"es\",\"@id\":\"https:\\\/\\\/diariotextual.com\\\/inicio\\\/#\\\/schema\\\/logo\\\/image\\\/\",\"url\":\"https:\\\/\\\/diariotextual.com\\\/inicio\\\/wp-content\\\/uploads\\\/2023\\\/05\\\/logotextual1.jpg\",\"contentUrl\":\"https:\\\/\\\/diariotextual.com\\\/inicio\\\/wp-content\\\/uploads\\\/2023\\\/05\\\/logotextual1.jpg\",\"width\":516,\"height\":76,\"caption\":\"Diario Textual\"},\"image\":{\"@id\":\"https:\\\/\\\/diariotextual.com\\\/inicio\\\/#\\\/schema\\\/logo\\\/image\\\/\"},\"sameAs\":[\"https:\\\/\\\/www.facebook.com\\\/eltextual\",\"https:\\\/\\\/x.com\\\/eltextual\",\"http:\\\/\\\/www.instagram.com\\\/eltextual\"]},{\"@type\":\"Person\",\"@id\":\"https:\\\/\\\/diariotextual.com\\\/inicio\\\/#\\\/schema\\\/person\\\/418fc4093c33e86ed41562db3508f958\",\"name\":\"Diario1 Diario1\",\"image\":{\"@type\":\"ImageObject\",\"inLanguage\":\"es\",\"@id\":\"https:\\\/\\\/secure.gravatar.com\\\/avatar\\\/9167d280179c85bc18be67aa7eda765854300033af4896dd779b608640f2ef7a?s=96&d=mm&r=g\",\"url\":\"https:\\\/\\\/secure.gravatar.com\\\/avatar\\\/9167d280179c85bc18be67aa7eda765854300033af4896dd779b608640f2ef7a?s=96&d=mm&r=g\",\"contentUrl\":\"https:\\\/\\\/secure.gravatar.com\\\/avatar\\\/9167d280179c85bc18be67aa7eda765854300033af4896dd779b608640f2ef7a?s=96&d=mm&r=g\",\"caption\":\"Diario1 Diario1\"},\"url\":\"https:\\\/\\\/diariotextual.com\\\/inicio\\\/index.php\\\/author\\\/diario1\\\/\"}]}<\/script>\n<!-- \/ Yoast SEO plugin. -->","yoast_head_json":{"title":"Clubes y asociaciones deportivas de La Pampa en contra de la privatizaci\u00f3n que propone Milei - Diario Textual","robots":{"index":"index","follow":"follow","max-snippet":"max-snippet:-1","max-image-preview":"max-image-preview:large","max-video-preview":"max-video-preview:-1"},"canonical":"https:\/\/diariotextual.com\/inicio\/index.php\/2023\/11\/12\/clubes-y-asociaciones-deportivas-en-contra-de-la-privatizacion-que-propone-milei\/","og_locale":"es_ES","og_type":"article","og_title":"Clubes y asociaciones deportivas de La Pampa en contra de la privatizaci\u00f3n que propone Milei - Diario Textual","og_description":"Un total de 78 instituciones deportivas de La Pampa se expresaron en contra del modelo sociedades an\u00f3nimas que promueve el candidato presidencial Javier Milei, de La Libertad Avanza. En un&hellip;","og_url":"https:\/\/diariotextual.com\/inicio\/index.php\/2023\/11\/12\/clubes-y-asociaciones-deportivas-en-contra-de-la-privatizacion-que-propone-milei\/","og_site_name":"Diario Textual","article_publisher":"https:\/\/www.facebook.com\/eltextual","article_published_time":"2023-11-12T12:18:45+00:00","article_modified_time":"2023-11-12T12:19:06+00:00","og_image":[{"width":1600,"height":1200,"url":"https:\/\/diariotextual.com\/inicio\/wp-content\/uploads\/2023\/11\/mileijaviermotosierra2023-12.jpg","type":"image\/jpeg"}],"author":"Diario1 Diario1","twitter_card":"summary_large_image","twitter_creator":"@eltextual","twitter_site":"@eltextual","twitter_misc":{"Escrito por":"Diario1 Diario1"},"schema":{"@context":"https:\/\/schema.org","@graph":[{"@type":"Article","@id":"https:\/\/diariotextual.com\/inicio\/index.php\/2023\/11\/12\/clubes-y-asociaciones-deportivas-en-contra-de-la-privatizacion-que-propone-milei\/#article","isPartOf":{"@id":"https:\/\/diariotextual.com\/inicio\/index.php\/2023\/11\/12\/clubes-y-asociaciones-deportivas-en-contra-de-la-privatizacion-que-propone-milei\/"},"author":{"name":"Diario1 Diario1","@id":"https:\/\/diariotextual.com\/inicio\/#\/schema\/person\/418fc4093c33e86ed41562db3508f958"},"headline":"Clubes y asociaciones deportivas de La Pampa en contra de la privatizaci\u00f3n que propone Milei","datePublished":"2023-11-12T12:18:45+00:00","dateModified":"2023-11-12T12:19:06+00:00","mainEntityOfPage":{"@id":"https:\/\/diariotextual.com\/inicio\/index.php\/2023\/11\/12\/clubes-y-asociaciones-deportivas-en-contra-de-la-privatizacion-que-propone-milei\/"},"wordCount":683,"publisher":{"@id":"https:\/\/diariotextual.com\/inicio\/#organization"},"image":{"@id":"https:\/\/diariotextual.com\/inicio\/index.php\/2023\/11\/12\/clubes-y-asociaciones-deportivas-en-contra-de-la-privatizacion-que-propone-milei\/#primaryimage"},"thumbnailUrl":"https:\/\/diariotextual.com\/inicio\/wp-content\/uploads\/2023\/11\/mileijaviermotosierra2023-12.jpg","articleSection":["A - ES NOTICIA (van abajo)","DEPORTES"],"inLanguage":"es"},{"@type":"WebPage","@id":"https:\/\/diariotextual.com\/inicio\/index.php\/2023\/11\/12\/clubes-y-asociaciones-deportivas-en-contra-de-la-privatizacion-que-propone-milei\/","url":"https:\/\/diariotextual.com\/inicio\/index.php\/2023\/11\/12\/clubes-y-asociaciones-deportivas-en-contra-de-la-privatizacion-que-propone-milei\/","name":"Clubes y asociaciones deportivas de La Pampa en contra de la privatizaci\u00f3n que propone Milei - Diario Textual","isPartOf":{"@id":"https:\/\/diariotextual.com\/inicio\/#website"},"primaryImageOfPage":{"@id":"https:\/\/diariotextual.com\/inicio\/index.php\/2023\/11\/12\/clubes-y-asociaciones-deportivas-en-contra-de-la-privatizacion-que-propone-milei\/#primaryimage"},"image":{"@id":"https:\/\/diariotextual.com\/inicio\/index.php\/2023\/11\/12\/clubes-y-asociaciones-deportivas-en-contra-de-la-privatizacion-que-propone-milei\/#primaryimage"},"thumbnailUrl":"https:\/\/diariotextual.com\/inicio\/wp-content\/uploads\/2023\/11\/mileijaviermotosierra2023-12.jpg","datePublished":"2023-11-12T12:18:45+00:00","dateModified":"2023-11-12T12:19:06+00:00","breadcrumb":{"@id":"https:\/\/diariotextual.com\/inicio\/index.php\/2023\/11\/12\/clubes-y-asociaciones-deportivas-en-contra-de-la-privatizacion-que-propone-milei\/#breadcrumb"},"inLanguage":"es","potentialAction":[{"@type":"ReadAction","target":["https:\/\/diariotextual.com\/inicio\/index.php\/2023\/11\/12\/clubes-y-asociaciones-deportivas-en-contra-de-la-privatizacion-que-propone-milei\/"]}]},{"@type":"ImageObject","inLanguage":"es","@id":"https:\/\/diariotextual.com\/inicio\/index.php\/2023\/11\/12\/clubes-y-asociaciones-deportivas-en-contra-de-la-privatizacion-que-propone-milei\/#primaryimage","url":"https:\/\/diariotextual.com\/inicio\/wp-content\/uploads\/2023\/11\/mileijaviermotosierra2023-12.jpg","contentUrl":"https:\/\/diariotextual.com\/inicio\/wp-content\/uploads\/2023\/11\/mileijaviermotosierra2023-12.jpg","width":1600,"height":1200},{"@type":"BreadcrumbList","@id":"https:\/\/diariotextual.com\/inicio\/index.php\/2023\/11\/12\/clubes-y-asociaciones-deportivas-en-contra-de-la-privatizacion-que-propone-milei\/#breadcrumb","itemListElement":[{"@type":"ListItem","position":1,"name":"Portada","item":"https:\/\/diariotextual.com\/inicio\/"},{"@type":"ListItem","position":2,"name":"Clubes y asociaciones deportivas de La Pampa en contra de la privatizaci\u00f3n que propone Milei"}]},{"@type":"WebSite","@id":"https:\/\/diariotextual.com\/inicio\/#website","url":"https:\/\/diariotextual.com\/inicio\/","name":"Diario Textual","description":"","publisher":{"@id":"https:\/\/diariotextual.com\/inicio\/#organization"},"potentialAction":[{"@type":"SearchAction","target":{"@type":"EntryPoint","urlTemplate":"https:\/\/diariotextual.com\/inicio\/?s={search_term_string}"},"query-input":{"@type":"PropertyValueSpecification","valueRequired":true,"valueName":"search_term_string"}}],"inLanguage":"es"},{"@type":"Organization","@id":"https:\/\/diariotextual.com\/inicio\/#organization","name":"Diario Textual","url":"https:\/\/diariotextual.com\/inicio\/","logo":{"@type":"ImageObject","inLanguage":"es","@id":"https:\/\/diariotextual.com\/inicio\/#\/schema\/logo\/image\/","url":"https:\/\/diariotextual.com\/inicio\/wp-content\/uploads\/2023\/05\/logotextual1.jpg","contentUrl":"https:\/\/diariotextual.com\/inicio\/wp-content\/uploads\/2023\/05\/logotextual1.jpg","width":516,"height":76,"caption":"Diario Textual"},"image":{"@id":"https:\/\/diariotextual.com\/inicio\/#\/schema\/logo\/image\/"},"sameAs":["https:\/\/www.facebook.com\/eltextual","https:\/\/x.com\/eltextual","http:\/\/www.instagram.com\/eltextual"]},{"@type":"Person","@id":"https:\/\/diariotextual.com\/inicio\/#\/schema\/person\/418fc4093c33e86ed41562db3508f958","name":"Diario1 Diario1","image":{"@type":"ImageObject","inLanguage":"es","@id":"https:\/\/secure.gravatar.com\/avatar\/9167d280179c85bc18be67aa7eda765854300033af4896dd779b608640f2ef7a?s=96&d=mm&r=g","url":"https:\/\/secure.gravatar.com\/avatar\/9167d280179c85bc18be67aa7eda765854300033af4896dd779b608640f2ef7a?s=96&d=mm&r=g","contentUrl":"https:\/\/secure.gravatar.com\/avatar\/9167d280179c85bc18be67aa7eda765854300033af4896dd779b608640f2ef7a?s=96&d=mm&r=g","caption":"Diario1 Diario1"},"url":"https:\/\/diariotextual.com\/inicio\/index.php\/author\/diario1\/"}]}},"_links":{"self":[{"href":"https:\/\/diariotextual.com\/inicio\/index.php\/wp-json\/wp\/v2\/posts\/244042","targetHints":{"allow":["GET"]}}],"collection":[{"href":"https:\/\/diariotextual.com\/inicio\/index.php\/wp-json\/wp\/v2\/posts"}],"about":[{"href":"https:\/\/diariotextual.com\/inicio\/index.php\/wp-json\/wp\/v2\/types\/post"}],"author":[{"embeddable":true,"href":"https:\/\/diariotextual.com\/inicio\/index.php\/wp-json\/wp\/v2\/users\/3"}],"replies":[{"embeddable":true,"href":"https:\/\/diariotextual.com\/inicio\/index.php\/wp-json\/wp\/v2\/comments?post=244042"}],"version-history":[{"count":2,"href":"https:\/\/diariotextual.com\/inicio\/index.php\/wp-json\/wp\/v2\/posts\/244042\/revisions"}],"predecessor-version":[{"id":244044,"href":"https:\/\/diariotextual.com\/inicio\/index.php\/wp-json\/wp\/v2\/posts\/244042\/revisions\/244044"}],"wp:featuredmedia":[{"embeddable":true,"href":"https:\/\/diariotextual.com\/inicio\/index.php\/wp-json\/wp\/v2\/media\/243840"}],"wp:attachment":[{"href":"https:\/\/diariotextual.com\/inicio\/index.php\/wp-json\/wp\/v2\/media?parent=244042"}],"wp:term":[{"taxonomy":"category","embeddable":true,"href":"https:\/\/diariotextual.com\/inicio\/index.php\/wp-json\/wp\/v2\/categories?post=244042"},{"taxonomy":"post_tag","embeddable":true,"href":"https:\/\/diariotextual.com\/inicio\/index.php\/wp-json\/wp\/v2\/tags?post=244042"}],"curies":[{"name":"wp","href":"https:\/\/api.w.org\/{rel}","templated":true}]}}