{"id":244112,"date":"2023-11-12T23:11:46","date_gmt":"2023-11-13T02:11:46","guid":{"rendered":"https:\/\/diariotextual.com\/inicio\/?p=244112"},"modified":"2023-11-13T09:58:28","modified_gmt":"2023-11-13T12:58:28","slug":"en-un-picante-debate-massa-acorralo-y-puso-a-la-defensiva-a-milei","status":"publish","type":"post","link":"https:\/\/diariotextual.com\/inicio\/index.php\/2023\/11\/12\/en-un-picante-debate-massa-acorralo-y-puso-a-la-defensiva-a-milei\/","title":{"rendered":"En un picante debate, Massa acorral\u00f3 y puso a la defensiva a Milei"},"content":{"rendered":"\n<p>Los postulantes&nbsp;presidenciales de Uni\u00f3n por la Patria,&nbsp;<strong>Sergio Massa,<\/strong>&nbsp;y de La&nbsp;Libertad Avanza,<strong>&nbsp;Javier Milei, protagonizaron un vibrante&nbsp;<\/strong><strong>debate presidencial<\/strong>&nbsp;repleto de cruces en la Facultad de Derecho de&nbsp;la Universidad de Buenos Aires.<\/p>\n\n\n\n<p>Exactamente una semana antes de la&nbsp;<strong>segunda vuelta electoral,<\/strong>&nbsp;los&nbsp;postulantes nacionales buscaron sacarse ventaja y quedar mejor&nbsp;posicionados de cara al turno final en las urnas, que definir\u00e1&nbsp;qui\u00e9n de los dos ser\u00e1 el pr\u00f3ximo presidente de los argentinos.<\/p>\n\n\n\n<p>Entre propuestas, discusi\u00f3n y chicanas, Massa tom\u00f3 el control\u00a0del ritmo del primer tramo del debate, cuando forz\u00f3 a Milei a contestar<strong>\u00a0\u201cpor s\u00ed o por no\u201d<\/strong>\u00a0a los principales postulados de su\u00a0plataforma electoral. Se lo vio al libertario claramente a la defensiva.<\/p>\n\n\n\n<p>El libertario ratific\u00f3 que dolarizar\u00e1 la econom\u00eda argentina y&nbsp;que su objetivo es cerrar el Banco Central, adem\u00e1s de aclarar que&nbsp;por el momento no tocar\u00e1 las tarifas.&nbsp;<\/p>\n\n\n\n<p>Al hablar de econom\u00eda, se dio el primer cruce cuando Milei acus\u00f3\u00a0de<strong>\u00a0\u201cmentir\u201d<\/strong>\u00a0al ministro de Econom\u00eda, que a su vez lo tild\u00f3 de\u00a0\u201c<strong>agresivo\u201d.<\/strong><\/p>\n\n\n\n<p>\u201cNo te agred\u00ed, no mientas expreso con pasi\u00f3n la indignaci\u00f3n que\u00a0genera tu gobierno. Si un mentiroso dice que alguien es un\u00a0mentiroso, el acusado es el que dice la verdad.<strong>\u00a0Si vos fueras\u00a0Pinocho, ya me hubieras lastimado un ojo\u201d,<\/strong>\u00a0le dijo el diputado\u00a0nacional.<\/p>\n\n\n\n<p>\u201cEstamos ante alguien que o minti\u00f3 toda la campa\u00f1a o esta\u00a0mintiendo esta noche\u201d, cuestion\u00f3 Massa.<\/p>\n\n\n\n<p>Al debatir de Relaciones de Argentina con el mundo, Massa sigui\u00f3&nbsp;con su rol de interrogador y le pregunt\u00f3 al libertario por el&nbsp;<strong>Papa&nbsp;Francisco, Malvinas, Brasil y China.<\/strong><\/p>\n\n\n\n<p>El ministro de Econom\u00eda sostuvo que el libertario hab\u00eda llamado\u00a0a Francisco como<strong>\u00a0\u201crepresentante del maligno\u201d<\/strong>\u00a0en la tierra y le\u00a0pregunt\u00f3 si le iba a pedir perd\u00f3n, algo que tambi\u00e9n hizo en el\u00a0debate anterior.<\/p>\n\n\n\n<p>\u201c<strong>Lo que diga un integrante o un seguidor no quiere decir que sea\u00a0la posici\u00f3n de La Libertad Avanza\u201d,<\/strong>\u00a0afirm\u00f3 Milei. \u201cNo tengo problemas en pedir disculpas cuando uno se equivoca\u201d.<\/p>\n\n\n\n<p>Luego, el l\u00edder del Frente Renovador tambi\u00e9n lo cuestion\u00f3 por\u00a0haber destacado la figura de la ex primera ministra del Reino Unido\u00a0<strong>Margaret Thatcher,<\/strong>\u00a0a quien calific\u00f3 como \u201cenemiga\u201d de la Argentina.\u00a0<\/p>\n\n\n\n<p>\u201cEs una enemiga de la Argentina, ayer hoy y siempre y para m\u00ed no\u00a0es una figura\u201d, resalt\u00f3 Massa, que invit\u00f3 a la tribuna al ex jefe\u00a0del Ej\u00e9rcito Mart\u00edn Balza.\u00a0<\/p>\n\n\n\n<p>En el tercer eje, el de Educaci\u00f3n, el l\u00edder del Frente Renovador\u00a0sigui\u00f3 en el centro del ring, d\u00e1ndose uno de los momentos m\u00e1s\u00a0calientes, cuando\u00a0<strong>Massa lo desafi\u00f3 a hacerse un psicot\u00e9cnico.<\/strong><\/p>\n\n\n\n<p>El candidato oficialista habl\u00f3 de la \u201ccapacidad y el equilibrio\u00a0mental\u201d que debe tener un Presidente y Milei ironiz\u00f3:\u00a0\u201c<strong>\u00bfY vos lo\u00a0ten\u00e9s?\u201d.<\/strong><\/p>\n\n\n\n<p>\u201c<strong>Hagamos el psicot\u00e9cnico los dos, que te negaste\u201d,<\/strong>\u00a0resalt\u00f3\u00a0Massa, que en ese marco, sac\u00f3 a relucir un dato no conocido hasta\u00a0el momento sobre que<strong>\u00a0el libertario hab\u00eda trabajado en el Banco\u00a0Central<\/strong>, a lo que le atribuy\u00f3 sus ganas de \u201cdestruir\u201d esa entidad.<\/p>\n\n\n\n<p>Milei admiti\u00f3 que trabaj\u00f3 como \u201cpasante\u201d, y el l\u00edder del Frente\u00a0Renovador le reclam\u00f3 que diga \u201cpor qu\u00e9 se fue\u201d.<\/p>\n\n\n\n<p>\u201c<strong>\u00bfPor qu\u00e9 no te la renovaron? Contale a la gente, entiendo que\u00a0est\u00e9s enojado con el Banco Central porque en alg\u00fan momento te\u00a0sentiste rechazado\u201d,<\/strong>\u00a0evalu\u00f3.<\/p>\n\n\n\n<p>Al habar de seguridad, Milei tom\u00f3 la posta y tras cuestionar la\u00a0doctrina \u201cZaffaroni\u201d, afirm\u00f3:\u00a0\u201c<strong>Reconozco que fue bueno lo que\u00a0hiciste en Tigre, pero cada vez que fue a las elecciones tu mujer\u00a0perdi\u00f3 siempre. O te conocen demasiado a vos\u201d.<\/strong><\/p>\n\n\n\n<p>El debate tuvo un nuevo esquema, adaptado a la din\u00e1mica de dos&nbsp;candidatos, por lo que se dieron intercambios a fondo sobre los&nbsp;temas abordados.<\/p>\n\n\n\n<p>Luego de la pausa, Massa dej\u00f3 de lado las preguntas \u201cpor s\u00ed o por\u00a0no\u201d, y<strong>\u00a0el libertario logr\u00f3 emparejar el protagonismo de la\u00a0discusi\u00f3n<\/strong>\u00a0y pudo atacar con datos duros, sobre todo de trabajo y educaci\u00f3n.\u00a0<\/p>\n\n\n\n<p>Los candidatos repartieron invitaciones a sus dirigentes m\u00e1s&nbsp;allegados para que los acompa\u00f1aran en la UBA.<\/p>\n\n\n\n<p>En el caso de Massa, se mandaron invitaciones sorpresa como el&nbsp;ex diputado F<strong>rancisco De Narv\u00e1ez; Carlos Maslat\u00f3n<\/strong>&nbsp;y el ex jefe del&nbsp;Ej\u00e9rcito&nbsp;<strong>Mart\u00edn Balza.<\/strong><\/p>\n\n\n\n<p>Adem\u00e1s, estaban presentes los gobernadores de Buenos Aires, Axel&nbsp;Kicillof; de Santa Fe, Omar Perotti; de Entre R\u00edos, Gustavo Bordet;&nbsp;la diputada&nbsp;<strong>Natalia de la Sota<\/strong>; el ex gobernador de Salta&nbsp;<strong>Juan&nbsp;Manuel Urtubey;<\/strong>&nbsp;la diputada<strong>&nbsp;Graciela Cama\u00f1o<\/strong>; y la presidenta de la&nbsp;C\u00e1mara baja, Cecilia Moreau.<\/p>\n\n\n\n<p>Tambi\u00e9n el candidato a vicepresidente, Agust\u00edn Rossi; el\u00a0diputado\u00a0<strong>Alejandro Rodr\u00edguez;<\/strong>\u00a0la titular del Partido\u00a0Socialista,<strong>\u00a0M\u00f3nica Fein;<\/strong>\u00a0la diputada Paula Penacca; el ministro de\u00a0Obras P\u00fablicas, Gabriel Katopodis; el embajador en Espa\u00f1a, Ricardo\u00a0Alfons\u00edn; la ministra de Desarrollo Social, Victoria Tolosa Paz; y\u00a0el diputado Leopoldo Moreau, entre otros.<\/p>\n\n\n\n<p>El ministro de Econom\u00eda lleg\u00f3 acompa\u00f1ado por su esposa y titular&nbsp;de Aysa, Malena Galmarini.&nbsp;En el caso de Milei, no estaba presente su pareja, la humorista&nbsp;<strong>F\u00e1tima Florez.<\/strong><\/p>\n\n\n\n<p>S\u00ed estaban su candidata a vicepresidenta,<strong>&nbsp;Victoria Virralluel;<\/strong>&nbsp;las diputadas electas Lilia Lemoine y Marcela Pagano; el legislador&nbsp;porte\u00f1o Ramiro Marra; el diputado electo Bertie Benegas Lynch; y&nbsp;los padres de Milei, adem\u00e1s de su hermana y jefa de campa\u00f1a, Karina&nbsp;Milei.<\/p>\n\n\n\n<p>Tambi\u00e9n asistieron Guillermo Francos, la diputada nacional\u00a0Carolina P\u00edparo; la electa Diana Mondino; el riojano Mart\u00edn Menem; Santiago Caputo; Guillermo Ferraro, Carlos Kikuchi y Sandra\u00a0Pettovello, entre otros.<\/p>\n","protected":false},"excerpt":{"rendered":"<p>Los postulantes&nbsp;presidenciales de Uni\u00f3n por la Patria,&nbsp;Sergio Massa,&nbsp;y de La&nbsp;Libertad Avanza,&nbsp;Javier Milei, protagonizaron un vibrante&nbsp;debate presidencial&nbsp;repleto de cruces en la Facultad de Derecho de&nbsp;la Universidad de Buenos Aires. Exactamente una&hellip;<\/p>\n","protected":false},"author":3,"featured_media":244099,"comment_status":"closed","ping_status":"open","sticky":false,"template":"","format":"standard","meta":{"_acf_changed":false,"footnotes":""},"categories":[1,8],"tags":[],"class_list":["post-244112","post","type-post","status-publish","format-standard","has-post-thumbnail","hentry","category-es-noticia","category-politica"],"acf":[],"yoast_head":"<!-- This site is optimized with the Yoast SEO plugin v27.4 - https:\/\/yoast.com\/product\/yoast-seo-wordpress\/ -->\n<title>En un picante debate, Massa acorral\u00f3 y puso a la defensiva a Milei - Diario Textual<\/title>\n<meta name=\"robots\" content=\"index, follow, max-snippet:-1, max-image-preview:large, max-video-preview:-1\" \/>\n<link rel=\"canonical\" href=\"https:\/\/diariotextual.com\/inicio\/index.php\/2023\/11\/12\/en-un-picante-debate-massa-acorralo-y-puso-a-la-defensiva-a-milei\/\" \/>\n<meta property=\"og:locale\" content=\"es_ES\" \/>\n<meta property=\"og:type\" content=\"article\" \/>\n<meta property=\"og:title\" content=\"En un picante debate, Massa acorral\u00f3 y puso a la defensiva a Milei - Diario Textual\" \/>\n<meta property=\"og:description\" content=\"Los postulantes&nbsp;presidenciales de Uni\u00f3n por la Patria,&nbsp;Sergio Massa,&nbsp;y de La&nbsp;Libertad Avanza,&nbsp;Javier Milei, protagonizaron un vibrante&nbsp;debate presidencial&nbsp;repleto de cruces en la Facultad de Derecho de&nbsp;la Universidad de Buenos Aires. Exactamente una&hellip;\" \/>\n<meta property=\"og:url\" content=\"https:\/\/diariotextual.com\/inicio\/index.php\/2023\/11\/12\/en-un-picante-debate-massa-acorralo-y-puso-a-la-defensiva-a-milei\/\" \/>\n<meta property=\"og:site_name\" content=\"Diario Textual\" \/>\n<meta property=\"article:publisher\" content=\"https:\/\/www.facebook.com\/eltextual\" \/>\n<meta property=\"article:published_time\" content=\"2023-11-13T02:11:46+00:00\" \/>\n<meta property=\"article:modified_time\" content=\"2023-11-13T12:58:28+00:00\" \/>\n<meta property=\"og:image\" content=\"https:\/\/diariotextual.com\/inicio\/wp-content\/uploads\/2023\/11\/massasergiomileijavierdebate2023-10.jpg\" \/>\n\t<meta property=\"og:image:width\" content=\"1500\" \/>\n\t<meta property=\"og:image:height\" content=\"999\" \/>\n\t<meta property=\"og:image:type\" content=\"image\/jpeg\" \/>\n<meta name=\"author\" content=\"Diario1 Diario1\" \/>\n<meta name=\"twitter:card\" content=\"summary_large_image\" \/>\n<meta name=\"twitter:creator\" content=\"@eltextual\" \/>\n<meta name=\"twitter:site\" content=\"@eltextual\" \/>\n<meta name=\"twitter:label1\" content=\"Escrito por\" \/>\n\t<meta name=\"twitter:data1\" content=\"Diario1 Diario1\" \/>\n\t<meta name=\"twitter:label2\" content=\"Tiempo de lectura\" \/>\n\t<meta name=\"twitter:data2\" content=\"5 minutos\" \/>\n<script type=\"application\/ld+json\" class=\"yoast-schema-graph\">{\"@context\":\"https:\\\/\\\/schema.org\",\"@graph\":[{\"@type\":\"Article\",\"@id\":\"https:\\\/\\\/diariotextual.com\\\/inicio\\\/index.php\\\/2023\\\/11\\\/12\\\/en-un-picante-debate-massa-acorralo-y-puso-a-la-defensiva-a-milei\\\/#article\",\"isPartOf\":{\"@id\":\"https:\\\/\\\/diariotextual.com\\\/inicio\\\/index.php\\\/2023\\\/11\\\/12\\\/en-un-picante-debate-massa-acorralo-y-puso-a-la-defensiva-a-milei\\\/\"},\"author\":{\"name\":\"Diario1 Diario1\",\"@id\":\"https:\\\/\\\/diariotextual.com\\\/inicio\\\/#\\\/schema\\\/person\\\/418fc4093c33e86ed41562db3508f958\"},\"headline\":\"En un picante debate, Massa acorral\u00f3 y puso a la defensiva a Milei\",\"datePublished\":\"2023-11-13T02:11:46+00:00\",\"dateModified\":\"2023-11-13T12:58:28+00:00\",\"mainEntityOfPage\":{\"@id\":\"https:\\\/\\\/diariotextual.com\\\/inicio\\\/index.php\\\/2023\\\/11\\\/12\\\/en-un-picante-debate-massa-acorralo-y-puso-a-la-defensiva-a-milei\\\/\"},\"wordCount\":999,\"publisher\":{\"@id\":\"https:\\\/\\\/diariotextual.com\\\/inicio\\\/#organization\"},\"image\":{\"@id\":\"https:\\\/\\\/diariotextual.com\\\/inicio\\\/index.php\\\/2023\\\/11\\\/12\\\/en-un-picante-debate-massa-acorralo-y-puso-a-la-defensiva-a-milei\\\/#primaryimage\"},\"thumbnailUrl\":\"https:\\\/\\\/diariotextual.com\\\/inicio\\\/wp-content\\\/uploads\\\/2023\\\/11\\\/massasergiomileijavierdebate2023-10.jpg\",\"articleSection\":[\"A - ES NOTICIA (van abajo)\",\"POLITICA\"],\"inLanguage\":\"es\"},{\"@type\":\"WebPage\",\"@id\":\"https:\\\/\\\/diariotextual.com\\\/inicio\\\/index.php\\\/2023\\\/11\\\/12\\\/en-un-picante-debate-massa-acorralo-y-puso-a-la-defensiva-a-milei\\\/\",\"url\":\"https:\\\/\\\/diariotextual.com\\\/inicio\\\/index.php\\\/2023\\\/11\\\/12\\\/en-un-picante-debate-massa-acorralo-y-puso-a-la-defensiva-a-milei\\\/\",\"name\":\"En un picante debate, Massa acorral\u00f3 y puso a la defensiva a Milei - Diario Textual\",\"isPartOf\":{\"@id\":\"https:\\\/\\\/diariotextual.com\\\/inicio\\\/#website\"},\"primaryImageOfPage\":{\"@id\":\"https:\\\/\\\/diariotextual.com\\\/inicio\\\/index.php\\\/2023\\\/11\\\/12\\\/en-un-picante-debate-massa-acorralo-y-puso-a-la-defensiva-a-milei\\\/#primaryimage\"},\"image\":{\"@id\":\"https:\\\/\\\/diariotextual.com\\\/inicio\\\/index.php\\\/2023\\\/11\\\/12\\\/en-un-picante-debate-massa-acorralo-y-puso-a-la-defensiva-a-milei\\\/#primaryimage\"},\"thumbnailUrl\":\"https:\\\/\\\/diariotextual.com\\\/inicio\\\/wp-content\\\/uploads\\\/2023\\\/11\\\/massasergiomileijavierdebate2023-10.jpg\",\"datePublished\":\"2023-11-13T02:11:46+00:00\",\"dateModified\":\"2023-11-13T12:58:28+00:00\",\"breadcrumb\":{\"@id\":\"https:\\\/\\\/diariotextual.com\\\/inicio\\\/index.php\\\/2023\\\/11\\\/12\\\/en-un-picante-debate-massa-acorralo-y-puso-a-la-defensiva-a-milei\\\/#breadcrumb\"},\"inLanguage\":\"es\",\"potentialAction\":[{\"@type\":\"ReadAction\",\"target\":[\"https:\\\/\\\/diariotextual.com\\\/inicio\\\/index.php\\\/2023\\\/11\\\/12\\\/en-un-picante-debate-massa-acorralo-y-puso-a-la-defensiva-a-milei\\\/\"]}]},{\"@type\":\"ImageObject\",\"inLanguage\":\"es\",\"@id\":\"https:\\\/\\\/diariotextual.com\\\/inicio\\\/index.php\\\/2023\\\/11\\\/12\\\/en-un-picante-debate-massa-acorralo-y-puso-a-la-defensiva-a-milei\\\/#primaryimage\",\"url\":\"https:\\\/\\\/diariotextual.com\\\/inicio\\\/wp-content\\\/uploads\\\/2023\\\/11\\\/massasergiomileijavierdebate2023-10.jpg\",\"contentUrl\":\"https:\\\/\\\/diariotextual.com\\\/inicio\\\/wp-content\\\/uploads\\\/2023\\\/11\\\/massasergiomileijavierdebate2023-10.jpg\",\"width\":1500,\"height\":999},{\"@type\":\"BreadcrumbList\",\"@id\":\"https:\\\/\\\/diariotextual.com\\\/inicio\\\/index.php\\\/2023\\\/11\\\/12\\\/en-un-picante-debate-massa-acorralo-y-puso-a-la-defensiva-a-milei\\\/#breadcrumb\",\"itemListElement\":[{\"@type\":\"ListItem\",\"position\":1,\"name\":\"Portada\",\"item\":\"https:\\\/\\\/diariotextual.com\\\/inicio\\\/\"},{\"@type\":\"ListItem\",\"position\":2,\"name\":\"En un picante debate, Massa acorral\u00f3 y puso a la defensiva a Milei\"}]},{\"@type\":\"WebSite\",\"@id\":\"https:\\\/\\\/diariotextual.com\\\/inicio\\\/#website\",\"url\":\"https:\\\/\\\/diariotextual.com\\\/inicio\\\/\",\"name\":\"Diario Textual\",\"description\":\"\",\"publisher\":{\"@id\":\"https:\\\/\\\/diariotextual.com\\\/inicio\\\/#organization\"},\"potentialAction\":[{\"@type\":\"SearchAction\",\"target\":{\"@type\":\"EntryPoint\",\"urlTemplate\":\"https:\\\/\\\/diariotextual.com\\\/inicio\\\/?s={search_term_string}\"},\"query-input\":{\"@type\":\"PropertyValueSpecification\",\"valueRequired\":true,\"valueName\":\"search_term_string\"}}],\"inLanguage\":\"es\"},{\"@type\":\"Organization\",\"@id\":\"https:\\\/\\\/diariotextual.com\\\/inicio\\\/#organization\",\"name\":\"Diario Textual\",\"url\":\"https:\\\/\\\/diariotextual.com\\\/inicio\\\/\",\"logo\":{\"@type\":\"ImageObject\",\"inLanguage\":\"es\",\"@id\":\"https:\\\/\\\/diariotextual.com\\\/inicio\\\/#\\\/schema\\\/logo\\\/image\\\/\",\"url\":\"https:\\\/\\\/diariotextual.com\\\/inicio\\\/wp-content\\\/uploads\\\/2023\\\/05\\\/logotextual1.jpg\",\"contentUrl\":\"https:\\\/\\\/diariotextual.com\\\/inicio\\\/wp-content\\\/uploads\\\/2023\\\/05\\\/logotextual1.jpg\",\"width\":516,\"height\":76,\"caption\":\"Diario Textual\"},\"image\":{\"@id\":\"https:\\\/\\\/diariotextual.com\\\/inicio\\\/#\\\/schema\\\/logo\\\/image\\\/\"},\"sameAs\":[\"https:\\\/\\\/www.facebook.com\\\/eltextual\",\"https:\\\/\\\/x.com\\\/eltextual\",\"http:\\\/\\\/www.instagram.com\\\/eltextual\"]},{\"@type\":\"Person\",\"@id\":\"https:\\\/\\\/diariotextual.com\\\/inicio\\\/#\\\/schema\\\/person\\\/418fc4093c33e86ed41562db3508f958\",\"name\":\"Diario1 Diario1\",\"image\":{\"@type\":\"ImageObject\",\"inLanguage\":\"es\",\"@id\":\"https:\\\/\\\/secure.gravatar.com\\\/avatar\\\/9167d280179c85bc18be67aa7eda765854300033af4896dd779b608640f2ef7a?s=96&d=mm&r=g\",\"url\":\"https:\\\/\\\/secure.gravatar.com\\\/avatar\\\/9167d280179c85bc18be67aa7eda765854300033af4896dd779b608640f2ef7a?s=96&d=mm&r=g\",\"contentUrl\":\"https:\\\/\\\/secure.gravatar.com\\\/avatar\\\/9167d280179c85bc18be67aa7eda765854300033af4896dd779b608640f2ef7a?s=96&d=mm&r=g\",\"caption\":\"Diario1 Diario1\"},\"url\":\"https:\\\/\\\/diariotextual.com\\\/inicio\\\/index.php\\\/author\\\/diario1\\\/\"}]}<\/script>\n<!-- \/ Yoast SEO plugin. -->","yoast_head_json":{"title":"En un picante debate, Massa acorral\u00f3 y puso a la defensiva a Milei - Diario Textual","robots":{"index":"index","follow":"follow","max-snippet":"max-snippet:-1","max-image-preview":"max-image-preview:large","max-video-preview":"max-video-preview:-1"},"canonical":"https:\/\/diariotextual.com\/inicio\/index.php\/2023\/11\/12\/en-un-picante-debate-massa-acorralo-y-puso-a-la-defensiva-a-milei\/","og_locale":"es_ES","og_type":"article","og_title":"En un picante debate, Massa acorral\u00f3 y puso a la defensiva a Milei - Diario Textual","og_description":"Los postulantes&nbsp;presidenciales de Uni\u00f3n por la Patria,&nbsp;Sergio Massa,&nbsp;y de La&nbsp;Libertad Avanza,&nbsp;Javier Milei, protagonizaron un vibrante&nbsp;debate presidencial&nbsp;repleto de cruces en la Facultad de Derecho de&nbsp;la Universidad de Buenos Aires. Exactamente una&hellip;","og_url":"https:\/\/diariotextual.com\/inicio\/index.php\/2023\/11\/12\/en-un-picante-debate-massa-acorralo-y-puso-a-la-defensiva-a-milei\/","og_site_name":"Diario Textual","article_publisher":"https:\/\/www.facebook.com\/eltextual","article_published_time":"2023-11-13T02:11:46+00:00","article_modified_time":"2023-11-13T12:58:28+00:00","og_image":[{"width":1500,"height":999,"url":"https:\/\/diariotextual.com\/inicio\/wp-content\/uploads\/2023\/11\/massasergiomileijavierdebate2023-10.jpg","type":"image\/jpeg"}],"author":"Diario1 Diario1","twitter_card":"summary_large_image","twitter_creator":"@eltextual","twitter_site":"@eltextual","twitter_misc":{"Escrito por":"Diario1 Diario1","Tiempo de lectura":"5 minutos"},"schema":{"@context":"https:\/\/schema.org","@graph":[{"@type":"Article","@id":"https:\/\/diariotextual.com\/inicio\/index.php\/2023\/11\/12\/en-un-picante-debate-massa-acorralo-y-puso-a-la-defensiva-a-milei\/#article","isPartOf":{"@id":"https:\/\/diariotextual.com\/inicio\/index.php\/2023\/11\/12\/en-un-picante-debate-massa-acorralo-y-puso-a-la-defensiva-a-milei\/"},"author":{"name":"Diario1 Diario1","@id":"https:\/\/diariotextual.com\/inicio\/#\/schema\/person\/418fc4093c33e86ed41562db3508f958"},"headline":"En un picante debate, Massa acorral\u00f3 y puso a la defensiva a Milei","datePublished":"2023-11-13T02:11:46+00:00","dateModified":"2023-11-13T12:58:28+00:00","mainEntityOfPage":{"@id":"https:\/\/diariotextual.com\/inicio\/index.php\/2023\/11\/12\/en-un-picante-debate-massa-acorralo-y-puso-a-la-defensiva-a-milei\/"},"wordCount":999,"publisher":{"@id":"https:\/\/diariotextual.com\/inicio\/#organization"},"image":{"@id":"https:\/\/diariotextual.com\/inicio\/index.php\/2023\/11\/12\/en-un-picante-debate-massa-acorralo-y-puso-a-la-defensiva-a-milei\/#primaryimage"},"thumbnailUrl":"https:\/\/diariotextual.com\/inicio\/wp-content\/uploads\/2023\/11\/massasergiomileijavierdebate2023-10.jpg","articleSection":["A - ES NOTICIA (van abajo)","POLITICA"],"inLanguage":"es"},{"@type":"WebPage","@id":"https:\/\/diariotextual.com\/inicio\/index.php\/2023\/11\/12\/en-un-picante-debate-massa-acorralo-y-puso-a-la-defensiva-a-milei\/","url":"https:\/\/diariotextual.com\/inicio\/index.php\/2023\/11\/12\/en-un-picante-debate-massa-acorralo-y-puso-a-la-defensiva-a-milei\/","name":"En un picante debate, Massa acorral\u00f3 y puso a la defensiva a Milei - Diario Textual","isPartOf":{"@id":"https:\/\/diariotextual.com\/inicio\/#website"},"primaryImageOfPage":{"@id":"https:\/\/diariotextual.com\/inicio\/index.php\/2023\/11\/12\/en-un-picante-debate-massa-acorralo-y-puso-a-la-defensiva-a-milei\/#primaryimage"},"image":{"@id":"https:\/\/diariotextual.com\/inicio\/index.php\/2023\/11\/12\/en-un-picante-debate-massa-acorralo-y-puso-a-la-defensiva-a-milei\/#primaryimage"},"thumbnailUrl":"https:\/\/diariotextual.com\/inicio\/wp-content\/uploads\/2023\/11\/massasergiomileijavierdebate2023-10.jpg","datePublished":"2023-11-13T02:11:46+00:00","dateModified":"2023-11-13T12:58:28+00:00","breadcrumb":{"@id":"https:\/\/diariotextual.com\/inicio\/index.php\/2023\/11\/12\/en-un-picante-debate-massa-acorralo-y-puso-a-la-defensiva-a-milei\/#breadcrumb"},"inLanguage":"es","potentialAction":[{"@type":"ReadAction","target":["https:\/\/diariotextual.com\/inicio\/index.php\/2023\/11\/12\/en-un-picante-debate-massa-acorralo-y-puso-a-la-defensiva-a-milei\/"]}]},{"@type":"ImageObject","inLanguage":"es","@id":"https:\/\/diariotextual.com\/inicio\/index.php\/2023\/11\/12\/en-un-picante-debate-massa-acorralo-y-puso-a-la-defensiva-a-milei\/#primaryimage","url":"https:\/\/diariotextual.com\/inicio\/wp-content\/uploads\/2023\/11\/massasergiomileijavierdebate2023-10.jpg","contentUrl":"https:\/\/diariotextual.com\/inicio\/wp-content\/uploads\/2023\/11\/massasergiomileijavierdebate2023-10.jpg","width":1500,"height":999},{"@type":"BreadcrumbList","@id":"https:\/\/diariotextual.com\/inicio\/index.php\/2023\/11\/12\/en-un-picante-debate-massa-acorralo-y-puso-a-la-defensiva-a-milei\/#breadcrumb","itemListElement":[{"@type":"ListItem","position":1,"name":"Portada","item":"https:\/\/diariotextual.com\/inicio\/"},{"@type":"ListItem","position":2,"name":"En un picante debate, Massa acorral\u00f3 y puso a la defensiva a Milei"}]},{"@type":"WebSite","@id":"https:\/\/diariotextual.com\/inicio\/#website","url":"https:\/\/diariotextual.com\/inicio\/","name":"Diario Textual","description":"","publisher":{"@id":"https:\/\/diariotextual.com\/inicio\/#organization"},"potentialAction":[{"@type":"SearchAction","target":{"@type":"EntryPoint","urlTemplate":"https:\/\/diariotextual.com\/inicio\/?s={search_term_string}"},"query-input":{"@type":"PropertyValueSpecification","valueRequired":true,"valueName":"search_term_string"}}],"inLanguage":"es"},{"@type":"Organization","@id":"https:\/\/diariotextual.com\/inicio\/#organization","name":"Diario Textual","url":"https:\/\/diariotextual.com\/inicio\/","logo":{"@type":"ImageObject","inLanguage":"es","@id":"https:\/\/diariotextual.com\/inicio\/#\/schema\/logo\/image\/","url":"https:\/\/diariotextual.com\/inicio\/wp-content\/uploads\/2023\/05\/logotextual1.jpg","contentUrl":"https:\/\/diariotextual.com\/inicio\/wp-content\/uploads\/2023\/05\/logotextual1.jpg","width":516,"height":76,"caption":"Diario Textual"},"image":{"@id":"https:\/\/diariotextual.com\/inicio\/#\/schema\/logo\/image\/"},"sameAs":["https:\/\/www.facebook.com\/eltextual","https:\/\/x.com\/eltextual","http:\/\/www.instagram.com\/eltextual"]},{"@type":"Person","@id":"https:\/\/diariotextual.com\/inicio\/#\/schema\/person\/418fc4093c33e86ed41562db3508f958","name":"Diario1 Diario1","image":{"@type":"ImageObject","inLanguage":"es","@id":"https:\/\/secure.gravatar.com\/avatar\/9167d280179c85bc18be67aa7eda765854300033af4896dd779b608640f2ef7a?s=96&d=mm&r=g","url":"https:\/\/secure.gravatar.com\/avatar\/9167d280179c85bc18be67aa7eda765854300033af4896dd779b608640f2ef7a?s=96&d=mm&r=g","contentUrl":"https:\/\/secure.gravatar.com\/avatar\/9167d280179c85bc18be67aa7eda765854300033af4896dd779b608640f2ef7a?s=96&d=mm&r=g","caption":"Diario1 Diario1"},"url":"https:\/\/diariotextual.com\/inicio\/index.php\/author\/diario1\/"}]}},"_links":{"self":[{"href":"https:\/\/diariotextual.com\/inicio\/index.php\/wp-json\/wp\/v2\/posts\/244112","targetHints":{"allow":["GET"]}}],"collection":[{"href":"https:\/\/diariotextual.com\/inicio\/index.php\/wp-json\/wp\/v2\/posts"}],"about":[{"href":"https:\/\/diariotextual.com\/inicio\/index.php\/wp-json\/wp\/v2\/types\/post"}],"author":[{"embeddable":true,"href":"https:\/\/diariotextual.com\/inicio\/index.php\/wp-json\/wp\/v2\/users\/3"}],"replies":[{"embeddable":true,"href":"https:\/\/diariotextual.com\/inicio\/index.php\/wp-json\/wp\/v2\/comments?post=244112"}],"version-history":[{"count":7,"href":"https:\/\/diariotextual.com\/inicio\/index.php\/wp-json\/wp\/v2\/posts\/244112\/revisions"}],"predecessor-version":[{"id":244124,"href":"https:\/\/diariotextual.com\/inicio\/index.php\/wp-json\/wp\/v2\/posts\/244112\/revisions\/244124"}],"wp:featuredmedia":[{"embeddable":true,"href":"https:\/\/diariotextual.com\/inicio\/index.php\/wp-json\/wp\/v2\/media\/244099"}],"wp:attachment":[{"href":"https:\/\/diariotextual.com\/inicio\/index.php\/wp-json\/wp\/v2\/media?parent=244112"}],"wp:term":[{"taxonomy":"category","embeddable":true,"href":"https:\/\/diariotextual.com\/inicio\/index.php\/wp-json\/wp\/v2\/categories?post=244112"},{"taxonomy":"post_tag","embeddable":true,"href":"https:\/\/diariotextual.com\/inicio\/index.php\/wp-json\/wp\/v2\/tags?post=244112"}],"curies":[{"name":"wp","href":"https:\/\/api.w.org\/{rel}","templated":true}]}}