{"id":244143,"date":"2023-11-13T09:58:06","date_gmt":"2023-11-13T12:58:06","guid":{"rendered":"https:\/\/diariotextual.com\/inicio\/?p=244143"},"modified":"2023-11-14T07:35:42","modified_gmt":"2023-11-14T10:35:42","slug":"en-casa-de-gobierno-no-hay-dudas-el-debate-fue-ampliamente-favorable-a-massa","status":"publish","type":"post","link":"https:\/\/diariotextual.com\/inicio\/index.php\/2023\/11\/13\/en-casa-de-gobierno-no-hay-dudas-el-debate-fue-ampliamente-favorable-a-massa\/","title":{"rendered":"En Casa de Gobierno no hay dudas: \u201cEl debate fue ampliamente favorable a Massa\u201d"},"content":{"rendered":"\n<p>En el Gabinete de<strong> Sergio Ziliotto<\/strong> no hay ninguna duda: <strong>el debate presidencial del domingo a la noche fue \u201campliamente favorable\u201d a Sergio Massa.<\/strong><\/p>\n\n\n\n<p>Anoche, a siete d\u00edas del balotaje entre el peronista<strong> Sergio Massa<\/strong> y el libertario<strong> Javier Milei<\/strong>, se desarroll\u00f3 esta instancia que para algunos analistas era cr\u00edtica por la paridad que revelan las encuestas.<\/p>\n\n\n\n<p>El candidato peronista siempre mantuvo el control de los tiempos y logr\u00f3 descolocar a Javier Milei en cada uno de los segmentos del debate.<\/p>\n\n\n\n<p>\u00bfC\u00f3mo lo vieron en Casa de Gobierno? <strong>\u201cMilei expuso su agresividad, no pudo responder cuestiones puntuales y se desdijo permanentemente<\/strong>\u201d, dijeron voceros a <strong>Diario Textual.<\/strong><\/p>\n\n\n\n<p>Adem\u00e1s, resaltaron que Milei finalmente<strong> \u201creconoci\u00f3 que va a quitar los subsidios y que va a dolarizar\u201d <\/strong>la econom\u00eda.<\/p>\n\n\n\n<p><strong>\u201cFue lamentable que no haya tenido nada para decir de seguridad\u201d<\/strong>, agregaron sobre otro de los puntos tratados en el debate.<\/p>\n\n\n\n<div style=\"height:100px\" aria-hidden=\"true\" class=\"wp-block-spacer\"><\/div>\n\n\n\n<p><strong>\u201cPor s\u00ed o no\u201d<\/strong><\/p>\n\n\n\n<p>Los candidatos de Uni\u00f3n por la protagonizaron un debate que qued\u00f3 marcado por la intenci\u00f3n del ministro de Econom\u00eda de increpar con preguntas directas a su rival, lo que le permiti\u00f3 contrastar capacidades y conocimiento del Estado y poner eso en evidencia ante el electorado.<\/p>\n\n\n\n<p>Desde el inicio tuvo momentos de tensi\u00f3n, sobre todo porque Massa sorprendi\u00f3 a Milei con una f\u00f3rmula de pregunta-respuesta que cerraba con un \u201cpor s\u00ed o no\u201d.<\/p>\n\n\n\n<p>El ministro-candidato despleg\u00f3 ese recurso en los primeros minutos y lo utiliz\u00f3 para preguntarle al libertario si estaba dispuesto a poner en pr\u00e1ctica en un eventual Gobierno algunas de sus propuestas m\u00e1s pol\u00e9micas, las que fue exponiendo a lo largo de la campa\u00f1a.<\/p>\n\n\n\n<p>Massa atribuy\u00f3 algunas r\u00e9plicas de Milei a la influencia ejercida sobre el economista del expresidente Mauricio Macri y de la derrotada candidata presidencial de JxC, Patricia Bullrich, quienes tras salir terceros en los comicios del 22 de octubre decidieron aliarse al postulante libertario para apoyarlo en el balotaje.<\/p>\n\n\n\n<p>Este respaldo caus\u00f3 un quiebre en la alianza del PRO, la UCR y la Coalici\u00f3n C\u00edvica, que qued\u00f3 evidenciado horas antes del debate con una dura disputa dial\u00e9ctica y por redes sociales entre representantes del partido amarillo y del radicalismo.<\/p>\n\n\n\n<div style=\"height:100px\" aria-hidden=\"true\" class=\"wp-block-spacer\"><\/div>\n\n\n\n<p><strong>Psicot\u00e9cnico<\/strong><\/p>\n\n\n\n<p>Otro de los cruces estridentes se produjo cuando Massa le reproch\u00f3 a Milei haberse negado a someterse a un examen \u201cpsicot\u00e9cnico\u201d y sugiri\u00f3 que esa fue la causa por la cual a Milei no le \u201crenovaron la pasant\u00eda en el Banco Centra\u201d.<\/p>\n\n\n\n<p>Massa busc\u00f3 todo el tiempo exponer las contradicciones de Milei con el PRO, que quedaron en evidencia con el faltazo de esa fuerza al debate, anticipado por este medio. Lo hizo cuando le pidi\u00f3 tres veces que conteste si manten\u00eda la dolarizaci\u00f3n y la eliminaci\u00f3n del Banco Central. \u201cYa lo plante\u00f3 Patricia Bullrich en el otro debate\u201d, dijo Massa al referirse a la dolarizaci\u00f3n de Zimbawe y al \u00fanico pa\u00eds donde no hay Banco Central, que es en Micronesia.<\/p>\n\n\n\n<p>Luego de eludir varias veces el tema, Milei finalmente acept\u00f3 que mantiene la dolarizaci\u00f3n y la eliminaci\u00f3n del Banco Central y dej\u00f3 trascender su malestar con Macri al afirmar que la ca\u00edda de poder adquisitivo comenz\u00f3 en su gobierno.<\/p>\n\n\n\n<p>Con su tanda de preguntas, que incluy\u00f3 de manera reiterada para que se pronunciara sobre la eliminaci\u00f3n de los subsidios, Massa logr\u00f3 ponerse en control del primer bloque del debate y al principio sac\u00f3 de las casillas a Milei, que luego logr\u00f3 serenarse.<\/p>\n\n\n\n<div style=\"height:100px\" aria-hidden=\"true\" class=\"wp-block-spacer\"><\/div>\n\n\n\n<p><strong>China y Brasil y un golpe dur\u00edsimo a frigor\u00edficos y el campo pampeano<\/strong><\/p>\n\n\n\n<p>En el segundo bloque, de relaci\u00f3n con Argentina con el mundo, Massa defendi\u00f3 el v\u00ednculo con Brasil y China que rechaza Milei. El libertario desminti\u00f3 que vaya a romper relaciones con esos dos pa\u00edses pero dijo que lo va a limitar a dejar que trascurran los acuerdos \u201centre privados\u201d. Massa le record\u00f3 una y otra vez que son los estados los que firman los acuerdos comerciales y fijan pol\u00edticas sanitarias y arancelarias.<\/p>\n\n\n\n<p>Hay que tener en cuenta que, precisamente, La Pampa podr\u00eda ser una de las provincias m\u00e1s afectadas si llega Milei a Casa Rosada y corta las relaciones con China y Brasil. Es que China sigue liderando las ventas externas de la Provincia con el 40% del total. Le siguen Brasil e Israel.<\/p>\n\n\n\n<p>En el primer trimestre de 2023, el 79% del total exportado a China corresponde a la carne bovina congelada con US$ 19 millones y el 20% a la cebada con US$ 4,7 millones. En el caso de Brasil, estuvieron conformadas en un 95% por el trigo, registrando durante este periodo unos US$ 11,4 millones. La carne bovina fresca fue el segundo principal producto exportado a este destino, al igual que Israel, donde el 98% de las exportaciones pampeanas estuvieron conformadas por la carne bovina, tanto fresca como congelada con unos US$ 8,9 millones.<\/p>\n\n\n\n<div style=\"height:100px\" aria-hidden=\"true\" class=\"wp-block-spacer\"><\/div>\n\n\n\n<p><strong>Malvinas<\/strong><\/p>\n\n\n\n<p>Cuando se toc\u00f3 el tema de Malvinas, Massa le hizo admitir a Milei su admiraci\u00f3n por Margaret Thatcher. Fue uno de los momentos m\u00e1s tensos, que Massa aprovech\u00f3 para revelar que lo hab\u00eda acompa\u00f1ado al debate el general Mart\u00edn Balza, h\u00e9roe de la guerra de Malvinas.&nbsp;<\/p>\n\n\n\n<p>El libertario se neg\u00f3 a ratificar si apoyaba la autodeterminaci\u00f3n de los kelpers como dijo Massa que hab\u00eda afirmado en el pasado y explic\u00f3 que su admiraci\u00f3n por Thatcher se limita a su modelo econ\u00f3mico y su pelea contra el comunismo junto a Ronald Reagan, para luego compararla con la admiraci\u00f3n que siente por Mbapp\u00e9. Fue una muestra de la encerrona que sufri\u00f3 Milei, que para elogiar a una enemiga de generaciones enteras de argentinos la compar\u00f3 con un villano para las generaciones subsiguientes. \u00abThatcher es mi enemiga y es enemiga de la Argentina\u00bb, zanj\u00f3 Massa.\u00a0\u00a0<\/p>\n\n\n\n<div style=\"height:100px\" aria-hidden=\"true\" class=\"wp-block-spacer\"><\/div>\n\n\n\n<p><strong>Seguridad<\/strong><\/p>\n\n\n\n<p>Una evidencia de esa falta de preparaci\u00f3n, public\u00f3 La Pol\u00edtica Online, se vio en el bloque de seguridad, cuando Milei dijo que \u201ceste desastre ya hab\u00eda ocurrido en Nueva York en los 70 y fue resuelto por Rudolph Giuliani\u201d. <\/p>\n\n\n\n<p>\u201cEl libro que cuenta lo que hice en Tigre est\u00e1 prologado por Giuliani\u201d, le retruc\u00f3 Massa, que cultiva una relaci\u00f3n de d\u00e9cadas con el exalcalde neoyorquino y exfuncionario de Donald Trump.<\/p>\n\n\n\n<p>En la segunda parte del debate, Milei no se sac\u00f3 como en los primeros bloques, pero no logr\u00f3 asestar ning\u00fan golpe de efecto contra Massa, que se mostr\u00f3 m\u00e1s propositivo.<\/p>\n\n\n\n<p>Las \u00fanicas estocadas que pudo clavar Milei fueron gags de tono humor\u00edstico, como cuando compar\u00f3 a Massa con Pinocho. Tambi\u00e9n recibi\u00f3 el benepl\u00e1cito de su p\u00fablico cuando le record\u00f3 que curs\u00f3 en la Universidad de Belgrano, mientras su rival estaba defendiendo la universidad p\u00fablica.<\/p>\n\n\n\n<p>Milei intent\u00f3 varias veces colar el mote de \u201cventajita\u201d que Macri le supo adosar a Massa, y el tigrense lo chicane\u00f3 en m\u00e1s de una oportunidad con su supuesta sumisi\u00f3n al ex presidente. \u201cEsto no es entre Macri y Cristina, Javier, esto es entre vos y yo\u201d, dijo para intentar desactivar la estrategia de polarizaci\u00f3n entre \u201cel cambio\u201d y el kirchnerismo que Milei aplica desde que cerr\u00f3 el acuerdo con el fundador del PRO.<\/p>\n\n\n\n<p><\/p>\n\n\n\n<figure class=\"wp-block-embed is-type-wp-embed is-provider-diario-textual wp-block-embed-diario-textual\"><div class=\"wp-block-embed__wrapper\">\n<blockquote class=\"wp-embedded-content\" data-secret=\"vcdk6hJowV\"><a href=\"https:\/\/diariotextual.com\/inicio\/index.php\/2023\/11\/12\/en-un-picante-debate-massa-acorralo-y-puso-a-la-defensiva-a-milei\/\">En un picante debate, Massa acorral\u00f3 y puso a la defensiva a Milei<\/a><\/blockquote><iframe class=\"wp-embedded-content\" sandbox=\"allow-scripts\" security=\"restricted\" style=\"position: absolute; clip: rect(1px, 1px, 1px, 1px);\" title=\"\u00abEn un picante debate, Massa acorral\u00f3 y puso a la defensiva a Milei\u00bb \u2014 Diario Textual\" src=\"https:\/\/diariotextual.com\/inicio\/index.php\/2023\/11\/12\/en-un-picante-debate-massa-acorralo-y-puso-a-la-defensiva-a-milei\/embed\/#?secret=nyuPktV3kW#?secret=vcdk6hJowV\" data-secret=\"vcdk6hJowV\" width=\"600\" height=\"338\" frameborder=\"0\" marginwidth=\"0\" marginheight=\"0\" scrolling=\"no\"><\/iframe>\n<\/div><\/figure>\n","protected":false},"excerpt":{"rendered":"<p>En el Gabinete de Sergio Ziliotto no hay ninguna duda: el debate presidencial del domingo a la noche fue \u201campliamente favorable\u201d a Sergio Massa. Anoche, a siete d\u00edas del balotaje&hellip;<\/p>\n","protected":false},"author":3,"featured_media":244097,"comment_status":"closed","ping_status":"open","sticky":false,"template":"","format":"standard","meta":{"_acf_changed":false,"footnotes":""},"categories":[11,8],"tags":[],"class_list":["post-244143","post","type-post","status-publish","format-standard","has-post-thumbnail","hentry","category-que-pasa","category-politica"],"acf":[],"yoast_head":"<!-- This site is optimized with the Yoast SEO plugin v27.4 - https:\/\/yoast.com\/product\/yoast-seo-wordpress\/ -->\n<title>En Casa de Gobierno no hay dudas: \u201cEl debate fue ampliamente favorable a Massa\u201d - Diario Textual<\/title>\n<meta name=\"robots\" content=\"index, follow, max-snippet:-1, max-image-preview:large, max-video-preview:-1\" \/>\n<link rel=\"canonical\" href=\"https:\/\/diariotextual.com\/inicio\/index.php\/2023\/11\/13\/en-casa-de-gobierno-no-hay-dudas-el-debate-fue-ampliamente-favorable-a-massa\/\" \/>\n<meta property=\"og:locale\" content=\"es_ES\" \/>\n<meta property=\"og:type\" content=\"article\" \/>\n<meta property=\"og:title\" content=\"En Casa de Gobierno no hay dudas: \u201cEl debate fue ampliamente favorable a Massa\u201d - Diario Textual\" \/>\n<meta property=\"og:description\" content=\"En el Gabinete de Sergio Ziliotto no hay ninguna duda: el debate presidencial del domingo a la noche fue \u201campliamente favorable\u201d a Sergio Massa. Anoche, a siete d\u00edas del balotaje&hellip;\" \/>\n<meta property=\"og:url\" content=\"https:\/\/diariotextual.com\/inicio\/index.php\/2023\/11\/13\/en-casa-de-gobierno-no-hay-dudas-el-debate-fue-ampliamente-favorable-a-massa\/\" \/>\n<meta property=\"og:site_name\" content=\"Diario Textual\" \/>\n<meta property=\"article:publisher\" content=\"https:\/\/www.facebook.com\/eltextual\" \/>\n<meta property=\"article:published_time\" content=\"2023-11-13T12:58:06+00:00\" \/>\n<meta property=\"article:modified_time\" content=\"2023-11-14T10:35:42+00:00\" \/>\n<meta property=\"og:image\" content=\"https:\/\/diariotextual.com\/inicio\/wp-content\/uploads\/2023\/11\/massasergiodebatepresidencial2023-5.jpg\" \/>\n\t<meta property=\"og:image:width\" content=\"1500\" \/>\n\t<meta property=\"og:image:height\" content=\"999\" \/>\n\t<meta property=\"og:image:type\" content=\"image\/jpeg\" \/>\n<meta name=\"author\" content=\"Diario1 Diario1\" \/>\n<meta name=\"twitter:card\" content=\"summary_large_image\" \/>\n<meta name=\"twitter:creator\" content=\"@eltextual\" \/>\n<meta name=\"twitter:site\" content=\"@eltextual\" \/>\n<meta name=\"twitter:label1\" content=\"Escrito por\" \/>\n\t<meta name=\"twitter:data1\" content=\"Diario1 Diario1\" \/>\n\t<meta name=\"twitter:label2\" content=\"Tiempo de lectura\" \/>\n\t<meta name=\"twitter:data2\" content=\"6 minutos\" \/>\n<script type=\"application\/ld+json\" class=\"yoast-schema-graph\">{\"@context\":\"https:\\\/\\\/schema.org\",\"@graph\":[{\"@type\":\"Article\",\"@id\":\"https:\\\/\\\/diariotextual.com\\\/inicio\\\/index.php\\\/2023\\\/11\\\/13\\\/en-casa-de-gobierno-no-hay-dudas-el-debate-fue-ampliamente-favorable-a-massa\\\/#article\",\"isPartOf\":{\"@id\":\"https:\\\/\\\/diariotextual.com\\\/inicio\\\/index.php\\\/2023\\\/11\\\/13\\\/en-casa-de-gobierno-no-hay-dudas-el-debate-fue-ampliamente-favorable-a-massa\\\/\"},\"author\":{\"name\":\"Diario1 Diario1\",\"@id\":\"https:\\\/\\\/diariotextual.com\\\/inicio\\\/#\\\/schema\\\/person\\\/418fc4093c33e86ed41562db3508f958\"},\"headline\":\"En Casa de Gobierno no hay dudas: \u201cEl debate fue ampliamente favorable a Massa\u201d\",\"datePublished\":\"2023-11-13T12:58:06+00:00\",\"dateModified\":\"2023-11-14T10:35:42+00:00\",\"mainEntityOfPage\":{\"@id\":\"https:\\\/\\\/diariotextual.com\\\/inicio\\\/index.php\\\/2023\\\/11\\\/13\\\/en-casa-de-gobierno-no-hay-dudas-el-debate-fue-ampliamente-favorable-a-massa\\\/\"},\"wordCount\":1223,\"publisher\":{\"@id\":\"https:\\\/\\\/diariotextual.com\\\/inicio\\\/#organization\"},\"image\":{\"@id\":\"https:\\\/\\\/diariotextual.com\\\/inicio\\\/index.php\\\/2023\\\/11\\\/13\\\/en-casa-de-gobierno-no-hay-dudas-el-debate-fue-ampliamente-favorable-a-massa\\\/#primaryimage\"},\"thumbnailUrl\":\"https:\\\/\\\/diariotextual.com\\\/inicio\\\/wp-content\\\/uploads\\\/2023\\\/11\\\/massasergiodebatepresidencial2023-5.jpg\",\"articleSection\":[\"A - QUE PASA (al costado)\",\"POLITICA\"],\"inLanguage\":\"es\"},{\"@type\":\"WebPage\",\"@id\":\"https:\\\/\\\/diariotextual.com\\\/inicio\\\/index.php\\\/2023\\\/11\\\/13\\\/en-casa-de-gobierno-no-hay-dudas-el-debate-fue-ampliamente-favorable-a-massa\\\/\",\"url\":\"https:\\\/\\\/diariotextual.com\\\/inicio\\\/index.php\\\/2023\\\/11\\\/13\\\/en-casa-de-gobierno-no-hay-dudas-el-debate-fue-ampliamente-favorable-a-massa\\\/\",\"name\":\"En Casa de Gobierno no hay dudas: \u201cEl debate fue ampliamente favorable a Massa\u201d - Diario Textual\",\"isPartOf\":{\"@id\":\"https:\\\/\\\/diariotextual.com\\\/inicio\\\/#website\"},\"primaryImageOfPage\":{\"@id\":\"https:\\\/\\\/diariotextual.com\\\/inicio\\\/index.php\\\/2023\\\/11\\\/13\\\/en-casa-de-gobierno-no-hay-dudas-el-debate-fue-ampliamente-favorable-a-massa\\\/#primaryimage\"},\"image\":{\"@id\":\"https:\\\/\\\/diariotextual.com\\\/inicio\\\/index.php\\\/2023\\\/11\\\/13\\\/en-casa-de-gobierno-no-hay-dudas-el-debate-fue-ampliamente-favorable-a-massa\\\/#primaryimage\"},\"thumbnailUrl\":\"https:\\\/\\\/diariotextual.com\\\/inicio\\\/wp-content\\\/uploads\\\/2023\\\/11\\\/massasergiodebatepresidencial2023-5.jpg\",\"datePublished\":\"2023-11-13T12:58:06+00:00\",\"dateModified\":\"2023-11-14T10:35:42+00:00\",\"breadcrumb\":{\"@id\":\"https:\\\/\\\/diariotextual.com\\\/inicio\\\/index.php\\\/2023\\\/11\\\/13\\\/en-casa-de-gobierno-no-hay-dudas-el-debate-fue-ampliamente-favorable-a-massa\\\/#breadcrumb\"},\"inLanguage\":\"es\",\"potentialAction\":[{\"@type\":\"ReadAction\",\"target\":[\"https:\\\/\\\/diariotextual.com\\\/inicio\\\/index.php\\\/2023\\\/11\\\/13\\\/en-casa-de-gobierno-no-hay-dudas-el-debate-fue-ampliamente-favorable-a-massa\\\/\"]}]},{\"@type\":\"ImageObject\",\"inLanguage\":\"es\",\"@id\":\"https:\\\/\\\/diariotextual.com\\\/inicio\\\/index.php\\\/2023\\\/11\\\/13\\\/en-casa-de-gobierno-no-hay-dudas-el-debate-fue-ampliamente-favorable-a-massa\\\/#primaryimage\",\"url\":\"https:\\\/\\\/diariotextual.com\\\/inicio\\\/wp-content\\\/uploads\\\/2023\\\/11\\\/massasergiodebatepresidencial2023-5.jpg\",\"contentUrl\":\"https:\\\/\\\/diariotextual.com\\\/inicio\\\/wp-content\\\/uploads\\\/2023\\\/11\\\/massasergiodebatepresidencial2023-5.jpg\",\"width\":1500,\"height\":999},{\"@type\":\"BreadcrumbList\",\"@id\":\"https:\\\/\\\/diariotextual.com\\\/inicio\\\/index.php\\\/2023\\\/11\\\/13\\\/en-casa-de-gobierno-no-hay-dudas-el-debate-fue-ampliamente-favorable-a-massa\\\/#breadcrumb\",\"itemListElement\":[{\"@type\":\"ListItem\",\"position\":1,\"name\":\"Portada\",\"item\":\"https:\\\/\\\/diariotextual.com\\\/inicio\\\/\"},{\"@type\":\"ListItem\",\"position\":2,\"name\":\"En Casa de Gobierno no hay dudas: \u201cEl debate fue ampliamente favorable a Massa\u201d\"}]},{\"@type\":\"WebSite\",\"@id\":\"https:\\\/\\\/diariotextual.com\\\/inicio\\\/#website\",\"url\":\"https:\\\/\\\/diariotextual.com\\\/inicio\\\/\",\"name\":\"Diario Textual\",\"description\":\"\",\"publisher\":{\"@id\":\"https:\\\/\\\/diariotextual.com\\\/inicio\\\/#organization\"},\"potentialAction\":[{\"@type\":\"SearchAction\",\"target\":{\"@type\":\"EntryPoint\",\"urlTemplate\":\"https:\\\/\\\/diariotextual.com\\\/inicio\\\/?s={search_term_string}\"},\"query-input\":{\"@type\":\"PropertyValueSpecification\",\"valueRequired\":true,\"valueName\":\"search_term_string\"}}],\"inLanguage\":\"es\"},{\"@type\":\"Organization\",\"@id\":\"https:\\\/\\\/diariotextual.com\\\/inicio\\\/#organization\",\"name\":\"Diario Textual\",\"url\":\"https:\\\/\\\/diariotextual.com\\\/inicio\\\/\",\"logo\":{\"@type\":\"ImageObject\",\"inLanguage\":\"es\",\"@id\":\"https:\\\/\\\/diariotextual.com\\\/inicio\\\/#\\\/schema\\\/logo\\\/image\\\/\",\"url\":\"https:\\\/\\\/diariotextual.com\\\/inicio\\\/wp-content\\\/uploads\\\/2023\\\/05\\\/logotextual1.jpg\",\"contentUrl\":\"https:\\\/\\\/diariotextual.com\\\/inicio\\\/wp-content\\\/uploads\\\/2023\\\/05\\\/logotextual1.jpg\",\"width\":516,\"height\":76,\"caption\":\"Diario Textual\"},\"image\":{\"@id\":\"https:\\\/\\\/diariotextual.com\\\/inicio\\\/#\\\/schema\\\/logo\\\/image\\\/\"},\"sameAs\":[\"https:\\\/\\\/www.facebook.com\\\/eltextual\",\"https:\\\/\\\/x.com\\\/eltextual\",\"http:\\\/\\\/www.instagram.com\\\/eltextual\"]},{\"@type\":\"Person\",\"@id\":\"https:\\\/\\\/diariotextual.com\\\/inicio\\\/#\\\/schema\\\/person\\\/418fc4093c33e86ed41562db3508f958\",\"name\":\"Diario1 Diario1\",\"image\":{\"@type\":\"ImageObject\",\"inLanguage\":\"es\",\"@id\":\"https:\\\/\\\/secure.gravatar.com\\\/avatar\\\/9167d280179c85bc18be67aa7eda765854300033af4896dd779b608640f2ef7a?s=96&d=mm&r=g\",\"url\":\"https:\\\/\\\/secure.gravatar.com\\\/avatar\\\/9167d280179c85bc18be67aa7eda765854300033af4896dd779b608640f2ef7a?s=96&d=mm&r=g\",\"contentUrl\":\"https:\\\/\\\/secure.gravatar.com\\\/avatar\\\/9167d280179c85bc18be67aa7eda765854300033af4896dd779b608640f2ef7a?s=96&d=mm&r=g\",\"caption\":\"Diario1 Diario1\"},\"url\":\"https:\\\/\\\/diariotextual.com\\\/inicio\\\/index.php\\\/author\\\/diario1\\\/\"}]}<\/script>\n<!-- \/ Yoast SEO plugin. -->","yoast_head_json":{"title":"En Casa de Gobierno no hay dudas: \u201cEl debate fue ampliamente favorable a Massa\u201d - Diario Textual","robots":{"index":"index","follow":"follow","max-snippet":"max-snippet:-1","max-image-preview":"max-image-preview:large","max-video-preview":"max-video-preview:-1"},"canonical":"https:\/\/diariotextual.com\/inicio\/index.php\/2023\/11\/13\/en-casa-de-gobierno-no-hay-dudas-el-debate-fue-ampliamente-favorable-a-massa\/","og_locale":"es_ES","og_type":"article","og_title":"En Casa de Gobierno no hay dudas: \u201cEl debate fue ampliamente favorable a Massa\u201d - Diario Textual","og_description":"En el Gabinete de Sergio Ziliotto no hay ninguna duda: el debate presidencial del domingo a la noche fue \u201campliamente favorable\u201d a Sergio Massa. Anoche, a siete d\u00edas del balotaje&hellip;","og_url":"https:\/\/diariotextual.com\/inicio\/index.php\/2023\/11\/13\/en-casa-de-gobierno-no-hay-dudas-el-debate-fue-ampliamente-favorable-a-massa\/","og_site_name":"Diario Textual","article_publisher":"https:\/\/www.facebook.com\/eltextual","article_published_time":"2023-11-13T12:58:06+00:00","article_modified_time":"2023-11-14T10:35:42+00:00","og_image":[{"width":1500,"height":999,"url":"https:\/\/diariotextual.com\/inicio\/wp-content\/uploads\/2023\/11\/massasergiodebatepresidencial2023-5.jpg","type":"image\/jpeg"}],"author":"Diario1 Diario1","twitter_card":"summary_large_image","twitter_creator":"@eltextual","twitter_site":"@eltextual","twitter_misc":{"Escrito por":"Diario1 Diario1","Tiempo de lectura":"6 minutos"},"schema":{"@context":"https:\/\/schema.org","@graph":[{"@type":"Article","@id":"https:\/\/diariotextual.com\/inicio\/index.php\/2023\/11\/13\/en-casa-de-gobierno-no-hay-dudas-el-debate-fue-ampliamente-favorable-a-massa\/#article","isPartOf":{"@id":"https:\/\/diariotextual.com\/inicio\/index.php\/2023\/11\/13\/en-casa-de-gobierno-no-hay-dudas-el-debate-fue-ampliamente-favorable-a-massa\/"},"author":{"name":"Diario1 Diario1","@id":"https:\/\/diariotextual.com\/inicio\/#\/schema\/person\/418fc4093c33e86ed41562db3508f958"},"headline":"En Casa de Gobierno no hay dudas: \u201cEl debate fue ampliamente favorable a Massa\u201d","datePublished":"2023-11-13T12:58:06+00:00","dateModified":"2023-11-14T10:35:42+00:00","mainEntityOfPage":{"@id":"https:\/\/diariotextual.com\/inicio\/index.php\/2023\/11\/13\/en-casa-de-gobierno-no-hay-dudas-el-debate-fue-ampliamente-favorable-a-massa\/"},"wordCount":1223,"publisher":{"@id":"https:\/\/diariotextual.com\/inicio\/#organization"},"image":{"@id":"https:\/\/diariotextual.com\/inicio\/index.php\/2023\/11\/13\/en-casa-de-gobierno-no-hay-dudas-el-debate-fue-ampliamente-favorable-a-massa\/#primaryimage"},"thumbnailUrl":"https:\/\/diariotextual.com\/inicio\/wp-content\/uploads\/2023\/11\/massasergiodebatepresidencial2023-5.jpg","articleSection":["A - QUE PASA (al costado)","POLITICA"],"inLanguage":"es"},{"@type":"WebPage","@id":"https:\/\/diariotextual.com\/inicio\/index.php\/2023\/11\/13\/en-casa-de-gobierno-no-hay-dudas-el-debate-fue-ampliamente-favorable-a-massa\/","url":"https:\/\/diariotextual.com\/inicio\/index.php\/2023\/11\/13\/en-casa-de-gobierno-no-hay-dudas-el-debate-fue-ampliamente-favorable-a-massa\/","name":"En Casa de Gobierno no hay dudas: \u201cEl debate fue ampliamente favorable a Massa\u201d - Diario Textual","isPartOf":{"@id":"https:\/\/diariotextual.com\/inicio\/#website"},"primaryImageOfPage":{"@id":"https:\/\/diariotextual.com\/inicio\/index.php\/2023\/11\/13\/en-casa-de-gobierno-no-hay-dudas-el-debate-fue-ampliamente-favorable-a-massa\/#primaryimage"},"image":{"@id":"https:\/\/diariotextual.com\/inicio\/index.php\/2023\/11\/13\/en-casa-de-gobierno-no-hay-dudas-el-debate-fue-ampliamente-favorable-a-massa\/#primaryimage"},"thumbnailUrl":"https:\/\/diariotextual.com\/inicio\/wp-content\/uploads\/2023\/11\/massasergiodebatepresidencial2023-5.jpg","datePublished":"2023-11-13T12:58:06+00:00","dateModified":"2023-11-14T10:35:42+00:00","breadcrumb":{"@id":"https:\/\/diariotextual.com\/inicio\/index.php\/2023\/11\/13\/en-casa-de-gobierno-no-hay-dudas-el-debate-fue-ampliamente-favorable-a-massa\/#breadcrumb"},"inLanguage":"es","potentialAction":[{"@type":"ReadAction","target":["https:\/\/diariotextual.com\/inicio\/index.php\/2023\/11\/13\/en-casa-de-gobierno-no-hay-dudas-el-debate-fue-ampliamente-favorable-a-massa\/"]}]},{"@type":"ImageObject","inLanguage":"es","@id":"https:\/\/diariotextual.com\/inicio\/index.php\/2023\/11\/13\/en-casa-de-gobierno-no-hay-dudas-el-debate-fue-ampliamente-favorable-a-massa\/#primaryimage","url":"https:\/\/diariotextual.com\/inicio\/wp-content\/uploads\/2023\/11\/massasergiodebatepresidencial2023-5.jpg","contentUrl":"https:\/\/diariotextual.com\/inicio\/wp-content\/uploads\/2023\/11\/massasergiodebatepresidencial2023-5.jpg","width":1500,"height":999},{"@type":"BreadcrumbList","@id":"https:\/\/diariotextual.com\/inicio\/index.php\/2023\/11\/13\/en-casa-de-gobierno-no-hay-dudas-el-debate-fue-ampliamente-favorable-a-massa\/#breadcrumb","itemListElement":[{"@type":"ListItem","position":1,"name":"Portada","item":"https:\/\/diariotextual.com\/inicio\/"},{"@type":"ListItem","position":2,"name":"En Casa de Gobierno no hay dudas: \u201cEl debate fue ampliamente favorable a Massa\u201d"}]},{"@type":"WebSite","@id":"https:\/\/diariotextual.com\/inicio\/#website","url":"https:\/\/diariotextual.com\/inicio\/","name":"Diario Textual","description":"","publisher":{"@id":"https:\/\/diariotextual.com\/inicio\/#organization"},"potentialAction":[{"@type":"SearchAction","target":{"@type":"EntryPoint","urlTemplate":"https:\/\/diariotextual.com\/inicio\/?s={search_term_string}"},"query-input":{"@type":"PropertyValueSpecification","valueRequired":true,"valueName":"search_term_string"}}],"inLanguage":"es"},{"@type":"Organization","@id":"https:\/\/diariotextual.com\/inicio\/#organization","name":"Diario Textual","url":"https:\/\/diariotextual.com\/inicio\/","logo":{"@type":"ImageObject","inLanguage":"es","@id":"https:\/\/diariotextual.com\/inicio\/#\/schema\/logo\/image\/","url":"https:\/\/diariotextual.com\/inicio\/wp-content\/uploads\/2023\/05\/logotextual1.jpg","contentUrl":"https:\/\/diariotextual.com\/inicio\/wp-content\/uploads\/2023\/05\/logotextual1.jpg","width":516,"height":76,"caption":"Diario Textual"},"image":{"@id":"https:\/\/diariotextual.com\/inicio\/#\/schema\/logo\/image\/"},"sameAs":["https:\/\/www.facebook.com\/eltextual","https:\/\/x.com\/eltextual","http:\/\/www.instagram.com\/eltextual"]},{"@type":"Person","@id":"https:\/\/diariotextual.com\/inicio\/#\/schema\/person\/418fc4093c33e86ed41562db3508f958","name":"Diario1 Diario1","image":{"@type":"ImageObject","inLanguage":"es","@id":"https:\/\/secure.gravatar.com\/avatar\/9167d280179c85bc18be67aa7eda765854300033af4896dd779b608640f2ef7a?s=96&d=mm&r=g","url":"https:\/\/secure.gravatar.com\/avatar\/9167d280179c85bc18be67aa7eda765854300033af4896dd779b608640f2ef7a?s=96&d=mm&r=g","contentUrl":"https:\/\/secure.gravatar.com\/avatar\/9167d280179c85bc18be67aa7eda765854300033af4896dd779b608640f2ef7a?s=96&d=mm&r=g","caption":"Diario1 Diario1"},"url":"https:\/\/diariotextual.com\/inicio\/index.php\/author\/diario1\/"}]}},"_links":{"self":[{"href":"https:\/\/diariotextual.com\/inicio\/index.php\/wp-json\/wp\/v2\/posts\/244143","targetHints":{"allow":["GET"]}}],"collection":[{"href":"https:\/\/diariotextual.com\/inicio\/index.php\/wp-json\/wp\/v2\/posts"}],"about":[{"href":"https:\/\/diariotextual.com\/inicio\/index.php\/wp-json\/wp\/v2\/types\/post"}],"author":[{"embeddable":true,"href":"https:\/\/diariotextual.com\/inicio\/index.php\/wp-json\/wp\/v2\/users\/3"}],"replies":[{"embeddable":true,"href":"https:\/\/diariotextual.com\/inicio\/index.php\/wp-json\/wp\/v2\/comments?post=244143"}],"version-history":[{"count":7,"href":"https:\/\/diariotextual.com\/inicio\/index.php\/wp-json\/wp\/v2\/posts\/244143\/revisions"}],"predecessor-version":[{"id":244153,"href":"https:\/\/diariotextual.com\/inicio\/index.php\/wp-json\/wp\/v2\/posts\/244143\/revisions\/244153"}],"wp:featuredmedia":[{"embeddable":true,"href":"https:\/\/diariotextual.com\/inicio\/index.php\/wp-json\/wp\/v2\/media\/244097"}],"wp:attachment":[{"href":"https:\/\/diariotextual.com\/inicio\/index.php\/wp-json\/wp\/v2\/media?parent=244143"}],"wp:term":[{"taxonomy":"category","embeddable":true,"href":"https:\/\/diariotextual.com\/inicio\/index.php\/wp-json\/wp\/v2\/categories?post=244143"},{"taxonomy":"post_tag","embeddable":true,"href":"https:\/\/diariotextual.com\/inicio\/index.php\/wp-json\/wp\/v2\/tags?post=244143"}],"curies":[{"name":"wp","href":"https:\/\/api.w.org\/{rel}","templated":true}]}}