{"id":244379,"date":"2023-11-15T11:00:55","date_gmt":"2023-11-15T14:00:55","guid":{"rendered":"https:\/\/diariotextual.com\/inicio\/?p=244379"},"modified":"2023-11-15T21:56:26","modified_gmt":"2023-11-16T00:56:26","slug":"el-falcon-pasa-la-semana-que-viene-amenazaron-al-presidente-de-la-juventud-radical","status":"publish","type":"post","link":"https:\/\/diariotextual.com\/inicio\/index.php\/2023\/11\/15\/el-falcon-pasa-la-semana-que-viene-amenazaron-al-presidente-de-la-juventud-radical\/","title":{"rendered":"\u201cEl Falcon pasa la semana que viene\u201d: amenazaron al presidente de la Juventud Radical"},"content":{"rendered":"\n<p>El presidente de la Juventud Radical, <strong>Agust\u00edn Rombol\u00e1<\/strong>, recibi\u00f3 una serie de amenazas de muerte\u00a0a trav\u00e9s de mensajes privados realizados por cuentas de usuarios asociados a La Libertad Avanza (LLA). <\/p>\n\n\n\n<figure class=\"wp-block-embed is-type-rich is-provider-twitter wp-block-embed-twitter\"><div class=\"wp-block-embed__wrapper\">\n<blockquote class=\"twitter-tweet\" data-width=\"550\" data-dnt=\"true\"><p lang=\"es\" dir=\"ltr\">Las primeras tres capturas son de mensajes a los que estoy tristemente acostumbrado.<br><br>Las fotos y videos amenazantes son un paso m\u00e1s en el camino de violencia y persecuci\u00f3n.<br><br>No me van a amedrentar.<br><br>Responsabilizo a <a href=\"https:\/\/twitter.com\/JMilei?ref_src=twsrc%5Etfw\">@JMilei<\/a> y a <a href=\"https:\/\/twitter.com\/VickyVillarruel?ref_src=twsrc%5Etfw\">@VickyVillarruel<\/a> por mi seguridad y la de los m\u00edos. <a href=\"https:\/\/t.co\/LR237C9fYj\">pic.twitter.com\/LR237C9fYj<\/a><\/p>&mdash; Agust\u00edn Rombol\u00e1 (@agustindrombola) <a href=\"https:\/\/twitter.com\/agustindrombola\/status\/1724616514018410681?ref_src=twsrc%5Etfw\">November 15, 2023<\/a><\/blockquote><script async src=\"https:\/\/platform.twitter.com\/widgets.js\" charset=\"utf-8\"><\/script>\n<\/div><\/figure>\n\n\n\n<p>As\u00ed lo denunci\u00f3 el propio dirigente, que public\u00f3 en sus redes sociales una de esas\u00a0intimidaciones, en la que fue fotografiado mientras ingresaba a su casa.\u00a0\u201cEl Falcon pasa la semana que viene\u201d, le escribieron.<\/p>\n\n\n\n<p>\u201cUna bala te hace falta bastardo\u201d, amenaz\u00f3 un usuario de la red X.\u00a0\u201cCon un fierro en la cabeza te agarrar\u00eda pendejo bastardo\u201d, dice otro. Todos incluyen alguna foto de Rombol\u00e1 tomada de sus redes sociales.<\/p>\n\n\n\n<p>Este tipo de hechos\u00a0\u201cson un paso m\u00e1s en el camino de violencia y persecuci\u00f3n\u201d, advirti\u00f3 Rombol\u00e1, al tiempo que\u00a0responsabiliz\u00f3 \u201ca Javier Milei y Victoria Villarruel\u201d\u00a0por su seguridad y la de sus allegados.<\/p>\n","protected":false},"excerpt":{"rendered":"<p>El presidente de la Juventud Radical, Agust\u00edn Rombol\u00e1, recibi\u00f3 una serie de amenazas de muerte\u00a0a trav\u00e9s de mensajes privados realizados por cuentas de usuarios asociados a La Libertad Avanza (LLA).&hellip;<\/p>\n","protected":false},"author":7,"featured_media":244382,"comment_status":"closed","ping_status":"open","sticky":false,"template":"","format":"standard","meta":{"_acf_changed":false,"footnotes":""},"categories":[1,11,8],"tags":[],"class_list":["post-244379","post","type-post","status-publish","format-standard","has-post-thumbnail","hentry","category-es-noticia","category-que-pasa","category-politica"],"acf":[],"yoast_head":"<!-- This site is optimized with the Yoast SEO plugin v27.4 - https:\/\/yoast.com\/product\/yoast-seo-wordpress\/ -->\n<title>\u201cEl Falcon pasa la semana que viene\u201d: amenazaron al presidente de la Juventud Radical - Diario Textual<\/title>\n<meta name=\"robots\" content=\"index, follow, max-snippet:-1, max-image-preview:large, max-video-preview:-1\" \/>\n<link rel=\"canonical\" href=\"https:\/\/diariotextual.com\/inicio\/index.php\/2023\/11\/15\/el-falcon-pasa-la-semana-que-viene-amenazaron-al-presidente-de-la-juventud-radical\/\" \/>\n<meta property=\"og:locale\" content=\"es_ES\" \/>\n<meta property=\"og:type\" content=\"article\" \/>\n<meta property=\"og:title\" content=\"\u201cEl Falcon pasa la semana que viene\u201d: amenazaron al presidente de la Juventud Radical - Diario Textual\" \/>\n<meta property=\"og:description\" content=\"El presidente de la Juventud Radical, Agust\u00edn Rombol\u00e1, recibi\u00f3 una serie de amenazas de muerte\u00a0a trav\u00e9s de mensajes privados realizados por cuentas de usuarios asociados a La Libertad Avanza (LLA).&hellip;\" \/>\n<meta property=\"og:url\" content=\"https:\/\/diariotextual.com\/inicio\/index.php\/2023\/11\/15\/el-falcon-pasa-la-semana-que-viene-amenazaron-al-presidente-de-la-juventud-radical\/\" \/>\n<meta property=\"og:site_name\" content=\"Diario Textual\" \/>\n<meta property=\"article:publisher\" content=\"https:\/\/www.facebook.com\/eltextual\" \/>\n<meta property=\"article:published_time\" content=\"2023-11-15T14:00:55+00:00\" \/>\n<meta property=\"article:modified_time\" content=\"2023-11-16T00:56:26+00:00\" \/>\n<meta property=\"og:image\" content=\"https:\/\/diariotextual.com\/inicio\/wp-content\/uploads\/2023\/11\/rombolaagustin.jpg\" \/>\n\t<meta property=\"og:image:width\" content=\"1200\" \/>\n\t<meta property=\"og:image:height\" content=\"675\" \/>\n\t<meta property=\"og:image:type\" content=\"image\/jpeg\" \/>\n<meta name=\"author\" content=\"diario5\" \/>\n<meta name=\"twitter:card\" content=\"summary_large_image\" \/>\n<meta name=\"twitter:creator\" content=\"@eltextual\" \/>\n<meta name=\"twitter:site\" content=\"@eltextual\" \/>\n<meta name=\"twitter:label1\" content=\"Escrito por\" \/>\n\t<meta name=\"twitter:data1\" content=\"diario5\" \/>\n\t<meta name=\"twitter:label2\" content=\"Tiempo de lectura\" \/>\n\t<meta name=\"twitter:data2\" content=\"1 minuto\" \/>\n<script type=\"application\/ld+json\" class=\"yoast-schema-graph\">{\"@context\":\"https:\\\/\\\/schema.org\",\"@graph\":[{\"@type\":\"Article\",\"@id\":\"https:\\\/\\\/diariotextual.com\\\/inicio\\\/index.php\\\/2023\\\/11\\\/15\\\/el-falcon-pasa-la-semana-que-viene-amenazaron-al-presidente-de-la-juventud-radical\\\/#article\",\"isPartOf\":{\"@id\":\"https:\\\/\\\/diariotextual.com\\\/inicio\\\/index.php\\\/2023\\\/11\\\/15\\\/el-falcon-pasa-la-semana-que-viene-amenazaron-al-presidente-de-la-juventud-radical\\\/\"},\"author\":{\"name\":\"diario5\",\"@id\":\"https:\\\/\\\/diariotextual.com\\\/inicio\\\/#\\\/schema\\\/person\\\/c7834961ad8b29b1d9cdbf4571299067\"},\"headline\":\"\u201cEl Falcon pasa la semana que viene\u201d: amenazaron al presidente de la Juventud Radical\",\"datePublished\":\"2023-11-15T14:00:55+00:00\",\"dateModified\":\"2023-11-16T00:56:26+00:00\",\"mainEntityOfPage\":{\"@id\":\"https:\\\/\\\/diariotextual.com\\\/inicio\\\/index.php\\\/2023\\\/11\\\/15\\\/el-falcon-pasa-la-semana-que-viene-amenazaron-al-presidente-de-la-juventud-radical\\\/\"},\"wordCount\":161,\"publisher\":{\"@id\":\"https:\\\/\\\/diariotextual.com\\\/inicio\\\/#organization\"},\"image\":{\"@id\":\"https:\\\/\\\/diariotextual.com\\\/inicio\\\/index.php\\\/2023\\\/11\\\/15\\\/el-falcon-pasa-la-semana-que-viene-amenazaron-al-presidente-de-la-juventud-radical\\\/#primaryimage\"},\"thumbnailUrl\":\"https:\\\/\\\/diariotextual.com\\\/inicio\\\/wp-content\\\/uploads\\\/2023\\\/11\\\/rombolaagustin.jpg\",\"articleSection\":[\"A - ES NOTICIA (van abajo)\",\"A - QUE PASA (al costado)\",\"POLITICA\"],\"inLanguage\":\"es\"},{\"@type\":\"WebPage\",\"@id\":\"https:\\\/\\\/diariotextual.com\\\/inicio\\\/index.php\\\/2023\\\/11\\\/15\\\/el-falcon-pasa-la-semana-que-viene-amenazaron-al-presidente-de-la-juventud-radical\\\/\",\"url\":\"https:\\\/\\\/diariotextual.com\\\/inicio\\\/index.php\\\/2023\\\/11\\\/15\\\/el-falcon-pasa-la-semana-que-viene-amenazaron-al-presidente-de-la-juventud-radical\\\/\",\"name\":\"\u201cEl Falcon pasa la semana que viene\u201d: amenazaron al presidente de la Juventud Radical - Diario Textual\",\"isPartOf\":{\"@id\":\"https:\\\/\\\/diariotextual.com\\\/inicio\\\/#website\"},\"primaryImageOfPage\":{\"@id\":\"https:\\\/\\\/diariotextual.com\\\/inicio\\\/index.php\\\/2023\\\/11\\\/15\\\/el-falcon-pasa-la-semana-que-viene-amenazaron-al-presidente-de-la-juventud-radical\\\/#primaryimage\"},\"image\":{\"@id\":\"https:\\\/\\\/diariotextual.com\\\/inicio\\\/index.php\\\/2023\\\/11\\\/15\\\/el-falcon-pasa-la-semana-que-viene-amenazaron-al-presidente-de-la-juventud-radical\\\/#primaryimage\"},\"thumbnailUrl\":\"https:\\\/\\\/diariotextual.com\\\/inicio\\\/wp-content\\\/uploads\\\/2023\\\/11\\\/rombolaagustin.jpg\",\"datePublished\":\"2023-11-15T14:00:55+00:00\",\"dateModified\":\"2023-11-16T00:56:26+00:00\",\"breadcrumb\":{\"@id\":\"https:\\\/\\\/diariotextual.com\\\/inicio\\\/index.php\\\/2023\\\/11\\\/15\\\/el-falcon-pasa-la-semana-que-viene-amenazaron-al-presidente-de-la-juventud-radical\\\/#breadcrumb\"},\"inLanguage\":\"es\",\"potentialAction\":[{\"@type\":\"ReadAction\",\"target\":[\"https:\\\/\\\/diariotextual.com\\\/inicio\\\/index.php\\\/2023\\\/11\\\/15\\\/el-falcon-pasa-la-semana-que-viene-amenazaron-al-presidente-de-la-juventud-radical\\\/\"]}]},{\"@type\":\"ImageObject\",\"inLanguage\":\"es\",\"@id\":\"https:\\\/\\\/diariotextual.com\\\/inicio\\\/index.php\\\/2023\\\/11\\\/15\\\/el-falcon-pasa-la-semana-que-viene-amenazaron-al-presidente-de-la-juventud-radical\\\/#primaryimage\",\"url\":\"https:\\\/\\\/diariotextual.com\\\/inicio\\\/wp-content\\\/uploads\\\/2023\\\/11\\\/rombolaagustin.jpg\",\"contentUrl\":\"https:\\\/\\\/diariotextual.com\\\/inicio\\\/wp-content\\\/uploads\\\/2023\\\/11\\\/rombolaagustin.jpg\",\"width\":1200,\"height\":675},{\"@type\":\"BreadcrumbList\",\"@id\":\"https:\\\/\\\/diariotextual.com\\\/inicio\\\/index.php\\\/2023\\\/11\\\/15\\\/el-falcon-pasa-la-semana-que-viene-amenazaron-al-presidente-de-la-juventud-radical\\\/#breadcrumb\",\"itemListElement\":[{\"@type\":\"ListItem\",\"position\":1,\"name\":\"Portada\",\"item\":\"https:\\\/\\\/diariotextual.com\\\/inicio\\\/\"},{\"@type\":\"ListItem\",\"position\":2,\"name\":\"\u201cEl Falcon pasa la semana que viene\u201d: amenazaron al presidente de la Juventud Radical\"}]},{\"@type\":\"WebSite\",\"@id\":\"https:\\\/\\\/diariotextual.com\\\/inicio\\\/#website\",\"url\":\"https:\\\/\\\/diariotextual.com\\\/inicio\\\/\",\"name\":\"Diario Textual\",\"description\":\"\",\"publisher\":{\"@id\":\"https:\\\/\\\/diariotextual.com\\\/inicio\\\/#organization\"},\"potentialAction\":[{\"@type\":\"SearchAction\",\"target\":{\"@type\":\"EntryPoint\",\"urlTemplate\":\"https:\\\/\\\/diariotextual.com\\\/inicio\\\/?s={search_term_string}\"},\"query-input\":{\"@type\":\"PropertyValueSpecification\",\"valueRequired\":true,\"valueName\":\"search_term_string\"}}],\"inLanguage\":\"es\"},{\"@type\":\"Organization\",\"@id\":\"https:\\\/\\\/diariotextual.com\\\/inicio\\\/#organization\",\"name\":\"Diario Textual\",\"url\":\"https:\\\/\\\/diariotextual.com\\\/inicio\\\/\",\"logo\":{\"@type\":\"ImageObject\",\"inLanguage\":\"es\",\"@id\":\"https:\\\/\\\/diariotextual.com\\\/inicio\\\/#\\\/schema\\\/logo\\\/image\\\/\",\"url\":\"https:\\\/\\\/diariotextual.com\\\/inicio\\\/wp-content\\\/uploads\\\/2023\\\/05\\\/logotextual1.jpg\",\"contentUrl\":\"https:\\\/\\\/diariotextual.com\\\/inicio\\\/wp-content\\\/uploads\\\/2023\\\/05\\\/logotextual1.jpg\",\"width\":516,\"height\":76,\"caption\":\"Diario Textual\"},\"image\":{\"@id\":\"https:\\\/\\\/diariotextual.com\\\/inicio\\\/#\\\/schema\\\/logo\\\/image\\\/\"},\"sameAs\":[\"https:\\\/\\\/www.facebook.com\\\/eltextual\",\"https:\\\/\\\/x.com\\\/eltextual\",\"http:\\\/\\\/www.instagram.com\\\/eltextual\"]},{\"@type\":\"Person\",\"@id\":\"https:\\\/\\\/diariotextual.com\\\/inicio\\\/#\\\/schema\\\/person\\\/c7834961ad8b29b1d9cdbf4571299067\",\"name\":\"diario5\",\"image\":{\"@type\":\"ImageObject\",\"inLanguage\":\"es\",\"@id\":\"https:\\\/\\\/secure.gravatar.com\\\/avatar\\\/948c893b847ca6df68216ead81b63f363408ec9b0f600fefc0641ce78613b111?s=96&d=mm&r=g\",\"url\":\"https:\\\/\\\/secure.gravatar.com\\\/avatar\\\/948c893b847ca6df68216ead81b63f363408ec9b0f600fefc0641ce78613b111?s=96&d=mm&r=g\",\"contentUrl\":\"https:\\\/\\\/secure.gravatar.com\\\/avatar\\\/948c893b847ca6df68216ead81b63f363408ec9b0f600fefc0641ce78613b111?s=96&d=mm&r=g\",\"caption\":\"diario5\"},\"url\":\"https:\\\/\\\/diariotextual.com\\\/inicio\\\/index.php\\\/author\\\/diario5\\\/\"}]}<\/script>\n<!-- \/ Yoast SEO plugin. -->","yoast_head_json":{"title":"\u201cEl Falcon pasa la semana que viene\u201d: amenazaron al presidente de la Juventud Radical - Diario Textual","robots":{"index":"index","follow":"follow","max-snippet":"max-snippet:-1","max-image-preview":"max-image-preview:large","max-video-preview":"max-video-preview:-1"},"canonical":"https:\/\/diariotextual.com\/inicio\/index.php\/2023\/11\/15\/el-falcon-pasa-la-semana-que-viene-amenazaron-al-presidente-de-la-juventud-radical\/","og_locale":"es_ES","og_type":"article","og_title":"\u201cEl Falcon pasa la semana que viene\u201d: amenazaron al presidente de la Juventud Radical - Diario Textual","og_description":"El presidente de la Juventud Radical, Agust\u00edn Rombol\u00e1, recibi\u00f3 una serie de amenazas de muerte\u00a0a trav\u00e9s de mensajes privados realizados por cuentas de usuarios asociados a La Libertad Avanza (LLA).&hellip;","og_url":"https:\/\/diariotextual.com\/inicio\/index.php\/2023\/11\/15\/el-falcon-pasa-la-semana-que-viene-amenazaron-al-presidente-de-la-juventud-radical\/","og_site_name":"Diario Textual","article_publisher":"https:\/\/www.facebook.com\/eltextual","article_published_time":"2023-11-15T14:00:55+00:00","article_modified_time":"2023-11-16T00:56:26+00:00","og_image":[{"width":1200,"height":675,"url":"https:\/\/diariotextual.com\/inicio\/wp-content\/uploads\/2023\/11\/rombolaagustin.jpg","type":"image\/jpeg"}],"author":"diario5","twitter_card":"summary_large_image","twitter_creator":"@eltextual","twitter_site":"@eltextual","twitter_misc":{"Escrito por":"diario5","Tiempo de lectura":"1 minuto"},"schema":{"@context":"https:\/\/schema.org","@graph":[{"@type":"Article","@id":"https:\/\/diariotextual.com\/inicio\/index.php\/2023\/11\/15\/el-falcon-pasa-la-semana-que-viene-amenazaron-al-presidente-de-la-juventud-radical\/#article","isPartOf":{"@id":"https:\/\/diariotextual.com\/inicio\/index.php\/2023\/11\/15\/el-falcon-pasa-la-semana-que-viene-amenazaron-al-presidente-de-la-juventud-radical\/"},"author":{"name":"diario5","@id":"https:\/\/diariotextual.com\/inicio\/#\/schema\/person\/c7834961ad8b29b1d9cdbf4571299067"},"headline":"\u201cEl Falcon pasa la semana que viene\u201d: amenazaron al presidente de la Juventud Radical","datePublished":"2023-11-15T14:00:55+00:00","dateModified":"2023-11-16T00:56:26+00:00","mainEntityOfPage":{"@id":"https:\/\/diariotextual.com\/inicio\/index.php\/2023\/11\/15\/el-falcon-pasa-la-semana-que-viene-amenazaron-al-presidente-de-la-juventud-radical\/"},"wordCount":161,"publisher":{"@id":"https:\/\/diariotextual.com\/inicio\/#organization"},"image":{"@id":"https:\/\/diariotextual.com\/inicio\/index.php\/2023\/11\/15\/el-falcon-pasa-la-semana-que-viene-amenazaron-al-presidente-de-la-juventud-radical\/#primaryimage"},"thumbnailUrl":"https:\/\/diariotextual.com\/inicio\/wp-content\/uploads\/2023\/11\/rombolaagustin.jpg","articleSection":["A - ES NOTICIA (van abajo)","A - QUE PASA (al costado)","POLITICA"],"inLanguage":"es"},{"@type":"WebPage","@id":"https:\/\/diariotextual.com\/inicio\/index.php\/2023\/11\/15\/el-falcon-pasa-la-semana-que-viene-amenazaron-al-presidente-de-la-juventud-radical\/","url":"https:\/\/diariotextual.com\/inicio\/index.php\/2023\/11\/15\/el-falcon-pasa-la-semana-que-viene-amenazaron-al-presidente-de-la-juventud-radical\/","name":"\u201cEl Falcon pasa la semana que viene\u201d: amenazaron al presidente de la Juventud Radical - Diario Textual","isPartOf":{"@id":"https:\/\/diariotextual.com\/inicio\/#website"},"primaryImageOfPage":{"@id":"https:\/\/diariotextual.com\/inicio\/index.php\/2023\/11\/15\/el-falcon-pasa-la-semana-que-viene-amenazaron-al-presidente-de-la-juventud-radical\/#primaryimage"},"image":{"@id":"https:\/\/diariotextual.com\/inicio\/index.php\/2023\/11\/15\/el-falcon-pasa-la-semana-que-viene-amenazaron-al-presidente-de-la-juventud-radical\/#primaryimage"},"thumbnailUrl":"https:\/\/diariotextual.com\/inicio\/wp-content\/uploads\/2023\/11\/rombolaagustin.jpg","datePublished":"2023-11-15T14:00:55+00:00","dateModified":"2023-11-16T00:56:26+00:00","breadcrumb":{"@id":"https:\/\/diariotextual.com\/inicio\/index.php\/2023\/11\/15\/el-falcon-pasa-la-semana-que-viene-amenazaron-al-presidente-de-la-juventud-radical\/#breadcrumb"},"inLanguage":"es","potentialAction":[{"@type":"ReadAction","target":["https:\/\/diariotextual.com\/inicio\/index.php\/2023\/11\/15\/el-falcon-pasa-la-semana-que-viene-amenazaron-al-presidente-de-la-juventud-radical\/"]}]},{"@type":"ImageObject","inLanguage":"es","@id":"https:\/\/diariotextual.com\/inicio\/index.php\/2023\/11\/15\/el-falcon-pasa-la-semana-que-viene-amenazaron-al-presidente-de-la-juventud-radical\/#primaryimage","url":"https:\/\/diariotextual.com\/inicio\/wp-content\/uploads\/2023\/11\/rombolaagustin.jpg","contentUrl":"https:\/\/diariotextual.com\/inicio\/wp-content\/uploads\/2023\/11\/rombolaagustin.jpg","width":1200,"height":675},{"@type":"BreadcrumbList","@id":"https:\/\/diariotextual.com\/inicio\/index.php\/2023\/11\/15\/el-falcon-pasa-la-semana-que-viene-amenazaron-al-presidente-de-la-juventud-radical\/#breadcrumb","itemListElement":[{"@type":"ListItem","position":1,"name":"Portada","item":"https:\/\/diariotextual.com\/inicio\/"},{"@type":"ListItem","position":2,"name":"\u201cEl Falcon pasa la semana que viene\u201d: amenazaron al presidente de la Juventud Radical"}]},{"@type":"WebSite","@id":"https:\/\/diariotextual.com\/inicio\/#website","url":"https:\/\/diariotextual.com\/inicio\/","name":"Diario Textual","description":"","publisher":{"@id":"https:\/\/diariotextual.com\/inicio\/#organization"},"potentialAction":[{"@type":"SearchAction","target":{"@type":"EntryPoint","urlTemplate":"https:\/\/diariotextual.com\/inicio\/?s={search_term_string}"},"query-input":{"@type":"PropertyValueSpecification","valueRequired":true,"valueName":"search_term_string"}}],"inLanguage":"es"},{"@type":"Organization","@id":"https:\/\/diariotextual.com\/inicio\/#organization","name":"Diario Textual","url":"https:\/\/diariotextual.com\/inicio\/","logo":{"@type":"ImageObject","inLanguage":"es","@id":"https:\/\/diariotextual.com\/inicio\/#\/schema\/logo\/image\/","url":"https:\/\/diariotextual.com\/inicio\/wp-content\/uploads\/2023\/05\/logotextual1.jpg","contentUrl":"https:\/\/diariotextual.com\/inicio\/wp-content\/uploads\/2023\/05\/logotextual1.jpg","width":516,"height":76,"caption":"Diario Textual"},"image":{"@id":"https:\/\/diariotextual.com\/inicio\/#\/schema\/logo\/image\/"},"sameAs":["https:\/\/www.facebook.com\/eltextual","https:\/\/x.com\/eltextual","http:\/\/www.instagram.com\/eltextual"]},{"@type":"Person","@id":"https:\/\/diariotextual.com\/inicio\/#\/schema\/person\/c7834961ad8b29b1d9cdbf4571299067","name":"diario5","image":{"@type":"ImageObject","inLanguage":"es","@id":"https:\/\/secure.gravatar.com\/avatar\/948c893b847ca6df68216ead81b63f363408ec9b0f600fefc0641ce78613b111?s=96&d=mm&r=g","url":"https:\/\/secure.gravatar.com\/avatar\/948c893b847ca6df68216ead81b63f363408ec9b0f600fefc0641ce78613b111?s=96&d=mm&r=g","contentUrl":"https:\/\/secure.gravatar.com\/avatar\/948c893b847ca6df68216ead81b63f363408ec9b0f600fefc0641ce78613b111?s=96&d=mm&r=g","caption":"diario5"},"url":"https:\/\/diariotextual.com\/inicio\/index.php\/author\/diario5\/"}]}},"_links":{"self":[{"href":"https:\/\/diariotextual.com\/inicio\/index.php\/wp-json\/wp\/v2\/posts\/244379","targetHints":{"allow":["GET"]}}],"collection":[{"href":"https:\/\/diariotextual.com\/inicio\/index.php\/wp-json\/wp\/v2\/posts"}],"about":[{"href":"https:\/\/diariotextual.com\/inicio\/index.php\/wp-json\/wp\/v2\/types\/post"}],"author":[{"embeddable":true,"href":"https:\/\/diariotextual.com\/inicio\/index.php\/wp-json\/wp\/v2\/users\/7"}],"replies":[{"embeddable":true,"href":"https:\/\/diariotextual.com\/inicio\/index.php\/wp-json\/wp\/v2\/comments?post=244379"}],"version-history":[{"count":3,"href":"https:\/\/diariotextual.com\/inicio\/index.php\/wp-json\/wp\/v2\/posts\/244379\/revisions"}],"predecessor-version":[{"id":244383,"href":"https:\/\/diariotextual.com\/inicio\/index.php\/wp-json\/wp\/v2\/posts\/244379\/revisions\/244383"}],"wp:featuredmedia":[{"embeddable":true,"href":"https:\/\/diariotextual.com\/inicio\/index.php\/wp-json\/wp\/v2\/media\/244382"}],"wp:attachment":[{"href":"https:\/\/diariotextual.com\/inicio\/index.php\/wp-json\/wp\/v2\/media?parent=244379"}],"wp:term":[{"taxonomy":"category","embeddable":true,"href":"https:\/\/diariotextual.com\/inicio\/index.php\/wp-json\/wp\/v2\/categories?post=244379"},{"taxonomy":"post_tag","embeddable":true,"href":"https:\/\/diariotextual.com\/inicio\/index.php\/wp-json\/wp\/v2\/tags?post=244379"}],"curies":[{"name":"wp","href":"https:\/\/api.w.org\/{rel}","templated":true}]}}