{"id":244389,"date":"2023-11-15T11:15:35","date_gmt":"2023-11-15T14:15:35","guid":{"rendered":"https:\/\/diariotextual.com\/inicio\/?p=244389"},"modified":"2023-11-15T17:09:50","modified_gmt":"2023-11-15T20:09:50","slug":"gallardo-en-arabia-saudita-todo-acordado-para-que-sea-el-nuevo-entrenador-del-al-ittihad","status":"publish","type":"post","link":"https:\/\/diariotextual.com\/inicio\/index.php\/2023\/11\/15\/gallardo-en-arabia-saudita-todo-acordado-para-que-sea-el-nuevo-entrenador-del-al-ittihad\/","title":{"rendered":"Gallardo en Arabia Saudita: todo acordado para que sea el nuevo entrenador del Al-Ittihad"},"content":{"rendered":"\n<p><strong>Marcelo Gallardo le puso fin a su descanso y volver\u00e1 a dirigir luego de aceptar el ofrecimiento de&nbsp;<\/strong><strong>Al-Ittihad de Arabia Sauidta, entidad en la que firmar\u00e1 su v\u00ednculo el fin de semana y en el que tendr\u00e1 a cargo un&nbsp;<\/strong>equipo&nbsp;<strong>plagado de estrellas.<\/strong><\/p>\n\n\n\n<p>Luego de varios d\u00edas de negociaciones, el ex entrenador de River&nbsp;finalmente&nbsp;<strong>dio su respuesta positiva al ofrecimiento \u00e1rabe y se espera que viaje este mismo fin de semana para estampar su firma en un contrato de 18 meses, con opci\u00f3n a prorrogarlo por 18 meses m\u00e1s, lo que dejar\u00e1 un per\u00edodo de tres a\u00f1os.<\/strong><\/p>\n\n\n\n<p>Con esto definido, resta saber&nbsp;<strong>qui\u00e9nes ser\u00e1n sus ayudantes&nbsp;<\/strong>en esta nueva aventura en el exterior, luego de haber comenzado su carrera en&nbsp;<strong>Nacional<\/strong>&nbsp;de Uruguay, previo a su exitoso paso por la entidad de N\u00fa\u00f1ez.<\/p>\n\n\n\n<p>En los \u00faltimos d\u00edas, el nombre del espa\u00f1ol&nbsp;<strong>Julen Lopetegui<\/strong>&nbsp;hab\u00eda surgido en paralelo al de Gallardo. Sin embargo, el ex t\u00e9cnico de&nbsp;<strong>Sevilla<\/strong>&nbsp;y&nbsp;<strong>Real Madrid<\/strong>&nbsp;de Espa\u00f1a finalmente se baj\u00f3 y el camino qued\u00f3 allanado para el argentino.<\/p>\n\n\n\n<p>Un detalle no menor&nbsp;<strong>es lo que concierne a los due\u00f1os de Al-Ittihad<\/strong>. Es que el famoso&nbsp;<strong>Fondo P\u00fablico de Inversi\u00f3n<\/strong>&nbsp;-principal fondo soberano de Arabia Saudita- es el que maneja el club&nbsp;<strong>y adem\u00e1s tiene intereses con acciones en Chelsea y Newcastle.&nbsp;<\/strong>De esta manera, el desembarco de Gallardo en Al-Ittihad<strong>&nbsp;podr\u00eda ser la primera escala del camino&nbsp;<\/strong><strong>hacia Europa, con la Premier League en el horizonte<\/strong>.<\/p>\n\n\n\n<p>El flamante entrenador, que&nbsp;no dirige desde fines de 2022 cuando cerr\u00f3 su ciclo en River, acept\u00f3 la<strong>&nbsp;irresistible oferta del conjunto \u00e1rabe para volver a ponerse el buzo de DT y&nbsp;<\/strong>deber\u00e1 conducir<strong>&nbsp;a varias estrellas, con Karim Benzema como el m\u00e1s destacado, adem\u00e1s&nbsp;<\/strong>jugar\u00e1 el Mundial de Clubes a fin de a\u00f1o y adem\u00e1s deber\u00e1 afrontar varios desaf\u00edos deportivos en el continente.<\/p>\n\n\n\n<p>Adem\u00e1s del delantero franc\u00e9s, ex goleador del Real Madrid, quien<strong>&nbsp;<\/strong>lleg\u00f3 a mediados de a\u00f1o como la gran sorpresa del mercado de pases, hay varios futbolistas de \u00e9lite en el plantel de los Tigres: est\u00e1&nbsp;<strong>N&#8217;Golo Kant\u00e9<\/strong>, mediocampista de 32 a\u00f1os campe\u00f3n del mundo con Francia en 2018 y ex jugador de Chelsea,&nbsp;<strong>Fabinho<\/strong>, mediocampista brasile\u00f1o de 30 a\u00f1os que lleg\u00f3 procedente de Liverpool.<\/p>\n\n\n\n<p>Asimismo, hay otros jugadores de menos nombre pero buen nivel como&nbsp;<strong>Marcelo Grohe, arquero brasile\u00f1o de 36 a\u00f1os que jug\u00f3 en Gremio<\/strong>&nbsp;hasta 2019 y fue campe\u00f3n de Am\u00e9rica en 2017;<strong>&nbsp;Luiz Felipe, zaguero de 26 a\u00f1os y compatriota de Grohe<\/strong>&nbsp;quien se sum\u00f3 a mediados de a\u00f1o tras pasar por Lazio y Betis;&nbsp;<strong>y Romarinho, delantero de 32 a\u00f1os quien fue campe\u00f3n de la Libertadores en 2012<\/strong>&nbsp;ante Boca con Corinthians.<\/p>\n\n\n\n<p>En el plano local,&nbsp;<strong>el Al-Ittihad est\u00e1 disputando el torneo en el que lleva jugados 13 partidos<\/strong>. En la tabla&nbsp;<strong>se encuentra quinto con 24 puntos<\/strong>&nbsp;producto de siete victorias, tres empates y tres derrotas. En paralelo&nbsp;<strong>est\u00e1 disputando la Champions de Asia en la que integra el grupo C junto a Sepahan FC, OKMK Olmaliq y Al-Quwa Al-Jawiya y es l\u00edder con nueve puntos a falta de dos jornadas.<\/strong><\/p>\n\n\n\n<p>Por otra parte, e<strong>l elenco \u00e1rabe lleg\u00f3 a la m\u00e1xima competencia de clubes por haber sido campe\u00f3n de la Liga Profesional de su pa\u00eds.<\/strong>&nbsp;Si bien el certamen lo disputan los que se coronan a nivel continental, Arabia Saudita logr\u00f3 una plaza por ser el pa\u00eds organizador.<\/p>\n\n\n\n<p>Sin embargo,&nbsp;<strong>en el torneo arrancar\u00e1 desde atr\u00e1s: jugar\u00e1 la primera ronda ante el Auckland City<\/strong>&nbsp;de Australia.&nbsp;<strong>En caso de que pase, en la instancia siguiente el rival ser\u00e1 Al Ahly FC&nbsp;<\/strong>y reci\u00e9n&nbsp;<strong>podr\u00eda llegar a chocar en semis con Fluminense<\/strong>, que se qued\u00f3 con la Copa Libertadores ante Boca.<\/p>\n","protected":false},"excerpt":{"rendered":"<p>Marcelo Gallardo le puso fin a su descanso y volver\u00e1 a dirigir luego de aceptar el ofrecimiento de&nbsp;Al-Ittihad de Arabia Sauidta, entidad en la que firmar\u00e1 su v\u00ednculo el fin&hellip;<\/p>\n","protected":false},"author":3,"featured_media":146164,"comment_status":"closed","ping_status":"open","sticky":false,"template":"","format":"standard","meta":{"_acf_changed":false,"footnotes":""},"categories":[1,3],"tags":[],"class_list":["post-244389","post","type-post","status-publish","format-standard","has-post-thumbnail","hentry","category-es-noticia","category-deportes"],"acf":[],"yoast_head":"<!-- This site is optimized with the Yoast SEO plugin v27.5 - https:\/\/yoast.com\/product\/yoast-seo-wordpress\/ -->\n<title>Gallardo en Arabia Saudita: todo acordado para que sea el nuevo entrenador del Al-Ittihad - Diario Textual<\/title>\n<meta name=\"robots\" content=\"index, follow, max-snippet:-1, max-image-preview:large, max-video-preview:-1\" \/>\n<link rel=\"canonical\" href=\"https:\/\/diariotextual.com\/inicio\/index.php\/2023\/11\/15\/gallardo-en-arabia-saudita-todo-acordado-para-que-sea-el-nuevo-entrenador-del-al-ittihad\/\" \/>\n<meta property=\"og:locale\" content=\"es_ES\" \/>\n<meta property=\"og:type\" content=\"article\" \/>\n<meta property=\"og:title\" content=\"Gallardo en Arabia Saudita: todo acordado para que sea el nuevo entrenador del Al-Ittihad - Diario Textual\" \/>\n<meta property=\"og:description\" content=\"Marcelo Gallardo le puso fin a su descanso y volver\u00e1 a dirigir luego de aceptar el ofrecimiento de&nbsp;Al-Ittihad de Arabia Sauidta, entidad en la que firmar\u00e1 su v\u00ednculo el fin&hellip;\" \/>\n<meta property=\"og:url\" content=\"https:\/\/diariotextual.com\/inicio\/index.php\/2023\/11\/15\/gallardo-en-arabia-saudita-todo-acordado-para-que-sea-el-nuevo-entrenador-del-al-ittihad\/\" \/>\n<meta property=\"og:site_name\" content=\"Diario Textual\" \/>\n<meta property=\"article:publisher\" content=\"https:\/\/www.facebook.com\/eltextual\" \/>\n<meta property=\"article:published_time\" content=\"2023-11-15T14:15:35+00:00\" \/>\n<meta property=\"article:modified_time\" content=\"2023-11-15T20:09:50+00:00\" \/>\n<meta property=\"og:image\" content=\"https:\/\/diariotextual.com\/inicio\/wp-content\/uploads\/2021\/05\/gallardomarcelotelam0009.jpg\" \/>\n\t<meta property=\"og:image:width\" content=\"1004\" \/>\n\t<meta property=\"og:image:height\" content=\"565\" \/>\n\t<meta property=\"og:image:type\" content=\"image\/jpeg\" \/>\n<meta name=\"author\" content=\"Diario1 Diario1\" \/>\n<meta name=\"twitter:card\" content=\"summary_large_image\" \/>\n<meta name=\"twitter:creator\" content=\"@eltextual\" \/>\n<meta name=\"twitter:site\" content=\"@eltextual\" \/>\n<meta name=\"twitter:label1\" content=\"Escrito por\" \/>\n\t<meta name=\"twitter:data1\" content=\"Diario1 Diario1\" \/>\n\t<meta name=\"twitter:label2\" content=\"Tiempo de lectura\" \/>\n\t<meta name=\"twitter:data2\" content=\"3 minutos\" \/>\n<script type=\"application\/ld+json\" class=\"yoast-schema-graph\">{\"@context\":\"https:\\\/\\\/schema.org\",\"@graph\":[{\"@type\":\"Article\",\"@id\":\"https:\\\/\\\/diariotextual.com\\\/inicio\\\/index.php\\\/2023\\\/11\\\/15\\\/gallardo-en-arabia-saudita-todo-acordado-para-que-sea-el-nuevo-entrenador-del-al-ittihad\\\/#article\",\"isPartOf\":{\"@id\":\"https:\\\/\\\/diariotextual.com\\\/inicio\\\/index.php\\\/2023\\\/11\\\/15\\\/gallardo-en-arabia-saudita-todo-acordado-para-que-sea-el-nuevo-entrenador-del-al-ittihad\\\/\"},\"author\":{\"name\":\"Diario1 Diario1\",\"@id\":\"https:\\\/\\\/diariotextual.com\\\/inicio\\\/#\\\/schema\\\/person\\\/418fc4093c33e86ed41562db3508f958\"},\"headline\":\"Gallardo en Arabia Saudita: todo acordado para que sea el nuevo entrenador del Al-Ittihad\",\"datePublished\":\"2023-11-15T14:15:35+00:00\",\"dateModified\":\"2023-11-15T20:09:50+00:00\",\"mainEntityOfPage\":{\"@id\":\"https:\\\/\\\/diariotextual.com\\\/inicio\\\/index.php\\\/2023\\\/11\\\/15\\\/gallardo-en-arabia-saudita-todo-acordado-para-que-sea-el-nuevo-entrenador-del-al-ittihad\\\/\"},\"wordCount\":706,\"publisher\":{\"@id\":\"https:\\\/\\\/diariotextual.com\\\/inicio\\\/#organization\"},\"image\":{\"@id\":\"https:\\\/\\\/diariotextual.com\\\/inicio\\\/index.php\\\/2023\\\/11\\\/15\\\/gallardo-en-arabia-saudita-todo-acordado-para-que-sea-el-nuevo-entrenador-del-al-ittihad\\\/#primaryimage\"},\"thumbnailUrl\":\"https:\\\/\\\/diariotextual.com\\\/inicio\\\/wp-content\\\/uploads\\\/2021\\\/05\\\/gallardomarcelotelam0009.jpg\",\"articleSection\":[\"A - ES NOTICIA (van abajo)\",\"DEPORTES\"],\"inLanguage\":\"es\"},{\"@type\":\"WebPage\",\"@id\":\"https:\\\/\\\/diariotextual.com\\\/inicio\\\/index.php\\\/2023\\\/11\\\/15\\\/gallardo-en-arabia-saudita-todo-acordado-para-que-sea-el-nuevo-entrenador-del-al-ittihad\\\/\",\"url\":\"https:\\\/\\\/diariotextual.com\\\/inicio\\\/index.php\\\/2023\\\/11\\\/15\\\/gallardo-en-arabia-saudita-todo-acordado-para-que-sea-el-nuevo-entrenador-del-al-ittihad\\\/\",\"name\":\"Gallardo en Arabia Saudita: todo acordado para que sea el nuevo entrenador del Al-Ittihad - Diario Textual\",\"isPartOf\":{\"@id\":\"https:\\\/\\\/diariotextual.com\\\/inicio\\\/#website\"},\"primaryImageOfPage\":{\"@id\":\"https:\\\/\\\/diariotextual.com\\\/inicio\\\/index.php\\\/2023\\\/11\\\/15\\\/gallardo-en-arabia-saudita-todo-acordado-para-que-sea-el-nuevo-entrenador-del-al-ittihad\\\/#primaryimage\"},\"image\":{\"@id\":\"https:\\\/\\\/diariotextual.com\\\/inicio\\\/index.php\\\/2023\\\/11\\\/15\\\/gallardo-en-arabia-saudita-todo-acordado-para-que-sea-el-nuevo-entrenador-del-al-ittihad\\\/#primaryimage\"},\"thumbnailUrl\":\"https:\\\/\\\/diariotextual.com\\\/inicio\\\/wp-content\\\/uploads\\\/2021\\\/05\\\/gallardomarcelotelam0009.jpg\",\"datePublished\":\"2023-11-15T14:15:35+00:00\",\"dateModified\":\"2023-11-15T20:09:50+00:00\",\"breadcrumb\":{\"@id\":\"https:\\\/\\\/diariotextual.com\\\/inicio\\\/index.php\\\/2023\\\/11\\\/15\\\/gallardo-en-arabia-saudita-todo-acordado-para-que-sea-el-nuevo-entrenador-del-al-ittihad\\\/#breadcrumb\"},\"inLanguage\":\"es\",\"potentialAction\":[{\"@type\":\"ReadAction\",\"target\":[\"https:\\\/\\\/diariotextual.com\\\/inicio\\\/index.php\\\/2023\\\/11\\\/15\\\/gallardo-en-arabia-saudita-todo-acordado-para-que-sea-el-nuevo-entrenador-del-al-ittihad\\\/\"]}]},{\"@type\":\"ImageObject\",\"inLanguage\":\"es\",\"@id\":\"https:\\\/\\\/diariotextual.com\\\/inicio\\\/index.php\\\/2023\\\/11\\\/15\\\/gallardo-en-arabia-saudita-todo-acordado-para-que-sea-el-nuevo-entrenador-del-al-ittihad\\\/#primaryimage\",\"url\":\"https:\\\/\\\/diariotextual.com\\\/inicio\\\/wp-content\\\/uploads\\\/2021\\\/05\\\/gallardomarcelotelam0009.jpg\",\"contentUrl\":\"https:\\\/\\\/diariotextual.com\\\/inicio\\\/wp-content\\\/uploads\\\/2021\\\/05\\\/gallardomarcelotelam0009.jpg\",\"width\":1004,\"height\":565},{\"@type\":\"BreadcrumbList\",\"@id\":\"https:\\\/\\\/diariotextual.com\\\/inicio\\\/index.php\\\/2023\\\/11\\\/15\\\/gallardo-en-arabia-saudita-todo-acordado-para-que-sea-el-nuevo-entrenador-del-al-ittihad\\\/#breadcrumb\",\"itemListElement\":[{\"@type\":\"ListItem\",\"position\":1,\"name\":\"Portada\",\"item\":\"https:\\\/\\\/diariotextual.com\\\/inicio\\\/\"},{\"@type\":\"ListItem\",\"position\":2,\"name\":\"Gallardo en Arabia Saudita: todo acordado para que sea el nuevo entrenador del Al-Ittihad\"}]},{\"@type\":\"WebSite\",\"@id\":\"https:\\\/\\\/diariotextual.com\\\/inicio\\\/#website\",\"url\":\"https:\\\/\\\/diariotextual.com\\\/inicio\\\/\",\"name\":\"Diario Textual\",\"description\":\"\",\"publisher\":{\"@id\":\"https:\\\/\\\/diariotextual.com\\\/inicio\\\/#organization\"},\"potentialAction\":[{\"@type\":\"SearchAction\",\"target\":{\"@type\":\"EntryPoint\",\"urlTemplate\":\"https:\\\/\\\/diariotextual.com\\\/inicio\\\/?s={search_term_string}\"},\"query-input\":{\"@type\":\"PropertyValueSpecification\",\"valueRequired\":true,\"valueName\":\"search_term_string\"}}],\"inLanguage\":\"es\"},{\"@type\":\"Organization\",\"@id\":\"https:\\\/\\\/diariotextual.com\\\/inicio\\\/#organization\",\"name\":\"Diario Textual\",\"url\":\"https:\\\/\\\/diariotextual.com\\\/inicio\\\/\",\"logo\":{\"@type\":\"ImageObject\",\"inLanguage\":\"es\",\"@id\":\"https:\\\/\\\/diariotextual.com\\\/inicio\\\/#\\\/schema\\\/logo\\\/image\\\/\",\"url\":\"https:\\\/\\\/diariotextual.com\\\/inicio\\\/wp-content\\\/uploads\\\/2023\\\/05\\\/logotextual1.jpg\",\"contentUrl\":\"https:\\\/\\\/diariotextual.com\\\/inicio\\\/wp-content\\\/uploads\\\/2023\\\/05\\\/logotextual1.jpg\",\"width\":516,\"height\":76,\"caption\":\"Diario Textual\"},\"image\":{\"@id\":\"https:\\\/\\\/diariotextual.com\\\/inicio\\\/#\\\/schema\\\/logo\\\/image\\\/\"},\"sameAs\":[\"https:\\\/\\\/www.facebook.com\\\/eltextual\",\"https:\\\/\\\/x.com\\\/eltextual\",\"http:\\\/\\\/www.instagram.com\\\/eltextual\"]},{\"@type\":\"Person\",\"@id\":\"https:\\\/\\\/diariotextual.com\\\/inicio\\\/#\\\/schema\\\/person\\\/418fc4093c33e86ed41562db3508f958\",\"name\":\"Diario1 Diario1\",\"image\":{\"@type\":\"ImageObject\",\"inLanguage\":\"es\",\"@id\":\"https:\\\/\\\/secure.gravatar.com\\\/avatar\\\/9167d280179c85bc18be67aa7eda765854300033af4896dd779b608640f2ef7a?s=96&d=mm&r=g\",\"url\":\"https:\\\/\\\/secure.gravatar.com\\\/avatar\\\/9167d280179c85bc18be67aa7eda765854300033af4896dd779b608640f2ef7a?s=96&d=mm&r=g\",\"contentUrl\":\"https:\\\/\\\/secure.gravatar.com\\\/avatar\\\/9167d280179c85bc18be67aa7eda765854300033af4896dd779b608640f2ef7a?s=96&d=mm&r=g\",\"caption\":\"Diario1 Diario1\"},\"url\":\"https:\\\/\\\/diariotextual.com\\\/inicio\\\/index.php\\\/author\\\/diario1\\\/\"}]}<\/script>\n<!-- \/ Yoast SEO plugin. -->","yoast_head_json":{"title":"Gallardo en Arabia Saudita: todo acordado para que sea el nuevo entrenador del Al-Ittihad - Diario Textual","robots":{"index":"index","follow":"follow","max-snippet":"max-snippet:-1","max-image-preview":"max-image-preview:large","max-video-preview":"max-video-preview:-1"},"canonical":"https:\/\/diariotextual.com\/inicio\/index.php\/2023\/11\/15\/gallardo-en-arabia-saudita-todo-acordado-para-que-sea-el-nuevo-entrenador-del-al-ittihad\/","og_locale":"es_ES","og_type":"article","og_title":"Gallardo en Arabia Saudita: todo acordado para que sea el nuevo entrenador del Al-Ittihad - Diario Textual","og_description":"Marcelo Gallardo le puso fin a su descanso y volver\u00e1 a dirigir luego de aceptar el ofrecimiento de&nbsp;Al-Ittihad de Arabia Sauidta, entidad en la que firmar\u00e1 su v\u00ednculo el fin&hellip;","og_url":"https:\/\/diariotextual.com\/inicio\/index.php\/2023\/11\/15\/gallardo-en-arabia-saudita-todo-acordado-para-que-sea-el-nuevo-entrenador-del-al-ittihad\/","og_site_name":"Diario Textual","article_publisher":"https:\/\/www.facebook.com\/eltextual","article_published_time":"2023-11-15T14:15:35+00:00","article_modified_time":"2023-11-15T20:09:50+00:00","og_image":[{"width":1004,"height":565,"url":"https:\/\/diariotextual.com\/inicio\/wp-content\/uploads\/2021\/05\/gallardomarcelotelam0009.jpg","type":"image\/jpeg"}],"author":"Diario1 Diario1","twitter_card":"summary_large_image","twitter_creator":"@eltextual","twitter_site":"@eltextual","twitter_misc":{"Escrito por":"Diario1 Diario1","Tiempo de lectura":"3 minutos"},"schema":{"@context":"https:\/\/schema.org","@graph":[{"@type":"Article","@id":"https:\/\/diariotextual.com\/inicio\/index.php\/2023\/11\/15\/gallardo-en-arabia-saudita-todo-acordado-para-que-sea-el-nuevo-entrenador-del-al-ittihad\/#article","isPartOf":{"@id":"https:\/\/diariotextual.com\/inicio\/index.php\/2023\/11\/15\/gallardo-en-arabia-saudita-todo-acordado-para-que-sea-el-nuevo-entrenador-del-al-ittihad\/"},"author":{"name":"Diario1 Diario1","@id":"https:\/\/diariotextual.com\/inicio\/#\/schema\/person\/418fc4093c33e86ed41562db3508f958"},"headline":"Gallardo en Arabia Saudita: todo acordado para que sea el nuevo entrenador del Al-Ittihad","datePublished":"2023-11-15T14:15:35+00:00","dateModified":"2023-11-15T20:09:50+00:00","mainEntityOfPage":{"@id":"https:\/\/diariotextual.com\/inicio\/index.php\/2023\/11\/15\/gallardo-en-arabia-saudita-todo-acordado-para-que-sea-el-nuevo-entrenador-del-al-ittihad\/"},"wordCount":706,"publisher":{"@id":"https:\/\/diariotextual.com\/inicio\/#organization"},"image":{"@id":"https:\/\/diariotextual.com\/inicio\/index.php\/2023\/11\/15\/gallardo-en-arabia-saudita-todo-acordado-para-que-sea-el-nuevo-entrenador-del-al-ittihad\/#primaryimage"},"thumbnailUrl":"https:\/\/diariotextual.com\/inicio\/wp-content\/uploads\/2021\/05\/gallardomarcelotelam0009.jpg","articleSection":["A - ES NOTICIA (van abajo)","DEPORTES"],"inLanguage":"es"},{"@type":"WebPage","@id":"https:\/\/diariotextual.com\/inicio\/index.php\/2023\/11\/15\/gallardo-en-arabia-saudita-todo-acordado-para-que-sea-el-nuevo-entrenador-del-al-ittihad\/","url":"https:\/\/diariotextual.com\/inicio\/index.php\/2023\/11\/15\/gallardo-en-arabia-saudita-todo-acordado-para-que-sea-el-nuevo-entrenador-del-al-ittihad\/","name":"Gallardo en Arabia Saudita: todo acordado para que sea el nuevo entrenador del Al-Ittihad - Diario Textual","isPartOf":{"@id":"https:\/\/diariotextual.com\/inicio\/#website"},"primaryImageOfPage":{"@id":"https:\/\/diariotextual.com\/inicio\/index.php\/2023\/11\/15\/gallardo-en-arabia-saudita-todo-acordado-para-que-sea-el-nuevo-entrenador-del-al-ittihad\/#primaryimage"},"image":{"@id":"https:\/\/diariotextual.com\/inicio\/index.php\/2023\/11\/15\/gallardo-en-arabia-saudita-todo-acordado-para-que-sea-el-nuevo-entrenador-del-al-ittihad\/#primaryimage"},"thumbnailUrl":"https:\/\/diariotextual.com\/inicio\/wp-content\/uploads\/2021\/05\/gallardomarcelotelam0009.jpg","datePublished":"2023-11-15T14:15:35+00:00","dateModified":"2023-11-15T20:09:50+00:00","breadcrumb":{"@id":"https:\/\/diariotextual.com\/inicio\/index.php\/2023\/11\/15\/gallardo-en-arabia-saudita-todo-acordado-para-que-sea-el-nuevo-entrenador-del-al-ittihad\/#breadcrumb"},"inLanguage":"es","potentialAction":[{"@type":"ReadAction","target":["https:\/\/diariotextual.com\/inicio\/index.php\/2023\/11\/15\/gallardo-en-arabia-saudita-todo-acordado-para-que-sea-el-nuevo-entrenador-del-al-ittihad\/"]}]},{"@type":"ImageObject","inLanguage":"es","@id":"https:\/\/diariotextual.com\/inicio\/index.php\/2023\/11\/15\/gallardo-en-arabia-saudita-todo-acordado-para-que-sea-el-nuevo-entrenador-del-al-ittihad\/#primaryimage","url":"https:\/\/diariotextual.com\/inicio\/wp-content\/uploads\/2021\/05\/gallardomarcelotelam0009.jpg","contentUrl":"https:\/\/diariotextual.com\/inicio\/wp-content\/uploads\/2021\/05\/gallardomarcelotelam0009.jpg","width":1004,"height":565},{"@type":"BreadcrumbList","@id":"https:\/\/diariotextual.com\/inicio\/index.php\/2023\/11\/15\/gallardo-en-arabia-saudita-todo-acordado-para-que-sea-el-nuevo-entrenador-del-al-ittihad\/#breadcrumb","itemListElement":[{"@type":"ListItem","position":1,"name":"Portada","item":"https:\/\/diariotextual.com\/inicio\/"},{"@type":"ListItem","position":2,"name":"Gallardo en Arabia Saudita: todo acordado para que sea el nuevo entrenador del Al-Ittihad"}]},{"@type":"WebSite","@id":"https:\/\/diariotextual.com\/inicio\/#website","url":"https:\/\/diariotextual.com\/inicio\/","name":"Diario Textual","description":"","publisher":{"@id":"https:\/\/diariotextual.com\/inicio\/#organization"},"potentialAction":[{"@type":"SearchAction","target":{"@type":"EntryPoint","urlTemplate":"https:\/\/diariotextual.com\/inicio\/?s={search_term_string}"},"query-input":{"@type":"PropertyValueSpecification","valueRequired":true,"valueName":"search_term_string"}}],"inLanguage":"es"},{"@type":"Organization","@id":"https:\/\/diariotextual.com\/inicio\/#organization","name":"Diario Textual","url":"https:\/\/diariotextual.com\/inicio\/","logo":{"@type":"ImageObject","inLanguage":"es","@id":"https:\/\/diariotextual.com\/inicio\/#\/schema\/logo\/image\/","url":"https:\/\/diariotextual.com\/inicio\/wp-content\/uploads\/2023\/05\/logotextual1.jpg","contentUrl":"https:\/\/diariotextual.com\/inicio\/wp-content\/uploads\/2023\/05\/logotextual1.jpg","width":516,"height":76,"caption":"Diario Textual"},"image":{"@id":"https:\/\/diariotextual.com\/inicio\/#\/schema\/logo\/image\/"},"sameAs":["https:\/\/www.facebook.com\/eltextual","https:\/\/x.com\/eltextual","http:\/\/www.instagram.com\/eltextual"]},{"@type":"Person","@id":"https:\/\/diariotextual.com\/inicio\/#\/schema\/person\/418fc4093c33e86ed41562db3508f958","name":"Diario1 Diario1","image":{"@type":"ImageObject","inLanguage":"es","@id":"https:\/\/secure.gravatar.com\/avatar\/9167d280179c85bc18be67aa7eda765854300033af4896dd779b608640f2ef7a?s=96&d=mm&r=g","url":"https:\/\/secure.gravatar.com\/avatar\/9167d280179c85bc18be67aa7eda765854300033af4896dd779b608640f2ef7a?s=96&d=mm&r=g","contentUrl":"https:\/\/secure.gravatar.com\/avatar\/9167d280179c85bc18be67aa7eda765854300033af4896dd779b608640f2ef7a?s=96&d=mm&r=g","caption":"Diario1 Diario1"},"url":"https:\/\/diariotextual.com\/inicio\/index.php\/author\/diario1\/"}]}},"_links":{"self":[{"href":"https:\/\/diariotextual.com\/inicio\/index.php\/wp-json\/wp\/v2\/posts\/244389","targetHints":{"allow":["GET"]}}],"collection":[{"href":"https:\/\/diariotextual.com\/inicio\/index.php\/wp-json\/wp\/v2\/posts"}],"about":[{"href":"https:\/\/diariotextual.com\/inicio\/index.php\/wp-json\/wp\/v2\/types\/post"}],"author":[{"embeddable":true,"href":"https:\/\/diariotextual.com\/inicio\/index.php\/wp-json\/wp\/v2\/users\/3"}],"replies":[{"embeddable":true,"href":"https:\/\/diariotextual.com\/inicio\/index.php\/wp-json\/wp\/v2\/comments?post=244389"}],"version-history":[{"count":1,"href":"https:\/\/diariotextual.com\/inicio\/index.php\/wp-json\/wp\/v2\/posts\/244389\/revisions"}],"predecessor-version":[{"id":244390,"href":"https:\/\/diariotextual.com\/inicio\/index.php\/wp-json\/wp\/v2\/posts\/244389\/revisions\/244390"}],"wp:featuredmedia":[{"embeddable":true,"href":"https:\/\/diariotextual.com\/inicio\/index.php\/wp-json\/wp\/v2\/media\/146164"}],"wp:attachment":[{"href":"https:\/\/diariotextual.com\/inicio\/index.php\/wp-json\/wp\/v2\/media?parent=244389"}],"wp:term":[{"taxonomy":"category","embeddable":true,"href":"https:\/\/diariotextual.com\/inicio\/index.php\/wp-json\/wp\/v2\/categories?post=244389"},{"taxonomy":"post_tag","embeddable":true,"href":"https:\/\/diariotextual.com\/inicio\/index.php\/wp-json\/wp\/v2\/tags?post=244389"}],"curies":[{"name":"wp","href":"https:\/\/api.w.org\/{rel}","templated":true}]}}