{"id":244576,"date":"2023-11-17T08:08:31","date_gmt":"2023-11-17T11:08:31","guid":{"rendered":"https:\/\/diariotextual.com\/inicio\/?p=244576"},"modified":"2023-11-17T09:04:03","modified_gmt":"2023-11-17T12:04:03","slug":"sorpresiva-clausura-de-la-bombonera-luego-de-argentina-uruguay-el-motivo-y-el-duro-comunicado-de-boca","status":"publish","type":"post","link":"https:\/\/diariotextual.com\/inicio\/index.php\/2023\/11\/17\/sorpresiva-clausura-de-la-bombonera-luego-de-argentina-uruguay-el-motivo-y-el-duro-comunicado-de-boca\/","title":{"rendered":"Sorpresiva clausura de la Bombonera luego de Argentina-Uruguay: el motivo y el duro comunicado de Boca"},"content":{"rendered":"\n<p>Horas despu\u00e9s de la <strong>dura derrota sufrida por la Selecci\u00f3n argentina ante Uruguay<\/strong> en la cancha de Boca, el club emiti\u00f3 un comunicado en el que inform\u00f3 que la <strong>Bombonera <\/strong>hab\u00eda sido clausurada por haber superado la capacidad de aforo establecida en al previa del duelo por las Eliminatorias Sudamericanas.<\/p>\n\n\n\n<p><\/p>\n\n\n\n<p><\/p>\n\n\n\n<figure class=\"wp-block-embed is-type-rich is-provider-twitter wp-block-embed-twitter\"><div class=\"wp-block-embed__wrapper\">\n<blockquote class=\"twitter-tweet\" data-width=\"550\" data-dnt=\"true\"><p lang=\"es\" dir=\"ltr\">Orgullosos de haber recibido en casa a los campeones del mundo en un clima festivo y con total normalidad, el Club Atl\u00e9tico Boca Juniors comunica que, a pesar de no haber superado la capacidad m\u00e1xima del estadio, la agencia gubernamental de control del GCBA decidi\u00f3, finalizado el\u2026 <a href=\"https:\/\/t.co\/spKaEZfYx0\">pic.twitter.com\/spKaEZfYx0<\/a><\/p>&mdash; Boca Juniors (@BocaJrsOficial) <a href=\"https:\/\/twitter.com\/BocaJrsOficial\/status\/1725368739820949777?ref_src=twsrc%5Etfw\">November 17, 2023<\/a><\/blockquote><script async src=\"https:\/\/platform.twitter.com\/widgets.js\" charset=\"utf-8\"><\/script>\n<\/div><\/figure>\n\n\n\n<p><\/p>\n\n\n\n<p>\u201cOrgullosos de haber recibido en casa a los campeones del mundo en un clima festivo y con total normalidad, el Club Atl\u00e9tico Boca Juniors comunica que, a pesar de no haber superado la capacidad m\u00e1xima del estadio, la agencia gubernamental de control del GCBA decidi\u00f3, finalizado el encuentro, la clausura de La Bombonera por alegar que se hab\u00eda superado su capacidad de aforo\u201d, expresa en el escrito.<\/p>\n\n\n\n<p><\/p>\n\n\n\n<p>\u201cDadas las circunstancias del caso, el club considera que dicha acci\u00f3n evidencia animosidad contra la instituci\u00f3n, algo que se ha reiterado sugestivamente en varias oportunidades en lo que va del a\u00f1o\u201d, agrega el escrito que gener\u00f3 la inmediata reacci\u00f3n de los hinchas de Boca, que atraviesa un particular momento teniendo en cuenta que el 2 de diciembre habr\u00e1 elecciones.<\/p>\n\n\n\n<p>No es la primera vez que ocurre esto en Boca y seguramente, por esa raz\u00f3n, es que hablan de \u201canimosidad\u201d. En febrero de este a\u00f1o, la tercera bandeja fue cerrada debido a deficiencias en la estructura edilicia.<\/p>\n\n\n\n<p>Adem\u00e1s, la problem\u00e1tica relacionada con la capacidad del estadio y la venta excesiva de entradas ha sido un tema central, con la investigaci\u00f3n de la fiscal Celsa Ram\u00edrez centrada en la figura de Cristian Riquelme, hermano del vicepresidente y actual candidato a presidente del club,\u00a0<strong>Juan Rom\u00e1n Riquelme<\/strong>.<\/p>\n\n\n\n<p><\/p>\n\n\n\n<p><\/p>\n","protected":false},"excerpt":{"rendered":"<p>Horas despu\u00e9s de la dura derrota sufrida por la Selecci\u00f3n argentina ante Uruguay en la cancha de Boca, el club emiti\u00f3 un comunicado en el que inform\u00f3 que la Bombonera&hellip;<\/p>\n","protected":false},"author":3,"featured_media":244582,"comment_status":"closed","ping_status":"open","sticky":false,"template":"","format":"standard","meta":{"_acf_changed":false,"footnotes":""},"categories":[1,3],"tags":[],"class_list":["post-244576","post","type-post","status-publish","format-standard","has-post-thumbnail","hentry","category-es-noticia","category-deportes"],"acf":[],"yoast_head":"<!-- This site is optimized with the Yoast SEO plugin v27.5 - https:\/\/yoast.com\/product\/yoast-seo-wordpress\/ -->\n<title>Sorpresiva clausura de la Bombonera luego de Argentina-Uruguay: el motivo y el duro comunicado de Boca - Diario Textual<\/title>\n<meta name=\"robots\" content=\"index, follow, max-snippet:-1, max-image-preview:large, max-video-preview:-1\" \/>\n<link rel=\"canonical\" href=\"https:\/\/diariotextual.com\/inicio\/index.php\/2023\/11\/17\/sorpresiva-clausura-de-la-bombonera-luego-de-argentina-uruguay-el-motivo-y-el-duro-comunicado-de-boca\/\" \/>\n<meta property=\"og:locale\" content=\"es_ES\" \/>\n<meta property=\"og:type\" content=\"article\" \/>\n<meta property=\"og:title\" content=\"Sorpresiva clausura de la Bombonera luego de Argentina-Uruguay: el motivo y el duro comunicado de Boca - Diario Textual\" \/>\n<meta property=\"og:description\" content=\"Horas despu\u00e9s de la dura derrota sufrida por la Selecci\u00f3n argentina ante Uruguay en la cancha de Boca, el club emiti\u00f3 un comunicado en el que inform\u00f3 que la Bombonera&hellip;\" \/>\n<meta property=\"og:url\" content=\"https:\/\/diariotextual.com\/inicio\/index.php\/2023\/11\/17\/sorpresiva-clausura-de-la-bombonera-luego-de-argentina-uruguay-el-motivo-y-el-duro-comunicado-de-boca\/\" \/>\n<meta property=\"og:site_name\" content=\"Diario Textual\" \/>\n<meta property=\"article:publisher\" content=\"https:\/\/www.facebook.com\/eltextual\" \/>\n<meta property=\"article:published_time\" content=\"2023-11-17T11:08:31+00:00\" \/>\n<meta property=\"article:modified_time\" content=\"2023-11-17T12:04:03+00:00\" \/>\n<meta property=\"og:image\" content=\"https:\/\/diariotextual.com\/inicio\/wp-content\/uploads\/2023\/11\/seleccionargentinabombonera2023-1.jpg\" \/>\n\t<meta property=\"og:image:width\" content=\"1024\" \/>\n\t<meta property=\"og:image:height\" content=\"734\" \/>\n\t<meta property=\"og:image:type\" content=\"image\/jpeg\" \/>\n<meta name=\"author\" content=\"Diario1 Diario1\" \/>\n<meta name=\"twitter:card\" content=\"summary_large_image\" \/>\n<meta name=\"twitter:creator\" content=\"@eltextual\" \/>\n<meta name=\"twitter:site\" content=\"@eltextual\" \/>\n<meta name=\"twitter:label1\" content=\"Escrito por\" \/>\n\t<meta name=\"twitter:data1\" content=\"Diario1 Diario1\" \/>\n\t<meta name=\"twitter:label2\" content=\"Tiempo de lectura\" \/>\n\t<meta name=\"twitter:data2\" content=\"2 minutos\" \/>\n<script type=\"application\/ld+json\" class=\"yoast-schema-graph\">{\"@context\":\"https:\\\/\\\/schema.org\",\"@graph\":[{\"@type\":\"Article\",\"@id\":\"https:\\\/\\\/diariotextual.com\\\/inicio\\\/index.php\\\/2023\\\/11\\\/17\\\/sorpresiva-clausura-de-la-bombonera-luego-de-argentina-uruguay-el-motivo-y-el-duro-comunicado-de-boca\\\/#article\",\"isPartOf\":{\"@id\":\"https:\\\/\\\/diariotextual.com\\\/inicio\\\/index.php\\\/2023\\\/11\\\/17\\\/sorpresiva-clausura-de-la-bombonera-luego-de-argentina-uruguay-el-motivo-y-el-duro-comunicado-de-boca\\\/\"},\"author\":{\"name\":\"Diario1 Diario1\",\"@id\":\"https:\\\/\\\/diariotextual.com\\\/inicio\\\/#\\\/schema\\\/person\\\/418fc4093c33e86ed41562db3508f958\"},\"headline\":\"Sorpresiva clausura de la Bombonera luego de Argentina-Uruguay: el motivo y el duro comunicado de Boca\",\"datePublished\":\"2023-11-17T11:08:31+00:00\",\"dateModified\":\"2023-11-17T12:04:03+00:00\",\"mainEntityOfPage\":{\"@id\":\"https:\\\/\\\/diariotextual.com\\\/inicio\\\/index.php\\\/2023\\\/11\\\/17\\\/sorpresiva-clausura-de-la-bombonera-luego-de-argentina-uruguay-el-motivo-y-el-duro-comunicado-de-boca\\\/\"},\"wordCount\":298,\"publisher\":{\"@id\":\"https:\\\/\\\/diariotextual.com\\\/inicio\\\/#organization\"},\"image\":{\"@id\":\"https:\\\/\\\/diariotextual.com\\\/inicio\\\/index.php\\\/2023\\\/11\\\/17\\\/sorpresiva-clausura-de-la-bombonera-luego-de-argentina-uruguay-el-motivo-y-el-duro-comunicado-de-boca\\\/#primaryimage\"},\"thumbnailUrl\":\"https:\\\/\\\/diariotextual.com\\\/inicio\\\/wp-content\\\/uploads\\\/2023\\\/11\\\/seleccionargentinabombonera2023-1.jpg\",\"articleSection\":[\"A - ES NOTICIA (van abajo)\",\"DEPORTES\"],\"inLanguage\":\"es\"},{\"@type\":\"WebPage\",\"@id\":\"https:\\\/\\\/diariotextual.com\\\/inicio\\\/index.php\\\/2023\\\/11\\\/17\\\/sorpresiva-clausura-de-la-bombonera-luego-de-argentina-uruguay-el-motivo-y-el-duro-comunicado-de-boca\\\/\",\"url\":\"https:\\\/\\\/diariotextual.com\\\/inicio\\\/index.php\\\/2023\\\/11\\\/17\\\/sorpresiva-clausura-de-la-bombonera-luego-de-argentina-uruguay-el-motivo-y-el-duro-comunicado-de-boca\\\/\",\"name\":\"Sorpresiva clausura de la Bombonera luego de Argentina-Uruguay: el motivo y el duro comunicado de Boca - Diario Textual\",\"isPartOf\":{\"@id\":\"https:\\\/\\\/diariotextual.com\\\/inicio\\\/#website\"},\"primaryImageOfPage\":{\"@id\":\"https:\\\/\\\/diariotextual.com\\\/inicio\\\/index.php\\\/2023\\\/11\\\/17\\\/sorpresiva-clausura-de-la-bombonera-luego-de-argentina-uruguay-el-motivo-y-el-duro-comunicado-de-boca\\\/#primaryimage\"},\"image\":{\"@id\":\"https:\\\/\\\/diariotextual.com\\\/inicio\\\/index.php\\\/2023\\\/11\\\/17\\\/sorpresiva-clausura-de-la-bombonera-luego-de-argentina-uruguay-el-motivo-y-el-duro-comunicado-de-boca\\\/#primaryimage\"},\"thumbnailUrl\":\"https:\\\/\\\/diariotextual.com\\\/inicio\\\/wp-content\\\/uploads\\\/2023\\\/11\\\/seleccionargentinabombonera2023-1.jpg\",\"datePublished\":\"2023-11-17T11:08:31+00:00\",\"dateModified\":\"2023-11-17T12:04:03+00:00\",\"breadcrumb\":{\"@id\":\"https:\\\/\\\/diariotextual.com\\\/inicio\\\/index.php\\\/2023\\\/11\\\/17\\\/sorpresiva-clausura-de-la-bombonera-luego-de-argentina-uruguay-el-motivo-y-el-duro-comunicado-de-boca\\\/#breadcrumb\"},\"inLanguage\":\"es\",\"potentialAction\":[{\"@type\":\"ReadAction\",\"target\":[\"https:\\\/\\\/diariotextual.com\\\/inicio\\\/index.php\\\/2023\\\/11\\\/17\\\/sorpresiva-clausura-de-la-bombonera-luego-de-argentina-uruguay-el-motivo-y-el-duro-comunicado-de-boca\\\/\"]}]},{\"@type\":\"ImageObject\",\"inLanguage\":\"es\",\"@id\":\"https:\\\/\\\/diariotextual.com\\\/inicio\\\/index.php\\\/2023\\\/11\\\/17\\\/sorpresiva-clausura-de-la-bombonera-luego-de-argentina-uruguay-el-motivo-y-el-duro-comunicado-de-boca\\\/#primaryimage\",\"url\":\"https:\\\/\\\/diariotextual.com\\\/inicio\\\/wp-content\\\/uploads\\\/2023\\\/11\\\/seleccionargentinabombonera2023-1.jpg\",\"contentUrl\":\"https:\\\/\\\/diariotextual.com\\\/inicio\\\/wp-content\\\/uploads\\\/2023\\\/11\\\/seleccionargentinabombonera2023-1.jpg\",\"width\":1024,\"height\":734},{\"@type\":\"BreadcrumbList\",\"@id\":\"https:\\\/\\\/diariotextual.com\\\/inicio\\\/index.php\\\/2023\\\/11\\\/17\\\/sorpresiva-clausura-de-la-bombonera-luego-de-argentina-uruguay-el-motivo-y-el-duro-comunicado-de-boca\\\/#breadcrumb\",\"itemListElement\":[{\"@type\":\"ListItem\",\"position\":1,\"name\":\"Portada\",\"item\":\"https:\\\/\\\/diariotextual.com\\\/inicio\\\/\"},{\"@type\":\"ListItem\",\"position\":2,\"name\":\"Sorpresiva clausura de la Bombonera luego de Argentina-Uruguay: el motivo y el duro comunicado de Boca\"}]},{\"@type\":\"WebSite\",\"@id\":\"https:\\\/\\\/diariotextual.com\\\/inicio\\\/#website\",\"url\":\"https:\\\/\\\/diariotextual.com\\\/inicio\\\/\",\"name\":\"Diario Textual\",\"description\":\"\",\"publisher\":{\"@id\":\"https:\\\/\\\/diariotextual.com\\\/inicio\\\/#organization\"},\"potentialAction\":[{\"@type\":\"SearchAction\",\"target\":{\"@type\":\"EntryPoint\",\"urlTemplate\":\"https:\\\/\\\/diariotextual.com\\\/inicio\\\/?s={search_term_string}\"},\"query-input\":{\"@type\":\"PropertyValueSpecification\",\"valueRequired\":true,\"valueName\":\"search_term_string\"}}],\"inLanguage\":\"es\"},{\"@type\":\"Organization\",\"@id\":\"https:\\\/\\\/diariotextual.com\\\/inicio\\\/#organization\",\"name\":\"Diario Textual\",\"url\":\"https:\\\/\\\/diariotextual.com\\\/inicio\\\/\",\"logo\":{\"@type\":\"ImageObject\",\"inLanguage\":\"es\",\"@id\":\"https:\\\/\\\/diariotextual.com\\\/inicio\\\/#\\\/schema\\\/logo\\\/image\\\/\",\"url\":\"https:\\\/\\\/diariotextual.com\\\/inicio\\\/wp-content\\\/uploads\\\/2023\\\/05\\\/logotextual1.jpg\",\"contentUrl\":\"https:\\\/\\\/diariotextual.com\\\/inicio\\\/wp-content\\\/uploads\\\/2023\\\/05\\\/logotextual1.jpg\",\"width\":516,\"height\":76,\"caption\":\"Diario Textual\"},\"image\":{\"@id\":\"https:\\\/\\\/diariotextual.com\\\/inicio\\\/#\\\/schema\\\/logo\\\/image\\\/\"},\"sameAs\":[\"https:\\\/\\\/www.facebook.com\\\/eltextual\",\"https:\\\/\\\/x.com\\\/eltextual\",\"http:\\\/\\\/www.instagram.com\\\/eltextual\"]},{\"@type\":\"Person\",\"@id\":\"https:\\\/\\\/diariotextual.com\\\/inicio\\\/#\\\/schema\\\/person\\\/418fc4093c33e86ed41562db3508f958\",\"name\":\"Diario1 Diario1\",\"image\":{\"@type\":\"ImageObject\",\"inLanguage\":\"es\",\"@id\":\"https:\\\/\\\/secure.gravatar.com\\\/avatar\\\/9167d280179c85bc18be67aa7eda765854300033af4896dd779b608640f2ef7a?s=96&d=mm&r=g\",\"url\":\"https:\\\/\\\/secure.gravatar.com\\\/avatar\\\/9167d280179c85bc18be67aa7eda765854300033af4896dd779b608640f2ef7a?s=96&d=mm&r=g\",\"contentUrl\":\"https:\\\/\\\/secure.gravatar.com\\\/avatar\\\/9167d280179c85bc18be67aa7eda765854300033af4896dd779b608640f2ef7a?s=96&d=mm&r=g\",\"caption\":\"Diario1 Diario1\"},\"url\":\"https:\\\/\\\/diariotextual.com\\\/inicio\\\/index.php\\\/author\\\/diario1\\\/\"}]}<\/script>\n<!-- \/ Yoast SEO plugin. -->","yoast_head_json":{"title":"Sorpresiva clausura de la Bombonera luego de Argentina-Uruguay: el motivo y el duro comunicado de Boca - Diario Textual","robots":{"index":"index","follow":"follow","max-snippet":"max-snippet:-1","max-image-preview":"max-image-preview:large","max-video-preview":"max-video-preview:-1"},"canonical":"https:\/\/diariotextual.com\/inicio\/index.php\/2023\/11\/17\/sorpresiva-clausura-de-la-bombonera-luego-de-argentina-uruguay-el-motivo-y-el-duro-comunicado-de-boca\/","og_locale":"es_ES","og_type":"article","og_title":"Sorpresiva clausura de la Bombonera luego de Argentina-Uruguay: el motivo y el duro comunicado de Boca - Diario Textual","og_description":"Horas despu\u00e9s de la dura derrota sufrida por la Selecci\u00f3n argentina ante Uruguay en la cancha de Boca, el club emiti\u00f3 un comunicado en el que inform\u00f3 que la Bombonera&hellip;","og_url":"https:\/\/diariotextual.com\/inicio\/index.php\/2023\/11\/17\/sorpresiva-clausura-de-la-bombonera-luego-de-argentina-uruguay-el-motivo-y-el-duro-comunicado-de-boca\/","og_site_name":"Diario Textual","article_publisher":"https:\/\/www.facebook.com\/eltextual","article_published_time":"2023-11-17T11:08:31+00:00","article_modified_time":"2023-11-17T12:04:03+00:00","og_image":[{"width":1024,"height":734,"url":"https:\/\/diariotextual.com\/inicio\/wp-content\/uploads\/2023\/11\/seleccionargentinabombonera2023-1.jpg","type":"image\/jpeg"}],"author":"Diario1 Diario1","twitter_card":"summary_large_image","twitter_creator":"@eltextual","twitter_site":"@eltextual","twitter_misc":{"Escrito por":"Diario1 Diario1","Tiempo de lectura":"2 minutos"},"schema":{"@context":"https:\/\/schema.org","@graph":[{"@type":"Article","@id":"https:\/\/diariotextual.com\/inicio\/index.php\/2023\/11\/17\/sorpresiva-clausura-de-la-bombonera-luego-de-argentina-uruguay-el-motivo-y-el-duro-comunicado-de-boca\/#article","isPartOf":{"@id":"https:\/\/diariotextual.com\/inicio\/index.php\/2023\/11\/17\/sorpresiva-clausura-de-la-bombonera-luego-de-argentina-uruguay-el-motivo-y-el-duro-comunicado-de-boca\/"},"author":{"name":"Diario1 Diario1","@id":"https:\/\/diariotextual.com\/inicio\/#\/schema\/person\/418fc4093c33e86ed41562db3508f958"},"headline":"Sorpresiva clausura de la Bombonera luego de Argentina-Uruguay: el motivo y el duro comunicado de Boca","datePublished":"2023-11-17T11:08:31+00:00","dateModified":"2023-11-17T12:04:03+00:00","mainEntityOfPage":{"@id":"https:\/\/diariotextual.com\/inicio\/index.php\/2023\/11\/17\/sorpresiva-clausura-de-la-bombonera-luego-de-argentina-uruguay-el-motivo-y-el-duro-comunicado-de-boca\/"},"wordCount":298,"publisher":{"@id":"https:\/\/diariotextual.com\/inicio\/#organization"},"image":{"@id":"https:\/\/diariotextual.com\/inicio\/index.php\/2023\/11\/17\/sorpresiva-clausura-de-la-bombonera-luego-de-argentina-uruguay-el-motivo-y-el-duro-comunicado-de-boca\/#primaryimage"},"thumbnailUrl":"https:\/\/diariotextual.com\/inicio\/wp-content\/uploads\/2023\/11\/seleccionargentinabombonera2023-1.jpg","articleSection":["A - ES NOTICIA (van abajo)","DEPORTES"],"inLanguage":"es"},{"@type":"WebPage","@id":"https:\/\/diariotextual.com\/inicio\/index.php\/2023\/11\/17\/sorpresiva-clausura-de-la-bombonera-luego-de-argentina-uruguay-el-motivo-y-el-duro-comunicado-de-boca\/","url":"https:\/\/diariotextual.com\/inicio\/index.php\/2023\/11\/17\/sorpresiva-clausura-de-la-bombonera-luego-de-argentina-uruguay-el-motivo-y-el-duro-comunicado-de-boca\/","name":"Sorpresiva clausura de la Bombonera luego de Argentina-Uruguay: el motivo y el duro comunicado de Boca - Diario Textual","isPartOf":{"@id":"https:\/\/diariotextual.com\/inicio\/#website"},"primaryImageOfPage":{"@id":"https:\/\/diariotextual.com\/inicio\/index.php\/2023\/11\/17\/sorpresiva-clausura-de-la-bombonera-luego-de-argentina-uruguay-el-motivo-y-el-duro-comunicado-de-boca\/#primaryimage"},"image":{"@id":"https:\/\/diariotextual.com\/inicio\/index.php\/2023\/11\/17\/sorpresiva-clausura-de-la-bombonera-luego-de-argentina-uruguay-el-motivo-y-el-duro-comunicado-de-boca\/#primaryimage"},"thumbnailUrl":"https:\/\/diariotextual.com\/inicio\/wp-content\/uploads\/2023\/11\/seleccionargentinabombonera2023-1.jpg","datePublished":"2023-11-17T11:08:31+00:00","dateModified":"2023-11-17T12:04:03+00:00","breadcrumb":{"@id":"https:\/\/diariotextual.com\/inicio\/index.php\/2023\/11\/17\/sorpresiva-clausura-de-la-bombonera-luego-de-argentina-uruguay-el-motivo-y-el-duro-comunicado-de-boca\/#breadcrumb"},"inLanguage":"es","potentialAction":[{"@type":"ReadAction","target":["https:\/\/diariotextual.com\/inicio\/index.php\/2023\/11\/17\/sorpresiva-clausura-de-la-bombonera-luego-de-argentina-uruguay-el-motivo-y-el-duro-comunicado-de-boca\/"]}]},{"@type":"ImageObject","inLanguage":"es","@id":"https:\/\/diariotextual.com\/inicio\/index.php\/2023\/11\/17\/sorpresiva-clausura-de-la-bombonera-luego-de-argentina-uruguay-el-motivo-y-el-duro-comunicado-de-boca\/#primaryimage","url":"https:\/\/diariotextual.com\/inicio\/wp-content\/uploads\/2023\/11\/seleccionargentinabombonera2023-1.jpg","contentUrl":"https:\/\/diariotextual.com\/inicio\/wp-content\/uploads\/2023\/11\/seleccionargentinabombonera2023-1.jpg","width":1024,"height":734},{"@type":"BreadcrumbList","@id":"https:\/\/diariotextual.com\/inicio\/index.php\/2023\/11\/17\/sorpresiva-clausura-de-la-bombonera-luego-de-argentina-uruguay-el-motivo-y-el-duro-comunicado-de-boca\/#breadcrumb","itemListElement":[{"@type":"ListItem","position":1,"name":"Portada","item":"https:\/\/diariotextual.com\/inicio\/"},{"@type":"ListItem","position":2,"name":"Sorpresiva clausura de la Bombonera luego de Argentina-Uruguay: el motivo y el duro comunicado de Boca"}]},{"@type":"WebSite","@id":"https:\/\/diariotextual.com\/inicio\/#website","url":"https:\/\/diariotextual.com\/inicio\/","name":"Diario Textual","description":"","publisher":{"@id":"https:\/\/diariotextual.com\/inicio\/#organization"},"potentialAction":[{"@type":"SearchAction","target":{"@type":"EntryPoint","urlTemplate":"https:\/\/diariotextual.com\/inicio\/?s={search_term_string}"},"query-input":{"@type":"PropertyValueSpecification","valueRequired":true,"valueName":"search_term_string"}}],"inLanguage":"es"},{"@type":"Organization","@id":"https:\/\/diariotextual.com\/inicio\/#organization","name":"Diario Textual","url":"https:\/\/diariotextual.com\/inicio\/","logo":{"@type":"ImageObject","inLanguage":"es","@id":"https:\/\/diariotextual.com\/inicio\/#\/schema\/logo\/image\/","url":"https:\/\/diariotextual.com\/inicio\/wp-content\/uploads\/2023\/05\/logotextual1.jpg","contentUrl":"https:\/\/diariotextual.com\/inicio\/wp-content\/uploads\/2023\/05\/logotextual1.jpg","width":516,"height":76,"caption":"Diario Textual"},"image":{"@id":"https:\/\/diariotextual.com\/inicio\/#\/schema\/logo\/image\/"},"sameAs":["https:\/\/www.facebook.com\/eltextual","https:\/\/x.com\/eltextual","http:\/\/www.instagram.com\/eltextual"]},{"@type":"Person","@id":"https:\/\/diariotextual.com\/inicio\/#\/schema\/person\/418fc4093c33e86ed41562db3508f958","name":"Diario1 Diario1","image":{"@type":"ImageObject","inLanguage":"es","@id":"https:\/\/secure.gravatar.com\/avatar\/9167d280179c85bc18be67aa7eda765854300033af4896dd779b608640f2ef7a?s=96&d=mm&r=g","url":"https:\/\/secure.gravatar.com\/avatar\/9167d280179c85bc18be67aa7eda765854300033af4896dd779b608640f2ef7a?s=96&d=mm&r=g","contentUrl":"https:\/\/secure.gravatar.com\/avatar\/9167d280179c85bc18be67aa7eda765854300033af4896dd779b608640f2ef7a?s=96&d=mm&r=g","caption":"Diario1 Diario1"},"url":"https:\/\/diariotextual.com\/inicio\/index.php\/author\/diario1\/"}]}},"_links":{"self":[{"href":"https:\/\/diariotextual.com\/inicio\/index.php\/wp-json\/wp\/v2\/posts\/244576","targetHints":{"allow":["GET"]}}],"collection":[{"href":"https:\/\/diariotextual.com\/inicio\/index.php\/wp-json\/wp\/v2\/posts"}],"about":[{"href":"https:\/\/diariotextual.com\/inicio\/index.php\/wp-json\/wp\/v2\/types\/post"}],"author":[{"embeddable":true,"href":"https:\/\/diariotextual.com\/inicio\/index.php\/wp-json\/wp\/v2\/users\/3"}],"replies":[{"embeddable":true,"href":"https:\/\/diariotextual.com\/inicio\/index.php\/wp-json\/wp\/v2\/comments?post=244576"}],"version-history":[{"count":4,"href":"https:\/\/diariotextual.com\/inicio\/index.php\/wp-json\/wp\/v2\/posts\/244576\/revisions"}],"predecessor-version":[{"id":244583,"href":"https:\/\/diariotextual.com\/inicio\/index.php\/wp-json\/wp\/v2\/posts\/244576\/revisions\/244583"}],"wp:featuredmedia":[{"embeddable":true,"href":"https:\/\/diariotextual.com\/inicio\/index.php\/wp-json\/wp\/v2\/media\/244582"}],"wp:attachment":[{"href":"https:\/\/diariotextual.com\/inicio\/index.php\/wp-json\/wp\/v2\/media?parent=244576"}],"wp:term":[{"taxonomy":"category","embeddable":true,"href":"https:\/\/diariotextual.com\/inicio\/index.php\/wp-json\/wp\/v2\/categories?post=244576"},{"taxonomy":"post_tag","embeddable":true,"href":"https:\/\/diariotextual.com\/inicio\/index.php\/wp-json\/wp\/v2\/tags?post=244576"}],"curies":[{"name":"wp","href":"https:\/\/api.w.org\/{rel}","templated":true}]}}