{"id":244705,"date":"2023-11-18T16:43:18","date_gmt":"2023-11-18T19:43:18","guid":{"rendered":"https:\/\/diariotextual.com\/inicio\/?p=244705"},"modified":"2023-11-18T19:25:12","modified_gmt":"2023-11-18T22:25:12","slug":"tenia-ganas-de-volver-a-trabajar-confeso-el-muneco-gallardo","status":"publish","type":"post","link":"https:\/\/diariotextual.com\/inicio\/index.php\/2023\/11\/18\/tenia-ganas-de-volver-a-trabajar-confeso-el-muneco-gallardo\/","title":{"rendered":"\u201cTen\u00eda ganas de volver a trabajar\u201d, confes\u00f3 el \u201cMu\u00f1eco\u201d Gallardo"},"content":{"rendered":"\n<p><strong>Marcelo Gallardo<\/strong>, protagonista de uno de los ciclos m\u00e1s notables durante su paso como DT de River Plate e inactivo desde hace casi un a\u00f1o, confes\u00f3 este s\u00e1bado que&nbsp;<strong>dirigir al Al-Ittihad \u201crepresenta un desaf\u00edo\u201d y tambi\u00e9n admiti\u00f3 que \u201cten\u00eda muchas ganas de volver a trabajar\u201d<\/strong>, en conceptos que formul\u00f3 minutos antes de embarcarse a su nueva aventura en Arabia Saudita, acompa\u00f1ado por su cuerpo t\u00e9cnico.<br><br>\u201cTen\u00eda ganas de volver a trabajar,&nbsp;<strong>estoy entusiasmado porque se trata de algo diferente<\/strong>. Eleg\u00ed al Al-Ittihad en una decisi\u00f3n que tom\u00e9 en base a cuestiones que tienen que ver con lo personal, fue un sentir, creo que hay mucho por desarrollar\u201d, analiz\u00f3 el \u201cMu\u00f1eco\u201d en di\u00e1logo con los medios de prensa, en el ingreso al aeropuerto Ministro Pistarini, ubicado en Ezeiza.<br><br>Gallardo, de 47 a\u00f1os, se alej\u00f3 de River en diciembre del a\u00f1o pasado luego de haber encabezado uno de los ciclos m\u00e1s importantes en la historia del club y, pese a que fue tentado durante esta temporada por algunos clubes de Europa como M\u00f3naco, Olympique deMarsella, Sevilla y Valencia, no acept\u00f3 esas propuestas y reci\u00e9n le dio el s\u00ed el jueves \u00faltimo al club \u00e1rabe.<br><br>\u201c<strong>Fue un lindo a\u00f1o disfrutando de otras cosas de la vida fuera del f\u00fatbol. La pas\u00e9 muy bien. Esta propuesta la acept\u00e9 porque me incentivaron con un gran proyecto<\/strong>&nbsp;en un lugar que todav\u00eda tiene cierta virginidad, eso me motiva, me proyecta en un mercado nuevo y me abre la cabeza, ya que es algo diferente que me motiva en este tiempo con ganas de volver a trabajar\u201d, revel\u00f3.<br><br>Gallardo sellar\u00e1 su&nbsp;<strong>v\u00ednculo por un a\u00f1o y medio<\/strong>&nbsp;con el club saud\u00ed de la ciudad de Yeda, ubicada en la costa del mar Rojo, y ser\u00e1 acompa\u00f1ado por su gente de confianza, con la que construy\u00f3 sus \u00e9xitos en River, quienes se embarcaron con \u00e9l.<br><br>La n\u00f3mina incluy\u00f3 a&nbsp;<strong>Mat\u00edas Biscay<\/strong>&nbsp;y&nbsp;<strong>Hern\u00e1n Buj\u00e1n<\/strong>, sus ayudantes de campo;&nbsp;<strong>Pablo Dolce<\/strong>&nbsp;y&nbsp;<strong>Marcelo Tulbovitz<\/strong>; los preparadores f\u00edsicos, y&nbsp;<strong>C\u00e9sar Zinelli<\/strong>, entrenador de arqueros, entre otras tareas.<br><br>\u201cEs un descubrimiento tanto para m\u00ed como para mi cuerpo t\u00e9cnico, por eso es s\u00faper importante y de much\u00edsimo valor poder llevarlos conmigo\u201d, revel\u00f3 Gallardo.<br><br><\/p>\n\n\n\n<p>El ex DT riverplatense\u00a0<strong>asumir\u00e1 su primer desaf\u00edo con el Al-Ittihad en el Mundial de Clubes<\/strong>, certamen en el que el vigente campe\u00f3n de la liga saud\u00ed debutar\u00e1 el 12 de diciembre ante el Auckland City, de Nueva Zelanda, y en caso de avanzar, se enfrentar\u00e1 con el Al Ahly, de Egipto.<br><br>En la liga saud\u00ed, Al Itthihad est\u00e1 quinto con 24 puntos, a nueve del l\u00edder Al Hilal, y las m\u00e1ximas figuras del equipo son dos franceses, en primer lugar\u00a0<strong>Karim Benzema<\/strong>, exestrella del Real Madrid, y luego\u00a0<strong>N&#8217;Golo Kante<\/strong>, quien fuera campe\u00f3n del mundo con su pa\u00eds en Rusia 2018 y descollara en el Chelsea ingl\u00e9s.<br><br>Otros jugadores conocidos que dirigir\u00e1 el argentino ser\u00e1n los brasile\u00f1os Fabinho (ex-Liverpool), Luiz Felipe (ex-Lazio y Betis), Marcelo Grohe (exarquero de Gremio de Porto Alegre) y Romarinho (ex-Corinthians).<br><br>\u201c<strong>Benzem\u00e1 y Kant\u00e9 son dos jugadores que tienen much\u00edsima trayectoria, tenemos que encontrarnos para charlar un poquito<\/strong>. Estoy entusiasmado, en poco tiempo tenemos un desaf\u00edo hermoso que ser\u00e1 el Mundial de Clubes y estuve un a\u00f1o bastante quieto as\u00ed que quiero activamente, con entusiasmo, poder vivir esta experiencia diferente\u201d, a\u00f1adi\u00f3 Gallardo.<\/p>\n\n\n\n<p><\/p>\n\n\n\n<p><\/p>\n","protected":false},"excerpt":{"rendered":"<p>Marcelo Gallardo, protagonista de uno de los ciclos m\u00e1s notables durante su paso como DT de River Plate e inactivo desde hace casi un a\u00f1o, confes\u00f3 este s\u00e1bado que&nbsp;dirigir al&hellip;<\/p>\n","protected":false},"author":3,"featured_media":203476,"comment_status":"closed","ping_status":"open","sticky":false,"template":"","format":"standard","meta":{"_acf_changed":false,"footnotes":""},"categories":[1,3],"tags":[],"class_list":["post-244705","post","type-post","status-publish","format-standard","has-post-thumbnail","hentry","category-es-noticia","category-deportes"],"acf":[],"yoast_head":"<!-- This site is optimized with the Yoast SEO plugin v27.5 - https:\/\/yoast.com\/product\/yoast-seo-wordpress\/ -->\n<title>\u201cTen\u00eda ganas de volver a trabajar\u201d, confes\u00f3 el \u201cMu\u00f1eco\u201d Gallardo - Diario Textual<\/title>\n<meta name=\"robots\" content=\"index, follow, max-snippet:-1, max-image-preview:large, max-video-preview:-1\" \/>\n<link rel=\"canonical\" href=\"https:\/\/diariotextual.com\/inicio\/index.php\/2023\/11\/18\/tenia-ganas-de-volver-a-trabajar-confeso-el-muneco-gallardo\/\" \/>\n<meta property=\"og:locale\" content=\"es_ES\" \/>\n<meta property=\"og:type\" content=\"article\" \/>\n<meta property=\"og:title\" content=\"\u201cTen\u00eda ganas de volver a trabajar\u201d, confes\u00f3 el \u201cMu\u00f1eco\u201d Gallardo - Diario Textual\" \/>\n<meta property=\"og:description\" content=\"Marcelo Gallardo, protagonista de uno de los ciclos m\u00e1s notables durante su paso como DT de River Plate e inactivo desde hace casi un a\u00f1o, confes\u00f3 este s\u00e1bado que&nbsp;dirigir al&hellip;\" \/>\n<meta property=\"og:url\" content=\"https:\/\/diariotextual.com\/inicio\/index.php\/2023\/11\/18\/tenia-ganas-de-volver-a-trabajar-confeso-el-muneco-gallardo\/\" \/>\n<meta property=\"og:site_name\" content=\"Diario Textual\" \/>\n<meta property=\"article:publisher\" content=\"https:\/\/www.facebook.com\/eltextual\" \/>\n<meta property=\"article:published_time\" content=\"2023-11-18T19:43:18+00:00\" \/>\n<meta property=\"article:modified_time\" content=\"2023-11-18T22:25:12+00:00\" \/>\n<meta property=\"og:image\" content=\"https:\/\/diariotextual.com\/inicio\/wp-content\/uploads\/2022\/10\/gallardomarcelo77.jpeg\" \/>\n\t<meta property=\"og:image:width\" content=\"1200\" \/>\n\t<meta property=\"og:image:height\" content=\"675\" \/>\n\t<meta property=\"og:image:type\" content=\"image\/jpeg\" \/>\n<meta name=\"author\" content=\"Diario1 Diario1\" \/>\n<meta name=\"twitter:card\" content=\"summary_large_image\" \/>\n<meta name=\"twitter:creator\" content=\"@eltextual\" \/>\n<meta name=\"twitter:site\" content=\"@eltextual\" \/>\n<meta name=\"twitter:label1\" content=\"Escrito por\" \/>\n\t<meta name=\"twitter:data1\" content=\"Diario1 Diario1\" \/>\n\t<meta name=\"twitter:label2\" content=\"Tiempo de lectura\" \/>\n\t<meta name=\"twitter:data2\" content=\"3 minutos\" \/>\n<script type=\"application\/ld+json\" class=\"yoast-schema-graph\">{\"@context\":\"https:\\\/\\\/schema.org\",\"@graph\":[{\"@type\":\"Article\",\"@id\":\"https:\\\/\\\/diariotextual.com\\\/inicio\\\/index.php\\\/2023\\\/11\\\/18\\\/tenia-ganas-de-volver-a-trabajar-confeso-el-muneco-gallardo\\\/#article\",\"isPartOf\":{\"@id\":\"https:\\\/\\\/diariotextual.com\\\/inicio\\\/index.php\\\/2023\\\/11\\\/18\\\/tenia-ganas-de-volver-a-trabajar-confeso-el-muneco-gallardo\\\/\"},\"author\":{\"name\":\"Diario1 Diario1\",\"@id\":\"https:\\\/\\\/diariotextual.com\\\/inicio\\\/#\\\/schema\\\/person\\\/418fc4093c33e86ed41562db3508f958\"},\"headline\":\"\u201cTen\u00eda ganas de volver a trabajar\u201d, confes\u00f3 el \u201cMu\u00f1eco\u201d Gallardo\",\"datePublished\":\"2023-11-18T19:43:18+00:00\",\"dateModified\":\"2023-11-18T22:25:12+00:00\",\"mainEntityOfPage\":{\"@id\":\"https:\\\/\\\/diariotextual.com\\\/inicio\\\/index.php\\\/2023\\\/11\\\/18\\\/tenia-ganas-de-volver-a-trabajar-confeso-el-muneco-gallardo\\\/\"},\"wordCount\":615,\"publisher\":{\"@id\":\"https:\\\/\\\/diariotextual.com\\\/inicio\\\/#organization\"},\"image\":{\"@id\":\"https:\\\/\\\/diariotextual.com\\\/inicio\\\/index.php\\\/2023\\\/11\\\/18\\\/tenia-ganas-de-volver-a-trabajar-confeso-el-muneco-gallardo\\\/#primaryimage\"},\"thumbnailUrl\":\"https:\\\/\\\/diariotextual.com\\\/inicio\\\/wp-content\\\/uploads\\\/2022\\\/10\\\/gallardomarcelo77.jpeg\",\"articleSection\":[\"A - ES NOTICIA (van abajo)\",\"DEPORTES\"],\"inLanguage\":\"es\"},{\"@type\":\"WebPage\",\"@id\":\"https:\\\/\\\/diariotextual.com\\\/inicio\\\/index.php\\\/2023\\\/11\\\/18\\\/tenia-ganas-de-volver-a-trabajar-confeso-el-muneco-gallardo\\\/\",\"url\":\"https:\\\/\\\/diariotextual.com\\\/inicio\\\/index.php\\\/2023\\\/11\\\/18\\\/tenia-ganas-de-volver-a-trabajar-confeso-el-muneco-gallardo\\\/\",\"name\":\"\u201cTen\u00eda ganas de volver a trabajar\u201d, confes\u00f3 el \u201cMu\u00f1eco\u201d Gallardo - Diario Textual\",\"isPartOf\":{\"@id\":\"https:\\\/\\\/diariotextual.com\\\/inicio\\\/#website\"},\"primaryImageOfPage\":{\"@id\":\"https:\\\/\\\/diariotextual.com\\\/inicio\\\/index.php\\\/2023\\\/11\\\/18\\\/tenia-ganas-de-volver-a-trabajar-confeso-el-muneco-gallardo\\\/#primaryimage\"},\"image\":{\"@id\":\"https:\\\/\\\/diariotextual.com\\\/inicio\\\/index.php\\\/2023\\\/11\\\/18\\\/tenia-ganas-de-volver-a-trabajar-confeso-el-muneco-gallardo\\\/#primaryimage\"},\"thumbnailUrl\":\"https:\\\/\\\/diariotextual.com\\\/inicio\\\/wp-content\\\/uploads\\\/2022\\\/10\\\/gallardomarcelo77.jpeg\",\"datePublished\":\"2023-11-18T19:43:18+00:00\",\"dateModified\":\"2023-11-18T22:25:12+00:00\",\"breadcrumb\":{\"@id\":\"https:\\\/\\\/diariotextual.com\\\/inicio\\\/index.php\\\/2023\\\/11\\\/18\\\/tenia-ganas-de-volver-a-trabajar-confeso-el-muneco-gallardo\\\/#breadcrumb\"},\"inLanguage\":\"es\",\"potentialAction\":[{\"@type\":\"ReadAction\",\"target\":[\"https:\\\/\\\/diariotextual.com\\\/inicio\\\/index.php\\\/2023\\\/11\\\/18\\\/tenia-ganas-de-volver-a-trabajar-confeso-el-muneco-gallardo\\\/\"]}]},{\"@type\":\"ImageObject\",\"inLanguage\":\"es\",\"@id\":\"https:\\\/\\\/diariotextual.com\\\/inicio\\\/index.php\\\/2023\\\/11\\\/18\\\/tenia-ganas-de-volver-a-trabajar-confeso-el-muneco-gallardo\\\/#primaryimage\",\"url\":\"https:\\\/\\\/diariotextual.com\\\/inicio\\\/wp-content\\\/uploads\\\/2022\\\/10\\\/gallardomarcelo77.jpeg\",\"contentUrl\":\"https:\\\/\\\/diariotextual.com\\\/inicio\\\/wp-content\\\/uploads\\\/2022\\\/10\\\/gallardomarcelo77.jpeg\",\"width\":1200,\"height\":675},{\"@type\":\"BreadcrumbList\",\"@id\":\"https:\\\/\\\/diariotextual.com\\\/inicio\\\/index.php\\\/2023\\\/11\\\/18\\\/tenia-ganas-de-volver-a-trabajar-confeso-el-muneco-gallardo\\\/#breadcrumb\",\"itemListElement\":[{\"@type\":\"ListItem\",\"position\":1,\"name\":\"Portada\",\"item\":\"https:\\\/\\\/diariotextual.com\\\/inicio\\\/\"},{\"@type\":\"ListItem\",\"position\":2,\"name\":\"\u201cTen\u00eda ganas de volver a trabajar\u201d, confes\u00f3 el \u201cMu\u00f1eco\u201d Gallardo\"}]},{\"@type\":\"WebSite\",\"@id\":\"https:\\\/\\\/diariotextual.com\\\/inicio\\\/#website\",\"url\":\"https:\\\/\\\/diariotextual.com\\\/inicio\\\/\",\"name\":\"Diario Textual\",\"description\":\"\",\"publisher\":{\"@id\":\"https:\\\/\\\/diariotextual.com\\\/inicio\\\/#organization\"},\"potentialAction\":[{\"@type\":\"SearchAction\",\"target\":{\"@type\":\"EntryPoint\",\"urlTemplate\":\"https:\\\/\\\/diariotextual.com\\\/inicio\\\/?s={search_term_string}\"},\"query-input\":{\"@type\":\"PropertyValueSpecification\",\"valueRequired\":true,\"valueName\":\"search_term_string\"}}],\"inLanguage\":\"es\"},{\"@type\":\"Organization\",\"@id\":\"https:\\\/\\\/diariotextual.com\\\/inicio\\\/#organization\",\"name\":\"Diario Textual\",\"url\":\"https:\\\/\\\/diariotextual.com\\\/inicio\\\/\",\"logo\":{\"@type\":\"ImageObject\",\"inLanguage\":\"es\",\"@id\":\"https:\\\/\\\/diariotextual.com\\\/inicio\\\/#\\\/schema\\\/logo\\\/image\\\/\",\"url\":\"https:\\\/\\\/diariotextual.com\\\/inicio\\\/wp-content\\\/uploads\\\/2023\\\/05\\\/logotextual1.jpg\",\"contentUrl\":\"https:\\\/\\\/diariotextual.com\\\/inicio\\\/wp-content\\\/uploads\\\/2023\\\/05\\\/logotextual1.jpg\",\"width\":516,\"height\":76,\"caption\":\"Diario Textual\"},\"image\":{\"@id\":\"https:\\\/\\\/diariotextual.com\\\/inicio\\\/#\\\/schema\\\/logo\\\/image\\\/\"},\"sameAs\":[\"https:\\\/\\\/www.facebook.com\\\/eltextual\",\"https:\\\/\\\/x.com\\\/eltextual\",\"http:\\\/\\\/www.instagram.com\\\/eltextual\"]},{\"@type\":\"Person\",\"@id\":\"https:\\\/\\\/diariotextual.com\\\/inicio\\\/#\\\/schema\\\/person\\\/418fc4093c33e86ed41562db3508f958\",\"name\":\"Diario1 Diario1\",\"image\":{\"@type\":\"ImageObject\",\"inLanguage\":\"es\",\"@id\":\"https:\\\/\\\/secure.gravatar.com\\\/avatar\\\/9167d280179c85bc18be67aa7eda765854300033af4896dd779b608640f2ef7a?s=96&d=mm&r=g\",\"url\":\"https:\\\/\\\/secure.gravatar.com\\\/avatar\\\/9167d280179c85bc18be67aa7eda765854300033af4896dd779b608640f2ef7a?s=96&d=mm&r=g\",\"contentUrl\":\"https:\\\/\\\/secure.gravatar.com\\\/avatar\\\/9167d280179c85bc18be67aa7eda765854300033af4896dd779b608640f2ef7a?s=96&d=mm&r=g\",\"caption\":\"Diario1 Diario1\"},\"url\":\"https:\\\/\\\/diariotextual.com\\\/inicio\\\/index.php\\\/author\\\/diario1\\\/\"}]}<\/script>\n<!-- \/ Yoast SEO plugin. -->","yoast_head_json":{"title":"\u201cTen\u00eda ganas de volver a trabajar\u201d, confes\u00f3 el \u201cMu\u00f1eco\u201d Gallardo - Diario Textual","robots":{"index":"index","follow":"follow","max-snippet":"max-snippet:-1","max-image-preview":"max-image-preview:large","max-video-preview":"max-video-preview:-1"},"canonical":"https:\/\/diariotextual.com\/inicio\/index.php\/2023\/11\/18\/tenia-ganas-de-volver-a-trabajar-confeso-el-muneco-gallardo\/","og_locale":"es_ES","og_type":"article","og_title":"\u201cTen\u00eda ganas de volver a trabajar\u201d, confes\u00f3 el \u201cMu\u00f1eco\u201d Gallardo - Diario Textual","og_description":"Marcelo Gallardo, protagonista de uno de los ciclos m\u00e1s notables durante su paso como DT de River Plate e inactivo desde hace casi un a\u00f1o, confes\u00f3 este s\u00e1bado que&nbsp;dirigir al&hellip;","og_url":"https:\/\/diariotextual.com\/inicio\/index.php\/2023\/11\/18\/tenia-ganas-de-volver-a-trabajar-confeso-el-muneco-gallardo\/","og_site_name":"Diario Textual","article_publisher":"https:\/\/www.facebook.com\/eltextual","article_published_time":"2023-11-18T19:43:18+00:00","article_modified_time":"2023-11-18T22:25:12+00:00","og_image":[{"width":1200,"height":675,"url":"https:\/\/diariotextual.com\/inicio\/wp-content\/uploads\/2022\/10\/gallardomarcelo77.jpeg","type":"image\/jpeg"}],"author":"Diario1 Diario1","twitter_card":"summary_large_image","twitter_creator":"@eltextual","twitter_site":"@eltextual","twitter_misc":{"Escrito por":"Diario1 Diario1","Tiempo de lectura":"3 minutos"},"schema":{"@context":"https:\/\/schema.org","@graph":[{"@type":"Article","@id":"https:\/\/diariotextual.com\/inicio\/index.php\/2023\/11\/18\/tenia-ganas-de-volver-a-trabajar-confeso-el-muneco-gallardo\/#article","isPartOf":{"@id":"https:\/\/diariotextual.com\/inicio\/index.php\/2023\/11\/18\/tenia-ganas-de-volver-a-trabajar-confeso-el-muneco-gallardo\/"},"author":{"name":"Diario1 Diario1","@id":"https:\/\/diariotextual.com\/inicio\/#\/schema\/person\/418fc4093c33e86ed41562db3508f958"},"headline":"\u201cTen\u00eda ganas de volver a trabajar\u201d, confes\u00f3 el \u201cMu\u00f1eco\u201d Gallardo","datePublished":"2023-11-18T19:43:18+00:00","dateModified":"2023-11-18T22:25:12+00:00","mainEntityOfPage":{"@id":"https:\/\/diariotextual.com\/inicio\/index.php\/2023\/11\/18\/tenia-ganas-de-volver-a-trabajar-confeso-el-muneco-gallardo\/"},"wordCount":615,"publisher":{"@id":"https:\/\/diariotextual.com\/inicio\/#organization"},"image":{"@id":"https:\/\/diariotextual.com\/inicio\/index.php\/2023\/11\/18\/tenia-ganas-de-volver-a-trabajar-confeso-el-muneco-gallardo\/#primaryimage"},"thumbnailUrl":"https:\/\/diariotextual.com\/inicio\/wp-content\/uploads\/2022\/10\/gallardomarcelo77.jpeg","articleSection":["A - ES NOTICIA (van abajo)","DEPORTES"],"inLanguage":"es"},{"@type":"WebPage","@id":"https:\/\/diariotextual.com\/inicio\/index.php\/2023\/11\/18\/tenia-ganas-de-volver-a-trabajar-confeso-el-muneco-gallardo\/","url":"https:\/\/diariotextual.com\/inicio\/index.php\/2023\/11\/18\/tenia-ganas-de-volver-a-trabajar-confeso-el-muneco-gallardo\/","name":"\u201cTen\u00eda ganas de volver a trabajar\u201d, confes\u00f3 el \u201cMu\u00f1eco\u201d Gallardo - Diario Textual","isPartOf":{"@id":"https:\/\/diariotextual.com\/inicio\/#website"},"primaryImageOfPage":{"@id":"https:\/\/diariotextual.com\/inicio\/index.php\/2023\/11\/18\/tenia-ganas-de-volver-a-trabajar-confeso-el-muneco-gallardo\/#primaryimage"},"image":{"@id":"https:\/\/diariotextual.com\/inicio\/index.php\/2023\/11\/18\/tenia-ganas-de-volver-a-trabajar-confeso-el-muneco-gallardo\/#primaryimage"},"thumbnailUrl":"https:\/\/diariotextual.com\/inicio\/wp-content\/uploads\/2022\/10\/gallardomarcelo77.jpeg","datePublished":"2023-11-18T19:43:18+00:00","dateModified":"2023-11-18T22:25:12+00:00","breadcrumb":{"@id":"https:\/\/diariotextual.com\/inicio\/index.php\/2023\/11\/18\/tenia-ganas-de-volver-a-trabajar-confeso-el-muneco-gallardo\/#breadcrumb"},"inLanguage":"es","potentialAction":[{"@type":"ReadAction","target":["https:\/\/diariotextual.com\/inicio\/index.php\/2023\/11\/18\/tenia-ganas-de-volver-a-trabajar-confeso-el-muneco-gallardo\/"]}]},{"@type":"ImageObject","inLanguage":"es","@id":"https:\/\/diariotextual.com\/inicio\/index.php\/2023\/11\/18\/tenia-ganas-de-volver-a-trabajar-confeso-el-muneco-gallardo\/#primaryimage","url":"https:\/\/diariotextual.com\/inicio\/wp-content\/uploads\/2022\/10\/gallardomarcelo77.jpeg","contentUrl":"https:\/\/diariotextual.com\/inicio\/wp-content\/uploads\/2022\/10\/gallardomarcelo77.jpeg","width":1200,"height":675},{"@type":"BreadcrumbList","@id":"https:\/\/diariotextual.com\/inicio\/index.php\/2023\/11\/18\/tenia-ganas-de-volver-a-trabajar-confeso-el-muneco-gallardo\/#breadcrumb","itemListElement":[{"@type":"ListItem","position":1,"name":"Portada","item":"https:\/\/diariotextual.com\/inicio\/"},{"@type":"ListItem","position":2,"name":"\u201cTen\u00eda ganas de volver a trabajar\u201d, confes\u00f3 el \u201cMu\u00f1eco\u201d Gallardo"}]},{"@type":"WebSite","@id":"https:\/\/diariotextual.com\/inicio\/#website","url":"https:\/\/diariotextual.com\/inicio\/","name":"Diario Textual","description":"","publisher":{"@id":"https:\/\/diariotextual.com\/inicio\/#organization"},"potentialAction":[{"@type":"SearchAction","target":{"@type":"EntryPoint","urlTemplate":"https:\/\/diariotextual.com\/inicio\/?s={search_term_string}"},"query-input":{"@type":"PropertyValueSpecification","valueRequired":true,"valueName":"search_term_string"}}],"inLanguage":"es"},{"@type":"Organization","@id":"https:\/\/diariotextual.com\/inicio\/#organization","name":"Diario Textual","url":"https:\/\/diariotextual.com\/inicio\/","logo":{"@type":"ImageObject","inLanguage":"es","@id":"https:\/\/diariotextual.com\/inicio\/#\/schema\/logo\/image\/","url":"https:\/\/diariotextual.com\/inicio\/wp-content\/uploads\/2023\/05\/logotextual1.jpg","contentUrl":"https:\/\/diariotextual.com\/inicio\/wp-content\/uploads\/2023\/05\/logotextual1.jpg","width":516,"height":76,"caption":"Diario Textual"},"image":{"@id":"https:\/\/diariotextual.com\/inicio\/#\/schema\/logo\/image\/"},"sameAs":["https:\/\/www.facebook.com\/eltextual","https:\/\/x.com\/eltextual","http:\/\/www.instagram.com\/eltextual"]},{"@type":"Person","@id":"https:\/\/diariotextual.com\/inicio\/#\/schema\/person\/418fc4093c33e86ed41562db3508f958","name":"Diario1 Diario1","image":{"@type":"ImageObject","inLanguage":"es","@id":"https:\/\/secure.gravatar.com\/avatar\/9167d280179c85bc18be67aa7eda765854300033af4896dd779b608640f2ef7a?s=96&d=mm&r=g","url":"https:\/\/secure.gravatar.com\/avatar\/9167d280179c85bc18be67aa7eda765854300033af4896dd779b608640f2ef7a?s=96&d=mm&r=g","contentUrl":"https:\/\/secure.gravatar.com\/avatar\/9167d280179c85bc18be67aa7eda765854300033af4896dd779b608640f2ef7a?s=96&d=mm&r=g","caption":"Diario1 Diario1"},"url":"https:\/\/diariotextual.com\/inicio\/index.php\/author\/diario1\/"}]}},"_links":{"self":[{"href":"https:\/\/diariotextual.com\/inicio\/index.php\/wp-json\/wp\/v2\/posts\/244705","targetHints":{"allow":["GET"]}}],"collection":[{"href":"https:\/\/diariotextual.com\/inicio\/index.php\/wp-json\/wp\/v2\/posts"}],"about":[{"href":"https:\/\/diariotextual.com\/inicio\/index.php\/wp-json\/wp\/v2\/types\/post"}],"author":[{"embeddable":true,"href":"https:\/\/diariotextual.com\/inicio\/index.php\/wp-json\/wp\/v2\/users\/3"}],"replies":[{"embeddable":true,"href":"https:\/\/diariotextual.com\/inicio\/index.php\/wp-json\/wp\/v2\/comments?post=244705"}],"version-history":[{"count":1,"href":"https:\/\/diariotextual.com\/inicio\/index.php\/wp-json\/wp\/v2\/posts\/244705\/revisions"}],"predecessor-version":[{"id":244706,"href":"https:\/\/diariotextual.com\/inicio\/index.php\/wp-json\/wp\/v2\/posts\/244705\/revisions\/244706"}],"wp:featuredmedia":[{"embeddable":true,"href":"https:\/\/diariotextual.com\/inicio\/index.php\/wp-json\/wp\/v2\/media\/203476"}],"wp:attachment":[{"href":"https:\/\/diariotextual.com\/inicio\/index.php\/wp-json\/wp\/v2\/media?parent=244705"}],"wp:term":[{"taxonomy":"category","embeddable":true,"href":"https:\/\/diariotextual.com\/inicio\/index.php\/wp-json\/wp\/v2\/categories?post=244705"},{"taxonomy":"post_tag","embeddable":true,"href":"https:\/\/diariotextual.com\/inicio\/index.php\/wp-json\/wp\/v2\/tags?post=244705"}],"curies":[{"name":"wp","href":"https:\/\/api.w.org\/{rel}","templated":true}]}}