{"id":244743,"date":"2023-11-18T19:46:49","date_gmt":"2023-11-18T22:46:49","guid":{"rendered":"https:\/\/diariotextual.com\/inicio\/?p=244743"},"modified":"2023-11-19T05:32:29","modified_gmt":"2023-11-19T08:32:29","slug":"parapanamericanos-la-pampeana-anita-pellitero-le-dio-la-primera-medalla-de-oro-al-pais","status":"publish","type":"post","link":"https:\/\/diariotextual.com\/inicio\/index.php\/2023\/11\/18\/parapanamericanos-la-pampeana-anita-pellitero-le-dio-la-primera-medalla-de-oro-al-pais\/","title":{"rendered":"Parapanamericanos: la pampeana Anita Pellitero le dio la primera medalla de oro al pa\u00eds"},"content":{"rendered":"\n<p>La piquense Analuz Pellitero le dio la primera medalla de oro a la Argentina en los 50 libre en los Juegos Parapanamericanos de Santiago de Chile 2023. M\u00e1s tarde, Diego Nicol\u00e1s Rivero aport\u00f3 la segunda en 100 pecho.<\/p>\n\n\n\n<p>Pellitero se impuso en la prueba de 50 metros libre S11, con un tiempo de 32.16, e instal\u00f3 un nuevo r\u00e9cord panamericano.<\/p>\n\n\n\n<p>La pampeana, que particip\u00f3 en los Juegos Paral\u00edmpicos de Tokio, consigui\u00f3 este a\u00f1o su primera medalla en el Mundial de paranataci\u00f3n en Manchester, Inglaterra, tras obtener el bronce en los 100 metros espalda.<\/p>\n\n\n\n<p>Por su parte, el nadador Diego Nicol\u00e1s Rivero (de River Plate) sum\u00f3 la segunda medalla dorada para la delegaci\u00f3n nacional al ganar en los 100 metros pecho SB4, con un tiempo de 1:43.00, destac\u00f3 T\u00e9lam.<\/p>\n","protected":false},"excerpt":{"rendered":"<p>La piquense Analuz Pellitero le dio la primera medalla de oro a la Argentina en los 50 libre en los Juegos Parapanamericanos de Santiago de Chile 2023. M\u00e1s tarde, Diego&hellip;<\/p>\n","protected":false},"author":3,"featured_media":244745,"comment_status":"closed","ping_status":"open","sticky":false,"template":"","format":"standard","meta":{"_acf_changed":false,"footnotes":""},"categories":[1,3],"tags":[],"class_list":["post-244743","post","type-post","status-publish","format-standard","has-post-thumbnail","hentry","category-es-noticia","category-deportes"],"acf":[],"yoast_head":"<!-- This site is optimized with the Yoast SEO plugin v27.5 - https:\/\/yoast.com\/product\/yoast-seo-wordpress\/ -->\n<title>Parapanamericanos: la pampeana Anita Pellitero le dio la primera medalla de oro al pa\u00eds - Diario Textual<\/title>\n<meta name=\"robots\" content=\"index, follow, max-snippet:-1, max-image-preview:large, max-video-preview:-1\" \/>\n<link rel=\"canonical\" href=\"https:\/\/diariotextual.com\/inicio\/index.php\/2023\/11\/18\/parapanamericanos-la-pampeana-anita-pellitero-le-dio-la-primera-medalla-de-oro-al-pais\/\" \/>\n<meta property=\"og:locale\" content=\"es_ES\" \/>\n<meta property=\"og:type\" content=\"article\" \/>\n<meta property=\"og:title\" content=\"Parapanamericanos: la pampeana Anita Pellitero le dio la primera medalla de oro al pa\u00eds - Diario Textual\" \/>\n<meta property=\"og:description\" content=\"La piquense Analuz Pellitero le dio la primera medalla de oro a la Argentina en los 50 libre en los Juegos Parapanamericanos de Santiago de Chile 2023. M\u00e1s tarde, Diego&hellip;\" \/>\n<meta property=\"og:url\" content=\"https:\/\/diariotextual.com\/inicio\/index.php\/2023\/11\/18\/parapanamericanos-la-pampeana-anita-pellitero-le-dio-la-primera-medalla-de-oro-al-pais\/\" \/>\n<meta property=\"og:site_name\" content=\"Diario Textual\" \/>\n<meta property=\"article:publisher\" content=\"https:\/\/www.facebook.com\/eltextual\" \/>\n<meta property=\"article:published_time\" content=\"2023-11-18T22:46:49+00:00\" \/>\n<meta property=\"article:modified_time\" content=\"2023-11-19T08:32:29+00:00\" \/>\n<meta property=\"og:image\" content=\"https:\/\/diariotextual.com\/inicio\/wp-content\/uploads\/2023\/11\/pelliteroanita2023-12.jpg\" \/>\n\t<meta property=\"og:image:width\" content=\"960\" \/>\n\t<meta property=\"og:image:height\" content=\"807\" \/>\n\t<meta property=\"og:image:type\" content=\"image\/jpeg\" \/>\n<meta name=\"author\" content=\"Diario1 Diario1\" \/>\n<meta name=\"twitter:card\" content=\"summary_large_image\" \/>\n<meta name=\"twitter:creator\" content=\"@eltextual\" \/>\n<meta name=\"twitter:site\" content=\"@eltextual\" \/>\n<meta name=\"twitter:label1\" content=\"Escrito por\" \/>\n\t<meta name=\"twitter:data1\" content=\"Diario1 Diario1\" \/>\n\t<meta name=\"twitter:label2\" content=\"Tiempo de lectura\" \/>\n\t<meta name=\"twitter:data2\" content=\"1 minuto\" \/>\n<script type=\"application\/ld+json\" class=\"yoast-schema-graph\">{\"@context\":\"https:\\\/\\\/schema.org\",\"@graph\":[{\"@type\":\"Article\",\"@id\":\"https:\\\/\\\/diariotextual.com\\\/inicio\\\/index.php\\\/2023\\\/11\\\/18\\\/parapanamericanos-la-pampeana-anita-pellitero-le-dio-la-primera-medalla-de-oro-al-pais\\\/#article\",\"isPartOf\":{\"@id\":\"https:\\\/\\\/diariotextual.com\\\/inicio\\\/index.php\\\/2023\\\/11\\\/18\\\/parapanamericanos-la-pampeana-anita-pellitero-le-dio-la-primera-medalla-de-oro-al-pais\\\/\"},\"author\":{\"name\":\"Diario1 Diario1\",\"@id\":\"https:\\\/\\\/diariotextual.com\\\/inicio\\\/#\\\/schema\\\/person\\\/418fc4093c33e86ed41562db3508f958\"},\"headline\":\"Parapanamericanos: la pampeana Anita Pellitero le dio la primera medalla de oro al pa\u00eds\",\"datePublished\":\"2023-11-18T22:46:49+00:00\",\"dateModified\":\"2023-11-19T08:32:29+00:00\",\"mainEntityOfPage\":{\"@id\":\"https:\\\/\\\/diariotextual.com\\\/inicio\\\/index.php\\\/2023\\\/11\\\/18\\\/parapanamericanos-la-pampeana-anita-pellitero-le-dio-la-primera-medalla-de-oro-al-pais\\\/\"},\"wordCount\":144,\"publisher\":{\"@id\":\"https:\\\/\\\/diariotextual.com\\\/inicio\\\/#organization\"},\"image\":{\"@id\":\"https:\\\/\\\/diariotextual.com\\\/inicio\\\/index.php\\\/2023\\\/11\\\/18\\\/parapanamericanos-la-pampeana-anita-pellitero-le-dio-la-primera-medalla-de-oro-al-pais\\\/#primaryimage\"},\"thumbnailUrl\":\"https:\\\/\\\/diariotextual.com\\\/inicio\\\/wp-content\\\/uploads\\\/2023\\\/11\\\/pelliteroanita2023-12.jpg\",\"articleSection\":[\"A - ES NOTICIA (van abajo)\",\"DEPORTES\"],\"inLanguage\":\"es\"},{\"@type\":\"WebPage\",\"@id\":\"https:\\\/\\\/diariotextual.com\\\/inicio\\\/index.php\\\/2023\\\/11\\\/18\\\/parapanamericanos-la-pampeana-anita-pellitero-le-dio-la-primera-medalla-de-oro-al-pais\\\/\",\"url\":\"https:\\\/\\\/diariotextual.com\\\/inicio\\\/index.php\\\/2023\\\/11\\\/18\\\/parapanamericanos-la-pampeana-anita-pellitero-le-dio-la-primera-medalla-de-oro-al-pais\\\/\",\"name\":\"Parapanamericanos: la pampeana Anita Pellitero le dio la primera medalla de oro al pa\u00eds - Diario Textual\",\"isPartOf\":{\"@id\":\"https:\\\/\\\/diariotextual.com\\\/inicio\\\/#website\"},\"primaryImageOfPage\":{\"@id\":\"https:\\\/\\\/diariotextual.com\\\/inicio\\\/index.php\\\/2023\\\/11\\\/18\\\/parapanamericanos-la-pampeana-anita-pellitero-le-dio-la-primera-medalla-de-oro-al-pais\\\/#primaryimage\"},\"image\":{\"@id\":\"https:\\\/\\\/diariotextual.com\\\/inicio\\\/index.php\\\/2023\\\/11\\\/18\\\/parapanamericanos-la-pampeana-anita-pellitero-le-dio-la-primera-medalla-de-oro-al-pais\\\/#primaryimage\"},\"thumbnailUrl\":\"https:\\\/\\\/diariotextual.com\\\/inicio\\\/wp-content\\\/uploads\\\/2023\\\/11\\\/pelliteroanita2023-12.jpg\",\"datePublished\":\"2023-11-18T22:46:49+00:00\",\"dateModified\":\"2023-11-19T08:32:29+00:00\",\"breadcrumb\":{\"@id\":\"https:\\\/\\\/diariotextual.com\\\/inicio\\\/index.php\\\/2023\\\/11\\\/18\\\/parapanamericanos-la-pampeana-anita-pellitero-le-dio-la-primera-medalla-de-oro-al-pais\\\/#breadcrumb\"},\"inLanguage\":\"es\",\"potentialAction\":[{\"@type\":\"ReadAction\",\"target\":[\"https:\\\/\\\/diariotextual.com\\\/inicio\\\/index.php\\\/2023\\\/11\\\/18\\\/parapanamericanos-la-pampeana-anita-pellitero-le-dio-la-primera-medalla-de-oro-al-pais\\\/\"]}]},{\"@type\":\"ImageObject\",\"inLanguage\":\"es\",\"@id\":\"https:\\\/\\\/diariotextual.com\\\/inicio\\\/index.php\\\/2023\\\/11\\\/18\\\/parapanamericanos-la-pampeana-anita-pellitero-le-dio-la-primera-medalla-de-oro-al-pais\\\/#primaryimage\",\"url\":\"https:\\\/\\\/diariotextual.com\\\/inicio\\\/wp-content\\\/uploads\\\/2023\\\/11\\\/pelliteroanita2023-12.jpg\",\"contentUrl\":\"https:\\\/\\\/diariotextual.com\\\/inicio\\\/wp-content\\\/uploads\\\/2023\\\/11\\\/pelliteroanita2023-12.jpg\",\"width\":960,\"height\":807},{\"@type\":\"BreadcrumbList\",\"@id\":\"https:\\\/\\\/diariotextual.com\\\/inicio\\\/index.php\\\/2023\\\/11\\\/18\\\/parapanamericanos-la-pampeana-anita-pellitero-le-dio-la-primera-medalla-de-oro-al-pais\\\/#breadcrumb\",\"itemListElement\":[{\"@type\":\"ListItem\",\"position\":1,\"name\":\"Portada\",\"item\":\"https:\\\/\\\/diariotextual.com\\\/inicio\\\/\"},{\"@type\":\"ListItem\",\"position\":2,\"name\":\"Parapanamericanos: la pampeana Anita Pellitero le dio la primera medalla de oro al pa\u00eds\"}]},{\"@type\":\"WebSite\",\"@id\":\"https:\\\/\\\/diariotextual.com\\\/inicio\\\/#website\",\"url\":\"https:\\\/\\\/diariotextual.com\\\/inicio\\\/\",\"name\":\"Diario Textual\",\"description\":\"\",\"publisher\":{\"@id\":\"https:\\\/\\\/diariotextual.com\\\/inicio\\\/#organization\"},\"potentialAction\":[{\"@type\":\"SearchAction\",\"target\":{\"@type\":\"EntryPoint\",\"urlTemplate\":\"https:\\\/\\\/diariotextual.com\\\/inicio\\\/?s={search_term_string}\"},\"query-input\":{\"@type\":\"PropertyValueSpecification\",\"valueRequired\":true,\"valueName\":\"search_term_string\"}}],\"inLanguage\":\"es\"},{\"@type\":\"Organization\",\"@id\":\"https:\\\/\\\/diariotextual.com\\\/inicio\\\/#organization\",\"name\":\"Diario Textual\",\"url\":\"https:\\\/\\\/diariotextual.com\\\/inicio\\\/\",\"logo\":{\"@type\":\"ImageObject\",\"inLanguage\":\"es\",\"@id\":\"https:\\\/\\\/diariotextual.com\\\/inicio\\\/#\\\/schema\\\/logo\\\/image\\\/\",\"url\":\"https:\\\/\\\/diariotextual.com\\\/inicio\\\/wp-content\\\/uploads\\\/2023\\\/05\\\/logotextual1.jpg\",\"contentUrl\":\"https:\\\/\\\/diariotextual.com\\\/inicio\\\/wp-content\\\/uploads\\\/2023\\\/05\\\/logotextual1.jpg\",\"width\":516,\"height\":76,\"caption\":\"Diario Textual\"},\"image\":{\"@id\":\"https:\\\/\\\/diariotextual.com\\\/inicio\\\/#\\\/schema\\\/logo\\\/image\\\/\"},\"sameAs\":[\"https:\\\/\\\/www.facebook.com\\\/eltextual\",\"https:\\\/\\\/x.com\\\/eltextual\",\"http:\\\/\\\/www.instagram.com\\\/eltextual\"]},{\"@type\":\"Person\",\"@id\":\"https:\\\/\\\/diariotextual.com\\\/inicio\\\/#\\\/schema\\\/person\\\/418fc4093c33e86ed41562db3508f958\",\"name\":\"Diario1 Diario1\",\"image\":{\"@type\":\"ImageObject\",\"inLanguage\":\"es\",\"@id\":\"https:\\\/\\\/secure.gravatar.com\\\/avatar\\\/9167d280179c85bc18be67aa7eda765854300033af4896dd779b608640f2ef7a?s=96&d=mm&r=g\",\"url\":\"https:\\\/\\\/secure.gravatar.com\\\/avatar\\\/9167d280179c85bc18be67aa7eda765854300033af4896dd779b608640f2ef7a?s=96&d=mm&r=g\",\"contentUrl\":\"https:\\\/\\\/secure.gravatar.com\\\/avatar\\\/9167d280179c85bc18be67aa7eda765854300033af4896dd779b608640f2ef7a?s=96&d=mm&r=g\",\"caption\":\"Diario1 Diario1\"},\"url\":\"https:\\\/\\\/diariotextual.com\\\/inicio\\\/index.php\\\/author\\\/diario1\\\/\"}]}<\/script>\n<!-- \/ Yoast SEO plugin. -->","yoast_head_json":{"title":"Parapanamericanos: la pampeana Anita Pellitero le dio la primera medalla de oro al pa\u00eds - Diario Textual","robots":{"index":"index","follow":"follow","max-snippet":"max-snippet:-1","max-image-preview":"max-image-preview:large","max-video-preview":"max-video-preview:-1"},"canonical":"https:\/\/diariotextual.com\/inicio\/index.php\/2023\/11\/18\/parapanamericanos-la-pampeana-anita-pellitero-le-dio-la-primera-medalla-de-oro-al-pais\/","og_locale":"es_ES","og_type":"article","og_title":"Parapanamericanos: la pampeana Anita Pellitero le dio la primera medalla de oro al pa\u00eds - Diario Textual","og_description":"La piquense Analuz Pellitero le dio la primera medalla de oro a la Argentina en los 50 libre en los Juegos Parapanamericanos de Santiago de Chile 2023. M\u00e1s tarde, Diego&hellip;","og_url":"https:\/\/diariotextual.com\/inicio\/index.php\/2023\/11\/18\/parapanamericanos-la-pampeana-anita-pellitero-le-dio-la-primera-medalla-de-oro-al-pais\/","og_site_name":"Diario Textual","article_publisher":"https:\/\/www.facebook.com\/eltextual","article_published_time":"2023-11-18T22:46:49+00:00","article_modified_time":"2023-11-19T08:32:29+00:00","og_image":[{"width":960,"height":807,"url":"https:\/\/diariotextual.com\/inicio\/wp-content\/uploads\/2023\/11\/pelliteroanita2023-12.jpg","type":"image\/jpeg"}],"author":"Diario1 Diario1","twitter_card":"summary_large_image","twitter_creator":"@eltextual","twitter_site":"@eltextual","twitter_misc":{"Escrito por":"Diario1 Diario1","Tiempo de lectura":"1 minuto"},"schema":{"@context":"https:\/\/schema.org","@graph":[{"@type":"Article","@id":"https:\/\/diariotextual.com\/inicio\/index.php\/2023\/11\/18\/parapanamericanos-la-pampeana-anita-pellitero-le-dio-la-primera-medalla-de-oro-al-pais\/#article","isPartOf":{"@id":"https:\/\/diariotextual.com\/inicio\/index.php\/2023\/11\/18\/parapanamericanos-la-pampeana-anita-pellitero-le-dio-la-primera-medalla-de-oro-al-pais\/"},"author":{"name":"Diario1 Diario1","@id":"https:\/\/diariotextual.com\/inicio\/#\/schema\/person\/418fc4093c33e86ed41562db3508f958"},"headline":"Parapanamericanos: la pampeana Anita Pellitero le dio la primera medalla de oro al pa\u00eds","datePublished":"2023-11-18T22:46:49+00:00","dateModified":"2023-11-19T08:32:29+00:00","mainEntityOfPage":{"@id":"https:\/\/diariotextual.com\/inicio\/index.php\/2023\/11\/18\/parapanamericanos-la-pampeana-anita-pellitero-le-dio-la-primera-medalla-de-oro-al-pais\/"},"wordCount":144,"publisher":{"@id":"https:\/\/diariotextual.com\/inicio\/#organization"},"image":{"@id":"https:\/\/diariotextual.com\/inicio\/index.php\/2023\/11\/18\/parapanamericanos-la-pampeana-anita-pellitero-le-dio-la-primera-medalla-de-oro-al-pais\/#primaryimage"},"thumbnailUrl":"https:\/\/diariotextual.com\/inicio\/wp-content\/uploads\/2023\/11\/pelliteroanita2023-12.jpg","articleSection":["A - ES NOTICIA (van abajo)","DEPORTES"],"inLanguage":"es"},{"@type":"WebPage","@id":"https:\/\/diariotextual.com\/inicio\/index.php\/2023\/11\/18\/parapanamericanos-la-pampeana-anita-pellitero-le-dio-la-primera-medalla-de-oro-al-pais\/","url":"https:\/\/diariotextual.com\/inicio\/index.php\/2023\/11\/18\/parapanamericanos-la-pampeana-anita-pellitero-le-dio-la-primera-medalla-de-oro-al-pais\/","name":"Parapanamericanos: la pampeana Anita Pellitero le dio la primera medalla de oro al pa\u00eds - Diario Textual","isPartOf":{"@id":"https:\/\/diariotextual.com\/inicio\/#website"},"primaryImageOfPage":{"@id":"https:\/\/diariotextual.com\/inicio\/index.php\/2023\/11\/18\/parapanamericanos-la-pampeana-anita-pellitero-le-dio-la-primera-medalla-de-oro-al-pais\/#primaryimage"},"image":{"@id":"https:\/\/diariotextual.com\/inicio\/index.php\/2023\/11\/18\/parapanamericanos-la-pampeana-anita-pellitero-le-dio-la-primera-medalla-de-oro-al-pais\/#primaryimage"},"thumbnailUrl":"https:\/\/diariotextual.com\/inicio\/wp-content\/uploads\/2023\/11\/pelliteroanita2023-12.jpg","datePublished":"2023-11-18T22:46:49+00:00","dateModified":"2023-11-19T08:32:29+00:00","breadcrumb":{"@id":"https:\/\/diariotextual.com\/inicio\/index.php\/2023\/11\/18\/parapanamericanos-la-pampeana-anita-pellitero-le-dio-la-primera-medalla-de-oro-al-pais\/#breadcrumb"},"inLanguage":"es","potentialAction":[{"@type":"ReadAction","target":["https:\/\/diariotextual.com\/inicio\/index.php\/2023\/11\/18\/parapanamericanos-la-pampeana-anita-pellitero-le-dio-la-primera-medalla-de-oro-al-pais\/"]}]},{"@type":"ImageObject","inLanguage":"es","@id":"https:\/\/diariotextual.com\/inicio\/index.php\/2023\/11\/18\/parapanamericanos-la-pampeana-anita-pellitero-le-dio-la-primera-medalla-de-oro-al-pais\/#primaryimage","url":"https:\/\/diariotextual.com\/inicio\/wp-content\/uploads\/2023\/11\/pelliteroanita2023-12.jpg","contentUrl":"https:\/\/diariotextual.com\/inicio\/wp-content\/uploads\/2023\/11\/pelliteroanita2023-12.jpg","width":960,"height":807},{"@type":"BreadcrumbList","@id":"https:\/\/diariotextual.com\/inicio\/index.php\/2023\/11\/18\/parapanamericanos-la-pampeana-anita-pellitero-le-dio-la-primera-medalla-de-oro-al-pais\/#breadcrumb","itemListElement":[{"@type":"ListItem","position":1,"name":"Portada","item":"https:\/\/diariotextual.com\/inicio\/"},{"@type":"ListItem","position":2,"name":"Parapanamericanos: la pampeana Anita Pellitero le dio la primera medalla de oro al pa\u00eds"}]},{"@type":"WebSite","@id":"https:\/\/diariotextual.com\/inicio\/#website","url":"https:\/\/diariotextual.com\/inicio\/","name":"Diario Textual","description":"","publisher":{"@id":"https:\/\/diariotextual.com\/inicio\/#organization"},"potentialAction":[{"@type":"SearchAction","target":{"@type":"EntryPoint","urlTemplate":"https:\/\/diariotextual.com\/inicio\/?s={search_term_string}"},"query-input":{"@type":"PropertyValueSpecification","valueRequired":true,"valueName":"search_term_string"}}],"inLanguage":"es"},{"@type":"Organization","@id":"https:\/\/diariotextual.com\/inicio\/#organization","name":"Diario Textual","url":"https:\/\/diariotextual.com\/inicio\/","logo":{"@type":"ImageObject","inLanguage":"es","@id":"https:\/\/diariotextual.com\/inicio\/#\/schema\/logo\/image\/","url":"https:\/\/diariotextual.com\/inicio\/wp-content\/uploads\/2023\/05\/logotextual1.jpg","contentUrl":"https:\/\/diariotextual.com\/inicio\/wp-content\/uploads\/2023\/05\/logotextual1.jpg","width":516,"height":76,"caption":"Diario Textual"},"image":{"@id":"https:\/\/diariotextual.com\/inicio\/#\/schema\/logo\/image\/"},"sameAs":["https:\/\/www.facebook.com\/eltextual","https:\/\/x.com\/eltextual","http:\/\/www.instagram.com\/eltextual"]},{"@type":"Person","@id":"https:\/\/diariotextual.com\/inicio\/#\/schema\/person\/418fc4093c33e86ed41562db3508f958","name":"Diario1 Diario1","image":{"@type":"ImageObject","inLanguage":"es","@id":"https:\/\/secure.gravatar.com\/avatar\/9167d280179c85bc18be67aa7eda765854300033af4896dd779b608640f2ef7a?s=96&d=mm&r=g","url":"https:\/\/secure.gravatar.com\/avatar\/9167d280179c85bc18be67aa7eda765854300033af4896dd779b608640f2ef7a?s=96&d=mm&r=g","contentUrl":"https:\/\/secure.gravatar.com\/avatar\/9167d280179c85bc18be67aa7eda765854300033af4896dd779b608640f2ef7a?s=96&d=mm&r=g","caption":"Diario1 Diario1"},"url":"https:\/\/diariotextual.com\/inicio\/index.php\/author\/diario1\/"}]}},"_links":{"self":[{"href":"https:\/\/diariotextual.com\/inicio\/index.php\/wp-json\/wp\/v2\/posts\/244743","targetHints":{"allow":["GET"]}}],"collection":[{"href":"https:\/\/diariotextual.com\/inicio\/index.php\/wp-json\/wp\/v2\/posts"}],"about":[{"href":"https:\/\/diariotextual.com\/inicio\/index.php\/wp-json\/wp\/v2\/types\/post"}],"author":[{"embeddable":true,"href":"https:\/\/diariotextual.com\/inicio\/index.php\/wp-json\/wp\/v2\/users\/3"}],"replies":[{"embeddable":true,"href":"https:\/\/diariotextual.com\/inicio\/index.php\/wp-json\/wp\/v2\/comments?post=244743"}],"version-history":[{"count":1,"href":"https:\/\/diariotextual.com\/inicio\/index.php\/wp-json\/wp\/v2\/posts\/244743\/revisions"}],"predecessor-version":[{"id":244744,"href":"https:\/\/diariotextual.com\/inicio\/index.php\/wp-json\/wp\/v2\/posts\/244743\/revisions\/244744"}],"wp:featuredmedia":[{"embeddable":true,"href":"https:\/\/diariotextual.com\/inicio\/index.php\/wp-json\/wp\/v2\/media\/244745"}],"wp:attachment":[{"href":"https:\/\/diariotextual.com\/inicio\/index.php\/wp-json\/wp\/v2\/media?parent=244743"}],"wp:term":[{"taxonomy":"category","embeddable":true,"href":"https:\/\/diariotextual.com\/inicio\/index.php\/wp-json\/wp\/v2\/categories?post=244743"},{"taxonomy":"post_tag","embeddable":true,"href":"https:\/\/diariotextual.com\/inicio\/index.php\/wp-json\/wp\/v2\/tags?post=244743"}],"curies":[{"name":"wp","href":"https:\/\/api.w.org\/{rel}","templated":true}]}}