{"id":245131,"date":"2023-11-21T06:54:27","date_gmt":"2023-11-21T09:54:27","guid":{"rendered":"https:\/\/diariotextual.com\/inicio\/?p=245131"},"modified":"2023-11-21T07:30:00","modified_gmt":"2023-11-21T10:30:00","slug":"argentina-visita-a-brasil-por-las-eliminatorias","status":"publish","type":"post","link":"https:\/\/diariotextual.com\/inicio\/index.php\/2023\/11\/21\/argentina-visita-a-brasil-por-las-eliminatorias\/","title":{"rendered":"Argentina visita a Brasil por las Eliminatorias"},"content":{"rendered":"\n<p>La&nbsp;selecci\u00f3n argentina&nbsp;buscar\u00e1 este martes dejar atr\u00e1s la derrota ante Uruguay en una nueva edici\u00f3n del cl\u00e1sico ante&nbsp;Brasil, correspondiente a la sexta fecha de las Eliminatorias sudamericanas rumbo al Mundial de Estados Unidos, M\u00e9xico y Canad\u00e1 2026.<\/p>\n\n\n\n<p>El encuentro se disputar\u00e1 en el estadio Maracan\u00e1 desde las 21:30 (hora argentina) y contar\u00e1 con el arbitraje del chileno Piero Maza junto a su compatriota Juan Lara en el VAR, mientras que ser\u00e1 transmitido por la TV P\u00fablica y TyC Sports.<\/p>\n\n\n\n<p>Argentina viene de perder por 2 a 0 con Uruguay en La Bombonera, en un duelo en el que fue ampliamente superado por el equipo dirigido por Marcelo Bielsa, por lo que intentar\u00e1 retomar la senda de la victoria para no poner en riesgo el liderazgo de las Eliminatorias.<\/p>\n\n\n\n<p>Lionel Scaloni podr\u00eda definir algunos cambios en relaci\u00f3n al equipo que cay\u00f3 ante Uruguay:&nbsp;Leandro Paredes o \u00c1ngel Di Mar\u00eda reemplazar\u00edan a Nicol\u00e1s Gonz\u00e1lez, mientras que Lautaro Mart\u00ednez se podr\u00eda imponer en el duelo con Juli\u00e1n \u00c1lvarez por un lugar en el ataque del seleccionado.<\/p>\n\n\n\n<p>Por el lado de Brasil, que perdi\u00f3 2 a 1 con Colombia en la quinta fecha del certamen, no podr\u00e1 ser de la partida&nbsp;Vinicius Jr.&nbsp;por haber sufrido una lesi\u00f3n en la derrota con el elenco \u00abcafetero\u00bb, por lo que se sum\u00f3 a la larga lista de bajas que ya inclu\u00eda a&nbsp;Ederson, Danilo, Casemiro y Neymar.<\/p>\n\n\n\n<p>Probables formaciones:<\/p>\n\n\n\n<p>Brasil:&nbsp;Alisson; Emerson, Marquinhos, Gabriel Magalhaes, Augusto; Bruno Guimaraes, Andr\u00e9; Raphinha, Rodrygo, Gabriel Martinelli; y Gabriel Jesus o Joao Pedro. DT: Fernando Diniz.<\/p>\n\n\n\n<p>Argentina:&nbsp;Emiliano Mart\u00ednez; Nahuel Molina, Cristian Romero, Nicol\u00e1s Otamendi, Nicol\u00e1s Tagliafico; Rodrigo De Paul, Enzo Fern\u00e1ndez, Alexis Mac Allister; \u00c1ngel Di Mar\u00eda o Leandro Paredes, Lionel Messi y Lautaro Mart\u00ednez o Juli\u00e1n \u00c1lvarez. DT: Lionel Scaloni.<\/p>\n\n\n\n<p>Estadio: Maracan\u00e1.<br>\u00c1rbitro: Piero Maza.<br>VAR: Juan Lara.<br>Hora: 21:30. TV: TV P\u00fablica y TyC Sports.<\/p>\n","protected":false},"excerpt":{"rendered":"<p>La&nbsp;selecci\u00f3n argentina&nbsp;buscar\u00e1 este martes dejar atr\u00e1s la derrota ante Uruguay en una nueva edici\u00f3n del cl\u00e1sico ante&nbsp;Brasil, correspondiente a la sexta fecha de las Eliminatorias sudamericanas rumbo al Mundial de&hellip;<\/p>\n","protected":false},"author":7,"featured_media":245134,"comment_status":"closed","ping_status":"open","sticky":false,"template":"","format":"standard","meta":{"_acf_changed":false,"footnotes":""},"categories":[1,3],"tags":[],"class_list":["post-245131","post","type-post","status-publish","format-standard","has-post-thumbnail","hentry","category-es-noticia","category-deportes"],"acf":[],"yoast_head":"<!-- This site is optimized with the Yoast SEO plugin v27.5 - https:\/\/yoast.com\/product\/yoast-seo-wordpress\/ -->\n<title>Argentina visita a Brasil por las Eliminatorias - Diario Textual<\/title>\n<meta name=\"robots\" content=\"index, follow, max-snippet:-1, max-image-preview:large, max-video-preview:-1\" \/>\n<link rel=\"canonical\" href=\"https:\/\/diariotextual.com\/inicio\/index.php\/2023\/11\/21\/argentina-visita-a-brasil-por-las-eliminatorias\/\" \/>\n<meta property=\"og:locale\" content=\"es_ES\" \/>\n<meta property=\"og:type\" content=\"article\" \/>\n<meta property=\"og:title\" content=\"Argentina visita a Brasil por las Eliminatorias - Diario Textual\" \/>\n<meta property=\"og:description\" content=\"La&nbsp;selecci\u00f3n argentina&nbsp;buscar\u00e1 este martes dejar atr\u00e1s la derrota ante Uruguay en una nueva edici\u00f3n del cl\u00e1sico ante&nbsp;Brasil, correspondiente a la sexta fecha de las Eliminatorias sudamericanas rumbo al Mundial de&hellip;\" \/>\n<meta property=\"og:url\" content=\"https:\/\/diariotextual.com\/inicio\/index.php\/2023\/11\/21\/argentina-visita-a-brasil-por-las-eliminatorias\/\" \/>\n<meta property=\"og:site_name\" content=\"Diario Textual\" \/>\n<meta property=\"article:publisher\" content=\"https:\/\/www.facebook.com\/eltextual\" \/>\n<meta property=\"article:published_time\" content=\"2023-11-21T09:54:27+00:00\" \/>\n<meta property=\"article:modified_time\" content=\"2023-11-21T10:30:00+00:00\" \/>\n<meta property=\"og:image\" content=\"https:\/\/diariotextual.com\/inicio\/wp-content\/uploads\/2023\/11\/argentinabrasileliminatorias2023.jpg\" \/>\n\t<meta property=\"og:image:width\" content=\"1350\" \/>\n\t<meta property=\"og:image:height\" content=\"900\" \/>\n\t<meta property=\"og:image:type\" content=\"image\/jpeg\" \/>\n<meta name=\"author\" content=\"diario5\" \/>\n<meta name=\"twitter:card\" content=\"summary_large_image\" \/>\n<meta name=\"twitter:creator\" content=\"@eltextual\" \/>\n<meta name=\"twitter:site\" content=\"@eltextual\" \/>\n<meta name=\"twitter:label1\" content=\"Escrito por\" \/>\n\t<meta name=\"twitter:data1\" content=\"diario5\" \/>\n\t<meta name=\"twitter:label2\" content=\"Tiempo de lectura\" \/>\n\t<meta name=\"twitter:data2\" content=\"2 minutos\" \/>\n<script type=\"application\/ld+json\" class=\"yoast-schema-graph\">{\"@context\":\"https:\\\/\\\/schema.org\",\"@graph\":[{\"@type\":\"Article\",\"@id\":\"https:\\\/\\\/diariotextual.com\\\/inicio\\\/index.php\\\/2023\\\/11\\\/21\\\/argentina-visita-a-brasil-por-las-eliminatorias\\\/#article\",\"isPartOf\":{\"@id\":\"https:\\\/\\\/diariotextual.com\\\/inicio\\\/index.php\\\/2023\\\/11\\\/21\\\/argentina-visita-a-brasil-por-las-eliminatorias\\\/\"},\"author\":{\"name\":\"diario5\",\"@id\":\"https:\\\/\\\/diariotextual.com\\\/inicio\\\/#\\\/schema\\\/person\\\/c7834961ad8b29b1d9cdbf4571299067\"},\"headline\":\"Argentina visita a Brasil por las Eliminatorias\",\"datePublished\":\"2023-11-21T09:54:27+00:00\",\"dateModified\":\"2023-11-21T10:30:00+00:00\",\"mainEntityOfPage\":{\"@id\":\"https:\\\/\\\/diariotextual.com\\\/inicio\\\/index.php\\\/2023\\\/11\\\/21\\\/argentina-visita-a-brasil-por-las-eliminatorias\\\/\"},\"wordCount\":344,\"publisher\":{\"@id\":\"https:\\\/\\\/diariotextual.com\\\/inicio\\\/#organization\"},\"image\":{\"@id\":\"https:\\\/\\\/diariotextual.com\\\/inicio\\\/index.php\\\/2023\\\/11\\\/21\\\/argentina-visita-a-brasil-por-las-eliminatorias\\\/#primaryimage\"},\"thumbnailUrl\":\"https:\\\/\\\/diariotextual.com\\\/inicio\\\/wp-content\\\/uploads\\\/2023\\\/11\\\/argentinabrasileliminatorias2023.jpg\",\"articleSection\":[\"A - ES NOTICIA (van abajo)\",\"DEPORTES\"],\"inLanguage\":\"es\"},{\"@type\":\"WebPage\",\"@id\":\"https:\\\/\\\/diariotextual.com\\\/inicio\\\/index.php\\\/2023\\\/11\\\/21\\\/argentina-visita-a-brasil-por-las-eliminatorias\\\/\",\"url\":\"https:\\\/\\\/diariotextual.com\\\/inicio\\\/index.php\\\/2023\\\/11\\\/21\\\/argentina-visita-a-brasil-por-las-eliminatorias\\\/\",\"name\":\"Argentina visita a Brasil por las Eliminatorias - Diario Textual\",\"isPartOf\":{\"@id\":\"https:\\\/\\\/diariotextual.com\\\/inicio\\\/#website\"},\"primaryImageOfPage\":{\"@id\":\"https:\\\/\\\/diariotextual.com\\\/inicio\\\/index.php\\\/2023\\\/11\\\/21\\\/argentina-visita-a-brasil-por-las-eliminatorias\\\/#primaryimage\"},\"image\":{\"@id\":\"https:\\\/\\\/diariotextual.com\\\/inicio\\\/index.php\\\/2023\\\/11\\\/21\\\/argentina-visita-a-brasil-por-las-eliminatorias\\\/#primaryimage\"},\"thumbnailUrl\":\"https:\\\/\\\/diariotextual.com\\\/inicio\\\/wp-content\\\/uploads\\\/2023\\\/11\\\/argentinabrasileliminatorias2023.jpg\",\"datePublished\":\"2023-11-21T09:54:27+00:00\",\"dateModified\":\"2023-11-21T10:30:00+00:00\",\"breadcrumb\":{\"@id\":\"https:\\\/\\\/diariotextual.com\\\/inicio\\\/index.php\\\/2023\\\/11\\\/21\\\/argentina-visita-a-brasil-por-las-eliminatorias\\\/#breadcrumb\"},\"inLanguage\":\"es\",\"potentialAction\":[{\"@type\":\"ReadAction\",\"target\":[\"https:\\\/\\\/diariotextual.com\\\/inicio\\\/index.php\\\/2023\\\/11\\\/21\\\/argentina-visita-a-brasil-por-las-eliminatorias\\\/\"]}]},{\"@type\":\"ImageObject\",\"inLanguage\":\"es\",\"@id\":\"https:\\\/\\\/diariotextual.com\\\/inicio\\\/index.php\\\/2023\\\/11\\\/21\\\/argentina-visita-a-brasil-por-las-eliminatorias\\\/#primaryimage\",\"url\":\"https:\\\/\\\/diariotextual.com\\\/inicio\\\/wp-content\\\/uploads\\\/2023\\\/11\\\/argentinabrasileliminatorias2023.jpg\",\"contentUrl\":\"https:\\\/\\\/diariotextual.com\\\/inicio\\\/wp-content\\\/uploads\\\/2023\\\/11\\\/argentinabrasileliminatorias2023.jpg\",\"width\":1350,\"height\":900},{\"@type\":\"BreadcrumbList\",\"@id\":\"https:\\\/\\\/diariotextual.com\\\/inicio\\\/index.php\\\/2023\\\/11\\\/21\\\/argentina-visita-a-brasil-por-las-eliminatorias\\\/#breadcrumb\",\"itemListElement\":[{\"@type\":\"ListItem\",\"position\":1,\"name\":\"Portada\",\"item\":\"https:\\\/\\\/diariotextual.com\\\/inicio\\\/\"},{\"@type\":\"ListItem\",\"position\":2,\"name\":\"Argentina visita a Brasil por las Eliminatorias\"}]},{\"@type\":\"WebSite\",\"@id\":\"https:\\\/\\\/diariotextual.com\\\/inicio\\\/#website\",\"url\":\"https:\\\/\\\/diariotextual.com\\\/inicio\\\/\",\"name\":\"Diario Textual\",\"description\":\"\",\"publisher\":{\"@id\":\"https:\\\/\\\/diariotextual.com\\\/inicio\\\/#organization\"},\"potentialAction\":[{\"@type\":\"SearchAction\",\"target\":{\"@type\":\"EntryPoint\",\"urlTemplate\":\"https:\\\/\\\/diariotextual.com\\\/inicio\\\/?s={search_term_string}\"},\"query-input\":{\"@type\":\"PropertyValueSpecification\",\"valueRequired\":true,\"valueName\":\"search_term_string\"}}],\"inLanguage\":\"es\"},{\"@type\":\"Organization\",\"@id\":\"https:\\\/\\\/diariotextual.com\\\/inicio\\\/#organization\",\"name\":\"Diario Textual\",\"url\":\"https:\\\/\\\/diariotextual.com\\\/inicio\\\/\",\"logo\":{\"@type\":\"ImageObject\",\"inLanguage\":\"es\",\"@id\":\"https:\\\/\\\/diariotextual.com\\\/inicio\\\/#\\\/schema\\\/logo\\\/image\\\/\",\"url\":\"https:\\\/\\\/diariotextual.com\\\/inicio\\\/wp-content\\\/uploads\\\/2023\\\/05\\\/logotextual1.jpg\",\"contentUrl\":\"https:\\\/\\\/diariotextual.com\\\/inicio\\\/wp-content\\\/uploads\\\/2023\\\/05\\\/logotextual1.jpg\",\"width\":516,\"height\":76,\"caption\":\"Diario Textual\"},\"image\":{\"@id\":\"https:\\\/\\\/diariotextual.com\\\/inicio\\\/#\\\/schema\\\/logo\\\/image\\\/\"},\"sameAs\":[\"https:\\\/\\\/www.facebook.com\\\/eltextual\",\"https:\\\/\\\/x.com\\\/eltextual\",\"http:\\\/\\\/www.instagram.com\\\/eltextual\"]},{\"@type\":\"Person\",\"@id\":\"https:\\\/\\\/diariotextual.com\\\/inicio\\\/#\\\/schema\\\/person\\\/c7834961ad8b29b1d9cdbf4571299067\",\"name\":\"diario5\",\"image\":{\"@type\":\"ImageObject\",\"inLanguage\":\"es\",\"@id\":\"https:\\\/\\\/secure.gravatar.com\\\/avatar\\\/948c893b847ca6df68216ead81b63f363408ec9b0f600fefc0641ce78613b111?s=96&d=mm&r=g\",\"url\":\"https:\\\/\\\/secure.gravatar.com\\\/avatar\\\/948c893b847ca6df68216ead81b63f363408ec9b0f600fefc0641ce78613b111?s=96&d=mm&r=g\",\"contentUrl\":\"https:\\\/\\\/secure.gravatar.com\\\/avatar\\\/948c893b847ca6df68216ead81b63f363408ec9b0f600fefc0641ce78613b111?s=96&d=mm&r=g\",\"caption\":\"diario5\"},\"url\":\"https:\\\/\\\/diariotextual.com\\\/inicio\\\/index.php\\\/author\\\/diario5\\\/\"}]}<\/script>\n<!-- \/ Yoast SEO plugin. -->","yoast_head_json":{"title":"Argentina visita a Brasil por las Eliminatorias - Diario Textual","robots":{"index":"index","follow":"follow","max-snippet":"max-snippet:-1","max-image-preview":"max-image-preview:large","max-video-preview":"max-video-preview:-1"},"canonical":"https:\/\/diariotextual.com\/inicio\/index.php\/2023\/11\/21\/argentina-visita-a-brasil-por-las-eliminatorias\/","og_locale":"es_ES","og_type":"article","og_title":"Argentina visita a Brasil por las Eliminatorias - Diario Textual","og_description":"La&nbsp;selecci\u00f3n argentina&nbsp;buscar\u00e1 este martes dejar atr\u00e1s la derrota ante Uruguay en una nueva edici\u00f3n del cl\u00e1sico ante&nbsp;Brasil, correspondiente a la sexta fecha de las Eliminatorias sudamericanas rumbo al Mundial de&hellip;","og_url":"https:\/\/diariotextual.com\/inicio\/index.php\/2023\/11\/21\/argentina-visita-a-brasil-por-las-eliminatorias\/","og_site_name":"Diario Textual","article_publisher":"https:\/\/www.facebook.com\/eltextual","article_published_time":"2023-11-21T09:54:27+00:00","article_modified_time":"2023-11-21T10:30:00+00:00","og_image":[{"width":1350,"height":900,"url":"https:\/\/diariotextual.com\/inicio\/wp-content\/uploads\/2023\/11\/argentinabrasileliminatorias2023.jpg","type":"image\/jpeg"}],"author":"diario5","twitter_card":"summary_large_image","twitter_creator":"@eltextual","twitter_site":"@eltextual","twitter_misc":{"Escrito por":"diario5","Tiempo de lectura":"2 minutos"},"schema":{"@context":"https:\/\/schema.org","@graph":[{"@type":"Article","@id":"https:\/\/diariotextual.com\/inicio\/index.php\/2023\/11\/21\/argentina-visita-a-brasil-por-las-eliminatorias\/#article","isPartOf":{"@id":"https:\/\/diariotextual.com\/inicio\/index.php\/2023\/11\/21\/argentina-visita-a-brasil-por-las-eliminatorias\/"},"author":{"name":"diario5","@id":"https:\/\/diariotextual.com\/inicio\/#\/schema\/person\/c7834961ad8b29b1d9cdbf4571299067"},"headline":"Argentina visita a Brasil por las Eliminatorias","datePublished":"2023-11-21T09:54:27+00:00","dateModified":"2023-11-21T10:30:00+00:00","mainEntityOfPage":{"@id":"https:\/\/diariotextual.com\/inicio\/index.php\/2023\/11\/21\/argentina-visita-a-brasil-por-las-eliminatorias\/"},"wordCount":344,"publisher":{"@id":"https:\/\/diariotextual.com\/inicio\/#organization"},"image":{"@id":"https:\/\/diariotextual.com\/inicio\/index.php\/2023\/11\/21\/argentina-visita-a-brasil-por-las-eliminatorias\/#primaryimage"},"thumbnailUrl":"https:\/\/diariotextual.com\/inicio\/wp-content\/uploads\/2023\/11\/argentinabrasileliminatorias2023.jpg","articleSection":["A - ES NOTICIA (van abajo)","DEPORTES"],"inLanguage":"es"},{"@type":"WebPage","@id":"https:\/\/diariotextual.com\/inicio\/index.php\/2023\/11\/21\/argentina-visita-a-brasil-por-las-eliminatorias\/","url":"https:\/\/diariotextual.com\/inicio\/index.php\/2023\/11\/21\/argentina-visita-a-brasil-por-las-eliminatorias\/","name":"Argentina visita a Brasil por las Eliminatorias - Diario Textual","isPartOf":{"@id":"https:\/\/diariotextual.com\/inicio\/#website"},"primaryImageOfPage":{"@id":"https:\/\/diariotextual.com\/inicio\/index.php\/2023\/11\/21\/argentina-visita-a-brasil-por-las-eliminatorias\/#primaryimage"},"image":{"@id":"https:\/\/diariotextual.com\/inicio\/index.php\/2023\/11\/21\/argentina-visita-a-brasil-por-las-eliminatorias\/#primaryimage"},"thumbnailUrl":"https:\/\/diariotextual.com\/inicio\/wp-content\/uploads\/2023\/11\/argentinabrasileliminatorias2023.jpg","datePublished":"2023-11-21T09:54:27+00:00","dateModified":"2023-11-21T10:30:00+00:00","breadcrumb":{"@id":"https:\/\/diariotextual.com\/inicio\/index.php\/2023\/11\/21\/argentina-visita-a-brasil-por-las-eliminatorias\/#breadcrumb"},"inLanguage":"es","potentialAction":[{"@type":"ReadAction","target":["https:\/\/diariotextual.com\/inicio\/index.php\/2023\/11\/21\/argentina-visita-a-brasil-por-las-eliminatorias\/"]}]},{"@type":"ImageObject","inLanguage":"es","@id":"https:\/\/diariotextual.com\/inicio\/index.php\/2023\/11\/21\/argentina-visita-a-brasil-por-las-eliminatorias\/#primaryimage","url":"https:\/\/diariotextual.com\/inicio\/wp-content\/uploads\/2023\/11\/argentinabrasileliminatorias2023.jpg","contentUrl":"https:\/\/diariotextual.com\/inicio\/wp-content\/uploads\/2023\/11\/argentinabrasileliminatorias2023.jpg","width":1350,"height":900},{"@type":"BreadcrumbList","@id":"https:\/\/diariotextual.com\/inicio\/index.php\/2023\/11\/21\/argentina-visita-a-brasil-por-las-eliminatorias\/#breadcrumb","itemListElement":[{"@type":"ListItem","position":1,"name":"Portada","item":"https:\/\/diariotextual.com\/inicio\/"},{"@type":"ListItem","position":2,"name":"Argentina visita a Brasil por las Eliminatorias"}]},{"@type":"WebSite","@id":"https:\/\/diariotextual.com\/inicio\/#website","url":"https:\/\/diariotextual.com\/inicio\/","name":"Diario Textual","description":"","publisher":{"@id":"https:\/\/diariotextual.com\/inicio\/#organization"},"potentialAction":[{"@type":"SearchAction","target":{"@type":"EntryPoint","urlTemplate":"https:\/\/diariotextual.com\/inicio\/?s={search_term_string}"},"query-input":{"@type":"PropertyValueSpecification","valueRequired":true,"valueName":"search_term_string"}}],"inLanguage":"es"},{"@type":"Organization","@id":"https:\/\/diariotextual.com\/inicio\/#organization","name":"Diario Textual","url":"https:\/\/diariotextual.com\/inicio\/","logo":{"@type":"ImageObject","inLanguage":"es","@id":"https:\/\/diariotextual.com\/inicio\/#\/schema\/logo\/image\/","url":"https:\/\/diariotextual.com\/inicio\/wp-content\/uploads\/2023\/05\/logotextual1.jpg","contentUrl":"https:\/\/diariotextual.com\/inicio\/wp-content\/uploads\/2023\/05\/logotextual1.jpg","width":516,"height":76,"caption":"Diario Textual"},"image":{"@id":"https:\/\/diariotextual.com\/inicio\/#\/schema\/logo\/image\/"},"sameAs":["https:\/\/www.facebook.com\/eltextual","https:\/\/x.com\/eltextual","http:\/\/www.instagram.com\/eltextual"]},{"@type":"Person","@id":"https:\/\/diariotextual.com\/inicio\/#\/schema\/person\/c7834961ad8b29b1d9cdbf4571299067","name":"diario5","image":{"@type":"ImageObject","inLanguage":"es","@id":"https:\/\/secure.gravatar.com\/avatar\/948c893b847ca6df68216ead81b63f363408ec9b0f600fefc0641ce78613b111?s=96&d=mm&r=g","url":"https:\/\/secure.gravatar.com\/avatar\/948c893b847ca6df68216ead81b63f363408ec9b0f600fefc0641ce78613b111?s=96&d=mm&r=g","contentUrl":"https:\/\/secure.gravatar.com\/avatar\/948c893b847ca6df68216ead81b63f363408ec9b0f600fefc0641ce78613b111?s=96&d=mm&r=g","caption":"diario5"},"url":"https:\/\/diariotextual.com\/inicio\/index.php\/author\/diario5\/"}]}},"_links":{"self":[{"href":"https:\/\/diariotextual.com\/inicio\/index.php\/wp-json\/wp\/v2\/posts\/245131","targetHints":{"allow":["GET"]}}],"collection":[{"href":"https:\/\/diariotextual.com\/inicio\/index.php\/wp-json\/wp\/v2\/posts"}],"about":[{"href":"https:\/\/diariotextual.com\/inicio\/index.php\/wp-json\/wp\/v2\/types\/post"}],"author":[{"embeddable":true,"href":"https:\/\/diariotextual.com\/inicio\/index.php\/wp-json\/wp\/v2\/users\/7"}],"replies":[{"embeddable":true,"href":"https:\/\/diariotextual.com\/inicio\/index.php\/wp-json\/wp\/v2\/comments?post=245131"}],"version-history":[{"count":2,"href":"https:\/\/diariotextual.com\/inicio\/index.php\/wp-json\/wp\/v2\/posts\/245131\/revisions"}],"predecessor-version":[{"id":245142,"href":"https:\/\/diariotextual.com\/inicio\/index.php\/wp-json\/wp\/v2\/posts\/245131\/revisions\/245142"}],"wp:featuredmedia":[{"embeddable":true,"href":"https:\/\/diariotextual.com\/inicio\/index.php\/wp-json\/wp\/v2\/media\/245134"}],"wp:attachment":[{"href":"https:\/\/diariotextual.com\/inicio\/index.php\/wp-json\/wp\/v2\/media?parent=245131"}],"wp:term":[{"taxonomy":"category","embeddable":true,"href":"https:\/\/diariotextual.com\/inicio\/index.php\/wp-json\/wp\/v2\/categories?post=245131"},{"taxonomy":"post_tag","embeddable":true,"href":"https:\/\/diariotextual.com\/inicio\/index.php\/wp-json\/wp\/v2\/tags?post=245131"}],"curies":[{"name":"wp","href":"https:\/\/api.w.org\/{rel}","templated":true}]}}