{"id":245183,"date":"2023-11-21T11:10:29","date_gmt":"2023-11-21T14:10:29","guid":{"rendered":"https:\/\/diariotextual.com\/inicio\/?p=245183"},"modified":"2023-11-21T17:49:32","modified_gmt":"2023-11-21T20:49:32","slug":"ziliotto-da-conferencia-por-el-nuevo-presupuesto-con-milei-menos-obras-y-menos-fondos","status":"publish","type":"post","link":"https:\/\/diariotextual.com\/inicio\/index.php\/2023\/11\/21\/ziliotto-da-conferencia-por-el-nuevo-presupuesto-con-milei-menos-obras-y-menos-fondos\/","title":{"rendered":"Ziliotto da conferencia por el nuevo presupuesto: con Milei, menos obras y menos fondos"},"content":{"rendered":"\n<p>El gobernador<strong> Sergio Ziliotto<\/strong> anunciar\u00e1, en una conferencia de prensa a las 18 de este martes, qu\u00e9 tipo de proyecto de ley de Presupuesto 2024 present\u00f3 en la Legislatura provincial. Se descuenta que, con el nuevo presidente <strong>Javier Milei<\/strong>, tendr\u00e1 menos obras p\u00fablicas. Ya, por lo pronto, <strong>el libertario dijo que no habr\u00e1 nuevas obras p\u00fablicas y que eliminar\u00e1 las transferencias no autom\u00e1ticas a las provincias.<\/strong><\/p>\n\n\n\n<p>Como hab\u00eda adelantado <strong>Diario Textual<\/strong>, por la victoria de Milei, Ziliotto va a tener que presentar un presupuesto alternativo: <strong>el que garantice servicios de salud, educaci\u00f3n, justicia y seguridad, m\u00e1s los alimentos a los sectores vulnerables, y con un fuerte recorte de obras p\u00fablicas. Ser\u00e1 \u201cresistir\u201d<\/strong>, seg\u00fan palabras del propio Ziliotto.<\/p>\n\n\n\n<p>El presidente electo&nbsp;<strong>Javier Milei<\/strong>&nbsp;anunci\u00f3 que&nbsp;<strong>cortar\u00e1 las transferencia no autom\u00e1ticas de la coparticipaci\u00f3n<\/strong>&nbsp;y ser\u00e1 un&nbsp;<strong>dur\u00edsimo golpe a La Pampa<\/strong>&nbsp;y a sus&nbsp;<strong>80<\/strong>&nbsp;localidades.&nbsp;<strong>Con esas transferencias, se financian decenas de obras a lo largo y ancho de la provincia.<\/strong>&nbsp;Esa medida&nbsp;<strong>ya tiene impacto en el proyecto de Presupuesto 2024, que se presenta este martes: contempla una fuerte poda en las obras.<\/strong><\/p>\n\n\n\n<p>A diferencia de las transferencias autom\u00e1ticas (Coparticipaci\u00f3n, leyes especiales y compensaciones por el Consenso Fiscal),&nbsp;<strong>las no autom\u00e1ticas o discrecionales no se asignan por un criterio preestablecido ni con porcentajes fijados por ley, sino que obedecen a decisiones del gobierno nacional en atenci\u00f3n a cuestiones coyunturales o emergencias que puedan ocurrir en las provincias.<\/strong><\/p>\n\n\n\n<p>Para tomar dimensi\u00f3n de las cifras,&nbsp;<strong>La Pampa recibi\u00f3 en agosto $2.140 millones; en septiembre 3.649 millones; y ya en octubre $ 5.315 millones. \u201cEsas transferencias no autom\u00e1ticas son mayormente para pagar obras p\u00fablicas. No hay una cifra fija porque un mes puede acelerarse la certificaci\u00f3n, de acuerdo al avance de las obras, y otro mes puede ralentizarse\u201d<\/strong>, explicaron a<strong>&nbsp;Diario Textual&nbsp;<\/strong>fuentes oficiales.<\/p>\n\n\n\n<p>Santa Rosa, General Pico, Toay, General Acha, Eduardo Castex y otras 75 localidades -hasta en el pueblo m\u00e1s chico hay alguna obra- sentir\u00e1n&nbsp;<strong>un mazazo<\/strong>&nbsp;desde diciembre: las nuevas obras con financiamiento nacional se cortar\u00e1n. Pero, al menos si se siguen los anuncios que hizo este lunes Milei, las que est\u00e1n en marcha se concluir\u00e1n. \u201cLos contratos se respetar\u00e1n\u201d, dijo.<\/p>\n\n\n\n<figure class=\"wp-block-embed is-type-wp-embed is-provider-diario-textual wp-block-embed-diario-textual\"><div class=\"wp-block-embed__wrapper\">\n<blockquote class=\"wp-embedded-content\" data-secret=\"BkpHsAXsZ3\"><a href=\"https:\/\/diariotextual.com\/inicio\/index.php\/2023\/11\/19\/plan-resistir-por-la-victoria-de-milei-ziliotto-presenta-un-presupuesto-con-fuertes-recortes-en-obras\/\">Plan Resistir: por la victoria de Milei, Ziliotto presenta un presupuesto con fuertes recortes en obras<\/a><\/blockquote><iframe class=\"wp-embedded-content\" sandbox=\"allow-scripts\" security=\"restricted\" style=\"position: absolute; clip: rect(1px, 1px, 1px, 1px);\" title=\"\u00abPlan Resistir: por la victoria de Milei, Ziliotto presenta un presupuesto con fuertes recortes en obras\u00bb \u2014 Diario Textual\" src=\"https:\/\/diariotextual.com\/inicio\/index.php\/2023\/11\/19\/plan-resistir-por-la-victoria-de-milei-ziliotto-presenta-un-presupuesto-con-fuertes-recortes-en-obras\/embed\/#?secret=e0TMEsOogk#?secret=BkpHsAXsZ3\" data-secret=\"BkpHsAXsZ3\" width=\"600\" height=\"338\" frameborder=\"0\" marginwidth=\"0\" marginheight=\"0\" scrolling=\"no\"><\/iframe>\n<\/div><\/figure>\n\n\n\n<p><\/p>\n\n\n\n<figure class=\"wp-block-embed is-type-wp-embed is-provider-diario-textual wp-block-embed-diario-textual\"><div class=\"wp-block-embed__wrapper\">\n<blockquote class=\"wp-embedded-content\" data-secret=\"wPrUMs4wQD\"><a href=\"https:\/\/diariotextual.com\/inicio\/index.php\/2023\/11\/20\/plan-resistir-danza-de-nombres-y-rumores-de-reestructuracion-en-el-gabinete-de-ziliotto\/\">Plan Resistir: danza de nombres y rumores de reestructuraci\u00f3n en el gabinete de Ziliotto<\/a><\/blockquote><iframe class=\"wp-embedded-content\" sandbox=\"allow-scripts\" security=\"restricted\" style=\"position: absolute; clip: rect(1px, 1px, 1px, 1px);\" title=\"\u00abPlan Resistir: danza de nombres y rumores de reestructuraci\u00f3n en el gabinete de Ziliotto\u00bb \u2014 Diario Textual\" src=\"https:\/\/diariotextual.com\/inicio\/index.php\/2023\/11\/20\/plan-resistir-danza-de-nombres-y-rumores-de-reestructuracion-en-el-gabinete-de-ziliotto\/embed\/#?secret=5tPQiGSgO1#?secret=wPrUMs4wQD\" data-secret=\"wPrUMs4wQD\" width=\"600\" height=\"338\" frameborder=\"0\" marginwidth=\"0\" marginheight=\"0\" scrolling=\"no\"><\/iframe>\n<\/div><\/figure>\n","protected":false},"excerpt":{"rendered":"<p>El gobernador Sergio Ziliotto anunciar\u00e1, en una conferencia de prensa a las 18 de este martes, qu\u00e9 tipo de proyecto de ley de Presupuesto 2024 present\u00f3 en la Legislatura provincial.&hellip;<\/p>\n","protected":false},"author":3,"featured_media":244856,"comment_status":"closed","ping_status":"open","sticky":false,"template":"","format":"standard","meta":{"_acf_changed":false,"footnotes":""},"categories":[8],"tags":[],"class_list":["post-245183","post","type-post","status-publish","format-standard","has-post-thumbnail","hentry","category-politica"],"acf":[],"yoast_head":"<!-- This site is optimized with the Yoast SEO plugin v27.5 - https:\/\/yoast.com\/product\/yoast-seo-wordpress\/ -->\n<title>Ziliotto da conferencia por el nuevo presupuesto: con Milei, menos obras y menos fondos - Diario Textual<\/title>\n<meta name=\"robots\" content=\"index, follow, max-snippet:-1, max-image-preview:large, max-video-preview:-1\" \/>\n<link rel=\"canonical\" href=\"https:\/\/diariotextual.com\/inicio\/index.php\/2023\/11\/21\/ziliotto-da-conferencia-por-el-nuevo-presupuesto-con-milei-menos-obras-y-menos-fondos\/\" \/>\n<meta property=\"og:locale\" content=\"es_ES\" \/>\n<meta property=\"og:type\" content=\"article\" \/>\n<meta property=\"og:title\" content=\"Ziliotto da conferencia por el nuevo presupuesto: con Milei, menos obras y menos fondos - Diario Textual\" \/>\n<meta property=\"og:description\" content=\"El gobernador Sergio Ziliotto anunciar\u00e1, en una conferencia de prensa a las 18 de este martes, qu\u00e9 tipo de proyecto de ley de Presupuesto 2024 present\u00f3 en la Legislatura provincial.&hellip;\" \/>\n<meta property=\"og:url\" content=\"https:\/\/diariotextual.com\/inicio\/index.php\/2023\/11\/21\/ziliotto-da-conferencia-por-el-nuevo-presupuesto-con-milei-menos-obras-y-menos-fondos\/\" \/>\n<meta property=\"og:site_name\" content=\"Diario Textual\" \/>\n<meta property=\"article:publisher\" content=\"https:\/\/www.facebook.com\/eltextual\" \/>\n<meta property=\"article:published_time\" content=\"2023-11-21T14:10:29+00:00\" \/>\n<meta property=\"article:modified_time\" content=\"2023-11-21T20:49:32+00:00\" \/>\n<meta property=\"og:image\" content=\"https:\/\/diariotextual.com\/inicio\/wp-content\/uploads\/2023\/11\/ziliottosergio2023-4001.jpg\" \/>\n\t<meta property=\"og:image:width\" content=\"1600\" \/>\n\t<meta property=\"og:image:height\" content=\"1066\" \/>\n\t<meta property=\"og:image:type\" content=\"image\/jpeg\" \/>\n<meta name=\"author\" content=\"Diario1 Diario1\" \/>\n<meta name=\"twitter:card\" content=\"summary_large_image\" \/>\n<meta name=\"twitter:creator\" content=\"@eltextual\" \/>\n<meta name=\"twitter:site\" content=\"@eltextual\" \/>\n<meta name=\"twitter:label1\" content=\"Escrito por\" \/>\n\t<meta name=\"twitter:data1\" content=\"Diario1 Diario1\" \/>\n\t<meta name=\"twitter:label2\" content=\"Tiempo de lectura\" \/>\n\t<meta name=\"twitter:data2\" content=\"2 minutos\" \/>\n<script type=\"application\/ld+json\" class=\"yoast-schema-graph\">{\"@context\":\"https:\\\/\\\/schema.org\",\"@graph\":[{\"@type\":\"Article\",\"@id\":\"https:\\\/\\\/diariotextual.com\\\/inicio\\\/index.php\\\/2023\\\/11\\\/21\\\/ziliotto-da-conferencia-por-el-nuevo-presupuesto-con-milei-menos-obras-y-menos-fondos\\\/#article\",\"isPartOf\":{\"@id\":\"https:\\\/\\\/diariotextual.com\\\/inicio\\\/index.php\\\/2023\\\/11\\\/21\\\/ziliotto-da-conferencia-por-el-nuevo-presupuesto-con-milei-menos-obras-y-menos-fondos\\\/\"},\"author\":{\"name\":\"Diario1 Diario1\",\"@id\":\"https:\\\/\\\/diariotextual.com\\\/inicio\\\/#\\\/schema\\\/person\\\/418fc4093c33e86ed41562db3508f958\"},\"headline\":\"Ziliotto da conferencia por el nuevo presupuesto: con Milei, menos obras y menos fondos\",\"datePublished\":\"2023-11-21T14:10:29+00:00\",\"dateModified\":\"2023-11-21T20:49:32+00:00\",\"mainEntityOfPage\":{\"@id\":\"https:\\\/\\\/diariotextual.com\\\/inicio\\\/index.php\\\/2023\\\/11\\\/21\\\/ziliotto-da-conferencia-por-el-nuevo-presupuesto-con-milei-menos-obras-y-menos-fondos\\\/\"},\"wordCount\":423,\"publisher\":{\"@id\":\"https:\\\/\\\/diariotextual.com\\\/inicio\\\/#organization\"},\"image\":{\"@id\":\"https:\\\/\\\/diariotextual.com\\\/inicio\\\/index.php\\\/2023\\\/11\\\/21\\\/ziliotto-da-conferencia-por-el-nuevo-presupuesto-con-milei-menos-obras-y-menos-fondos\\\/#primaryimage\"},\"thumbnailUrl\":\"https:\\\/\\\/diariotextual.com\\\/inicio\\\/wp-content\\\/uploads\\\/2023\\\/11\\\/ziliottosergio2023-4001.jpg\",\"articleSection\":[\"POLITICA\"],\"inLanguage\":\"es\"},{\"@type\":\"WebPage\",\"@id\":\"https:\\\/\\\/diariotextual.com\\\/inicio\\\/index.php\\\/2023\\\/11\\\/21\\\/ziliotto-da-conferencia-por-el-nuevo-presupuesto-con-milei-menos-obras-y-menos-fondos\\\/\",\"url\":\"https:\\\/\\\/diariotextual.com\\\/inicio\\\/index.php\\\/2023\\\/11\\\/21\\\/ziliotto-da-conferencia-por-el-nuevo-presupuesto-con-milei-menos-obras-y-menos-fondos\\\/\",\"name\":\"Ziliotto da conferencia por el nuevo presupuesto: con Milei, menos obras y menos fondos - Diario Textual\",\"isPartOf\":{\"@id\":\"https:\\\/\\\/diariotextual.com\\\/inicio\\\/#website\"},\"primaryImageOfPage\":{\"@id\":\"https:\\\/\\\/diariotextual.com\\\/inicio\\\/index.php\\\/2023\\\/11\\\/21\\\/ziliotto-da-conferencia-por-el-nuevo-presupuesto-con-milei-menos-obras-y-menos-fondos\\\/#primaryimage\"},\"image\":{\"@id\":\"https:\\\/\\\/diariotextual.com\\\/inicio\\\/index.php\\\/2023\\\/11\\\/21\\\/ziliotto-da-conferencia-por-el-nuevo-presupuesto-con-milei-menos-obras-y-menos-fondos\\\/#primaryimage\"},\"thumbnailUrl\":\"https:\\\/\\\/diariotextual.com\\\/inicio\\\/wp-content\\\/uploads\\\/2023\\\/11\\\/ziliottosergio2023-4001.jpg\",\"datePublished\":\"2023-11-21T14:10:29+00:00\",\"dateModified\":\"2023-11-21T20:49:32+00:00\",\"breadcrumb\":{\"@id\":\"https:\\\/\\\/diariotextual.com\\\/inicio\\\/index.php\\\/2023\\\/11\\\/21\\\/ziliotto-da-conferencia-por-el-nuevo-presupuesto-con-milei-menos-obras-y-menos-fondos\\\/#breadcrumb\"},\"inLanguage\":\"es\",\"potentialAction\":[{\"@type\":\"ReadAction\",\"target\":[\"https:\\\/\\\/diariotextual.com\\\/inicio\\\/index.php\\\/2023\\\/11\\\/21\\\/ziliotto-da-conferencia-por-el-nuevo-presupuesto-con-milei-menos-obras-y-menos-fondos\\\/\"]}]},{\"@type\":\"ImageObject\",\"inLanguage\":\"es\",\"@id\":\"https:\\\/\\\/diariotextual.com\\\/inicio\\\/index.php\\\/2023\\\/11\\\/21\\\/ziliotto-da-conferencia-por-el-nuevo-presupuesto-con-milei-menos-obras-y-menos-fondos\\\/#primaryimage\",\"url\":\"https:\\\/\\\/diariotextual.com\\\/inicio\\\/wp-content\\\/uploads\\\/2023\\\/11\\\/ziliottosergio2023-4001.jpg\",\"contentUrl\":\"https:\\\/\\\/diariotextual.com\\\/inicio\\\/wp-content\\\/uploads\\\/2023\\\/11\\\/ziliottosergio2023-4001.jpg\",\"width\":1600,\"height\":1066},{\"@type\":\"BreadcrumbList\",\"@id\":\"https:\\\/\\\/diariotextual.com\\\/inicio\\\/index.php\\\/2023\\\/11\\\/21\\\/ziliotto-da-conferencia-por-el-nuevo-presupuesto-con-milei-menos-obras-y-menos-fondos\\\/#breadcrumb\",\"itemListElement\":[{\"@type\":\"ListItem\",\"position\":1,\"name\":\"Portada\",\"item\":\"https:\\\/\\\/diariotextual.com\\\/inicio\\\/\"},{\"@type\":\"ListItem\",\"position\":2,\"name\":\"Ziliotto da conferencia por el nuevo presupuesto: con Milei, menos obras y menos fondos\"}]},{\"@type\":\"WebSite\",\"@id\":\"https:\\\/\\\/diariotextual.com\\\/inicio\\\/#website\",\"url\":\"https:\\\/\\\/diariotextual.com\\\/inicio\\\/\",\"name\":\"Diario Textual\",\"description\":\"\",\"publisher\":{\"@id\":\"https:\\\/\\\/diariotextual.com\\\/inicio\\\/#organization\"},\"potentialAction\":[{\"@type\":\"SearchAction\",\"target\":{\"@type\":\"EntryPoint\",\"urlTemplate\":\"https:\\\/\\\/diariotextual.com\\\/inicio\\\/?s={search_term_string}\"},\"query-input\":{\"@type\":\"PropertyValueSpecification\",\"valueRequired\":true,\"valueName\":\"search_term_string\"}}],\"inLanguage\":\"es\"},{\"@type\":\"Organization\",\"@id\":\"https:\\\/\\\/diariotextual.com\\\/inicio\\\/#organization\",\"name\":\"Diario Textual\",\"url\":\"https:\\\/\\\/diariotextual.com\\\/inicio\\\/\",\"logo\":{\"@type\":\"ImageObject\",\"inLanguage\":\"es\",\"@id\":\"https:\\\/\\\/diariotextual.com\\\/inicio\\\/#\\\/schema\\\/logo\\\/image\\\/\",\"url\":\"https:\\\/\\\/diariotextual.com\\\/inicio\\\/wp-content\\\/uploads\\\/2023\\\/05\\\/logotextual1.jpg\",\"contentUrl\":\"https:\\\/\\\/diariotextual.com\\\/inicio\\\/wp-content\\\/uploads\\\/2023\\\/05\\\/logotextual1.jpg\",\"width\":516,\"height\":76,\"caption\":\"Diario Textual\"},\"image\":{\"@id\":\"https:\\\/\\\/diariotextual.com\\\/inicio\\\/#\\\/schema\\\/logo\\\/image\\\/\"},\"sameAs\":[\"https:\\\/\\\/www.facebook.com\\\/eltextual\",\"https:\\\/\\\/x.com\\\/eltextual\",\"http:\\\/\\\/www.instagram.com\\\/eltextual\"]},{\"@type\":\"Person\",\"@id\":\"https:\\\/\\\/diariotextual.com\\\/inicio\\\/#\\\/schema\\\/person\\\/418fc4093c33e86ed41562db3508f958\",\"name\":\"Diario1 Diario1\",\"image\":{\"@type\":\"ImageObject\",\"inLanguage\":\"es\",\"@id\":\"https:\\\/\\\/secure.gravatar.com\\\/avatar\\\/9167d280179c85bc18be67aa7eda765854300033af4896dd779b608640f2ef7a?s=96&d=mm&r=g\",\"url\":\"https:\\\/\\\/secure.gravatar.com\\\/avatar\\\/9167d280179c85bc18be67aa7eda765854300033af4896dd779b608640f2ef7a?s=96&d=mm&r=g\",\"contentUrl\":\"https:\\\/\\\/secure.gravatar.com\\\/avatar\\\/9167d280179c85bc18be67aa7eda765854300033af4896dd779b608640f2ef7a?s=96&d=mm&r=g\",\"caption\":\"Diario1 Diario1\"},\"url\":\"https:\\\/\\\/diariotextual.com\\\/inicio\\\/index.php\\\/author\\\/diario1\\\/\"}]}<\/script>\n<!-- \/ Yoast SEO plugin. -->","yoast_head_json":{"title":"Ziliotto da conferencia por el nuevo presupuesto: con Milei, menos obras y menos fondos - Diario Textual","robots":{"index":"index","follow":"follow","max-snippet":"max-snippet:-1","max-image-preview":"max-image-preview:large","max-video-preview":"max-video-preview:-1"},"canonical":"https:\/\/diariotextual.com\/inicio\/index.php\/2023\/11\/21\/ziliotto-da-conferencia-por-el-nuevo-presupuesto-con-milei-menos-obras-y-menos-fondos\/","og_locale":"es_ES","og_type":"article","og_title":"Ziliotto da conferencia por el nuevo presupuesto: con Milei, menos obras y menos fondos - Diario Textual","og_description":"El gobernador Sergio Ziliotto anunciar\u00e1, en una conferencia de prensa a las 18 de este martes, qu\u00e9 tipo de proyecto de ley de Presupuesto 2024 present\u00f3 en la Legislatura provincial.&hellip;","og_url":"https:\/\/diariotextual.com\/inicio\/index.php\/2023\/11\/21\/ziliotto-da-conferencia-por-el-nuevo-presupuesto-con-milei-menos-obras-y-menos-fondos\/","og_site_name":"Diario Textual","article_publisher":"https:\/\/www.facebook.com\/eltextual","article_published_time":"2023-11-21T14:10:29+00:00","article_modified_time":"2023-11-21T20:49:32+00:00","og_image":[{"width":1600,"height":1066,"url":"https:\/\/diariotextual.com\/inicio\/wp-content\/uploads\/2023\/11\/ziliottosergio2023-4001.jpg","type":"image\/jpeg"}],"author":"Diario1 Diario1","twitter_card":"summary_large_image","twitter_creator":"@eltextual","twitter_site":"@eltextual","twitter_misc":{"Escrito por":"Diario1 Diario1","Tiempo de lectura":"2 minutos"},"schema":{"@context":"https:\/\/schema.org","@graph":[{"@type":"Article","@id":"https:\/\/diariotextual.com\/inicio\/index.php\/2023\/11\/21\/ziliotto-da-conferencia-por-el-nuevo-presupuesto-con-milei-menos-obras-y-menos-fondos\/#article","isPartOf":{"@id":"https:\/\/diariotextual.com\/inicio\/index.php\/2023\/11\/21\/ziliotto-da-conferencia-por-el-nuevo-presupuesto-con-milei-menos-obras-y-menos-fondos\/"},"author":{"name":"Diario1 Diario1","@id":"https:\/\/diariotextual.com\/inicio\/#\/schema\/person\/418fc4093c33e86ed41562db3508f958"},"headline":"Ziliotto da conferencia por el nuevo presupuesto: con Milei, menos obras y menos fondos","datePublished":"2023-11-21T14:10:29+00:00","dateModified":"2023-11-21T20:49:32+00:00","mainEntityOfPage":{"@id":"https:\/\/diariotextual.com\/inicio\/index.php\/2023\/11\/21\/ziliotto-da-conferencia-por-el-nuevo-presupuesto-con-milei-menos-obras-y-menos-fondos\/"},"wordCount":423,"publisher":{"@id":"https:\/\/diariotextual.com\/inicio\/#organization"},"image":{"@id":"https:\/\/diariotextual.com\/inicio\/index.php\/2023\/11\/21\/ziliotto-da-conferencia-por-el-nuevo-presupuesto-con-milei-menos-obras-y-menos-fondos\/#primaryimage"},"thumbnailUrl":"https:\/\/diariotextual.com\/inicio\/wp-content\/uploads\/2023\/11\/ziliottosergio2023-4001.jpg","articleSection":["POLITICA"],"inLanguage":"es"},{"@type":"WebPage","@id":"https:\/\/diariotextual.com\/inicio\/index.php\/2023\/11\/21\/ziliotto-da-conferencia-por-el-nuevo-presupuesto-con-milei-menos-obras-y-menos-fondos\/","url":"https:\/\/diariotextual.com\/inicio\/index.php\/2023\/11\/21\/ziliotto-da-conferencia-por-el-nuevo-presupuesto-con-milei-menos-obras-y-menos-fondos\/","name":"Ziliotto da conferencia por el nuevo presupuesto: con Milei, menos obras y menos fondos - Diario Textual","isPartOf":{"@id":"https:\/\/diariotextual.com\/inicio\/#website"},"primaryImageOfPage":{"@id":"https:\/\/diariotextual.com\/inicio\/index.php\/2023\/11\/21\/ziliotto-da-conferencia-por-el-nuevo-presupuesto-con-milei-menos-obras-y-menos-fondos\/#primaryimage"},"image":{"@id":"https:\/\/diariotextual.com\/inicio\/index.php\/2023\/11\/21\/ziliotto-da-conferencia-por-el-nuevo-presupuesto-con-milei-menos-obras-y-menos-fondos\/#primaryimage"},"thumbnailUrl":"https:\/\/diariotextual.com\/inicio\/wp-content\/uploads\/2023\/11\/ziliottosergio2023-4001.jpg","datePublished":"2023-11-21T14:10:29+00:00","dateModified":"2023-11-21T20:49:32+00:00","breadcrumb":{"@id":"https:\/\/diariotextual.com\/inicio\/index.php\/2023\/11\/21\/ziliotto-da-conferencia-por-el-nuevo-presupuesto-con-milei-menos-obras-y-menos-fondos\/#breadcrumb"},"inLanguage":"es","potentialAction":[{"@type":"ReadAction","target":["https:\/\/diariotextual.com\/inicio\/index.php\/2023\/11\/21\/ziliotto-da-conferencia-por-el-nuevo-presupuesto-con-milei-menos-obras-y-menos-fondos\/"]}]},{"@type":"ImageObject","inLanguage":"es","@id":"https:\/\/diariotextual.com\/inicio\/index.php\/2023\/11\/21\/ziliotto-da-conferencia-por-el-nuevo-presupuesto-con-milei-menos-obras-y-menos-fondos\/#primaryimage","url":"https:\/\/diariotextual.com\/inicio\/wp-content\/uploads\/2023\/11\/ziliottosergio2023-4001.jpg","contentUrl":"https:\/\/diariotextual.com\/inicio\/wp-content\/uploads\/2023\/11\/ziliottosergio2023-4001.jpg","width":1600,"height":1066},{"@type":"BreadcrumbList","@id":"https:\/\/diariotextual.com\/inicio\/index.php\/2023\/11\/21\/ziliotto-da-conferencia-por-el-nuevo-presupuesto-con-milei-menos-obras-y-menos-fondos\/#breadcrumb","itemListElement":[{"@type":"ListItem","position":1,"name":"Portada","item":"https:\/\/diariotextual.com\/inicio\/"},{"@type":"ListItem","position":2,"name":"Ziliotto da conferencia por el nuevo presupuesto: con Milei, menos obras y menos fondos"}]},{"@type":"WebSite","@id":"https:\/\/diariotextual.com\/inicio\/#website","url":"https:\/\/diariotextual.com\/inicio\/","name":"Diario Textual","description":"","publisher":{"@id":"https:\/\/diariotextual.com\/inicio\/#organization"},"potentialAction":[{"@type":"SearchAction","target":{"@type":"EntryPoint","urlTemplate":"https:\/\/diariotextual.com\/inicio\/?s={search_term_string}"},"query-input":{"@type":"PropertyValueSpecification","valueRequired":true,"valueName":"search_term_string"}}],"inLanguage":"es"},{"@type":"Organization","@id":"https:\/\/diariotextual.com\/inicio\/#organization","name":"Diario Textual","url":"https:\/\/diariotextual.com\/inicio\/","logo":{"@type":"ImageObject","inLanguage":"es","@id":"https:\/\/diariotextual.com\/inicio\/#\/schema\/logo\/image\/","url":"https:\/\/diariotextual.com\/inicio\/wp-content\/uploads\/2023\/05\/logotextual1.jpg","contentUrl":"https:\/\/diariotextual.com\/inicio\/wp-content\/uploads\/2023\/05\/logotextual1.jpg","width":516,"height":76,"caption":"Diario Textual"},"image":{"@id":"https:\/\/diariotextual.com\/inicio\/#\/schema\/logo\/image\/"},"sameAs":["https:\/\/www.facebook.com\/eltextual","https:\/\/x.com\/eltextual","http:\/\/www.instagram.com\/eltextual"]},{"@type":"Person","@id":"https:\/\/diariotextual.com\/inicio\/#\/schema\/person\/418fc4093c33e86ed41562db3508f958","name":"Diario1 Diario1","image":{"@type":"ImageObject","inLanguage":"es","@id":"https:\/\/secure.gravatar.com\/avatar\/9167d280179c85bc18be67aa7eda765854300033af4896dd779b608640f2ef7a?s=96&d=mm&r=g","url":"https:\/\/secure.gravatar.com\/avatar\/9167d280179c85bc18be67aa7eda765854300033af4896dd779b608640f2ef7a?s=96&d=mm&r=g","contentUrl":"https:\/\/secure.gravatar.com\/avatar\/9167d280179c85bc18be67aa7eda765854300033af4896dd779b608640f2ef7a?s=96&d=mm&r=g","caption":"Diario1 Diario1"},"url":"https:\/\/diariotextual.com\/inicio\/index.php\/author\/diario1\/"}]}},"_links":{"self":[{"href":"https:\/\/diariotextual.com\/inicio\/index.php\/wp-json\/wp\/v2\/posts\/245183","targetHints":{"allow":["GET"]}}],"collection":[{"href":"https:\/\/diariotextual.com\/inicio\/index.php\/wp-json\/wp\/v2\/posts"}],"about":[{"href":"https:\/\/diariotextual.com\/inicio\/index.php\/wp-json\/wp\/v2\/types\/post"}],"author":[{"embeddable":true,"href":"https:\/\/diariotextual.com\/inicio\/index.php\/wp-json\/wp\/v2\/users\/3"}],"replies":[{"embeddable":true,"href":"https:\/\/diariotextual.com\/inicio\/index.php\/wp-json\/wp\/v2\/comments?post=245183"}],"version-history":[{"count":6,"href":"https:\/\/diariotextual.com\/inicio\/index.php\/wp-json\/wp\/v2\/posts\/245183\/revisions"}],"predecessor-version":[{"id":245190,"href":"https:\/\/diariotextual.com\/inicio\/index.php\/wp-json\/wp\/v2\/posts\/245183\/revisions\/245190"}],"wp:featuredmedia":[{"embeddable":true,"href":"https:\/\/diariotextual.com\/inicio\/index.php\/wp-json\/wp\/v2\/media\/244856"}],"wp:attachment":[{"href":"https:\/\/diariotextual.com\/inicio\/index.php\/wp-json\/wp\/v2\/media?parent=245183"}],"wp:term":[{"taxonomy":"category","embeddable":true,"href":"https:\/\/diariotextual.com\/inicio\/index.php\/wp-json\/wp\/v2\/categories?post=245183"},{"taxonomy":"post_tag","embeddable":true,"href":"https:\/\/diariotextual.com\/inicio\/index.php\/wp-json\/wp\/v2\/tags?post=245183"}],"curies":[{"name":"wp","href":"https:\/\/api.w.org\/{rel}","templated":true}]}}