{"id":245213,"date":"2023-11-21T17:18:59","date_gmt":"2023-11-21T20:18:59","guid":{"rendered":"https:\/\/diariotextual.com\/inicio\/?p=245213"},"modified":"2023-11-21T18:07:38","modified_gmt":"2023-11-21T21:07:38","slug":"alberto-fernandez-no-me-siento-responsable-de-la-derrota","status":"publish","type":"post","link":"https:\/\/diariotextual.com\/inicio\/index.php\/2023\/11\/21\/alberto-fernandez-no-me-siento-responsable-de-la-derrota\/","title":{"rendered":"Alberto Fern\u00e1ndez: \u201cNo me siento responsable de la derrota\u201d"},"content":{"rendered":"\n<p><strong>Alberto Fern\u00e1ndez<\/strong> habl\u00f3 p\u00fablicamente por primera vez luego del balotaje que consagr\u00f3 a Javier Milei como su sucesor. Lo hizo luego de la reuni\u00f3n entre ambos, en la que comenzaron a programarse los t\u00e9rminos de la sucesi\u00f3n presidencial. En una entrevista en el canal colombiano NTN24, el jefe de Estado, que abandonar\u00e1 su cargo el 10 de diciembre, asegur\u00f3 no sentir responsabilidad por el resultado del proceso electoral de este a\u00f1o. <strong>\u201cNuestro espacio debe replantearse cosas\u201d<\/strong>, afirm\u00f3.<\/p>\n\n\n\n<p>El presidente actual brind\u00f3 una primera aproximaci\u00f3n a las razones de la derrota del peronismo. \u201cEs evidente que no hemos podido sintonizar con mucha gente del pueblo, porque este es un gobierno que ha atravesado cuatro a\u00f1os de muchos problemas\u201d, introdujo el mandatario. \u00a0<strong>\u201cEstoy llamando a la reflexi\u00f3n,<\/strong>\u00a0<strong>no estoy buscando culpables<\/strong>\u201d, dijo acto seguido, en un mensaje hacia adentro de la coalici\u00f3n que gobern\u00f3 el \u00faltimo per\u00edodo.<\/p>\n\n\n\n<p>El futuro de Alberto Fern\u00e1ndez, seg\u00fan \u00e9l mismo coment\u00f3 en la entrevista, estar\u00e1 en Europa. \u201c<strong>Probablemente viaje a Espa\u00f1a<\/strong>&nbsp;porque tengo algunas ofertas de universidades all\u00e1. Posiblemente aproveche para tomar distancia y dejar que el nuevo presidente trabaje\u201d, cont\u00f3.<\/p>\n\n\n\n<p>La aparici\u00f3n p\u00fablica del presidente ocurri\u00f3 luego del primer encuentro con Milei. \u201cLos cambios en democracia deben ser siempre f\u00e1ciles.\u00a0<strong>Lo que habl\u00e9 con \u00e9l queda entre \u00e9l y yo<\/strong>\u201d, agreg\u00f3 el Presidente sobre su encuentro con Milei, que tuvo lugar en la Quinta de Olivos.<\/p>\n\n\n\n<figure class=\"wp-block-embed is-type-wp-embed is-provider-diario-textual wp-block-embed-diario-textual\"><div class=\"wp-block-embed__wrapper\">\n<blockquote class=\"wp-embedded-content\" data-secret=\"w3kXVoylao\"><a href=\"https:\/\/diariotextual.com\/inicio\/index.php\/2023\/11\/21\/alberto-fernandez-esta-reunido-con-javier-milei-en-la-residencia-de-olivos\/\">Milei y Alberto se reunieron para iniciar la transici\u00f3n<\/a><\/blockquote><iframe class=\"wp-embedded-content\" sandbox=\"allow-scripts\" security=\"restricted\" style=\"position: absolute; clip: rect(1px, 1px, 1px, 1px);\" title=\"\u00abMilei y Alberto se reunieron para iniciar la transici\u00f3n\u00bb \u2014 Diario Textual\" src=\"https:\/\/diariotextual.com\/inicio\/index.php\/2023\/11\/21\/alberto-fernandez-esta-reunido-con-javier-milei-en-la-residencia-de-olivos\/embed\/#?secret=FaolknSUbg#?secret=w3kXVoylao\" data-secret=\"w3kXVoylao\" width=\"600\" height=\"338\" frameborder=\"0\" marginwidth=\"0\" marginheight=\"0\" scrolling=\"no\"><\/iframe>\n<\/div><\/figure>\n","protected":false},"excerpt":{"rendered":"<p>Alberto Fern\u00e1ndez habl\u00f3 p\u00fablicamente por primera vez luego del balotaje que consagr\u00f3 a Javier Milei como su sucesor. Lo hizo luego de la reuni\u00f3n entre ambos, en la que comenzaron&hellip;<\/p>\n","protected":false},"author":3,"featured_media":205483,"comment_status":"closed","ping_status":"open","sticky":false,"template":"","format":"standard","meta":{"_acf_changed":false,"footnotes":""},"categories":[1,8],"tags":[],"class_list":["post-245213","post","type-post","status-publish","format-standard","has-post-thumbnail","hentry","category-es-noticia","category-politica"],"acf":[],"yoast_head":"<!-- This site is optimized with the Yoast SEO plugin v27.5 - https:\/\/yoast.com\/product\/yoast-seo-wordpress\/ -->\n<title>Alberto Fern\u00e1ndez: \u201cNo me siento responsable de la derrota\u201d - Diario Textual<\/title>\n<meta name=\"robots\" content=\"index, follow, max-snippet:-1, max-image-preview:large, max-video-preview:-1\" \/>\n<link rel=\"canonical\" href=\"https:\/\/diariotextual.com\/inicio\/index.php\/2023\/11\/21\/alberto-fernandez-no-me-siento-responsable-de-la-derrota\/\" \/>\n<meta property=\"og:locale\" content=\"es_ES\" \/>\n<meta property=\"og:type\" content=\"article\" \/>\n<meta property=\"og:title\" content=\"Alberto Fern\u00e1ndez: \u201cNo me siento responsable de la derrota\u201d - Diario Textual\" \/>\n<meta property=\"og:description\" content=\"Alberto Fern\u00e1ndez habl\u00f3 p\u00fablicamente por primera vez luego del balotaje que consagr\u00f3 a Javier Milei como su sucesor. Lo hizo luego de la reuni\u00f3n entre ambos, en la que comenzaron&hellip;\" \/>\n<meta property=\"og:url\" content=\"https:\/\/diariotextual.com\/inicio\/index.php\/2023\/11\/21\/alberto-fernandez-no-me-siento-responsable-de-la-derrota\/\" \/>\n<meta property=\"og:site_name\" content=\"Diario Textual\" \/>\n<meta property=\"article:publisher\" content=\"https:\/\/www.facebook.com\/eltextual\" \/>\n<meta property=\"article:published_time\" content=\"2023-11-21T20:18:59+00:00\" \/>\n<meta property=\"article:modified_time\" content=\"2023-11-21T21:07:38+00:00\" \/>\n<meta property=\"og:image\" content=\"https:\/\/diariotextual.com\/inicio\/wp-content\/uploads\/2022\/10\/fernandezalbertoavion2022-10-scaled.jpg\" \/>\n\t<meta property=\"og:image:width\" content=\"2560\" \/>\n\t<meta property=\"og:image:height\" content=\"1708\" \/>\n\t<meta property=\"og:image:type\" content=\"image\/jpeg\" \/>\n<meta name=\"author\" content=\"Diario1 Diario1\" \/>\n<meta name=\"twitter:card\" content=\"summary_large_image\" \/>\n<meta name=\"twitter:creator\" content=\"@eltextual\" \/>\n<meta name=\"twitter:site\" content=\"@eltextual\" \/>\n<meta name=\"twitter:label1\" content=\"Escrito por\" \/>\n\t<meta name=\"twitter:data1\" content=\"Diario1 Diario1\" \/>\n\t<meta name=\"twitter:label2\" content=\"Tiempo de lectura\" \/>\n\t<meta name=\"twitter:data2\" content=\"2 minutos\" \/>\n<script type=\"application\/ld+json\" class=\"yoast-schema-graph\">{\"@context\":\"https:\\\/\\\/schema.org\",\"@graph\":[{\"@type\":\"Article\",\"@id\":\"https:\\\/\\\/diariotextual.com\\\/inicio\\\/index.php\\\/2023\\\/11\\\/21\\\/alberto-fernandez-no-me-siento-responsable-de-la-derrota\\\/#article\",\"isPartOf\":{\"@id\":\"https:\\\/\\\/diariotextual.com\\\/inicio\\\/index.php\\\/2023\\\/11\\\/21\\\/alberto-fernandez-no-me-siento-responsable-de-la-derrota\\\/\"},\"author\":{\"name\":\"Diario1 Diario1\",\"@id\":\"https:\\\/\\\/diariotextual.com\\\/inicio\\\/#\\\/schema\\\/person\\\/418fc4093c33e86ed41562db3508f958\"},\"headline\":\"Alberto Fern\u00e1ndez: \u201cNo me siento responsable de la derrota\u201d\",\"datePublished\":\"2023-11-21T20:18:59+00:00\",\"dateModified\":\"2023-11-21T21:07:38+00:00\",\"mainEntityOfPage\":{\"@id\":\"https:\\\/\\\/diariotextual.com\\\/inicio\\\/index.php\\\/2023\\\/11\\\/21\\\/alberto-fernandez-no-me-siento-responsable-de-la-derrota\\\/\"},\"wordCount\":264,\"publisher\":{\"@id\":\"https:\\\/\\\/diariotextual.com\\\/inicio\\\/#organization\"},\"image\":{\"@id\":\"https:\\\/\\\/diariotextual.com\\\/inicio\\\/index.php\\\/2023\\\/11\\\/21\\\/alberto-fernandez-no-me-siento-responsable-de-la-derrota\\\/#primaryimage\"},\"thumbnailUrl\":\"https:\\\/\\\/diariotextual.com\\\/inicio\\\/wp-content\\\/uploads\\\/2022\\\/10\\\/fernandezalbertoavion2022-10-scaled.jpg\",\"articleSection\":[\"A - ES NOTICIA (van abajo)\",\"POLITICA\"],\"inLanguage\":\"es\"},{\"@type\":\"WebPage\",\"@id\":\"https:\\\/\\\/diariotextual.com\\\/inicio\\\/index.php\\\/2023\\\/11\\\/21\\\/alberto-fernandez-no-me-siento-responsable-de-la-derrota\\\/\",\"url\":\"https:\\\/\\\/diariotextual.com\\\/inicio\\\/index.php\\\/2023\\\/11\\\/21\\\/alberto-fernandez-no-me-siento-responsable-de-la-derrota\\\/\",\"name\":\"Alberto Fern\u00e1ndez: \u201cNo me siento responsable de la derrota\u201d - Diario Textual\",\"isPartOf\":{\"@id\":\"https:\\\/\\\/diariotextual.com\\\/inicio\\\/#website\"},\"primaryImageOfPage\":{\"@id\":\"https:\\\/\\\/diariotextual.com\\\/inicio\\\/index.php\\\/2023\\\/11\\\/21\\\/alberto-fernandez-no-me-siento-responsable-de-la-derrota\\\/#primaryimage\"},\"image\":{\"@id\":\"https:\\\/\\\/diariotextual.com\\\/inicio\\\/index.php\\\/2023\\\/11\\\/21\\\/alberto-fernandez-no-me-siento-responsable-de-la-derrota\\\/#primaryimage\"},\"thumbnailUrl\":\"https:\\\/\\\/diariotextual.com\\\/inicio\\\/wp-content\\\/uploads\\\/2022\\\/10\\\/fernandezalbertoavion2022-10-scaled.jpg\",\"datePublished\":\"2023-11-21T20:18:59+00:00\",\"dateModified\":\"2023-11-21T21:07:38+00:00\",\"breadcrumb\":{\"@id\":\"https:\\\/\\\/diariotextual.com\\\/inicio\\\/index.php\\\/2023\\\/11\\\/21\\\/alberto-fernandez-no-me-siento-responsable-de-la-derrota\\\/#breadcrumb\"},\"inLanguage\":\"es\",\"potentialAction\":[{\"@type\":\"ReadAction\",\"target\":[\"https:\\\/\\\/diariotextual.com\\\/inicio\\\/index.php\\\/2023\\\/11\\\/21\\\/alberto-fernandez-no-me-siento-responsable-de-la-derrota\\\/\"]}]},{\"@type\":\"ImageObject\",\"inLanguage\":\"es\",\"@id\":\"https:\\\/\\\/diariotextual.com\\\/inicio\\\/index.php\\\/2023\\\/11\\\/21\\\/alberto-fernandez-no-me-siento-responsable-de-la-derrota\\\/#primaryimage\",\"url\":\"https:\\\/\\\/diariotextual.com\\\/inicio\\\/wp-content\\\/uploads\\\/2022\\\/10\\\/fernandezalbertoavion2022-10-scaled.jpg\",\"contentUrl\":\"https:\\\/\\\/diariotextual.com\\\/inicio\\\/wp-content\\\/uploads\\\/2022\\\/10\\\/fernandezalbertoavion2022-10-scaled.jpg\",\"width\":2560,\"height\":1708},{\"@type\":\"BreadcrumbList\",\"@id\":\"https:\\\/\\\/diariotextual.com\\\/inicio\\\/index.php\\\/2023\\\/11\\\/21\\\/alberto-fernandez-no-me-siento-responsable-de-la-derrota\\\/#breadcrumb\",\"itemListElement\":[{\"@type\":\"ListItem\",\"position\":1,\"name\":\"Portada\",\"item\":\"https:\\\/\\\/diariotextual.com\\\/inicio\\\/\"},{\"@type\":\"ListItem\",\"position\":2,\"name\":\"Alberto Fern\u00e1ndez: \u201cNo me siento responsable de la derrota\u201d\"}]},{\"@type\":\"WebSite\",\"@id\":\"https:\\\/\\\/diariotextual.com\\\/inicio\\\/#website\",\"url\":\"https:\\\/\\\/diariotextual.com\\\/inicio\\\/\",\"name\":\"Diario Textual\",\"description\":\"\",\"publisher\":{\"@id\":\"https:\\\/\\\/diariotextual.com\\\/inicio\\\/#organization\"},\"potentialAction\":[{\"@type\":\"SearchAction\",\"target\":{\"@type\":\"EntryPoint\",\"urlTemplate\":\"https:\\\/\\\/diariotextual.com\\\/inicio\\\/?s={search_term_string}\"},\"query-input\":{\"@type\":\"PropertyValueSpecification\",\"valueRequired\":true,\"valueName\":\"search_term_string\"}}],\"inLanguage\":\"es\"},{\"@type\":\"Organization\",\"@id\":\"https:\\\/\\\/diariotextual.com\\\/inicio\\\/#organization\",\"name\":\"Diario Textual\",\"url\":\"https:\\\/\\\/diariotextual.com\\\/inicio\\\/\",\"logo\":{\"@type\":\"ImageObject\",\"inLanguage\":\"es\",\"@id\":\"https:\\\/\\\/diariotextual.com\\\/inicio\\\/#\\\/schema\\\/logo\\\/image\\\/\",\"url\":\"https:\\\/\\\/diariotextual.com\\\/inicio\\\/wp-content\\\/uploads\\\/2023\\\/05\\\/logotextual1.jpg\",\"contentUrl\":\"https:\\\/\\\/diariotextual.com\\\/inicio\\\/wp-content\\\/uploads\\\/2023\\\/05\\\/logotextual1.jpg\",\"width\":516,\"height\":76,\"caption\":\"Diario Textual\"},\"image\":{\"@id\":\"https:\\\/\\\/diariotextual.com\\\/inicio\\\/#\\\/schema\\\/logo\\\/image\\\/\"},\"sameAs\":[\"https:\\\/\\\/www.facebook.com\\\/eltextual\",\"https:\\\/\\\/x.com\\\/eltextual\",\"http:\\\/\\\/www.instagram.com\\\/eltextual\"]},{\"@type\":\"Person\",\"@id\":\"https:\\\/\\\/diariotextual.com\\\/inicio\\\/#\\\/schema\\\/person\\\/418fc4093c33e86ed41562db3508f958\",\"name\":\"Diario1 Diario1\",\"image\":{\"@type\":\"ImageObject\",\"inLanguage\":\"es\",\"@id\":\"https:\\\/\\\/secure.gravatar.com\\\/avatar\\\/9167d280179c85bc18be67aa7eda765854300033af4896dd779b608640f2ef7a?s=96&d=mm&r=g\",\"url\":\"https:\\\/\\\/secure.gravatar.com\\\/avatar\\\/9167d280179c85bc18be67aa7eda765854300033af4896dd779b608640f2ef7a?s=96&d=mm&r=g\",\"contentUrl\":\"https:\\\/\\\/secure.gravatar.com\\\/avatar\\\/9167d280179c85bc18be67aa7eda765854300033af4896dd779b608640f2ef7a?s=96&d=mm&r=g\",\"caption\":\"Diario1 Diario1\"},\"url\":\"https:\\\/\\\/diariotextual.com\\\/inicio\\\/index.php\\\/author\\\/diario1\\\/\"}]}<\/script>\n<!-- \/ Yoast SEO plugin. -->","yoast_head_json":{"title":"Alberto Fern\u00e1ndez: \u201cNo me siento responsable de la derrota\u201d - Diario Textual","robots":{"index":"index","follow":"follow","max-snippet":"max-snippet:-1","max-image-preview":"max-image-preview:large","max-video-preview":"max-video-preview:-1"},"canonical":"https:\/\/diariotextual.com\/inicio\/index.php\/2023\/11\/21\/alberto-fernandez-no-me-siento-responsable-de-la-derrota\/","og_locale":"es_ES","og_type":"article","og_title":"Alberto Fern\u00e1ndez: \u201cNo me siento responsable de la derrota\u201d - Diario Textual","og_description":"Alberto Fern\u00e1ndez habl\u00f3 p\u00fablicamente por primera vez luego del balotaje que consagr\u00f3 a Javier Milei como su sucesor. Lo hizo luego de la reuni\u00f3n entre ambos, en la que comenzaron&hellip;","og_url":"https:\/\/diariotextual.com\/inicio\/index.php\/2023\/11\/21\/alberto-fernandez-no-me-siento-responsable-de-la-derrota\/","og_site_name":"Diario Textual","article_publisher":"https:\/\/www.facebook.com\/eltextual","article_published_time":"2023-11-21T20:18:59+00:00","article_modified_time":"2023-11-21T21:07:38+00:00","og_image":[{"width":2560,"height":1708,"url":"https:\/\/diariotextual.com\/inicio\/wp-content\/uploads\/2022\/10\/fernandezalbertoavion2022-10-scaled.jpg","type":"image\/jpeg"}],"author":"Diario1 Diario1","twitter_card":"summary_large_image","twitter_creator":"@eltextual","twitter_site":"@eltextual","twitter_misc":{"Escrito por":"Diario1 Diario1","Tiempo de lectura":"2 minutos"},"schema":{"@context":"https:\/\/schema.org","@graph":[{"@type":"Article","@id":"https:\/\/diariotextual.com\/inicio\/index.php\/2023\/11\/21\/alberto-fernandez-no-me-siento-responsable-de-la-derrota\/#article","isPartOf":{"@id":"https:\/\/diariotextual.com\/inicio\/index.php\/2023\/11\/21\/alberto-fernandez-no-me-siento-responsable-de-la-derrota\/"},"author":{"name":"Diario1 Diario1","@id":"https:\/\/diariotextual.com\/inicio\/#\/schema\/person\/418fc4093c33e86ed41562db3508f958"},"headline":"Alberto Fern\u00e1ndez: \u201cNo me siento responsable de la derrota\u201d","datePublished":"2023-11-21T20:18:59+00:00","dateModified":"2023-11-21T21:07:38+00:00","mainEntityOfPage":{"@id":"https:\/\/diariotextual.com\/inicio\/index.php\/2023\/11\/21\/alberto-fernandez-no-me-siento-responsable-de-la-derrota\/"},"wordCount":264,"publisher":{"@id":"https:\/\/diariotextual.com\/inicio\/#organization"},"image":{"@id":"https:\/\/diariotextual.com\/inicio\/index.php\/2023\/11\/21\/alberto-fernandez-no-me-siento-responsable-de-la-derrota\/#primaryimage"},"thumbnailUrl":"https:\/\/diariotextual.com\/inicio\/wp-content\/uploads\/2022\/10\/fernandezalbertoavion2022-10-scaled.jpg","articleSection":["A - ES NOTICIA (van abajo)","POLITICA"],"inLanguage":"es"},{"@type":"WebPage","@id":"https:\/\/diariotextual.com\/inicio\/index.php\/2023\/11\/21\/alberto-fernandez-no-me-siento-responsable-de-la-derrota\/","url":"https:\/\/diariotextual.com\/inicio\/index.php\/2023\/11\/21\/alberto-fernandez-no-me-siento-responsable-de-la-derrota\/","name":"Alberto Fern\u00e1ndez: \u201cNo me siento responsable de la derrota\u201d - Diario Textual","isPartOf":{"@id":"https:\/\/diariotextual.com\/inicio\/#website"},"primaryImageOfPage":{"@id":"https:\/\/diariotextual.com\/inicio\/index.php\/2023\/11\/21\/alberto-fernandez-no-me-siento-responsable-de-la-derrota\/#primaryimage"},"image":{"@id":"https:\/\/diariotextual.com\/inicio\/index.php\/2023\/11\/21\/alberto-fernandez-no-me-siento-responsable-de-la-derrota\/#primaryimage"},"thumbnailUrl":"https:\/\/diariotextual.com\/inicio\/wp-content\/uploads\/2022\/10\/fernandezalbertoavion2022-10-scaled.jpg","datePublished":"2023-11-21T20:18:59+00:00","dateModified":"2023-11-21T21:07:38+00:00","breadcrumb":{"@id":"https:\/\/diariotextual.com\/inicio\/index.php\/2023\/11\/21\/alberto-fernandez-no-me-siento-responsable-de-la-derrota\/#breadcrumb"},"inLanguage":"es","potentialAction":[{"@type":"ReadAction","target":["https:\/\/diariotextual.com\/inicio\/index.php\/2023\/11\/21\/alberto-fernandez-no-me-siento-responsable-de-la-derrota\/"]}]},{"@type":"ImageObject","inLanguage":"es","@id":"https:\/\/diariotextual.com\/inicio\/index.php\/2023\/11\/21\/alberto-fernandez-no-me-siento-responsable-de-la-derrota\/#primaryimage","url":"https:\/\/diariotextual.com\/inicio\/wp-content\/uploads\/2022\/10\/fernandezalbertoavion2022-10-scaled.jpg","contentUrl":"https:\/\/diariotextual.com\/inicio\/wp-content\/uploads\/2022\/10\/fernandezalbertoavion2022-10-scaled.jpg","width":2560,"height":1708},{"@type":"BreadcrumbList","@id":"https:\/\/diariotextual.com\/inicio\/index.php\/2023\/11\/21\/alberto-fernandez-no-me-siento-responsable-de-la-derrota\/#breadcrumb","itemListElement":[{"@type":"ListItem","position":1,"name":"Portada","item":"https:\/\/diariotextual.com\/inicio\/"},{"@type":"ListItem","position":2,"name":"Alberto Fern\u00e1ndez: \u201cNo me siento responsable de la derrota\u201d"}]},{"@type":"WebSite","@id":"https:\/\/diariotextual.com\/inicio\/#website","url":"https:\/\/diariotextual.com\/inicio\/","name":"Diario Textual","description":"","publisher":{"@id":"https:\/\/diariotextual.com\/inicio\/#organization"},"potentialAction":[{"@type":"SearchAction","target":{"@type":"EntryPoint","urlTemplate":"https:\/\/diariotextual.com\/inicio\/?s={search_term_string}"},"query-input":{"@type":"PropertyValueSpecification","valueRequired":true,"valueName":"search_term_string"}}],"inLanguage":"es"},{"@type":"Organization","@id":"https:\/\/diariotextual.com\/inicio\/#organization","name":"Diario Textual","url":"https:\/\/diariotextual.com\/inicio\/","logo":{"@type":"ImageObject","inLanguage":"es","@id":"https:\/\/diariotextual.com\/inicio\/#\/schema\/logo\/image\/","url":"https:\/\/diariotextual.com\/inicio\/wp-content\/uploads\/2023\/05\/logotextual1.jpg","contentUrl":"https:\/\/diariotextual.com\/inicio\/wp-content\/uploads\/2023\/05\/logotextual1.jpg","width":516,"height":76,"caption":"Diario Textual"},"image":{"@id":"https:\/\/diariotextual.com\/inicio\/#\/schema\/logo\/image\/"},"sameAs":["https:\/\/www.facebook.com\/eltextual","https:\/\/x.com\/eltextual","http:\/\/www.instagram.com\/eltextual"]},{"@type":"Person","@id":"https:\/\/diariotextual.com\/inicio\/#\/schema\/person\/418fc4093c33e86ed41562db3508f958","name":"Diario1 Diario1","image":{"@type":"ImageObject","inLanguage":"es","@id":"https:\/\/secure.gravatar.com\/avatar\/9167d280179c85bc18be67aa7eda765854300033af4896dd779b608640f2ef7a?s=96&d=mm&r=g","url":"https:\/\/secure.gravatar.com\/avatar\/9167d280179c85bc18be67aa7eda765854300033af4896dd779b608640f2ef7a?s=96&d=mm&r=g","contentUrl":"https:\/\/secure.gravatar.com\/avatar\/9167d280179c85bc18be67aa7eda765854300033af4896dd779b608640f2ef7a?s=96&d=mm&r=g","caption":"Diario1 Diario1"},"url":"https:\/\/diariotextual.com\/inicio\/index.php\/author\/diario1\/"}]}},"_links":{"self":[{"href":"https:\/\/diariotextual.com\/inicio\/index.php\/wp-json\/wp\/v2\/posts\/245213","targetHints":{"allow":["GET"]}}],"collection":[{"href":"https:\/\/diariotextual.com\/inicio\/index.php\/wp-json\/wp\/v2\/posts"}],"about":[{"href":"https:\/\/diariotextual.com\/inicio\/index.php\/wp-json\/wp\/v2\/types\/post"}],"author":[{"embeddable":true,"href":"https:\/\/diariotextual.com\/inicio\/index.php\/wp-json\/wp\/v2\/users\/3"}],"replies":[{"embeddable":true,"href":"https:\/\/diariotextual.com\/inicio\/index.php\/wp-json\/wp\/v2\/comments?post=245213"}],"version-history":[{"count":2,"href":"https:\/\/diariotextual.com\/inicio\/index.php\/wp-json\/wp\/v2\/posts\/245213\/revisions"}],"predecessor-version":[{"id":245215,"href":"https:\/\/diariotextual.com\/inicio\/index.php\/wp-json\/wp\/v2\/posts\/245213\/revisions\/245215"}],"wp:featuredmedia":[{"embeddable":true,"href":"https:\/\/diariotextual.com\/inicio\/index.php\/wp-json\/wp\/v2\/media\/205483"}],"wp:attachment":[{"href":"https:\/\/diariotextual.com\/inicio\/index.php\/wp-json\/wp\/v2\/media?parent=245213"}],"wp:term":[{"taxonomy":"category","embeddable":true,"href":"https:\/\/diariotextual.com\/inicio\/index.php\/wp-json\/wp\/v2\/categories?post=245213"},{"taxonomy":"post_tag","embeddable":true,"href":"https:\/\/diariotextual.com\/inicio\/index.php\/wp-json\/wp\/v2\/tags?post=245213"}],"curies":[{"name":"wp","href":"https:\/\/api.w.org\/{rel}","templated":true}]}}